{"id":60837,"date":"2024-08-18T20:51:23","date_gmt":"2024-08-18T23:51:23","guid":{"rendered":"https:\/\/ismaelcolosi.com.br\/index.php\/2024\/08\/18\/em-ribeirao-preto-botafogo-empata-com-o-paysandu-pelo-brasileiro-da-serie-b\/"},"modified":"2024-08-18T20:51:23","modified_gmt":"2024-08-18T23:51:23","slug":"em-ribeirao-preto-botafogo-empata-com-o-paysandu-pelo-brasileiro-da-serie-b","status":"publish","type":"post","link":"https:\/\/ismaelcolosi.com.br\/index.php\/2024\/08\/18\/em-ribeirao-preto-botafogo-empata-com-o-paysandu-pelo-brasileiro-da-serie-b\/","title":{"rendered":"Em Ribeir\u00e3o Preto, Botafogo empata com o Paysandu pelo Brasileiro da S\u00e9rie B"},"content":{"rendered":"<p> <br \/>\n<\/p>\n<div data-td-block-uid=\"tdi_106\">\n<div class=\"tdb-block-inner td-fix-index\">\n<p>O <strong>Botafogo<\/strong> empatou em 1 a 1 com o<strong> Paysandu<\/strong> na noite deste domingo (18), pela 21\u00aa do <strong>Campeonato Brasileiro da S\u00e9rie B<\/strong>. O confronto foi realizado no<strong> est\u00e1dio Santa Cruz\/Arena Nicnet<\/strong>, em <strong>Ribeir\u00e3o Preto<\/strong>.<\/p>\n<h3 class=\"wp-block-heading\"><strong>Os gols<\/strong><\/h3>\n<p>O Paysandu abriu o placar aos 13 minutos de partida com Borasi. J\u00e1 o Pantera empatou aos 46 minutos da primeira etapa, com Alexandre Jesus.<\/p>\n<p>Com o empate,<mark style=\"background-color:#fcb900\" class=\"has-inline-color has-black-color\"> o Botafogo chega aos 23 pontos e ocupa a 16\u00aa coloca\u00e7\u00e3o<\/mark>. O Paysandu \u00e9 o 14\u00ba colocado, com 25 pontos. O l\u00edder \u00e9 o Mirassol, com 38 pontos conquistados. O Am\u00e9rica-MG fecha o G4, com 34 pontos.<\/p>\n<p><strong>Pr\u00f3ximos jogos<br \/><\/strong><br \/>O Botafogo volta a campo na pr\u00f3xima quarta-feira (21), quando enfrenta o Mirassol, fora de casa, a partir das 19h. J\u00e1 o Paysandu visita o Ava\u00ed, na quinta-feira (22), \u00e0s 20h, em Florian\u00f3polis.<\/p>\n<p><!-- CONTENT END 1 -->\n<\/div>\n<\/div>\n<p><br \/>\n<br \/><a href=\"https:\/\/www.acidadeon.com\/ribeiraopreto\/esportes\/ribeirao-preto-botafogo-empata-com-o-paysandu-pelo-brasileiro-da-serie-b\/\">Source link <\/a><\/p>\n","protected":false},"excerpt":{"rendered":"<p>O Botafogo empatou em 1 a 1 com o Paysandu na noite deste domingo (18), pela 21\u00aa do Campeonato Brasileiro da S\u00e9rie B. O confronto&#8230;<\/p>\n","protected":false},"author":1,"featured_media":60838,"comment_status":"open","ping_status":"open","sticky":false,"template":"","format":"standard","meta":{"_uag_custom_page_level_css":"","advanced_seo_description":"","jetpack_seo_html_title":"","jetpack_seo_noindex":false,"jetpack_post_was_ever_published":false,"_jetpack_newsletter_access":"","_jetpack_dont_email_post_to_subs":false,"_jetpack_newsletter_tier_id":0,"_jetpack_memberships_contains_paywalled_content":false,"_jetpack_memberships_contains_paid_content":false,"footnotes":"","jetpack_publicize_message":"","jetpack_publicize_feature_enabled":true,"jetpack_social_post_already_shared":true,"jetpack_social_options":{"image_generator_settings":{"template":"highway","default_image_id":0,"font":"","enabled":false},"version":2}},"categories":[11],"tags":[],"class_list":["post-60837","post","type-post","status-publish","format-standard","has-post-thumbnail","hentry","category-noticias-de-ribeirao-preto-sp-e-regiao-ismael-colosi"],"jetpack_publicize_connections":[],"jetpack_featured_media_url":"https:\/\/i0.wp.com\/ismaelcolosi.com.br\/wp-content\/uploads\/2024\/08\/botafogo-paysandu_2024-08-18_23-18-15_jpg_2024-08-18_23-18-16.webp.webp?fit=799%2C533&ssl=1","uagb_featured_image_src":{"full":["https:\/\/i0.wp.com\/ismaelcolosi.com.br\/wp-content\/uploads\/2024\/08\/botafogo-paysandu_2024-08-18_23-18-15_jpg_2024-08-18_23-18-16.webp.webp?fit=799%2C533&ssl=1",799,533,false],"thumbnail":["https:\/\/i0.wp.com\/ismaelcolosi.com.br\/wp-content\/uploads\/2024\/08\/botafogo-paysandu_2024-08-18_23-18-15_jpg_2024-08-18_23-18-16.webp.webp?resize=150%2C150&ssl=1",150,150,true],"medium":["https:\/\/i0.wp.com\/ismaelcolosi.com.br\/wp-content\/uploads\/2024\/08\/botafogo-paysandu_2024-08-18_23-18-15_jpg_2024-08-18_23-18-16.webp.webp?fit=300%2C200&ssl=1",300,200,true],"medium_large":["https:\/\/i0.wp.com\/ismaelcolosi.com.br\/wp-content\/uploads\/2024\/08\/botafogo-paysandu_2024-08-18_23-18-15_jpg_2024-08-18_23-18-16.webp.webp?fit=768%2C512&ssl=1",768,512,true],"large":["https:\/\/i0.wp.com\/ismaelcolosi.com.br\/wp-content\/uploads\/2024\/08\/botafogo-paysandu_2024-08-18_23-18-15_jpg_2024-08-18_23-18-16.webp.webp?fit=799%2C533&ssl=1",799,533,true],"1536x1536":["https:\/\/i0.wp.com\/ismaelcolosi.com.br\/wp-content\/uploads\/2024\/08\/botafogo-paysandu_2024-08-18_23-18-15_jpg_2024-08-18_23-18-16.webp.webp?fit=799%2C533&ssl=1",799,533,true],"2048x2048":["https:\/\/i0.wp.com\/ismaelcolosi.com.br\/wp-content\/uploads\/2024\/08\/botafogo-paysandu_2024-08-18_23-18-15_jpg_2024-08-18_23-18-16.webp.webp?fit=799%2C533&ssl=1",799,533,true],"really-simple-thumb":["https:\/\/i0.wp.com\/ismaelcolosi.com.br\/wp-content\/uploads\/2024\/08\/botafogo-paysandu_2024-08-18_23-18-15_jpg_2024-08-18_23-18-16.webp.webp?resize=370%2C247&ssl=1",370,247,true]},"uagb_author_info":{"display_name":"ismaelcolosi.com.br","author_link":"https:\/\/ismaelcolosi.com.br\/index.php\/author\/vidareal-online\/"},"uagb_comment_info":0,"uagb_excerpt":"O Botafogo empatou em 1 a 1 com o Paysandu na noite deste domingo (18), pela 21\u00aa do Campeonato Brasileiro da S\u00e9rie B. O confronto...","jetpack-related-posts":[{"id":61469,"url":"https:\/\/ismaelcolosi.com.br\/index.php\/2024\/08\/21\/de-virada-botafogo-vence-mirassol-fora-de-casa-pela-serie-b\/","url_meta":{"origin":60837,"position":0},"title":"De virada: Botafogo vence Mirassol fora de casa pela S\u00e9rie B","author":"ismaelcolosi.com.br","date":"21 de August de 2024","format":false,"excerpt":"O Botafogo venceu o Mirassol, de virada, por 2 a 1, na noite desta quarta-feira (21), pela 22\u00aa rodada do Campeonato Brasileiro da S\u00e9rie B. A partida foi realizada no est\u00e1dio Jos\u00e9 Maria de Campos Maia, em Mirassol. Os gols O Mirassol abriu o placar com Fernandinho, aos 15 minutos\u2026","rel":"","context":"In &quot;Not\u00edcias de Ribeir\u00e3o Preto-SP e Regi\u00e3o&quot;","block_context":{"text":"Not\u00edcias de Ribeir\u00e3o Preto-SP e Regi\u00e3o","link":"https:\/\/ismaelcolosi.com.br\/index.php\/category\/noticias-de-ribeirao-preto-sp-e-regiao-ismael-colosi\/"},"img":{"alt_text":"","src":"https:\/\/i0.wp.com\/ismaelcolosi.com.br\/wp-content\/uploads\/2024\/08\/botafogo-mirassol_2024-08-21_23-49-08_jpeg_2024-08-21_23-49-09.webp.webp?fit=1200%2C800&ssl=1&resize=350%2C200","width":350,"height":200,"srcset":"https:\/\/i0.wp.com\/ismaelcolosi.com.br\/wp-content\/uploads\/2024\/08\/botafogo-mirassol_2024-08-21_23-49-08_jpeg_2024-08-21_23-49-09.webp.webp?fit=1200%2C800&ssl=1&resize=350%2C200 1x, https:\/\/i0.wp.com\/ismaelcolosi.com.br\/wp-content\/uploads\/2024\/08\/botafogo-mirassol_2024-08-21_23-49-08_jpeg_2024-08-21_23-49-09.webp.webp?fit=1200%2C800&ssl=1&resize=525%2C300 1.5x, https:\/\/i0.wp.com\/ismaelcolosi.com.br\/wp-content\/uploads\/2024\/08\/botafogo-mirassol_2024-08-21_23-49-08_jpeg_2024-08-21_23-49-09.webp.webp?fit=1200%2C800&ssl=1&resize=700%2C400 2x, https:\/\/i0.wp.com\/ismaelcolosi.com.br\/wp-content\/uploads\/2024\/08\/botafogo-mirassol_2024-08-21_23-49-08_jpeg_2024-08-21_23-49-09.webp.webp?fit=1200%2C800&ssl=1&resize=1050%2C600 3x"},"classes":[]},{"id":47740,"url":"https:\/\/ismaelcolosi.com.br\/index.php\/2024\/04\/27\/botafogo-empata-fora-de-casa-mesmo-com-um-jogador-a-mais-pela-serie-b-do-brasileiro\/","url_meta":{"origin":60837,"position":1},"title":"Botafogo empata fora de casa mesmo com um jogador a mais pela S\u00e9rie B do Brasileiro","author":"ismaelcolosi.com.br","date":"27 de April de 2024","format":false,"excerpt":"O Botafogo empatou em 1 a 1 com o Paysandu em jogo pela segunda rodada da S\u00e9rie B do Campeonato Brasileiro. A disputa, que ocorreu no est\u00e1dio Mangueir\u00e3o, em Bel\u00e9m (PA), aconteceu na tarde deste s\u00e1bado (27). Mesmo com um primeiro tempo movimentado e com chances de gol para os\u2026","rel":"","context":"In &quot;Not\u00edcias de Ribeir\u00e3o Preto-SP e Regi\u00e3o&quot;","block_context":{"text":"Not\u00edcias de Ribeir\u00e3o Preto-SP e Regi\u00e3o","link":"https:\/\/ismaelcolosi.com.br\/index.php\/category\/noticias-de-ribeirao-preto-sp-e-regiao-ismael-colosi\/"},"img":{"alt_text":"","src":"https:\/\/i0.wp.com\/ismaelcolosi.com.br\/wp-content\/uploads\/2024\/04\/Copia-de-Copia-de-TAMANHO-EXATO-PARA-FOTOS-NO-SISTEMA-NOVO-15-1_2024-04-27_22-16-36_jpg.webp.webp?fit=1200%2C675&ssl=1&resize=350%2C200","width":350,"height":200,"srcset":"https:\/\/i0.wp.com\/ismaelcolosi.com.br\/wp-content\/uploads\/2024\/04\/Copia-de-Copia-de-TAMANHO-EXATO-PARA-FOTOS-NO-SISTEMA-NOVO-15-1_2024-04-27_22-16-36_jpg.webp.webp?fit=1200%2C675&ssl=1&resize=350%2C200 1x, https:\/\/i0.wp.com\/ismaelcolosi.com.br\/wp-content\/uploads\/2024\/04\/Copia-de-Copia-de-TAMANHO-EXATO-PARA-FOTOS-NO-SISTEMA-NOVO-15-1_2024-04-27_22-16-36_jpg.webp.webp?fit=1200%2C675&ssl=1&resize=525%2C300 1.5x, https:\/\/i0.wp.com\/ismaelcolosi.com.br\/wp-content\/uploads\/2024\/04\/Copia-de-Copia-de-TAMANHO-EXATO-PARA-FOTOS-NO-SISTEMA-NOVO-15-1_2024-04-27_22-16-36_jpg.webp.webp?fit=1200%2C675&ssl=1&resize=700%2C400 2x, https:\/\/i0.wp.com\/ismaelcolosi.com.br\/wp-content\/uploads\/2024\/04\/Copia-de-Copia-de-TAMANHO-EXATO-PARA-FOTOS-NO-SISTEMA-NOVO-15-1_2024-04-27_22-16-36_jpg.webp.webp?fit=1200%2C675&ssl=1&resize=1050%2C600 3x"},"classes":[]},{"id":57429,"url":"https:\/\/ismaelcolosi.com.br\/index.php\/2024\/07\/21\/botafogo-empata-com-o-brusque-e-segue-na-zona-de-rebaixamento-na-serie-b\/","url_meta":{"origin":60837,"position":2},"title":"Botafogo empata com o Brusque e segue na zona de rebaixamento na S\u00e9rie B","author":"ismaelcolosi.com.br","date":"21 de July de 2024","format":false,"excerpt":"O Botafogo empatou em 2 a 2 com o Brusque na noite deste domingo (21), pelo Campeonato Brasileiro da S\u00e9rie B. O confronto foi realizado no est\u00e1dio Santa Cruz\/Arena Nicnet, em Ribeir\u00e3o Preto. O Pantera segue na zona de rebaixamento. Os gols O Botafogo abriu o placar aos 8 minutos\u2026","rel":"","context":"In &quot;Not\u00edcias de Ribeir\u00e3o Preto-SP e Regi\u00e3o&quot;","block_context":{"text":"Not\u00edcias de Ribeir\u00e3o Preto-SP e Regi\u00e3o","link":"https:\/\/ismaelcolosi.com.br\/index.php\/category\/noticias-de-ribeirao-preto-sp-e-regiao-ismael-colosi\/"},"img":{"alt_text":"","src":"https:\/\/i0.wp.com\/ismaelcolosi.com.br\/wp-content\/uploads\/2024\/07\/Botafogo-brusque_2024-07-21_23-16-11_jpeg_2024-07-21_23-16-12.webp.webp?fit=1200%2C800&ssl=1&resize=350%2C200","width":350,"height":200,"srcset":"https:\/\/i0.wp.com\/ismaelcolosi.com.br\/wp-content\/uploads\/2024\/07\/Botafogo-brusque_2024-07-21_23-16-11_jpeg_2024-07-21_23-16-12.webp.webp?fit=1200%2C800&ssl=1&resize=350%2C200 1x, https:\/\/i0.wp.com\/ismaelcolosi.com.br\/wp-content\/uploads\/2024\/07\/Botafogo-brusque_2024-07-21_23-16-11_jpeg_2024-07-21_23-16-12.webp.webp?fit=1200%2C800&ssl=1&resize=525%2C300 1.5x, https:\/\/i0.wp.com\/ismaelcolosi.com.br\/wp-content\/uploads\/2024\/07\/Botafogo-brusque_2024-07-21_23-16-11_jpeg_2024-07-21_23-16-12.webp.webp?fit=1200%2C800&ssl=1&resize=700%2C400 2x, https:\/\/i0.wp.com\/ismaelcolosi.com.br\/wp-content\/uploads\/2024\/07\/Botafogo-brusque_2024-07-21_23-16-11_jpeg_2024-07-21_23-16-12.webp.webp?fit=1200%2C800&ssl=1&resize=1050%2C600 3x"},"classes":[]},{"id":49014,"url":"https:\/\/ismaelcolosi.com.br\/index.php\/2024\/05\/08\/tudo-zerado-botafogo-e-mirassol-empatam-em-ribeirao-preto\/","url_meta":{"origin":60837,"position":3},"title":"Tudo zerado: Botafogo e Mirassol empatam em Ribeir\u00e3o Preto","author":"ismaelcolosi.com.br","date":"8 de May de 2024","format":false,"excerpt":"O Botafogo empatou em 0 a 0 com o Mirassol, na noite dessa ter\u00e7a-feira (7), pela terceira rodada do Campeonato Brasileiro S\u00e9rie B.\u00a0 A disputa aconteceu no est\u00e1dio Santa Cruz Arena Nicnet, em Ribeir\u00e3o Preto. O duelo dessa ter\u00e7a marcou o terceiro empate do Tricolor na competi\u00e7\u00e3o. Antes a equipe\u2026","rel":"","context":"In &quot;Not\u00edcias de Ribeir\u00e3o Preto-SP e Regi\u00e3o&quot;","block_context":{"text":"Not\u00edcias de Ribeir\u00e3o Preto-SP e Regi\u00e3o","link":"https:\/\/ismaelcolosi.com.br\/index.php\/category\/noticias-de-ribeirao-preto-sp-e-regiao-ismael-colosi\/"},"img":{"alt_text":"","src":"https:\/\/i0.wp.com\/ismaelcolosi.com.br\/wp-content\/uploads\/2024\/05\/WhatsApp-Image-2024-05-07-at-22.02.06_2024-05-08_02-13-25_jpeg_2024-05-08_02-13-25.webp.webp?fit=1200%2C800&ssl=1&resize=350%2C200","width":350,"height":200,"srcset":"https:\/\/i0.wp.com\/ismaelcolosi.com.br\/wp-content\/uploads\/2024\/05\/WhatsApp-Image-2024-05-07-at-22.02.06_2024-05-08_02-13-25_jpeg_2024-05-08_02-13-25.webp.webp?fit=1200%2C800&ssl=1&resize=350%2C200 1x, https:\/\/i0.wp.com\/ismaelcolosi.com.br\/wp-content\/uploads\/2024\/05\/WhatsApp-Image-2024-05-07-at-22.02.06_2024-05-08_02-13-25_jpeg_2024-05-08_02-13-25.webp.webp?fit=1200%2C800&ssl=1&resize=525%2C300 1.5x, https:\/\/i0.wp.com\/ismaelcolosi.com.br\/wp-content\/uploads\/2024\/05\/WhatsApp-Image-2024-05-07-at-22.02.06_2024-05-08_02-13-25_jpeg_2024-05-08_02-13-25.webp.webp?fit=1200%2C800&ssl=1&resize=700%2C400 2x, https:\/\/i0.wp.com\/ismaelcolosi.com.br\/wp-content\/uploads\/2024\/05\/WhatsApp-Image-2024-05-07-at-22.02.06_2024-05-08_02-13-25_jpeg_2024-05-08_02-13-25.webp.webp?fit=1200%2C800&ssl=1&resize=1050%2C600 3x"},"classes":[]},{"id":54208,"url":"https:\/\/ismaelcolosi.com.br\/index.php\/2024\/06\/22\/com-um-a-menos-botafogo-vence-operario-fora-de-casa-pela-serie-b\/","url_meta":{"origin":60837,"position":4},"title":"Com um a menos, Botafogo vence Oper\u00e1rio fora de casa pela S\u00e9rie B","author":"ismaelcolosi.com.br","date":"22 de June de 2024","format":false,"excerpt":"Com gol no final, o Botafogo derrotou o Oper\u00e1rio-PR por 1 a 0 no est\u00e1dio Germano Kr\u00fcger, em Ponta Grossa-PR, pelo Campeonato Brasileiro da S\u00e9rie B. A equipe de Ribeir\u00e3o Preto chega a quarta vit\u00f3ria consecutiva na disputa. Antes do gol, a melhor oportunidade de gol do Botafogo aconteceu aos\u2026","rel":"","context":"In &quot;Not\u00edcias de Ribeir\u00e3o Preto-SP e Regi\u00e3o&quot;","block_context":{"text":"Not\u00edcias de Ribeir\u00e3o Preto-SP e Regi\u00e3o","link":"https:\/\/ismaelcolosi.com.br\/index.php\/category\/noticias-de-ribeirao-preto-sp-e-regiao-ismael-colosi\/"},"img":{"alt_text":"","src":"https:\/\/i0.wp.com\/ismaelcolosi.com.br\/wp-content\/uploads\/2024\/06\/AnyConv.com__BOTAFOGO-OPERARIO-SERIE-B_2024-06-22_21-42-47.webp.webp?fit=1200%2C800&ssl=1&resize=350%2C200","width":350,"height":200,"srcset":"https:\/\/i0.wp.com\/ismaelcolosi.com.br\/wp-content\/uploads\/2024\/06\/AnyConv.com__BOTAFOGO-OPERARIO-SERIE-B_2024-06-22_21-42-47.webp.webp?fit=1200%2C800&ssl=1&resize=350%2C200 1x, https:\/\/i0.wp.com\/ismaelcolosi.com.br\/wp-content\/uploads\/2024\/06\/AnyConv.com__BOTAFOGO-OPERARIO-SERIE-B_2024-06-22_21-42-47.webp.webp?fit=1200%2C800&ssl=1&resize=525%2C300 1.5x, https:\/\/i0.wp.com\/ismaelcolosi.com.br\/wp-content\/uploads\/2024\/06\/AnyConv.com__BOTAFOGO-OPERARIO-SERIE-B_2024-06-22_21-42-47.webp.webp?fit=1200%2C800&ssl=1&resize=700%2C400 2x, https:\/\/i0.wp.com\/ismaelcolosi.com.br\/wp-content\/uploads\/2024\/06\/AnyConv.com__BOTAFOGO-OPERARIO-SERIE-B_2024-06-22_21-42-47.webp.webp?fit=1200%2C800&ssl=1&resize=1050%2C600 3x"},"classes":[]},{"id":68302,"url":"https:\/\/ismaelcolosi.com.br\/index.php\/2024\/09\/28\/botafogo-marca-apos-lambanca-e-empata-com-o-vila-nova-na-serie-b\/","url_meta":{"origin":60837,"position":5},"title":"Botafogo marca ap\u00f3s lamban\u00e7a e empata com o Vila Nova na S\u00e9rie B","author":"ismaelcolosi.com.br","date":"28 de September de 2024","format":false,"excerpt":"Ainda sem o t\u00e9cnico M\u00e1rcio Zanardi no banco de reservas, o Botafogo empatou em 1 a 1 com o Vila Nova na tarde deste s\u00e1bado (28). A partida v\u00e1lida pela 29\u00aa rodada do Campeonato Brasileiro da S\u00e9rie B foi disputada no est\u00e1dio On\u00e9sio Brasileiro Alvarenga, em Goi\u00e2nia.O Vila Nova abriu\u2026","rel":"","context":"In &quot;Not\u00edcias de Ribeir\u00e3o Preto-SP e Regi\u00e3o&quot;","block_context":{"text":"Not\u00edcias de Ribeir\u00e3o Preto-SP e Regi\u00e3o","link":"https:\/\/ismaelcolosi.com.br\/index.php\/category\/noticias-de-ribeirao-preto-sp-e-regiao-ismael-colosi\/"},"img":{"alt_text":"","src":"https:\/\/i0.wp.com\/ismaelcolosi.com.br\/wp-content\/uploads\/2024\/09\/botafogo-vila-nova_2024-09-28_21-56-13_jpeg_2024-09-28_21-56-13.webp.webp?fit=1200%2C861&ssl=1&resize=350%2C200","width":350,"height":200,"srcset":"https:\/\/i0.wp.com\/ismaelcolosi.com.br\/wp-content\/uploads\/2024\/09\/botafogo-vila-nova_2024-09-28_21-56-13_jpeg_2024-09-28_21-56-13.webp.webp?fit=1200%2C861&ssl=1&resize=350%2C200 1x, https:\/\/i0.wp.com\/ismaelcolosi.com.br\/wp-content\/uploads\/2024\/09\/botafogo-vila-nova_2024-09-28_21-56-13_jpeg_2024-09-28_21-56-13.webp.webp?fit=1200%2C861&ssl=1&resize=525%2C300 1.5x, https:\/\/i0.wp.com\/ismaelcolosi.com.br\/wp-content\/uploads\/2024\/09\/botafogo-vila-nova_2024-09-28_21-56-13_jpeg_2024-09-28_21-56-13.webp.webp?fit=1200%2C861&ssl=1&resize=700%2C400 2x, https:\/\/i0.wp.com\/ismaelcolosi.com.br\/wp-content\/uploads\/2024\/09\/botafogo-vila-nova_2024-09-28_21-56-13_jpeg_2024-09-28_21-56-13.webp.webp?fit=1200%2C861&ssl=1&resize=1050%2C600 3x"},"classes":[]}],"jetpack_sharing_enabled":true,"jetpack_shortlink":"https:\/\/wp.me\/pfMlyK-fPf","_links":{"self":[{"href":"https:\/\/ismaelcolosi.com.br\/index.php\/wp-json\/wp\/v2\/posts\/60837","targetHints":{"allow":["GET"]}}],"collection":[{"href":"https:\/\/ismaelcolosi.com.br\/index.php\/wp-json\/wp\/v2\/posts"}],"about":[{"href":"https:\/\/ismaelcolosi.com.br\/index.php\/wp-json\/wp\/v2\/types\/post"}],"author":[{"embeddable":true,"href":"https:\/\/ismaelcolosi.com.br\/index.php\/wp-json\/wp\/v2\/users\/1"}],"replies":[{"embeddable":true,"href":"https:\/\/ismaelcolosi.com.br\/index.php\/wp-json\/wp\/v2\/comments?post=60837"}],"version-history":[{"count":0,"href":"https:\/\/ismaelcolosi.com.br\/index.php\/wp-json\/wp\/v2\/posts\/60837\/revisions"}],"wp:featuredmedia":[{"embeddable":true,"href":"https:\/\/ismaelcolosi.com.br\/index.php\/wp-json\/wp\/v2\/media\/60838"}],"wp:attachment":[{"href":"https:\/\/ismaelcolosi.com.br\/index.php\/wp-json\/wp\/v2\/media?parent=60837"}],"wp:term":[{"taxonomy":"category","embeddable":true,"href":"https:\/\/ismaelcolosi.com.br\/index.php\/wp-json\/wp\/v2\/categories?post=60837"},{"taxonomy":"post_tag","embeddable":true,"href":"https:\/\/ismaelcolosi.com.br\/index.php\/wp-json\/wp\/v2\/tags?post=60837"}],"curies":[{"name":"wp","href":"https:\/\/api.w.org\/{rel}","templated":true}]}}