{"id":60828,"date":"2024-08-18T18:36:24","date_gmt":"2024-08-18T21:36:24","guid":{"rendered":"https:\/\/ismaelcolosi.com.br\/index.php\/2024\/08\/18\/motociclista-morre-apos-colisao-com-caminhao-em-rodovia-na-regiao-de-ribeirao\/"},"modified":"2024-08-18T18:36:24","modified_gmt":"2024-08-18T21:36:24","slug":"motociclista-morre-apos-colisao-com-caminhao-em-rodovia-na-regiao-de-ribeirao","status":"publish","type":"post","link":"https:\/\/ismaelcolosi.com.br\/index.php\/2024\/08\/18\/motociclista-morre-apos-colisao-com-caminhao-em-rodovia-na-regiao-de-ribeirao\/","title":{"rendered":"Motociclista morre ap\u00f3s colis\u00e3o com caminh\u00e3o em rodovia na regi\u00e3o de Ribeir\u00e3o"},"content":{"rendered":"<p> <br \/>\n<\/p>\n<div data-td-block-uid=\"tdi_106\">\n<div class=\"tdb-block-inner td-fix-index\">\n<p><em>Mat\u00e9ria atualizada \u00e0s 18h15, do dia 18 de agosto de 2024<\/em><\/p>\n<p>Um <strong>motociclista <\/strong>morreu ap\u00f3s se envolver em um acidente na <strong>rodovia At\u00edlio Balbo (SP-265)<\/strong>, em <strong>Sert\u00e3ozinho<\/strong>, cidade na regi\u00e3o de <strong>Ribeir\u00e3o Preto<\/strong>, na tarde deste domingo (18). <\/p>\n<p>De acordo com as primeiras informa\u00e7\u00f5es, o acidente aconteceu pr\u00f3ximo ao km 330 da rodovia. O condutor da motocicleta morreu no local. <strong>Ainda n\u00e3o h\u00e1 informa\u00e7\u00f5es sobre a identidade da v\u00edtima. <\/strong><\/p>\n<p><strong><mark style=\"background-color:#fcb900\" class=\"has-inline-color\">As duas faixas de rodagem est\u00e3o interditadas e o tr\u00e2nsito est\u00e1 fluindo pelo acostamento<\/mark><\/strong>. As <strong>causas do acidente<\/strong>, contudo, ser\u00e3o <strong>apuradas<\/strong>.<\/p>\n<p>Equipes da <strong>Pol\u00edcia Militar Rodovi\u00e1ria (PMR)<\/strong> e da <strong>Entrevias<\/strong>, concession\u00e1ria que administra o trecho, est\u00e3o no local. <\/p>\n<p><strong>*<em>Com informa\u00e7\u00f5es da EPTV<\/em><\/strong><\/p>\n<hr class=\"wp-block-separator has-alpha-channel-opacity\"\/>\n<p>SAIBA MAIS<\/p>\n<p>\u2018Enem dos Concursos\u2019: Candidatos que levaram o caderno de quest\u00f5es ser\u00e3o eliminados?<\/p>\n<h4 class=\"wp-block-heading\"><strong>FIQUE ON<\/strong><\/h4>\n<p>Fique ligado em tudo que acontece em Ribeir\u00e3o Preto e regi\u00e3o. Siga os perfis do\u00a0<strong>acidade on\u00a0<\/strong>no\u00a0<a href=\"https:\/\/www.instagram.com\/acidadeonribeirao\" target=\"_blank\" rel=\"noreferrer noopener\">Instagram<\/a>\u00a0e no\u00a0<a href=\"https:\/\/www.facebook.com\/acidadeonribeirao\" target=\"_blank\" rel=\"noreferrer noopener\">Facebook<\/a>.<\/p>\n<p>Receba not\u00edcias do\u00a0<strong>acidade on<\/strong>\u00a0no WhatsApp. Para entrar no grupo, basta\u00a0<a href=\"https:\/\/chat.whatsapp.com\/Dtv9mxhy6V5BJBotM2OQ5k\" target=\"_blank\" rel=\"noreferrer noopener\">clicar aqui<\/a>.<\/p>\n<p>Fa\u00e7a uma den\u00fancia ou sugira uma reportagem sobre Ribeir\u00e3o Preto e regi\u00e3o pelo WhatsApp: 16 99117 7802.<\/p>\n<p>VEJA TAMB\u00c9M<\/p>\n<p>TikTok: novo recurso identifica filmes e s\u00e9ries em v\u00eddeos<\/p>\n<p><!-- CONTENT END 1 -->\n<\/div>\n<\/div>\n<p><script async src=\"\/\/www.instagram.com\/embed.js\"><\/script><br \/>\n<br \/><br \/>\n<br \/><a href=\"https:\/\/www.acidadeon.com\/ribeiraopreto\/cotidiano\/motociclista-morre-apos-colisao-com-caminhao-em-rodovia-na-regiao-de-ribeirao\/\">Source link <\/a><\/p>\n","protected":false},"excerpt":{"rendered":"<p>Mat\u00e9ria atualizada \u00e0s 18h15, do dia 18 de agosto de 2024 Um motociclista morreu ap\u00f3s se envolver em um acidente na rodovia At\u00edlio Balbo (SP-265),&#8230;<\/p>\n","protected":false},"author":1,"featured_media":60829,"comment_status":"open","ping_status":"open","sticky":false,"template":"","format":"standard","meta":{"_uag_custom_page_level_css":"","advanced_seo_description":"","jetpack_seo_html_title":"","jetpack_seo_noindex":false,"jetpack_post_was_ever_published":false,"_jetpack_newsletter_access":"","_jetpack_dont_email_post_to_subs":false,"_jetpack_newsletter_tier_id":0,"_jetpack_memberships_contains_paywalled_content":false,"_jetpack_memberships_contains_paid_content":false,"footnotes":"","jetpack_publicize_message":"","jetpack_publicize_feature_enabled":true,"jetpack_social_post_already_shared":true,"jetpack_social_options":{"image_generator_settings":{"template":"highway","default_image_id":0,"font":"","enabled":false},"version":2}},"categories":[11],"tags":[],"class_list":["post-60828","post","type-post","status-publish","format-standard","has-post-thumbnail","hentry","category-noticias-de-ribeirao-preto-sp-e-regiao-ismael-colosi"],"jetpack_publicize_connections":[],"jetpack_featured_media_url":"https:\/\/i0.wp.com\/ismaelcolosi.com.br\/wp-content\/uploads\/2024\/08\/WhatsApp-Image-2024-08-18-at-18.09.14_2024-08-18_21-12-08_jpeg_2024-08-18_21-12-10-scaled.webp.webp?fit=2560%2C1440&ssl=1","uagb_featured_image_src":{"full":["https:\/\/i0.wp.com\/ismaelcolosi.com.br\/wp-content\/uploads\/2024\/08\/WhatsApp-Image-2024-08-18-at-18.09.14_2024-08-18_21-12-08_jpeg_2024-08-18_21-12-10-scaled.webp.webp?fit=2560%2C1440&ssl=1",2560,1440,false],"thumbnail":["https:\/\/i0.wp.com\/ismaelcolosi.com.br\/wp-content\/uploads\/2024\/08\/WhatsApp-Image-2024-08-18-at-18.09.14_2024-08-18_21-12-08_jpeg_2024-08-18_21-12-10-scaled.webp.webp?resize=150%2C150&ssl=1",150,150,true],"medium":["https:\/\/i0.wp.com\/ismaelcolosi.com.br\/wp-content\/uploads\/2024\/08\/WhatsApp-Image-2024-08-18-at-18.09.14_2024-08-18_21-12-08_jpeg_2024-08-18_21-12-10-scaled.webp.webp?fit=300%2C169&ssl=1",300,169,true],"medium_large":["https:\/\/i0.wp.com\/ismaelcolosi.com.br\/wp-content\/uploads\/2024\/08\/WhatsApp-Image-2024-08-18-at-18.09.14_2024-08-18_21-12-08_jpeg_2024-08-18_21-12-10-scaled.webp.webp?fit=768%2C432&ssl=1",768,432,true],"large":["https:\/\/i0.wp.com\/ismaelcolosi.com.br\/wp-content\/uploads\/2024\/08\/WhatsApp-Image-2024-08-18-at-18.09.14_2024-08-18_21-12-08_jpeg_2024-08-18_21-12-10-scaled.webp.webp?fit=1024%2C576&ssl=1",1024,576,true],"1536x1536":["https:\/\/i0.wp.com\/ismaelcolosi.com.br\/wp-content\/uploads\/2024\/08\/WhatsApp-Image-2024-08-18-at-18.09.14_2024-08-18_21-12-08_jpeg_2024-08-18_21-12-10-scaled.webp.webp?fit=1536%2C864&ssl=1",1536,864,true],"2048x2048":["https:\/\/i0.wp.com\/ismaelcolosi.com.br\/wp-content\/uploads\/2024\/08\/WhatsApp-Image-2024-08-18-at-18.09.14_2024-08-18_21-12-08_jpeg_2024-08-18_21-12-10-scaled.webp.webp?fit=2048%2C1152&ssl=1",2048,1152,true],"really-simple-thumb":["https:\/\/i0.wp.com\/ismaelcolosi.com.br\/wp-content\/uploads\/2024\/08\/WhatsApp-Image-2024-08-18-at-18.09.14_2024-08-18_21-12-08_jpeg_2024-08-18_21-12-10-scaled.webp.webp?resize=370%2C247&ssl=1",370,247,true]},"uagb_author_info":{"display_name":"ismaelcolosi.com.br","author_link":"https:\/\/ismaelcolosi.com.br\/index.php\/author\/vidareal-online\/"},"uagb_comment_info":0,"uagb_excerpt":"Mat\u00e9ria atualizada \u00e0s 18h15, do dia 18 de agosto de 2024 Um motociclista morreu ap\u00f3s se envolver em um acidente na rodovia At\u00edlio Balbo (SP-265),...","jetpack-related-posts":[{"id":14083,"url":"https:\/\/ismaelcolosi.com.br\/index.php\/2023\/12\/11\/motociclista-morre-apos-acidente-em-rodovia-na-regiao-de-ribeirao\/","url_meta":{"origin":60828,"position":0},"title":"Motociclista morre ap\u00f3s acidente em rodovia na regi\u00e3o de Ribeir\u00e3o","author":"ismaelcolosi.com.br","date":"11 de December de 2023","format":false,"excerpt":"Um homem morreu em um acidente envolvendo uma van e uma motocicleta, na rodovia Deputado Cunha Bueno (SP-253), em Luiz Ant\u00f4nio, cidade na regi\u00e3o de Ribeir\u00e3o Preto, no \u00faltimo s\u00e1bado (9). De acordo com as informa\u00e7\u00f5es do boletim de ocorr\u00eancia (BO), o condutor da motocicleta, de 34 anos, n\u00e3o resistiu\u2026","rel":"","context":"In &quot;Not\u00edcias de Ribeir\u00e3o Preto-SP e Regi\u00e3o&quot;","block_context":{"text":"Not\u00edcias de Ribeir\u00e3o Preto-SP e Regi\u00e3o","link":"https:\/\/ismaelcolosi.com.br\/index.php\/category\/noticias-de-ribeirao-preto-sp-e-regiao-ismael-colosi\/"},"img":{"alt_text":"","src":"https:\/\/i0.wp.com\/ismaelcolosi.com.br\/wp-content\/uploads\/2023\/12\/giroflex_policia_1024x576_23032020103807.jpg?fit=1024%2C576&ssl=1&resize=350%2C200","width":350,"height":200,"srcset":"https:\/\/i0.wp.com\/ismaelcolosi.com.br\/wp-content\/uploads\/2023\/12\/giroflex_policia_1024x576_23032020103807.jpg?fit=1024%2C576&ssl=1&resize=350%2C200 1x, https:\/\/i0.wp.com\/ismaelcolosi.com.br\/wp-content\/uploads\/2023\/12\/giroflex_policia_1024x576_23032020103807.jpg?fit=1024%2C576&ssl=1&resize=525%2C300 1.5x, https:\/\/i0.wp.com\/ismaelcolosi.com.br\/wp-content\/uploads\/2023\/12\/giroflex_policia_1024x576_23032020103807.jpg?fit=1024%2C576&ssl=1&resize=700%2C400 2x"},"classes":[]},{"id":56909,"url":"https:\/\/ismaelcolosi.com.br\/index.php\/2024\/07\/16\/motociclista-morre-apos-acidente-em-rodovia-da-regiao-de-ribeirao-preto\/","url_meta":{"origin":60828,"position":1},"title":"Motociclista morre ap\u00f3s acidente em rodovia da regi\u00e3o de Ribeir\u00e3o Preto","author":"ismaelcolosi.com.br","date":"16 de July de 2024","format":false,"excerpt":"Um motociclista morreu horas depois de se envolver em um acidente no quil\u00f4metro 50 da rodovia Altino Arantes, em Batatais, na regi\u00e3o de Ribeir\u00e3o Preto. A batida entre moto e carro ocorreu na tarde de segunda-feira (15). Segundo o Corpo de Bombeiros de Batatais, Cleber de Oliveira Viana, de 33\u2026","rel":"","context":"In &quot;Not\u00edcias de Ribeir\u00e3o Preto-SP e Regi\u00e3o&quot;","block_context":{"text":"Not\u00edcias de Ribeir\u00e3o Preto-SP e Regi\u00e3o","link":"https:\/\/ismaelcolosi.com.br\/index.php\/category\/noticias-de-ribeirao-preto-sp-e-regiao-ismael-colosi\/"},"img":{"alt_text":"","src":"https:\/\/i0.wp.com\/ismaelcolosi.com.br\/wp-content\/uploads\/2024\/07\/Copia-de-Copia-de-TAMANHO-EXATO-PARA-FOTOS-NO-SISTEMA-NOVO-27_2024-07-16_15-05-30_jpg_2024-07-16_15-05-30.webp.webp?fit=1200%2C675&ssl=1&resize=350%2C200","width":350,"height":200,"srcset":"https:\/\/i0.wp.com\/ismaelcolosi.com.br\/wp-content\/uploads\/2024\/07\/Copia-de-Copia-de-TAMANHO-EXATO-PARA-FOTOS-NO-SISTEMA-NOVO-27_2024-07-16_15-05-30_jpg_2024-07-16_15-05-30.webp.webp?fit=1200%2C675&ssl=1&resize=350%2C200 1x, https:\/\/i0.wp.com\/ismaelcolosi.com.br\/wp-content\/uploads\/2024\/07\/Copia-de-Copia-de-TAMANHO-EXATO-PARA-FOTOS-NO-SISTEMA-NOVO-27_2024-07-16_15-05-30_jpg_2024-07-16_15-05-30.webp.webp?fit=1200%2C675&ssl=1&resize=525%2C300 1.5x, https:\/\/i0.wp.com\/ismaelcolosi.com.br\/wp-content\/uploads\/2024\/07\/Copia-de-Copia-de-TAMANHO-EXATO-PARA-FOTOS-NO-SISTEMA-NOVO-27_2024-07-16_15-05-30_jpg_2024-07-16_15-05-30.webp.webp?fit=1200%2C675&ssl=1&resize=700%2C400 2x, https:\/\/i0.wp.com\/ismaelcolosi.com.br\/wp-content\/uploads\/2024\/07\/Copia-de-Copia-de-TAMANHO-EXATO-PARA-FOTOS-NO-SISTEMA-NOVO-27_2024-07-16_15-05-30_jpg_2024-07-16_15-05-30.webp.webp?fit=1200%2C675&ssl=1&resize=1050%2C600 3x"},"classes":[]},{"id":60824,"url":"https:\/\/ismaelcolosi.com.br\/index.php\/2024\/08\/18\/motociclista-fica-gravemente-apos-acidente-em-rodovia-na-regiao-de-ribeirao\/","url_meta":{"origin":60828,"position":2},"title":"Motociclista fica gravemente ap\u00f3s acidente em rodovia na regi\u00e3o de Ribeir\u00e3o","author":"ismaelcolosi.com.br","date":"18 de August de 2024","format":false,"excerpt":"Um motociclista ficou gravemente ferido ap\u00f3s se envolver em um acidente na rodovia At\u00edlio Balbo (SP-265), em Sert\u00e3ozinho, cidade na regi\u00e3o de Ribeir\u00e3o Preto, na tarde deste domingo (18). De acordo com as primeiras informa\u00e7\u00f5es, o acidente aconteceu pr\u00f3ximo ao km 330 da rodovia. Ainda n\u00e3o se sabe quais foram\u2026","rel":"","context":"In &quot;Not\u00edcias de Ribeir\u00e3o Preto-SP e Regi\u00e3o&quot;","block_context":{"text":"Not\u00edcias de Ribeir\u00e3o Preto-SP e Regi\u00e3o","link":"https:\/\/ismaelcolosi.com.br\/index.php\/category\/noticias-de-ribeirao-preto-sp-e-regiao-ismael-colosi\/"},"img":{"alt_text":"","src":"https:\/\/i0.wp.com\/ismaelcolosi.com.br\/wp-content\/uploads\/2024\/08\/Copia-de-Copia-de-Copia-de-TAMANHO-EXATO-PARA-FOTOS-NO-SISTEMA-NOVO-12_2024-08-18_20-55-18_png_2024-08-18_20-55-18.webp.webp?fit=1200%2C675&ssl=1&resize=350%2C200","width":350,"height":200,"srcset":"https:\/\/i0.wp.com\/ismaelcolosi.com.br\/wp-content\/uploads\/2024\/08\/Copia-de-Copia-de-Copia-de-TAMANHO-EXATO-PARA-FOTOS-NO-SISTEMA-NOVO-12_2024-08-18_20-55-18_png_2024-08-18_20-55-18.webp.webp?fit=1200%2C675&ssl=1&resize=350%2C200 1x, https:\/\/i0.wp.com\/ismaelcolosi.com.br\/wp-content\/uploads\/2024\/08\/Copia-de-Copia-de-Copia-de-TAMANHO-EXATO-PARA-FOTOS-NO-SISTEMA-NOVO-12_2024-08-18_20-55-18_png_2024-08-18_20-55-18.webp.webp?fit=1200%2C675&ssl=1&resize=525%2C300 1.5x, https:\/\/i0.wp.com\/ismaelcolosi.com.br\/wp-content\/uploads\/2024\/08\/Copia-de-Copia-de-Copia-de-TAMANHO-EXATO-PARA-FOTOS-NO-SISTEMA-NOVO-12_2024-08-18_20-55-18_png_2024-08-18_20-55-18.webp.webp?fit=1200%2C675&ssl=1&resize=700%2C400 2x, https:\/\/i0.wp.com\/ismaelcolosi.com.br\/wp-content\/uploads\/2024\/08\/Copia-de-Copia-de-Copia-de-TAMANHO-EXATO-PARA-FOTOS-NO-SISTEMA-NOVO-12_2024-08-18_20-55-18_png_2024-08-18_20-55-18.webp.webp?fit=1200%2C675&ssl=1&resize=1050%2C600 3x"},"classes":[]},{"id":58923,"url":"https:\/\/ismaelcolosi.com.br\/index.php\/2024\/08\/04\/motociclista-morre-e-mulher-fica-ferida-apos-acidente-em-rodovia-na-regiao-de-ribeirao-preto\/","url_meta":{"origin":60828,"position":3},"title":"Motociclista morre e mulher fica ferida ap\u00f3s acidente em rodovia na regi\u00e3o de Ribeir\u00e3o Preto","author":"ismaelcolosi.com.br","date":"4 de August de 2024","format":false,"excerpt":"Um homem morreu e uma mulher ficou ferida ap\u00f3s um acidente na rodovia Carlos Tonani (SP-333), pr\u00f3ximo ao quil\u00f4metro 97, em Sert\u00e3ozinho, cidade na regi\u00e3o de Ribeir\u00e3o Preto, na noite deste s\u00e1bado (3). De acordo com o boletim de ocorr\u00eancia (BO), William Yudy Matayoshi Da Silva, de 28 anos, seguia\u2026","rel":"","context":"In &quot;Not\u00edcias de Ribeir\u00e3o Preto-SP e Regi\u00e3o&quot;","block_context":{"text":"Not\u00edcias de Ribeir\u00e3o Preto-SP e Regi\u00e3o","link":"https:\/\/ismaelcolosi.com.br\/index.php\/category\/noticias-de-ribeirao-preto-sp-e-regiao-ismael-colosi\/"},"img":{"alt_text":"","src":"https:\/\/i0.wp.com\/ismaelcolosi.com.br\/wp-content\/uploads\/2024\/08\/Copia-de-Copia-de-TAMANHO-EXATO-PARA-FOTOS-NO-SISTEMA-NOVO-2024-08-04T113336.227_2024-08-04_14-33-41_png_2024-08-04_14-33-41.webp.webp?fit=1200%2C675&ssl=1&resize=350%2C200","width":350,"height":200,"srcset":"https:\/\/i0.wp.com\/ismaelcolosi.com.br\/wp-content\/uploads\/2024\/08\/Copia-de-Copia-de-TAMANHO-EXATO-PARA-FOTOS-NO-SISTEMA-NOVO-2024-08-04T113336.227_2024-08-04_14-33-41_png_2024-08-04_14-33-41.webp.webp?fit=1200%2C675&ssl=1&resize=350%2C200 1x, https:\/\/i0.wp.com\/ismaelcolosi.com.br\/wp-content\/uploads\/2024\/08\/Copia-de-Copia-de-TAMANHO-EXATO-PARA-FOTOS-NO-SISTEMA-NOVO-2024-08-04T113336.227_2024-08-04_14-33-41_png_2024-08-04_14-33-41.webp.webp?fit=1200%2C675&ssl=1&resize=525%2C300 1.5x, https:\/\/i0.wp.com\/ismaelcolosi.com.br\/wp-content\/uploads\/2024\/08\/Copia-de-Copia-de-TAMANHO-EXATO-PARA-FOTOS-NO-SISTEMA-NOVO-2024-08-04T113336.227_2024-08-04_14-33-41_png_2024-08-04_14-33-41.webp.webp?fit=1200%2C675&ssl=1&resize=700%2C400 2x, https:\/\/i0.wp.com\/ismaelcolosi.com.br\/wp-content\/uploads\/2024\/08\/Copia-de-Copia-de-TAMANHO-EXATO-PARA-FOTOS-NO-SISTEMA-NOVO-2024-08-04T113336.227_2024-08-04_14-33-41_png_2024-08-04_14-33-41.webp.webp?fit=1200%2C675&ssl=1&resize=1050%2C600 3x"},"classes":[]},{"id":58936,"url":"https:\/\/ismaelcolosi.com.br\/index.php\/2024\/08\/04\/identificada-motociclista-que-morreu-em-acidente-na-zona-sul-de-ribeirao-preto\/","url_meta":{"origin":60828,"position":4},"title":"Identificada motociclista que morreu em acidente na zona Sul de Ribeir\u00e3o Preto","author":"ismaelcolosi.com.br","date":"4 de August de 2024","format":false,"excerpt":"Foi identificada como Isa Kely Cristina Mota a mulher de 31 anos que morreu ap\u00f3s um acidente de tr\u00e2nsito no Anel Vi\u00e1rio Sul (rodovia Ant\u00f4nio Duarte Nogueira, SP-322), em Ribeir\u00e3o Preto, neste s\u00e1bado (3). De acordo com as informa\u00e7\u00f5es da Secretaria de Seguran\u00e7a P\u00fablica (SSP) do Estado de S\u00e3o Paulo,\u2026","rel":"","context":"In &quot;Not\u00edcias de Ribeir\u00e3o Preto-SP e Regi\u00e3o&quot;","block_context":{"text":"Not\u00edcias de Ribeir\u00e3o Preto-SP e Regi\u00e3o","link":"https:\/\/ismaelcolosi.com.br\/index.php\/category\/noticias-de-ribeirao-preto-sp-e-regiao-ismael-colosi\/"},"img":{"alt_text":"","src":"https:\/\/i0.wp.com\/ismaelcolosi.com.br\/wp-content\/uploads\/2024\/08\/Copia-de-Copia-de-TAMANHO-EXATO-PARA-FOTOS-NO-SISTEMA-NOVO-2024-08-04T163219.987_2024-08-04_19-32-27_png_2024-08-04_19-32-27.webp.webp?fit=1200%2C675&ssl=1&resize=350%2C200","width":350,"height":200,"srcset":"https:\/\/i0.wp.com\/ismaelcolosi.com.br\/wp-content\/uploads\/2024\/08\/Copia-de-Copia-de-TAMANHO-EXATO-PARA-FOTOS-NO-SISTEMA-NOVO-2024-08-04T163219.987_2024-08-04_19-32-27_png_2024-08-04_19-32-27.webp.webp?fit=1200%2C675&ssl=1&resize=350%2C200 1x, https:\/\/i0.wp.com\/ismaelcolosi.com.br\/wp-content\/uploads\/2024\/08\/Copia-de-Copia-de-TAMANHO-EXATO-PARA-FOTOS-NO-SISTEMA-NOVO-2024-08-04T163219.987_2024-08-04_19-32-27_png_2024-08-04_19-32-27.webp.webp?fit=1200%2C675&ssl=1&resize=525%2C300 1.5x, https:\/\/i0.wp.com\/ismaelcolosi.com.br\/wp-content\/uploads\/2024\/08\/Copia-de-Copia-de-TAMANHO-EXATO-PARA-FOTOS-NO-SISTEMA-NOVO-2024-08-04T163219.987_2024-08-04_19-32-27_png_2024-08-04_19-32-27.webp.webp?fit=1200%2C675&ssl=1&resize=700%2C400 2x, https:\/\/i0.wp.com\/ismaelcolosi.com.br\/wp-content\/uploads\/2024\/08\/Copia-de-Copia-de-TAMANHO-EXATO-PARA-FOTOS-NO-SISTEMA-NOVO-2024-08-04T163219.987_2024-08-04_19-32-27_png_2024-08-04_19-32-27.webp.webp?fit=1200%2C675&ssl=1&resize=1050%2C600 3x"},"classes":[]},{"id":52810,"url":"https:\/\/ismaelcolosi.com.br\/index.php\/2024\/06\/11\/identificado-motociclista-morto-apos-acidente-com-cavalos-em-rodovia-na-regiao-de-ribeirao\/","url_meta":{"origin":60828,"position":5},"title":"Identificado motociclista morto ap\u00f3s acidente com cavalos em rodovia na regi\u00e3o de Ribeir\u00e3o","author":"ismaelcolosi.com.br","date":"11 de June de 2024","format":false,"excerpt":"A Pol\u00edcia Civil identificou o motociclista que morreu na noite desta segunda-feira (10), depois de colidir com dois cavalos no km 7 da rodovia Maur\u00edlio Biagi (SPA-343\/322), em Pontal, cidade a aproximadamente 40 quil\u00f4metros de Ribeir\u00e3o Preto. Segundo o boletim de ocorr\u00eancia (BO), Edenilson Pires Ribeiro, de 34 anos, morreu\u2026","rel":"","context":"In &quot;Not\u00edcias de Ribeir\u00e3o Preto-SP e Regi\u00e3o&quot;","block_context":{"text":"Not\u00edcias de Ribeir\u00e3o Preto-SP e Regi\u00e3o","link":"https:\/\/ismaelcolosi.com.br\/index.php\/category\/noticias-de-ribeirao-preto-sp-e-regiao-ismael-colosi\/"},"img":{"alt_text":"","src":"https:\/\/i0.wp.com\/ismaelcolosi.com.br\/wp-content\/uploads\/2024\/06\/1718104231_20220809_065618844_policia_rodoviaria_1200x675_21062022083038.jpg?fit=1200%2C675&ssl=1&resize=350%2C200","width":350,"height":200,"srcset":"https:\/\/i0.wp.com\/ismaelcolosi.com.br\/wp-content\/uploads\/2024\/06\/1718104231_20220809_065618844_policia_rodoviaria_1200x675_21062022083038.jpg?fit=1200%2C675&ssl=1&resize=350%2C200 1x, https:\/\/i0.wp.com\/ismaelcolosi.com.br\/wp-content\/uploads\/2024\/06\/1718104231_20220809_065618844_policia_rodoviaria_1200x675_21062022083038.jpg?fit=1200%2C675&ssl=1&resize=525%2C300 1.5x, https:\/\/i0.wp.com\/ismaelcolosi.com.br\/wp-content\/uploads\/2024\/06\/1718104231_20220809_065618844_policia_rodoviaria_1200x675_21062022083038.jpg?fit=1200%2C675&ssl=1&resize=700%2C400 2x, https:\/\/i0.wp.com\/ismaelcolosi.com.br\/wp-content\/uploads\/2024\/06\/1718104231_20220809_065618844_policia_rodoviaria_1200x675_21062022083038.jpg?fit=1200%2C675&ssl=1&resize=1050%2C600 3x"},"classes":[]}],"jetpack_sharing_enabled":true,"jetpack_shortlink":"https:\/\/wp.me\/pfMlyK-fP6","_links":{"self":[{"href":"https:\/\/ismaelcolosi.com.br\/index.php\/wp-json\/wp\/v2\/posts\/60828","targetHints":{"allow":["GET"]}}],"collection":[{"href":"https:\/\/ismaelcolosi.com.br\/index.php\/wp-json\/wp\/v2\/posts"}],"about":[{"href":"https:\/\/ismaelcolosi.com.br\/index.php\/wp-json\/wp\/v2\/types\/post"}],"author":[{"embeddable":true,"href":"https:\/\/ismaelcolosi.com.br\/index.php\/wp-json\/wp\/v2\/users\/1"}],"replies":[{"embeddable":true,"href":"https:\/\/ismaelcolosi.com.br\/index.php\/wp-json\/wp\/v2\/comments?post=60828"}],"version-history":[{"count":0,"href":"https:\/\/ismaelcolosi.com.br\/index.php\/wp-json\/wp\/v2\/posts\/60828\/revisions"}],"wp:featuredmedia":[{"embeddable":true,"href":"https:\/\/ismaelcolosi.com.br\/index.php\/wp-json\/wp\/v2\/media\/60829"}],"wp:attachment":[{"href":"https:\/\/ismaelcolosi.com.br\/index.php\/wp-json\/wp\/v2\/media?parent=60828"}],"wp:term":[{"taxonomy":"category","embeddable":true,"href":"https:\/\/ismaelcolosi.com.br\/index.php\/wp-json\/wp\/v2\/categories?post=60828"},{"taxonomy":"post_tag","embeddable":true,"href":"https:\/\/ismaelcolosi.com.br\/index.php\/wp-json\/wp\/v2\/tags?post=60828"}],"curies":[{"name":"wp","href":"https:\/\/api.w.org\/{rel}","templated":true}]}}