{"id":60818,"date":"2024-08-18T17:18:06","date_gmt":"2024-08-18T20:18:06","guid":{"rendered":"https:\/\/ismaelcolosi.com.br\/index.php\/2024\/08\/18\/qualidade-do-ar-e-ruim-em-cidades-do-interior-de-sp-veja-quais-regioes-estao-em-alerta\/"},"modified":"2024-08-18T17:18:06","modified_gmt":"2024-08-18T20:18:06","slug":"qualidade-do-ar-e-ruim-em-cidades-do-interior-de-sp-veja-quais-regioes-estao-em-alerta","status":"publish","type":"post","link":"https:\/\/ismaelcolosi.com.br\/index.php\/2024\/08\/18\/qualidade-do-ar-e-ruim-em-cidades-do-interior-de-sp-veja-quais-regioes-estao-em-alerta\/","title":{"rendered":"Qualidade do ar \u00e9 ruim em cidades do interior de SP; Veja quais regi\u00f5es est\u00e3o em alerta"},"content":{"rendered":"<p> <br \/>\n<\/p>\n<div data-td-block-uid=\"tdi_106\">\n<div class=\"tdb-block-inner td-fix-index\">\n<p>Uma grande <strong>massa de ar seco <\/strong>e <strong>quente <\/strong>inibe a forma\u00e7\u00e3o de nuvens carregadas e <strong>bloqueia o avan\u00e7o de frentes frias<\/strong> para a regi\u00e3o Sudeste do Brasil, de acordo com os meteorologistas.<\/p>\n<p>Por conta desse cen\u00e1rio, um<strong> <\/strong><strong>alerta de onda de calor foi emitido<\/strong> pelo <strong>Instituto Nacional de Meteorologia (Inmet)<\/strong> at\u00e9 \u00e0s 12h desta segunda-feira (19), contudo, <strong>ele pode ser prorrogado<\/strong>. <\/p>\n<p>\u201cEsse per\u00edodo de calor intenso, tem potencial para estabelecer novos recordes de temperatura para o m\u00eas em diversas regi\u00f5es do pa\u00eds\u201d, afirma a Climatempo.<\/p>\n<h3 class=\"wp-block-heading\"><strong>Qualidade do ar ruim no interior de SP<\/strong><\/h3>\n<p>Segundo o monitoramento da<strong> Companhia Ambiental do Estado de S\u00e3o Paulo (<a href=\"https:\/\/cetesb.sp.gov.br\/\" target=\"_blank\" rel=\"noreferrer noopener\">Cetesb<\/a>)<\/strong>, a <strong>qualidade do ar<\/strong> foi considerada <strong>ruim <\/strong>em diversos munic\u00edpios do <strong>interior paulista<\/strong>. Veja a lista:<\/p>\n<p>Conforme a institui\u00e7\u00e3o, o problema nessas cidades \u00e9 a presen\u00e7a de<strong> part\u00edculas inal\u00e1veis no ar (MP10)<\/strong>,<strong> Part\u00edculas Inal\u00e1veis Finas (MP2,5) <\/strong>e <strong>Oxidantes Fotoqu\u00edmicos, como o Oz\u00f4nio (O3)<\/strong>.<\/p>\n<h4 class=\"wp-block-heading\"><strong>Alerta de perigo potencial para baixa umidade do ar<\/strong><\/h4>\n<p>O <strong><a href=\"https:\/\/portal.inmet.gov.br\/\" target=\"_blank\" rel=\"noreferrer noopener\">Inmet <\/a><\/strong>emitiu neste domingo, um novo <strong>alerta de perigo potencial <\/strong>para <strong>baixa umidade do ar<\/strong> em diversas regi\u00f5es do <strong>interior de S\u00e3o Paulo<\/strong>. <mark style=\"background-color:#fcb900\" class=\"has-inline-color\"><strong>Vale ressaltar que um comunicado j\u00e1 est\u00e1 em vigor e \u00e9 v\u00e1lido at\u00e9 \u00e0s 19h de hoje.<\/strong><\/mark><\/p>\n<p>O novo aviso emitido diz que a<strong> umidade relativa do ar<\/strong> deve variar entre <strong>30%<\/strong> e <strong>20%<\/strong>, at\u00e9 \u00e0s 19h desta segunda-feira (19). As regi\u00f5es em alerta s\u00e3o:<\/p>\n<hr class=\"wp-block-separator has-alpha-channel-opacity\"\/>\n<p>SAIBA MAIS<\/p>\n<p>HC abre novos concursos p\u00fablicos com sal\u00e1rios de R$ 5 mil em Ribeir\u00e3o; Veja como participar<\/p>\n<h4 class=\"wp-block-heading\"><strong>FIQUE ON<\/strong><\/h4>\n<p>Fique ligado em tudo que acontece em Ribeir\u00e3o Preto e regi\u00e3o. Siga os perfis do\u00a0<strong>acidade on<\/strong>\u00a0no<a href=\"https:\/\/www.instagram.com\/acidadeonribeirao\/\" target=\"_blank\" rel=\"noreferrer noopener\">\u00a0Instagram<\/a>\u00a0e no\u00a0<a href=\"https:\/\/www.facebook.com\/acidadeonribeirao\/\" target=\"_blank\" rel=\"noreferrer noopener\">Facebook<\/a>.<\/p>\n<p>Receba not\u00edcias do\u00a0<strong>acidade on<\/strong>\u00a0no WhatsApp.\u00a0<a href=\"https:\/\/chat.whatsapp.com\/Dtv9mxhy6V5BJBotM2OQ5k\" target=\"_blank\" rel=\"noreferrer noopener\">Para entrar no grupo, basta clicar aqui.<\/a><\/p>\n<p>Fa\u00e7a uma den\u00fancia ou sugira uma reportagem sobre Ribeir\u00e3o Preto e regi\u00e3o pelo WhatsApp: 16 99117 7802.<\/p>\n<p>VEJA TAMB\u00c9M<\/p>\n<p>Como foi o enterro de Silvio Santos?<\/p>\n<p><!-- CONTENT END 1 -->\n<\/div>\n<\/div>\n<p><script async src=\"\/\/www.instagram.com\/embed.js\"><\/script><br \/>\n<br \/><br \/>\n<br \/><a href=\"https:\/\/www.acidadeon.com\/ribeiraopreto\/cotidiano\/qualidade-do-ar-e-ruim-em-cidades-do-interior-de-sp-veja-quais-regioes-estao-em-alerta\/\">Source link <\/a><\/p>\n","protected":false},"excerpt":{"rendered":"<p>Uma grande massa de ar seco e quente inibe a forma\u00e7\u00e3o de nuvens carregadas e bloqueia o avan\u00e7o de frentes frias para a regi\u00e3o Sudeste&#8230;<\/p>\n","protected":false},"author":1,"featured_media":55423,"comment_status":"open","ping_status":"open","sticky":false,"template":"","format":"standard","meta":{"_uag_custom_page_level_css":"","advanced_seo_description":"","jetpack_seo_html_title":"","jetpack_seo_noindex":false,"jetpack_post_was_ever_published":false,"_jetpack_newsletter_access":"","_jetpack_dont_email_post_to_subs":false,"_jetpack_newsletter_tier_id":0,"_jetpack_memberships_contains_paywalled_content":false,"_jetpack_memberships_contains_paid_content":false,"footnotes":"","jetpack_publicize_message":"","jetpack_publicize_feature_enabled":true,"jetpack_social_post_already_shared":true,"jetpack_social_options":{"image_generator_settings":{"template":"highway","default_image_id":0,"font":"","enabled":false},"version":2}},"categories":[11],"tags":[],"class_list":["post-60818","post","type-post","status-publish","format-standard","has-post-thumbnail","hentry","category-noticias-de-ribeirao-preto-sp-e-regiao-ismael-colosi"],"jetpack_publicize_connections":[],"jetpack_featured_media_url":"https:\/\/i0.wp.com\/ismaelcolosi.com.br\/wp-content\/uploads\/2024\/07\/WhatsApp-Image-2024-07-03-at-07.08.43_2024-07-03_10-10-21_jpeg_2024-07-03_10-10-21.webp.webp?fit=1600%2C1335&ssl=1","uagb_featured_image_src":{"full":["https:\/\/i0.wp.com\/ismaelcolosi.com.br\/wp-content\/uploads\/2024\/07\/WhatsApp-Image-2024-07-03-at-07.08.43_2024-07-03_10-10-21_jpeg_2024-07-03_10-10-21.webp.webp?fit=1600%2C1335&ssl=1",1600,1335,false],"thumbnail":["https:\/\/i0.wp.com\/ismaelcolosi.com.br\/wp-content\/uploads\/2024\/07\/WhatsApp-Image-2024-07-03-at-07.08.43_2024-07-03_10-10-21_jpeg_2024-07-03_10-10-21.webp.webp?resize=150%2C150&ssl=1",150,150,true],"medium":["https:\/\/i0.wp.com\/ismaelcolosi.com.br\/wp-content\/uploads\/2024\/07\/WhatsApp-Image-2024-07-03-at-07.08.43_2024-07-03_10-10-21_jpeg_2024-07-03_10-10-21.webp.webp?fit=300%2C250&ssl=1",300,250,true],"medium_large":["https:\/\/i0.wp.com\/ismaelcolosi.com.br\/wp-content\/uploads\/2024\/07\/WhatsApp-Image-2024-07-03-at-07.08.43_2024-07-03_10-10-21_jpeg_2024-07-03_10-10-21.webp.webp?fit=768%2C641&ssl=1",768,641,true],"large":["https:\/\/i0.wp.com\/ismaelcolosi.com.br\/wp-content\/uploads\/2024\/07\/WhatsApp-Image-2024-07-03-at-07.08.43_2024-07-03_10-10-21_jpeg_2024-07-03_10-10-21.webp.webp?fit=1024%2C854&ssl=1",1024,854,true],"1536x1536":["https:\/\/i0.wp.com\/ismaelcolosi.com.br\/wp-content\/uploads\/2024\/07\/WhatsApp-Image-2024-07-03-at-07.08.43_2024-07-03_10-10-21_jpeg_2024-07-03_10-10-21.webp.webp?fit=1536%2C1282&ssl=1",1536,1282,true],"2048x2048":["https:\/\/i0.wp.com\/ismaelcolosi.com.br\/wp-content\/uploads\/2024\/07\/WhatsApp-Image-2024-07-03-at-07.08.43_2024-07-03_10-10-21_jpeg_2024-07-03_10-10-21.webp.webp?fit=1600%2C1335&ssl=1",1600,1335,true],"really-simple-thumb":["https:\/\/i0.wp.com\/ismaelcolosi.com.br\/wp-content\/uploads\/2024\/07\/WhatsApp-Image-2024-07-03-at-07.08.43_2024-07-03_10-10-21_jpeg_2024-07-03_10-10-21.webp.webp?resize=370%2C247&ssl=1",370,247,true]},"uagb_author_info":{"display_name":"ismaelcolosi.com.br","author_link":"https:\/\/ismaelcolosi.com.br\/index.php\/author\/vidareal-online\/"},"uagb_comment_info":0,"uagb_excerpt":"Uma grande massa de ar seco e quente inibe a forma\u00e7\u00e3o de nuvens carregadas e bloqueia o avan\u00e7o de frentes frias para a regi\u00e3o Sudeste...","jetpack-related-posts":[{"id":64551,"url":"https:\/\/ismaelcolosi.com.br\/index.php\/2024\/09\/08\/interior-de-sp-tem-novo-alerta-de-perigo-potencial-veja-previsao-para-ribeirao\/","url_meta":{"origin":60818,"position":0},"title":"Interior de SP tem novo alerta de perigo potencial; Veja previs\u00e3o para Ribeir\u00e3o","author":"ismaelcolosi.com.br","date":"8 de September de 2024","format":false,"excerpt":"Um novo alerta de perigo potencial foi emitido para o interior de S\u00e3o Paulo neste domingo (8). O comunicado \u00e9 identificado com a cor amarela e prev\u00ea temperaturas de at\u00e9 5\u00baC acima da m\u00e9dia pelo per\u00edodo de 2 a 3 dias. Em Ribeir\u00e3o Preto, conforme a Climatempo, o dia deve\u2026","rel":"","context":"In &quot;Not\u00edcias de Ribeir\u00e3o Preto-SP e Regi\u00e3o&quot;","block_context":{"text":"Not\u00edcias de Ribeir\u00e3o Preto-SP e Regi\u00e3o","link":"https:\/\/ismaelcolosi.com.br\/index.php\/category\/noticias-de-ribeirao-preto-sp-e-regiao-ismael-colosi\/"},"img":{"alt_text":"","src":"https:\/\/i0.wp.com\/ismaelcolosi.com.br\/wp-content\/uploads\/2024\/09\/InteriordeSPtemmaisumdiaensolaradoesecoFrentefriaavananoSul_Tamanho_2_image_2024-09-08_13-42-03_jpg_2024-09-08_13-42-03.webp.webp?fit=972%2C548&ssl=1&resize=350%2C200","width":350,"height":200,"srcset":"https:\/\/i0.wp.com\/ismaelcolosi.com.br\/wp-content\/uploads\/2024\/09\/InteriordeSPtemmaisumdiaensolaradoesecoFrentefriaavananoSul_Tamanho_2_image_2024-09-08_13-42-03_jpg_2024-09-08_13-42-03.webp.webp?fit=972%2C548&ssl=1&resize=350%2C200 1x, https:\/\/i0.wp.com\/ismaelcolosi.com.br\/wp-content\/uploads\/2024\/09\/InteriordeSPtemmaisumdiaensolaradoesecoFrentefriaavananoSul_Tamanho_2_image_2024-09-08_13-42-03_jpg_2024-09-08_13-42-03.webp.webp?fit=972%2C548&ssl=1&resize=525%2C300 1.5x, https:\/\/i0.wp.com\/ismaelcolosi.com.br\/wp-content\/uploads\/2024\/09\/InteriordeSPtemmaisumdiaensolaradoesecoFrentefriaavananoSul_Tamanho_2_image_2024-09-08_13-42-03_jpg_2024-09-08_13-42-03.webp.webp?fit=972%2C548&ssl=1&resize=700%2C400 2x"},"classes":[]},{"id":48107,"url":"https:\/\/ismaelcolosi.com.br\/index.php\/2024\/04\/30\/mais-cidades-sao-incluidas-no-alerta-para-ondas-de-calor-no-interior-de-sp-veja-regioes-afetadas\/","url_meta":{"origin":60818,"position":1},"title":"Mais cidades s\u00e3o inclu\u00eddas no alerta para ondas de calor no interior de SP; Veja regi\u00f5es afetadas","author":"ismaelcolosi.com.br","date":"30 de April de 2024","format":false,"excerpt":"O calor\u00e3o que atinge o estado de S\u00e3o Paulo e outras regi\u00f5es do Brasil n\u00e3o deve ir embora at\u00e9 pelo menos o dia 10 de maio, de acordo com a Climatempo. Essa onda de calor afeta o estado desde o dia 22 de abril. Nesta ter\u00e7a-feira (30), o Instituto Nacional\u2026","rel":"","context":"In &quot;Not\u00edcias de Ribeir\u00e3o Preto-SP e Regi\u00e3o&quot;","block_context":{"text":"Not\u00edcias de Ribeir\u00e3o Preto-SP e Regi\u00e3o","link":"https:\/\/ismaelcolosi.com.br\/index.php\/category\/noticias-de-ribeirao-preto-sp-e-regiao-ismael-colosi\/"},"img":{"alt_text":"","src":"https:\/\/i0.wp.com\/ismaelcolosi.com.br\/wp-content\/uploads\/2024\/04\/20230824_153104-1.jpg?fit=1200%2C823&ssl=1&resize=350%2C200","width":350,"height":200,"srcset":"https:\/\/i0.wp.com\/ismaelcolosi.com.br\/wp-content\/uploads\/2024\/04\/20230824_153104-1.jpg?fit=1200%2C823&ssl=1&resize=350%2C200 1x, https:\/\/i0.wp.com\/ismaelcolosi.com.br\/wp-content\/uploads\/2024\/04\/20230824_153104-1.jpg?fit=1200%2C823&ssl=1&resize=525%2C300 1.5x, https:\/\/i0.wp.com\/ismaelcolosi.com.br\/wp-content\/uploads\/2024\/04\/20230824_153104-1.jpg?fit=1200%2C823&ssl=1&resize=700%2C400 2x, https:\/\/i0.wp.com\/ismaelcolosi.com.br\/wp-content\/uploads\/2024\/04\/20230824_153104-1.jpg?fit=1200%2C823&ssl=1&resize=1050%2C600 3x"},"classes":[]},{"id":64566,"url":"https:\/\/ismaelcolosi.com.br\/index.php\/2024\/09\/08\/estado-de-sp-tem-seis-focos-de-incendio-neste-domingo-veja-regioes-afetadas\/","url_meta":{"origin":60818,"position":2},"title":"Estado de SP tem\u00a0seis focos\u00a0de inc\u00eandio neste domingo; Veja regi\u00f5es afetadas","author":"ismaelcolosi.com.br","date":"8 de September de 2024","format":false,"excerpt":"A Defesa Civil informou que o Estado de S\u00e3o Paulo registrava ao menos seis focos de inc\u00eandio na manh\u00e3 deste domingo (8). O alerta de emerg\u00eancia para inc\u00eandios foi prorrogado pelo \u00f3rg\u00e3o at\u00e9 ter\u00e7a-feira (10). Devido \u00e0s condi\u00e7\u00f5es clim\u00e1ticas que favorecem o risco de inc\u00eandios florestais, o Instituto Nacional de\u2026","rel":"","context":"In &quot;Not\u00edcias de Ribeir\u00e3o Preto-SP e Regi\u00e3o&quot;","block_context":{"text":"Not\u00edcias de Ribeir\u00e3o Preto-SP e Regi\u00e3o","link":"https:\/\/ismaelcolosi.com.br\/index.php\/category\/noticias-de-ribeirao-preto-sp-e-regiao-ismael-colosi\/"},"img":{"alt_text":"","src":"https:\/\/i0.wp.com\/ismaelcolosi.com.br\/wp-content\/uploads\/2024\/09\/Copia-de-Copia-de-Copia-de-TAMANHO-EXATO-PARA-FOTOS-NO-SISTEMA-NOVO-37_2024-09-08_15-43-28_png_2024-09-08_15-43-28.webp.webp?fit=1200%2C675&ssl=1&resize=350%2C200","width":350,"height":200,"srcset":"https:\/\/i0.wp.com\/ismaelcolosi.com.br\/wp-content\/uploads\/2024\/09\/Copia-de-Copia-de-Copia-de-TAMANHO-EXATO-PARA-FOTOS-NO-SISTEMA-NOVO-37_2024-09-08_15-43-28_png_2024-09-08_15-43-28.webp.webp?fit=1200%2C675&ssl=1&resize=350%2C200 1x, https:\/\/i0.wp.com\/ismaelcolosi.com.br\/wp-content\/uploads\/2024\/09\/Copia-de-Copia-de-Copia-de-TAMANHO-EXATO-PARA-FOTOS-NO-SISTEMA-NOVO-37_2024-09-08_15-43-28_png_2024-09-08_15-43-28.webp.webp?fit=1200%2C675&ssl=1&resize=525%2C300 1.5x, https:\/\/i0.wp.com\/ismaelcolosi.com.br\/wp-content\/uploads\/2024\/09\/Copia-de-Copia-de-Copia-de-TAMANHO-EXATO-PARA-FOTOS-NO-SISTEMA-NOVO-37_2024-09-08_15-43-28_png_2024-09-08_15-43-28.webp.webp?fit=1200%2C675&ssl=1&resize=700%2C400 2x, https:\/\/i0.wp.com\/ismaelcolosi.com.br\/wp-content\/uploads\/2024\/09\/Copia-de-Copia-de-Copia-de-TAMANHO-EXATO-PARA-FOTOS-NO-SISTEMA-NOVO-37_2024-09-08_15-43-28_png_2024-09-08_15-43-28.webp.webp?fit=1200%2C675&ssl=1&resize=1050%2C600 3x"},"classes":[]},{"id":48258,"url":"https:\/\/ismaelcolosi.com.br\/index.php\/2024\/05\/01\/interior-de-sp-esta-em-alerta-vermelho-para-onda-de-calor-veja-os-municipios-afetados\/","url_meta":{"origin":60818,"position":3},"title":"Interior de SP est\u00e1 em alerta vermelho para onda de calor; Veja os munic\u00edpios afetados","author":"ismaelcolosi.com.br","date":"1 de May de 2024","format":false,"excerpt":"O Instituto Nacional de Meteorologia (Inmet) elevou o grau de severidade do alerta de onda de calor para o interior de S\u00e3o Paulo, no come\u00e7o da noite desta quarta-feira (1\u00ba). A partir de agora, diversas cidades se encontram no alerta vermelho, que representa grande perigo. Desde o dia 22 de\u2026","rel":"","context":"In &quot;Not\u00edcias de Ribeir\u00e3o Preto-SP e Regi\u00e3o&quot;","block_context":{"text":"Not\u00edcias de Ribeir\u00e3o Preto-SP e Regi\u00e3o","link":"https:\/\/ismaelcolosi.com.br\/index.php\/category\/noticias-de-ribeirao-preto-sp-e-regiao-ismael-colosi\/"},"img":{"alt_text":"","src":"https:\/\/i0.wp.com\/ismaelcolosi.com.br\/wp-content\/uploads\/2024\/05\/AnyConv.com__trbr5828-scaled.webp.webp?fit=1200%2C800&ssl=1&resize=350%2C200","width":350,"height":200,"srcset":"https:\/\/i0.wp.com\/ismaelcolosi.com.br\/wp-content\/uploads\/2024\/05\/AnyConv.com__trbr5828-scaled.webp.webp?fit=1200%2C800&ssl=1&resize=350%2C200 1x, https:\/\/i0.wp.com\/ismaelcolosi.com.br\/wp-content\/uploads\/2024\/05\/AnyConv.com__trbr5828-scaled.webp.webp?fit=1200%2C800&ssl=1&resize=525%2C300 1.5x, https:\/\/i0.wp.com\/ismaelcolosi.com.br\/wp-content\/uploads\/2024\/05\/AnyConv.com__trbr5828-scaled.webp.webp?fit=1200%2C800&ssl=1&resize=700%2C400 2x, https:\/\/i0.wp.com\/ismaelcolosi.com.br\/wp-content\/uploads\/2024\/05\/AnyConv.com__trbr5828-scaled.webp.webp?fit=1200%2C800&ssl=1&resize=1050%2C600 3x"},"classes":[]},{"id":60596,"url":"https:\/\/ismaelcolosi.com.br\/index.php\/2024\/08\/16\/onda-de-calor-chega-ao-interior-de-sp-neste-final-de-semana-veja-previsao\/","url_meta":{"origin":60818,"position":4},"title":"Onda de calor chega ao interior de SP neste final de semana; Veja previs\u00e3o","author":"ismaelcolosi.com.br","date":"16 de August de 2024","format":false,"excerpt":"Uma nova onda de calor vai come\u00e7ar a influenciar o interior do Estado de S\u00e3o Paulo neste final de semana e a chegada das altas temperaturas vai contrastar fortemente com o frio registrado na primeira quinzena de agosto. Conforme a Climatempo, esse per\u00edodo de calor intenso tem potencial para estabelecer\u2026","rel":"","context":"In &quot;Not\u00edcias de Ribeir\u00e3o Preto-SP e Regi\u00e3o&quot;","block_context":{"text":"Not\u00edcias de Ribeir\u00e3o Preto-SP e Regi\u00e3o","link":"https:\/\/ismaelcolosi.com.br\/index.php\/category\/noticias-de-ribeirao-preto-sp-e-regiao-ismael-colosi\/"},"img":{"alt_text":"","src":"https:\/\/i0.wp.com\/ismaelcolosi.com.br\/wp-content\/uploads\/2024\/08\/ribeirao_preto_1024x576_13032021005744.jpg?fit=1024%2C576&ssl=1&resize=350%2C200","width":350,"height":200,"srcset":"https:\/\/i0.wp.com\/ismaelcolosi.com.br\/wp-content\/uploads\/2024\/08\/ribeirao_preto_1024x576_13032021005744.jpg?fit=1024%2C576&ssl=1&resize=350%2C200 1x, https:\/\/i0.wp.com\/ismaelcolosi.com.br\/wp-content\/uploads\/2024\/08\/ribeirao_preto_1024x576_13032021005744.jpg?fit=1024%2C576&ssl=1&resize=525%2C300 1.5x, https:\/\/i0.wp.com\/ismaelcolosi.com.br\/wp-content\/uploads\/2024\/08\/ribeirao_preto_1024x576_13032021005744.jpg?fit=1024%2C576&ssl=1&resize=700%2C400 2x"},"classes":[]},{"id":68401,"url":"https:\/\/ismaelcolosi.com.br\/index.php\/2024\/09\/29\/interior-de-sp-tem-alerta-para-nova-onda-de-calor-veja-previsao\/","url_meta":{"origin":60818,"position":5},"title":"Interior de SP tem alerta para nova onda de calor; Veja previs\u00e3o","author":"ismaelcolosi.com.br","date":"29 de September de 2024","format":false,"excerpt":"O ar quente e seco volta a ganhar for\u00e7a no interior de S\u00e3o Paulo a partir deste domingo (29), dando in\u00edcio a oitava onda de calor na regi\u00e3o, de acordo com a Climatempo. Conforme a previs\u00e3o do servi\u00e7o de meteorologia, nos pr\u00f3ximos dias podemos esperar qualidade do ar comprometida, potencial\u2026","rel":"","context":"In &quot;Not\u00edcias de Ribeir\u00e3o Preto-SP e Regi\u00e3o&quot;","block_context":{"text":"Not\u00edcias de Ribeir\u00e3o Preto-SP e Regi\u00e3o","link":"https:\/\/ismaelcolosi.com.br\/index.php\/category\/noticias-de-ribeirao-preto-sp-e-regiao-ismael-colosi\/"},"img":{"alt_text":"","src":"https:\/\/i0.wp.com\/ismaelcolosi.com.br\/wp-content\/uploads\/2024\/09\/20230916_171444.jpg?fit=1200%2C716&ssl=1&resize=350%2C200","width":350,"height":200,"srcset":"https:\/\/i0.wp.com\/ismaelcolosi.com.br\/wp-content\/uploads\/2024\/09\/20230916_171444.jpg?fit=1200%2C716&ssl=1&resize=350%2C200 1x, https:\/\/i0.wp.com\/ismaelcolosi.com.br\/wp-content\/uploads\/2024\/09\/20230916_171444.jpg?fit=1200%2C716&ssl=1&resize=525%2C300 1.5x, https:\/\/i0.wp.com\/ismaelcolosi.com.br\/wp-content\/uploads\/2024\/09\/20230916_171444.jpg?fit=1200%2C716&ssl=1&resize=700%2C400 2x, https:\/\/i0.wp.com\/ismaelcolosi.com.br\/wp-content\/uploads\/2024\/09\/20230916_171444.jpg?fit=1200%2C716&ssl=1&resize=1050%2C600 3x"},"classes":[]}],"jetpack_sharing_enabled":true,"jetpack_shortlink":"https:\/\/wp.me\/pfMlyK-fOW","_links":{"self":[{"href":"https:\/\/ismaelcolosi.com.br\/index.php\/wp-json\/wp\/v2\/posts\/60818","targetHints":{"allow":["GET"]}}],"collection":[{"href":"https:\/\/ismaelcolosi.com.br\/index.php\/wp-json\/wp\/v2\/posts"}],"about":[{"href":"https:\/\/ismaelcolosi.com.br\/index.php\/wp-json\/wp\/v2\/types\/post"}],"author":[{"embeddable":true,"href":"https:\/\/ismaelcolosi.com.br\/index.php\/wp-json\/wp\/v2\/users\/1"}],"replies":[{"embeddable":true,"href":"https:\/\/ismaelcolosi.com.br\/index.php\/wp-json\/wp\/v2\/comments?post=60818"}],"version-history":[{"count":0,"href":"https:\/\/ismaelcolosi.com.br\/index.php\/wp-json\/wp\/v2\/posts\/60818\/revisions"}],"wp:featuredmedia":[{"embeddable":true,"href":"https:\/\/ismaelcolosi.com.br\/index.php\/wp-json\/wp\/v2\/media\/55423"}],"wp:attachment":[{"href":"https:\/\/ismaelcolosi.com.br\/index.php\/wp-json\/wp\/v2\/media?parent=60818"}],"wp:term":[{"taxonomy":"category","embeddable":true,"href":"https:\/\/ismaelcolosi.com.br\/index.php\/wp-json\/wp\/v2\/categories?post=60818"},{"taxonomy":"post_tag","embeddable":true,"href":"https:\/\/ismaelcolosi.com.br\/index.php\/wp-json\/wp\/v2\/tags?post=60818"}],"curies":[{"name":"wp","href":"https:\/\/api.w.org\/{rel}","templated":true}]}}