{"id":60815,"date":"2024-08-18T17:01:17","date_gmt":"2024-08-18T20:01:17","guid":{"rendered":"https:\/\/ismaelcolosi.com.br\/index.php\/2024\/08\/18\/enem-dos-concursos-candidatos-que-levaram-o-caderno-de-questoes-serao-eliminados\/"},"modified":"2024-08-18T17:01:17","modified_gmt":"2024-08-18T20:01:17","slug":"enem-dos-concursos-candidatos-que-levaram-o-caderno-de-questoes-serao-eliminados","status":"publish","type":"post","link":"https:\/\/ismaelcolosi.com.br\/index.php\/2024\/08\/18\/enem-dos-concursos-candidatos-que-levaram-o-caderno-de-questoes-serao-eliminados\/","title":{"rendered":"&#8216;Enem dos Concursos&#8217;: Candidatos que levaram o caderno de quest\u00f5es ser\u00e3o eliminados?"},"content":{"rendered":"<p> <br \/>\n<\/p>\n<div>\n<p><strong><em><mark style=\"background-color:rgba(0, 0, 0, 0)\" class=\"has-inline-color has-luminous-vivid-amber-color\">Por Felipe Pontes, da Ag\u00eancia Brasil<\/mark><\/em><\/strong><\/p>\n<p>O <strong>Minist\u00e9rio da Gest\u00e3o e Inova\u00e7\u00e3o em Servi\u00e7os P\u00fablicos (MGI)<\/strong> confirmou na tarde deste domingo (18) que candidatos sa\u00edram do local de aplica\u00e7\u00e3o do <strong>Concurso P\u00fablico Nacional Unificado (CPNU)<\/strong>, pela manh\u00e3, com o caderno de provas, o que \u00e9 <strong>proibido <\/strong>pelas regras do certame.<img data-recalc-dims=\"1\" decoding=\"async\" src=\"https:\/\/i0.wp.com\/agenciabrasil.ebc.com.br\/ebc.png?ssl=1\"\/><img data-recalc-dims=\"1\" decoding=\"async\" src=\"https:\/\/i0.wp.com\/agenciabrasil.ebc.com.br\/ebc.gif?ssl=1\"\/><\/p>\n<p>\u201cO minist\u00e9rio informa que os candidatos enquadrados nesta situa\u00e7\u00e3o ser\u00e3o eliminados, conforme edital\u201d, refor\u00e7ou o MGI, sem detalhar algum caso espec\u00edfico ou informar quantas pessoas estariam nessa situa\u00e7\u00e3o.<\/p>\n<p><mark style=\"background-color:#fcb900\" class=\"has-inline-color\">Os participantes foram proibidos de levar consigo o caderno de provas como uma medida para aumentar a seguran\u00e7a do concurso, de acordo com o <strong>MGI<\/strong>.<\/mark> A previs\u00e3o \u00e9 de que os <strong>fiscais entreguem uma folha em branco<\/strong>, em cada turno, para que os candidatos <strong>anotem suas repostas nos \u00faltimos 30 minutos do hor\u00e1rio dispon\u00edvel<\/strong>, se assim desejarem.<\/p>\n<p>Al\u00e9m disso, a previs\u00e3o oficial era de que nem a folha com as respostas anotadas pela manh\u00e3 sa\u00edsse da sala de aplica\u00e7\u00e3o da prova, permanecendo em envelope lacrado, similar aos utilizados para que os participantes coloquem seus itens pessoais.<\/p>\n<h3 class=\"wp-block-heading\"><strong>Cronograma<\/strong><\/h3>\n<p>Segundo o cronograma do <strong>MGI<\/strong>, <mark style=\"background-color:#fcb900\" class=\"has-inline-color\">os cadernos com as quest\u00f5es das provas dos oito blocos do concurso devem estar <strong>dispon\u00edveis ao p\u00fablico a partir das 20h deste domingo (18)<\/strong>.<\/mark> O <strong>gabarito oficial preliminar <\/strong>das provas objetivas sair\u00e1 na <strong>ter\u00e7a-feira (20)<\/strong>. Ap\u00f3s a divulga\u00e7\u00e3o, os candidatos ter\u00e3o os dias 20 e 21 de agosto para recorrer de alguma quest\u00e3o.<\/p>\n<p>Pelo cronograma, a imagem do cart\u00e3o-resposta estar\u00e1 dispon\u00edvel em 10 de setembro, e as <strong>notas finais das provas objetivas ser\u00e3o divulgados em 8 de outubro<\/strong>, junto com a nota preliminar da prova discursiva. Nesta mesma data ser\u00e1 feita a convoca\u00e7\u00e3o para o envio de t\u00edtulos, que dever\u00e3o ser encaminhados em 9 e 10 de outubro.<\/p>\n<p>Os pedidos de revis\u00e3o da prova discursiva poder\u00e3o ser feitos em 8 e 9 de outubro, sendo que a nota final do concurso dever\u00e1 ser divulgada em 21 de novembro. <strong>A ideia do governo federal \u00e9 convocar os primeiro colocados ainda neste ano.<\/strong><\/p>\n<hr class=\"wp-block-separator has-alpha-channel-opacity\"\/>\n<p>SAIBA MAIS<\/p>\n<p>O que se sabe sobre morte de crian\u00e7a em escola na regi\u00e3o de Ribeir\u00e3o Preto<\/p>\n<h4 class=\"wp-block-heading\"><strong>FIQUE ON<\/strong><\/h4>\n<p>Fique ligado em tudo que acontece em Ribeir\u00e3o Preto e regi\u00e3o. Siga os perfis do\u00a0<strong>acidade on\u00a0<\/strong>no\u00a0<a href=\"https:\/\/www.instagram.com\/acidadeonribeirao\" target=\"_blank\" rel=\"noreferrer noopener\">Instagram<\/a>\u00a0e no\u00a0<a href=\"https:\/\/www.facebook.com\/acidadeonribeirao\" target=\"_blank\" rel=\"noreferrer noopener\">Facebook<\/a>.<\/p>\n<p>Receba not\u00edcias do\u00a0<strong>acidade on<\/strong>\u00a0no WhatsApp. Para entrar no grupo, basta\u00a0<a href=\"https:\/\/chat.whatsapp.com\/Dtv9mxhy6V5BJBotM2OQ5k\" target=\"_blank\" rel=\"noreferrer noopener\">clicar aqui<\/a>.<\/p>\n<p>Fa\u00e7a uma den\u00fancia ou sugira uma reportagem sobre Ribeir\u00e3o Preto e regi\u00e3o pelo WhatsApp: 16 99117 7802.<\/p>\n<p>VEJA TAMB\u00c9M<\/p>\n<p>Quando o gabarito do CNU ser\u00e1 divulgado?<\/p>\n<p><!-- CONTENT END 1 -->\n<\/div>\n<p><script async src=\"\/\/www.instagram.com\/embed.js\"><\/script><br \/>\n<br \/><br \/>\n<br \/><a href=\"https:\/\/www.acidadeon.com\/ribeiraopreto\/economia\/enem-dos-concursos-candidatos-que-levaram-o-caderno-de-questoes-serao-eliminados\/\">Source link <\/a><\/p>\n","protected":false},"excerpt":{"rendered":"<p>Por Felipe Pontes, da Ag\u00eancia Brasil O Minist\u00e9rio da Gest\u00e3o e Inova\u00e7\u00e3o em Servi\u00e7os P\u00fablicos (MGI) confirmou na tarde deste domingo (18) que candidatos sa\u00edram&#8230;<\/p>\n","protected":false},"author":1,"featured_media":60816,"comment_status":"open","ping_status":"open","sticky":false,"template":"","format":"standard","meta":{"_uag_custom_page_level_css":"","advanced_seo_description":"","jetpack_seo_html_title":"","jetpack_seo_noindex":false,"jetpack_post_was_ever_published":false,"_jetpack_newsletter_access":"","_jetpack_dont_email_post_to_subs":false,"_jetpack_newsletter_tier_id":0,"_jetpack_memberships_contains_paywalled_content":false,"_jetpack_memberships_contains_paid_content":false,"footnotes":"","jetpack_publicize_message":"","jetpack_publicize_feature_enabled":true,"jetpack_social_post_already_shared":true,"jetpack_social_options":{"image_generator_settings":{"template":"highway","default_image_id":0,"font":"","enabled":false},"version":2}},"categories":[11],"tags":[],"class_list":["post-60815","post","type-post","status-publish","format-standard","has-post-thumbnail","hentry","category-noticias-de-ribeirao-preto-sp-e-regiao-ismael-colosi"],"jetpack_publicize_connections":[],"jetpack_featured_media_url":"https:\/\/i0.wp.com\/ismaelcolosi.com.br\/wp-content\/uploads\/2024\/08\/rbr4324_2024-08-18_19-56-12.webp.webp?fit=1170%2C700&ssl=1","uagb_featured_image_src":{"full":["https:\/\/i0.wp.com\/ismaelcolosi.com.br\/wp-content\/uploads\/2024\/08\/rbr4324_2024-08-18_19-56-12.webp.webp?fit=1170%2C700&ssl=1",1170,700,false],"thumbnail":["https:\/\/i0.wp.com\/ismaelcolosi.com.br\/wp-content\/uploads\/2024\/08\/rbr4324_2024-08-18_19-56-12.webp.webp?resize=150%2C150&ssl=1",150,150,true],"medium":["https:\/\/i0.wp.com\/ismaelcolosi.com.br\/wp-content\/uploads\/2024\/08\/rbr4324_2024-08-18_19-56-12.webp.webp?fit=300%2C179&ssl=1",300,179,true],"medium_large":["https:\/\/i0.wp.com\/ismaelcolosi.com.br\/wp-content\/uploads\/2024\/08\/rbr4324_2024-08-18_19-56-12.webp.webp?fit=768%2C459&ssl=1",768,459,true],"large":["https:\/\/i0.wp.com\/ismaelcolosi.com.br\/wp-content\/uploads\/2024\/08\/rbr4324_2024-08-18_19-56-12.webp.webp?fit=1024%2C613&ssl=1",1024,613,true],"1536x1536":["https:\/\/i0.wp.com\/ismaelcolosi.com.br\/wp-content\/uploads\/2024\/08\/rbr4324_2024-08-18_19-56-12.webp.webp?fit=1170%2C700&ssl=1",1170,700,true],"2048x2048":["https:\/\/i0.wp.com\/ismaelcolosi.com.br\/wp-content\/uploads\/2024\/08\/rbr4324_2024-08-18_19-56-12.webp.webp?fit=1170%2C700&ssl=1",1170,700,true],"really-simple-thumb":["https:\/\/i0.wp.com\/ismaelcolosi.com.br\/wp-content\/uploads\/2024\/08\/rbr4324_2024-08-18_19-56-12.webp.webp?resize=370%2C247&ssl=1",370,247,true]},"uagb_author_info":{"display_name":"ismaelcolosi.com.br","author_link":"https:\/\/ismaelcolosi.com.br\/index.php\/author\/vidareal-online\/"},"uagb_comment_info":0,"uagb_excerpt":"Por Felipe Pontes, da Ag\u00eancia Brasil O Minist\u00e9rio da Gest\u00e3o e Inova\u00e7\u00e3o em Servi\u00e7os P\u00fablicos (MGI) confirmou na tarde deste domingo (18) que candidatos sa\u00edram...","jetpack-related-posts":[{"id":46864,"url":"https:\/\/ismaelcolosi.com.br\/index.php\/2024\/04\/15\/enem-dos-concursos-saiba-o-que-o-candidato-pode-e-nao-pode-levar\/","url_meta":{"origin":60815,"position":0},"title":"\u2018Enem dos concursos\u2019: saiba o que o candidato pode e n\u00e3o pode levar","author":"ismaelcolosi.com.br","date":"15 de April de 2024","format":false,"excerpt":"Ag\u00eancia Brasili Ag\u00eancia Brasil 15\/04\/2024 - 12:28 A 20 dias da realiza\u00e7\u00e3o do Concurso P\u00fablico Nacional Unificado (CPNU), o Minist\u00e9rio da Gest\u00e3o e da Inova\u00e7\u00e3o em Servi\u00e7os P\u00fablicos divulgou nesta segunda-feira (15) orienta\u00e7\u00f5es sobre o que os candidatos podem e n\u00e3o podem levar no dia da prova, marcada para 5\u2026","rel":"","context":"In &quot;Empregos - Classificados&quot;","block_context":{"text":"Empregos - Classificados","link":"https:\/\/ismaelcolosi.com.br\/index.php\/category\/empregos-classificados-vagas-trabalho\/"},"img":{"alt_text":"","src":"https:\/\/i0.wp.com\/ismaelcolosi.com.br\/wp-content\/uploads\/2024\/04\/1713201295_concurso-publico.jpg?fit=883%2C510&ssl=1&resize=350%2C200","width":350,"height":200,"srcset":"https:\/\/i0.wp.com\/ismaelcolosi.com.br\/wp-content\/uploads\/2024\/04\/1713201295_concurso-publico.jpg?fit=883%2C510&ssl=1&resize=350%2C200 1x, https:\/\/i0.wp.com\/ismaelcolosi.com.br\/wp-content\/uploads\/2024\/04\/1713201295_concurso-publico.jpg?fit=883%2C510&ssl=1&resize=525%2C300 1.5x, https:\/\/i0.wp.com\/ismaelcolosi.com.br\/wp-content\/uploads\/2024\/04\/1713201295_concurso-publico.jpg?fit=883%2C510&ssl=1&resize=700%2C400 2x"},"classes":[]},{"id":77180,"url":"https:\/\/ismaelcolosi.com.br\/index.php\/2024\/11\/21\/enem-dos-concursos-ministerio-reconhece-que-instrucao-no-cartao-resposta-deixou-duvida\/","url_meta":{"origin":60815,"position":1},"title":"\u2018Enem dos Concursos\u2019: Minist\u00e9rio reconhece que instru\u00e7\u00e3o no cart\u00e3o-resposta deixou d\u00favida","author":"ismaelcolosi.com.br","date":"21 de November de 2024","format":false,"excerpt":"Ag\u00eancia Brasili Ag\u00eancia Brasil 21\/11\/2024 - 16:39 O Minist\u00e9rio da Gest\u00e3o e da Inova\u00e7\u00e3o em Servi\u00e7os P\u00fablicos (MGI) admitiu, nesta quinta-feira (21), que a instru\u00e7\u00e3o na folha de rosto do cart\u00e3o-resposta das provas do Concurso P\u00fablico Nacional Unificado (CPNU) pode ter gerado d\u00favidas e induzido v\u00e1rios candidatos a n\u00e3o marcar\u2026","rel":"","context":"In &quot;Empregos - Classificados&quot;","block_context":{"text":"Empregos - Classificados","link":"https:\/\/ismaelcolosi.com.br\/index.php\/category\/empregos-classificados-vagas-trabalho\/"},"img":{"alt_text":"","src":"https:\/\/i0.wp.com\/ismaelcolosi.com.br\/wp-content\/uploads\/2024\/11\/prova00.jpg?fit=1200%2C748&ssl=1&resize=350%2C200","width":350,"height":200,"srcset":"https:\/\/i0.wp.com\/ismaelcolosi.com.br\/wp-content\/uploads\/2024\/11\/prova00.jpg?fit=1200%2C748&ssl=1&resize=350%2C200 1x, https:\/\/i0.wp.com\/ismaelcolosi.com.br\/wp-content\/uploads\/2024\/11\/prova00.jpg?fit=1200%2C748&ssl=1&resize=525%2C300 1.5x, https:\/\/i0.wp.com\/ismaelcolosi.com.br\/wp-content\/uploads\/2024\/11\/prova00.jpg?fit=1200%2C748&ssl=1&resize=700%2C400 2x, https:\/\/i0.wp.com\/ismaelcolosi.com.br\/wp-content\/uploads\/2024\/11\/prova00.jpg?fit=1200%2C748&ssl=1&resize=1050%2C600 3x"},"classes":[]},{"id":60698,"url":"https:\/\/ismaelcolosi.com.br\/index.php\/2024\/08\/17\/enem-dos-concursos-saiba-o-que-pode-ou-nao-levar-para-a-prova\/","url_meta":{"origin":60815,"position":2},"title":"Enem dos Concursos: saiba o que pode ou n\u00e3o levar para a prova","author":"ismaelcolosi.com.br","date":"17 de August de 2024","format":false,"excerpt":"O Concurso P\u00fablico Nacional Unificado, conhecido como Enem dos Concursos, ser\u00e1 realizado neste domingo (18), em dois turnos, em 228 munic\u00edpios de todos os estados brasileiros. Os mais de 2,1 milh\u00f5es de inscritos disputam 6.640 vagas em 21 \u00f3rg\u00e3os da Administra\u00e7\u00e3o P\u00fablica Federal, no maior concurso p\u00fablico j\u00e1 realizado no\u2026","rel":"","context":"In &quot;Not\u00edcias de Ribeir\u00e3o Preto-SP e Regi\u00e3o&quot;","block_context":{"text":"Not\u00edcias de Ribeir\u00e3o Preto-SP e Regi\u00e3o","link":"https:\/\/ismaelcolosi.com.br\/index.php\/category\/noticias-de-ribeirao-preto-sp-e-regiao-ismael-colosi\/"},"img":{"alt_text":"","src":"https:\/\/i0.wp.com\/ismaelcolosi.com.br\/wp-content\/uploads\/2024\/05\/Copia-de-Copia-de-TAMANHO-EXATO-PARA-FOTOS-NO-SISTEMA-NOVO-33_2024-05-23_13-39-05_jpg_2024-05-23_13-39-05.webp.webp?fit=1200%2C675&ssl=1&resize=350%2C200","width":350,"height":200,"srcset":"https:\/\/i0.wp.com\/ismaelcolosi.com.br\/wp-content\/uploads\/2024\/05\/Copia-de-Copia-de-TAMANHO-EXATO-PARA-FOTOS-NO-SISTEMA-NOVO-33_2024-05-23_13-39-05_jpg_2024-05-23_13-39-05.webp.webp?fit=1200%2C675&ssl=1&resize=350%2C200 1x, https:\/\/i0.wp.com\/ismaelcolosi.com.br\/wp-content\/uploads\/2024\/05\/Copia-de-Copia-de-TAMANHO-EXATO-PARA-FOTOS-NO-SISTEMA-NOVO-33_2024-05-23_13-39-05_jpg_2024-05-23_13-39-05.webp.webp?fit=1200%2C675&ssl=1&resize=525%2C300 1.5x, https:\/\/i0.wp.com\/ismaelcolosi.com.br\/wp-content\/uploads\/2024\/05\/Copia-de-Copia-de-TAMANHO-EXATO-PARA-FOTOS-NO-SISTEMA-NOVO-33_2024-05-23_13-39-05_jpg_2024-05-23_13-39-05.webp.webp?fit=1200%2C675&ssl=1&resize=700%2C400 2x, https:\/\/i0.wp.com\/ismaelcolosi.com.br\/wp-content\/uploads\/2024\/05\/Copia-de-Copia-de-TAMANHO-EXATO-PARA-FOTOS-NO-SISTEMA-NOVO-33_2024-05-23_13-39-05_jpg_2024-05-23_13-39-05.webp.webp?fit=1200%2C675&ssl=1&resize=1050%2C600 3x"},"classes":[]},{"id":48396,"url":"https:\/\/ismaelcolosi.com.br\/index.php\/2024\/05\/02\/enem-dos-concursos-veja-documentos-de-identificacao-que-serao-aceitos-para-fazer-prova\/","url_meta":{"origin":60815,"position":3},"title":"\u2018Enem dos Concursos\u2019: veja documentos de identifica\u00e7\u00e3o que ser\u00e3o aceitos para fazer prova","author":"ismaelcolosi.com.br","date":"2 de May de 2024","format":false,"excerpt":"Ag\u00eancia Brasili Ag\u00eancia Brasil 02\/05\/2024 - 15:37 Os candidatos do Concurso P\u00fablico Nacional Unificado (CNPU) poder\u00e3o usar documentos digitais com foto como identifica\u00e7\u00e3o pessoal na sala de aplica\u00e7\u00e3o das provas, no pr\u00f3ximo domingo, 5. Os documentos digitais aceitos s\u00e3o e-T\u00edtulo, CNH Digital e o RG digital, que s\u00e3o, respectivamente, as\u2026","rel":"","context":"In &quot;Empregos - Classificados&quot;","block_context":{"text":"Empregos - Classificados","link":"https:\/\/ismaelcolosi.com.br\/index.php\/category\/empregos-classificados-vagas-trabalho\/"},"img":{"alt_text":"","src":"https:\/\/i0.wp.com\/ismaelcolosi.com.br\/wp-content\/uploads\/2024\/05\/615-1.jpg?fit=1000%2C667&ssl=1&resize=350%2C200","width":350,"height":200,"srcset":"https:\/\/i0.wp.com\/ismaelcolosi.com.br\/wp-content\/uploads\/2024\/05\/615-1.jpg?fit=1000%2C667&ssl=1&resize=350%2C200 1x, https:\/\/i0.wp.com\/ismaelcolosi.com.br\/wp-content\/uploads\/2024\/05\/615-1.jpg?fit=1000%2C667&ssl=1&resize=525%2C300 1.5x, https:\/\/i0.wp.com\/ismaelcolosi.com.br\/wp-content\/uploads\/2024\/05\/615-1.jpg?fit=1000%2C667&ssl=1&resize=700%2C400 2x"},"classes":[]},{"id":60633,"url":"https:\/\/ismaelcolosi.com.br\/index.php\/2024\/08\/17\/enem-dos-concursos-e-neste-domingo-veja-locais-horarios-e-o-que-levar\/","url_meta":{"origin":60815,"position":4},"title":"\u2018Enem dos concursos\u2019 \u00e9 neste domingo: veja locais, hor\u00e1rios\u00a0e\u00a0o\u00a0que\u00a0levar","author":"ismaelcolosi.com.br","date":"17 de August de 2024","format":false,"excerpt":"Da reda\u00e7\u00e3oi Da reda\u00e7\u00e3o 17\/08\/2024 - 6:00 Neste domingo, 18, ser\u00e1 realizada a prova do CPNU (Concurso P\u00fablico Nacional Unificado), conhecida tamb\u00e9m por \u201cEnem dos concursos\u201d.S\u00e3o mais de 2 milh\u00f5es de inscritos, que\u00a0far\u00e3o as avalia\u00e7\u00f5es em 3.665 locais de aplica\u00e7\u00e3o e 75.730 salas, distribu\u00eddas em 228 munic\u00edpios de todos os\u2026","rel":"","context":"In &quot;Empregos - Classificados&quot;","block_context":{"text":"Empregos - Classificados","link":"https:\/\/ismaelcolosi.com.br\/index.php\/category\/empregos-classificados-vagas-trabalho\/"},"img":{"alt_text":"","src":"https:\/\/i0.wp.com\/ismaelcolosi.com.br\/wp-content\/uploads\/2024\/08\/prova-1.jpg?fit=1200%2C751&ssl=1&resize=350%2C200","width":350,"height":200,"srcset":"https:\/\/i0.wp.com\/ismaelcolosi.com.br\/wp-content\/uploads\/2024\/08\/prova-1.jpg?fit=1200%2C751&ssl=1&resize=350%2C200 1x, https:\/\/i0.wp.com\/ismaelcolosi.com.br\/wp-content\/uploads\/2024\/08\/prova-1.jpg?fit=1200%2C751&ssl=1&resize=525%2C300 1.5x, https:\/\/i0.wp.com\/ismaelcolosi.com.br\/wp-content\/uploads\/2024\/08\/prova-1.jpg?fit=1200%2C751&ssl=1&resize=700%2C400 2x, https:\/\/i0.wp.com\/ismaelcolosi.com.br\/wp-content\/uploads\/2024\/08\/prova-1.jpg?fit=1200%2C751&ssl=1&resize=1050%2C600 3x"},"classes":[]},{"id":60292,"url":"https:\/\/ismaelcolosi.com.br\/index.php\/2024\/08\/15\/enem-dos-concursos-como-acessar-cartao-de-confirmacao-e-o-que-levar-para-a-prova\/","url_meta":{"origin":60815,"position":5},"title":"\u2018Enem dos Concursos\u2019: como acessar cart\u00e3o de confirma\u00e7\u00e3o e o que levar para a prova","author":"ismaelcolosi.com.br","date":"15 de August de 2024","format":false,"excerpt":"Da reda\u00e7\u00e3oi Da reda\u00e7\u00e3o 15\/08\/2024 - 10:46 Candidatos j\u00e1 podem acessar seu cart\u00e3o de confirma\u00e7\u00e3o no Concurso P\u00fablico Nacional Unificado (CPNU) para ter informa\u00e7\u00f5es sobre o local da prova. O documento foi disponibilizado desde o dia 7 de agosto na mesma p\u00e1gina em que foi feita a inscri\u00e7\u00e3o, a \u00c1rea\u2026","rel":"","context":"In &quot;Empregos - Classificados&quot;","block_context":{"text":"Empregos - Classificados","link":"https:\/\/ismaelcolosi.com.br\/index.php\/category\/empregos-classificados-vagas-trabalho\/"},"img":{"alt_text":"","src":"https:\/\/i0.wp.com\/ismaelcolosi.com.br\/wp-content\/uploads\/2024\/08\/1723730446_prova00.jpg?fit=1200%2C748&ssl=1&resize=350%2C200","width":350,"height":200,"srcset":"https:\/\/i0.wp.com\/ismaelcolosi.com.br\/wp-content\/uploads\/2024\/08\/1723730446_prova00.jpg?fit=1200%2C748&ssl=1&resize=350%2C200 1x, https:\/\/i0.wp.com\/ismaelcolosi.com.br\/wp-content\/uploads\/2024\/08\/1723730446_prova00.jpg?fit=1200%2C748&ssl=1&resize=525%2C300 1.5x, https:\/\/i0.wp.com\/ismaelcolosi.com.br\/wp-content\/uploads\/2024\/08\/1723730446_prova00.jpg?fit=1200%2C748&ssl=1&resize=700%2C400 2x, https:\/\/i0.wp.com\/ismaelcolosi.com.br\/wp-content\/uploads\/2024\/08\/1723730446_prova00.jpg?fit=1200%2C748&ssl=1&resize=1050%2C600 3x"},"classes":[]}],"jetpack_sharing_enabled":true,"jetpack_shortlink":"https:\/\/wp.me\/pfMlyK-fOT","_links":{"self":[{"href":"https:\/\/ismaelcolosi.com.br\/index.php\/wp-json\/wp\/v2\/posts\/60815","targetHints":{"allow":["GET"]}}],"collection":[{"href":"https:\/\/ismaelcolosi.com.br\/index.php\/wp-json\/wp\/v2\/posts"}],"about":[{"href":"https:\/\/ismaelcolosi.com.br\/index.php\/wp-json\/wp\/v2\/types\/post"}],"author":[{"embeddable":true,"href":"https:\/\/ismaelcolosi.com.br\/index.php\/wp-json\/wp\/v2\/users\/1"}],"replies":[{"embeddable":true,"href":"https:\/\/ismaelcolosi.com.br\/index.php\/wp-json\/wp\/v2\/comments?post=60815"}],"version-history":[{"count":0,"href":"https:\/\/ismaelcolosi.com.br\/index.php\/wp-json\/wp\/v2\/posts\/60815\/revisions"}],"wp:featuredmedia":[{"embeddable":true,"href":"https:\/\/ismaelcolosi.com.br\/index.php\/wp-json\/wp\/v2\/media\/60816"}],"wp:attachment":[{"href":"https:\/\/ismaelcolosi.com.br\/index.php\/wp-json\/wp\/v2\/media?parent=60815"}],"wp:term":[{"taxonomy":"category","embeddable":true,"href":"https:\/\/ismaelcolosi.com.br\/index.php\/wp-json\/wp\/v2\/categories?post=60815"},{"taxonomy":"post_tag","embeddable":true,"href":"https:\/\/ismaelcolosi.com.br\/index.php\/wp-json\/wp\/v2\/tags?post=60815"}],"curies":[{"name":"wp","href":"https:\/\/api.w.org\/{rel}","templated":true}]}}