{"id":60804,"date":"2024-08-18T15:32:38","date_gmt":"2024-08-18T18:32:38","guid":{"rendered":"https:\/\/ismaelcolosi.com.br\/index.php\/2024\/08\/18\/o-que-se-sabe-sobre-morte-de-crianca-em-escola-na-regiao-de-ribeirao-preto\/"},"modified":"2024-08-18T15:32:38","modified_gmt":"2024-08-18T18:32:38","slug":"o-que-se-sabe-sobre-morte-de-crianca-em-escola-na-regiao-de-ribeirao-preto","status":"publish","type":"post","link":"https:\/\/ismaelcolosi.com.br\/index.php\/2024\/08\/18\/o-que-se-sabe-sobre-morte-de-crianca-em-escola-na-regiao-de-ribeirao-preto\/","title":{"rendered":"O que se sabe sobre morte de crian\u00e7a em escola na regi\u00e3o de Ribeir\u00e3o Preto"},"content":{"rendered":"<p> <br \/>\n<\/p>\n<div>\n<p>Um <strong>menino de 5 anos<\/strong> morreu depois de um brinquedo cair sobre ele em uma escola particular de <strong>Barretos<\/strong>, cidade na regi\u00e3o de <strong>Ribeir\u00e3o Preto<\/strong>, na \u00faltima quinta-feira (15).<\/p>\n<p>O caso aconteceu no bairro Am\u00e9rica e, de acordo com o <strong>boletim de ocorr\u00eancia (BO)<\/strong>, o av\u00f4 de Arthur Marcondes Maciel, disse que a crian\u00e7a estava participando do anivers\u00e1rio de um colega na \u00e1rea social da institui\u00e7\u00e3o quando uma <strong>casinha de brinquedo caiu em cima dele.<\/strong><\/p>\n<p>O menino chegou a ser socorrida para <strong>Santa Casa<\/strong> do munic\u00edpio, contudo, a morte foi constatada devido \u00e0 aus\u00eancia de pulso e respira\u00e7\u00e3o.<\/p>\n<h4 class=\"wp-block-heading\"><strong>Per\u00edcia foi realizada no local<\/strong><\/h4>\n<p><mark style=\"background-color:#fcb900\" class=\"has-inline-color\">Ap\u00f3s per\u00edcia realizada no local na sexta-feira (16), o delegado <strong>Marcelo Gambi Alves<\/strong>, informou que o garoto pode ter tentado escalar a estrutura de aproximadamente <strong>dois metros de altura<\/strong> e se desequilibrado.<\/mark><\/p>\n<figure class=\"wp-block-pullquote\">\n<blockquote>\n<p>Aparentemente, a crian\u00e7a tentou escalar esta estrutura, que deve ter mais ou menos uns dois metros de altura, e, nesta tentativa de escalada, esse objeto, essa casinha, caiu sobre ela, provocando esse acidente e a posterior morte da crian\u00e7a<\/p>\n<\/blockquote>\n<\/figure>\n<p>Ainda de acordo com o delegado que acompanha o caso, <strong>nenhuma das crian\u00e7as estavam desacompanhadas durante a celebra\u00e7\u00e3o de anivers\u00e1rio.<\/strong> \u00a0<\/p>\n<p>\u201cTinha, inclusive, uma equipe contratada, pelo que n\u00f3s soubemos, de uma empresa que ajuda nesse tipo de festa, ent\u00e3o tinha monitores acompanhando essas crian\u00e7as. Elas n\u00e3o estavam sozinhas ou desacompanhadas\u201d, explicou Alves.<\/p>\n<h4 class=\"wp-block-heading\"><strong>O que diz a escola?<\/strong><\/h4>\n<p>Em nota encaminhada \u00e0 <em><strong>EPTV<\/strong><\/em>, o Col\u00e9gio Plus informou que lamenta o ocorrido e que os equipamentos utilizados internamente s\u00e3o novos e recebem manuten\u00e7\u00e3o constantemente.<\/p>\n<p>A escola ainda informou que \u201cas atividades de recrea\u00e7\u00e3o s\u00e3o permanentemente acompanhadas por profissionais da escola\u201d e que dar\u00e1 toda a assist\u00eancia necess\u00e1ria \u00e0 fam\u00edlia da crian\u00e7a.<\/p>\n<p><strong><em>*Com informa\u00e7\u00f5es da EPTV<\/em><\/strong><\/p>\n<hr class=\"wp-block-separator has-alpha-channel-opacity\"\/>\n<p>SAIBA MAIS<\/p>\n<p>Veja a nota de cada escola de Ribeir\u00e3o Preto<\/p>\n<h4 class=\"wp-block-heading\"><strong>FIQUE ON<\/strong><\/h4>\n<p>Fique ligado em tudo que acontece em Ribeir\u00e3o Preto e regi\u00e3o. Siga os perfis do\u00a0<strong>acidade on\u00a0<\/strong>no\u00a0<a href=\"https:\/\/www.instagram.com\/acidadeonribeirao\" target=\"_blank\" rel=\"noreferrer noopener\">Instagram<\/a>\u00a0e no\u00a0<a href=\"https:\/\/www.facebook.com\/acidadeonribeirao\" target=\"_blank\" rel=\"noreferrer noopener\">Facebook<\/a>.<\/p>\n<p>Receba not\u00edcias do\u00a0<strong>acidade on<\/strong>\u00a0no WhatsApp. Para entrar no grupo, basta\u00a0<a href=\"https:\/\/chat.whatsapp.com\/Dtv9mxhy6V5BJBotM2OQ5k\" target=\"_blank\" rel=\"noreferrer noopener\">clicar aqui<\/a>.<\/p>\n<p>Fa\u00e7a uma den\u00fancia ou sugira uma reportagem sobre Ribeir\u00e3o Preto e regi\u00e3o pelo WhatsApp: 16 99117 7802.<\/p>\n<p>VEJA TAMB\u00c9M<\/p>\n<p>Quando o gabarito do CNU ser\u00e1 divulgado?<\/p>\n<p><!-- CONTENT END 1 -->\n<\/div>\n<p><script async src=\"\/\/www.instagram.com\/embed.js\"><\/script><br \/>\n<br \/><br \/>\n<br \/><a href=\"https:\/\/www.acidadeon.com\/ribeiraopreto\/cotidiano\/o-que-se-sabe-sobre-morte-de-crianca-em-escola-na-regiao-de-ribeirao-preto\/\">Source link <\/a><\/p>\n","protected":false},"excerpt":{"rendered":"<p>Um menino de 5 anos morreu depois de um brinquedo cair sobre ele em uma escola particular de Barretos, cidade na regi\u00e3o de Ribeir\u00e3o Preto,&#8230;<\/p>\n","protected":false},"author":1,"featured_media":60805,"comment_status":"open","ping_status":"open","sticky":false,"template":"","format":"standard","meta":{"_uag_custom_page_level_css":"","advanced_seo_description":"","jetpack_seo_html_title":"","jetpack_seo_noindex":false,"jetpack_post_was_ever_published":false,"_jetpack_newsletter_access":"","_jetpack_dont_email_post_to_subs":false,"_jetpack_newsletter_tier_id":0,"_jetpack_memberships_contains_paywalled_content":false,"_jetpack_memberships_contains_paid_content":false,"footnotes":"","jetpack_publicize_message":"","jetpack_publicize_feature_enabled":true,"jetpack_social_post_already_shared":true,"jetpack_social_options":{"image_generator_settings":{"template":"highway","default_image_id":0,"font":"","enabled":false},"version":2}},"categories":[11],"tags":[],"class_list":["post-60804","post","type-post","status-publish","format-standard","has-post-thumbnail","hentry","category-noticias-de-ribeirao-preto-sp-e-regiao-ismael-colosi"],"jetpack_publicize_connections":[],"jetpack_featured_media_url":"https:\/\/i0.wp.com\/ismaelcolosi.com.br\/wp-content\/uploads\/2024\/08\/design-sem-nome-4-_2024-08-18_18-15-04_jpg_2024-08-18_18-15-04.webp.webp?fit=984%2C616&ssl=1","uagb_featured_image_src":{"full":["https:\/\/i0.wp.com\/ismaelcolosi.com.br\/wp-content\/uploads\/2024\/08\/design-sem-nome-4-_2024-08-18_18-15-04_jpg_2024-08-18_18-15-04.webp.webp?fit=984%2C616&ssl=1",984,616,false],"thumbnail":["https:\/\/i0.wp.com\/ismaelcolosi.com.br\/wp-content\/uploads\/2024\/08\/design-sem-nome-4-_2024-08-18_18-15-04_jpg_2024-08-18_18-15-04.webp.webp?resize=150%2C150&ssl=1",150,150,true],"medium":["https:\/\/i0.wp.com\/ismaelcolosi.com.br\/wp-content\/uploads\/2024\/08\/design-sem-nome-4-_2024-08-18_18-15-04_jpg_2024-08-18_18-15-04.webp.webp?fit=300%2C188&ssl=1",300,188,true],"medium_large":["https:\/\/i0.wp.com\/ismaelcolosi.com.br\/wp-content\/uploads\/2024\/08\/design-sem-nome-4-_2024-08-18_18-15-04_jpg_2024-08-18_18-15-04.webp.webp?fit=768%2C481&ssl=1",768,481,true],"large":["https:\/\/i0.wp.com\/ismaelcolosi.com.br\/wp-content\/uploads\/2024\/08\/design-sem-nome-4-_2024-08-18_18-15-04_jpg_2024-08-18_18-15-04.webp.webp?fit=984%2C616&ssl=1",984,616,true],"1536x1536":["https:\/\/i0.wp.com\/ismaelcolosi.com.br\/wp-content\/uploads\/2024\/08\/design-sem-nome-4-_2024-08-18_18-15-04_jpg_2024-08-18_18-15-04.webp.webp?fit=984%2C616&ssl=1",984,616,true],"2048x2048":["https:\/\/i0.wp.com\/ismaelcolosi.com.br\/wp-content\/uploads\/2024\/08\/design-sem-nome-4-_2024-08-18_18-15-04_jpg_2024-08-18_18-15-04.webp.webp?fit=984%2C616&ssl=1",984,616,true],"really-simple-thumb":["https:\/\/i0.wp.com\/ismaelcolosi.com.br\/wp-content\/uploads\/2024\/08\/design-sem-nome-4-_2024-08-18_18-15-04_jpg_2024-08-18_18-15-04.webp.webp?resize=370%2C247&ssl=1",370,247,true]},"uagb_author_info":{"display_name":"ismaelcolosi.com.br","author_link":"https:\/\/ismaelcolosi.com.br\/index.php\/author\/vidareal-online\/"},"uagb_comment_info":0,"uagb_excerpt":"Um menino de 5 anos morreu depois de um brinquedo cair sobre ele em uma escola particular de Barretos, cidade na regi\u00e3o de Ribeir\u00e3o Preto,...","jetpack-related-posts":[{"id":60541,"url":"https:\/\/ismaelcolosi.com.br\/index.php\/2024\/08\/16\/crianca-morre-apos-ser-atingida-por-casinha-de-brinquedo-em-escola-na-regiao-de-ribeirao\/","url_meta":{"origin":60804,"position":0},"title":"Crian\u00e7a morre ap\u00f3s ser atingida por &#8216;casinha de brinquedo&#8217; em escola na regi\u00e3o de Ribeir\u00e3o","author":"ismaelcolosi.com.br","date":"16 de August de 2024","format":false,"excerpt":"Uma menino de 5 anos morreu ap\u00f3s uma casinha de brinquedo cair em cima dele dentro de uma escola particular em Barretos, cidade na regi\u00e3o de Ribeir\u00e3o Preto, na tarde desta quinta-feira (15). O caso aconteceu no Col\u00e9gio Plus, localizado no bairro Am\u00e9rica. De acordo com o boletim de ocorr\u00eancia\u2026","rel":"","context":"In &quot;Not\u00edcias de Ribeir\u00e3o Preto-SP e Regi\u00e3o&quot;","block_context":{"text":"Not\u00edcias de Ribeir\u00e3o Preto-SP e Regi\u00e3o","link":"https:\/\/ismaelcolosi.com.br\/index.php\/category\/noticias-de-ribeirao-preto-sp-e-regiao-ismael-colosi\/"},"img":{"alt_text":"","src":"https:\/\/i0.wp.com\/ismaelcolosi.com.br\/wp-content\/uploads\/2024\/08\/Copia-de-Copia-de-Copia-de-TAMANHO-EXATO-PARA-FOTOS-NO-SISTEMA-NOVO-7_2024-08-16_16-14-11_png_2024-08-16_16-14-11.webp.webp?fit=1200%2C675&ssl=1&resize=350%2C200","width":350,"height":200,"srcset":"https:\/\/i0.wp.com\/ismaelcolosi.com.br\/wp-content\/uploads\/2024\/08\/Copia-de-Copia-de-Copia-de-TAMANHO-EXATO-PARA-FOTOS-NO-SISTEMA-NOVO-7_2024-08-16_16-14-11_png_2024-08-16_16-14-11.webp.webp?fit=1200%2C675&ssl=1&resize=350%2C200 1x, https:\/\/i0.wp.com\/ismaelcolosi.com.br\/wp-content\/uploads\/2024\/08\/Copia-de-Copia-de-Copia-de-TAMANHO-EXATO-PARA-FOTOS-NO-SISTEMA-NOVO-7_2024-08-16_16-14-11_png_2024-08-16_16-14-11.webp.webp?fit=1200%2C675&ssl=1&resize=525%2C300 1.5x, https:\/\/i0.wp.com\/ismaelcolosi.com.br\/wp-content\/uploads\/2024\/08\/Copia-de-Copia-de-Copia-de-TAMANHO-EXATO-PARA-FOTOS-NO-SISTEMA-NOVO-7_2024-08-16_16-14-11_png_2024-08-16_16-14-11.webp.webp?fit=1200%2C675&ssl=1&resize=700%2C400 2x, https:\/\/i0.wp.com\/ismaelcolosi.com.br\/wp-content\/uploads\/2024\/08\/Copia-de-Copia-de-Copia-de-TAMANHO-EXATO-PARA-FOTOS-NO-SISTEMA-NOVO-7_2024-08-16_16-14-11_png_2024-08-16_16-14-11.webp.webp?fit=1200%2C675&ssl=1&resize=1050%2C600 3x"},"classes":[]},{"id":71051,"url":"https:\/\/ismaelcolosi.com.br\/index.php\/2024\/10\/14\/crianca-e-hospitalizada-na-regiao-de-ribeirao-apos-engolir-moeda\/","url_meta":{"origin":60804,"position":1},"title":"Crian\u00e7a \u00e9 hospitalizada na regi\u00e3o de Ribeir\u00e3o ap\u00f3s engolir moeda","author":"ismaelcolosi.com.br","date":"14 de October de 2024","format":false,"excerpt":"Uma crian\u00e7a de 7 anos foi hospitalizada ap\u00f3s engolir uma moeda de R$ 0,25 e ficar com o objeto preso na garganta. O caso aconteceu na sexta-feira (11), em Franca, na regi\u00e3o de Ribeir\u00e3o Preto. Apesar do susto, a crian\u00e7a passa bem. A m\u00e3e do menino, Ana Laura Paix\u00e3o, disse\u2026","rel":"","context":"In &quot;Not\u00edcias de Ribeir\u00e3o Preto-SP e Regi\u00e3o&quot;","block_context":{"text":"Not\u00edcias de Ribeir\u00e3o Preto-SP e Regi\u00e3o","link":"https:\/\/ismaelcolosi.com.br\/index.php\/category\/noticias-de-ribeirao-preto-sp-e-regiao-ismael-colosi\/"},"img":{"alt_text":"","src":"https:\/\/i0.wp.com\/ismaelcolosi.com.br\/wp-content\/uploads\/2024\/10\/Copia-de-Copia-de-Copia-de-TAMANHO-EXATO-PARA-FOTOS-NO-SISTEMA-NOVO-16_2024-10-14_19-57-50_png_2024-10-14_19-57-50.webp.webp?fit=1200%2C675&ssl=1&resize=350%2C200","width":350,"height":200,"srcset":"https:\/\/i0.wp.com\/ismaelcolosi.com.br\/wp-content\/uploads\/2024\/10\/Copia-de-Copia-de-Copia-de-TAMANHO-EXATO-PARA-FOTOS-NO-SISTEMA-NOVO-16_2024-10-14_19-57-50_png_2024-10-14_19-57-50.webp.webp?fit=1200%2C675&ssl=1&resize=350%2C200 1x, https:\/\/i0.wp.com\/ismaelcolosi.com.br\/wp-content\/uploads\/2024\/10\/Copia-de-Copia-de-Copia-de-TAMANHO-EXATO-PARA-FOTOS-NO-SISTEMA-NOVO-16_2024-10-14_19-57-50_png_2024-10-14_19-57-50.webp.webp?fit=1200%2C675&ssl=1&resize=525%2C300 1.5x, https:\/\/i0.wp.com\/ismaelcolosi.com.br\/wp-content\/uploads\/2024\/10\/Copia-de-Copia-de-Copia-de-TAMANHO-EXATO-PARA-FOTOS-NO-SISTEMA-NOVO-16_2024-10-14_19-57-50_png_2024-10-14_19-57-50.webp.webp?fit=1200%2C675&ssl=1&resize=700%2C400 2x, https:\/\/i0.wp.com\/ismaelcolosi.com.br\/wp-content\/uploads\/2024\/10\/Copia-de-Copia-de-Copia-de-TAMANHO-EXATO-PARA-FOTOS-NO-SISTEMA-NOVO-16_2024-10-14_19-57-50_png_2024-10-14_19-57-50.webp.webp?fit=1200%2C675&ssl=1&resize=1050%2C600 3x"},"classes":[]},{"id":40579,"url":"https:\/\/ismaelcolosi.com.br\/index.php\/2024\/03\/04\/crianca-morre-apos-ser-encontrada-desacordada-em-piscina-na-regiao-de-ribeirao\/","url_meta":{"origin":60804,"position":2},"title":"Crian\u00e7a morre ap\u00f3s ser encontrada desacordada em piscina na regi\u00e3o de Ribeir\u00e3o","author":"ismaelcolosi.com.br","date":"4 de March de 2024","format":false,"excerpt":"A Pol\u00edcia Civil de Franca, na regi\u00e3o de Ribeir\u00e3o Preto, vai investigar as causas da morte de uma crian\u00e7a de apenas 5 anos que morreu no \u00faltimo domingo (3) ap\u00f3s ter sido encontrada dentro de uma piscina desacordada. O caso aconteceu no bairro S\u00e3o Jos\u00e9 e a pol\u00edcia apura se\u2026","rel":"","context":"In &quot;Not\u00edcias de Ribeir\u00e3o Preto-SP e Regi\u00e3o&quot;","block_context":{"text":"Not\u00edcias de Ribeir\u00e3o Preto-SP e Regi\u00e3o","link":"https:\/\/ismaelcolosi.com.br\/index.php\/category\/noticias-de-ribeirao-preto-sp-e-regiao-ismael-colosi\/"},"img":{"alt_text":"","src":"https:\/\/i0.wp.com\/ismaelcolosi.com.br\/wp-content\/uploads\/2024\/03\/WhatsApp-Image-2023-10-16-at-09.34.32-1.jpeg?fit=1080%2C1080&ssl=1&resize=350%2C200","width":350,"height":200,"srcset":"https:\/\/i0.wp.com\/ismaelcolosi.com.br\/wp-content\/uploads\/2024\/03\/WhatsApp-Image-2023-10-16-at-09.34.32-1.jpeg?fit=1080%2C1080&ssl=1&resize=350%2C200 1x, https:\/\/i0.wp.com\/ismaelcolosi.com.br\/wp-content\/uploads\/2024\/03\/WhatsApp-Image-2023-10-16-at-09.34.32-1.jpeg?fit=1080%2C1080&ssl=1&resize=525%2C300 1.5x, https:\/\/i0.wp.com\/ismaelcolosi.com.br\/wp-content\/uploads\/2024\/03\/WhatsApp-Image-2023-10-16-at-09.34.32-1.jpeg?fit=1080%2C1080&ssl=1&resize=700%2C400 2x, https:\/\/i0.wp.com\/ismaelcolosi.com.br\/wp-content\/uploads\/2024\/03\/WhatsApp-Image-2023-10-16-at-09.34.32-1.jpeg?fit=1080%2C1080&ssl=1&resize=1050%2C600 3x"},"classes":[]},{"id":52531,"url":"https:\/\/ismaelcolosi.com.br\/index.php\/2024\/06\/07\/crianca-tem-olho-ferido-durante-confusao-entre-pm-e-moradores-no-interior-de-sp\/","url_meta":{"origin":60804,"position":3},"title":"Crian\u00e7a tem olho ferido durante confus\u00e3o entre PM e moradores no interior de SP","author":"ismaelcolosi.com.br","date":"7 de June de 2024","format":false,"excerpt":"Um menino de 8 anos foi ferido no olho direito durante uma confus\u00e3o entre a PM (Pol\u00edcia Militar) e moradores na \u00faltima quarta-feira (5), no bairro Tropical, em Bebedouro, cidade a aproximadamente 80 quil\u00f4metros de Ribeir\u00e3o Preto. A crian\u00e7a passa por cirurgia nesta sexta-feira (7), no Hospital das Cl\u00ednicas de\u2026","rel":"","context":"In &quot;Not\u00edcias de Ribeir\u00e3o Preto-SP e Regi\u00e3o&quot;","block_context":{"text":"Not\u00edcias de Ribeir\u00e3o Preto-SP e Regi\u00e3o","link":"https:\/\/ismaelcolosi.com.br\/index.php\/category\/noticias-de-ribeirao-preto-sp-e-regiao-ismael-colosi\/"},"img":{"alt_text":"","src":"https:\/\/i0.wp.com\/ismaelcolosi.com.br\/wp-content\/uploads\/2024\/06\/CRIANCA_2024-06-07_14-25-48_jpg_2024-06-07_14-25-48.webp.webp?fit=1200%2C871&ssl=1&resize=350%2C200","width":350,"height":200,"srcset":"https:\/\/i0.wp.com\/ismaelcolosi.com.br\/wp-content\/uploads\/2024\/06\/CRIANCA_2024-06-07_14-25-48_jpg_2024-06-07_14-25-48.webp.webp?fit=1200%2C871&ssl=1&resize=350%2C200 1x, https:\/\/i0.wp.com\/ismaelcolosi.com.br\/wp-content\/uploads\/2024\/06\/CRIANCA_2024-06-07_14-25-48_jpg_2024-06-07_14-25-48.webp.webp?fit=1200%2C871&ssl=1&resize=525%2C300 1.5x, https:\/\/i0.wp.com\/ismaelcolosi.com.br\/wp-content\/uploads\/2024\/06\/CRIANCA_2024-06-07_14-25-48_jpg_2024-06-07_14-25-48.webp.webp?fit=1200%2C871&ssl=1&resize=700%2C400 2x, https:\/\/i0.wp.com\/ismaelcolosi.com.br\/wp-content\/uploads\/2024\/06\/CRIANCA_2024-06-07_14-25-48_jpg_2024-06-07_14-25-48.webp.webp?fit=1200%2C871&ssl=1&resize=1050%2C600 3x"},"classes":[]},{"id":54849,"url":"https:\/\/ismaelcolosi.com.br\/index.php\/2024\/06\/28\/homem-oferece-bala-e-puxa-crianca-para-dentro-de-carro-em-ribeirao-preto\/","url_meta":{"origin":60804,"position":4},"title":"Homem oferece bala e puxa crian\u00e7a para dentro de carro em Ribeir\u00e3o Preto","author":"ismaelcolosi.com.br","date":"28 de June de 2024","format":false,"excerpt":"Um menino de 9 anos relatou \u00e0 pol\u00edcia que um homem em um carro preto ofereceu bala a ele e que, ao se aproximar, foi puxado para dentro do ve\u00edculo nesta quinta-feira (28), em Ribeir\u00e3o Preto. Segundo o boletim de ocorr\u00eancia (BO), o garoto foi encontrado \u00e0s 22h45, nas imedia\u00e7\u00f5es\u2026","rel":"","context":"In &quot;Not\u00edcias de Ribeir\u00e3o Preto-SP e Regi\u00e3o&quot;","block_context":{"text":"Not\u00edcias de Ribeir\u00e3o Preto-SP e Regi\u00e3o","link":"https:\/\/ismaelcolosi.com.br\/index.php\/category\/noticias-de-ribeirao-preto-sp-e-regiao-ismael-colosi\/"},"img":{"alt_text":"","src":"https:\/\/i0.wp.com\/ismaelcolosi.com.br\/wp-content\/uploads\/2024\/06\/policia_2.jpg?fit=1200%2C900&ssl=1&resize=350%2C200","width":350,"height":200,"srcset":"https:\/\/i0.wp.com\/ismaelcolosi.com.br\/wp-content\/uploads\/2024\/06\/policia_2.jpg?fit=1200%2C900&ssl=1&resize=350%2C200 1x, https:\/\/i0.wp.com\/ismaelcolosi.com.br\/wp-content\/uploads\/2024\/06\/policia_2.jpg?fit=1200%2C900&ssl=1&resize=525%2C300 1.5x, https:\/\/i0.wp.com\/ismaelcolosi.com.br\/wp-content\/uploads\/2024\/06\/policia_2.jpg?fit=1200%2C900&ssl=1&resize=700%2C400 2x, https:\/\/i0.wp.com\/ismaelcolosi.com.br\/wp-content\/uploads\/2024\/06\/policia_2.jpg?fit=1200%2C900&ssl=1&resize=1050%2C600 3x"},"classes":[]},{"id":36391,"url":"https:\/\/ismaelcolosi.com.br\/index.php\/2024\/02\/09\/crianca-de-5-anos-e-atropelada-por-bicicleta-em-ribeirao-preto\/","url_meta":{"origin":60804,"position":5},"title":"Crian\u00e7a de 5 anos \u00e9 atropelada por bicicleta em Ribeir\u00e3o Preto","author":"ismaelcolosi.com.br","date":"9 de February de 2024","format":false,"excerpt":"Uma crian\u00e7a de 5 anos foi atropelada por uma bicicleta no in\u00edcio da noite desta quinta-feira (8), na Vila Mariana, zona Norte de Ribeir\u00e3o Preto. Segundo o boletim de ocorr\u00eancia (BO), a v\u00edtima, um menino, foi atingida enquanto brincava na esquina da via com a rua Guiana Inglesa. O ciclista\u2026","rel":"","context":"In &quot;Not\u00edcias de Ribeir\u00e3o Preto-SP e Regi\u00e3o&quot;","block_context":{"text":"Not\u00edcias de Ribeir\u00e3o Preto-SP e Regi\u00e3o","link":"https:\/\/ismaelcolosi.com.br\/index.php\/category\/noticias-de-ribeirao-preto-sp-e-regiao-ismael-colosi\/"},"img":{"alt_text":"","src":"https:\/\/i0.wp.com\/ismaelcolosi.com.br\/wp-content\/uploads\/2024\/02\/ambulancia_upa_1024x576_21052021184950.jpg?fit=1024%2C576&ssl=1&resize=350%2C200","width":350,"height":200,"srcset":"https:\/\/i0.wp.com\/ismaelcolosi.com.br\/wp-content\/uploads\/2024\/02\/ambulancia_upa_1024x576_21052021184950.jpg?fit=1024%2C576&ssl=1&resize=350%2C200 1x, https:\/\/i0.wp.com\/ismaelcolosi.com.br\/wp-content\/uploads\/2024\/02\/ambulancia_upa_1024x576_21052021184950.jpg?fit=1024%2C576&ssl=1&resize=525%2C300 1.5x, https:\/\/i0.wp.com\/ismaelcolosi.com.br\/wp-content\/uploads\/2024\/02\/ambulancia_upa_1024x576_21052021184950.jpg?fit=1024%2C576&ssl=1&resize=700%2C400 2x"},"classes":[]}],"jetpack_sharing_enabled":true,"jetpack_shortlink":"https:\/\/wp.me\/pfMlyK-fOI","_links":{"self":[{"href":"https:\/\/ismaelcolosi.com.br\/index.php\/wp-json\/wp\/v2\/posts\/60804","targetHints":{"allow":["GET"]}}],"collection":[{"href":"https:\/\/ismaelcolosi.com.br\/index.php\/wp-json\/wp\/v2\/posts"}],"about":[{"href":"https:\/\/ismaelcolosi.com.br\/index.php\/wp-json\/wp\/v2\/types\/post"}],"author":[{"embeddable":true,"href":"https:\/\/ismaelcolosi.com.br\/index.php\/wp-json\/wp\/v2\/users\/1"}],"replies":[{"embeddable":true,"href":"https:\/\/ismaelcolosi.com.br\/index.php\/wp-json\/wp\/v2\/comments?post=60804"}],"version-history":[{"count":0,"href":"https:\/\/ismaelcolosi.com.br\/index.php\/wp-json\/wp\/v2\/posts\/60804\/revisions"}],"wp:featuredmedia":[{"embeddable":true,"href":"https:\/\/ismaelcolosi.com.br\/index.php\/wp-json\/wp\/v2\/media\/60805"}],"wp:attachment":[{"href":"https:\/\/ismaelcolosi.com.br\/index.php\/wp-json\/wp\/v2\/media?parent=60804"}],"wp:term":[{"taxonomy":"category","embeddable":true,"href":"https:\/\/ismaelcolosi.com.br\/index.php\/wp-json\/wp\/v2\/categories?post=60804"},{"taxonomy":"post_tag","embeddable":true,"href":"https:\/\/ismaelcolosi.com.br\/index.php\/wp-json\/wp\/v2\/tags?post=60804"}],"curies":[{"name":"wp","href":"https:\/\/api.w.org\/{rel}","templated":true}]}}