{"id":60802,"date":"2024-08-18T15:00:36","date_gmt":"2024-08-18T18:00:36","guid":{"rendered":"https:\/\/ismaelcolosi.com.br\/index.php\/2024\/08\/18\/hc-abre-novos-concursos-publicos-com-salarios-de-r-5-mil-em-ribeirao-veja-como-participar\/"},"modified":"2024-08-18T15:00:36","modified_gmt":"2024-08-18T18:00:36","slug":"hc-abre-novos-concursos-publicos-com-salarios-de-r-5-mil-em-ribeirao-veja-como-participar","status":"publish","type":"post","link":"https:\/\/ismaelcolosi.com.br\/index.php\/2024\/08\/18\/hc-abre-novos-concursos-publicos-com-salarios-de-r-5-mil-em-ribeirao-veja-como-participar\/","title":{"rendered":"HC abre novos concursos p\u00fablicos com sal\u00e1rios de R$ 5 mil em Ribeir\u00e3o; Veja como participar"},"content":{"rendered":"<p> <br \/>\n<\/p>\n<div data-td-block-uid=\"tdi_106\">\n<div class=\"tdb-block-inner td-fix-index\">\n<p>O <strong>Hospital das Cl\u00ednicas de Ribeir\u00e3o Preto (HC-RP)<\/strong> publicou edital de dois novos <strong>concursos p\u00fablicos<\/strong> de n\u00edvel superior e <strong>sal\u00e1rios de R$ 5.695,18<\/strong>.<\/p>\n<p>As oportunidades s\u00e3o para os cargos de <strong>m\u00e9dico I<\/strong>, para atuar na <strong>cardiologia <\/strong>e na <strong>oncologia\/hematologia pedi\u00e1trica<\/strong>.<\/p>\n<p>Al\u00e9m dos sal\u00e1rios, os contratados tamb\u00e9m v\u00e3o receber um <strong>aux\u00edlio alimenta\u00e7\u00e3o<\/strong> no valor de <strong>R$ 360,00<\/strong>.<\/p>\n<h4 class=\"wp-block-heading\"><strong>Inscri\u00e7\u00f5es<\/strong><\/h4>\n<p>As inscri\u00e7\u00f5es dever\u00e3o ser realizadas <strong>somente pela Internet<\/strong>, no site do <strong>Hospital das Cl\u00ednicas (<a href=\"https:\/\/site.hcrp.usp.br\/\" target=\"_blank\" rel=\"noreferrer noopener\">clique aqui<\/a>)<\/strong>, no per\u00edodo entre <strong>19 de agosto<\/strong> e<strong> 2 de setembro de 2024<\/strong>. <mark style=\"background-color:#fcb900\" class=\"has-inline-color\"><strong>A taxa de inscri\u00e7\u00e3o \u00e9 de R$ 116,69.<\/strong><\/mark><\/p>\n<p>A prova ser\u00e1 realizada em<strong> Ribeir\u00e3o Preto<\/strong> no dia <strong>16 de setembro de 2024<\/strong>, a partir das 18h. Os editais podem ser conferidos <a href=\"https:\/\/extranet.hcrp.usp.br\/novorh\/Home.aspx?&amp;s=1\" target=\"_blank\" rel=\"noreferrer noopener\">clicando aqui<\/a>.<\/p>\n<hr class=\"wp-block-separator has-alpha-channel-opacity\"\/>\n<p>SAIBA MAIS<\/p>\n<p>Apostadores do interior de SP ganham pr\u00eamio na Mega-Sena<\/p>\n<h4 class=\"wp-block-heading\"><strong>FIQUE ON<\/strong><\/h4>\n<p>Fique ligado em tudo que acontece em Ribeir\u00e3o Preto e regi\u00e3o. Siga os perfis do\u00a0<strong>acidade on<\/strong>\u00a0no<a href=\"https:\/\/www.instagram.com\/acidadeonribeirao\/\" target=\"_blank\" rel=\"noreferrer noopener\">\u00a0Instagram<\/a>\u00a0e no\u00a0<a href=\"https:\/\/www.facebook.com\/acidadeonribeirao\/\" target=\"_blank\" rel=\"noreferrer noopener\">Facebook<\/a>.<\/p>\n<p>Receba not\u00edcias do\u00a0<strong>acidade on<\/strong>\u00a0no WhatsApp.\u00a0<a href=\"https:\/\/chat.whatsapp.com\/Dtv9mxhy6V5BJBotM2OQ5k\" target=\"_blank\" rel=\"noreferrer noopener\">Para entrar no grupo, basta clicar aqui.<\/a><\/p>\n<p>Fa\u00e7a uma den\u00fancia ou sugira uma reportagem sobre Ribeir\u00e3o Preto e regi\u00e3o pelo WhatsApp: 16 99117 7802.<\/p>\n<p>VEJA TAMB\u00c9M<\/p>\n<p>Pato publica v\u00eddeo in\u00e9dito de Silvio Santos com neto<\/p>\n<p><!-- CONTENT END 1 -->\n<\/div>\n<\/div>\n<p><script async src=\"\/\/www.instagram.com\/embed.js\"><\/script><br \/>\n<br \/><br \/>\n<br \/><a href=\"https:\/\/www.acidadeon.com\/ribeiraopreto\/economia\/hc-abre-novos-concursos-publicos-com-salarios-de-r-5-mil-em-ribeirao-veja-como-participar\/\">Source link <\/a><\/p>\n","protected":false},"excerpt":{"rendered":"<p>O Hospital das Cl\u00ednicas de Ribeir\u00e3o Preto (HC-RP) publicou edital de dois novos concursos p\u00fablicos de n\u00edvel superior e sal\u00e1rios de R$ 5.695,18. As oportunidades&#8230;<\/p>\n","protected":false},"author":1,"featured_media":56682,"comment_status":"open","ping_status":"open","sticky":false,"template":"","format":"standard","meta":{"_uag_custom_page_level_css":"","advanced_seo_description":"","jetpack_seo_html_title":"","jetpack_seo_noindex":false,"jetpack_post_was_ever_published":false,"_jetpack_newsletter_access":"","_jetpack_dont_email_post_to_subs":false,"_jetpack_newsletter_tier_id":0,"_jetpack_memberships_contains_paywalled_content":false,"_jetpack_memberships_contains_paid_content":false,"footnotes":"","jetpack_publicize_message":"","jetpack_publicize_feature_enabled":true,"jetpack_social_post_already_shared":true,"jetpack_social_options":{"image_generator_settings":{"template":"highway","default_image_id":0,"font":"","enabled":false},"version":2}},"categories":[11],"tags":[],"class_list":["post-60802","post","type-post","status-publish","format-standard","has-post-thumbnail","hentry","category-noticias-de-ribeirao-preto-sp-e-regiao-ismael-colosi"],"jetpack_publicize_connections":[],"jetpack_featured_media_url":"https:\/\/i0.wp.com\/ismaelcolosi.com.br\/wp-content\/uploads\/2024\/07\/Copia-de-Copia-de-TAMANHO-EXATO-PARA-FOTOS-NO-SISTEMA-NOVO-13_2024-07-14_14-37-47_jpg_2024-07-14_14-37-47.webp.webp?fit=1200%2C675&ssl=1","uagb_featured_image_src":{"full":["https:\/\/i0.wp.com\/ismaelcolosi.com.br\/wp-content\/uploads\/2024\/07\/Copia-de-Copia-de-TAMANHO-EXATO-PARA-FOTOS-NO-SISTEMA-NOVO-13_2024-07-14_14-37-47_jpg_2024-07-14_14-37-47.webp.webp?fit=1200%2C675&ssl=1",1200,675,false],"thumbnail":["https:\/\/i0.wp.com\/ismaelcolosi.com.br\/wp-content\/uploads\/2024\/07\/Copia-de-Copia-de-TAMANHO-EXATO-PARA-FOTOS-NO-SISTEMA-NOVO-13_2024-07-14_14-37-47_jpg_2024-07-14_14-37-47.webp.webp?resize=150%2C150&ssl=1",150,150,true],"medium":["https:\/\/i0.wp.com\/ismaelcolosi.com.br\/wp-content\/uploads\/2024\/07\/Copia-de-Copia-de-TAMANHO-EXATO-PARA-FOTOS-NO-SISTEMA-NOVO-13_2024-07-14_14-37-47_jpg_2024-07-14_14-37-47.webp.webp?fit=300%2C169&ssl=1",300,169,true],"medium_large":["https:\/\/i0.wp.com\/ismaelcolosi.com.br\/wp-content\/uploads\/2024\/07\/Copia-de-Copia-de-TAMANHO-EXATO-PARA-FOTOS-NO-SISTEMA-NOVO-13_2024-07-14_14-37-47_jpg_2024-07-14_14-37-47.webp.webp?fit=768%2C432&ssl=1",768,432,true],"large":["https:\/\/i0.wp.com\/ismaelcolosi.com.br\/wp-content\/uploads\/2024\/07\/Copia-de-Copia-de-TAMANHO-EXATO-PARA-FOTOS-NO-SISTEMA-NOVO-13_2024-07-14_14-37-47_jpg_2024-07-14_14-37-47.webp.webp?fit=1024%2C576&ssl=1",1024,576,true],"1536x1536":["https:\/\/i0.wp.com\/ismaelcolosi.com.br\/wp-content\/uploads\/2024\/07\/Copia-de-Copia-de-TAMANHO-EXATO-PARA-FOTOS-NO-SISTEMA-NOVO-13_2024-07-14_14-37-47_jpg_2024-07-14_14-37-47.webp.webp?fit=1200%2C675&ssl=1",1200,675,true],"2048x2048":["https:\/\/i0.wp.com\/ismaelcolosi.com.br\/wp-content\/uploads\/2024\/07\/Copia-de-Copia-de-TAMANHO-EXATO-PARA-FOTOS-NO-SISTEMA-NOVO-13_2024-07-14_14-37-47_jpg_2024-07-14_14-37-47.webp.webp?fit=1200%2C675&ssl=1",1200,675,true],"really-simple-thumb":["https:\/\/i0.wp.com\/ismaelcolosi.com.br\/wp-content\/uploads\/2024\/07\/Copia-de-Copia-de-TAMANHO-EXATO-PARA-FOTOS-NO-SISTEMA-NOVO-13_2024-07-14_14-37-47_jpg_2024-07-14_14-37-47.webp.webp?resize=370%2C247&ssl=1",370,247,true]},"uagb_author_info":{"display_name":"ismaelcolosi.com.br","author_link":"https:\/\/ismaelcolosi.com.br\/index.php\/author\/vidareal-online\/"},"uagb_comment_info":0,"uagb_excerpt":"O Hospital das Cl\u00ednicas de Ribeir\u00e3o Preto (HC-RP) publicou edital de dois novos concursos p\u00fablicos de n\u00edvel superior e sal\u00e1rios de R$ 5.695,18. As oportunidades...","jetpack-related-posts":[{"id":61619,"url":"https:\/\/ismaelcolosi.com.br\/index.php\/2024\/08\/22\/hc-de-ribeirao-preto-tem-concursos-publicos-com-salarios-de-ate-r-56-mil\/","url_meta":{"origin":60802,"position":0},"title":"HC de Ribeir\u00e3o Preto tem concursos p\u00fablicos com sal\u00e1rios de at\u00e9 R$ 5,6 mil","author":"ismaelcolosi.com.br","date":"22 de August de 2024","format":false,"excerpt":"O Hospital das Cl\u00ednicas de Ribeir\u00e3o Preto (HC-RP) publicou edital de quatro novos concursos p\u00fablicos de n\u00edvel superior e sal\u00e1rios que variam entre R$ 2,7 mil e R$ 5,6 mil. As oportunidades s\u00e3o para m\u00e9dico ortopedista e traumatologia, terapeuta ocupacional, fisioterapeuta e fonoaudi\u00f3logo. As jornadas de trabalho s\u00e3o de 20\u2026","rel":"","context":"In &quot;Not\u00edcias de Ribeir\u00e3o Preto-SP e Regi\u00e3o&quot;","block_context":{"text":"Not\u00edcias de Ribeir\u00e3o Preto-SP e Regi\u00e3o","link":"https:\/\/ismaelcolosi.com.br\/index.php\/category\/noticias-de-ribeirao-preto-sp-e-regiao-ismael-colosi\/"},"img":{"alt_text":"","src":"https:\/\/i0.wp.com\/ismaelcolosi.com.br\/wp-content\/uploads\/2024\/08\/HospitaldasClnicasdeRibeiroPretoabredoisconcursospblicos_Tamanho_2_image.jpg?fit=1200%2C900&ssl=1&resize=350%2C200","width":350,"height":200,"srcset":"https:\/\/i0.wp.com\/ismaelcolosi.com.br\/wp-content\/uploads\/2024\/08\/HospitaldasClnicasdeRibeiroPretoabredoisconcursospblicos_Tamanho_2_image.jpg?fit=1200%2C900&ssl=1&resize=350%2C200 1x, https:\/\/i0.wp.com\/ismaelcolosi.com.br\/wp-content\/uploads\/2024\/08\/HospitaldasClnicasdeRibeiroPretoabredoisconcursospblicos_Tamanho_2_image.jpg?fit=1200%2C900&ssl=1&resize=525%2C300 1.5x, https:\/\/i0.wp.com\/ismaelcolosi.com.br\/wp-content\/uploads\/2024\/08\/HospitaldasClnicasdeRibeiroPretoabredoisconcursospblicos_Tamanho_2_image.jpg?fit=1200%2C900&ssl=1&resize=700%2C400 2x, https:\/\/i0.wp.com\/ismaelcolosi.com.br\/wp-content\/uploads\/2024\/08\/HospitaldasClnicasdeRibeiroPretoabredoisconcursospblicos_Tamanho_2_image.jpg?fit=1200%2C900&ssl=1&resize=1050%2C600 3x"},"classes":[]},{"id":81576,"url":"https:\/\/ismaelcolosi.com.br\/index.php\/2025\/01\/13\/hc-ribeirao-preto-publica-dois-editais-de-concurso-publico-veja-as-vagas\/","url_meta":{"origin":60802,"position":1},"title":"HC Ribeir\u00e3o Preto publica dois editais de concurso p\u00fablico e os sal\u00e1rios s\u00e3o de R$ 5.695,18; Veja as vagas","author":"Arthur Tijolo","date":"13 de January de 2025","format":false,"excerpt":"Inscri\u00e7\u00f5es para o concurso p\u00fablico do Hospital das Cl\u00ednicas de Ribeir\u00e3o Preto come\u00e7am no pr\u00f3ximo dia 13 de janeiro \u00a0 O\u00a0Hospital das Cl\u00ednicas de Ribeir\u00e3o Preto\u00a0publicou dois novos editais de\u00a0concurso p\u00fablico. As vagas s\u00e3o para o cargo de m\u00e9dico e os sal\u00e1rios s\u00e3o de R$ 5.695,18 para carga hor\u00e1ria de\u2026","rel":"","context":"In &quot;Cursos Gratuitos e Bolsas de Estudos&quot;","block_context":{"text":"Cursos Gratuitos e Bolsas de Estudos","link":"https:\/\/ismaelcolosi.com.br\/index.php\/category\/cursos-gratuitos-e-bolsas-de-estudos-ribeirao-preto\/"},"img":{"alt_text":"","src":"https:\/\/i0.wp.com\/ismaelcolosi.com.br\/wp-content\/uploads\/2025\/01\/blur-hospital-scaled.jpg?fit=1200%2C800&ssl=1&resize=350%2C200","width":350,"height":200,"srcset":"https:\/\/i0.wp.com\/ismaelcolosi.com.br\/wp-content\/uploads\/2025\/01\/blur-hospital-scaled.jpg?fit=1200%2C800&ssl=1&resize=350%2C200 1x, https:\/\/i0.wp.com\/ismaelcolosi.com.br\/wp-content\/uploads\/2025\/01\/blur-hospital-scaled.jpg?fit=1200%2C800&ssl=1&resize=525%2C300 1.5x, https:\/\/i0.wp.com\/ismaelcolosi.com.br\/wp-content\/uploads\/2025\/01\/blur-hospital-scaled.jpg?fit=1200%2C800&ssl=1&resize=700%2C400 2x, https:\/\/i0.wp.com\/ismaelcolosi.com.br\/wp-content\/uploads\/2025\/01\/blur-hospital-scaled.jpg?fit=1200%2C800&ssl=1&resize=1050%2C600 3x"},"classes":[]},{"id":42940,"url":"https:\/\/ismaelcolosi.com.br\/index.php\/2024\/03\/18\/inscricoes-abertas-para-concurso-publico-do-hc-de-ribeirao-com-salarios-de-ate-r-63-mil\/","url_meta":{"origin":60802,"position":2},"title":"Inscri\u00e7\u00f5es abertas para concurso p\u00fablico do HC de Ribeir\u00e3o com sal\u00e1rios de at\u00e9 R$ 6,3 mil","author":"ismaelcolosi.com.br","date":"18 de March de 2024","format":false,"excerpt":"As inscri\u00e7\u00f5es para os concursos p\u00fablicos do Hospital das Cl\u00ednicas de Ribeir\u00e3o Preto para seis vagas nas \u00e1reas de agentes t\u00e9cnicos de assist\u00eancia \u00e0 sa\u00fade (4), engenheiro de seguran\u00e7a do trabalho (1) e agente de sa\u00fade (1) est\u00e3o abertas a partir desta segunda-feira (18). Os interessados podem se inscrever no\u2026","rel":"","context":"In &quot;Not\u00edcias de Ribeir\u00e3o Preto-SP e Regi\u00e3o&quot;","block_context":{"text":"Not\u00edcias de Ribeir\u00e3o Preto-SP e Regi\u00e3o","link":"https:\/\/ismaelcolosi.com.br\/index.php\/category\/noticias-de-ribeirao-preto-sp-e-regiao-ismael-colosi\/"},"img":{"alt_text":"","src":"https:\/\/i0.wp.com\/ismaelcolosi.com.br\/wp-content\/uploads\/2024\/03\/1710773944_concurso-publico-11.jpg?fit=1200%2C801&ssl=1&resize=350%2C200","width":350,"height":200,"srcset":"https:\/\/i0.wp.com\/ismaelcolosi.com.br\/wp-content\/uploads\/2024\/03\/1710773944_concurso-publico-11.jpg?fit=1200%2C801&ssl=1&resize=350%2C200 1x, https:\/\/i0.wp.com\/ismaelcolosi.com.br\/wp-content\/uploads\/2024\/03\/1710773944_concurso-publico-11.jpg?fit=1200%2C801&ssl=1&resize=525%2C300 1.5x, https:\/\/i0.wp.com\/ismaelcolosi.com.br\/wp-content\/uploads\/2024\/03\/1710773944_concurso-publico-11.jpg?fit=1200%2C801&ssl=1&resize=700%2C400 2x, https:\/\/i0.wp.com\/ismaelcolosi.com.br\/wp-content\/uploads\/2024\/03\/1710773944_concurso-publico-11.jpg?fit=1200%2C801&ssl=1&resize=1050%2C600 3x"},"classes":[]},{"id":67327,"url":"https:\/\/ismaelcolosi.com.br\/index.php\/2024\/09\/22\/veja-sete-concursos-publicos-com-mais-de-200-vagas-no-interior-de-sp\/","url_meta":{"origin":60802,"position":3},"title":"Veja sete concursos p\u00fablicos com mais de 200 vagas no interior de SP","author":"ismaelcolosi.com.br","date":"22 de September de 2024","format":false,"excerpt":"Voc\u00ea procura por uma oportunidade de emprego no servi\u00e7o p\u00fablico? O acidade on Ribeir\u00e3o separou uma lista com sete concursos p\u00fablico que t\u00eam, somados, mais de 200 vagas dispon\u00edveis no interior de S\u00e3o Paulo. As vagas nos concursos p\u00fablicos s\u00e3o de n\u00edvel fundamental, m\u00e9dio, t\u00e9cnico e superior com sal\u00e1rios de\u2026","rel":"","context":"In &quot;Not\u00edcias de Ribeir\u00e3o Preto-SP e Regi\u00e3o&quot;","block_context":{"text":"Not\u00edcias de Ribeir\u00e3o Preto-SP e Regi\u00e3o","link":"https:\/\/ismaelcolosi.com.br\/index.php\/category\/noticias-de-ribeirao-preto-sp-e-regiao-ismael-colosi\/"},"img":{"alt_text":"","src":"https:\/\/i0.wp.com\/ismaelcolosi.com.br\/wp-content\/uploads\/2024\/05\/Copia-de-Copia-de-TAMANHO-EXATO-PARA-FOTOS-NO-SISTEMA-NOVO-33_2024-05-23_13-39-05_jpg_2024-05-23_13-39-05.webp.webp?fit=1200%2C675&ssl=1&resize=350%2C200","width":350,"height":200,"srcset":"https:\/\/i0.wp.com\/ismaelcolosi.com.br\/wp-content\/uploads\/2024\/05\/Copia-de-Copia-de-TAMANHO-EXATO-PARA-FOTOS-NO-SISTEMA-NOVO-33_2024-05-23_13-39-05_jpg_2024-05-23_13-39-05.webp.webp?fit=1200%2C675&ssl=1&resize=350%2C200 1x, https:\/\/i0.wp.com\/ismaelcolosi.com.br\/wp-content\/uploads\/2024\/05\/Copia-de-Copia-de-TAMANHO-EXATO-PARA-FOTOS-NO-SISTEMA-NOVO-33_2024-05-23_13-39-05_jpg_2024-05-23_13-39-05.webp.webp?fit=1200%2C675&ssl=1&resize=525%2C300 1.5x, https:\/\/i0.wp.com\/ismaelcolosi.com.br\/wp-content\/uploads\/2024\/05\/Copia-de-Copia-de-TAMANHO-EXATO-PARA-FOTOS-NO-SISTEMA-NOVO-33_2024-05-23_13-39-05_jpg_2024-05-23_13-39-05.webp.webp?fit=1200%2C675&ssl=1&resize=700%2C400 2x, https:\/\/i0.wp.com\/ismaelcolosi.com.br\/wp-content\/uploads\/2024\/05\/Copia-de-Copia-de-TAMANHO-EXATO-PARA-FOTOS-NO-SISTEMA-NOVO-33_2024-05-23_13-39-05_jpg_2024-05-23_13-39-05.webp.webp?fit=1200%2C675&ssl=1&resize=1050%2C600 3x"},"classes":[]},{"id":42649,"url":"https:\/\/ismaelcolosi.com.br\/index.php\/2024\/03\/15\/hc-ribeirao-preto-abre-concurso-publico-com-salarios-de-ate-r-63-mil\/","url_meta":{"origin":60802,"position":4},"title":"HC Ribeir\u00e3o Preto abre concurso p\u00fablico com sal\u00e1rios de at\u00e9 R$ 6,3 mil","author":"ismaelcolosi.com.br","date":"15 de March de 2024","format":false,"excerpt":"O Hospital das Cl\u00ednicas de Ribeir\u00e3o Preto vai realizar seis concursos p\u00fablicos para o preenchimento de seis vagas para as fun\u00e7\u00f5es de agentes t\u00e9cnicos de assist\u00eancia \u00e0 sa\u00fade (4 vagas), engenheiro de seguran\u00e7a do trabalho (1 vaga) e agente de sa\u00fade (1 vaga). Os sal\u00e1rios variam entre R$ 2.699,55 e\u2026","rel":"","context":"In &quot;Not\u00edcias de Ribeir\u00e3o Preto-SP e Regi\u00e3o&quot;","block_context":{"text":"Not\u00edcias de Ribeir\u00e3o Preto-SP e Regi\u00e3o","link":"https:\/\/ismaelcolosi.com.br\/index.php\/category\/noticias-de-ribeirao-preto-sp-e-regiao-ismael-colosi\/"},"img":{"alt_text":"","src":"https:\/\/i0.wp.com\/ismaelcolosi.com.br\/wp-content\/uploads\/2024\/03\/concurso-publico-16.jpg?fit=1200%2C801&ssl=1&resize=350%2C200","width":350,"height":200,"srcset":"https:\/\/i0.wp.com\/ismaelcolosi.com.br\/wp-content\/uploads\/2024\/03\/concurso-publico-16.jpg?fit=1200%2C801&ssl=1&resize=350%2C200 1x, https:\/\/i0.wp.com\/ismaelcolosi.com.br\/wp-content\/uploads\/2024\/03\/concurso-publico-16.jpg?fit=1200%2C801&ssl=1&resize=525%2C300 1.5x, https:\/\/i0.wp.com\/ismaelcolosi.com.br\/wp-content\/uploads\/2024\/03\/concurso-publico-16.jpg?fit=1200%2C801&ssl=1&resize=700%2C400 2x, https:\/\/i0.wp.com\/ismaelcolosi.com.br\/wp-content\/uploads\/2024\/03\/concurso-publico-16.jpg?fit=1200%2C801&ssl=1&resize=1050%2C600 3x"},"classes":[]},{"id":84335,"url":"https:\/\/ismaelcolosi.com.br\/index.php\/2025\/04\/07\/concurso-medico-em-ribeirao-preto-inscricoes-abertas-com-salarios-mais-de-r5-mil-e-beneficios-atrativos\/","url_meta":{"origin":60802,"position":5},"title":"Concurso M\u00e9dico em Ribeir\u00e3o Preto: Inscri\u00e7\u00f5es Abertas com Sal\u00e1rios mais de R$5 mil e Benef\u00edcios Atrativos","author":"Arthur Tijolo","date":"7 de April de 2025","format":false,"excerpt":"O Hospital das Cl\u00ednicas de Ribeir\u00e3o Preto est\u00e1 com inscri\u00e7\u00f5es abertas para dois concursos p\u00fablicos destinados ao cargo de M\u00e9dico I. As oportunidades s\u00e3o: Ambulat\u00f3rio de Pediatria (Unidade de Emerg\u00eancia): Sal\u00e1rio de R$ 5.695,18. Inscri\u00e7\u00f5es pela internet com taxa de R$ 122,17. Os contratados podem receber adicional de insalubridade de\u2026","rel":"","context":"In &quot;Vagas de Emprego em Ribeir\u00e3o Preto-SP&quot;","block_context":{"text":"Vagas de Emprego em Ribeir\u00e3o Preto-SP","link":"https:\/\/ismaelcolosi.com.br\/index.php\/category\/empregos-classificados-vagas-trabalho\/vagas-de-empregos-em-ribeirao-preto-regiao-brasil\/"},"img":{"alt_text":"","src":"https:\/\/i0.wp.com\/ismaelcolosi.com.br\/wp-content\/uploads\/2025\/03\/medium-shot-kid-cheating-school-test-scaled.jpg?fit=1200%2C800&ssl=1&resize=350%2C200","width":350,"height":200,"srcset":"https:\/\/i0.wp.com\/ismaelcolosi.com.br\/wp-content\/uploads\/2025\/03\/medium-shot-kid-cheating-school-test-scaled.jpg?fit=1200%2C800&ssl=1&resize=350%2C200 1x, https:\/\/i0.wp.com\/ismaelcolosi.com.br\/wp-content\/uploads\/2025\/03\/medium-shot-kid-cheating-school-test-scaled.jpg?fit=1200%2C800&ssl=1&resize=525%2C300 1.5x, https:\/\/i0.wp.com\/ismaelcolosi.com.br\/wp-content\/uploads\/2025\/03\/medium-shot-kid-cheating-school-test-scaled.jpg?fit=1200%2C800&ssl=1&resize=700%2C400 2x, https:\/\/i0.wp.com\/ismaelcolosi.com.br\/wp-content\/uploads\/2025\/03\/medium-shot-kid-cheating-school-test-scaled.jpg?fit=1200%2C800&ssl=1&resize=1050%2C600 3x"},"classes":[]}],"jetpack_sharing_enabled":true,"jetpack_shortlink":"https:\/\/wp.me\/pfMlyK-fOG","_links":{"self":[{"href":"https:\/\/ismaelcolosi.com.br\/index.php\/wp-json\/wp\/v2\/posts\/60802","targetHints":{"allow":["GET"]}}],"collection":[{"href":"https:\/\/ismaelcolosi.com.br\/index.php\/wp-json\/wp\/v2\/posts"}],"about":[{"href":"https:\/\/ismaelcolosi.com.br\/index.php\/wp-json\/wp\/v2\/types\/post"}],"author":[{"embeddable":true,"href":"https:\/\/ismaelcolosi.com.br\/index.php\/wp-json\/wp\/v2\/users\/1"}],"replies":[{"embeddable":true,"href":"https:\/\/ismaelcolosi.com.br\/index.php\/wp-json\/wp\/v2\/comments?post=60802"}],"version-history":[{"count":0,"href":"https:\/\/ismaelcolosi.com.br\/index.php\/wp-json\/wp\/v2\/posts\/60802\/revisions"}],"wp:featuredmedia":[{"embeddable":true,"href":"https:\/\/ismaelcolosi.com.br\/index.php\/wp-json\/wp\/v2\/media\/56682"}],"wp:attachment":[{"href":"https:\/\/ismaelcolosi.com.br\/index.php\/wp-json\/wp\/v2\/media?parent=60802"}],"wp:term":[{"taxonomy":"category","embeddable":true,"href":"https:\/\/ismaelcolosi.com.br\/index.php\/wp-json\/wp\/v2\/categories?post=60802"},{"taxonomy":"post_tag","embeddable":true,"href":"https:\/\/ismaelcolosi.com.br\/index.php\/wp-json\/wp\/v2\/tags?post=60802"}],"curies":[{"name":"wp","href":"https:\/\/api.w.org\/{rel}","templated":true}]}}