{"id":60792,"date":"2024-08-18T13:55:21","date_gmt":"2024-08-18T16:55:21","guid":{"rendered":"https:\/\/ismaelcolosi.com.br\/index.php\/2024\/08\/18\/veja-a-nota-de-cada-escola-de-ribeirao-preto\/"},"modified":"2024-08-18T13:55:21","modified_gmt":"2024-08-18T16:55:21","slug":"veja-a-nota-de-cada-escola-de-ribeirao-preto","status":"publish","type":"post","link":"https:\/\/ismaelcolosi.com.br\/index.php\/2024\/08\/18\/veja-a-nota-de-cada-escola-de-ribeirao-preto\/","title":{"rendered":"Veja a nota de cada escola de Ribeir\u00e3o Preto"},"content":{"rendered":"<p> <br \/>\n<\/p>\n<div data-td-block-uid=\"tdi_106\">\n<div class=\"tdb-block-inner td-fix-index\">\n<p>Os n\u00fameros do <strong>\u00cdndice de Desenvolvimento da Educa\u00e7\u00e3o B\u00e1sica (Ideb) 2023<\/strong>, principal indicador de qualidade das escolas do Brasil, foram divulgados na \u00faltima quarta-feira (14), e apontam quais s\u00e3o as <strong>maiores notas de escolas p\u00fablicas de Ribeir\u00e3o Preto.<\/strong><\/p>\n<p>Realizado a cada dois anos, o levantamento avalia<strong> escolas estaduais <\/strong>e <strong>municipais<\/strong> nos anos <mark style=\"background-color:#fcb900\" class=\"has-inline-color\"><strong>iniciais do ensino fundamental (1\u00ba ao 5\u00ba)<\/strong>,<strong> anos finais do ensino fundamental (6\u00ba ao 9\u00ba anos) <\/strong>e <strong>no ensino m\u00e9dio<\/strong>.<\/mark><\/p>\n<p>O \u00edndice varia de 0 a 10, de modo que quanto melhor o desempenho dos alunos e mais alto o n\u00famero de aprovados, maior \u00e9 o <strong>Ideb<\/strong>. Confira a lista com as <strong>10 maiores notas das escolas de Ribeir\u00e3o Preto<\/strong>:<\/p>\n<h4 class=\"wp-block-heading\"><strong>Maiores notas de escolas p\u00fablicas de Ribeir\u00e3o Preto (anos iniciais \u2013 1\u00ba ao 5\u00ba)<\/strong><\/h4>\n<ol>\n<li>EMEF Vereador Jos\u00e9 Delibo (municipal) \u2013 nota 7,5<\/li>\n<li>EMEF Prof. Maria Ign\u00eaz Lopes Rossi (municipal) \u2013 nota 7,2<\/li>\n<li>E.E. Miguel Jorge (estadual) \u2013 nota 7,2<\/li>\n<li>E.E. Prof.\u00aa Herm\u00ednia Gugliano (estadual) \u2013 nota 7,1<\/li>\n<li>E.E Professor Cordelia Ribeiro Ragozzo (estadual) \u2013 nota 7,1<\/li>\n<li>EMEF Prof.\u00aa Eponina de Britto Rossetto (municipal) \u2013 nota 6,9<\/li>\n<li>EE Prof. Jorge Rodini Luiz (estadual) \u2013 nota 6,9<\/li>\n<li>EMEFEM Dom Luis do Amaral Mousinho (municipal) \u2013 nota 6,8<\/li>\n<li>E.E. Prof. Alcides Corr\u00eaa (estadual) \u2013 nota 6,7<\/li>\n<li>E.E. Dr. Jo\u00e3o Rodrigues Gui\u00e3o (estadual) \u2013 nota 6,7<\/li>\n<\/ol>\n<p><strong><a href=\"https:\/\/www.gov.br\/inep\/pt-br\/areas-de-atuacao\/pesquisas-estatisticas-e-indicadores\/ideb\/resultados\" target=\"_blank\" rel=\"noreferrer noopener\">Clique aqui<\/a> para ver a lista completa<\/strong><\/p>\n<h4 class=\"wp-block-heading\"><strong><strong>Maiores notas de escolas <\/strong>p\u00fablicas de Ribeir\u00e3o Preto (anos finais \u2013 6\u00ba ao 9\u00ba)<\/strong><\/h4>\n<ol>\n<li>E.E Professor Cid de Oliveira Leite (estadual) \u2013 nota 6,3<\/li>\n<li>EMEF Prof.\u00aa Eponina de Britto Rossetto (municipal) \u2013 nota 6,3<\/li>\n<li>EMEF Vereador Jos\u00e9 Delibo (municipal) \u2013 nota 6,1<\/li>\n<li>E.E. Prof. Rafael Leme Franco (estadual) \u2013 nota 5,8<\/li>\n<li>EMEF Prof\u00ba Raul Machado (municipal) \u2013 nota 5,6<\/li>\n<li>Prof.\u00aa Maria Ignez Lopes Rossi (municipal) \u2013 nota 5,5<\/li>\n<li>PEI Professora Sueli Terezinha Danhone (estadual) \u2013 nota 5,5<\/li>\n<li>E.E. Profa Djanira Velho (estadual) \u2013 nota 5,4<\/li>\n<li>EMEF Dercy Celia Seixas Ferrari (municipal) \u2013 nota 5,4<\/li>\n<li>E.E. Prof. Walter Ferreira (estadual) \u2013 nota 5,3<\/li>\n<\/ol>\n<p><strong><a href=\"https:\/\/www.gov.br\/inep\/pt-br\/areas-de-atuacao\/pesquisas-estatisticas-e-indicadores\/ideb\/resultados\" target=\"_blank\" rel=\"noreferrer noopener\">Clique aqui<\/a> para ver a lista completa<\/strong><\/p>\n<h4 class=\"wp-block-heading\"><strong><strong>Maiores notas de escolas <\/strong>p\u00fablicas de Ribeir\u00e3o Preto (ensino m\u00e9dio)<\/strong><\/h4>\n<ol>\n<li>E.E Professor Cid de Oliveira Leite (estadual) \u2013 nota 5,7<\/li>\n<li>EE Prof. Sebasti\u00e3o Fernandes Palma (estadual) \u2013 nota 5,6<\/li>\n<li>E.E. Prof. Dr. Oscar De M. Lacerda (estadual) \u2013 nota 5,1<\/li>\n<li>E.E. Prof. Rafael Leme Franco (estadual) \u2013 nota 4,8<\/li>\n<li>PEI Professora Sueli Terezinha Danhone (estadual) \u2013 nota 4,7<\/li>\n<li>E.E. C\u00f4nego Barros (estadual) \u2013 nota 4,6<\/li>\n<li>E.E. Profa Djanira Velho (estadual) \u2013 nota 4,5<\/li>\n<li>E.E. Prof\u00aa Nair Guilhermina Pinheiro Nogueira (estadual) \u2013 nota 4,5<\/li>\n<li>E.E. Alberto Santos Dumont (estadual) \u2013 nota 4,4<\/li>\n<li>E.E Professora Irene Dias Ribeiro (estadual) \u2013 nota 4,4<\/li>\n<\/ol>\n<p><mark style=\"background-color:#fcb900\" class=\"has-inline-color\">Vale ressaltar que <strong>Ribeir\u00e3o Preto<\/strong> possui apenas escolas estaduais de <strong>ensino m\u00e9dio<\/strong>.<\/mark> <strong><a href=\"https:\/\/www.gov.br\/inep\/pt-br\/areas-de-atuacao\/pesquisas-estatisticas-e-indicadores\/ideb\/resultados\" target=\"_blank\" rel=\"noreferrer noopener\">Clique aqui<\/a> para ver a lista completa<\/strong><\/p>\n<p><em><strong>Fonte:<\/strong> \u00cdndice de Desenvolvimento da Educa\u00e7\u00e3o B\u00e1sica (Ideb)<\/em><\/p>\n<hr class=\"wp-block-separator has-alpha-channel-opacity\"\/>\n<p>SAIBA MAIS<\/p>\n<p>Novo parque de Ribeir\u00e3o Preto ganha nome e deve ser aberto no pr\u00f3ximo m\u00eas<\/p>\n<h4 class=\"wp-block-heading\"><strong>FIQUE ON<\/strong><\/h4>\n<p>Fique ligado em tudo que acontece em Ribeir\u00e3o Preto e regi\u00e3o. Siga os perfis do\u00a0<strong>acidade on<\/strong>\u00a0no<a href=\"https:\/\/www.instagram.com\/acidadeonribeirao\" target=\"_blank\" rel=\"noreferrer noopener\">\u00a0Instagram<\/a>\u00a0e no\u00a0<a href=\"https:\/\/www.facebook.com\/acidadeonribeirao\/\" target=\"_blank\" rel=\"noreferrer noopener\">Facebook<\/a>.<\/p>\n<p>Receba not\u00edcias do<strong>\u00a0acidade on\u00a0<\/strong>no WhatsApp.\u00a0<a href=\"https:\/\/chat.whatsapp.com\/Dtv9mxhy6V5BJBotM2OQ5k\" target=\"_blank\" rel=\"noreferrer noopener\">Para entrar no grupo, basta clicar aqui.<\/a><\/p>\n<p>Fa\u00e7a uma den\u00fancia ou sugira uma reportagem sobre Ribeir\u00e3o Preto e regi\u00e3o pelo WhatsApp: 16 99117 7802.<\/p>\n<p>VEJA TAMB\u00c9M<\/p>\n<p>\u2018Estrela da Casa\u2019: quem o Dono do Palco indicou para a Batalha?<\/p>\n<p><!-- CONTENT END 1 -->\n<\/div>\n<\/div>\n<p><script async src=\"\/\/www.instagram.com\/embed.js\"><\/script><br \/>\n<br \/><br \/>\n<br \/><a href=\"https:\/\/www.acidadeon.com\/ribeiraopreto\/cotidiano\/veja-a-nota-de-cada-escola-de-ribeirao-preto\/\">Source link <\/a><\/p>\n","protected":false},"excerpt":{"rendered":"<p>Os n\u00fameros do \u00cdndice de Desenvolvimento da Educa\u00e7\u00e3o B\u00e1sica (Ideb) 2023, principal indicador de qualidade das escolas do Brasil, foram divulgados na \u00faltima quarta-feira (14),&#8230;<\/p>\n","protected":false},"author":1,"featured_media":60793,"comment_status":"open","ping_status":"open","sticky":false,"template":"","format":"standard","meta":{"_uag_custom_page_level_css":"","advanced_seo_description":"","jetpack_seo_html_title":"","jetpack_seo_noindex":false,"jetpack_post_was_ever_published":false,"_jetpack_newsletter_access":"","_jetpack_dont_email_post_to_subs":false,"_jetpack_newsletter_tier_id":0,"_jetpack_memberships_contains_paywalled_content":false,"_jetpack_memberships_contains_paid_content":false,"footnotes":"","jetpack_publicize_message":"","jetpack_publicize_feature_enabled":true,"jetpack_social_post_already_shared":true,"jetpack_social_options":{"image_generator_settings":{"template":"highway","default_image_id":0,"font":"","enabled":false},"version":2}},"categories":[11],"tags":[],"class_list":["post-60792","post","type-post","status-publish","format-standard","has-post-thumbnail","hentry","category-noticias-de-ribeirao-preto-sp-e-regiao-ismael-colosi"],"jetpack_publicize_connections":[],"jetpack_featured_media_url":"https:\/\/i0.wp.com\/ismaelcolosi.com.br\/wp-content\/uploads\/2024\/08\/1724000121_escola_lousa_1024x576_13012021175748.jpg?fit=1024%2C576&ssl=1","uagb_featured_image_src":{"full":["https:\/\/i0.wp.com\/ismaelcolosi.com.br\/wp-content\/uploads\/2024\/08\/1724000121_escola_lousa_1024x576_13012021175748.jpg?fit=1024%2C576&ssl=1",1024,576,false],"thumbnail":["https:\/\/i0.wp.com\/ismaelcolosi.com.br\/wp-content\/uploads\/2024\/08\/1724000121_escola_lousa_1024x576_13012021175748.jpg?resize=150%2C150&ssl=1",150,150,true],"medium":["https:\/\/i0.wp.com\/ismaelcolosi.com.br\/wp-content\/uploads\/2024\/08\/1724000121_escola_lousa_1024x576_13012021175748.jpg?fit=300%2C169&ssl=1",300,169,true],"medium_large":["https:\/\/i0.wp.com\/ismaelcolosi.com.br\/wp-content\/uploads\/2024\/08\/1724000121_escola_lousa_1024x576_13012021175748.jpg?fit=768%2C432&ssl=1",768,432,true],"large":["https:\/\/i0.wp.com\/ismaelcolosi.com.br\/wp-content\/uploads\/2024\/08\/1724000121_escola_lousa_1024x576_13012021175748.jpg?fit=1024%2C576&ssl=1",1024,576,true],"1536x1536":["https:\/\/i0.wp.com\/ismaelcolosi.com.br\/wp-content\/uploads\/2024\/08\/1724000121_escola_lousa_1024x576_13012021175748.jpg?fit=1024%2C576&ssl=1",1024,576,true],"2048x2048":["https:\/\/i0.wp.com\/ismaelcolosi.com.br\/wp-content\/uploads\/2024\/08\/1724000121_escola_lousa_1024x576_13012021175748.jpg?fit=1024%2C576&ssl=1",1024,576,true],"really-simple-thumb":["https:\/\/i0.wp.com\/ismaelcolosi.com.br\/wp-content\/uploads\/2024\/08\/1724000121_escola_lousa_1024x576_13012021175748.jpg?resize=370%2C247&ssl=1",370,247,true]},"uagb_author_info":{"display_name":"ismaelcolosi.com.br","author_link":"https:\/\/ismaelcolosi.com.br\/index.php\/author\/vidareal-online\/"},"uagb_comment_info":0,"uagb_excerpt":"Os n\u00fameros do \u00cdndice de Desenvolvimento da Educa\u00e7\u00e3o B\u00e1sica (Ideb) 2023, principal indicador de qualidade das escolas do Brasil, foram divulgados na \u00faltima quarta-feira (14),...","jetpack-related-posts":[{"id":60363,"url":"https:\/\/ismaelcolosi.com.br\/index.php\/2024\/08\/15\/confira-o-desempenho-das-escolas-de-ribeirao-preto-no-ideb-2023\/","url_meta":{"origin":60792,"position":0},"title":"Confira o desempenho das escolas de Ribeir\u00e3o Preto no Ideb 2023","author":"ismaelcolosi.com.br","date":"15 de August de 2024","format":false,"excerpt":"O Minist\u00e9rio da Educa\u00e7\u00e3o divulgou nesta quarta-feira (14), os n\u00fameros do \u00cdndice de Desenvolvimento da Educa\u00e7\u00e3o B\u00e1sica (Ideb) 2023, principal indicador de qualidade das escolas do Brasil. Realizado a cada dois anos, o levantamento avalia escolas estaduais e municipais nos anos iniciais do ensino fundamental (1\u00ba ao 5\u00ba), anos finais\u2026","rel":"","context":"In &quot;Not\u00edcias de Ribeir\u00e3o Preto-SP e Regi\u00e3o&quot;","block_context":{"text":"Not\u00edcias de Ribeir\u00e3o Preto-SP e Regi\u00e3o","link":"https:\/\/ismaelcolosi.com.br\/index.php\/category\/noticias-de-ribeirao-preto-sp-e-regiao-ismael-colosi\/"},"img":{"alt_text":"","src":"https:\/\/i0.wp.com\/ismaelcolosi.com.br\/wp-content\/uploads\/2024\/08\/escola_educacao_1024x576_04022021151910.jpg?fit=1024%2C576&ssl=1&resize=350%2C200","width":350,"height":200,"srcset":"https:\/\/i0.wp.com\/ismaelcolosi.com.br\/wp-content\/uploads\/2024\/08\/escola_educacao_1024x576_04022021151910.jpg?fit=1024%2C576&ssl=1&resize=350%2C200 1x, https:\/\/i0.wp.com\/ismaelcolosi.com.br\/wp-content\/uploads\/2024\/08\/escola_educacao_1024x576_04022021151910.jpg?fit=1024%2C576&ssl=1&resize=525%2C300 1.5x, https:\/\/i0.wp.com\/ismaelcolosi.com.br\/wp-content\/uploads\/2024\/08\/escola_educacao_1024x576_04022021151910.jpg?fit=1024%2C576&ssl=1&resize=700%2C400 2x"},"classes":[]},{"id":60787,"url":"https:\/\/ismaelcolosi.com.br\/index.php\/2024\/08\/18\/veja-o-ranking-das-melhores-escolas-publicas-de-ribeirao-preto\/","url_meta":{"origin":60792,"position":1},"title":"Veja o ranking das melhores escolas p\u00fablicas de Ribeir\u00e3o Preto","author":"ismaelcolosi.com.br","date":"18 de August de 2024","format":false,"excerpt":"Os n\u00fameros do \u00cdndice de Desenvolvimento da Educa\u00e7\u00e3o B\u00e1sica (Ideb) 2023, principal indicador de qualidade das escolas do Brasil, foram divulgados na \u00faltima quarta-feira (14), e apontam quais s\u00e3o as melhores escolas p\u00fablicas de Ribeir\u00e3o Preto. Realizado a cada dois anos, o levantamento avalia escolas estaduais e municipais nos anos\u2026","rel":"","context":"In &quot;Not\u00edcias de Ribeir\u00e3o Preto-SP e Regi\u00e3o&quot;","block_context":{"text":"Not\u00edcias de Ribeir\u00e3o Preto-SP e Regi\u00e3o","link":"https:\/\/ismaelcolosi.com.br\/index.php\/category\/noticias-de-ribeirao-preto-sp-e-regiao-ismael-colosi\/"},"img":{"alt_text":"","src":"https:\/\/i0.wp.com\/ismaelcolosi.com.br\/wp-content\/uploads\/2024\/08\/escola_lousa_1024x576_13012021175748.jpg?fit=1024%2C576&ssl=1&resize=350%2C200","width":350,"height":200,"srcset":"https:\/\/i0.wp.com\/ismaelcolosi.com.br\/wp-content\/uploads\/2024\/08\/escola_lousa_1024x576_13012021175748.jpg?fit=1024%2C576&ssl=1&resize=350%2C200 1x, https:\/\/i0.wp.com\/ismaelcolosi.com.br\/wp-content\/uploads\/2024\/08\/escola_lousa_1024x576_13012021175748.jpg?fit=1024%2C576&ssl=1&resize=525%2C300 1.5x, https:\/\/i0.wp.com\/ismaelcolosi.com.br\/wp-content\/uploads\/2024\/08\/escola_lousa_1024x576_13012021175748.jpg?fit=1024%2C576&ssl=1&resize=700%2C400 2x"},"classes":[]},{"id":37164,"url":"https:\/\/ismaelcolosi.com.br\/index.php\/2024\/02\/14\/aulas-na-rede-estadual-de-ensino-comecam-nesta-quinta-15\/","url_meta":{"origin":60792,"position":2},"title":"Aulas na rede estadual de ensino come\u00e7am nesta quinta (15)","author":"ismaelcolosi.com.br","date":"14 de February de 2024","format":false,"excerpt":"14 de fevereiro de 2024 | 17:0014 de fevereiro de 2024 | 12:29 0O ano letivo para 3 milh\u00f5es de alunos da rede estadual de ensino come\u00e7a nesta quinta-feira (15) nas mais de 5.000 escolas da Secretaria da Educa\u00e7\u00e3o do Estado de S\u00e3o Paulo (Seduc-SP). Em Ribeir\u00e3o Preto, s\u00e3o 45\u2026","rel":"","context":"In &quot;Not\u00edcias de Ribeir\u00e3o Preto-SP e Regi\u00e3o&quot;","block_context":{"text":"Not\u00edcias de Ribeir\u00e3o Preto-SP e Regi\u00e3o","link":"https:\/\/ismaelcolosi.com.br\/index.php\/category\/noticias-de-ribeirao-preto-sp-e-regiao-ismael-colosi\/"},"img":{"alt_text":"","src":"https:\/\/i0.wp.com\/ismaelcolosi.com.br\/wp-content\/uploads\/2024\/02\/imagemescolaaula2-scaled.jpg?fit=700%2C458&ssl=1&resize=350%2C200","width":350,"height":200,"srcset":"https:\/\/i0.wp.com\/ismaelcolosi.com.br\/wp-content\/uploads\/2024\/02\/imagemescolaaula2-scaled.jpg?fit=700%2C458&ssl=1&resize=350%2C200 1x, https:\/\/i0.wp.com\/ismaelcolosi.com.br\/wp-content\/uploads\/2024\/02\/imagemescolaaula2-scaled.jpg?fit=700%2C458&ssl=1&resize=525%2C300 1.5x, https:\/\/i0.wp.com\/ismaelcolosi.com.br\/wp-content\/uploads\/2024\/02\/imagemescolaaula2-scaled.jpg?fit=700%2C458&ssl=1&resize=700%2C400 2x"},"classes":[]},{"id":57391,"url":"https:\/\/ismaelcolosi.com.br\/index.php\/2024\/07\/20\/veja-as-escolas-que-podem-aderir-ao-ensino-civico-militar-na-regiao-de-ribeirao-preto\/","url_meta":{"origin":60792,"position":3},"title":"Veja as escolas que podem aderir ao ensino c\u00edvico-militar na regi\u00e3o de Ribeir\u00e3o Preto","author":"ismaelcolosi.com.br","date":"20 de July de 2024","format":false,"excerpt":"O Governo de S\u00e3o Paulo divulgou nesta semana que 12 escolas na regi\u00e3o de Ribeir\u00e3o Preto v\u00e3o passar por consulta sobre a ades\u00e3o ao programa do ensino c\u00edvico-militar. Segundo a Secretaria da Educa\u00e7\u00e3o de S\u00e3o Paulo, 45 escolas devem aderir ao modelo a partir de 2025. Escolas com consulta na\u2026","rel":"","context":"In &quot;Not\u00edcias de Ribeir\u00e3o Preto-SP e Regi\u00e3o&quot;","block_context":{"text":"Not\u00edcias de Ribeir\u00e3o Preto-SP e Regi\u00e3o","link":"https:\/\/ismaelcolosi.com.br\/index.php\/category\/noticias-de-ribeirao-preto-sp-e-regiao-ismael-colosi\/"},"img":{"alt_text":"","src":"https:\/\/i0.wp.com\/ismaelcolosi.com.br\/wp-content\/uploads\/2024\/07\/AnyConv.com__mario-delia_2024-07-20_17-37-45.webp.webp?fit=986%2C654&ssl=1&resize=350%2C200","width":350,"height":200,"srcset":"https:\/\/i0.wp.com\/ismaelcolosi.com.br\/wp-content\/uploads\/2024\/07\/AnyConv.com__mario-delia_2024-07-20_17-37-45.webp.webp?fit=986%2C654&ssl=1&resize=350%2C200 1x, https:\/\/i0.wp.com\/ismaelcolosi.com.br\/wp-content\/uploads\/2024\/07\/AnyConv.com__mario-delia_2024-07-20_17-37-45.webp.webp?fit=986%2C654&ssl=1&resize=525%2C300 1.5x, https:\/\/i0.wp.com\/ismaelcolosi.com.br\/wp-content\/uploads\/2024\/07\/AnyConv.com__mario-delia_2024-07-20_17-37-45.webp.webp?fit=986%2C654&ssl=1&resize=700%2C400 2x"},"classes":[]},{"id":84945,"url":"https:\/\/ismaelcolosi.com.br\/index.php\/2025\/04\/29\/curso-gratuito-com-240-vagas-em-ribeirao-preto-para-estudantes-de-escolas-publicas-beneficios-incluem-vale-transporte-alimentacao-e-apostilas-gratuitas\/","url_meta":{"origin":60792,"position":4},"title":"Curso gratuito com 240 vagas em Ribeir\u00e3o Preto para estudantes de escolas p\u00fablicas. Benef\u00edcios incluem vale-transporte, alimenta\u00e7\u00e3o e apostilas gratuitas.","author":"Arthur Tijolo","date":"29 de April de 2025","format":false,"excerpt":"\"Projete o Futuro\", que \u00e9 gratuito e feito especialmente para estudantes do ensino m\u00e9dio de escolas p\u00fablicas em Ribeir\u00e3o Preto. Ele ajuda jovens a se prepararem para o mercado de trabalho, ensinando coisas como como cuidar do dinheiro, se comunicar bem, trabalhar em equipe e entender como funcionam neg\u00f3cios e\u2026","rel":"","context":"In &quot;Cursos Gratuitos e Bolsas de Estudos&quot;","block_context":{"text":"Cursos Gratuitos e Bolsas de Estudos","link":"https:\/\/ismaelcolosi.com.br\/index.php\/category\/cursos-gratuitos-e-bolsas-de-estudos-ribeirao-preto\/"},"img":{"alt_text":"","src":"https:\/\/i0.wp.com\/ismaelcolosi.com.br\/wp-content\/uploads\/2025\/04\/colleagues-studying-together-college-exam-scaled.jpg?fit=1200%2C798&ssl=1&resize=350%2C200","width":350,"height":200,"srcset":"https:\/\/i0.wp.com\/ismaelcolosi.com.br\/wp-content\/uploads\/2025\/04\/colleagues-studying-together-college-exam-scaled.jpg?fit=1200%2C798&ssl=1&resize=350%2C200 1x, https:\/\/i0.wp.com\/ismaelcolosi.com.br\/wp-content\/uploads\/2025\/04\/colleagues-studying-together-college-exam-scaled.jpg?fit=1200%2C798&ssl=1&resize=525%2C300 1.5x, https:\/\/i0.wp.com\/ismaelcolosi.com.br\/wp-content\/uploads\/2025\/04\/colleagues-studying-together-college-exam-scaled.jpg?fit=1200%2C798&ssl=1&resize=700%2C400 2x, https:\/\/i0.wp.com\/ismaelcolosi.com.br\/wp-content\/uploads\/2025\/04\/colleagues-studying-together-college-exam-scaled.jpg?fit=1200%2C798&ssl=1&resize=1050%2C600 3x"},"classes":[]},{"id":57235,"url":"https:\/\/ismaelcolosi.com.br\/index.php\/2024\/07\/18\/saiba-qual-escola-de-ribeirao-preto-pode-aderir-ao-programa-de-ensino-civico-militar\/","url_meta":{"origin":60792,"position":5},"title":"Saiba qual escola de Ribeir\u00e3o Preto pode aderir ao programa de ensino c\u00edvico-militar","author":"ismaelcolosi.com.br","date":"18 de July de 2024","format":false,"excerpt":"O Governo de S\u00e3o Paulo divulgou nesta quinta-feira (18) que uma escola de Ribeir\u00e3o Preto ter\u00e1 consulta sobre a ades\u00e3o do programa do ensino c\u00edvico-militar. Na regi\u00e3o, s\u00e3o 12 escolas que passar\u00e3o pela consulta. Segundo a Secretaria da Educa\u00e7\u00e3o de S\u00e3o Paulo, o programa pretende contar com 45 escolas a\u2026","rel":"","context":"In &quot;Not\u00edcias de Ribeir\u00e3o Preto-SP e Regi\u00e3o&quot;","block_context":{"text":"Not\u00edcias de Ribeir\u00e3o Preto-SP e Regi\u00e3o","link":"https:\/\/ismaelcolosi.com.br\/index.php\/category\/noticias-de-ribeirao-preto-sp-e-regiao-ismael-colosi\/"},"img":{"alt_text":"","src":"https:\/\/i0.wp.com\/ismaelcolosi.com.br\/wp-content\/uploads\/2024\/07\/escola-civico-militar-ribeirao-preto_2024-07-18_20-35-09_jpg_2024-07-18_20-35-10.webp.webp?fit=1020%2C766&ssl=1&resize=350%2C200","width":350,"height":200,"srcset":"https:\/\/i0.wp.com\/ismaelcolosi.com.br\/wp-content\/uploads\/2024\/07\/escola-civico-militar-ribeirao-preto_2024-07-18_20-35-09_jpg_2024-07-18_20-35-10.webp.webp?fit=1020%2C766&ssl=1&resize=350%2C200 1x, https:\/\/i0.wp.com\/ismaelcolosi.com.br\/wp-content\/uploads\/2024\/07\/escola-civico-militar-ribeirao-preto_2024-07-18_20-35-09_jpg_2024-07-18_20-35-10.webp.webp?fit=1020%2C766&ssl=1&resize=525%2C300 1.5x, https:\/\/i0.wp.com\/ismaelcolosi.com.br\/wp-content\/uploads\/2024\/07\/escola-civico-militar-ribeirao-preto_2024-07-18_20-35-09_jpg_2024-07-18_20-35-10.webp.webp?fit=1020%2C766&ssl=1&resize=700%2C400 2x"},"classes":[]}],"jetpack_sharing_enabled":true,"jetpack_shortlink":"https:\/\/wp.me\/pfMlyK-fOw","_links":{"self":[{"href":"https:\/\/ismaelcolosi.com.br\/index.php\/wp-json\/wp\/v2\/posts\/60792","targetHints":{"allow":["GET"]}}],"collection":[{"href":"https:\/\/ismaelcolosi.com.br\/index.php\/wp-json\/wp\/v2\/posts"}],"about":[{"href":"https:\/\/ismaelcolosi.com.br\/index.php\/wp-json\/wp\/v2\/types\/post"}],"author":[{"embeddable":true,"href":"https:\/\/ismaelcolosi.com.br\/index.php\/wp-json\/wp\/v2\/users\/1"}],"replies":[{"embeddable":true,"href":"https:\/\/ismaelcolosi.com.br\/index.php\/wp-json\/wp\/v2\/comments?post=60792"}],"version-history":[{"count":0,"href":"https:\/\/ismaelcolosi.com.br\/index.php\/wp-json\/wp\/v2\/posts\/60792\/revisions"}],"wp:featuredmedia":[{"embeddable":true,"href":"https:\/\/ismaelcolosi.com.br\/index.php\/wp-json\/wp\/v2\/media\/60793"}],"wp:attachment":[{"href":"https:\/\/ismaelcolosi.com.br\/index.php\/wp-json\/wp\/v2\/media?parent=60792"}],"wp:term":[{"taxonomy":"category","embeddable":true,"href":"https:\/\/ismaelcolosi.com.br\/index.php\/wp-json\/wp\/v2\/categories?post=60792"},{"taxonomy":"post_tag","embeddable":true,"href":"https:\/\/ismaelcolosi.com.br\/index.php\/wp-json\/wp\/v2\/tags?post=60792"}],"curies":[{"name":"wp","href":"https:\/\/api.w.org\/{rel}","templated":true}]}}