{"id":60782,"date":"2024-08-18T12:21:57","date_gmt":"2024-08-18T15:21:57","guid":{"rendered":"https:\/\/ismaelcolosi.com.br\/index.php\/2024\/08\/18\/humorista-marco-luque-apresenta-stand-up-em-teatro-de-ribeirao-preto\/"},"modified":"2024-08-18T12:21:57","modified_gmt":"2024-08-18T15:21:57","slug":"humorista-marco-luque-apresenta-stand-up-em-teatro-de-ribeirao-preto","status":"publish","type":"post","link":"https:\/\/ismaelcolosi.com.br\/index.php\/2024\/08\/18\/humorista-marco-luque-apresenta-stand-up-em-teatro-de-ribeirao-preto\/","title":{"rendered":"Humorista Marco Luque apresenta stand up em teatro de Ribeir\u00e3o Preto"},"content":{"rendered":"<p> <br \/>\n<\/p>\n<div data-td-block-uid=\"tdi_106\">\n<div class=\"tdb-block-inner td-fix-index\">\n<p>O ator e apresentador <strong>Marco Luque <\/strong>chega a <strong>Ribeir\u00e3o Preto<\/strong> com o espet\u00e1culo \u2018<strong>Dilatados<\/strong>\u2019 no dia 27 de setembro, \u00e0s 20h, no <strong>Theatro Pedro II<\/strong>. <mark style=\"background-color:#fcb900\" class=\"has-inline-color\"><strong>Os ingressos ainda est\u00e3o dispon\u00edveis \u2013 saiba mais abaixo.<\/strong><\/mark><\/p>\n<p>Durante a apresenta\u00e7\u00e3o, o humorista apresenta <strong>Mustafary<\/strong>, um vegetariano ir\u00f4nico e controverso, que prega a sustentabilidade do planeta, ama os animais, a natureza e, principalmente, seu cachorro \u201c<strong>Serumaninho<\/strong>\u201d.<\/p>\n<p>Al\u00e9m dele, Luque tamb\u00e9m interpreta <strong>Jackson Faive<\/strong>, o <strong>motoboy paulistano<\/strong> mais famoso do Brasil para trocar ideia sobre tudo de mais dilatado que vem ocorrendo nessa biosfera terrestre.<\/p>\n<h4 class=\"wp-block-heading\"><strong>Ingressos<\/strong><\/h4>\n<p>Os ingressos para a apresenta\u00e7\u00e3o de<strong> Marco Luque<\/strong> podem ser adquiridos de <strong>forma on-line<\/strong> atrav\u00e9s da plataforma <strong>Ingresso Digital (<a href=\"https:\/\/www.ingressodigital.com\/evento\/12119\/Marco_Luque__Dilatados\" target=\"_blank\" rel=\"noreferrer noopener\">clique aqui<\/a>)<\/strong>. Confira os valores e setores:<\/p>\n<ul>\n<li>Plateia e Frisa (t\u00e9rreo em frente ao palco): R$ 140 inteira | R$ 70 meia-entrada\u00a0<\/li>\n<\/ul>\n<ul>\n<li>Balc\u00e3o Nobre (1\u00ba andar): R$ 120 inteira | R$ 60 meia-entrada<\/li>\n<\/ul>\n<ul>\n<li>Balc\u00e3o Simples (2\u00ba andar): R$ 100 inteira | R$ 50 meia-entrada<\/li>\n<\/ul>\n<p><em>Vale ressaltar que os valores podem sofrer altera\u00e7\u00e3o a qualquer momento.<\/em><\/p>\n<h4 class=\"wp-block-heading\"><strong>Servi\u00e7o<\/strong><\/h4>\n<p>Data: 27 de setembro<\/p>\n<p>Hor\u00e1rio: \u00e0s 20h<\/p>\n<p>Local: Theatro Pedro II \u2013 rua \u00c1lvares Cabral, 370 \u2013 Centro, Ribeir\u00e3o Preto<\/p>\n<p>Ingressos: a partir de R$ 50 (meia-entrada) \u2013 <a href=\"https:\/\/www.ingressodigital.com\/evento\/12119\/Marco_Luque__Dilatados\" target=\"_blank\" rel=\"noreferrer noopener\">clique aqui para adquirir<\/a><\/p>\n<p>Classifica\u00e7\u00e3o: 14 anos<\/p>\n<hr class=\"wp-block-separator has-alpha-channel-opacity\"\/>\n<p>SAIBA MAIS<\/p>\n<p>Novo parque de Ribeir\u00e3o Preto ganha nome e deve ser aberto no pr\u00f3ximo m\u00eas<\/p>\n<h4 class=\"wp-block-heading\"><strong>FIQUE ON<\/strong><\/h4>\n<p>Fique ligado em tudo que acontece em Ribeir\u00e3o Preto e regi\u00e3o. Siga os perfis do\u00a0<strong>acidade on<\/strong>\u00a0no<a href=\"https:\/\/www.instagram.com\/acidadeonribeirao\" target=\"_blank\" rel=\"noreferrer noopener\">\u00a0Instagram<\/a>\u00a0e no\u00a0<a href=\"https:\/\/www.facebook.com\/acidadeonribeirao\/\" target=\"_blank\" rel=\"noreferrer noopener\">Facebook<\/a>.<\/p>\n<p>Receba not\u00edcias do<strong>\u00a0acidade on\u00a0<\/strong>no WhatsApp.\u00a0<a href=\"https:\/\/chat.whatsapp.com\/Dtv9mxhy6V5BJBotM2OQ5k\" target=\"_blank\" rel=\"noreferrer noopener\">Para entrar no grupo, basta clicar aqui.<\/a><\/p>\n<p>Fa\u00e7a uma den\u00fancia ou sugira uma reportagem sobre Ribeir\u00e3o Preto e regi\u00e3o pelo WhatsApp: 16 99117 7802.<\/p>\n<p>VEJA TAMB\u00c9M<\/p>\n<p>Como fazer sufl\u00ea de maracuj\u00e1 da Ana Maria?<\/p>\n<p><!-- CONTENT END 1 -->\n<\/div>\n<\/div>\n<p><script async src=\"\/\/www.instagram.com\/embed.js\"><\/script><br \/>\n<br \/><br \/>\n<br \/><a href=\"https:\/\/www.acidadeon.com\/ribeiraopreto\/cotidiano\/humorista-marco-luque-apresenta-stand-up-em-teatro-de-ribeirao-preto\/\">Source link <\/a><\/p>\n","protected":false},"excerpt":{"rendered":"<p>O ator e apresentador Marco Luque chega a Ribeir\u00e3o Preto com o espet\u00e1culo \u2018Dilatados\u2019 no dia 27 de setembro, \u00e0s 20h, no Theatro Pedro II&#8230;.<\/p>\n","protected":false},"author":1,"featured_media":60783,"comment_status":"open","ping_status":"open","sticky":false,"template":"","format":"standard","meta":{"_uag_custom_page_level_css":"","advanced_seo_description":"","jetpack_seo_html_title":"","jetpack_seo_noindex":false,"jetpack_post_was_ever_published":false,"_jetpack_newsletter_access":"","_jetpack_dont_email_post_to_subs":false,"_jetpack_newsletter_tier_id":0,"_jetpack_memberships_contains_paywalled_content":false,"_jetpack_memberships_contains_paid_content":false,"footnotes":"","jetpack_publicize_message":"","jetpack_publicize_feature_enabled":true,"jetpack_social_post_already_shared":true,"jetpack_social_options":{"image_generator_settings":{"template":"highway","default_image_id":0,"font":"","enabled":false},"version":2}},"categories":[11],"tags":[],"class_list":["post-60782","post","type-post","status-publish","format-standard","has-post-thumbnail","hentry","category-noticias-de-ribeirao-preto-sp-e-regiao-ismael-colosi"],"jetpack_publicize_connections":[],"jetpack_featured_media_url":"https:\/\/i0.wp.com\/ismaelcolosi.com.br\/wp-content\/uploads\/2024\/08\/438844151_18429265822027693_9171717195427343944_n_2024-08-18_15-01-42_jpg_2024-08-18_15-01-42.webp.webp?fit=1066%2C711&ssl=1","uagb_featured_image_src":{"full":["https:\/\/i0.wp.com\/ismaelcolosi.com.br\/wp-content\/uploads\/2024\/08\/438844151_18429265822027693_9171717195427343944_n_2024-08-18_15-01-42_jpg_2024-08-18_15-01-42.webp.webp?fit=1066%2C711&ssl=1",1066,711,false],"thumbnail":["https:\/\/i0.wp.com\/ismaelcolosi.com.br\/wp-content\/uploads\/2024\/08\/438844151_18429265822027693_9171717195427343944_n_2024-08-18_15-01-42_jpg_2024-08-18_15-01-42.webp.webp?resize=150%2C150&ssl=1",150,150,true],"medium":["https:\/\/i0.wp.com\/ismaelcolosi.com.br\/wp-content\/uploads\/2024\/08\/438844151_18429265822027693_9171717195427343944_n_2024-08-18_15-01-42_jpg_2024-08-18_15-01-42.webp.webp?fit=300%2C200&ssl=1",300,200,true],"medium_large":["https:\/\/i0.wp.com\/ismaelcolosi.com.br\/wp-content\/uploads\/2024\/08\/438844151_18429265822027693_9171717195427343944_n_2024-08-18_15-01-42_jpg_2024-08-18_15-01-42.webp.webp?fit=768%2C512&ssl=1",768,512,true],"large":["https:\/\/i0.wp.com\/ismaelcolosi.com.br\/wp-content\/uploads\/2024\/08\/438844151_18429265822027693_9171717195427343944_n_2024-08-18_15-01-42_jpg_2024-08-18_15-01-42.webp.webp?fit=1024%2C683&ssl=1",1024,683,true],"1536x1536":["https:\/\/i0.wp.com\/ismaelcolosi.com.br\/wp-content\/uploads\/2024\/08\/438844151_18429265822027693_9171717195427343944_n_2024-08-18_15-01-42_jpg_2024-08-18_15-01-42.webp.webp?fit=1066%2C711&ssl=1",1066,711,true],"2048x2048":["https:\/\/i0.wp.com\/ismaelcolosi.com.br\/wp-content\/uploads\/2024\/08\/438844151_18429265822027693_9171717195427343944_n_2024-08-18_15-01-42_jpg_2024-08-18_15-01-42.webp.webp?fit=1066%2C711&ssl=1",1066,711,true],"really-simple-thumb":["https:\/\/i0.wp.com\/ismaelcolosi.com.br\/wp-content\/uploads\/2024\/08\/438844151_18429265822027693_9171717195427343944_n_2024-08-18_15-01-42_jpg_2024-08-18_15-01-42.webp.webp?resize=370%2C247&ssl=1",370,247,true]},"uagb_author_info":{"display_name":"ismaelcolosi.com.br","author_link":"https:\/\/ismaelcolosi.com.br\/index.php\/author\/vidareal-online\/"},"uagb_comment_info":0,"uagb_excerpt":"O ator e apresentador Marco Luque chega a Ribeir\u00e3o Preto com o espet\u00e1culo \u2018Dilatados\u2019 no dia 27 de setembro, \u00e0s 20h, no Theatro Pedro II....","jetpack-related-posts":[{"id":60797,"url":"https:\/\/ismaelcolosi.com.br\/index.php\/2024\/08\/18\/humorista-marco-luque-apresenta-stand-up-em-teatro-de-ribeirao-preto-2\/","url_meta":{"origin":60782,"position":0},"title":"Humorista Marco Luque apresenta stand up em teatro de Ribeir\u00e3o Preto","author":"ismaelcolosi.com.br","date":"18 de August de 2024","format":false,"excerpt":"O ator e apresentador Marco Luque chega a Ribeir\u00e3o Preto com o espet\u00e1culo \u2018Dilatados\u2019 no dia 27 de setembro, \u00e0s 20h, no Theatro Pedro II. Os ingressos ainda est\u00e3o dispon\u00edveis \u2013 saiba mais abaixo. Durante a apresenta\u00e7\u00e3o, o humorista apresenta Mustafary, um vegetariano ir\u00f4nico e controverso, que prega a sustentabilidade\u2026","rel":"","context":"In &quot;Not\u00edcias de Ribeir\u00e3o Preto-SP e Regi\u00e3o&quot;","block_context":{"text":"Not\u00edcias de Ribeir\u00e3o Preto-SP e Regi\u00e3o","link":"https:\/\/ismaelcolosi.com.br\/index.php\/category\/noticias-de-ribeirao-preto-sp-e-regiao-ismael-colosi\/"},"img":{"alt_text":"","src":"https:\/\/i0.wp.com\/ismaelcolosi.com.br\/wp-content\/uploads\/2024\/08\/438844151_18429265822027693_9171717195427343944_n_2024-08-18_15-01-42_jpg_2024-08-18_15-01-42.webp.webp?fit=1066%2C711&ssl=1&resize=350%2C200","width":350,"height":200,"srcset":"https:\/\/i0.wp.com\/ismaelcolosi.com.br\/wp-content\/uploads\/2024\/08\/438844151_18429265822027693_9171717195427343944_n_2024-08-18_15-01-42_jpg_2024-08-18_15-01-42.webp.webp?fit=1066%2C711&ssl=1&resize=350%2C200 1x, https:\/\/i0.wp.com\/ismaelcolosi.com.br\/wp-content\/uploads\/2024\/08\/438844151_18429265822027693_9171717195427343944_n_2024-08-18_15-01-42_jpg_2024-08-18_15-01-42.webp.webp?fit=1066%2C711&ssl=1&resize=525%2C300 1.5x, https:\/\/i0.wp.com\/ismaelcolosi.com.br\/wp-content\/uploads\/2024\/08\/438844151_18429265822027693_9171717195427343944_n_2024-08-18_15-01-42_jpg_2024-08-18_15-01-42.webp.webp?fit=1066%2C711&ssl=1&resize=700%2C400 2x, https:\/\/i0.wp.com\/ismaelcolosi.com.br\/wp-content\/uploads\/2024\/08\/438844151_18429265822027693_9171717195427343944_n_2024-08-18_15-01-42_jpg_2024-08-18_15-01-42.webp.webp?fit=1066%2C711&ssl=1&resize=1050%2C600 3x"},"classes":[]},{"id":68103,"url":"https:\/\/ismaelcolosi.com.br\/index.php\/2024\/09\/27\/luisa-sonza-oktobefest-e-muita-coxinha-veja-agenda-do-fim-de-semana-em-ribeirao-preto\/","url_meta":{"origin":60782,"position":1},"title":"Lu\u00edsa Sonza, Oktobefest e muita coxinha: Veja agenda do fim de semana em Ribeir\u00e3o Preto","author":"ismaelcolosi.com.br","date":"27 de September de 2024","format":false,"excerpt":"Para encerrar setembro com muita agita\u00e7\u00e3o, a agenda cultural deste fim de semana em Ribeir\u00e3o Preto conta com diversas atividades para diferentes idades e gostos. Entre os destaques, tem show da cantora Lu\u00edsa Sonza, Oktoberfest Ribeir\u00e3o, o Vila Dion\u00edsio Festival e a pe\u00e7a Mem\u00f3rias do Vinho. Confira. Festival Vira Copos\u2026","rel":"","context":"In &quot;Not\u00edcias de Ribeir\u00e3o Preto-SP e Regi\u00e3o&quot;","block_context":{"text":"Not\u00edcias de Ribeir\u00e3o Preto-SP e Regi\u00e3o","link":"https:\/\/ismaelcolosi.com.br\/index.php\/category\/noticias-de-ribeirao-preto-sp-e-regiao-ismael-colosi\/"},"img":{"alt_text":"","src":"https:\/\/i0.wp.com\/ismaelcolosi.com.br\/wp-content\/uploads\/2024\/09\/sextou_2024-09-27_12-48-40_jpeg_2024-09-27_12-48-40.webp.webp?fit=1200%2C675&ssl=1&resize=350%2C200","width":350,"height":200,"srcset":"https:\/\/i0.wp.com\/ismaelcolosi.com.br\/wp-content\/uploads\/2024\/09\/sextou_2024-09-27_12-48-40_jpeg_2024-09-27_12-48-40.webp.webp?fit=1200%2C675&ssl=1&resize=350%2C200 1x, https:\/\/i0.wp.com\/ismaelcolosi.com.br\/wp-content\/uploads\/2024\/09\/sextou_2024-09-27_12-48-40_jpeg_2024-09-27_12-48-40.webp.webp?fit=1200%2C675&ssl=1&resize=525%2C300 1.5x, https:\/\/i0.wp.com\/ismaelcolosi.com.br\/wp-content\/uploads\/2024\/09\/sextou_2024-09-27_12-48-40_jpeg_2024-09-27_12-48-40.webp.webp?fit=1200%2C675&ssl=1&resize=700%2C400 2x, https:\/\/i0.wp.com\/ismaelcolosi.com.br\/wp-content\/uploads\/2024\/09\/sextou_2024-09-27_12-48-40_jpeg_2024-09-27_12-48-40.webp.webp?fit=1200%2C675&ssl=1&resize=1050%2C600 3x"},"classes":[]},{"id":45177,"url":"https:\/\/ismaelcolosi.com.br\/index.php\/2024\/04\/02\/humorista-frances-paul-cabannes-se-apresenta-em-ribeirao-preto-confira\/","url_meta":{"origin":60782,"position":2},"title":"Humorista franc\u00eas Paul Cabannes se apresenta em Ribeir\u00e3o Preto; Confira","author":"ismaelcolosi.com.br","date":"2 de April de 2024","format":false,"excerpt":"O humorista franc\u00eas Paul Cabannes apresenta o stand-up \u201cAlma de Brasileiro\u201d em Ribeir\u00e3o Preto na pr\u00f3xima sexta-feira (5). A apresenta\u00e7\u00e3o marcada para \u00e0s 20h, ser\u00e1 no Theatro Pedro II. Paul ficou conhecido ap\u00f3s a turn\u00ea pelo Brasil com o nome \u201cParisileiro\u201d, que atraiu milhares de pessoas \u00e0s apresenta\u00e7\u00f5es em diversos\u2026","rel":"","context":"In &quot;Not\u00edcias de Ribeir\u00e3o Preto-SP e Regi\u00e3o&quot;","block_context":{"text":"Not\u00edcias de Ribeir\u00e3o Preto-SP e Regi\u00e3o","link":"https:\/\/ismaelcolosi.com.br\/index.php\/category\/noticias-de-ribeirao-preto-sp-e-regiao-ismael-colosi\/"},"img":{"alt_text":"","src":"https:\/\/i0.wp.com\/ismaelcolosi.com.br\/wp-content\/uploads\/2024\/04\/Horiz-Paul-Cabannes-credJoaoMamede-3-scaled.jpg?fit=1200%2C787&ssl=1&resize=350%2C200","width":350,"height":200,"srcset":"https:\/\/i0.wp.com\/ismaelcolosi.com.br\/wp-content\/uploads\/2024\/04\/Horiz-Paul-Cabannes-credJoaoMamede-3-scaled.jpg?fit=1200%2C787&ssl=1&resize=350%2C200 1x, https:\/\/i0.wp.com\/ismaelcolosi.com.br\/wp-content\/uploads\/2024\/04\/Horiz-Paul-Cabannes-credJoaoMamede-3-scaled.jpg?fit=1200%2C787&ssl=1&resize=525%2C300 1.5x, https:\/\/i0.wp.com\/ismaelcolosi.com.br\/wp-content\/uploads\/2024\/04\/Horiz-Paul-Cabannes-credJoaoMamede-3-scaled.jpg?fit=1200%2C787&ssl=1&resize=700%2C400 2x, https:\/\/i0.wp.com\/ismaelcolosi.com.br\/wp-content\/uploads\/2024\/04\/Horiz-Paul-Cabannes-credJoaoMamede-3-scaled.jpg?fit=1200%2C787&ssl=1&resize=1050%2C600 3x"},"classes":[]},{"id":40887,"url":"https:\/\/ismaelcolosi.com.br\/index.php\/2024\/03\/05\/danilo-gentili-se-apresenta-em-ribeirao-preto-ingressos-ainda-estao-disponiveis\/","url_meta":{"origin":60782,"position":3},"title":"Danilo Gentili se apresenta em Ribeir\u00e3o Preto; Ingressos ainda est\u00e3o dispon\u00edveis","author":"ismaelcolosi.com.br","date":"5 de March de 2024","format":false,"excerpt":"O humorista Danilo Gentili desembarca em Ribeir\u00e3o Preto, neste s\u00e1bado (9), \u00e0s 20h, para apresenta\u00e7\u00e3o no Theatro Dom Pedro II, localizado no Centro do munic\u00edpio. Os ingressos para o show ainda est\u00e3o dispon\u00edveis e podem ser adquiridos de forma on-line (clique aqui) ou na bilheteria do Theatro \u2013 clique aqui\u2026","rel":"","context":"In &quot;Not\u00edcias de Ribeir\u00e3o Preto-SP e Regi\u00e3o&quot;","block_context":{"text":"Not\u00edcias de Ribeir\u00e3o Preto-SP e Regi\u00e3o","link":"https:\/\/ismaelcolosi.com.br\/index.php\/category\/noticias-de-ribeirao-preto-sp-e-regiao-ismael-colosi\/"},"img":{"alt_text":"","src":"https:\/\/i0.wp.com\/ismaelcolosi.com.br\/wp-content\/uploads\/2024\/03\/AnyConv.com__danilo-gentilli-01.webp.webp?fit=1200%2C675&ssl=1&resize=350%2C200","width":350,"height":200,"srcset":"https:\/\/i0.wp.com\/ismaelcolosi.com.br\/wp-content\/uploads\/2024\/03\/AnyConv.com__danilo-gentilli-01.webp.webp?fit=1200%2C675&ssl=1&resize=350%2C200 1x, https:\/\/i0.wp.com\/ismaelcolosi.com.br\/wp-content\/uploads\/2024\/03\/AnyConv.com__danilo-gentilli-01.webp.webp?fit=1200%2C675&ssl=1&resize=525%2C300 1.5x, https:\/\/i0.wp.com\/ismaelcolosi.com.br\/wp-content\/uploads\/2024\/03\/AnyConv.com__danilo-gentilli-01.webp.webp?fit=1200%2C675&ssl=1&resize=700%2C400 2x, https:\/\/i0.wp.com\/ismaelcolosi.com.br\/wp-content\/uploads\/2024\/03\/AnyConv.com__danilo-gentilli-01.webp.webp?fit=1200%2C675&ssl=1&resize=1050%2C600 3x"},"classes":[]},{"id":65604,"url":"https:\/\/ismaelcolosi.com.br\/index.php\/2024\/09\/12\/humorista-diogo-portugal-se-apresenta-esse-fim-de-semana-em-ribeirao-preto\/","url_meta":{"origin":60782,"position":4},"title":"Humorista Diogo Portugal se apresenta esse fim de semana em Ribeir\u00e3o Preto","author":"ismaelcolosi.com.br","date":"12 de September de 2024","format":false,"excerpt":"O humorista Diogo Portugal traz para o palco do Teatro Santarosa, em Ribeir\u00e3o Preto, seu novo stand-up \u201cBurrice Artificial\u201d. A apresenta\u00e7\u00e3o acontece nesta sexta-feira (13), a partir das 20h. O show convida o p\u00fablico a refletir sobre a depend\u00eancia da tecnologia. Durante a apresenta\u00e7\u00e3o, o humorista transita nas mudan\u00e7as e\u2026","rel":"","context":"In &quot;Not\u00edcias de Ribeir\u00e3o Preto-SP e Regi\u00e3o&quot;","block_context":{"text":"Not\u00edcias de Ribeir\u00e3o Preto-SP e Regi\u00e3o","link":"https:\/\/ismaelcolosi.com.br\/index.php\/category\/noticias-de-ribeirao-preto-sp-e-regiao-ismael-colosi\/"},"img":{"alt_text":"","src":"https:\/\/i0.wp.com\/ismaelcolosi.com.br\/wp-content\/uploads\/2024\/09\/diogo_portugal_2024-09-12_14-13-53.webp.webp?fit=984%2C656&ssl=1&resize=350%2C200","width":350,"height":200,"srcset":"https:\/\/i0.wp.com\/ismaelcolosi.com.br\/wp-content\/uploads\/2024\/09\/diogo_portugal_2024-09-12_14-13-53.webp.webp?fit=984%2C656&ssl=1&resize=350%2C200 1x, https:\/\/i0.wp.com\/ismaelcolosi.com.br\/wp-content\/uploads\/2024\/09\/diogo_portugal_2024-09-12_14-13-53.webp.webp?fit=984%2C656&ssl=1&resize=525%2C300 1.5x, https:\/\/i0.wp.com\/ismaelcolosi.com.br\/wp-content\/uploads\/2024\/09\/diogo_portugal_2024-09-12_14-13-53.webp.webp?fit=984%2C656&ssl=1&resize=700%2C400 2x"},"classes":[]},{"id":33457,"url":"https:\/\/ismaelcolosi.com.br\/index.php\/2024\/01\/29\/renato-albani-se-apresenta-em-marco-no-pedro-ii-em-ribeirao-ingressos-estao-a-venda\/","url_meta":{"origin":60782,"position":5},"title":"Renato Albani se apresenta em mar\u00e7o no Pedro II em Ribeir\u00e3o; Ingressos est\u00e3o \u00e0 venda","author":"ismaelcolosi.com.br","date":"29 de January de 2024","format":false,"excerpt":"O humorista Renato Albani retorna a Ribeir\u00e3o Preto para apresentar o \u201cNovo Show\u201d no Theatro Pedro II, no dia 15 de mar\u00e7o, \u00e0s 19h. Os ingressos j\u00e1 est\u00e3o \u00e0 venda e custam entre R$ 45 a R$ 120. Renato Albani j\u00e1 esteve em Ribeir\u00e3o com seu sucesso \u201cAssim Caminha a\u2026","rel":"","context":"In &quot;Not\u00edcias de Ribeir\u00e3o Preto-SP e Regi\u00e3o&quot;","block_context":{"text":"Not\u00edcias de Ribeir\u00e3o Preto-SP e Regi\u00e3o","link":"https:\/\/ismaelcolosi.com.br\/index.php\/category\/noticias-de-ribeirao-preto-sp-e-regiao-ismael-colosi\/"},"img":{"alt_text":"","src":"https:\/\/i0.wp.com\/ismaelcolosi.com.br\/wp-content\/uploads\/2024\/01\/90e9a64be479f7747ca0dd28d7c0d984.jpg?fit=599%2C454&ssl=1&resize=350%2C200","width":350,"height":200,"srcset":"https:\/\/i0.wp.com\/ismaelcolosi.com.br\/wp-content\/uploads\/2024\/01\/90e9a64be479f7747ca0dd28d7c0d984.jpg?fit=599%2C454&ssl=1&resize=350%2C200 1x, https:\/\/i0.wp.com\/ismaelcolosi.com.br\/wp-content\/uploads\/2024\/01\/90e9a64be479f7747ca0dd28d7c0d984.jpg?fit=599%2C454&ssl=1&resize=525%2C300 1.5x"},"classes":[]}],"jetpack_sharing_enabled":true,"jetpack_shortlink":"https:\/\/wp.me\/pfMlyK-fOm","_links":{"self":[{"href":"https:\/\/ismaelcolosi.com.br\/index.php\/wp-json\/wp\/v2\/posts\/60782","targetHints":{"allow":["GET"]}}],"collection":[{"href":"https:\/\/ismaelcolosi.com.br\/index.php\/wp-json\/wp\/v2\/posts"}],"about":[{"href":"https:\/\/ismaelcolosi.com.br\/index.php\/wp-json\/wp\/v2\/types\/post"}],"author":[{"embeddable":true,"href":"https:\/\/ismaelcolosi.com.br\/index.php\/wp-json\/wp\/v2\/users\/1"}],"replies":[{"embeddable":true,"href":"https:\/\/ismaelcolosi.com.br\/index.php\/wp-json\/wp\/v2\/comments?post=60782"}],"version-history":[{"count":0,"href":"https:\/\/ismaelcolosi.com.br\/index.php\/wp-json\/wp\/v2\/posts\/60782\/revisions"}],"wp:featuredmedia":[{"embeddable":true,"href":"https:\/\/ismaelcolosi.com.br\/index.php\/wp-json\/wp\/v2\/media\/60783"}],"wp:attachment":[{"href":"https:\/\/ismaelcolosi.com.br\/index.php\/wp-json\/wp\/v2\/media?parent=60782"}],"wp:term":[{"taxonomy":"category","embeddable":true,"href":"https:\/\/ismaelcolosi.com.br\/index.php\/wp-json\/wp\/v2\/categories?post=60782"},{"taxonomy":"post_tag","embeddable":true,"href":"https:\/\/ismaelcolosi.com.br\/index.php\/wp-json\/wp\/v2\/tags?post=60782"}],"curies":[{"name":"wp","href":"https:\/\/api.w.org\/{rel}","templated":true}]}}