{"id":60755,"date":"2024-08-18T08:28:10","date_gmt":"2024-08-18T11:28:10","guid":{"rendered":"https:\/\/ismaelcolosi.com.br\/index.php\/2024\/08\/18\/explosao-de-bateria-de-litio-em-elevador-na-china-acende-alerta-global-sobre-seguranca\/"},"modified":"2024-08-18T08:28:10","modified_gmt":"2024-08-18T11:28:10","slug":"explosao-de-bateria-de-litio-em-elevador-na-china-acende-alerta-global-sobre-seguranca","status":"publish","type":"post","link":"https:\/\/ismaelcolosi.com.br\/index.php\/2024\/08\/18\/explosao-de-bateria-de-litio-em-elevador-na-china-acende-alerta-global-sobre-seguranca\/","title":{"rendered":"Explos\u00e3o de bateria de l\u00edtio em elevador na China acende alerta global sobre seguran\u00e7a"},"content":{"rendered":"<p> <br \/>\n<\/p>\n<div>\n<p><mark style=\"background-color:#fcb900\" class=\"has-inline-color has-black-color\">Um v\u00eddeo do ano de 2021 viralizou recentemente nas redes sociais, mostrando o momento exato em que uma bateria de l\u00edtio explode dentro de um elevador na <strong>China<\/strong>, matando um homem carbonizado<\/mark>. Este fato chamou a aten\u00e7\u00e3o para os perigos associados a esse tipo de tecnologia, amplamente utilizada em bicicletas el\u00e9tricas, carros, notebooks e celulares.\u00a0\u00a0<\/p>\n<p>O v\u00eddeo mostra um homem entrando em um elevador com uma bateria de l\u00edtio. Poucos momentos depois, a bateria explode, envolvendo o elevador em chamas em quest\u00e3o de segundos. O homem, que estava desprevenido, morreu carbonizado instantaneamente.<\/p>\n<p>As baterias de l\u00edtio s\u00e3o amplamente utilizadas por suas diversas vantagens: <mark style=\"background-color:#fcb900\" class=\"has-inline-color has-black-color\">oferecem alta densidade de carga, possuem uma vida \u00fatil prolongada, apresentam baixa taxa de autodescarga e possibilitam um carregamento r\u00e1pido.<\/mark> Contudo, esses benef\u00edcios v\u00eam acompanhados de riscos, particularmente quando h\u00e1 falhas no manuseio, fabrica\u00e7\u00e3o ou manuten\u00e7\u00e3o inadequada.\u00a0<\/p>\n<p>Os perigos mais comuns incluem:\u00a0\u00a0<\/p>\n<p><strong>1. Riscos de Explos\u00e3o:<\/strong> As baterias de l\u00edtio cont\u00eam produtos qu\u00edmicos altamente reativos, o que pode levar a explos\u00f5es se for exposta a altas temperaturas, danos f\u00edsicos ou uso inadequado.\u00a0<\/p>\n<p><strong>2. Fugas T\u00e9rmicas:<\/strong> Em casos de superaquecimento, as baterias podem entrar em uma fuga t\u00e9rmica, onde o calor gerado causa uma rea\u00e7\u00e3o em cadeia que pode levar \u00e0 explos\u00e3o.\u00a0<\/p>\n<p><strong>3. Manuseio e Armazenamento Inadequados:<\/strong> Armazenar ou transportar baterias de l\u00edtio sem seguir as recomenda\u00e7\u00f5es de seguran\u00e7a pode aumentar significativamente o risco de acidentes.\u00a0<\/p>\n<h4 class=\"wp-block-heading\"><strong>Como prevenir acidentes com esse tipo de material?<\/strong><\/h4>\n<p>Algumas medidas essenciais para a seguran\u00e7a no uso de baterias de l\u00edtio incluem:\u00a0<\/p>\n<p><strong>1. Compras de Fontes Confi\u00e1veis:<\/strong> Sempre adquira baterias de l\u00edtio de fabricantes e fornecedores confi\u00e1veis, que sigam rigorosos padr\u00f5es de qualidade.\u00a0<\/p>\n<p><strong>2. Armazenamento Adequado: <\/strong>Armazenar as baterias em locais secos e frescos, longe de materiais inflam\u00e1veis e temperaturas extremas.\u00a0<\/p>\n<p><strong>3. Manuseio Seguro: <\/strong>Evitar danos f\u00edsicos \u00e0s baterias. N\u00e3o as perfurar, esmagar ou expor a impactos severos.\u00a0<\/p>\n<p><strong>4. Carregamento Correto: <\/strong>Utilizar apenas carregadores recomendados pelo fabricante e evite sobrecarregar as baterias.\u00a0<\/p>\n<p><strong>5. Inspe\u00e7\u00e3o Regular: <\/strong>Verificar regularmente as baterias em uso para identificar quaisquer sinais de danos, incha\u00e7os ou desgaste excessivo. Substituir imediatamente qualquer bateria que apresentar problemas.\u00a0<\/p>\n<p><strong>6. Descarte Apropriado:<\/strong> Seguir as diretrizes locais para o descarte seguro de baterias usadas ou danificadas. Muitas comunidades possuem pontos de coleta espec\u00edficos para esse prop\u00f3sito, ajudando a mitigar riscos ambientais e de seguran\u00e7a.\u00a0<\/p>\n<p><strong>7. Educa\u00e7\u00e3o e Conscientiza\u00e7\u00e3o:<\/strong> Esteja sempre informado sobre as melhores pr\u00e1ticas e atualiza\u00e7\u00f5es tecnol\u00f3gicas relacionadas ao uso e manuseio de baterias de l\u00edtio. Empresas e usu\u00e1rios devem buscar constantemente por informa\u00e7\u00f5es educacionais e treinamentos de seguran\u00e7a.\u00a0<\/p>\n<p>O incidente na China serve como um alerta importante sobre os riscos potenciais das baterias de l\u00edtio, que, apesar das vantagens ineg\u00e1veis, requerem cuidados espec\u00edficos para garantir a seguran\u00e7a de todos. Com a ado\u00e7\u00e3o de pr\u00e1ticas seguras e conscientiza\u00e7\u00e3o sobre os perigos, \u00e9 poss\u00edvel minimizar significativamente os riscos associados a essa tecnologia vital no mundo moderno.\u00a0<\/p>\n<p>Ainda quanto \u00e0s quest\u00f5es relacionadas a ve\u00edculos el\u00e9tricos, cabe ao s\u00edndico do condom\u00ednio manter a coletividade informada sobre a correta instala\u00e7\u00e3o e manuseio dessas baterias atrav\u00e9s de informativos e reuni\u00f5es regulares.<\/p>\n<p>SAIBA MAIS<br \/>Ribeir\u00e3o Preto pode ganhar o primeiro Parklet P\u00fablico; Entenda<\/p>\n<h4 class=\"wp-block-heading\"><strong>FIQUE ON<\/strong><\/h4>\n<p>Fique ligado em tudo que acontece em Ribeir\u00e3o Preto e regi\u00e3o. Siga os perfis do <strong>acidade on<\/strong> no<a href=\"https:\/\/www.instagram.com\/acidadeonribeirao\/\" target=\"_blank\" rel=\"noreferrer noopener nofollow\"> Instagram<\/a> e no <a href=\"https:\/\/www.facebook.com\/acidadeonribeirao\/\" target=\"_blank\" rel=\"noreferrer noopener nofollow\">Facebook.<\/a><\/p>\n<p>Receba not\u00edcias do <strong>acidade on<\/strong> no WhatsApp. <a href=\"https:\/\/chat.whatsapp.com\/Dtv9mxhy6V5BJBotM2OQ5k\" target=\"_blank\" rel=\"noreferrer noopener nofollow\">Para entrar no grupo, basta clicar aqui.<\/a><\/p>\n<p>Fa\u00e7a uma den\u00fancia ou sugira uma reportagem sobre Ribeir\u00e3o Preto e regi\u00e3o pelo WhatsApp: 16 99117 7802.<\/p>\n<p>VEJA TAMB\u00c9M<br \/>Gelatina cremosa com morango; confira passo a passo<\/p>\n<p><!-- CONTENT END 1 -->\n<\/div>\n<p><script async src=\"\/\/www.instagram.com\/embed.js\"><\/script><br \/>\n<br \/><br \/>\n<br \/><a href=\"https:\/\/www.acidadeon.com\/ribeiraopreto\/cotidiano\/colunistas-ribeirao-preto\/explosao-de-bateria-de-litio-em-elevador-na-china-acende-alerta-global-sobre-seguranca\/\">Source link <\/a><\/p>\n","protected":false},"excerpt":{"rendered":"<p>Um v\u00eddeo do ano de 2021 viralizou recentemente nas redes sociais, mostrando o momento exato em que uma bateria de l\u00edtio explode dentro de um&#8230;<\/p>\n","protected":false},"author":1,"featured_media":40369,"comment_status":"open","ping_status":"open","sticky":false,"template":"","format":"standard","meta":{"_uag_custom_page_level_css":"","advanced_seo_description":"","jetpack_seo_html_title":"","jetpack_seo_noindex":false,"jetpack_post_was_ever_published":false,"_jetpack_newsletter_access":"","_jetpack_dont_email_post_to_subs":false,"_jetpack_newsletter_tier_id":0,"_jetpack_memberships_contains_paywalled_content":false,"_jetpack_memberships_contains_paid_content":false,"footnotes":"","jetpack_publicize_message":"","jetpack_publicize_feature_enabled":true,"jetpack_social_post_already_shared":true,"jetpack_social_options":{"image_generator_settings":{"template":"highway","default_image_id":0,"font":"","enabled":false},"version":2}},"categories":[11],"tags":[],"class_list":["post-60755","post","type-post","status-publish","format-standard","has-post-thumbnail","hentry","category-noticias-de-ribeirao-preto-sp-e-regiao-ismael-colosi"],"jetpack_publicize_connections":[],"jetpack_featured_media_url":"https:\/\/i0.wp.com\/ismaelcolosi.com.br\/wp-content\/uploads\/2024\/03\/AnyConv.com__WhatsApp-Image-2024-02-29-at-15.18.26.webp.webp?fit=640%2C405&ssl=1","uagb_featured_image_src":{"full":["https:\/\/i0.wp.com\/ismaelcolosi.com.br\/wp-content\/uploads\/2024\/03\/AnyConv.com__WhatsApp-Image-2024-02-29-at-15.18.26.webp.webp?fit=640%2C405&ssl=1",640,405,false],"thumbnail":["https:\/\/i0.wp.com\/ismaelcolosi.com.br\/wp-content\/uploads\/2024\/03\/AnyConv.com__WhatsApp-Image-2024-02-29-at-15.18.26.webp.webp?resize=150%2C150&ssl=1",150,150,true],"medium":["https:\/\/i0.wp.com\/ismaelcolosi.com.br\/wp-content\/uploads\/2024\/03\/AnyConv.com__WhatsApp-Image-2024-02-29-at-15.18.26.webp.webp?fit=300%2C190&ssl=1",300,190,true],"medium_large":["https:\/\/i0.wp.com\/ismaelcolosi.com.br\/wp-content\/uploads\/2024\/03\/AnyConv.com__WhatsApp-Image-2024-02-29-at-15.18.26.webp.webp?fit=640%2C405&ssl=1",640,405,true],"large":["https:\/\/i0.wp.com\/ismaelcolosi.com.br\/wp-content\/uploads\/2024\/03\/AnyConv.com__WhatsApp-Image-2024-02-29-at-15.18.26.webp.webp?fit=640%2C405&ssl=1",640,405,true],"1536x1536":["https:\/\/i0.wp.com\/ismaelcolosi.com.br\/wp-content\/uploads\/2024\/03\/AnyConv.com__WhatsApp-Image-2024-02-29-at-15.18.26.webp.webp?fit=640%2C405&ssl=1",640,405,true],"2048x2048":["https:\/\/i0.wp.com\/ismaelcolosi.com.br\/wp-content\/uploads\/2024\/03\/AnyConv.com__WhatsApp-Image-2024-02-29-at-15.18.26.webp.webp?fit=640%2C405&ssl=1",640,405,true],"really-simple-thumb":["https:\/\/i0.wp.com\/ismaelcolosi.com.br\/wp-content\/uploads\/2024\/03\/AnyConv.com__WhatsApp-Image-2024-02-29-at-15.18.26.webp.webp?resize=370%2C247&ssl=1",370,247,true]},"uagb_author_info":{"display_name":"ismaelcolosi.com.br","author_link":"https:\/\/ismaelcolosi.com.br\/index.php\/author\/vidareal-online\/"},"uagb_comment_info":0,"uagb_excerpt":"Um v\u00eddeo do ano de 2021 viralizou recentemente nas redes sociais, mostrando o momento exato em que uma bateria de l\u00edtio explode dentro de um...","jetpack-related-posts":[{"id":25992,"url":"https:\/\/ismaelcolosi.com.br\/index.php\/2024\/01\/08\/homem-morre-apos-ser-prensado-por-elevador-em-quadra-de-futebol-em-ribeirao\/","url_meta":{"origin":60755,"position":0},"title":"Homem morre ap\u00f3s ser prensado por elevador em quadra de futebol em Ribeir\u00e3o","author":"ismaelcolosi.com.br","date":"8 de January de 2024","format":false,"excerpt":"Um homem de 37 anos morreu ap\u00f3s ser prensado por um elevador durante o servi\u00e7o de manuten\u00e7\u00e3o em uma quadra de futebol society, em Ribeir\u00e3o Preto, na manh\u00e3 do \u00faltimo s\u00e1bado (6). Segundo o b.o. (boletim de ocorr\u00eancia), Andr\u00e9 Lu\u00eds L\u00facio de Freitas prestava servi\u00e7os de manuten\u00e7\u00e3o na quadra, que\u2026","rel":"","context":"In &quot;Not\u00edcias de Ribeir\u00e3o Preto-SP e Regi\u00e3o&quot;","block_context":{"text":"Not\u00edcias de Ribeir\u00e3o Preto-SP e Regi\u00e3o","link":"https:\/\/ismaelcolosi.com.br\/index.php\/category\/noticias-de-ribeirao-preto-sp-e-regiao-ismael-colosi\/"},"img":{"alt_text":"","src":"https:\/\/i0.wp.com\/ismaelcolosi.com.br\/wp-content\/uploads\/2024\/01\/samu_1024x576_06032020094007.jpg?fit=1024%2C576&ssl=1&resize=350%2C200","width":350,"height":200,"srcset":"https:\/\/i0.wp.com\/ismaelcolosi.com.br\/wp-content\/uploads\/2024\/01\/samu_1024x576_06032020094007.jpg?fit=1024%2C576&ssl=1&resize=350%2C200 1x, https:\/\/i0.wp.com\/ismaelcolosi.com.br\/wp-content\/uploads\/2024\/01\/samu_1024x576_06032020094007.jpg?fit=1024%2C576&ssl=1&resize=525%2C300 1.5x, https:\/\/i0.wp.com\/ismaelcolosi.com.br\/wp-content\/uploads\/2024\/01\/samu_1024x576_06032020094007.jpg?fit=1024%2C576&ssl=1&resize=700%2C400 2x"},"classes":[]},{"id":6713,"url":"https:\/\/ismaelcolosi.com.br\/index.php\/2023\/11\/26\/cameras-de-seguranca-flagraram-suspeito-transitando-em-predio-de-luxo-em-que-dentista-foi-encontrado-sem-vida\/","url_meta":{"origin":60755,"position":1},"title":"C\u00e2meras de seguran\u00e7a flagraram suspeito transitando em pr\u00e9dio de luxo em que dentista foi encontrado sem vida","author":"ismaelcolosi.com.br","date":"26 de November de 2023","format":false,"excerpt":"Registro de c\u00e2meras de seguran\u00e7a revelam o deslocamento do indiv\u00edduo suspeito de estar ligado \u00e0 morte do dentista Lucas Maia de Oliveira, de 36 anos.O corpo do profissional foi descoberto sem vida na tarde de s\u00e1bado (25) em seu apartamento no edif\u00edcio de alto padr\u00e3o Celebration Garibaldi, situado na cidade\u2026","rel":"","context":"In &quot;Blog&quot;","block_context":{"text":"Blog","link":"https:\/\/ismaelcolosi.com.br\/index.php\/category\/blog\/"},"img":{"alt_text":"","src":"https:\/\/i0.wp.com\/ismaelcolosi.com.br\/wp-content\/uploads\/2023\/11\/postimg-6563a41b37e2b5488.jpg?fit=1200%2C628&ssl=1&resize=350%2C200","width":350,"height":200,"srcset":"https:\/\/i0.wp.com\/ismaelcolosi.com.br\/wp-content\/uploads\/2023\/11\/postimg-6563a41b37e2b5488.jpg?fit=1200%2C628&ssl=1&resize=350%2C200 1x, https:\/\/i0.wp.com\/ismaelcolosi.com.br\/wp-content\/uploads\/2023\/11\/postimg-6563a41b37e2b5488.jpg?fit=1200%2C628&ssl=1&resize=525%2C300 1.5x, https:\/\/i0.wp.com\/ismaelcolosi.com.br\/wp-content\/uploads\/2023\/11\/postimg-6563a41b37e2b5488.jpg?fit=1200%2C628&ssl=1&resize=700%2C400 2x, https:\/\/i0.wp.com\/ismaelcolosi.com.br\/wp-content\/uploads\/2023\/11\/postimg-6563a41b37e2b5488.jpg?fit=1200%2C628&ssl=1&resize=1050%2C600 3x"},"classes":[]},{"id":25732,"url":"https:\/\/ismaelcolosi.com.br\/index.php\/2024\/01\/08\/utm_sourcerssutm_mediumrssutm_campaigntrabalhador-morre-apos-ser-prenssado-por-elevador-durante-soldagem-em-quadra-de-esporte-na-maurilio-biagi\/","url_meta":{"origin":60755,"position":2},"title":"Trabalhador morre ap\u00f3s ser prenssado por elevador durante soldagem em quadra de esporte na Maur\u00edlio Biagi \u2013 X Tudo Ribeir\u00e3o","author":"ismaelcolosi.com.br","date":"8 de January de 2024","format":false,"excerpt":"Um trabalhador de 36 anos, morreu enquanto trabalhava na soldagem da estrutura met\u00e1lica de uma quadra de esportes situada no bairro Ribeir\u00e2nia, em Ribeir\u00e3o Preto.\u00a0 Segundo informa\u00e7\u00f5es da PM, por volta das 11h23 os PMs foram acionados para o atendimento de uma ocorr\u00eancia envolvendo acidente de trabalho com v\u00edtima fatal\u00a0na\u2026","rel":"","context":"In &quot;Not\u00edcias de Ribeir\u00e3o Preto-SP e Regi\u00e3o&quot;","block_context":{"text":"Not\u00edcias de Ribeir\u00e3o Preto-SP e Regi\u00e3o","link":"https:\/\/ismaelcolosi.com.br\/index.php\/category\/noticias-de-ribeirao-preto-sp-e-regiao-ismael-colosi\/"},"img":{"alt_text":"","src":"https:\/\/i0.wp.com\/ismaelcolosi.com.br\/wp-content\/uploads\/2024\/01\/WhatsApp-Image-2024-01-08-at-10.20.05.jpeg?fit=960%2C599&ssl=1&resize=350%2C200","width":350,"height":200,"srcset":"https:\/\/i0.wp.com\/ismaelcolosi.com.br\/wp-content\/uploads\/2024\/01\/WhatsApp-Image-2024-01-08-at-10.20.05.jpeg?fit=960%2C599&ssl=1&resize=350%2C200 1x, https:\/\/i0.wp.com\/ismaelcolosi.com.br\/wp-content\/uploads\/2024\/01\/WhatsApp-Image-2024-01-08-at-10.20.05.jpeg?fit=960%2C599&ssl=1&resize=525%2C300 1.5x, https:\/\/i0.wp.com\/ismaelcolosi.com.br\/wp-content\/uploads\/2024\/01\/WhatsApp-Image-2024-01-08-at-10.20.05.jpeg?fit=960%2C599&ssl=1&resize=700%2C400 2x"},"classes":[]},{"id":67199,"url":"https:\/\/ismaelcolosi.com.br\/index.php\/2024\/09\/21\/identificado-homem-que-morreu-carbonizado-em-rodovia-da-regiao-de-ribeirao\/","url_meta":{"origin":60755,"position":3},"title":"Identificado homem que morreu carbonizado em rodovia da regi\u00e3o de Ribeir\u00e3o","author":"ismaelcolosi.com.br","date":"21 de September de 2024","format":false,"excerpt":"Foi identificado como Jeronimo Mendon\u00e7a o homem que morreu carbonizado no engavetamento que envolveu tr\u00eas carros e um caminh\u00e3o na rodovia Armando de Sales Oliveira (SP-322), em Pitangueiras, regi\u00e3o de Ribeir\u00e3o Preto, na sexta-feira (20). Conforme apura\u00e7\u00e3o da EPTV, a esposa da v\u00edtima, Marluce Mendonca, segue internada em estado grave\u2026","rel":"","context":"In &quot;Not\u00edcias de Ribeir\u00e3o Preto-SP e Regi\u00e3o&quot;","block_context":{"text":"Not\u00edcias de Ribeir\u00e3o Preto-SP e Regi\u00e3o","link":"https:\/\/ismaelcolosi.com.br\/index.php\/category\/noticias-de-ribeirao-preto-sp-e-regiao-ismael-colosi\/"},"img":{"alt_text":"","src":"https:\/\/i0.wp.com\/ismaelcolosi.com.br\/wp-content\/uploads\/2024\/09\/Copia-de-Copia-de-Copia-de-TAMANHO-EXATO-PARA-FOTOS-NO-SISTEMA-NOVO-33_2024-09-20_15-45-06_png_2024-09-20_15-45-07.webp.webp?fit=1200%2C675&ssl=1&resize=350%2C200","width":350,"height":200,"srcset":"https:\/\/i0.wp.com\/ismaelcolosi.com.br\/wp-content\/uploads\/2024\/09\/Copia-de-Copia-de-Copia-de-TAMANHO-EXATO-PARA-FOTOS-NO-SISTEMA-NOVO-33_2024-09-20_15-45-06_png_2024-09-20_15-45-07.webp.webp?fit=1200%2C675&ssl=1&resize=350%2C200 1x, https:\/\/i0.wp.com\/ismaelcolosi.com.br\/wp-content\/uploads\/2024\/09\/Copia-de-Copia-de-Copia-de-TAMANHO-EXATO-PARA-FOTOS-NO-SISTEMA-NOVO-33_2024-09-20_15-45-06_png_2024-09-20_15-45-07.webp.webp?fit=1200%2C675&ssl=1&resize=525%2C300 1.5x, https:\/\/i0.wp.com\/ismaelcolosi.com.br\/wp-content\/uploads\/2024\/09\/Copia-de-Copia-de-Copia-de-TAMANHO-EXATO-PARA-FOTOS-NO-SISTEMA-NOVO-33_2024-09-20_15-45-06_png_2024-09-20_15-45-07.webp.webp?fit=1200%2C675&ssl=1&resize=700%2C400 2x, https:\/\/i0.wp.com\/ismaelcolosi.com.br\/wp-content\/uploads\/2024\/09\/Copia-de-Copia-de-Copia-de-TAMANHO-EXATO-PARA-FOTOS-NO-SISTEMA-NOVO-33_2024-09-20_15-45-06_png_2024-09-20_15-45-07.webp.webp?fit=1200%2C675&ssl=1&resize=1050%2C600 3x"},"classes":[]},{"id":67204,"url":"https:\/\/ismaelcolosi.com.br\/index.php\/2024\/09\/21\/homem-e-suspeito-de-colocar-fogo-em-canavial-para-fugir-da-policia-na-regiao-de-ribeirao\/","url_meta":{"origin":60755,"position":4},"title":"Homem \u00e9 suspeito de colocar fogo em canavial para fugir da pol\u00edcia na regi\u00e3o de Ribeir\u00e3o","author":"ismaelcolosi.com.br","date":"21 de September de 2024","format":false,"excerpt":"Um homem \u00e9 suspeito de colocar fogo em um canavial \u00e0s margens da rodovia Anhanguera (SP-330) enquanto tentava fugir da pol\u00edcia na noite desta sexta-feira (20), em S\u00e3o Sim\u00e3o, cidade na regi\u00e3o de Ribeir\u00e3o Preto \u2013 veja v\u00eddeo abaixo. Conforme a Pol\u00edcia Militar (PM), dois homens foram abordados em um\u2026","rel":"","context":"In &quot;Not\u00edcias de Ribeir\u00e3o Preto-SP e Regi\u00e3o&quot;","block_context":{"text":"Not\u00edcias de Ribeir\u00e3o Preto-SP e Regi\u00e3o","link":"https:\/\/ismaelcolosi.com.br\/index.php\/category\/noticias-de-ribeirao-preto-sp-e-regiao-ismael-colosi\/"},"img":{"alt_text":"","src":"https:\/\/i0.wp.com\/ismaelcolosi.com.br\/wp-content\/uploads\/2024\/09\/Copia-de-Copia-de-Copia-de-TAMANHO-EXATO-PARA-FOTOS-NO-SISTEMA-NOVO-66_2024-09-21_17-32-46_png_2024-09-21_17-32-46.webp.webp?fit=1200%2C675&ssl=1&resize=350%2C200","width":350,"height":200,"srcset":"https:\/\/i0.wp.com\/ismaelcolosi.com.br\/wp-content\/uploads\/2024\/09\/Copia-de-Copia-de-Copia-de-TAMANHO-EXATO-PARA-FOTOS-NO-SISTEMA-NOVO-66_2024-09-21_17-32-46_png_2024-09-21_17-32-46.webp.webp?fit=1200%2C675&ssl=1&resize=350%2C200 1x, https:\/\/i0.wp.com\/ismaelcolosi.com.br\/wp-content\/uploads\/2024\/09\/Copia-de-Copia-de-Copia-de-TAMANHO-EXATO-PARA-FOTOS-NO-SISTEMA-NOVO-66_2024-09-21_17-32-46_png_2024-09-21_17-32-46.webp.webp?fit=1200%2C675&ssl=1&resize=525%2C300 1.5x, https:\/\/i0.wp.com\/ismaelcolosi.com.br\/wp-content\/uploads\/2024\/09\/Copia-de-Copia-de-Copia-de-TAMANHO-EXATO-PARA-FOTOS-NO-SISTEMA-NOVO-66_2024-09-21_17-32-46_png_2024-09-21_17-32-46.webp.webp?fit=1200%2C675&ssl=1&resize=700%2C400 2x, https:\/\/i0.wp.com\/ismaelcolosi.com.br\/wp-content\/uploads\/2024\/09\/Copia-de-Copia-de-Copia-de-TAMANHO-EXATO-PARA-FOTOS-NO-SISTEMA-NOVO-66_2024-09-21_17-32-46_png_2024-09-21_17-32-46.webp.webp?fit=1200%2C675&ssl=1&resize=1050%2C600 3x"},"classes":[]},{"id":77114,"url":"https:\/\/ismaelcolosi.com.br\/index.php\/2024\/11\/21\/motorista-morre-carbonizado-na-regiao\/","url_meta":{"origin":60755,"position":5},"title":"Motorista morre carbonizado na regi\u00e3o","author":"ismaelcolosi.com.br","date":"21 de November de 2024","format":false,"excerpt":"Acidente envolvendo duas carretas deixou um dos condutores preso \u00e0s ferragens na Rodovia Anhanguera 21 de novembro de 202411 Compartilhar2 Por: Adalberto Luque Um homem morreu, na madrugada desta quinta-feira (21), ap\u00f3s um acidente envolvendo duas carretas. A colis\u00e3o ocorreu no km 248 da Rodovia Anhanguera (SP-330), sentido norte, em\u2026","rel":"","context":"In &quot;Not\u00edcias de Ribeir\u00e3o Preto-SP e Regi\u00e3o&quot;","block_context":{"text":"Not\u00edcias de Ribeir\u00e3o Preto-SP e Regi\u00e3o","link":"https:\/\/ismaelcolosi.com.br\/index.php\/category\/noticias-de-ribeirao-preto-sp-e-regiao-ismael-colosi\/"},"img":{"alt_text":"","src":"https:\/\/i0.wp.com\/ismaelcolosi.com.br\/wp-content\/uploads\/2024\/11\/21nov2024-acidentesantarita1-scaled.jpg?fit=800%2C450&ssl=1&resize=350%2C200","width":350,"height":200,"srcset":"https:\/\/i0.wp.com\/ismaelcolosi.com.br\/wp-content\/uploads\/2024\/11\/21nov2024-acidentesantarita1-scaled.jpg?fit=800%2C450&ssl=1&resize=350%2C200 1x, https:\/\/i0.wp.com\/ismaelcolosi.com.br\/wp-content\/uploads\/2024\/11\/21nov2024-acidentesantarita1-scaled.jpg?fit=800%2C450&ssl=1&resize=525%2C300 1.5x, https:\/\/i0.wp.com\/ismaelcolosi.com.br\/wp-content\/uploads\/2024\/11\/21nov2024-acidentesantarita1-scaled.jpg?fit=800%2C450&ssl=1&resize=700%2C400 2x"},"classes":[]}],"jetpack_sharing_enabled":true,"jetpack_shortlink":"https:\/\/wp.me\/pfMlyK-fNV","_links":{"self":[{"href":"https:\/\/ismaelcolosi.com.br\/index.php\/wp-json\/wp\/v2\/posts\/60755","targetHints":{"allow":["GET"]}}],"collection":[{"href":"https:\/\/ismaelcolosi.com.br\/index.php\/wp-json\/wp\/v2\/posts"}],"about":[{"href":"https:\/\/ismaelcolosi.com.br\/index.php\/wp-json\/wp\/v2\/types\/post"}],"author":[{"embeddable":true,"href":"https:\/\/ismaelcolosi.com.br\/index.php\/wp-json\/wp\/v2\/users\/1"}],"replies":[{"embeddable":true,"href":"https:\/\/ismaelcolosi.com.br\/index.php\/wp-json\/wp\/v2\/comments?post=60755"}],"version-history":[{"count":0,"href":"https:\/\/ismaelcolosi.com.br\/index.php\/wp-json\/wp\/v2\/posts\/60755\/revisions"}],"wp:featuredmedia":[{"embeddable":true,"href":"https:\/\/ismaelcolosi.com.br\/index.php\/wp-json\/wp\/v2\/media\/40369"}],"wp:attachment":[{"href":"https:\/\/ismaelcolosi.com.br\/index.php\/wp-json\/wp\/v2\/media?parent=60755"}],"wp:term":[{"taxonomy":"category","embeddable":true,"href":"https:\/\/ismaelcolosi.com.br\/index.php\/wp-json\/wp\/v2\/categories?post=60755"},{"taxonomy":"post_tag","embeddable":true,"href":"https:\/\/ismaelcolosi.com.br\/index.php\/wp-json\/wp\/v2\/tags?post=60755"}],"curies":[{"name":"wp","href":"https:\/\/api.w.org\/{rel}","templated":true}]}}