{"id":60749,"date":"2024-08-18T07:21:18","date_gmt":"2024-08-18T10:21:18","guid":{"rendered":"https:\/\/ismaelcolosi.com.br\/index.php\/2024\/08\/18\/almoco-de-domingo-na-casa-dos-pratas\/"},"modified":"2024-08-18T07:21:18","modified_gmt":"2024-08-18T10:21:18","slug":"almoco-de-domingo-na-casa-dos-pratas","status":"publish","type":"post","link":"https:\/\/ismaelcolosi.com.br\/index.php\/2024\/08\/18\/almoco-de-domingo-na-casa-dos-pratas\/","title":{"rendered":"Almo\u00e7o de domingo na casa dos Pratas"},"content":{"rendered":"<p> <br \/>\n<\/p>\n<div>\n<p>No fim dos anos 90 e come\u00e7o dos anos 2000, li <strong>M\u00e1rio Prata <\/strong>compulsivamente: Di\u00e1rio de um magro; Minhas tudo; Filho \u00e9 bom, mas dura muito; Minhas mulheres e meus homens, e por a\u00ed vai. N\u00e3o me lembro em qual de seus livros est\u00e1 uma hist\u00f3ria, que nunca mais esqueci, em que ele conta ter realizado um dos \u00faltimos desejos de uma amiga, que estava para morrer, levando-a para passear num carro convers\u00edvel na avenida Paulista. Na mesma \u00e9poca, meu sogro tamb\u00e9m estava morrendo de c\u00e2ncer em um hospital de S\u00e3o Jos\u00e9 do Rio Preto e eu levei sorvete de coco para ele.<\/p>\n<p>O M\u00e1rio \u2013 olha que \u00edntima \u2013 \u00e9 bem-humorado e muito engra\u00e7ado, mas tamb\u00e9m \u00e9 comovente. C\u00f4mico, mas sens\u00edvel, meu modelo de cronista, meu \u201cmuso\u201d inspirador.<\/p>\n<p>E tem tamb\u00e9m o filho, <strong>Antonio<\/strong>, outro craque. H\u00e1 uns bons anos escrevi um e-mail pra ele comentando sobre sua coluna na <strong>Folha de S\u00e3o Paulo<\/strong>. Disse que me sentia quase a sua vers\u00e3o feminina, n\u00e3o como escritora, claro, mas como piadista. Ele n\u00e3o respondeu, \u00f3bvio. E n\u00e3o \u00e9 que, um dia desses, eu o conheci pessoalmente? Tive o prazer de ouvi-lo em uma palestra na <strong>Feira Internacional do Livro de Ribeir\u00e3o Preto<\/strong>. Ele \u00e9 engra\u00e7ado e espirituoso, como o pai. E simp\u00e1tico, pois gentilmente fez uma dedicat\u00f3ria autografada em seus livros, Nu, de botas e Por quem as panelas batem, com o qual, inclusive, ganhou o<strong> Pr\u00eamio Jabuti <\/strong>no ano passado.<\/p>\n<p>Em sua palestra, falou sobre a import\u00e2ncia da leitura e sobre a riqueza da escrita e de como produz seus textos. Discutiu o papel do humor, com muito bom humor, tirando risos da plateia. Revelou que se descobriu escritor quando, num momento de tristeza, expressou seus sentimentos num texto que, para sua surpresa, fez sua m\u00e3e e irm\u00e3 chorarem. T\u00ea-lo assistido me incentivou a escrever mais, escrever sempre, escrever para suportar e escrever para tocar as pessoas, porque eu tamb\u00e9m gosto quando o que eu escrevo provoca emo\u00e7\u00f5es.<\/p>\n<p>Sa\u00ed de l\u00e1 pensando se, quando \u00e9ramos crian\u00e7as, j\u00e1 n\u00e3o nos cruzamos no <strong>Gigetto<\/strong>, tradicional restaurante paulistano, frequentado por intelectuais, artistas e celebridades. Soube, pelo \u00faltimo livro de seu pai, Pelo buraco da fechadura eu vi um baile de debutantes, que a fam\u00edlia Prata costumava andar por l\u00e1 nos anos 70, 80. A minha tamb\u00e9m. Conforme a <strong>Teoria dos Seis Graus de Separa\u00e7\u00e3o<\/strong>, criada por sei l\u00e1 quem, o n\u00famero m\u00e1ximo de conhecidos entre duas pessoas \u00e9 6. Ou seja, <mark style=\"background-color:#fcb900\" class=\"has-inline-color has-black-color\">se meu pai naquela \u00e9poca era amigo do jogador de futebol Ademir da Guia (com quem \u00edamos ao Gigetto), que era amigo do Pel\u00e9 (que era conterr\u00e2neo do M\u00e1rio), faltaria, ent\u00e3o, pouca gente pra eu ter estado perto dos Pratas.<\/mark><\/p>\n<p>M\u00e1rio Prata, na entrevista ao Bial (diga-se de passagem, seu genro), disse que num desses almo\u00e7os de fam\u00edlia se deu conta de que seus filhos n\u00e3o o leem direito. Duvido. Pelo menos, esse \u00faltimo livro eles leram, j\u00e1 que Maria escreveu a orelha, Antonio, o pref\u00e1cio e Pedro \u00e9 autor da arte que ilustra a capa. Bom para eles, pois a leitura \u00e9 muito divertida e comovente, al\u00e9m de instruir. A hist\u00f3ria de como ele resolveu o perrengue em que os filhos presenciaram uma cena de sexo oral, praticamente, no meio da rua, em plena luz do dia, \u00e9 hil\u00e1ria, e tamb\u00e9m um bom modelo de educa\u00e7\u00e3o sexual infantil. E a forma como ele lidou com a m\u00e3e com Alzheimer, sendo ouvinte de suas hist\u00f3rias do passado e incentivando o seu h\u00e1bito de escrever at\u00e9 o fim \u00e9 de encher os olhos de l\u00e1grimas e uma ideia muito bacana para quem est\u00e1 passando pela mesma situa\u00e7\u00e3o. Pura ternura.<\/p>\n<p>Adoraria um almo\u00e7o de domingo na casa dos Pratas com M\u00e1rio, Antonio, Maria e at\u00e9 o Bial. Tipo aquele quadro do Fant\u00e1stico de uns anos atr\u00e1s, em que pegavam uma pessoa na rua, diziam que eram da produ\u00e7\u00e3o do programa e a levavam num churrasc\u00e3o em Xer\u00e9m, na casa do <strong>Zeca Pagodinho<\/strong>, o que, ali\u00e1s, seria melhor ainda.<\/p>\n<p>M\u00e1rio disse ter sido uma crian\u00e7a curiosa, como todas deveriam ser. Fazia muitas perguntas aos adultos, o tempo todo. Eu tamb\u00e9m fui assim. Uma vez, est\u00e1vamos meu pai, meu tio e eu vendo TV na casa do meu av\u00f4 e passou uma propaganda de um motel, mostrando as instala\u00e7\u00f5es: cama redonda, neon, espelho no teto, banheira de hidromassagem. Eu devia ter uns 9, 10 anos.<\/p>\n<p>Perguntei paro o meu pai porque nunca t\u00ednhamos nos hospedado num lugar t\u00e3o legal como aquele e qual era a diferen\u00e7a entre hotel e motel. Meu pai deu uma desconversada, meu av\u00f4 riu alto e meu tio me explicou que os mot\u00e9is ficavam na beira das estradas para hospedar os caminhoneiros, que eram pessoas que trabalhavam muito e precisavam descansar.<\/p>\n<p>No almo\u00e7o de domingo na casa dos Pratas, eu poderia contar esse epis\u00f3dio para eles. E antes de nos sentarmos \u00e0 mesa, as crian\u00e7as iriam pedir para o vov\u00f4 Beb\u00e9 contar hist\u00f3rias como aquela em que, ainda menino, n\u00e3o dormiu \u00e0 noite de tanta ansiedade ao saber que subiria numa escada rolante.<\/p>\n<p>Conversar\u00edamos sobre o que faz as crian\u00e7as de hoje perderem o sono e, enquanto n\u00e3o servissem a sobremesa, ele pediria ao Antonio que parasse de ser comentarista pol\u00edtico, dizendo: \u201ccr\u00f4nica, Antonio, cr\u00f4nica\u201d. Maria iria interromper a advert\u00eancia do pai falando sobre \u00edcones, tend\u00eancias, looks, trends e outras inven\u00e7\u00f5es de moda, e Bial lembraria as crian\u00e7as de usarem filtro solar. E tomar\u00edamos cerveja, moderadamente, para n\u00e3o corrermos o risco de dan\u00e7ar Macarena em cima da mesa. E eu estaria ali tietando, aprendendo, rindo muito, chorando emocionada e colecionando inspira\u00e7\u00f5es <strong>(por Fabiana Guerrelhas \u2013 Terapeuta Anal\u00edtico Comportamental).<\/strong><\/p>\n<p>SAIBA MAIS<br \/>Descendentes de italianos ganham descontos em passagens para It\u00e1lia; Veja como conseguir<\/p>\n<h4 class=\"wp-block-heading\"><strong>FIQUE ON<\/strong><\/h4>\n<p>Fique ligado em tudo que acontece em Ribeir\u00e3o Preto e regi\u00e3o. Siga os perfis do<strong> acidade on <\/strong>no<a href=\"https:\/\/www.instagram.com\/acidadeonribeirao\" target=\"_blank\" rel=\"noreferrer noopener nofollow\"> Instagram<\/a> e no <a href=\"https:\/\/www.facebook.com\/acidadeonribeirao\/\" target=\"_blank\" rel=\"noreferrer noopener nofollow\">Facebook<\/a>.<\/p>\n<p>Receba not\u00edcias do<strong> acidade on<\/strong> no WhatsApp.<a href=\"https:\/\/chat.whatsapp.com\/Dtv9mxhy6V5BJBotM2OQ5k\" target=\"_blank\" rel=\"noreferrer noopener nofollow\"> Para entrar no grupo, basta clicar aqui.<\/a><\/p>\n<p>Fa\u00e7a uma den\u00fancia ou sugira uma reportagem sobre Ribeir\u00e3o Preto e regi\u00e3o pelo WhatsApp: 16 99117 7802.<\/p>\n<p>VEJA TAMB\u00c9M<br \/>Como fazer o bob\u00f3 de frango da Ana Maria?<\/p>\n<p><!-- CONTENT END 1 -->\n<\/div>\n<p><script async src=\"\/\/www.instagram.com\/embed.js\"><\/script><br \/>\n<br \/><br \/>\n<br \/><a href=\"https:\/\/www.acidadeon.com\/ribeiraopreto\/cotidiano\/colunistas-ribeirao-preto\/almoco-de-domingo-na-casa-dos-pratas\/\">Source link <\/a><\/p>\n","protected":false},"excerpt":{"rendered":"<p>No fim dos anos 90 e come\u00e7o dos anos 2000, li M\u00e1rio Prata compulsivamente: Di\u00e1rio de um magro; Minhas tudo; Filho \u00e9 bom, mas dura&#8230;<\/p>\n","protected":false},"author":1,"featured_media":60750,"comment_status":"open","ping_status":"open","sticky":false,"template":"","format":"standard","meta":{"_uag_custom_page_level_css":"","advanced_seo_description":"","jetpack_seo_html_title":"","jetpack_seo_noindex":false,"jetpack_post_was_ever_published":false,"_jetpack_newsletter_access":"","_jetpack_dont_email_post_to_subs":false,"_jetpack_newsletter_tier_id":0,"_jetpack_memberships_contains_paywalled_content":false,"_jetpack_memberships_contains_paid_content":false,"footnotes":"","jetpack_publicize_message":"","jetpack_publicize_feature_enabled":true,"jetpack_social_post_already_shared":true,"jetpack_social_options":{"image_generator_settings":{"template":"highway","default_image_id":0,"font":"","enabled":false},"version":2}},"categories":[11],"tags":[],"class_list":["post-60749","post","type-post","status-publish","format-standard","has-post-thumbnail","hentry","category-noticias-de-ribeirao-preto-sp-e-regiao-ismael-colosi"],"jetpack_publicize_connections":[],"jetpack_featured_media_url":"https:\/\/i0.wp.com\/ismaelcolosi.com.br\/wp-content\/uploads\/2024\/08\/fabiana_2024-08-17_19-30-45_jpeg_2024-08-17_19-30-45.webp.webp?fit=1280%2C853&ssl=1","uagb_featured_image_src":{"full":["https:\/\/i0.wp.com\/ismaelcolosi.com.br\/wp-content\/uploads\/2024\/08\/fabiana_2024-08-17_19-30-45_jpeg_2024-08-17_19-30-45.webp.webp?fit=1280%2C853&ssl=1",1280,853,false],"thumbnail":["https:\/\/i0.wp.com\/ismaelcolosi.com.br\/wp-content\/uploads\/2024\/08\/fabiana_2024-08-17_19-30-45_jpeg_2024-08-17_19-30-45.webp.webp?resize=150%2C150&ssl=1",150,150,true],"medium":["https:\/\/i0.wp.com\/ismaelcolosi.com.br\/wp-content\/uploads\/2024\/08\/fabiana_2024-08-17_19-30-45_jpeg_2024-08-17_19-30-45.webp.webp?fit=300%2C200&ssl=1",300,200,true],"medium_large":["https:\/\/i0.wp.com\/ismaelcolosi.com.br\/wp-content\/uploads\/2024\/08\/fabiana_2024-08-17_19-30-45_jpeg_2024-08-17_19-30-45.webp.webp?fit=768%2C512&ssl=1",768,512,true],"large":["https:\/\/i0.wp.com\/ismaelcolosi.com.br\/wp-content\/uploads\/2024\/08\/fabiana_2024-08-17_19-30-45_jpeg_2024-08-17_19-30-45.webp.webp?fit=1024%2C682&ssl=1",1024,682,true],"1536x1536":["https:\/\/i0.wp.com\/ismaelcolosi.com.br\/wp-content\/uploads\/2024\/08\/fabiana_2024-08-17_19-30-45_jpeg_2024-08-17_19-30-45.webp.webp?fit=1280%2C853&ssl=1",1280,853,true],"2048x2048":["https:\/\/i0.wp.com\/ismaelcolosi.com.br\/wp-content\/uploads\/2024\/08\/fabiana_2024-08-17_19-30-45_jpeg_2024-08-17_19-30-45.webp.webp?fit=1280%2C853&ssl=1",1280,853,true],"really-simple-thumb":["https:\/\/i0.wp.com\/ismaelcolosi.com.br\/wp-content\/uploads\/2024\/08\/fabiana_2024-08-17_19-30-45_jpeg_2024-08-17_19-30-45.webp.webp?resize=370%2C247&ssl=1",370,247,true]},"uagb_author_info":{"display_name":"ismaelcolosi.com.br","author_link":"https:\/\/ismaelcolosi.com.br\/index.php\/author\/vidareal-online\/"},"uagb_comment_info":0,"uagb_excerpt":"No fim dos anos 90 e come\u00e7o dos anos 2000, li M\u00e1rio Prata compulsivamente: Di\u00e1rio de um magro; Minhas tudo; Filho \u00e9 bom, mas dura...","jetpack-related-posts":[{"id":26004,"url":"https:\/\/ismaelcolosi.com.br\/index.php\/2024\/01\/08\/filhos-ex-jogadores-e-fas-celebram-legado-de-zagallo\/","url_meta":{"origin":60749,"position":0},"title":"Filhos, ex-jogadores e f\u00e3s celebram legado de Zagallo \u2013 Folha de Ribeir\u00e3o","author":"ismaelcolosi.com.br","date":"8 de January de 2024","format":false,"excerpt":"Alegria, simplicidade e amor \u00e0 sele\u00e7\u00e3o. Essas s\u00e3o as palavras mais usadas por aqueles que compareceram neste domingo ao vel\u00f3rio do tetracampe\u00e3o M\u00e1rio Jorge Lobo Zagallo. Familiares, jogadores, jornalistas esportivos, dirigentes de clubes e admiradores compareceram \u00e0 sede da Confedera\u00e7\u00e3o Brasileira de Futebol (CBF), na Barra da Tijuca, na Zona\u2026","rel":"","context":"In &quot;Not\u00edcias de Ribeir\u00e3o Preto-SP e Regi\u00e3o&quot;","block_context":{"text":"Not\u00edcias de Ribeir\u00e3o Preto-SP e Regi\u00e3o","link":"https:\/\/ismaelcolosi.com.br\/index.php\/category\/noticias-de-ribeirao-preto-sp-e-regiao-ismael-colosi\/"},"img":{"alt_text":"Morre o tetracampe\u00e3o mundial Mario Jorge Lobo Zagallo aos 92 anos. Foto: Instagram\/ZagalloOficial","src":"https:\/\/i0.wp.com\/imagens.ebc.com.br\/Z3Lc3Dtd8zetgYjiAcR90Q_75qE%3D\/365x0\/smart\/https%3A\/\/agenciabrasil.ebc.com.br\/sites\/default\/files\/thumbnails\/image\/zagallo3.jpg?resize=350%2C200&ssl=1","width":350,"height":200},"classes":[]},{"id":66168,"url":"https:\/\/ismaelcolosi.com.br\/index.php\/2024\/09\/16\/familia-doa-orgaos-de-adolescente-que-morreu-em-escola-na-regiao-de-ribeirao\/","url_meta":{"origin":60749,"position":1},"title":"Fam\u00edlia doa \u00f3rg\u00e3os de adolescente que morreu em escola na regi\u00e3o\u00a0de\u00a0Ribeir\u00e3o","author":"ismaelcolosi.com.br","date":"16 de September de 2024","format":false,"excerpt":"Um jovem de 16 anos morreu no domingo (15) quatro dias ap\u00f3s bater a cabe\u00e7a no ch\u00e3o dentro da escola em que estudava em\u00a0Miguel\u00f3polis, na regi\u00e3o de Ribeir\u00e3o Preto. A fam\u00edlia confirmou a doa\u00e7\u00e3o dos \u00f3rg\u00e3os. Segundo o boletim de ocorr\u00eancia,\u00a0Vitor Hugo Barbosa Soares\u00a0ficou gravemente ferido enquanto brincava com outros\u2026","rel":"","context":"In &quot;Not\u00edcias de Ribeir\u00e3o Preto-SP e Regi\u00e3o&quot;","block_context":{"text":"Not\u00edcias de Ribeir\u00e3o Preto-SP e Regi\u00e3o","link":"https:\/\/ismaelcolosi.com.br\/index.php\/category\/noticias-de-ribeirao-preto-sp-e-regiao-ismael-colosi\/"},"img":{"alt_text":"","src":"https:\/\/i0.wp.com\/ismaelcolosi.com.br\/wp-content\/uploads\/2024\/09\/Copia-de-Copia-de-Copia-de-TAMANHO-EXATO-PARA-FOTOS-NO-SISTEMA-NOVO-22_2024-09-16_15-56-51_png_2024-09-16_15-56-51.webp.webp?fit=1200%2C675&ssl=1&resize=350%2C200","width":350,"height":200,"srcset":"https:\/\/i0.wp.com\/ismaelcolosi.com.br\/wp-content\/uploads\/2024\/09\/Copia-de-Copia-de-Copia-de-TAMANHO-EXATO-PARA-FOTOS-NO-SISTEMA-NOVO-22_2024-09-16_15-56-51_png_2024-09-16_15-56-51.webp.webp?fit=1200%2C675&ssl=1&resize=350%2C200 1x, https:\/\/i0.wp.com\/ismaelcolosi.com.br\/wp-content\/uploads\/2024\/09\/Copia-de-Copia-de-Copia-de-TAMANHO-EXATO-PARA-FOTOS-NO-SISTEMA-NOVO-22_2024-09-16_15-56-51_png_2024-09-16_15-56-51.webp.webp?fit=1200%2C675&ssl=1&resize=525%2C300 1.5x, https:\/\/i0.wp.com\/ismaelcolosi.com.br\/wp-content\/uploads\/2024\/09\/Copia-de-Copia-de-Copia-de-TAMANHO-EXATO-PARA-FOTOS-NO-SISTEMA-NOVO-22_2024-09-16_15-56-51_png_2024-09-16_15-56-51.webp.webp?fit=1200%2C675&ssl=1&resize=700%2C400 2x, https:\/\/i0.wp.com\/ismaelcolosi.com.br\/wp-content\/uploads\/2024\/09\/Copia-de-Copia-de-Copia-de-TAMANHO-EXATO-PARA-FOTOS-NO-SISTEMA-NOVO-22_2024-09-16_15-56-51_png_2024-09-16_15-56-51.webp.webp?fit=1200%2C675&ssl=1&resize=1050%2C600 3x"},"classes":[]},{"id":42817,"url":"https:\/\/ismaelcolosi.com.br\/index.php\/2024\/03\/17\/doacao-de-orgaos-ato-de-amor-salvou-a-vida-do-irmao\/","url_meta":{"origin":60749,"position":2},"title":"Doa\u00e7\u00e3o de \u00f3rg\u00e3os: ato de amor salvou a vida do irm\u00e3o\u00a0","author":"ismaelcolosi.com.br","date":"17 de March de 2024","format":false,"excerpt":"Em uma noite, o guarda civil metropolitano, M\u00e1rio Luchetti, de 43 anos, teve um sonho diferente. Sonhou que estava em uma cama de hospital e ao acordar viu o irm\u00e3o ao lado. Perguntou a uma pessoa que n\u00e3o conseguiu identificar e recebeu a informa\u00e7\u00e3o que havia doado um rim ao\u2026","rel":"","context":"In &quot;Not\u00edcias de Ribeir\u00e3o Preto-SP e Regi\u00e3o&quot;","block_context":{"text":"Not\u00edcias de Ribeir\u00e3o Preto-SP e Regi\u00e3o","link":"https:\/\/ismaelcolosi.com.br\/index.php\/category\/noticias-de-ribeirao-preto-sp-e-regiao-ismael-colosi\/"},"img":{"alt_text":"","src":"https:\/\/i0.wp.com\/ismaelcolosi.com.br\/wp-content\/uploads\/2024\/03\/foto-2.jpeg?fit=591%2C637&ssl=1&resize=350%2C200","width":350,"height":200,"srcset":"https:\/\/i0.wp.com\/ismaelcolosi.com.br\/wp-content\/uploads\/2024\/03\/foto-2.jpeg?fit=591%2C637&ssl=1&resize=350%2C200 1x, https:\/\/i0.wp.com\/ismaelcolosi.com.br\/wp-content\/uploads\/2024\/03\/foto-2.jpeg?fit=591%2C637&ssl=1&resize=525%2C300 1.5x"},"classes":[]},{"id":88374,"url":"https:\/\/ismaelcolosi.com.br\/index.php\/2025\/12\/03\/a-francesa-mais-brasileira-a-frente-da-moet-hennessy-no-brasil\/","url_meta":{"origin":60749,"position":3},"title":"A Francesa Mais Brasileira \u00c0 Frente da Mo\u00ebt Hennessy no Brasil","author":"ismaelcolosi.com.br","date":"3 de December de 2025","format":false,"excerpt":"\r Divulga\u00e7\u00e3o\r Diretora-geral da Mo\u00ebt Hennessy no Brasil, Catherine Petit est\u00e1 \u00e0 frente de marcas como Chandon, Veuve Clicquot e Belvedere\r Acessibilidade \r L\r L\r A-\r A+\r \r \u25d0\r \r \u201cHoje, todo mundo diz que sou mais brasileira do que francesa\u201d, brinca, com um sotaque inquestion\u00e1vel, a diretora-geral da Mo\u00ebt\u2026","rel":"","context":"In &quot;Carreira e Sucesso&quot;","block_context":{"text":"Carreira e Sucesso","link":"https:\/\/ismaelcolosi.com.br\/index.php\/category\/carreira-e-sucesso-dicas-para-carreira\/"},"img":{"alt_text":"","src":"https:\/\/i0.wp.com\/ismaelcolosi.com.br\/wp-content\/uploads\/2025\/12\/Catherine-Petit-1200x675.jpg?fit=1200%2C675&ssl=1&resize=350%2C200","width":350,"height":200,"srcset":"https:\/\/i0.wp.com\/ismaelcolosi.com.br\/wp-content\/uploads\/2025\/12\/Catherine-Petit-1200x675.jpg?fit=1200%2C675&ssl=1&resize=350%2C200 1x, https:\/\/i0.wp.com\/ismaelcolosi.com.br\/wp-content\/uploads\/2025\/12\/Catherine-Petit-1200x675.jpg?fit=1200%2C675&ssl=1&resize=525%2C300 1.5x, https:\/\/i0.wp.com\/ismaelcolosi.com.br\/wp-content\/uploads\/2025\/12\/Catherine-Petit-1200x675.jpg?fit=1200%2C675&ssl=1&resize=700%2C400 2x, https:\/\/i0.wp.com\/ismaelcolosi.com.br\/wp-content\/uploads\/2025\/12\/Catherine-Petit-1200x675.jpg?fit=1200%2C675&ssl=1&resize=1050%2C600 3x"},"classes":[]},{"id":69172,"url":"https:\/\/ismaelcolosi.com.br\/index.php\/2024\/10\/03\/o-que-se-sabe-sobre-caso-de-pm-suspeito-de-matar-comerciante-na-regiao-de-ribeirao\/","url_meta":{"origin":60749,"position":4},"title":"O que se sabe sobre caso de PM suspeito de matar comerciante na regi\u00e3o de Ribeir\u00e3o","author":"ismaelcolosi.com.br","date":"3 de October de 2024","format":false,"excerpt":"O Tribunal de Justi\u00e7a Militar (TJMSP) informou, nesta quinta-feira (3), que o policial acusado de atirar e matar um comerciante de 27 anos, em Orl\u00e2ndia, cidade na regi\u00e3o de Ribeir\u00e3o Preto, foi solto novamente. O cabo Artur Filgueiras Cintra, de 28 anos, teve a pris\u00e3o preventiva decretada pelo tribunal na\u2026","rel":"","context":"In &quot;Not\u00edcias de Ribeir\u00e3o Preto-SP e Regi\u00e3o&quot;","block_context":{"text":"Not\u00edcias de Ribeir\u00e3o Preto-SP e Regi\u00e3o","link":"https:\/\/ismaelcolosi.com.br\/index.php\/category\/noticias-de-ribeirao-preto-sp-e-regiao-ismael-colosi\/"},"img":{"alt_text":"","src":"https:\/\/i0.wp.com\/ismaelcolosi.com.br\/wp-content\/uploads\/2024\/10\/Copia-de-Copia-de-Copia-de-TAMANHO-EXATO-PARA-FOTOS-NO-SISTEMA-NOVO-92_2024-10-03_23-07-34_png_2024-10-03_23-07-34.webp.webp?fit=1200%2C675&ssl=1&resize=350%2C200","width":350,"height":200,"srcset":"https:\/\/i0.wp.com\/ismaelcolosi.com.br\/wp-content\/uploads\/2024\/10\/Copia-de-Copia-de-Copia-de-TAMANHO-EXATO-PARA-FOTOS-NO-SISTEMA-NOVO-92_2024-10-03_23-07-34_png_2024-10-03_23-07-34.webp.webp?fit=1200%2C675&ssl=1&resize=350%2C200 1x, https:\/\/i0.wp.com\/ismaelcolosi.com.br\/wp-content\/uploads\/2024\/10\/Copia-de-Copia-de-Copia-de-TAMANHO-EXATO-PARA-FOTOS-NO-SISTEMA-NOVO-92_2024-10-03_23-07-34_png_2024-10-03_23-07-34.webp.webp?fit=1200%2C675&ssl=1&resize=525%2C300 1.5x, https:\/\/i0.wp.com\/ismaelcolosi.com.br\/wp-content\/uploads\/2024\/10\/Copia-de-Copia-de-Copia-de-TAMANHO-EXATO-PARA-FOTOS-NO-SISTEMA-NOVO-92_2024-10-03_23-07-34_png_2024-10-03_23-07-34.webp.webp?fit=1200%2C675&ssl=1&resize=700%2C400 2x, https:\/\/i0.wp.com\/ismaelcolosi.com.br\/wp-content\/uploads\/2024\/10\/Copia-de-Copia-de-Copia-de-TAMANHO-EXATO-PARA-FOTOS-NO-SISTEMA-NOVO-92_2024-10-03_23-07-34_png_2024-10-03_23-07-34.webp.webp?fit=1200%2C675&ssl=1&resize=1050%2C600 3x"},"classes":[]},{"id":27565,"url":"https:\/\/ismaelcolosi.com.br\/index.php\/2024\/01\/12\/rebate-andressa-urach-sobre-gravacao-de-conteudo-com-nora\/","url_meta":{"origin":60749,"position":5},"title":"rebate Andressa Urach sobre grava\u00e7\u00e3o de conte\u00fado com nora","author":"ismaelcolosi.com.br","date":"12 de January de 2024","format":false,"excerpt":"A empres\u00e1ria Andressa Urach sempre muito sincera em suas respostas com seus seguidores, respondeu \u00e0s d\u00favidas de alguns sobre trabalhar com conte\u00fado adulto em fam\u00edlia.\u201cO meu trabalho n\u00e3o \u00e9 sem-vergonhice. Meu trabalho \u00e9 um trabalho. A gente se respeita. S\u00e3o atores, atrizes, criadores de conte\u00fado. N\u00e3o \u00e9 uma sem-vergonhice. Eu\u2026","rel":"","context":"In &quot;Blog&quot;","block_context":{"text":"Blog","link":"https:\/\/ismaelcolosi.com.br\/index.php\/category\/blog\/"},"img":{"alt_text":"","src":"https:\/\/i0.wp.com\/ismaelcolosi.com.br\/wp-content\/uploads\/2024\/01\/postimg-65a177eedbe586774.jpg?fit=1200%2C628&ssl=1&resize=350%2C200","width":350,"height":200,"srcset":"https:\/\/i0.wp.com\/ismaelcolosi.com.br\/wp-content\/uploads\/2024\/01\/postimg-65a177eedbe586774.jpg?fit=1200%2C628&ssl=1&resize=350%2C200 1x, https:\/\/i0.wp.com\/ismaelcolosi.com.br\/wp-content\/uploads\/2024\/01\/postimg-65a177eedbe586774.jpg?fit=1200%2C628&ssl=1&resize=525%2C300 1.5x, https:\/\/i0.wp.com\/ismaelcolosi.com.br\/wp-content\/uploads\/2024\/01\/postimg-65a177eedbe586774.jpg?fit=1200%2C628&ssl=1&resize=700%2C400 2x, https:\/\/i0.wp.com\/ismaelcolosi.com.br\/wp-content\/uploads\/2024\/01\/postimg-65a177eedbe586774.jpg?fit=1200%2C628&ssl=1&resize=1050%2C600 3x"},"classes":[]}],"jetpack_sharing_enabled":true,"jetpack_shortlink":"https:\/\/wp.me\/pfMlyK-fNP","_links":{"self":[{"href":"https:\/\/ismaelcolosi.com.br\/index.php\/wp-json\/wp\/v2\/posts\/60749","targetHints":{"allow":["GET"]}}],"collection":[{"href":"https:\/\/ismaelcolosi.com.br\/index.php\/wp-json\/wp\/v2\/posts"}],"about":[{"href":"https:\/\/ismaelcolosi.com.br\/index.php\/wp-json\/wp\/v2\/types\/post"}],"author":[{"embeddable":true,"href":"https:\/\/ismaelcolosi.com.br\/index.php\/wp-json\/wp\/v2\/users\/1"}],"replies":[{"embeddable":true,"href":"https:\/\/ismaelcolosi.com.br\/index.php\/wp-json\/wp\/v2\/comments?post=60749"}],"version-history":[{"count":0,"href":"https:\/\/ismaelcolosi.com.br\/index.php\/wp-json\/wp\/v2\/posts\/60749\/revisions"}],"wp:featuredmedia":[{"embeddable":true,"href":"https:\/\/ismaelcolosi.com.br\/index.php\/wp-json\/wp\/v2\/media\/60750"}],"wp:attachment":[{"href":"https:\/\/ismaelcolosi.com.br\/index.php\/wp-json\/wp\/v2\/media?parent=60749"}],"wp:term":[{"taxonomy":"category","embeddable":true,"href":"https:\/\/ismaelcolosi.com.br\/index.php\/wp-json\/wp\/v2\/categories?post=60749"},{"taxonomy":"post_tag","embeddable":true,"href":"https:\/\/ismaelcolosi.com.br\/index.php\/wp-json\/wp\/v2\/tags?post=60749"}],"curies":[{"name":"wp","href":"https:\/\/api.w.org\/{rel}","templated":true}]}}