{"id":60747,"date":"2024-08-18T07:05:43","date_gmt":"2024-08-18T10:05:43","guid":{"rendered":"https:\/\/ismaelcolosi.com.br\/index.php\/2024\/08\/18\/novo-parque-de-ribeirao-preto-ganha-nome-e-deve-ser-aberto-no-proximo-mes\/"},"modified":"2024-08-18T07:05:43","modified_gmt":"2024-08-18T10:05:43","slug":"novo-parque-de-ribeirao-preto-ganha-nome-e-deve-ser-aberto-no-proximo-mes","status":"publish","type":"post","link":"https:\/\/ismaelcolosi.com.br\/index.php\/2024\/08\/18\/novo-parque-de-ribeirao-preto-ganha-nome-e-deve-ser-aberto-no-proximo-mes\/","title":{"rendered":"Novo parque de Ribeir\u00e3o Preto ganha nome e deve ser aberto no pr\u00f3ximo m\u00eas"},"content":{"rendered":"<p> <br \/>\n<\/p>\n<div data-td-block-uid=\"tdi_106\">\n<div class=\"tdb-block-inner td-fix-index\">\n<p>O prefeito de <strong>Ribeir\u00e3o Preto<\/strong>,<strong> Duarte Nogueira (PSDB)<\/strong>, publicou decreto que denomina de <strong>Parque Primavera Vera L\u00facia de Amorim Biagi<\/strong> a \u00e1rea que ficou conhecida como \u201cPico da Unaerp\u201d, no bairro Ribeir\u00e2nia, na zona Leste da cidade.<\/p>\n<p>Segundo a prefeitura, <mark style=\"background-color:#fcb900\" class=\"has-inline-color has-black-color\">nas pr\u00f3ximas semanas ser\u00e3o instaladas placas de comunica\u00e7\u00e3o visual e alerta na \u00e1rea do Parque Primavera. O local dever\u00e1 ser aberto ao p\u00fablico no pr\u00f3ximo m\u00eas.<\/mark><\/p>\n<h4 class=\"wp-block-heading\"><strong>Pol\u00eamica<\/strong><\/h4>\n<p>O Parque Primavera \u00e9 uma contrapartida assinada entre a Administra\u00e7\u00e3o Municipal e os moradores do Alto da Ribeir\u00e2nia que, em 2020, conseguiram uma autoriza\u00e7\u00e3o junto ao Executivo para o controle de acesso de um trecho do bairro.<\/p>\n<p>O controle foi aprovado ap\u00f3s moradores do bairro alegarem que o local enfrentava aglomera\u00e7\u00f5es.<\/p>\n<h4 class=\"wp-block-heading\"><strong>Homenageada<\/strong><\/h4>\n<p><strong>Vera L\u00facia de Amorim Biagi<\/strong>, que batiza o novo parque, foi uma das incentivadoras da restaura\u00e7\u00e3o do<strong> Theatro Pedro II<\/strong>, nos anos 1990. Ela morreu em 2022, aos 76 anos, em decorr\u00eancia de um AVC.<\/p>\n<p>SAIBA MAIS<br \/>Veja seis parques de Ribeir\u00e3o Preto para curtir um dia ao ar livre<\/p>\n<h4 class=\"wp-block-heading\"><strong>FIQUE ON<\/strong><\/h4>\n<p>Fique ligado em tudo que acontece em Ribeir\u00e3o Preto e regi\u00e3o. Siga os perfis do <strong>acidade on<\/strong> no<a href=\"https:\/\/www.instagram.com\/acidadeonribeirao\" target=\"_blank\" rel=\"noreferrer noopener nofollow\"> Instagram<\/a> e no <a href=\"https:\/\/www.facebook.com\/acidadeonribeirao\/\" target=\"_blank\" rel=\"noreferrer noopener nofollow\">Facebook<\/a>.<\/p>\n<p>Receba not\u00edcias do<strong> acidade on <\/strong>no WhatsApp. <a href=\"https:\/\/chat.whatsapp.com\/Dtv9mxhy6V5BJBotM2OQ5k\" target=\"_blank\" rel=\"noreferrer noopener nofollow\">Para entrar no grupo, basta clicar aqui.<\/a><\/p>\n<p>Fa\u00e7a uma den\u00fancia ou sugira uma reportagem sobre Ribeir\u00e3o Preto e regi\u00e3o pelo WhatsApp: 16 99117 7802.<\/p>\n<p>VEJA TAMB\u00c9M<br \/>Brownie proteico; veja como fazer<\/p>\n<p><!-- CONTENT END 1 -->\n<\/div>\n<\/div>\n<p><script async src=\"\/\/www.instagram.com\/embed.js\"><\/script><br \/>\n<br \/><br \/>\n<br \/><a href=\"https:\/\/www.acidadeon.com\/ribeiraopreto\/politica\/nevio-archibald\/novo-parque-de-ribeirao-preto-ganha-nome-e-deve-ser-aberto-no-proximo-mes\/\">Source link <\/a><\/p>\n","protected":false},"excerpt":{"rendered":"<p>O prefeito de Ribeir\u00e3o Preto, Duarte Nogueira (PSDB), publicou decreto que denomina de Parque Primavera Vera L\u00facia de Amorim Biagi a \u00e1rea que ficou conhecida&#8230;<\/p>\n","protected":false},"author":1,"featured_media":60748,"comment_status":"open","ping_status":"open","sticky":false,"template":"","format":"standard","meta":{"_uag_custom_page_level_css":"","advanced_seo_description":"","jetpack_seo_html_title":"","jetpack_seo_noindex":false,"jetpack_post_was_ever_published":false,"_jetpack_newsletter_access":"","_jetpack_dont_email_post_to_subs":false,"_jetpack_newsletter_tier_id":0,"_jetpack_memberships_contains_paywalled_content":false,"_jetpack_memberships_contains_paid_content":false,"footnotes":"","jetpack_publicize_message":"","jetpack_publicize_feature_enabled":true,"jetpack_social_post_already_shared":true,"jetpack_social_options":{"image_generator_settings":{"template":"highway","default_image_id":0,"font":"","enabled":false},"version":2}},"categories":[11],"tags":[],"class_list":["post-60747","post","type-post","status-publish","format-standard","has-post-thumbnail","hentry","category-noticias-de-ribeirao-preto-sp-e-regiao-ismael-colosi"],"jetpack_publicize_connections":[],"jetpack_featured_media_url":"https:\/\/i0.wp.com\/ismaelcolosi.com.br\/wp-content\/uploads\/2024\/08\/parque-primavera_2024-08-17_21-32-49_jpg_2024-08-17_21-32-49.webp.webp?fit=1314%2C751&ssl=1","uagb_featured_image_src":{"full":["https:\/\/i0.wp.com\/ismaelcolosi.com.br\/wp-content\/uploads\/2024\/08\/parque-primavera_2024-08-17_21-32-49_jpg_2024-08-17_21-32-49.webp.webp?fit=1314%2C751&ssl=1",1314,751,false],"thumbnail":["https:\/\/i0.wp.com\/ismaelcolosi.com.br\/wp-content\/uploads\/2024\/08\/parque-primavera_2024-08-17_21-32-49_jpg_2024-08-17_21-32-49.webp.webp?resize=150%2C150&ssl=1",150,150,true],"medium":["https:\/\/i0.wp.com\/ismaelcolosi.com.br\/wp-content\/uploads\/2024\/08\/parque-primavera_2024-08-17_21-32-49_jpg_2024-08-17_21-32-49.webp.webp?fit=300%2C171&ssl=1",300,171,true],"medium_large":["https:\/\/i0.wp.com\/ismaelcolosi.com.br\/wp-content\/uploads\/2024\/08\/parque-primavera_2024-08-17_21-32-49_jpg_2024-08-17_21-32-49.webp.webp?fit=768%2C439&ssl=1",768,439,true],"large":["https:\/\/i0.wp.com\/ismaelcolosi.com.br\/wp-content\/uploads\/2024\/08\/parque-primavera_2024-08-17_21-32-49_jpg_2024-08-17_21-32-49.webp.webp?fit=1024%2C585&ssl=1",1024,585,true],"1536x1536":["https:\/\/i0.wp.com\/ismaelcolosi.com.br\/wp-content\/uploads\/2024\/08\/parque-primavera_2024-08-17_21-32-49_jpg_2024-08-17_21-32-49.webp.webp?fit=1314%2C751&ssl=1",1314,751,true],"2048x2048":["https:\/\/i0.wp.com\/ismaelcolosi.com.br\/wp-content\/uploads\/2024\/08\/parque-primavera_2024-08-17_21-32-49_jpg_2024-08-17_21-32-49.webp.webp?fit=1314%2C751&ssl=1",1314,751,true],"really-simple-thumb":["https:\/\/i0.wp.com\/ismaelcolosi.com.br\/wp-content\/uploads\/2024\/08\/parque-primavera_2024-08-17_21-32-49_jpg_2024-08-17_21-32-49.webp.webp?resize=370%2C247&ssl=1",370,247,true]},"uagb_author_info":{"display_name":"ismaelcolosi.com.br","author_link":"https:\/\/ismaelcolosi.com.br\/index.php\/author\/vidareal-online\/"},"uagb_comment_info":0,"uagb_excerpt":"O prefeito de Ribeir\u00e3o Preto, Duarte Nogueira (PSDB), publicou decreto que denomina de Parque Primavera Vera L\u00facia de Amorim Biagi a \u00e1rea que ficou conhecida...","jetpack-related-posts":[{"id":66591,"url":"https:\/\/ismaelcolosi.com.br\/index.php\/2024\/09\/18\/saiba-quando-sera-a-abertura-do-novo-parque-em-ribeirao-preto\/","url_meta":{"origin":60747,"position":0},"title":"Saiba quando ser\u00e1 a abertura do novo parque em Ribeir\u00e3o Preto","author":"ismaelcolosi.com.br","date":"18 de September de 2024","format":false,"excerpt":"No pr\u00f3ximo s\u00e1bado (21), acontecer\u00e1 a abertura do Parque Primavera Vera L\u00facia de Amorim Biagi. A \u00e1rea ficou conhecida como \u201cPico da Unaerp\u201d, no bairro Ribeir\u00e2nia, na zona Leste da cidade. O Parque Primavera \u00e9 uma contrapartida assinada entre a Administra\u00e7\u00e3o Municipal e os moradores do Alto da Ribeir\u00e2nia que,\u2026","rel":"","context":"In &quot;Not\u00edcias de Ribeir\u00e3o Preto-SP e Regi\u00e3o&quot;","block_context":{"text":"Not\u00edcias de Ribeir\u00e3o Preto-SP e Regi\u00e3o","link":"https:\/\/ismaelcolosi.com.br\/index.php\/category\/noticias-de-ribeirao-preto-sp-e-regiao-ismael-colosi\/"},"img":{"alt_text":"","src":"https:\/\/i0.wp.com\/ismaelcolosi.com.br\/wp-content\/uploads\/2024\/09\/Copia-de-Copia-de-Copia-de-TAMANHO-EXATO-PARA-FOTOS-NO-SISTEMA-NOVO-26_2024-09-18_14-44-22_png_2024-09-18_14-44-22.webp.webp?fit=1200%2C675&ssl=1&resize=350%2C200","width":350,"height":200,"srcset":"https:\/\/i0.wp.com\/ismaelcolosi.com.br\/wp-content\/uploads\/2024\/09\/Copia-de-Copia-de-Copia-de-TAMANHO-EXATO-PARA-FOTOS-NO-SISTEMA-NOVO-26_2024-09-18_14-44-22_png_2024-09-18_14-44-22.webp.webp?fit=1200%2C675&ssl=1&resize=350%2C200 1x, https:\/\/i0.wp.com\/ismaelcolosi.com.br\/wp-content\/uploads\/2024\/09\/Copia-de-Copia-de-Copia-de-TAMANHO-EXATO-PARA-FOTOS-NO-SISTEMA-NOVO-26_2024-09-18_14-44-22_png_2024-09-18_14-44-22.webp.webp?fit=1200%2C675&ssl=1&resize=525%2C300 1.5x, https:\/\/i0.wp.com\/ismaelcolosi.com.br\/wp-content\/uploads\/2024\/09\/Copia-de-Copia-de-Copia-de-TAMANHO-EXATO-PARA-FOTOS-NO-SISTEMA-NOVO-26_2024-09-18_14-44-22_png_2024-09-18_14-44-22.webp.webp?fit=1200%2C675&ssl=1&resize=700%2C400 2x, https:\/\/i0.wp.com\/ismaelcolosi.com.br\/wp-content\/uploads\/2024\/09\/Copia-de-Copia-de-Copia-de-TAMANHO-EXATO-PARA-FOTOS-NO-SISTEMA-NOVO-26_2024-09-18_14-44-22_png_2024-09-18_14-44-22.webp.webp?fit=1200%2C675&ssl=1&resize=1050%2C600 3x"},"classes":[]},{"id":66609,"url":"https:\/\/ismaelcolosi.com.br\/index.php\/2024\/09\/18\/saiba-quando-sera-a-abertura-do-novo-parque-em-ribeirao-preto-2\/","url_meta":{"origin":60747,"position":1},"title":"Saiba quando ser\u00e1 a abertura do novo parque em Ribeir\u00e3o Preto","author":"ismaelcolosi.com.br","date":"18 de September de 2024","format":false,"excerpt":"No pr\u00f3ximo s\u00e1bado (21), \u00e0s 10h, acontecer\u00e1 a abertura do Parque Primavera Vera L\u00facia de Amorim Biagi. A \u00e1rea ficou conhecida como \u201cPico da Unaerp\u201d, no bairro Ribeir\u00e2nia, na zona Leste da cidade. O Parque Primavera ter\u00e1 funcionamento di\u00e1rio, das 6h at\u00e9 \u00e0s 21h. A estrutura do parque conta com\u2026","rel":"","context":"In &quot;Not\u00edcias de Ribeir\u00e3o Preto-SP e Regi\u00e3o&quot;","block_context":{"text":"Not\u00edcias de Ribeir\u00e3o Preto-SP e Regi\u00e3o","link":"https:\/\/ismaelcolosi.com.br\/index.php\/category\/noticias-de-ribeirao-preto-sp-e-regiao-ismael-colosi\/"},"img":{"alt_text":"","src":"https:\/\/i0.wp.com\/ismaelcolosi.com.br\/wp-content\/uploads\/2024\/09\/Visita-Parque-da-Ribeirania-Foto-Fernando-Gonzaga-2_2024-09-18_15-04-40_jpg_2024-09-18_15-04-41-scaled.webp.webp?fit=1200%2C800&ssl=1&resize=350%2C200","width":350,"height":200,"srcset":"https:\/\/i0.wp.com\/ismaelcolosi.com.br\/wp-content\/uploads\/2024\/09\/Visita-Parque-da-Ribeirania-Foto-Fernando-Gonzaga-2_2024-09-18_15-04-40_jpg_2024-09-18_15-04-41-scaled.webp.webp?fit=1200%2C800&ssl=1&resize=350%2C200 1x, https:\/\/i0.wp.com\/ismaelcolosi.com.br\/wp-content\/uploads\/2024\/09\/Visita-Parque-da-Ribeirania-Foto-Fernando-Gonzaga-2_2024-09-18_15-04-40_jpg_2024-09-18_15-04-41-scaled.webp.webp?fit=1200%2C800&ssl=1&resize=525%2C300 1.5x, https:\/\/i0.wp.com\/ismaelcolosi.com.br\/wp-content\/uploads\/2024\/09\/Visita-Parque-da-Ribeirania-Foto-Fernando-Gonzaga-2_2024-09-18_15-04-40_jpg_2024-09-18_15-04-41-scaled.webp.webp?fit=1200%2C800&ssl=1&resize=700%2C400 2x, https:\/\/i0.wp.com\/ismaelcolosi.com.br\/wp-content\/uploads\/2024\/09\/Visita-Parque-da-Ribeirania-Foto-Fernando-Gonzaga-2_2024-09-18_15-04-40_jpg_2024-09-18_15-04-41-scaled.webp.webp?fit=1200%2C800&ssl=1&resize=1050%2C600 3x"},"classes":[]},{"id":67182,"url":"https:\/\/ismaelcolosi.com.br\/index.php\/2024\/09\/21\/novo-parque-e-inaugurado-na-zona-leste-de-ribeirao-preto-veja-fotos\/","url_meta":{"origin":60747,"position":2},"title":"Novo parque \u00e9 inaugurado na zona Leste de Ribeir\u00e3o Preto; Veja fotos","author":"ismaelcolosi.com.br","date":"21 de September de 2024","format":false,"excerpt":"Foi inaugurado na manh\u00e3 deste s\u00e1bado (21), o Parque Primavera Vera L\u00facia de Amorim Biagi, no bairro Ribeir\u00e2nia, zona Leste de Ribeir\u00e3o Preto \u2013 veja fotos e v\u00eddeo abaixo. O parque foi resultado de um Termo de Autoriza\u00e7\u00e3o e Compromisso, estabelecido entre a Prefeitura Municipal de Ribeir\u00e3o Preto e a\u2026","rel":"","context":"In &quot;Not\u00edcias de Ribeir\u00e3o Preto-SP e Regi\u00e3o&quot;","block_context":{"text":"Not\u00edcias de Ribeir\u00e3o Preto-SP e Regi\u00e3o","link":"https:\/\/ismaelcolosi.com.br\/index.php\/category\/noticias-de-ribeirao-preto-sp-e-regiao-ismael-colosi\/"},"img":{"alt_text":"","src":"https:\/\/i0.wp.com\/ismaelcolosi.com.br\/wp-content\/uploads\/2024\/09\/WhatsApp-Image-2024-09-21-at-10.56.00_2024-09-21_14-36-31_jpeg_2024-09-21_14-36-31.webp.webp?fit=1200%2C675&ssl=1&resize=350%2C200","width":350,"height":200,"srcset":"https:\/\/i0.wp.com\/ismaelcolosi.com.br\/wp-content\/uploads\/2024\/09\/WhatsApp-Image-2024-09-21-at-10.56.00_2024-09-21_14-36-31_jpeg_2024-09-21_14-36-31.webp.webp?fit=1200%2C675&ssl=1&resize=350%2C200 1x, https:\/\/i0.wp.com\/ismaelcolosi.com.br\/wp-content\/uploads\/2024\/09\/WhatsApp-Image-2024-09-21-at-10.56.00_2024-09-21_14-36-31_jpeg_2024-09-21_14-36-31.webp.webp?fit=1200%2C675&ssl=1&resize=525%2C300 1.5x, https:\/\/i0.wp.com\/ismaelcolosi.com.br\/wp-content\/uploads\/2024\/09\/WhatsApp-Image-2024-09-21-at-10.56.00_2024-09-21_14-36-31_jpeg_2024-09-21_14-36-31.webp.webp?fit=1200%2C675&ssl=1&resize=700%2C400 2x, https:\/\/i0.wp.com\/ismaelcolosi.com.br\/wp-content\/uploads\/2024\/09\/WhatsApp-Image-2024-09-21-at-10.56.00_2024-09-21_14-36-31_jpeg_2024-09-21_14-36-31.webp.webp?fit=1200%2C675&ssl=1&resize=1050%2C600 3x"},"classes":[]},{"id":55007,"url":"https:\/\/ismaelcolosi.com.br\/index.php\/2024\/06\/29\/ferias-de-julho-sete-locais-em-ribeirao-preto-e-regiao-para-curtir-em-familia\/","url_meta":{"origin":60747,"position":3},"title":"F\u00e9rias de julho: Sete locais em Ribeir\u00e3o Preto e regi\u00e3o para curtir em fam\u00edlia","author":"ismaelcolosi.com.br","date":"29 de June de 2024","format":false,"excerpt":"Julho \u00e9 o m\u00eas em que os pais buscam op\u00e7\u00f5es de lazer para sair da rotina com os filhos durante as f\u00e9rias escolares. Pensando nisso, o acidade on preparou uma lista com sete locais para curtir em fam\u00edlia, que ficam em Ribeir\u00e3o Preto, Brodowski e Sert\u00e3ozinho. Todos com entrada gratuita.\u2026","rel":"","context":"In &quot;Not\u00edcias de Ribeir\u00e3o Preto-SP e Regi\u00e3o&quot;","block_context":{"text":"Not\u00edcias de Ribeir\u00e3o Preto-SP e Regi\u00e3o","link":"https:\/\/ismaelcolosi.com.br\/index.php\/category\/noticias-de-ribeirao-preto-sp-e-regiao-ismael-colosi\/"},"img":{"alt_text":"","src":"https:\/\/i0.wp.com\/ismaelcolosi.com.br\/wp-content\/uploads\/2024\/06\/bb822011-2f61-4abe-9370-40ddfa249447_2024-06-28_18-46-04_jpeg_2024-06-28_18-46-05.webp.webp?fit=1200%2C900&ssl=1&resize=350%2C200","width":350,"height":200,"srcset":"https:\/\/i0.wp.com\/ismaelcolosi.com.br\/wp-content\/uploads\/2024\/06\/bb822011-2f61-4abe-9370-40ddfa249447_2024-06-28_18-46-04_jpeg_2024-06-28_18-46-05.webp.webp?fit=1200%2C900&ssl=1&resize=350%2C200 1x, https:\/\/i0.wp.com\/ismaelcolosi.com.br\/wp-content\/uploads\/2024\/06\/bb822011-2f61-4abe-9370-40ddfa249447_2024-06-28_18-46-04_jpeg_2024-06-28_18-46-05.webp.webp?fit=1200%2C900&ssl=1&resize=525%2C300 1.5x, https:\/\/i0.wp.com\/ismaelcolosi.com.br\/wp-content\/uploads\/2024\/06\/bb822011-2f61-4abe-9370-40ddfa249447_2024-06-28_18-46-04_jpeg_2024-06-28_18-46-05.webp.webp?fit=1200%2C900&ssl=1&resize=700%2C400 2x, https:\/\/i0.wp.com\/ismaelcolosi.com.br\/wp-content\/uploads\/2024\/06\/bb822011-2f61-4abe-9370-40ddfa249447_2024-06-28_18-46-04_jpeg_2024-06-28_18-46-05.webp.webp?fit=1200%2C900&ssl=1&resize=1050%2C600 3x"},"classes":[]},{"id":68184,"url":"https:\/\/ismaelcolosi.com.br\/index.php\/2024\/09\/27\/confira-os-horarios-de-funcionamento-dos-parques-de-ribeirao-preto\/","url_meta":{"origin":60747,"position":4},"title":"Confira os hor\u00e1rios de funcionamento dos parques de Ribeir\u00e3o Preto","author":"ismaelcolosi.com.br","date":"27 de September de 2024","format":false,"excerpt":"Ribeir\u00e3o Preto\u00a0tem seis parques\u00a0para quem prefere curtir ou fazer alguma atividade ao ar livre, pela cidade. Confira mais detalhes sobre os parques do munic\u00edpio O Parque Raya fica na zona Sul de Ribeir\u00e3o Preto (Foto de arquivo: Marcelo Fontes \/ acidade on) Parque Luis Carlos Raya O parque fica localizado\u2026","rel":"","context":"In &quot;Not\u00edcias de Ribeir\u00e3o Preto-SP e Regi\u00e3o&quot;","block_context":{"text":"Not\u00edcias de Ribeir\u00e3o Preto-SP e Regi\u00e3o","link":"https:\/\/ismaelcolosi.com.br\/index.php\/category\/noticias-de-ribeirao-preto-sp-e-regiao-ismael-colosi\/"},"img":{"alt_text":"","src":"https:\/\/i0.wp.com\/ismaelcolosi.com.br\/wp-content\/uploads\/2024\/09\/Copia-de-Copia-de-Copia-de-TAMANHO-EXATO-PARA-FOTOS-NO-SISTEMA-NOVO-49_2024-09-27_19-16-30_png_2024-09-27_19-16-30.webp.webp?fit=1200%2C675&ssl=1&resize=350%2C200","width":350,"height":200,"srcset":"https:\/\/i0.wp.com\/ismaelcolosi.com.br\/wp-content\/uploads\/2024\/09\/Copia-de-Copia-de-Copia-de-TAMANHO-EXATO-PARA-FOTOS-NO-SISTEMA-NOVO-49_2024-09-27_19-16-30_png_2024-09-27_19-16-30.webp.webp?fit=1200%2C675&ssl=1&resize=350%2C200 1x, https:\/\/i0.wp.com\/ismaelcolosi.com.br\/wp-content\/uploads\/2024\/09\/Copia-de-Copia-de-Copia-de-TAMANHO-EXATO-PARA-FOTOS-NO-SISTEMA-NOVO-49_2024-09-27_19-16-30_png_2024-09-27_19-16-30.webp.webp?fit=1200%2C675&ssl=1&resize=525%2C300 1.5x, https:\/\/i0.wp.com\/ismaelcolosi.com.br\/wp-content\/uploads\/2024\/09\/Copia-de-Copia-de-Copia-de-TAMANHO-EXATO-PARA-FOTOS-NO-SISTEMA-NOVO-49_2024-09-27_19-16-30_png_2024-09-27_19-16-30.webp.webp?fit=1200%2C675&ssl=1&resize=700%2C400 2x, https:\/\/i0.wp.com\/ismaelcolosi.com.br\/wp-content\/uploads\/2024\/09\/Copia-de-Copia-de-Copia-de-TAMANHO-EXATO-PARA-FOTOS-NO-SISTEMA-NOVO-49_2024-09-27_19-16-30_png_2024-09-27_19-16-30.webp.webp?fit=1200%2C675&ssl=1&resize=1050%2C600 3x"},"classes":[]},{"id":68193,"url":"https:\/\/ismaelcolosi.com.br\/index.php\/2024\/09\/27\/confira-os-horarios-de-funcionamento-dos-parques-de-ribeirao-preto-2\/","url_meta":{"origin":60747,"position":5},"title":"Confira os hor\u00e1rios de funcionamento dos parques de Ribeir\u00e3o Preto","author":"ismaelcolosi.com.br","date":"27 de September de 2024","format":false,"excerpt":"Ribeir\u00e3o Preto\u00a0tem seis parques\u00a0para quem prefere curtir ou fazer alguma atividade ao ar livre, pela cidade. Confira mais detalhes sobre os parques do munic\u00edpio O Parque Raya fica na zona Sul de Ribeir\u00e3o Preto (Foto de arquivo: Marcelo Fontes \/ acidade on) Parque Luis Carlos Raya O parque fica localizado\u2026","rel":"","context":"In &quot;Not\u00edcias de Ribeir\u00e3o Preto-SP e Regi\u00e3o&quot;","block_context":{"text":"Not\u00edcias de Ribeir\u00e3o Preto-SP e Regi\u00e3o","link":"https:\/\/ismaelcolosi.com.br\/index.php\/category\/noticias-de-ribeirao-preto-sp-e-regiao-ismael-colosi\/"},"img":{"alt_text":"","src":"https:\/\/i0.wp.com\/ismaelcolosi.com.br\/wp-content\/uploads\/2024\/09\/Copia-de-Copia-de-Copia-de-TAMANHO-EXATO-PARA-FOTOS-NO-SISTEMA-NOVO-49_2024-09-27_19-16-30_png_2024-09-27_19-16-30.webp.webp?fit=1200%2C675&ssl=1&resize=350%2C200","width":350,"height":200,"srcset":"https:\/\/i0.wp.com\/ismaelcolosi.com.br\/wp-content\/uploads\/2024\/09\/Copia-de-Copia-de-Copia-de-TAMANHO-EXATO-PARA-FOTOS-NO-SISTEMA-NOVO-49_2024-09-27_19-16-30_png_2024-09-27_19-16-30.webp.webp?fit=1200%2C675&ssl=1&resize=350%2C200 1x, https:\/\/i0.wp.com\/ismaelcolosi.com.br\/wp-content\/uploads\/2024\/09\/Copia-de-Copia-de-Copia-de-TAMANHO-EXATO-PARA-FOTOS-NO-SISTEMA-NOVO-49_2024-09-27_19-16-30_png_2024-09-27_19-16-30.webp.webp?fit=1200%2C675&ssl=1&resize=525%2C300 1.5x, https:\/\/i0.wp.com\/ismaelcolosi.com.br\/wp-content\/uploads\/2024\/09\/Copia-de-Copia-de-Copia-de-TAMANHO-EXATO-PARA-FOTOS-NO-SISTEMA-NOVO-49_2024-09-27_19-16-30_png_2024-09-27_19-16-30.webp.webp?fit=1200%2C675&ssl=1&resize=700%2C400 2x, https:\/\/i0.wp.com\/ismaelcolosi.com.br\/wp-content\/uploads\/2024\/09\/Copia-de-Copia-de-Copia-de-TAMANHO-EXATO-PARA-FOTOS-NO-SISTEMA-NOVO-49_2024-09-27_19-16-30_png_2024-09-27_19-16-30.webp.webp?fit=1200%2C675&ssl=1&resize=1050%2C600 3x"},"classes":[]}],"jetpack_sharing_enabled":true,"jetpack_shortlink":"https:\/\/wp.me\/pfMlyK-fNN","_links":{"self":[{"href":"https:\/\/ismaelcolosi.com.br\/index.php\/wp-json\/wp\/v2\/posts\/60747","targetHints":{"allow":["GET"]}}],"collection":[{"href":"https:\/\/ismaelcolosi.com.br\/index.php\/wp-json\/wp\/v2\/posts"}],"about":[{"href":"https:\/\/ismaelcolosi.com.br\/index.php\/wp-json\/wp\/v2\/types\/post"}],"author":[{"embeddable":true,"href":"https:\/\/ismaelcolosi.com.br\/index.php\/wp-json\/wp\/v2\/users\/1"}],"replies":[{"embeddable":true,"href":"https:\/\/ismaelcolosi.com.br\/index.php\/wp-json\/wp\/v2\/comments?post=60747"}],"version-history":[{"count":0,"href":"https:\/\/ismaelcolosi.com.br\/index.php\/wp-json\/wp\/v2\/posts\/60747\/revisions"}],"wp:featuredmedia":[{"embeddable":true,"href":"https:\/\/ismaelcolosi.com.br\/index.php\/wp-json\/wp\/v2\/media\/60748"}],"wp:attachment":[{"href":"https:\/\/ismaelcolosi.com.br\/index.php\/wp-json\/wp\/v2\/media?parent=60747"}],"wp:term":[{"taxonomy":"category","embeddable":true,"href":"https:\/\/ismaelcolosi.com.br\/index.php\/wp-json\/wp\/v2\/categories?post=60747"},{"taxonomy":"post_tag","embeddable":true,"href":"https:\/\/ismaelcolosi.com.br\/index.php\/wp-json\/wp\/v2\/tags?post=60747"}],"curies":[{"name":"wp","href":"https:\/\/api.w.org\/{rel}","templated":true}]}}