{"id":60745,"date":"2024-08-18T06:46:15","date_gmt":"2024-08-18T09:46:15","guid":{"rendered":"https:\/\/ismaelcolosi.com.br\/index.php\/2024\/08\/18\/como-saber-o-momento-de-mudar-o-rumo-do-negocio\/"},"modified":"2024-08-18T06:46:15","modified_gmt":"2024-08-18T09:46:15","slug":"como-saber-o-momento-de-mudar-o-rumo-do-negocio","status":"publish","type":"post","link":"https:\/\/ismaelcolosi.com.br\/index.php\/2024\/08\/18\/como-saber-o-momento-de-mudar-o-rumo-do-negocio\/","title":{"rendered":"como saber o momento de mudar o rumo do neg\u00f3cio"},"content":{"rendered":"<p> <br \/>\n<\/p>\n<div>\n<p>\u00a0<\/p>\n<div class=\"accessibility\">\n<p>Acessibilidade<\/p>\n<p>\n<button onclick=\"alterFont1()\" id=\"btn1\" class=\"btn\">L<\/button><br \/>\n<button onclick=\"alterFont2()\" id=\"btn2\" class=\"btn\" style=\"font-family: Merriweather\">L<\/button><br \/>\n<button onclick=\"alterFontSmallerSize()\" id=\"btn3\" class=\"btn\">A-<\/button><br \/>\n<button onclick=\"alterFontBiggerSize()\" id=\"btn4\" class=\"btn\">A+<\/button><\/p>\n<p><button onclick=\"alterBackground()\" id=\"btn6\" class=\"btn\">\u25d0<\/button><\/p>\n<\/div>\n<p>\u00a0<\/p>\n<p>Em 1873, o japon\u00eas <strong>Yataro Iwasaki<\/strong> teve uma ideia que mudaria sua vida. Depois de trabalhar alguns anos em um escrit\u00f3rio comercial de Nagasaki, no Jap\u00e3o, ele resolveu criar sua pr\u00f3pria empresa de com\u00e9rcio exterior, a Mitsukawa (\u201ctr\u00eas rios\u201d, em japon\u00eas).<\/p>\n<p>Os tr\u00eas barcos a vapor de Iwasaki percorriam os rios da China e da R\u00fassia vendendo de \u00f3leo de c\u00e2nfora a armamentos. A companhia passou ent\u00e3o a se chamar <strong>Mitsubishi<\/strong>, que significa \u201ctr\u00eas diamantes\u201d, devido ao sucesso do empreendimento.<\/p>\n<h2>Leia tamb\u00e9m<\/h2>\n<div id=\"attachment_628646\" class=\"wp-caption alignnone style=\" max-width:=\"\"><img data-recalc-dims=\"1\" loading=\"lazy\" decoding=\"async\" class=\"alignnone wp-image-628646 size-medium\" src=\"https:\/\/i0.wp.com\/forbes.com.br\/wp-content\/uploads\/2024\/08\/pivotar-768x512.jpg?resize=678%2C452&#038;ssl=1\" http:=\"\" alt=\"Getty Images\" width=\"678\" height=\"452\" data-lazy-src=\"https:\/\/forbes.com.br\/wp-content\/uploads\/2024\/08\/pivotar-768x512.jpg\"\/><img data-recalc-dims=\"1\" loading=\"lazy\" decoding=\"async\" class=\"alignnone wp-image-628646 size-medium\" src=\"https:\/\/i0.wp.com\/forbes.com.br\/wp-content\/uploads\/2024\/08\/pivotar-768x512.jpg?resize=678%2C452&#038;ssl=1\" alt=\"Getty Images\" width=\"678\" height=\"452\"\/><\/p>\n<p>Getty Images<\/p>\n<p class=\"wp-caption-text\">Pivotar pode ser desafiador, mas a aposta tem suas recompensas<\/p>\n<\/div>\n<p>A empresa ia bem, mas alguns anos depois, em 1917, o neto do fundador da empresa,<strong> Koyata Iwasaki<\/strong>, formado em hist\u00f3ria e sociologia pela Universidade de Cambridge, no Reino Unido, sugeriu uma mudan\u00e7a radical. Koyata anteviu o potencial dos autom\u00f3veis e a revolu\u00e7\u00e3o que fariam no setor de transportes.<\/p>\n<p>N\u00e3o demorou para a Mitsubishi come\u00e7ar a produzir seus primeiros ve\u00edculos motorizados e, a partir da\u00ed, se tornar um dos maiores conglomerados empresariais do mundo. Hoje, o grupo tem um lucro superior a <strong>US$ 6 bilh\u00f5es<\/strong>\u00a0por ano e atua em setores que v\u00e3o da minera\u00e7\u00e3o \u00e0 produ\u00e7\u00e3o de eletroeletr\u00f4nicos e \u00e0 explora\u00e7\u00e3o de g\u00e1s natural.<\/p>\n<p>Pode at\u00e9 parecer f\u00e1cil, mas o caminho pela qual a Mitsubishi e outras empresas optaram, ao decidir pivotar, \u00e9 considerado um dos maiores desafios empresariais. Afinal, muita coisa pode dar errado. \u201cA empresa corre o risco de perder o mercado no qual atuava e lhe proporcionava algum faturamento para se aventurar em um segmento novo e muitas vezes imprevis\u00edvel\u201d, diz Luiz Caselli, s\u00f3cio-l\u00edder de consultoria estrat\u00e9gica da <strong>Deloitte<\/strong>.<\/p>\n<p>Tamb\u00e9m \u00e9 necess\u00e1rio investir tempo e dinheiro no novo neg\u00f3cio. Caselli lembra ainda que um planejamento estrat\u00e9gico de longo prazo bem-feito, com base em conversas com stakeholders e an\u00e1lises de mercado, \u00e9 indispens\u00e1vel. E nada disso \u00e9 f\u00e1cil.<\/p>\n<p>Depois, vem a parte de implementar a estrat\u00e9gia. Nesse ponto, \u00e9 preciso convencer desde a alta lideran\u00e7a at\u00e9 os funcion\u00e1rios de baixo escal\u00e3o a abra\u00e7ar a causa. Nesse processo, n\u00e3o \u00e9 raro perder capital humano e precisar refazer o alinhamento da gest\u00e3o de pessoas, entre outros pontos. O mercado tamb\u00e9m precisa se convencer sobre a efic\u00e1cia do plano de mudan\u00e7a de rumo da empresa \u2013 ou seja, uma estrat\u00e9gia de marketing bem-feita \u00e9 essencial.<\/p>\n<h2>Grupo Tigre<\/h2>\n<p>No Brasil, o Grupo Tigre soube fazer a li\u00e7\u00e3o de casa. Criada em 1941 em Joinville, no interior de Santa Catarina, a empresa come\u00e7ou fabricando pentes e outros acess\u00f3rios de pl\u00e1stico. Nada mudou por uma d\u00e9cada, at\u00e9 o fundador do neg\u00f3cio, <strong>Jo\u00e3o Hansen J\u00fanior<\/strong>, viajar para Alemanha para participar de uma feira de produtos industriais.<\/p>\n<p>Na ocasi\u00e3o, foram apresentados os primeiros tubos de PVC, um tipo de pl\u00e1stico. \u201cEle tinha uma mente inquieta e percebeu que o PVC ia ganhar espa\u00e7o por in\u00fameras vantagens, como sua resist\u00eancia e a prov\u00e1vel utiliza\u00e7\u00e3o na constru\u00e7\u00e3o civil\u201d, conta Otto Von Sothens, presidente do Grupo Tigre.<\/p>\n<p>Hansen J\u00fanior trouxe uma m\u00e1quina de fabrica\u00e7\u00e3o de tubos de PVC no in\u00edcio dos anos 50 e apostou fortemente no novo mercado. \u201cNessa fase, foi muito importante ter uma estrat\u00e9gia muito bem calibrada, baseada em uma s\u00e9rie de pilares\u201d, diz Sothens.<\/p>\n<p>Uma das primeiras provid\u00eancias foi definir um portf\u00f3lio de investimento em pesquisa e inova\u00e7\u00e3o, o que incluiu a contrata\u00e7\u00e3o de engenheiros e outros profissionais especializados. A forma\u00e7\u00e3o de m\u00e3o-de-obra pr\u00f3pria, com treinamentos e cursos, foi outro pilar essencial.<\/p>\n<p>Outra estrat\u00e9gia importante foi a defini\u00e7\u00e3o de uma verba de publicidade para ser usada na televis\u00e3o, ent\u00e3o um dos principais ve\u00edculos de informa\u00e7\u00e3o dos brasileiros. A empresa queria chegar at\u00e9 o varejo, o mercado de constru\u00e7\u00e3o civil e o consumidor final, especialmente aquele que costuma comprar materiais para realizar obras residenciais. \u201cHavia o desafio de superar a resist\u00eancia de ado\u00e7\u00e3o do PVC, que era um novo material\u201d, diz Sothens.<\/p>\n<p>A empresa come\u00e7ou a dar saltos de crescimento a partir dos anos 1970, depois de d\u00e9cadas de muito suor e investimento, com o boom de constru\u00e7\u00e3o civil no pa\u00eds. A partir da\u00ed, os passos foram muito largos do que poderia imaginar seu fundador e mentor da estrat\u00e9gia de crescimento.<\/p>\n<p>Atualmente, o Grupo Tigre tem presen\u00e7a em 30 pa\u00edses, conta com mais de 5 mil funcion\u00e1rios e possui 24 unidades fabris distribu\u00eddas pelo mundo. A empresa se tornou uma das maiores multinacionais de origem brasileira. Cerca de 40% do faturamento vem do exterior, sendo que 15% s\u00e3o gerados pela opera\u00e7\u00e3o nos Estados Unidos.<\/p>\n<p>Ao longo de sua trajet\u00f3ria, a empresa acertou em alguns aspectos importantes \u2013 e dif\u00edceis de serem alcan\u00e7ados. \u201cTrabalhar com inova\u00e7\u00e3o de forma cont\u00ednua e conseguir seduzir os novos clientes s\u00e3o algumas das maiores conquistas das empresas capazes de pivotar de forma bem-sucedida\u201d, analisa Andr\u00e9 Coutinho, s\u00f3cio-l\u00edder de consultoria da <strong>KPMG<\/strong> no Brasil e na Am\u00e9rica do Sul.<\/p>\n<p>O consultor tamb\u00e9m ressalta que o timing \u00e9 outro componente fundamental dessa equa\u00e7\u00e3o. \u201c\u00c9 mais dif\u00edcil salvar um neg\u00f3cio em crise, ent\u00e3o \u00e9 preciso ter sabedoria para escolher o momento para dar a guinada certa, o que muitas vezes \u00e9 uma arte\u201d, diz Coutinho.<\/p>\n<h2>Netflix<\/h2>\n<p>\u00c9 bem o caso da Netflix, fundada em 1997, que come\u00e7ou como um servi\u00e7o de venda e aluguel de DVD pelo correio. Os assinantes podiam escolher os filmes online, o que era uma novidade na \u00e9poca. Com a evolu\u00e7\u00e3o da internet e do conte\u00fado online, os fundadores da empresa perceberam uma oportunidade de neg\u00f3cios.<\/p>\n<p>A chave virou em 2007, bem antes da quebradeira das lojas de DVD, afetadas, anos depois, pela massiva expans\u00e3o do streaming. Na \u00e9poca, a Netflix j\u00e1 havia aberto capital, por isso qualquer decis\u00e3o precisava ser muito bem pensada para n\u00e3o derrubar o pre\u00e7o das a\u00e7\u00f5es. Confiantes na estrat\u00e9gia de pivotar para o servi\u00e7o de streaming, os fundadores da empresa, <strong>Reed Hastings <\/strong>e<strong> Marc Randolph<\/strong>, elaboram um plano de neg\u00f3cio e apresentaram a ideia aos stakeholders.<\/p>\n<p>Com o sinal verde, a empresa passou a exibir s\u00e9ries e filmes produzidos por terceiros, em um formato de parceria. A Netlfix s\u00f3 come\u00e7ou a produzir conte\u00fado pr\u00f3prio em 2013, quando j\u00e1 mais capitalizada e possu\u00eda uma base de mais de 25 milh\u00f5es de assinantes.<\/p>\n<p>Dez anos depois, em 2023, a empresa registrava <strong>260,3 milh\u00f5es<\/strong> <strong>de usu\u00e1rios<\/strong> no mundo todo e uma receita de mais de <strong>US$ 33 bilh\u00f5es<\/strong>. Ao longo de sua hist\u00f3ria, a Netflix deixou v\u00e1rios exemplos \u2013 especialmente do que fazer ao se decidir por uma mudan\u00e7a radical. \u201cUma das principais li\u00e7\u00f5es \u00e9 que um plano de neg\u00f3cios s\u00f3lido, capaz de atrair clientes, fornecedores e at\u00e9 acionistas, \u00e9 um dos aspectos mais relevantes da estrat\u00e9gia de pivotar\u201d, afirma Coutinho.<\/p>\n<p>No setor de entretenimento, no entanto, as transforma\u00e7\u00f5es foram de tal ordem que mesmo empresas inovadoras tiveram dificuldade de seguir adiante e acabaram pivotando praticamente \u00e0 f\u00f3rceps.<\/p>\n<h2>TecToy<\/h2>\n<p>Isso vale inclusive para marcas muito bem-sucedidas dos anos 1980 e 1990. Quem n\u00e3o lembra, por exemplo, de brinquedos como a pistola Zillon e dos games comercializados da TecToy? Fundada em 1987, a empresa dominou boa parte do mercado brasileiro de brinquedos at\u00e9 o in\u00edcio dos anos 2000, quando o setor encolheu e passou por grandes mudan\u00e7as.<\/p>\n<p>Mas demorou para a ficha cair e o neg\u00f3cio foi acumulando d\u00edvidas, at\u00e9 chegar em 2019 com um grupo diminuto de funcion\u00e1rios e um horizonte pouco otimista pela frente. A\u00ed, veio a virada. A empresa trocou de CEO h\u00e1 cinco anos e reviu toda a sua estrat\u00e9gia.<\/p>\n<p>A nova gest\u00e3o identificou um mercado de alto valor agregado e boas perspectivas de crescimento. \u201cDepois de pesquisar muito e visitar diversos pa\u00edses e feiras de neg\u00f3cios, conclu\u00edmos que o setor de automa\u00e7\u00e3o comercial e meios de pagamento caminhava para uma revolu\u00e7\u00e3o tecnol\u00f3gica\u201d, diz <strong>Valdeni Rodrigues<\/strong>, CEO da TecToy. A empresa, que j\u00e1 tinha uma unidade fabril e algum know-how de produzir eletr\u00f4nicos, mergulho de cabe\u00e7a na ideia.<\/p>\n<p>Nos \u00faltimos anos, a companhia lan\u00e7ou maquininhas de meios de pagamento e equipamentos de autoatendimento que est\u00e3o sendo utilizados por supermercados e redes de lojas, entre outros estabelecimentos comerciais. Os totens podem ser integrados a sistemas de gest\u00e3o e conectados a funcionalidades como IoT (internet das coisas). Trata-se de um mercado est\u00e1 em pleno crescimento.<\/p>\n<p>O volume de opera\u00e7\u00f5es realizadas por maquininhas de cart\u00e3o bateu<strong> R$ 1 trilh\u00e3o<\/strong> s\u00f3 no \u00faltimo trimestre do ano passado. O setor de automa\u00e7\u00e3o comercial, por sua vez, deve movimentar mais de <strong>US$ 17 bilh\u00f5es<\/strong> globalmente neste ano, chegando a<strong> US$ 37 bilh\u00f5es<\/strong> at\u00e9 2029, segundo estimativas de mercado.<\/p>\n<p>N\u00e3o \u00e0 toa, o faturamento da TecToy em 2023 bateu a casa dos <strong>R$ 2 bilh\u00f5es<\/strong>, deixando bem l\u00e1 atr\u00e1s o m\u00edsero resultado de R$ 100 mil obtido em 2019. \u201cContribuiu muito para o bom desempenho o fato de que desenhamos uma estrat\u00e9gia voltada a busca de equipamentos e softwares de setores com grande potencial de crescimento e inova\u00e7\u00e3o tecnol\u00f3gica, \u00e1rea em que a empresa era forte no passado e sobre a qual construiu uma marca de sucesso\u201d, diz Rodrigues.<\/p>\n<p>Em nova rota, a TecToy se prepara para dar novos saltos de expans\u00e3o. Mas a hist\u00f3ria poderia ter tido um outro final. \u201cEsperar demais para pivotar em um cen\u00e1rio de grandes mudan\u00e7as no mercado pode ser arriscado\u201d, diz Luis Ruivo, s\u00f3cio da <strong>PwC Brasil<\/strong>. Por outro lado, n\u00e3o h\u00e1 s\u00f3 vantagens em pivotar. Na lista de argumentos contr\u00e1rios, t\u00eam destaque o risco de gerar preju\u00edzo e at\u00e9 fechar as portas, caso a virada de chave n\u00e3o seja bem-sucedida, com impacto para o patrim\u00f4nio da empresa e dos s\u00f3cios.<\/p>\n<p>Em geral, tamb\u00e9m \u00e9 necess\u00e1rio ter algum capital para arcar com custos \u2013 e por um bom tempo \u2013 investindo em aquisi\u00e7\u00f5es que v\u00e3o de maquin\u00e1rio \u00e0 contrata\u00e7\u00e3o de pessoal especializado. \u00c0s vezes, no entanto, as mudan\u00e7as tamb\u00e9m acontecem por acaso. A\u00ed, o segredo \u00e9 enxergar rapidamente as oportunidades que come\u00e7am a surgir e ter olhos para observar com lupa mudan\u00e7as de h\u00e1bito de consumo.<\/p>\n<h2>Jacuzzi<\/h2>\n<p>Foi o que aconteceu com a Jacuzzi. Fundada em 1915 na Calif\u00f3rnia, nos Estados Unidos, por imigrantes italianos, a empresa acabou se firmando como fabricante de bombas de irriga\u00e7\u00e3o usadas na agricultura, entre outros equipamentos. Algumas d\u00e9cadas depois, a Jacuzzi criou um sistema de bombas para abastecer uma banheira a pedido de um parente que sofria de artrose e acreditava que a hidroterapia poderia ser \u00fatil.<\/p>\n<p>Deu t\u00e3o certo que em 1968 a empresa lan\u00e7ou as primeiras banheiras de hidromassagem, acompanhando o in\u00edcio da onda de bem-estar e maior preocupa\u00e7\u00e3o com a sa\u00fade nos Estados Unidos.<\/p>\n<p>Mais de cem anos depois de sua funda\u00e7\u00e3o, a marca continua firme e forte. \u201cCasos como esses s\u00e3o raros, at\u00e9 porque \u00e9 preciso um senso de oportunidade grande e um desapego a modelos pr\u00e9-estabelecidos para conseguir dar uma guinada capaz de manter a empresa no mercado por tanto tempo\u201d, diz Coutinho.<\/p>\n<h2>Grupo Bertolini<\/h2>\n<p>No caso de ind\u00fastrias, h\u00e1 outros fatores a serem considerados. Ficar atento \u00e0 evolu\u00e7\u00e3o das mat\u00e9rias-primas e abrir novas frentes de neg\u00f3cios, para testar novos mercados, pode fazer toda a diferen\u00e7a. Assim se deu a trajet\u00f3ria do Grupo Bertolini, fundado em Bento Gon\u00e7alves, no Rio Grande do Sul, como um pequeno neg\u00f3cio de metalurgia.<\/p>\n<p>A empresa foi criada em 1969 por cinco filhos de um conhecido ferreiro na cidade. \u201cFoi algo natural, j\u00e1 que eles j\u00e1 trabalhavam com serraria e conheciam bem a atividade\u201d, conta <strong>Jeferson Bertolini<\/strong>, CTO (Chief Transformation Officer) do Grupo Bertolini. Em 1977, a empresa come\u00e7ou a fabricar cozinhas de chapas de a\u00e7o, em alta na \u00e9poca. Mas os gestores sentiram que havia mais espa\u00e7o para crescer.<\/p>\n<p>No in\u00edcio dos anos 1990, a empresa in\u00edcio a uma s\u00e9rie de pesquisas sobre novos materiais para a fabrica\u00e7\u00e3o de m\u00f3veis. A inten\u00e7\u00e3o era expandir a \u00e1rea de atua\u00e7\u00e3o e entrar no segmento de mobili\u00e1rio para quarto e sala de estar. A mat\u00e9ria-prima escolhida foi o MDF. \u201cEra um material novo e muito promissor\u201d, diz Bertolini.<\/p>\n<p>A empresa lan\u00e7ou marcas como a <strong>Evivva<\/strong>, hoje uma das conhecidas fabricantes de m\u00f3veis sob medida no pa\u00eds, e expandiu para outros setores. Para aumentar a efici\u00eancia do transporte de mercadorias entre as unidades de distribui\u00e7\u00e3o e produ\u00e7\u00e3o da empresa, localizadas em Estados como Pernambuco e Goi\u00e2nia, em 2011 foi lan\u00e7ada a Logber, dedicada \u00e0 log\u00edstica. Logo a companhia passou a atender outras empresas.<\/p>\n<ul>\n<li>\n<h4>Siga a <a href=\"https:\/\/whatsapp.com\/channel\/0029Va9gQKwBFLgM96cJnu0u&gt;\" target=\"_blank\" rel=\"noopener\">Forbes<\/a> no WhatsApp e receba as principais not\u00edcias sobre neg\u00f3cios, carreira, tecnologia e estilo de vida<\/h4>\n<\/li>\n<\/ul>\n<p>A empresa n\u00e3o deixou de produzir de materiais de a\u00e7o, que solidificaram sua trajet\u00f3ria por d\u00e9cadas, mas hoje boa parte do faturamento vem dos m\u00f3veis e da transportadora. Mesmo depois de pivotar, a empresa n\u00e3o pretende ficar parada. \u201cAtualmente, um dos maiores desafios \u00e9 disseminar a cultura de inova\u00e7\u00e3o em toda a organiza\u00e7\u00e3o, que cresceu bastante, e estudar constantemente a evolu\u00e7\u00e3o de novos mercados e de h\u00e1bitos de consumo\u201d, diz Bertolini. Com representantes nos Estados Unidos, Col\u00f4mbia e M\u00e9xico, a companhia emprega atualmente mais de 1.100 funcion\u00e1rios. \u201cAinda temos muito a crescer\u201d, afirma Bertolini.<\/p>\n<h2>Escolhas do editor<\/h2>\n<\/div>\n<p><script type=\"rocketlazyloadscript\">\n\t\t\t\t(function(d, s, id){\n\t\t\t\t\tvar js, fjs = d.getElementsByTagName(s)[0];\n\t\t\t\t\tif (d.getElementById(id)) return;\n\t\t\t\t\tjs = d.createElement(s); js.id = id;\n\t\t\t\t\tjs.src = \"\/\/connect.facebook.net\/pt_BR\/sdk.js#xfbml=1&version=v2.9\";\n\t\t\t\t\tfjs.parentNode.insertBefore(js, fjs);\n\t\t\t\t}(document, 'script', 'facebook-jssdk'));\n\t\t\t<\/script><br \/>\n<br \/><br \/>\n<br \/><a href=\"https:\/\/forbes.com.br\/carreira\/2024\/08\/pivotar-como-saber-o-momento-certo-de-mudar-o-rumo-dos-seus-negocios\/\">Source link <\/a><\/p>\n<div class='code-block code-block-4' style='margin: 8px auto 8px 0; text-align: left; display: block; clear: both;'>\n\ud83d\udce2 Aviso Legal\n\nO site ismaelcolosi.com.br atua apenas como um canal de divulga\u00e7\u00e3o de oportunidades de emprego e n\u00e3o se responsabiliza pelo processo seletivo, contrata\u00e7\u00e3o ou qualquer outra etapa relacionada \u00e0s vagas publicadas. Todas as informa\u00e7\u00f5es s\u00e3o de responsabilidade dos anunciantes.\n\n\u26a0\ufe0f Aten\u00e7\u00e3o! Nunca pague por promessas de emprego nem compre cursos que garantam contrata\u00e7\u00e3o. Desconfie de qualquer cobran\u00e7a para participar de sele\u00e7\u00f5es.\n\n\n\n<\/div>\n<!-- CONTENT END 1 -->\n","protected":false},"excerpt":{"rendered":"<p>\u00a0 Acessibilidade L L A- A+ \u25d0 \u00a0 Em 1873, o japon\u00eas Yataro Iwasaki teve uma ideia que mudaria sua vida. Depois de trabalhar alguns&#8230;<\/p>\n","protected":false},"author":1,"featured_media":60746,"comment_status":"open","ping_status":"open","sticky":false,"template":"","format":"standard","meta":{"_uag_custom_page_level_css":"","advanced_seo_description":"","jetpack_seo_html_title":"","jetpack_seo_noindex":false,"jetpack_post_was_ever_published":false,"_jetpack_newsletter_access":"","_jetpack_dont_email_post_to_subs":false,"_jetpack_newsletter_tier_id":0,"_jetpack_memberships_contains_paywalled_content":false,"_jetpack_memberships_contains_paid_content":false,"footnotes":"","jetpack_publicize_message":"","jetpack_publicize_feature_enabled":true,"jetpack_social_post_already_shared":true,"jetpack_social_options":{"image_generator_settings":{"template":"highway","default_image_id":0,"font":"","enabled":false},"version":2}},"categories":[1964],"tags":[],"class_list":["post-60745","post","type-post","status-publish","format-standard","has-post-thumbnail","hentry","category-carreira-e-sucesso-dicas-para-carreira"],"jetpack_publicize_connections":[],"jetpack_featured_media_url":"https:\/\/i0.wp.com\/ismaelcolosi.com.br\/wp-content\/uploads\/2024\/08\/pivotar-1024x683.jpg?fit=1024%2C683&ssl=1","uagb_featured_image_src":{"full":["https:\/\/i0.wp.com\/ismaelcolosi.com.br\/wp-content\/uploads\/2024\/08\/pivotar-1024x683.jpg?fit=1024%2C683&ssl=1",1024,683,false],"thumbnail":["https:\/\/i0.wp.com\/ismaelcolosi.com.br\/wp-content\/uploads\/2024\/08\/pivotar-1024x683.jpg?resize=150%2C150&ssl=1",150,150,true],"medium":["https:\/\/i0.wp.com\/ismaelcolosi.com.br\/wp-content\/uploads\/2024\/08\/pivotar-1024x683.jpg?fit=300%2C200&ssl=1",300,200,true],"medium_large":["https:\/\/i0.wp.com\/ismaelcolosi.com.br\/wp-content\/uploads\/2024\/08\/pivotar-1024x683.jpg?fit=768%2C512&ssl=1",768,512,true],"large":["https:\/\/i0.wp.com\/ismaelcolosi.com.br\/wp-content\/uploads\/2024\/08\/pivotar-1024x683.jpg?fit=1024%2C683&ssl=1",1024,683,true],"1536x1536":["https:\/\/i0.wp.com\/ismaelcolosi.com.br\/wp-content\/uploads\/2024\/08\/pivotar-1024x683.jpg?fit=1024%2C683&ssl=1",1024,683,true],"2048x2048":["https:\/\/i0.wp.com\/ismaelcolosi.com.br\/wp-content\/uploads\/2024\/08\/pivotar-1024x683.jpg?fit=1024%2C683&ssl=1",1024,683,true],"really-simple-thumb":["https:\/\/i0.wp.com\/ismaelcolosi.com.br\/wp-content\/uploads\/2024\/08\/pivotar-1024x683.jpg?resize=370%2C247&ssl=1",370,247,true]},"uagb_author_info":{"display_name":"ismaelcolosi.com.br","author_link":"https:\/\/ismaelcolosi.com.br\/index.php\/author\/vidareal-online\/"},"uagb_comment_info":0,"uagb_excerpt":"\u00a0 Acessibilidade L L A- A+ \u25d0 \u00a0 Em 1873, o japon\u00eas Yataro Iwasaki teve uma ideia que mudaria sua vida. Depois de trabalhar alguns...","jetpack-related-posts":[{"id":44486,"url":"https:\/\/ismaelcolosi.com.br\/index.php\/2024\/03\/27\/ufscar-lancou-curso-online-gratuito-de-japones-com-certificado\/","url_meta":{"origin":60745,"position":0},"title":"UFSCar lan\u00e7ou Curso Online Gratuito de Japon\u00eas com Certificado","author":"ismaelcolosi.com.br","date":"27 de March de 2024","format":false,"excerpt":"A Universidade Federal de S\u00e3o Carlos (UFSCar) acaba de lan\u00e7ar uma excelente oportunidade para aqueles que desejam aprender uma nova l\u00edngua. Trata-se de um curso online gratuito de Japon\u00eas, com direito a certificado. Uma iniciativa que contribui para a forma\u00e7\u00e3o de cidad\u00e3os mais globalizados e preparados para o mercado de\u2026","rel":"","context":"In &quot;Cursos Gratuitos e Bolsas de Estudos&quot;","block_context":{"text":"Cursos Gratuitos e Bolsas de Estudos","link":"https:\/\/ismaelcolosi.com.br\/index.php\/category\/cursos-gratuitos-e-bolsas-de-estudos-ribeirao-preto\/"},"img":{"alt_text":"","src":"https:\/\/i0.wp.com\/ismaelcolosi.com.br\/wp-content\/uploads\/2024\/03\/Curso-online-gratuito-de-japones-Com-certificado.png?fit=1200%2C628&ssl=1&resize=350%2C200","width":350,"height":200,"srcset":"https:\/\/i0.wp.com\/ismaelcolosi.com.br\/wp-content\/uploads\/2024\/03\/Curso-online-gratuito-de-japones-Com-certificado.png?fit=1200%2C628&ssl=1&resize=350%2C200 1x, https:\/\/i0.wp.com\/ismaelcolosi.com.br\/wp-content\/uploads\/2024\/03\/Curso-online-gratuito-de-japones-Com-certificado.png?fit=1200%2C628&ssl=1&resize=525%2C300 1.5x, https:\/\/i0.wp.com\/ismaelcolosi.com.br\/wp-content\/uploads\/2024\/03\/Curso-online-gratuito-de-japones-Com-certificado.png?fit=1200%2C628&ssl=1&resize=700%2C400 2x, https:\/\/i0.wp.com\/ismaelcolosi.com.br\/wp-content\/uploads\/2024\/03\/Curso-online-gratuito-de-japones-Com-certificado.png?fit=1200%2C628&ssl=1&resize=1050%2C600 3x"},"classes":[]},{"id":45431,"url":"https:\/\/ismaelcolosi.com.br\/index.php\/2024\/04\/04\/ufscar-lanca-curso-online-gratuito-de-japones-com-certificado\/","url_meta":{"origin":60745,"position":1},"title":"UFSCar lan\u00e7a curso online gratuito de japon\u00eas com certificado","author":"ismaelcolosi.com.br","date":"4 de April de 2024","format":false,"excerpt":"Que tal dominar o idioma japon\u00eas sem gastar nada? A UFSCar est\u00e1 com inscri\u00e7\u00f5es abertas para um curso gratuito e totalmente online de japon\u00eas. \u00c9 a oportunidade perfeita para quem deseja mergulhar em uma nova l\u00edngua e cultura, tudo sem sair de casa! Curso flex\u00edvel e acess\u00edvel Com aulas din\u00e2micas\u2026","rel":"","context":"In &quot;Cursos Gratuitos e Bolsas de Estudos&quot;","block_context":{"text":"Cursos Gratuitos e Bolsas de Estudos","link":"https:\/\/ismaelcolosi.com.br\/index.php\/category\/cursos-gratuitos-e-bolsas-de-estudos-ribeirao-preto\/"},"img":{"alt_text":"","src":"https:\/\/i0.wp.com\/ismaelcolosi.com.br\/wp-content\/uploads\/2024\/04\/UFSCar-lanca-curso-online-gratuito-de-japones-com-certificado.png?fit=1200%2C630&ssl=1&resize=350%2C200","width":350,"height":200,"srcset":"https:\/\/i0.wp.com\/ismaelcolosi.com.br\/wp-content\/uploads\/2024\/04\/UFSCar-lanca-curso-online-gratuito-de-japones-com-certificado.png?fit=1200%2C630&ssl=1&resize=350%2C200 1x, https:\/\/i0.wp.com\/ismaelcolosi.com.br\/wp-content\/uploads\/2024\/04\/UFSCar-lanca-curso-online-gratuito-de-japones-com-certificado.png?fit=1200%2C630&ssl=1&resize=525%2C300 1.5x, https:\/\/i0.wp.com\/ismaelcolosi.com.br\/wp-content\/uploads\/2024\/04\/UFSCar-lanca-curso-online-gratuito-de-japones-com-certificado.png?fit=1200%2C630&ssl=1&resize=700%2C400 2x, https:\/\/i0.wp.com\/ismaelcolosi.com.br\/wp-content\/uploads\/2024\/04\/UFSCar-lanca-curso-online-gratuito-de-japones-com-certificado.png?fit=1200%2C630&ssl=1&resize=1050%2C600 3x"},"classes":[]},{"id":56167,"url":"https:\/\/ismaelcolosi.com.br\/index.php\/2024\/07\/10\/como-enaldinho-transformou-sucesso-na-internet-em-faturamento-de-r-25-milhoes\/","url_meta":{"origin":60745,"position":2},"title":"Como Enaldinho transformou sucesso na internet em faturamento de R$ 25 milh\u00f5es","author":"ismaelcolosi.com.br","date":"10 de July de 2024","format":false,"excerpt":"Acessibilidade L L A- A+ \u25d0 Em 2012, o gamer mineiro Enaldo Lopes de Oliveira Filho era fissurado por Combat Arms e criou seu canal no YouTube apenas para subir e poder compartilhar com os amigos seus v\u00eddeos jogando. At\u00e9 que, dois anos depois, em uma feira de games, surpreendeu-se\u2026","rel":"","context":"In &quot;Carreira e Sucesso&quot;","block_context":{"text":"Carreira e Sucesso","link":"https:\/\/ismaelcolosi.com.br\/index.php\/category\/carreira-e-sucesso-dicas-para-carreira\/"},"img":{"alt_text":"","src":"https:\/\/i0.wp.com\/ismaelcolosi.com.br\/wp-content\/uploads\/2024\/07\/Enaldinho-1024x683.png?fit=1024%2C683&ssl=1&resize=350%2C200","width":350,"height":200,"srcset":"https:\/\/i0.wp.com\/ismaelcolosi.com.br\/wp-content\/uploads\/2024\/07\/Enaldinho-1024x683.png?fit=1024%2C683&ssl=1&resize=350%2C200 1x, https:\/\/i0.wp.com\/ismaelcolosi.com.br\/wp-content\/uploads\/2024\/07\/Enaldinho-1024x683.png?fit=1024%2C683&ssl=1&resize=525%2C300 1.5x, https:\/\/i0.wp.com\/ismaelcolosi.com.br\/wp-content\/uploads\/2024\/07\/Enaldinho-1024x683.png?fit=1024%2C683&ssl=1&resize=700%2C400 2x"},"classes":[]},{"id":87107,"url":"https:\/\/ismaelcolosi.com.br\/index.php\/2025\/08\/19\/o-que-e-e-como-pode-melhorar-seu-equilibrio-entre-vida-e-trabalho\/","url_meta":{"origin":60745,"position":3},"title":"O Que \u00c9 e Como Pode Melhorar Seu Equil\u00edbrio entre Vida e Trabalho","author":"ismaelcolosi.com.br","date":"19 de August de 2025","format":false,"excerpt":"\r Getty Images\r A caminhada japonesa alterna entre tr\u00eas minutos de caminhada em ritmo normal e tr\u00eas minutos em ritmo acelerado, totalizando 30 minutos\r Acessibilidade \r L\r L\r A-\r A+\r \r \u25d0\r \r Cientistas descobriram que exerc\u00edcios regulares melhoram a sa\u00fade f\u00edsica e mental, reduzindo o risco de ansiedade em\u2026","rel":"","context":"In &quot;Carreira e Sucesso&quot;","block_context":{"text":"Carreira e Sucesso","link":"https:\/\/ismaelcolosi.com.br\/index.php\/category\/carreira-e-sucesso-dicas-para-carreira\/"},"img":{"alt_text":"","src":"https:\/\/i0.wp.com\/ismaelcolosi.com.br\/wp-content\/uploads\/2025\/08\/saude-caminhada-japonesa-1200x675.jpg?fit=1200%2C675&ssl=1&resize=350%2C200","width":350,"height":200,"srcset":"https:\/\/i0.wp.com\/ismaelcolosi.com.br\/wp-content\/uploads\/2025\/08\/saude-caminhada-japonesa-1200x675.jpg?fit=1200%2C675&ssl=1&resize=350%2C200 1x, https:\/\/i0.wp.com\/ismaelcolosi.com.br\/wp-content\/uploads\/2025\/08\/saude-caminhada-japonesa-1200x675.jpg?fit=1200%2C675&ssl=1&resize=525%2C300 1.5x, https:\/\/i0.wp.com\/ismaelcolosi.com.br\/wp-content\/uploads\/2025\/08\/saude-caminhada-japonesa-1200x675.jpg?fit=1200%2C675&ssl=1&resize=700%2C400 2x, https:\/\/i0.wp.com\/ismaelcolosi.com.br\/wp-content\/uploads\/2025\/08\/saude-caminhada-japonesa-1200x675.jpg?fit=1200%2C675&ssl=1&resize=1050%2C600 3x"},"classes":[]},{"id":39150,"url":"https:\/\/ismaelcolosi.com.br\/index.php\/2024\/02\/23\/brasileiro-pode-ter-descoberto-planeta\/","url_meta":{"origin":60745,"position":4},"title":"Brasileiro pode ter descoberto planeta \u00a0","author":"ismaelcolosi.com.br","date":"23 de February de 2024","format":false,"excerpt":"Ci\u00eancia e Tecnologia Destaque 23 de fevereiro de 2024 | 15:0023 de fevereiro de 2024 | 8:22 0Um estudo liderado por um pesquisador brasileiro e um japon\u00eas levanta a hip\u00f3tese da exist\u00eancia de um novo planeta no Sistema Solar. Os cientistas brasileiro Patryk Sofia Lykawka, da Universidade Kindai, do Jap\u00e3o,\u2026","rel":"","context":"In &quot;Not\u00edcias de Ribeir\u00e3o Preto-SP e Regi\u00e3o&quot;","block_context":{"text":"Not\u00edcias de Ribeir\u00e3o Preto-SP e Regi\u00e3o","link":"https:\/\/ismaelcolosi.com.br\/index.php\/category\/noticias-de-ribeirao-preto-sp-e-regiao-ismael-colosi\/"},"img":{"alt_text":"","src":"https:\/\/i0.wp.com\/ismaelcolosi.com.br\/wp-content\/uploads\/2024\/02\/Solar-Detalhe-Patryk-Sofia-Lykawka-Arquivo-pessoal.jpg?fit=414%2C303&ssl=1&resize=350%2C200","width":350,"height":200},"classes":[]},{"id":16834,"url":"https:\/\/ismaelcolosi.com.br\/index.php\/2023\/12\/16\/botafogo-contrata-atacante-portugues-tiago-alves\/","url_meta":{"origin":60745,"position":5},"title":"Botafogo contrata atacante portugu\u00eas Tiago Alves\u00a0\u00a0","author":"ismaelcolosi.com.br","date":"16 de December de 2023","format":false,"excerpt":"16 de dezembro de 2023 | 16:0016 de dezembro de 2023 | 12:49 0O Botafogo tem mais um refor\u00e7o para o setor ofensivo. Trata-se do extremo portugu\u00eas Tiago Alves, de 27 anos, revelado nas categorias de base do Sporting (POR) e que atualmente veste a camisa do Montedio Yamagata, do\u2026","rel":"","context":"In &quot;Not\u00edcias de Ribeir\u00e3o Preto-SP e Regi\u00e3o&quot;","block_context":{"text":"Not\u00edcias de Ribeir\u00e3o Preto-SP e Regi\u00e3o","link":"https:\/\/ismaelcolosi.com.br\/index.php\/category\/noticias-de-ribeirao-preto-sp-e-regiao-ismael-colosi\/"},"img":{"alt_text":"","src":"https:\/\/i0.wp.com\/ismaelcolosi.com.br\/wp-content\/uploads\/2023\/12\/Botafogo-2-1-scaled.jpg?fit=957%2C645&ssl=1&resize=350%2C200","width":350,"height":200,"srcset":"https:\/\/i0.wp.com\/ismaelcolosi.com.br\/wp-content\/uploads\/2023\/12\/Botafogo-2-1-scaled.jpg?fit=957%2C645&ssl=1&resize=350%2C200 1x, https:\/\/i0.wp.com\/ismaelcolosi.com.br\/wp-content\/uploads\/2023\/12\/Botafogo-2-1-scaled.jpg?fit=957%2C645&ssl=1&resize=525%2C300 1.5x, https:\/\/i0.wp.com\/ismaelcolosi.com.br\/wp-content\/uploads\/2023\/12\/Botafogo-2-1-scaled.jpg?fit=957%2C645&ssl=1&resize=700%2C400 2x"},"classes":[]}],"jetpack_sharing_enabled":true,"jetpack_shortlink":"https:\/\/wp.me\/pfMlyK-fNL","_links":{"self":[{"href":"https:\/\/ismaelcolosi.com.br\/index.php\/wp-json\/wp\/v2\/posts\/60745","targetHints":{"allow":["GET"]}}],"collection":[{"href":"https:\/\/ismaelcolosi.com.br\/index.php\/wp-json\/wp\/v2\/posts"}],"about":[{"href":"https:\/\/ismaelcolosi.com.br\/index.php\/wp-json\/wp\/v2\/types\/post"}],"author":[{"embeddable":true,"href":"https:\/\/ismaelcolosi.com.br\/index.php\/wp-json\/wp\/v2\/users\/1"}],"replies":[{"embeddable":true,"href":"https:\/\/ismaelcolosi.com.br\/index.php\/wp-json\/wp\/v2\/comments?post=60745"}],"version-history":[{"count":0,"href":"https:\/\/ismaelcolosi.com.br\/index.php\/wp-json\/wp\/v2\/posts\/60745\/revisions"}],"wp:featuredmedia":[{"embeddable":true,"href":"https:\/\/ismaelcolosi.com.br\/index.php\/wp-json\/wp\/v2\/media\/60746"}],"wp:attachment":[{"href":"https:\/\/ismaelcolosi.com.br\/index.php\/wp-json\/wp\/v2\/media?parent=60745"}],"wp:term":[{"taxonomy":"category","embeddable":true,"href":"https:\/\/ismaelcolosi.com.br\/index.php\/wp-json\/wp\/v2\/categories?post=60745"},{"taxonomy":"post_tag","embeddable":true,"href":"https:\/\/ismaelcolosi.com.br\/index.php\/wp-json\/wp\/v2\/tags?post=60745"}],"curies":[{"name":"wp","href":"https:\/\/api.w.org\/{rel}","templated":true}]}}