{"id":6069,"date":"2023-11-25T00:57:16","date_gmt":"2023-11-25T03:57:16","guid":{"rendered":"https:\/\/ismaelcolosi.com.br\/index.php\/2023\/11\/25\/padre-reginaldo-manzotti-sofre-complicacoes-pos-cirurgicas-e-esta-internado-causa-de-tanta-dor\/"},"modified":"2023-11-25T00:57:16","modified_gmt":"2023-11-25T03:57:16","slug":"padre-reginaldo-manzotti-sofre-complicacoes-pos-cirurgicas-e-esta-internado-causa-de-tanta-dor","status":"publish","type":"post","link":"https:\/\/ismaelcolosi.com.br\/index.php\/2023\/11\/25\/padre-reginaldo-manzotti-sofre-complicacoes-pos-cirurgicas-e-esta-internado-causa-de-tanta-dor\/","title":{"rendered":"Padre Reginaldo Manzotti sofre complica\u00e7\u00f5es p\u00f3s cir\u00fargicas e esta internado: &#8216;causa de tanta dor&#8217;"},"content":{"rendered":"<p> <br \/>\n<\/p>\n<div itemprop=\"text\">\n<p>Na noite desta sexta-feira (24\/11), uma not\u00edcia deixou cat\u00f3licos do pa\u00eds bastante preocupados. Foi confirmado que o Padre Reginaldo Manzotti precisou ser internado ap\u00f3s sofrer complica\u00e7\u00f5es de sa\u00fade.<\/p>\n<p>Manzotti usou as redes sociais para falar diretamente sobre seu estado de sa\u00fade e esclareceu que sofreu complica\u00e7\u00f5es ap\u00f3s passar por uma cirurgia. Ele explicou deve seguir internado, fazendo repouso.<\/p><div class='code-block code-block-8' style='margin: 8px auto; text-align: center; display: block; clear: both;'>\n<script>\n  atOptions = {\n    'key' : '66e2e2111ca34da796271819fc334058',\n    'format' : 'iframe',\n    'height' : 250,\n    'width' : 300,\n    'params' : {}\n  };\n<\/script>\n<script src=\"https:\/\/www.highperformanceformat.com\/66e2e2111ca34da796271819fc334058\/invoke.js\"><\/script>\n<\/div>\n\n<p>\u201c<b>Finalmente descobriram a causa de tanta dor e a atual equipe m\u00e9dica que me atende recomendou que eu permane\u00e7a internado e depois siga com repouso prolongado. Por isso, estarei ausente por mais algum tempo<\/b>\u201c, afirmou.<\/p>\n<p>Reginaldo passou por cirurgia no \u00faltimo dia 30 de outubro. Segundo informa\u00e7\u00f5es de sua assessoria, o Padre vinha sofrendo com dores fortes na coluna e buscando atendimento m\u00e9dico.<\/p>\n<p>Tamb\u00e9m em suas redes sociais, Manzotti fez quest\u00e3o de agradecer pelas mensagens carinhosas e ora\u00e7\u00f5es que tem recebido. O padre pediu que as ora\u00e7\u00f5es continuem.<\/p>\n<blockquote class=\"instagram-media\" style=\"background: #FFF; border: 0; border-radius: 3px; box-shadow: 0 0 1px 0 rgba(0,0,0,0.5),0 1px 10px 0 rgba(0,0,0,0.15); margin: 1px; max-width: 540px; min-width: 326px; padding: 0; width: calc(100% - 2px);\" data-instgrm-permalink=\"https:\/\/www.instagram.com\/p\/C0CBAEzxMIo\/?utm_source=ig_embed&amp;utm_campaign=loading\" data-instgrm-version=\"14\">\n<p>\u00a0<\/p>\n<p>Ver essa foto no Instagram<\/p>\n<p>\u00a0<\/p>\n<p style=\"color: #c9c8cd; font-family: Arial,sans-serif; font-size: 14px; line-height: 17px; margin-bottom: 0; margin-top: 8px; overflow: hidden; padding: 8px 0 7px; text-align: center; text-overflow: ellipsis; white-space: nowrap;\"><a style=\"color: #c9c8cd; font-family: Arial,sans-serif; font-size: 14px; font-style: normal; font-weight: normal; line-height: 17px; text-decoration: none;\" href=\"https:\/\/www.instagram.com\/p\/C0CBAEzxMIo\/?utm_source=ig_embed&amp;utm_campaign=loading\" target=\"_blank\" rel=\"noopener\">Uma publica\u00e7\u00e3o compartilhada por Padre Reginaldo Manzotti (@padremanzotti)<\/a><\/p>\n<\/blockquote>\n<p>Nos coment\u00e1rios, muitos famosos deixaram mensagens de apoio e carinhos. Os cantores P\u00e9ricles e Thaeme foram dois deles, por exemplo. Al\u00e9m disso, muitos devotos tamb\u00e9m deixaram mensagens de apoio.<\/p>\n<p>Manzotti \u00e9 um rosto conhecido mesmo entre aqueles que n\u00e3o professam a f\u00e9 cat\u00f3lica. O padre \u00e9\u00a0conhecido\u00a0por\u00a0ser bastante\u00a0presente\u00a0na\u00a0web,\u00a0com\u00a0missas\u00a0transmitidas\u00a0pelo\u00a0Youtube, por\u00a0exemplo.<\/p>\n<p>Nas redes, n\u00e3o faltam mensagens de apoio, ora\u00e7\u00f5es e desejos de pronta recupera\u00e7\u00e3o para Manzotti. Conforme informa\u00e7\u00f5es de sua assessoria, a recupera\u00e7\u00e3o \u00e9 lenta e o padre n\u00e3o tem previs\u00e3o de alta.<\/p>\n<\/div>\n<p><script async src=\"\/\/www.instagram.com\/embed.js\"><\/script><br \/>\n<br \/><br \/>\n<br \/><a href=\"https:\/\/fnmais.com\/padre-reginaldo-manzotti-sofre-complicacoes-pos-cirurgicas-esta-internado-causa-tanta-dor\/\">Source link <\/a><\/p>\n<div class='code-block code-block-4' style='margin: 8px auto 8px 0; text-align: left; display: block; clear: both;'>\n\ud83d\udce2 Aviso Legal\n\nO site ismaelcolosi.com.br atua apenas como um canal de divulga\u00e7\u00e3o de oportunidades de emprego e n\u00e3o se responsabiliza pelo processo seletivo, contrata\u00e7\u00e3o ou qualquer outra etapa relacionada \u00e0s vagas publicadas. Todas as informa\u00e7\u00f5es s\u00e3o de responsabilidade dos anunciantes.\n\n\u26a0\ufe0f Aten\u00e7\u00e3o! Nunca pague por promessas de emprego nem compre cursos que garantam contrata\u00e7\u00e3o. Desconfie de qualquer cobran\u00e7a para participar de sele\u00e7\u00f5es.\n\n\n\n<\/div>\n<!-- CONTENT END 1 -->\n","protected":false},"excerpt":{"rendered":"<p>Na noite desta sexta-feira (24\/11), uma not\u00edcia deixou cat\u00f3licos do pa\u00eds bastante preocupados. Foi confirmado que o Padre Reginaldo Manzotti precisou ser internado ap\u00f3s sofrer&#8230;<\/p>\n","protected":false},"author":1,"featured_media":6070,"comment_status":"open","ping_status":"open","sticky":false,"template":"","format":"standard","meta":{"_uag_custom_page_level_css":"","advanced_seo_description":"","jetpack_seo_html_title":"","jetpack_seo_noindex":false,"jetpack_post_was_ever_published":false,"_jetpack_newsletter_access":"","_jetpack_dont_email_post_to_subs":false,"_jetpack_newsletter_tier_id":0,"_jetpack_memberships_contains_paywalled_content":false,"_jetpack_memberships_contains_paid_content":false,"footnotes":"","jetpack_publicize_message":"","jetpack_publicize_feature_enabled":true,"jetpack_social_post_already_shared":true,"jetpack_social_options":{"image_generator_settings":{"template":"highway","default_image_id":0,"font":"","enabled":false},"version":2}},"categories":[1],"tags":[],"class_list":["post-6069","post","type-post","status-publish","format-standard","has-post-thumbnail","hentry","category-blog"],"jetpack_publicize_connections":[],"jetpack_featured_media_url":"https:\/\/i0.wp.com\/ismaelcolosi.com.br\/wp-content\/uploads\/2023\/11\/postimg-6561642a1004b9923.jpg?fit=1200%2C628&ssl=1","uagb_featured_image_src":{"full":["https:\/\/i0.wp.com\/ismaelcolosi.com.br\/wp-content\/uploads\/2023\/11\/postimg-6561642a1004b9923.jpg?fit=1200%2C628&ssl=1",1200,628,false],"thumbnail":["https:\/\/i0.wp.com\/ismaelcolosi.com.br\/wp-content\/uploads\/2023\/11\/postimg-6561642a1004b9923.jpg?resize=150%2C150&ssl=1",150,150,true],"medium":["https:\/\/i0.wp.com\/ismaelcolosi.com.br\/wp-content\/uploads\/2023\/11\/postimg-6561642a1004b9923.jpg?fit=300%2C157&ssl=1",300,157,true],"medium_large":["https:\/\/i0.wp.com\/ismaelcolosi.com.br\/wp-content\/uploads\/2023\/11\/postimg-6561642a1004b9923.jpg?fit=768%2C402&ssl=1",768,402,true],"large":["https:\/\/i0.wp.com\/ismaelcolosi.com.br\/wp-content\/uploads\/2023\/11\/postimg-6561642a1004b9923.jpg?fit=1024%2C536&ssl=1",1024,536,true],"1536x1536":["https:\/\/i0.wp.com\/ismaelcolosi.com.br\/wp-content\/uploads\/2023\/11\/postimg-6561642a1004b9923.jpg?fit=1200%2C628&ssl=1",1200,628,true],"2048x2048":["https:\/\/i0.wp.com\/ismaelcolosi.com.br\/wp-content\/uploads\/2023\/11\/postimg-6561642a1004b9923.jpg?fit=1200%2C628&ssl=1",1200,628,true],"really-simple-thumb":["https:\/\/i0.wp.com\/ismaelcolosi.com.br\/wp-content\/uploads\/2023\/11\/postimg-6561642a1004b9923.jpg?resize=370%2C247&ssl=1",370,247,true]},"uagb_author_info":{"display_name":"ismaelcolosi.com.br","author_link":"https:\/\/ismaelcolosi.com.br\/index.php\/author\/vidareal-online\/"},"uagb_comment_info":0,"uagb_excerpt":"Na noite desta sexta-feira (24\/11), uma not\u00edcia deixou cat\u00f3licos do pa\u00eds bastante preocupados. Foi confirmado que o Padre Reginaldo Manzotti precisou ser internado ap\u00f3s sofrer...","jetpack-related-posts":[{"id":31153,"url":"https:\/\/ismaelcolosi.com.br\/index.php\/2024\/01\/21\/top-10-musicas-catolicas-mais-tocadas-do-brasil-em-2024\/","url_meta":{"origin":6069,"position":0},"title":"Top 10 m\u00fasicas Cat\u00f3licas mais tocadas do Brasil em 2024","author":"ismaelcolosi.com.br","date":"21 de January de 2024","format":false,"excerpt":"Confira as top m\u00fasicas cat\u00f3licas mais tocadas. Ou\u00e7a as melhores m\u00fasicas cat\u00f3licas mais tocadas nas r\u00e1dios do Brasil e consequentemente no Youtube. S\u00e3o os maiores sucessos do g\u00eanero cat\u00f3lico que s\u00e3o mais ouvidas tanto nas r\u00e1dios, como nas missas, nas igrejas e na internet. Portanto, aproveite para ouvir o top\u2026","rel":"","context":"In &quot;Blog&quot;","block_context":{"text":"Blog","link":"https:\/\/ismaelcolosi.com.br\/index.php\/category\/blog\/"},"img":{"alt_text":"","src":"https:\/\/i0.wp.com\/ismaelcolosi.com.br\/wp-content\/uploads\/2024\/01\/Musicas-catolicas-mais-tocadas.jpg?fit=1200%2C799&ssl=1&resize=350%2C200","width":350,"height":200,"srcset":"https:\/\/i0.wp.com\/ismaelcolosi.com.br\/wp-content\/uploads\/2024\/01\/Musicas-catolicas-mais-tocadas.jpg?fit=1200%2C799&ssl=1&resize=350%2C200 1x, https:\/\/i0.wp.com\/ismaelcolosi.com.br\/wp-content\/uploads\/2024\/01\/Musicas-catolicas-mais-tocadas.jpg?fit=1200%2C799&ssl=1&resize=525%2C300 1.5x, https:\/\/i0.wp.com\/ismaelcolosi.com.br\/wp-content\/uploads\/2024\/01\/Musicas-catolicas-mais-tocadas.jpg?fit=1200%2C799&ssl=1&resize=700%2C400 2x, https:\/\/i0.wp.com\/ismaelcolosi.com.br\/wp-content\/uploads\/2024\/01\/Musicas-catolicas-mais-tocadas.jpg?fit=1200%2C799&ssl=1&resize=1050%2C600 3x"},"classes":[]},{"id":31253,"url":"https:\/\/ismaelcolosi.com.br\/index.php\/2024\/01\/21\/lazaro-ramos-passa-mal-e-e-internado-apos-ser-socorrido-as-pressas-por-tais-araujo\/","url_meta":{"origin":6069,"position":1},"title":"L\u00e1zaro Ramos passa mal e \u00e9 internado ap\u00f3s ser socorrido as pressas por Ta\u00eds Ara\u00fajo","author":"ismaelcolosi.com.br","date":"21 de January de 2024","format":false,"excerpt":"Neste domingo (21\/01), a assessoria de L\u00e1zaro Ramos se manifestou ap\u00f3s not\u00edcias de que o ator teria sofrido um mal-estar e sido socorrido as pressas pela esposa, a atriz Ta\u00eds Ara\u00fajo.De acordo com as informa\u00e7\u00f5es, L\u00e1zaro teve um mal-estar em casa e desmaiou, sendo socorrido pela esposa e levado \u00e0s\u2026","rel":"","context":"In &quot;Blog&quot;","block_context":{"text":"Blog","link":"https:\/\/ismaelcolosi.com.br\/index.php\/category\/blog\/"},"img":{"alt_text":"","src":"https:\/\/i0.wp.com\/ismaelcolosi.com.br\/wp-content\/uploads\/2024\/01\/postimg-65ad69ac09be46360.jpg?fit=1200%2C628&ssl=1&resize=350%2C200","width":350,"height":200,"srcset":"https:\/\/i0.wp.com\/ismaelcolosi.com.br\/wp-content\/uploads\/2024\/01\/postimg-65ad69ac09be46360.jpg?fit=1200%2C628&ssl=1&resize=350%2C200 1x, https:\/\/i0.wp.com\/ismaelcolosi.com.br\/wp-content\/uploads\/2024\/01\/postimg-65ad69ac09be46360.jpg?fit=1200%2C628&ssl=1&resize=525%2C300 1.5x, https:\/\/i0.wp.com\/ismaelcolosi.com.br\/wp-content\/uploads\/2024\/01\/postimg-65ad69ac09be46360.jpg?fit=1200%2C628&ssl=1&resize=700%2C400 2x, https:\/\/i0.wp.com\/ismaelcolosi.com.br\/wp-content\/uploads\/2024\/01\/postimg-65ad69ac09be46360.jpg?fit=1200%2C628&ssl=1&resize=1050%2C600 3x"},"classes":[]},{"id":23294,"url":"https:\/\/ismaelcolosi.com.br\/index.php\/2024\/01\/01\/chega-ao-fim-a-luta-de-compadre-washigton-apos-cirurgia-ele-venceu\/","url_meta":{"origin":6069,"position":2},"title":"Chega ao fim a luta de compadre Washigton ap\u00f3s cirurgia; ele venceu","author":"ismaelcolosi.com.br","date":"1 de January de 2024","format":false,"excerpt":"Neste \u00faltimo s\u00e1bado, dia 30 de dezembro, o cantor Compadre Washington, vocalista do grupo \u2018\u00c9 o Tchan\u2019, recebeu alta hospitalar ap\u00f3s ter passado por uma cirurgia de apendicectomia devido ao diagn\u00f3stico de uma apendicite aguda.O artista, de 61 anos de idade, havia sido hospitalizado durante o per\u00edodo da madrugada desta\u2026","rel":"","context":"In &quot;Blog&quot;","block_context":{"text":"Blog","link":"https:\/\/ismaelcolosi.com.br\/index.php\/category\/blog\/"},"img":{"alt_text":"","src":"https:\/\/i0.wp.com\/ismaelcolosi.com.br\/wp-content\/uploads\/2024\/01\/postimg-65934a0b954e42811.jpg?fit=1200%2C628&ssl=1&resize=350%2C200","width":350,"height":200,"srcset":"https:\/\/i0.wp.com\/ismaelcolosi.com.br\/wp-content\/uploads\/2024\/01\/postimg-65934a0b954e42811.jpg?fit=1200%2C628&ssl=1&resize=350%2C200 1x, https:\/\/i0.wp.com\/ismaelcolosi.com.br\/wp-content\/uploads\/2024\/01\/postimg-65934a0b954e42811.jpg?fit=1200%2C628&ssl=1&resize=525%2C300 1.5x, https:\/\/i0.wp.com\/ismaelcolosi.com.br\/wp-content\/uploads\/2024\/01\/postimg-65934a0b954e42811.jpg?fit=1200%2C628&ssl=1&resize=700%2C400 2x, https:\/\/i0.wp.com\/ismaelcolosi.com.br\/wp-content\/uploads\/2024\/01\/postimg-65934a0b954e42811.jpg?fit=1200%2C628&ssl=1&resize=1050%2C600 3x"},"classes":[]},{"id":22725,"url":"https:\/\/ismaelcolosi.com.br\/index.php\/2023\/12\/30\/compadre-washington-recebe-alta-apos-internacao-de-emergencia-hospital-publicou-informacao-apos-cirurgia-de-emergencia\/","url_meta":{"origin":6069,"position":3},"title":"Compadre Washington recebe alta ap\u00f3s interna\u00e7\u00e3o de emerg\u00eancia; hospital publicou informa\u00e7\u00e3o ap\u00f3s cirurgia de emerg\u00eancia","author":"ismaelcolosi.com.br","date":"30 de December de 2023","format":false,"excerpt":"Chegou ao fim a luta do cantor Compadre Washington ap\u00f3s os recentes problemas de sa\u00fade pelos quais teve que lidar. O artista foi internado \u00e0s pressas na cidade de Salvador, a capital do estado da Bahia, na madrugada da \u00faltima sexta-feira, dia 29 de dezembro, sendo inclusive submetido a um\u2026","rel":"","context":"In &quot;Blog&quot;","block_context":{"text":"Blog","link":"https:\/\/ismaelcolosi.com.br\/index.php\/category\/blog\/"},"img":{"alt_text":"","src":"https:\/\/i0.wp.com\/ismaelcolosi.com.br\/wp-content\/uploads\/2023\/12\/postimg-65908fbc70a706438.jpg?fit=1200%2C628&ssl=1&resize=350%2C200","width":350,"height":200,"srcset":"https:\/\/i0.wp.com\/ismaelcolosi.com.br\/wp-content\/uploads\/2023\/12\/postimg-65908fbc70a706438.jpg?fit=1200%2C628&ssl=1&resize=350%2C200 1x, https:\/\/i0.wp.com\/ismaelcolosi.com.br\/wp-content\/uploads\/2023\/12\/postimg-65908fbc70a706438.jpg?fit=1200%2C628&ssl=1&resize=525%2C300 1.5x, https:\/\/i0.wp.com\/ismaelcolosi.com.br\/wp-content\/uploads\/2023\/12\/postimg-65908fbc70a706438.jpg?fit=1200%2C628&ssl=1&resize=700%2C400 2x, https:\/\/i0.wp.com\/ismaelcolosi.com.br\/wp-content\/uploads\/2023\/12\/postimg-65908fbc70a706438.jpg?fit=1200%2C628&ssl=1&resize=1050%2C600 3x"},"classes":[]},{"id":13882,"url":"https:\/\/ismaelcolosi.com.br\/index.php\/2023\/12\/11\/padre-nao-resiste-apos-grave-acidente-na-pr-323-ele-lutou-por-sua-vida-durante-4-meses\/","url_meta":{"origin":6069,"position":4},"title":"Padre n\u00e3o resiste ap\u00f3s grave acidente na PR-323; ele lutou por sua vida durante 4 meses","author":"ismaelcolosi.com.br","date":"11 de December de 2023","format":false,"excerpt":"Nesta segunda-feira, dia 11 de dezembro, o padre Jos\u00e9 Sversutti, que atuava na Arquidiocese de Maring\u00e1, no Paran\u00e1, morreu ap\u00f3s ter ficado quatro meses internado na UTI (Unidade de Tratamento Intensivo) de uma unidade de sa\u00fade da localidade.No \u00faltimo dia 29 de agosto, o religioso foi v\u00edtima de um grave\u2026","rel":"","context":"In &quot;Blog&quot;","block_context":{"text":"Blog","link":"https:\/\/ismaelcolosi.com.br\/index.php\/category\/blog\/"},"img":{"alt_text":"","src":"https:\/\/i0.wp.com\/ismaelcolosi.com.br\/wp-content\/uploads\/2023\/12\/postimg-6577224f0e06c7529.jpg?fit=1200%2C628&ssl=1&resize=350%2C200","width":350,"height":200,"srcset":"https:\/\/i0.wp.com\/ismaelcolosi.com.br\/wp-content\/uploads\/2023\/12\/postimg-6577224f0e06c7529.jpg?fit=1200%2C628&ssl=1&resize=350%2C200 1x, https:\/\/i0.wp.com\/ismaelcolosi.com.br\/wp-content\/uploads\/2023\/12\/postimg-6577224f0e06c7529.jpg?fit=1200%2C628&ssl=1&resize=525%2C300 1.5x, https:\/\/i0.wp.com\/ismaelcolosi.com.br\/wp-content\/uploads\/2023\/12\/postimg-6577224f0e06c7529.jpg?fit=1200%2C628&ssl=1&resize=700%2C400 2x, https:\/\/i0.wp.com\/ismaelcolosi.com.br\/wp-content\/uploads\/2023\/12\/postimg-6577224f0e06c7529.jpg?fit=1200%2C628&ssl=1&resize=1050%2C600 3x"},"classes":[]},{"id":28890,"url":"https:\/\/ismaelcolosi.com.br\/index.php\/2024\/01\/16\/ainda-internado-evaristo-costa-detalha-doenca-grave-e-revela-ter-recebido-diagnostico-errado-inicialmente\/","url_meta":{"origin":6069,"position":5},"title":"Ainda internado, Evaristo Costa detalha doen\u00e7a grave e revela ter recebido diagn\u00f3stico errado inicialmente","author":"ismaelcolosi.com.br","date":"16 de January de 2024","format":false,"excerpt":"Evaristo Costa usou as redes sociais nesta ter\u00e7a-feira (16\/01) para falar um pouco mais sobre seu estado de sa\u00fade. O jornalista esta internado tratando de complica\u00e7\u00f5es da Doen\u00e7a de Crohn.Em seu desabafo nas redes sociais, Evaristo contou que nem sempre teve o diagn\u00f3stico correto da doen\u00e7a e que isso lhe\u2026","rel":"","context":"In &quot;Blog&quot;","block_context":{"text":"Blog","link":"https:\/\/ismaelcolosi.com.br\/index.php\/category\/blog\/"},"img":{"alt_text":"","src":"https:\/\/i0.wp.com\/ismaelcolosi.com.br\/wp-content\/uploads\/2024\/01\/postimg-65a72b6e3c41a4594.jpg?fit=1200%2C628&ssl=1&resize=350%2C200","width":350,"height":200,"srcset":"https:\/\/i0.wp.com\/ismaelcolosi.com.br\/wp-content\/uploads\/2024\/01\/postimg-65a72b6e3c41a4594.jpg?fit=1200%2C628&ssl=1&resize=350%2C200 1x, https:\/\/i0.wp.com\/ismaelcolosi.com.br\/wp-content\/uploads\/2024\/01\/postimg-65a72b6e3c41a4594.jpg?fit=1200%2C628&ssl=1&resize=525%2C300 1.5x, https:\/\/i0.wp.com\/ismaelcolosi.com.br\/wp-content\/uploads\/2024\/01\/postimg-65a72b6e3c41a4594.jpg?fit=1200%2C628&ssl=1&resize=700%2C400 2x, https:\/\/i0.wp.com\/ismaelcolosi.com.br\/wp-content\/uploads\/2024\/01\/postimg-65a72b6e3c41a4594.jpg?fit=1200%2C628&ssl=1&resize=1050%2C600 3x"},"classes":[]}],"jetpack_sharing_enabled":true,"jetpack_shortlink":"https:\/\/wp.me\/pfMlyK-1zT","_links":{"self":[{"href":"https:\/\/ismaelcolosi.com.br\/index.php\/wp-json\/wp\/v2\/posts\/6069","targetHints":{"allow":["GET"]}}],"collection":[{"href":"https:\/\/ismaelcolosi.com.br\/index.php\/wp-json\/wp\/v2\/posts"}],"about":[{"href":"https:\/\/ismaelcolosi.com.br\/index.php\/wp-json\/wp\/v2\/types\/post"}],"author":[{"embeddable":true,"href":"https:\/\/ismaelcolosi.com.br\/index.php\/wp-json\/wp\/v2\/users\/1"}],"replies":[{"embeddable":true,"href":"https:\/\/ismaelcolosi.com.br\/index.php\/wp-json\/wp\/v2\/comments?post=6069"}],"version-history":[{"count":0,"href":"https:\/\/ismaelcolosi.com.br\/index.php\/wp-json\/wp\/v2\/posts\/6069\/revisions"}],"wp:featuredmedia":[{"embeddable":true,"href":"https:\/\/ismaelcolosi.com.br\/index.php\/wp-json\/wp\/v2\/media\/6070"}],"wp:attachment":[{"href":"https:\/\/ismaelcolosi.com.br\/index.php\/wp-json\/wp\/v2\/media?parent=6069"}],"wp:term":[{"taxonomy":"category","embeddable":true,"href":"https:\/\/ismaelcolosi.com.br\/index.php\/wp-json\/wp\/v2\/categories?post=6069"},{"taxonomy":"post_tag","embeddable":true,"href":"https:\/\/ismaelcolosi.com.br\/index.php\/wp-json\/wp\/v2\/tags?post=6069"}],"curies":[{"name":"wp","href":"https:\/\/api.w.org\/{rel}","templated":true}]}}