{"id":6049,"date":"2023-11-24T23:33:30","date_gmt":"2023-11-25T02:33:30","guid":{"rendered":"https:\/\/ismaelcolosi.com.br\/index.php\/2023\/11\/24\/criancas-viajam-de-graca-em-pacotes-promocionais-da-cvc-confira\/"},"modified":"2023-11-24T23:33:30","modified_gmt":"2023-11-25T02:33:30","slug":"criancas-viajam-de-graca-em-pacotes-promocionais-da-cvc-confira","status":"publish","type":"post","link":"https:\/\/ismaelcolosi.com.br\/index.php\/2023\/11\/24\/criancas-viajam-de-graca-em-pacotes-promocionais-da-cvc-confira\/","title":{"rendered":"Crian\u00e7as viajam de gra\u00e7a em pacotes promocionais da CVC; confira"},"content":{"rendered":"<p> <br \/>\n<\/p>\n<div>\n<p>A CVC lan\u00e7ou uma promo\u00e7\u00e3o imperd\u00edvel de <a href=\"https:\/\/catracalivre.com.br\/viagem-livre\/cvc-passa-a-aceitar-pagamento-de-pacotes-com-dinheiro-do-fgts\/\">pacotes de viagem<\/a> voltados a fam\u00edlias com filhos durante a <a href=\"https:\/\/catracalivre.com.br\/viagem-livre\/black-friday-hoteis-e-resorts-oferecem-descontos-de-ate-65\/\">Black Friday<\/a>. Crian\u00e7as de at\u00e9 12 anos <a href=\"https:\/\/www.cvc.com.br\/\" target=\"_blank\" rel=\"noopener\">viajam de gra\u00e7a<\/a> com a operadora, ou seja, al\u00e9m da cortesia na hospedagem, em resorts all inclusive pelo Brasil, os pequenos viajantes tamb\u00e9m n\u00e3o pagam passagem a\u00e9rea nem transfer.<\/p>\n<div id=\"attachment_1973321\" class=\"wp-caption aligncenter\">\n<div class=\"d-flex justify-content-center\" data-attachment-id=\"1973321\">\n<div class=\"position-relative d-inline-block\"><img data-recalc-dims=\"1\" data-portal-copyright=\"Divulga\u00e7\u00e3o\/Embratur\" decoding=\"async\" fetchpriority=\"high\" class=\"wp-image-1973321 size-large\" src=\"https:\/\/i0.wp.com\/catracalivre.com.br\/wp-content\/uploads\/2019\/10\/maragogi-alagoas-910x605.jpg?resize=910%2C605&#038;ssl=1\" alt=\"Maragogi (AL) \u00e9 um dos destinos com pacotes de viagem em promo\u00e7\u00e3o na CVC\" width=\"910\" height=\"605\" srcset=\"https:\/\/catracalivre.com.br\/wp-content\/uploads\/2019\/10\/maragogi-alagoas-910x605.jpg 910w, https:\/\/catracalivre.com.br\/wp-content\/uploads\/2019\/10\/maragogi-alagoas-450x299.jpg 450w, https:\/\/catracalivre.com.br\/wp-content\/uploads\/2019\/10\/maragogi-alagoas-768x511.jpg 768w\" sizes=\"(max-width: 910px) 100vw, 910px\"\/><\/p><div class='code-block code-block-8' style='margin: 8px auto; text-align: center; display: block; clear: both;'>\n<script>\n  atOptions = {\n    'key' : '66e2e2111ca34da796271819fc334058',\n    'format' : 'iframe',\n    'height' : 250,\n    'width' : 300,\n    'params' : {}\n  };\n<\/script>\n<script src=\"https:\/\/www.highperformanceformat.com\/66e2e2111ca34da796271819fc334058\/invoke.js\"><\/script>\n<\/div>\n\n<p>Cr\u00e9ditos: Divulga\u00e7\u00e3o\/Embratur<\/p>\n<\/div>\n<\/div>\n<p><span class=\"post-imagem__legenda\">Maragogi (AL) \u00e9 um dos destinos com pacotes de viagem em promo\u00e7\u00e3o na CVC<\/span><\/p>\n<\/div>\n<p>A promo\u00e7\u00e3o de Black Friday \u00e9 v\u00e1lida para destinos operados em voos exclusivos pela CVC, para viagens realizadas dentro do Brasil, incluindo viagens no per\u00edodo de Natal e R\u00e9veillon e na temporada de ver\u00e3o, nos meses de dezembro e janeiro.<\/p>\n<p>A promo\u00e7\u00e3o \u00e9 limitada a at\u00e9 2 crian\u00e7as de at\u00e9 12 anos (a idade pode variar de acordo com a regra de cada hotel), acompanhada de dois adultos pagantes. S\u00e3o mais de 2 mil assentos dispon\u00edveis nessa promo\u00e7\u00e3o, que vai seguir at\u00e9 que o produto se esgote.<\/p>\n<h2>Pacotes promocionais da CVC<\/h2>\n<p>Os pacotes promocionais da CVC contemplam destinos badalados como Macei\u00f3, Maragogi, Salvador e Una (Comandatuba), com embarques de S\u00e3o Paulo, Rio de Janeiro, Goi\u00e2nia e Ribeir\u00e3o Preto.<\/p>\n<p><strong>Confira algumas op\u00e7\u00f5es de pacotes:<\/strong><\/p>\n<h3>Maragogi (AL)<\/h3>\n<ul>\n<li><strong>Inclui<\/strong>: Passagem a\u00e9rea saindo de Goi\u00e2nia (GO), 7 di\u00e1rias de hospedagem em sistema all inclusive no Grand Oca Maragogi Resort e transfer de chegada e sa\u00edda.<\/li>\n<li>Valor: A partir de 12x R$ 1.275 para 2 pessoas e cortesia para 2 crian\u00e7as de at\u00e9 12 anos (total para 2 adultos e 2 crian\u00e7as).<\/li>\n<li>Refer\u00eancia para embarque em 31 de dezembro<\/li>\n<\/ul>\n<h3>Macei\u00f3 (AL)<\/h3>\n<ul>\n<li><strong>Inclui<\/strong>: Passagem a\u00e9rea saindo Rio de Janeiro (RJ), 7 di\u00e1rias de hospedagem em sistema all inclusive no Pratagy Beach All Inclusive Resort e transfer de chegada e sa\u00edda.<\/li>\n<li><strong>Valor<\/strong>: A partir de 12x R$ 1.436 para 2 pessoas e cortesia para 2 crian\u00e7as de at\u00e9 12 anos (total para 2 adultos e 2 crian\u00e7as).<\/li>\n<li>Refer\u00eancia para embarque em 16 de dezembro<\/li>\n<\/ul>\n<h3>Salvador (BA)<\/h3>\n<ul>\n<li><strong>Inclui:<\/strong> Passagem a\u00e9rea saindo de S\u00e3o Paulo (SP), 7 di\u00e1rias de hospedagem em sistema all inclusive no Sau\u00edpe Resorts Ala Terra e transfer de chegada e sa\u00edda.<\/li>\n<li><strong>Valor<\/strong>: A partir de 12x R$ 1.186 para 2 pessoas e cortesia para 2 crian\u00e7as de at\u00e9 11 anos (total para 2 adultos e 2 crian\u00e7as).<\/li>\n<li>Refer\u00eancia para embarque em 16 de dezembro<\/li>\n<\/ul>\n<p>Os clientes podem, ainda, parcelar as viagens em at\u00e9 12 vezes sem juros no cart\u00e3o de cr\u00e9dito ou em at\u00e9 24 vezes iguais no boleto.<\/p>\n<p>A operadora tamb\u00e9m aceita pagamento via Pix e, recentemente, lan\u00e7ou nova op\u00e7\u00e3o de pagamento via <a href=\"https:\/\/catracalivre.com.br\/viagem-livre\/cvc-passa-a-aceitar-pagamento-de-pacotes-com-dinheiro-do-fgts\/\">saque anivers\u00e1rio FGTS<\/a>.<\/p>\n<\/div>\n<p><script>\n\t\t! function(f, b, e, v, n, t, s) {\n\t\t\tif (f.fbq) return;\n\t\t\tn = f.fbq = function() {\n\t\t\t\tn.callMethod ?\n\t\t\t\t\tn.callMethod.apply(n, arguments) : n.queue.push(arguments)\n\t\t\t};\n\t\t\tif (!f._fbq) f._fbq = n;\n\t\t\tn.push = n;\n\t\t\tn.loaded = !0;\n\t\t\tn.version = '2.0';\n\t\t\tn.queue = [];\n\t\t\tt = b.createElement(e);\n\t\t\tt.async = !0;\n\t\t\tt.src = v;\n\t\t\ts = b.getElementsByTagName(e)[0];\n\t\t\ts.parentNode.insertBefore(t, s)\n\t\t}(window, document, 'script',\n\t\t\t'https:\/\/connect.facebook.net\/en_US\/fbevents.js');\n\t\tfbq('init', '338315473262380');\n\t\tfbq('track', 'PageView');\n\t<\/script><br \/>\n<br \/><br \/>\n<br \/><a href=\"https:\/\/catracalivre.com.br\/viagem-livre\/criancas-viajam-de-graca-em-pacotes-promocionais-da-cvc-confira\/\">Source link <\/a><\/p>\n<div class='code-block code-block-4' style='margin: 8px auto 8px 0; text-align: left; display: block; clear: both;'>\n\ud83d\udce2 Aviso Legal\n\nO site ismaelcolosi.com.br atua apenas como um canal de divulga\u00e7\u00e3o de oportunidades de emprego e n\u00e3o se responsabiliza pelo processo seletivo, contrata\u00e7\u00e3o ou qualquer outra etapa relacionada \u00e0s vagas publicadas. Todas as informa\u00e7\u00f5es s\u00e3o de responsabilidade dos anunciantes.\n\n\u26a0\ufe0f Aten\u00e7\u00e3o! Nunca pague por promessas de emprego nem compre cursos que garantam contrata\u00e7\u00e3o. Desconfie de qualquer cobran\u00e7a para participar de sele\u00e7\u00f5es.\n\n\n\n<\/div>\n<!-- CONTENT END 1 -->\n","protected":false},"excerpt":{"rendered":"<p>A CVC lan\u00e7ou uma promo\u00e7\u00e3o imperd\u00edvel de pacotes de viagem voltados a fam\u00edlias com filhos durante a Black Friday. Crian\u00e7as de at\u00e9 12 anos viajam&#8230;<\/p>\n","protected":false},"author":1,"featured_media":6050,"comment_status":"open","ping_status":"open","sticky":false,"template":"","format":"standard","meta":{"_uag_custom_page_level_css":"","advanced_seo_description":"","jetpack_seo_html_title":"","jetpack_seo_noindex":false,"jetpack_post_was_ever_published":false,"_jetpack_newsletter_access":"","_jetpack_dont_email_post_to_subs":false,"_jetpack_newsletter_tier_id":0,"_jetpack_memberships_contains_paywalled_content":false,"_jetpack_memberships_contains_paid_content":false,"footnotes":"","jetpack_publicize_message":"","jetpack_publicize_feature_enabled":true,"jetpack_social_post_already_shared":true,"jetpack_social_options":{"image_generator_settings":{"template":"highway","default_image_id":0,"font":"","enabled":false},"version":2}},"categories":[19],"tags":[],"class_list":["post-6049","post","type-post","status-publish","format-standard","has-post-thumbnail","hentry","category-variedades"],"jetpack_publicize_connections":[],"jetpack_featured_media_url":"https:\/\/i0.wp.com\/ismaelcolosi.com.br\/wp-content\/uploads\/2023\/11\/maragogi-alagoas.jpg?fit=1200%2C638&ssl=1","uagb_featured_image_src":{"full":["https:\/\/i0.wp.com\/ismaelcolosi.com.br\/wp-content\/uploads\/2023\/11\/maragogi-alagoas.jpg?fit=1200%2C638&ssl=1",1200,638,false],"thumbnail":["https:\/\/i0.wp.com\/ismaelcolosi.com.br\/wp-content\/uploads\/2023\/11\/maragogi-alagoas.jpg?resize=150%2C150&ssl=1",150,150,true],"medium":["https:\/\/i0.wp.com\/ismaelcolosi.com.br\/wp-content\/uploads\/2023\/11\/maragogi-alagoas.jpg?fit=300%2C160&ssl=1",300,160,true],"medium_large":["https:\/\/i0.wp.com\/ismaelcolosi.com.br\/wp-content\/uploads\/2023\/11\/maragogi-alagoas.jpg?fit=768%2C408&ssl=1",768,408,true],"large":["https:\/\/i0.wp.com\/ismaelcolosi.com.br\/wp-content\/uploads\/2023\/11\/maragogi-alagoas.jpg?fit=1024%2C544&ssl=1",1024,544,true],"1536x1536":["https:\/\/i0.wp.com\/ismaelcolosi.com.br\/wp-content\/uploads\/2023\/11\/maragogi-alagoas.jpg?fit=1200%2C638&ssl=1",1200,638,true],"2048x2048":["https:\/\/i0.wp.com\/ismaelcolosi.com.br\/wp-content\/uploads\/2023\/11\/maragogi-alagoas.jpg?fit=1200%2C638&ssl=1",1200,638,true],"really-simple-thumb":["https:\/\/i0.wp.com\/ismaelcolosi.com.br\/wp-content\/uploads\/2023\/11\/maragogi-alagoas.jpg?resize=370%2C247&ssl=1",370,247,true]},"uagb_author_info":{"display_name":"ismaelcolosi.com.br","author_link":"https:\/\/ismaelcolosi.com.br\/index.php\/author\/vidareal-online\/"},"uagb_comment_info":0,"uagb_excerpt":"A CVC lan\u00e7ou uma promo\u00e7\u00e3o imperd\u00edvel de pacotes de viagem voltados a fam\u00edlias com filhos durante a Black Friday. Crian\u00e7as de at\u00e9 12 anos viajam...","jetpack-related-posts":[{"id":18839,"url":"https:\/\/ismaelcolosi.com.br\/index.php\/2023\/12\/21\/cvc-tem-pacotes-pe-na-areia-com-40-de-desconto\/","url_meta":{"origin":6049,"position":0},"title":"CVC tem pacotes &#8216;p\u00e9 na areia&#8217; com 40% de desconto","author":"ismaelcolosi.com.br","date":"21 de December de 2023","format":false,"excerpt":"Para celebrar o ver\u00e3o, a CVC lan\u00e7ou uma promo\u00e7\u00e3o imperd\u00edvel de pacotes de viagem \u201cp\u00e9 na areia\u201d com descontos de 40%. S\u00e3o op\u00e7\u00f5es de pacotes e hospedagem em destinos nacionais e internacionais, cruzeiros e produtos exclusivos. Cr\u00e9ditos: Divulga\u00e7\u00e3oPorto de Galinhas (PE) \u00e9 um dos destinos contemplados na campanha da CVC\u2026","rel":"","context":"In &quot;Variedades&quot;","block_context":{"text":"Variedades","link":"https:\/\/ismaelcolosi.com.br\/index.php\/category\/variedades\/"},"img":{"alt_text":"","src":"https:\/\/i0.wp.com\/ismaelcolosi.com.br\/wp-content\/uploads\/2023\/12\/porto-de-galinhas-cvc.jpg?fit=1200%2C638&ssl=1&resize=350%2C200","width":350,"height":200,"srcset":"https:\/\/i0.wp.com\/ismaelcolosi.com.br\/wp-content\/uploads\/2023\/12\/porto-de-galinhas-cvc.jpg?fit=1200%2C638&ssl=1&resize=350%2C200 1x, https:\/\/i0.wp.com\/ismaelcolosi.com.br\/wp-content\/uploads\/2023\/12\/porto-de-galinhas-cvc.jpg?fit=1200%2C638&ssl=1&resize=525%2C300 1.5x, https:\/\/i0.wp.com\/ismaelcolosi.com.br\/wp-content\/uploads\/2023\/12\/porto-de-galinhas-cvc.jpg?fit=1200%2C638&ssl=1&resize=700%2C400 2x, https:\/\/i0.wp.com\/ismaelcolosi.com.br\/wp-content\/uploads\/2023\/12\/porto-de-galinhas-cvc.jpg?fit=1200%2C638&ssl=1&resize=1050%2C600 3x"},"classes":[]},{"id":41703,"url":"https:\/\/ismaelcolosi.com.br\/index.php\/2024\/03\/10\/cinco-paises-seguros-para-mulheres-que-viajam-sozinhas\/","url_meta":{"origin":6049,"position":1},"title":"Cinco pa\u00edses seguros para mulheres que viajam sozinhas\u00a0","author":"ismaelcolosi.com.br","date":"10 de March de 2024","format":false,"excerpt":"10 de mar\u00e7o de 2024 | 15:0010 de mar\u00e7o de 2024 | 11:46 0Na \u00faltima sexta-feira, 8 de mar\u00e7o, foi celebrado o Dia Internacional da Mulher. Este m\u00eas tem se consolidado como um per\u00edodo especial de conscientiza\u00e7\u00e3o, reflex\u00e3o e debate. Por\u00e9m, sabemos que ainda \u00e9 preciso trilhar um longo caminho\u2026","rel":"","context":"In &quot;Not\u00edcias de Ribeir\u00e3o Preto-SP e Regi\u00e3o&quot;","block_context":{"text":"Not\u00edcias de Ribeir\u00e3o Preto-SP e Regi\u00e3o","link":"https:\/\/ismaelcolosi.com.br\/index.php\/category\/noticias-de-ribeirao-preto-sp-e-regiao-ismael-colosi\/"},"img":{"alt_text":"","src":"https:\/\/i0.wp.com\/ismaelcolosi.com.br\/wp-content\/uploads\/2024\/03\/SUICA.jpg?fit=967%2C645&ssl=1&resize=350%2C200","width":350,"height":200,"srcset":"https:\/\/i0.wp.com\/ismaelcolosi.com.br\/wp-content\/uploads\/2024\/03\/SUICA.jpg?fit=967%2C645&ssl=1&resize=350%2C200 1x, https:\/\/i0.wp.com\/ismaelcolosi.com.br\/wp-content\/uploads\/2024\/03\/SUICA.jpg?fit=967%2C645&ssl=1&resize=525%2C300 1.5x, https:\/\/i0.wp.com\/ismaelcolosi.com.br\/wp-content\/uploads\/2024\/03\/SUICA.jpg?fit=967%2C645&ssl=1&resize=700%2C400 2x"},"classes":[]},{"id":7861,"url":"https:\/\/ismaelcolosi.com.br\/index.php\/2023\/11\/28\/decolar-tem-ofertas-com-ate-40-off\/","url_meta":{"origin":6049,"position":2},"title":"Decolar tem ofertas com at\u00e9 40% OFF","author":"ismaelcolosi.com.br","date":"28 de November de 2023","format":false,"excerpt":"N\u00e3o conseguiu aproveitar a Black Friday para programar sua pr\u00f3xima viagem? Temos uma \u00f3tima not\u00edcia! A Decolar acaba de lan\u00e7ar seu sald\u00e3o com descontos de at\u00e9 40% em produtos e servi\u00e7os de viagens. As ofertas est\u00e3o dispon\u00edveis no site, no aplicativo ou nas lojas da companhia at\u00e9 o dia 3\u2026","rel":"","context":"In &quot;Variedades&quot;","block_context":{"text":"Variedades","link":"https:\/\/ismaelcolosi.com.br\/index.php\/category\/variedades\/"},"img":{"alt_text":"","src":"https:\/\/i0.wp.com\/ismaelcolosi.com.br\/wp-content\/uploads\/2023\/11\/emprego-dos-sonhos.jpg?fit=1200%2C638&ssl=1&resize=350%2C200","width":350,"height":200,"srcset":"https:\/\/i0.wp.com\/ismaelcolosi.com.br\/wp-content\/uploads\/2023\/11\/emprego-dos-sonhos.jpg?fit=1200%2C638&ssl=1&resize=350%2C200 1x, https:\/\/i0.wp.com\/ismaelcolosi.com.br\/wp-content\/uploads\/2023\/11\/emprego-dos-sonhos.jpg?fit=1200%2C638&ssl=1&resize=525%2C300 1.5x, https:\/\/i0.wp.com\/ismaelcolosi.com.br\/wp-content\/uploads\/2023\/11\/emprego-dos-sonhos.jpg?fit=1200%2C638&ssl=1&resize=700%2C400 2x, https:\/\/i0.wp.com\/ismaelcolosi.com.br\/wp-content\/uploads\/2023\/11\/emprego-dos-sonhos.jpg?fit=1200%2C638&ssl=1&resize=1050%2C600 3x"},"classes":[]},{"id":52626,"url":"https:\/\/ismaelcolosi.com.br\/index.php\/2024\/06\/08\/policiais-civis-de-ribeirao-preto-viajam-ao-rio-grande-do-sul-para-ajudar-vitimas-das-chuvas\/","url_meta":{"origin":6049,"position":3},"title":"Policiais Civis de Ribeir\u00e3o Preto viajam ao Rio Grande do Sul para ajudar v\u00edtimas das chuvas","author":"ismaelcolosi.com.br","date":"8 de June de 2024","format":false,"excerpt":"Uma equipe formada por 13 policiais civis de Ribeir\u00e3o Preto viaja neste domingo (9) para o Rio Grande do Sul para ajudar nos trabalhos de aux\u00edlio \u00e0s v\u00edtimas das chuvas do estado. Segundo a SSP-SP (Secretaria de Seguran\u00e7a P\u00fablica de S\u00e3o Paulo), os policiais, entre eles delegados, investigadores, papiloscopistas e\u2026","rel":"","context":"In &quot;Not\u00edcias de Ribeir\u00e3o Preto-SP e Regi\u00e3o&quot;","block_context":{"text":"Not\u00edcias de Ribeir\u00e3o Preto-SP e Regi\u00e3o","link":"https:\/\/ismaelcolosi.com.br\/index.php\/category\/noticias-de-ribeirao-preto-sp-e-regiao-ismael-colosi\/"},"img":{"alt_text":"","src":"https:\/\/i0.wp.com\/ismaelcolosi.com.br\/wp-content\/uploads\/2024\/06\/Copia-de-Copia-de-TAMANHO-EXATO-PARA-FOTOS-NO-SISTEMA-NOVO-9_2024-06-08_16-35-34_jpg_2024-06-08_16-35-34.webp.webp?fit=1200%2C675&ssl=1&resize=350%2C200","width":350,"height":200,"srcset":"https:\/\/i0.wp.com\/ismaelcolosi.com.br\/wp-content\/uploads\/2024\/06\/Copia-de-Copia-de-TAMANHO-EXATO-PARA-FOTOS-NO-SISTEMA-NOVO-9_2024-06-08_16-35-34_jpg_2024-06-08_16-35-34.webp.webp?fit=1200%2C675&ssl=1&resize=350%2C200 1x, https:\/\/i0.wp.com\/ismaelcolosi.com.br\/wp-content\/uploads\/2024\/06\/Copia-de-Copia-de-TAMANHO-EXATO-PARA-FOTOS-NO-SISTEMA-NOVO-9_2024-06-08_16-35-34_jpg_2024-06-08_16-35-34.webp.webp?fit=1200%2C675&ssl=1&resize=525%2C300 1.5x, https:\/\/i0.wp.com\/ismaelcolosi.com.br\/wp-content\/uploads\/2024\/06\/Copia-de-Copia-de-TAMANHO-EXATO-PARA-FOTOS-NO-SISTEMA-NOVO-9_2024-06-08_16-35-34_jpg_2024-06-08_16-35-34.webp.webp?fit=1200%2C675&ssl=1&resize=700%2C400 2x, https:\/\/i0.wp.com\/ismaelcolosi.com.br\/wp-content\/uploads\/2024\/06\/Copia-de-Copia-de-TAMANHO-EXATO-PARA-FOTOS-NO-SISTEMA-NOVO-9_2024-06-08_16-35-34_jpg_2024-06-08_16-35-34.webp.webp?fit=1200%2C675&ssl=1&resize=1050%2C600 3x"},"classes":[]},{"id":22641,"url":"https:\/\/ismaelcolosi.com.br\/index.php\/2023\/12\/30\/as-melhores-praias-para-criancas-no-litoral-de-sp\/","url_meta":{"origin":6049,"position":4},"title":"As melhores praias para crian\u00e7as no litoral de SP","author":"ismaelcolosi.com.br","date":"30 de December de 2023","format":false,"excerpt":"Apesar das f\u00e9rias escolares estarem no fim, ainda d\u00e1 tempo de passar alguns dias na praia e aproveitar o ver\u00e3o com as crian\u00e7as na praia. A Catraca Livre fez um levantamento das melhores praias para fam\u00edlias que viajam com crian\u00e7as pequenas. Do litoral norte ao sul, a lista inclui praias\u2026","rel":"","context":"In &quot;Variedades&quot;","block_context":{"text":"Variedades","link":"https:\/\/ismaelcolosi.com.br\/index.php\/category\/variedades\/"},"img":{"alt_text":"","src":"https:\/\/i0.wp.com\/ismaelcolosi.com.br\/wp-content\/uploads\/2023\/12\/ilha-do-cardoso.jpg?fit=1200%2C638&ssl=1&resize=350%2C200","width":350,"height":200,"srcset":"https:\/\/i0.wp.com\/ismaelcolosi.com.br\/wp-content\/uploads\/2023\/12\/ilha-do-cardoso.jpg?fit=1200%2C638&ssl=1&resize=350%2C200 1x, https:\/\/i0.wp.com\/ismaelcolosi.com.br\/wp-content\/uploads\/2023\/12\/ilha-do-cardoso.jpg?fit=1200%2C638&ssl=1&resize=525%2C300 1.5x, https:\/\/i0.wp.com\/ismaelcolosi.com.br\/wp-content\/uploads\/2023\/12\/ilha-do-cardoso.jpg?fit=1200%2C638&ssl=1&resize=700%2C400 2x, https:\/\/i0.wp.com\/ismaelcolosi.com.br\/wp-content\/uploads\/2023\/12\/ilha-do-cardoso.jpg?fit=1200%2C638&ssl=1&resize=1050%2C600 3x"},"classes":[]},{"id":88890,"url":"https:\/\/ismaelcolosi.com.br\/index.php\/2026\/01\/16\/cvc-promove-o-vice-presidente-fabio-mader-a-ceo\/","url_meta":{"origin":6049,"position":5},"title":"CVC Promove o Vice-Presidente F\u00e1bio Mader a CEO","author":"ismaelcolosi.com.br","date":"16 de January de 2026","format":false,"excerpt":"\r Almir Bonfim Jr\/CVC Corp\r F\u00e1bio Mader, novo CEO da CVC Corp, soma 15 anos de companhia ao longo de tr\u00eas passagens\r Acessibilidade \r L\r L\r A-\r A+\r \r \u25d0\r \r A CVC anunciou na noite de quinta-feira (15) que o atual vice-presidente de produtos e revenue management, F\u00e1bio Mader,\u2026","rel":"","context":"In &quot;Carreira e Sucesso&quot;","block_context":{"text":"Carreira e Sucesso","link":"https:\/\/ismaelcolosi.com.br\/index.php\/category\/carreira-e-sucesso-dicas-para-carreira\/"},"img":{"alt_text":"","src":"https:\/\/i0.wp.com\/ismaelcolosi.com.br\/wp-content\/uploads\/2026\/01\/carreira-ceo-cvc-Fabio-Mader-1200x675.jpg?fit=1200%2C675&ssl=1&resize=350%2C200","width":350,"height":200,"srcset":"https:\/\/i0.wp.com\/ismaelcolosi.com.br\/wp-content\/uploads\/2026\/01\/carreira-ceo-cvc-Fabio-Mader-1200x675.jpg?fit=1200%2C675&ssl=1&resize=350%2C200 1x, https:\/\/i0.wp.com\/ismaelcolosi.com.br\/wp-content\/uploads\/2026\/01\/carreira-ceo-cvc-Fabio-Mader-1200x675.jpg?fit=1200%2C675&ssl=1&resize=525%2C300 1.5x, https:\/\/i0.wp.com\/ismaelcolosi.com.br\/wp-content\/uploads\/2026\/01\/carreira-ceo-cvc-Fabio-Mader-1200x675.jpg?fit=1200%2C675&ssl=1&resize=700%2C400 2x, https:\/\/i0.wp.com\/ismaelcolosi.com.br\/wp-content\/uploads\/2026\/01\/carreira-ceo-cvc-Fabio-Mader-1200x675.jpg?fit=1200%2C675&ssl=1&resize=1050%2C600 3x"},"classes":[]}],"jetpack_sharing_enabled":true,"jetpack_shortlink":"https:\/\/wp.me\/pfMlyK-1zz","_links":{"self":[{"href":"https:\/\/ismaelcolosi.com.br\/index.php\/wp-json\/wp\/v2\/posts\/6049","targetHints":{"allow":["GET"]}}],"collection":[{"href":"https:\/\/ismaelcolosi.com.br\/index.php\/wp-json\/wp\/v2\/posts"}],"about":[{"href":"https:\/\/ismaelcolosi.com.br\/index.php\/wp-json\/wp\/v2\/types\/post"}],"author":[{"embeddable":true,"href":"https:\/\/ismaelcolosi.com.br\/index.php\/wp-json\/wp\/v2\/users\/1"}],"replies":[{"embeddable":true,"href":"https:\/\/ismaelcolosi.com.br\/index.php\/wp-json\/wp\/v2\/comments?post=6049"}],"version-history":[{"count":0,"href":"https:\/\/ismaelcolosi.com.br\/index.php\/wp-json\/wp\/v2\/posts\/6049\/revisions"}],"wp:featuredmedia":[{"embeddable":true,"href":"https:\/\/ismaelcolosi.com.br\/index.php\/wp-json\/wp\/v2\/media\/6050"}],"wp:attachment":[{"href":"https:\/\/ismaelcolosi.com.br\/index.php\/wp-json\/wp\/v2\/media?parent=6049"}],"wp:term":[{"taxonomy":"category","embeddable":true,"href":"https:\/\/ismaelcolosi.com.br\/index.php\/wp-json\/wp\/v2\/categories?post=6049"},{"taxonomy":"post_tag","embeddable":true,"href":"https:\/\/ismaelcolosi.com.br\/index.php\/wp-json\/wp\/v2\/tags?post=6049"}],"curies":[{"name":"wp","href":"https:\/\/api.w.org\/{rel}","templated":true}]}}