{"id":6033,"date":"2023-11-24T22:59:36","date_gmt":"2023-11-25T01:59:36","guid":{"rendered":"https:\/\/ismaelcolosi.com.br\/index.php\/2023\/11\/24\/mae-da-atriz-mel-maia-usa-as-redes-sociais-apos-obito-do-filho-para-fazer-uma-homenagem\/"},"modified":"2023-11-24T22:59:36","modified_gmt":"2023-11-25T01:59:36","slug":"mae-da-atriz-mel-maia-usa-as-redes-sociais-apos-obito-do-filho-para-fazer-uma-homenagem","status":"publish","type":"post","link":"https:\/\/ismaelcolosi.com.br\/index.php\/2023\/11\/24\/mae-da-atriz-mel-maia-usa-as-redes-sociais-apos-obito-do-filho-para-fazer-uma-homenagem\/","title":{"rendered":"M\u00e3e da atriz Mel Maia usa as redes sociais ap\u00f3s \u00f3bito do filho para fazer uma homenagem"},"content":{"rendered":"<p> <br \/>\n<\/p>\n<div itemprop=\"text\">\n<p>Embora a maioria das pessoas tenham a impress\u00e3o de que os famosos e suas fam\u00edlias vivem dentro de um conto de fadas, conduto na realidade esmagadora dos casos, as celebridades tamb\u00e9m enfrentam grandes problemas, como por exemplo, enfermidades, mortes em fam\u00edlia e at\u00e9 mesmo casos de viol\u00eancia dom\u00e9stica.<\/p>\n<p>D\u00e9bora Maia, dona de casa e m\u00e3e da atriz Mel Maia, comoveu seus seguidores ao prestar uma homenagem ao seu filho, Lukas, que faleceu aos 3 anos. Emocionada, ela escolheu eternizar a mem\u00f3ria do pequeno atrav\u00e9s de uma tatuagem em sua pele.<\/p><div class='code-block code-block-8' style='margin: 8px auto; text-align: center; display: block; clear: both;'>\n<script>\n  atOptions = {\n    'key' : '66e2e2111ca34da796271819fc334058',\n    'format' : 'iframe',\n    'height' : 250,\n    'width' : 300,\n    'params' : {}\n  };\n<\/script>\n<script src=\"https:\/\/www.highperformanceformat.com\/66e2e2111ca34da796271819fc334058\/invoke.js\"><\/script>\n<\/div>\n\n<blockquote class=\"instagram-media\" style=\"background: #FFF; border: 0; border-radius: 3px; box-shadow: 0 0 1px 0 rgba(0,0,0,0.5),0 1px 10px 0 rgba(0,0,0,0.15); margin: 1px; max-width: 540px; min-width: 326px; padding: 0; width: calc(100% - 2px);\" data-instgrm-permalink=\"https:\/\/www.instagram.com\/p\/C0AZ7aLuhmy\/?utm_source=ig_embed&amp;utm_campaign=loading\" data-instgrm-version=\"14\">\n<p>\u00a0<\/p>\n<p>Ver essa foto no Instagram<\/p>\n<p>\u00a0<\/p>\n<p style=\"color: #c9c8cd; font-family: Arial,sans-serif; font-size: 14px; line-height: 17px; margin-bottom: 0; margin-top: 8px; overflow: hidden; padding: 8px 0 7px; text-align: center; text-overflow: ellipsis; white-space: nowrap;\"><a style=\"color: #c9c8cd; font-family: Arial,sans-serif; font-size: 14px; font-style: normal; font-weight: normal; line-height: 17px; text-decoration: none;\" href=\"https:\/\/www.instagram.com\/p\/C0AZ7aLuhmy\/?utm_source=ig_embed&amp;utm_campaign=loading\" target=\"_blank\" rel=\"noopener\">Uma publica\u00e7\u00e3o compartilhada por Debora Maia (@debora.maiasousa)<\/a><\/p>\n<\/blockquote>\n<p>Em suas redes sociais, ela revelou que fez uma tatuagem na m\u00e3o com a seguinte frase: \u201cNem tudo passa\u2026 Lukas\u201d. Ela ainda ressaltou que depois que uma m\u00e3e perde um filho, passa a viver apenas com a metade do cora\u00e7\u00e3o. Recentemente, Mel Maia compartilhou detalhes do momento dif\u00edcil enfrentado por sua fam\u00edlia.<\/p>\n<p>\u201c<strong>Minha m\u00e3e teve o primeiro filho dela, e ele faleceu com tr\u00eas anos de idade. O nome dele era Lukas. E o meu cunhado chegou na fam\u00edlia e, do nada, assim, meu pai come\u00e7ou a considerar ele como um filho\u201d<\/strong>, revelou a atriz em sua participa\u00e7\u00e3o no podcast PodDelas.<\/p>\n<h4>A fila andou<\/h4>\n<p>O amor parece estar muito presente na vida de Mel Maia. Ap\u00f3s o t\u00e9rmino de seu relacionamento com o cantor MC Daniel, a atriz agitou as redes sociais ao despertar especula\u00e7\u00f5es sobre um poss\u00edvel novo romance com um surfista bastante atraente!<\/p>\n<p>Isso se deve ao fato de a artista ter marcado presen\u00e7a de forma ousada, deixando um coment\u00e1rio sugestivo em uma das fotos do surfista portugu\u00eas Jo\u00e3o Maria Pereira.<\/p>\n<\/div>\n<p><script async src=\"\/\/www.instagram.com\/embed.js\"><\/script><br \/>\n<br \/><br \/>\n<br \/><a href=\"https:\/\/fnmais.com\/mae-atriz-mel-maia-usa-redes-sociais-apos-obito-filho-para-fazer-homenagem\/\">Source link <\/a><\/p>\n<div class='code-block code-block-4' style='margin: 8px auto 8px 0; text-align: left; display: block; clear: both;'>\n\ud83d\udce2 Aviso Legal\n\nO site ismaelcolosi.com.br atua apenas como um canal de divulga\u00e7\u00e3o de oportunidades de emprego e n\u00e3o se responsabiliza pelo processo seletivo, contrata\u00e7\u00e3o ou qualquer outra etapa relacionada \u00e0s vagas publicadas. Todas as informa\u00e7\u00f5es s\u00e3o de responsabilidade dos anunciantes.\n\n\u26a0\ufe0f Aten\u00e7\u00e3o! Nunca pague por promessas de emprego nem compre cursos que garantam contrata\u00e7\u00e3o. Desconfie de qualquer cobran\u00e7a para participar de sele\u00e7\u00f5es.\n\n\n\n<\/div>\n<!-- CONTENT END 1 -->\n","protected":false},"excerpt":{"rendered":"<p>Embora a maioria das pessoas tenham a impress\u00e3o de que os famosos e suas fam\u00edlias vivem dentro de um conto de fadas, conduto na realidade&#8230;<\/p>\n","protected":false},"author":1,"featured_media":6034,"comment_status":"open","ping_status":"open","sticky":false,"template":"","format":"standard","meta":{"_uag_custom_page_level_css":"","advanced_seo_description":"","jetpack_seo_html_title":"","jetpack_seo_noindex":false,"jetpack_post_was_ever_published":false,"_jetpack_newsletter_access":"","_jetpack_dont_email_post_to_subs":false,"_jetpack_newsletter_tier_id":0,"_jetpack_memberships_contains_paywalled_content":false,"_jetpack_memberships_contains_paid_content":false,"footnotes":"","jetpack_publicize_message":"","jetpack_publicize_feature_enabled":true,"jetpack_social_post_already_shared":true,"jetpack_social_options":{"image_generator_settings":{"template":"highway","default_image_id":0,"font":"","enabled":false},"version":2}},"categories":[1],"tags":[],"class_list":["post-6033","post","type-post","status-publish","format-standard","has-post-thumbnail","hentry","category-blog"],"jetpack_publicize_connections":[],"jetpack_featured_media_url":"https:\/\/i0.wp.com\/ismaelcolosi.com.br\/wp-content\/uploads\/2023\/11\/postimg-65614c8d8de788959.jpg?fit=1200%2C628&ssl=1","uagb_featured_image_src":{"full":["https:\/\/i0.wp.com\/ismaelcolosi.com.br\/wp-content\/uploads\/2023\/11\/postimg-65614c8d8de788959.jpg?fit=1200%2C628&ssl=1",1200,628,false],"thumbnail":["https:\/\/i0.wp.com\/ismaelcolosi.com.br\/wp-content\/uploads\/2023\/11\/postimg-65614c8d8de788959.jpg?resize=150%2C150&ssl=1",150,150,true],"medium":["https:\/\/i0.wp.com\/ismaelcolosi.com.br\/wp-content\/uploads\/2023\/11\/postimg-65614c8d8de788959.jpg?fit=300%2C157&ssl=1",300,157,true],"medium_large":["https:\/\/i0.wp.com\/ismaelcolosi.com.br\/wp-content\/uploads\/2023\/11\/postimg-65614c8d8de788959.jpg?fit=768%2C402&ssl=1",768,402,true],"large":["https:\/\/i0.wp.com\/ismaelcolosi.com.br\/wp-content\/uploads\/2023\/11\/postimg-65614c8d8de788959.jpg?fit=1024%2C536&ssl=1",1024,536,true],"1536x1536":["https:\/\/i0.wp.com\/ismaelcolosi.com.br\/wp-content\/uploads\/2023\/11\/postimg-65614c8d8de788959.jpg?fit=1200%2C628&ssl=1",1200,628,true],"2048x2048":["https:\/\/i0.wp.com\/ismaelcolosi.com.br\/wp-content\/uploads\/2023\/11\/postimg-65614c8d8de788959.jpg?fit=1200%2C628&ssl=1",1200,628,true],"really-simple-thumb":["https:\/\/i0.wp.com\/ismaelcolosi.com.br\/wp-content\/uploads\/2023\/11\/postimg-65614c8d8de788959.jpg?resize=370%2C247&ssl=1",370,247,true]},"uagb_author_info":{"display_name":"ismaelcolosi.com.br","author_link":"https:\/\/ismaelcolosi.com.br\/index.php\/author\/vidareal-online\/"},"uagb_comment_info":0,"uagb_excerpt":"Embora a maioria das pessoas tenham a impress\u00e3o de que os famosos e suas fam\u00edlias vivem dentro de um conto de fadas, conduto na realidade...","jetpack-related-posts":[{"id":20006,"url":"https:\/\/ismaelcolosi.com.br\/index.php\/2023\/12\/23\/triste-noticia-sobre-a-atriz-claudia-alencar-e-exposta-por-seu-filho-em-estado-grave\/","url_meta":{"origin":6033,"position":0},"title":"Triste not\u00edcia sobre a atriz Cl\u00e1udia Alencar \u00e9 exposta por seu filho: em estado grave","author":"ismaelcolosi.com.br","date":"23 de December de 2023","format":false,"excerpt":"Uma triste not\u00edcia sobre a atriz Claudia Alencar, que j\u00e1 participou de v\u00e1rias produ\u00e7\u00f5es de sucesso na TV brasileira, veio \u00e0 tona atrav\u00e9s de seu filho.De acordo com Yann Hatchuel, filho da atriz Claudia Alencar, afirmou que ela est\u00e1 internada em estado grave na Cl\u00ednica S\u00e3o Vicente, localizada na Zona\u2026","rel":"","context":"In &quot;Blog&quot;","block_context":{"text":"Blog","link":"https:\/\/ismaelcolosi.com.br\/index.php\/category\/blog\/"},"img":{"alt_text":"","src":"https:\/\/i0.wp.com\/ismaelcolosi.com.br\/wp-content\/uploads\/2023\/12\/postimg-65876af6465702076.jpg?fit=1200%2C628&ssl=1&resize=350%2C200","width":350,"height":200,"srcset":"https:\/\/i0.wp.com\/ismaelcolosi.com.br\/wp-content\/uploads\/2023\/12\/postimg-65876af6465702076.jpg?fit=1200%2C628&ssl=1&resize=350%2C200 1x, https:\/\/i0.wp.com\/ismaelcolosi.com.br\/wp-content\/uploads\/2023\/12\/postimg-65876af6465702076.jpg?fit=1200%2C628&ssl=1&resize=525%2C300 1.5x, https:\/\/i0.wp.com\/ismaelcolosi.com.br\/wp-content\/uploads\/2023\/12\/postimg-65876af6465702076.jpg?fit=1200%2C628&ssl=1&resize=700%2C400 2x, https:\/\/i0.wp.com\/ismaelcolosi.com.br\/wp-content\/uploads\/2023\/12\/postimg-65876af6465702076.jpg?fit=1200%2C628&ssl=1&resize=1050%2C600 3x"},"classes":[]},{"id":26897,"url":"https:\/\/ismaelcolosi.com.br\/index.php\/2024\/01\/11\/filho-mais-velho-de-dani-winits-vai-estrear-como-ator-em-filme-ao-lado-da-mae\/","url_meta":{"origin":6033,"position":1},"title":"Filho mais velho de Dani Winits vai estrear como ator em filme ao lado da m\u00e3e","author":"ismaelcolosi.com.br","date":"11 de January de 2024","format":false,"excerpt":"Filho de peixe, peixinho \u00e9! Assim diz um antigo ditado popular que aponta para as chances de um filho seguir os passos de seus pais. Quem tem assistido isso acontecer \u00e9 Danielle Winits.O adolescente Noah Reis, de 16 anos, foi confirmado no elenco do pr\u00f3ximo filme da m\u00e3e. A produ\u00e7\u00e3o,\u2026","rel":"","context":"In &quot;Blog&quot;","block_context":{"text":"Blog","link":"https:\/\/ismaelcolosi.com.br\/index.php\/category\/blog\/"},"img":{"alt_text":"","src":"https:\/\/i0.wp.com\/ismaelcolosi.com.br\/wp-content\/uploads\/2024\/01\/postimg-659f51a8044ba8639.jpg?fit=1200%2C628&ssl=1&resize=350%2C200","width":350,"height":200,"srcset":"https:\/\/i0.wp.com\/ismaelcolosi.com.br\/wp-content\/uploads\/2024\/01\/postimg-659f51a8044ba8639.jpg?fit=1200%2C628&ssl=1&resize=350%2C200 1x, https:\/\/i0.wp.com\/ismaelcolosi.com.br\/wp-content\/uploads\/2024\/01\/postimg-659f51a8044ba8639.jpg?fit=1200%2C628&ssl=1&resize=525%2C300 1.5x, https:\/\/i0.wp.com\/ismaelcolosi.com.br\/wp-content\/uploads\/2024\/01\/postimg-659f51a8044ba8639.jpg?fit=1200%2C628&ssl=1&resize=700%2C400 2x, https:\/\/i0.wp.com\/ismaelcolosi.com.br\/wp-content\/uploads\/2024\/01\/postimg-659f51a8044ba8639.jpg?fit=1200%2C628&ssl=1&resize=1050%2C600 3x"},"classes":[]},{"id":5404,"url":"https:\/\/ismaelcolosi.com.br\/index.php\/2023\/11\/23\/irritada-yasmin-brunet-comenta-sobre-comparacoes-com-mel-maia-muito-mais-novas\/","url_meta":{"origin":6033,"position":2},"title":"Irritada, Yasmin Brunet comenta sobre compara\u00e7\u00f5es com Mel Maia: &#8220;Muito mais novas&#8221;","author":"ismaelcolosi.com.br","date":"23 de November de 2023","format":false,"excerpt":"O p\u00fablico da internet n\u00e3o perde a oposi\u00e7\u00e3o de apontar um suposto novo casal para come\u00e7ar a investigar e comentar sobre a vida dos dois mesmo que n\u00e3o tenha se tornado um casal oficializado.O cantor MC Daniel e a modelo Yasmin Brunet, s\u00e3o o casal do momento para o p\u00fablico\u2026","rel":"","context":"In &quot;Blog&quot;","block_context":{"text":"Blog","link":"https:\/\/ismaelcolosi.com.br\/index.php\/category\/blog\/"},"img":{"alt_text":"","src":"https:\/\/i0.wp.com\/ismaelcolosi.com.br\/wp-content\/uploads\/2023\/11\/postimg-655f91e015aff5619.jpg?fit=1200%2C713&ssl=1&resize=350%2C200","width":350,"height":200,"srcset":"https:\/\/i0.wp.com\/ismaelcolosi.com.br\/wp-content\/uploads\/2023\/11\/postimg-655f91e015aff5619.jpg?fit=1200%2C713&ssl=1&resize=350%2C200 1x, https:\/\/i0.wp.com\/ismaelcolosi.com.br\/wp-content\/uploads\/2023\/11\/postimg-655f91e015aff5619.jpg?fit=1200%2C713&ssl=1&resize=525%2C300 1.5x, https:\/\/i0.wp.com\/ismaelcolosi.com.br\/wp-content\/uploads\/2023\/11\/postimg-655f91e015aff5619.jpg?fit=1200%2C713&ssl=1&resize=700%2C400 2x, https:\/\/i0.wp.com\/ismaelcolosi.com.br\/wp-content\/uploads\/2023\/11\/postimg-655f91e015aff5619.jpg?fit=1200%2C713&ssl=1&resize=1050%2C600 3x"},"classes":[]},{"id":4424,"url":"https:\/\/ismaelcolosi.com.br\/index.php\/2023\/11\/21\/angelica-ganha-homenagem-no-domingao-mas-filho-a-chama-de-velha-e-seu-apelido-acaba-sendo-exposto\/","url_meta":{"origin":6033,"position":3},"title":"Ang\u00e9lica ganha homenagem no &#8216;Doming\u00e3o&#8217;, mas filho a chama de velha e seu apelido acaba sendo exposto","author":"ismaelcolosi.com.br","date":"21 de November de 2023","format":false,"excerpt":"Ben\u00edcio Huck, de 16 anos, \u00e9 o filho da famosa apresentadora Ang\u00e9lica e de Luciano Huck. E de forma recente, ele fez uma rara apari\u00e7\u00e3o no programa \u2018Doming\u00e3o\u2019, comandado pelo seu pai e exibido pela emissora Globo.Acontece que Ang\u00e9lica far\u00e1 50 anos em breve, e com isso, a programa\u00e7\u00e3o decidiu\u2026","rel":"","context":"In &quot;Blog&quot;","block_context":{"text":"Blog","link":"https:\/\/ismaelcolosi.com.br\/index.php\/category\/blog\/"},"img":{"alt_text":"","src":"https:\/\/i0.wp.com\/ismaelcolosi.com.br\/wp-content\/uploads\/2023\/11\/postimg-655cd7ec076fd8510.jpg?fit=1200%2C628&ssl=1&resize=350%2C200","width":350,"height":200,"srcset":"https:\/\/i0.wp.com\/ismaelcolosi.com.br\/wp-content\/uploads\/2023\/11\/postimg-655cd7ec076fd8510.jpg?fit=1200%2C628&ssl=1&resize=350%2C200 1x, https:\/\/i0.wp.com\/ismaelcolosi.com.br\/wp-content\/uploads\/2023\/11\/postimg-655cd7ec076fd8510.jpg?fit=1200%2C628&ssl=1&resize=525%2C300 1.5x, https:\/\/i0.wp.com\/ismaelcolosi.com.br\/wp-content\/uploads\/2023\/11\/postimg-655cd7ec076fd8510.jpg?fit=1200%2C628&ssl=1&resize=700%2C400 2x, https:\/\/i0.wp.com\/ismaelcolosi.com.br\/wp-content\/uploads\/2023\/11\/postimg-655cd7ec076fd8510.jpg?fit=1200%2C628&ssl=1&resize=1050%2C600 3x"},"classes":[]},{"id":27311,"url":"https:\/\/ismaelcolosi.com.br\/index.php\/2024\/01\/11\/sem-previsao-de-alta-claudia-alencar-apresenta-melhora-boletim-medico-traz-detalhes\/","url_meta":{"origin":6033,"position":4},"title":"Sem previs\u00e3o de alta, Claudia Alencar apresenta melhora; boletim m\u00e9dico traz detalhes","author":"ismaelcolosi.com.br","date":"11 de January de 2024","format":false,"excerpt":"Na \u00faltima quarta-feira (10\/01), um boletim m\u00e9dico foi emitido trazendo detalhes sobre o estado de sa\u00fade da atriz Claudia Alencar. A veterana, de 73 anos, esta internada desde o \u00faltimo dia 17 de dezembro.Segundo informa\u00e7\u00f5es confirmadas pelo filho da atriz, Claudia sofreu uma infec\u00e7\u00e3o bacteriana violenta. A atriz havia passado\u2026","rel":"","context":"In &quot;Blog&quot;","block_context":{"text":"Blog","link":"https:\/\/ismaelcolosi.com.br\/index.php\/category\/blog\/"},"img":{"alt_text":"","src":"https:\/\/i0.wp.com\/ismaelcolosi.com.br\/wp-content\/uploads\/2024\/01\/postimg-65a077551a0b66630.jpg?fit=1200%2C628&ssl=1&resize=350%2C200","width":350,"height":200,"srcset":"https:\/\/i0.wp.com\/ismaelcolosi.com.br\/wp-content\/uploads\/2024\/01\/postimg-65a077551a0b66630.jpg?fit=1200%2C628&ssl=1&resize=350%2C200 1x, https:\/\/i0.wp.com\/ismaelcolosi.com.br\/wp-content\/uploads\/2024\/01\/postimg-65a077551a0b66630.jpg?fit=1200%2C628&ssl=1&resize=525%2C300 1.5x, https:\/\/i0.wp.com\/ismaelcolosi.com.br\/wp-content\/uploads\/2024\/01\/postimg-65a077551a0b66630.jpg?fit=1200%2C628&ssl=1&resize=700%2C400 2x, https:\/\/i0.wp.com\/ismaelcolosi.com.br\/wp-content\/uploads\/2024\/01\/postimg-65a077551a0b66630.jpg?fit=1200%2C628&ssl=1&resize=1050%2C600 3x"},"classes":[]},{"id":85505,"url":"https:\/\/ismaelcolosi.com.br\/index.php\/2025\/05\/21\/licoes-que-moldaram-artistas-e-empresarios\/","url_meta":{"origin":6033,"position":5},"title":"Li\u00e7\u00f5es Que Moldaram Artistas e Empres\u00e1rios","author":"ismaelcolosi.com.br","date":"21 de May de 2025","format":false,"excerpt":"\r Getty Images\r Fernanda Torres seguiu os passos da m\u00e3e, Fernanda Montenegro, como atriz\r Acessibilidade \r L\r L\r A-\r A+\r \r \u25d0\r \r \u00a0 Fernanda Torres cresceu cercada pela paix\u00e3o de Fernanda Montenegro pela atua\u00e7\u00e3o. De acompanhar as produ\u00e7\u00f5es teatrais \u00e0 rotina intensa nos bastidores, n\u00e3o foi dif\u00edcil se apaixonar\u2026","rel":"","context":"In &quot;Carreira e Sucesso&quot;","block_context":{"text":"Carreira e Sucesso","link":"https:\/\/ismaelcolosi.com.br\/index.php\/category\/carreira-e-sucesso-dicas-para-carreira\/"},"img":{"alt_text":"","src":"https:\/\/i0.wp.com\/ismaelcolosi.com.br\/wp-content\/uploads\/2025\/05\/forbes-dia-das-maes-fernanda-torres-fernanda-montenegro-1200x675.jpg?fit=1200%2C675&ssl=1&resize=350%2C200","width":350,"height":200,"srcset":"https:\/\/i0.wp.com\/ismaelcolosi.com.br\/wp-content\/uploads\/2025\/05\/forbes-dia-das-maes-fernanda-torres-fernanda-montenegro-1200x675.jpg?fit=1200%2C675&ssl=1&resize=350%2C200 1x, https:\/\/i0.wp.com\/ismaelcolosi.com.br\/wp-content\/uploads\/2025\/05\/forbes-dia-das-maes-fernanda-torres-fernanda-montenegro-1200x675.jpg?fit=1200%2C675&ssl=1&resize=525%2C300 1.5x, https:\/\/i0.wp.com\/ismaelcolosi.com.br\/wp-content\/uploads\/2025\/05\/forbes-dia-das-maes-fernanda-torres-fernanda-montenegro-1200x675.jpg?fit=1200%2C675&ssl=1&resize=700%2C400 2x, https:\/\/i0.wp.com\/ismaelcolosi.com.br\/wp-content\/uploads\/2025\/05\/forbes-dia-das-maes-fernanda-torres-fernanda-montenegro-1200x675.jpg?fit=1200%2C675&ssl=1&resize=1050%2C600 3x"},"classes":[]}],"jetpack_sharing_enabled":true,"jetpack_shortlink":"https:\/\/wp.me\/pfMlyK-1zj","_links":{"self":[{"href":"https:\/\/ismaelcolosi.com.br\/index.php\/wp-json\/wp\/v2\/posts\/6033","targetHints":{"allow":["GET"]}}],"collection":[{"href":"https:\/\/ismaelcolosi.com.br\/index.php\/wp-json\/wp\/v2\/posts"}],"about":[{"href":"https:\/\/ismaelcolosi.com.br\/index.php\/wp-json\/wp\/v2\/types\/post"}],"author":[{"embeddable":true,"href":"https:\/\/ismaelcolosi.com.br\/index.php\/wp-json\/wp\/v2\/users\/1"}],"replies":[{"embeddable":true,"href":"https:\/\/ismaelcolosi.com.br\/index.php\/wp-json\/wp\/v2\/comments?post=6033"}],"version-history":[{"count":0,"href":"https:\/\/ismaelcolosi.com.br\/index.php\/wp-json\/wp\/v2\/posts\/6033\/revisions"}],"wp:featuredmedia":[{"embeddable":true,"href":"https:\/\/ismaelcolosi.com.br\/index.php\/wp-json\/wp\/v2\/media\/6034"}],"wp:attachment":[{"href":"https:\/\/ismaelcolosi.com.br\/index.php\/wp-json\/wp\/v2\/media?parent=6033"}],"wp:term":[{"taxonomy":"category","embeddable":true,"href":"https:\/\/ismaelcolosi.com.br\/index.php\/wp-json\/wp\/v2\/categories?post=6033"},{"taxonomy":"post_tag","embeddable":true,"href":"https:\/\/ismaelcolosi.com.br\/index.php\/wp-json\/wp\/v2\/tags?post=6033"}],"curies":[{"name":"wp","href":"https:\/\/api.w.org\/{rel}","templated":true}]}}