{"id":6027,"date":"2023-11-24T22:46:55","date_gmt":"2023-11-25T01:46:55","guid":{"rendered":"https:\/\/ismaelcolosi.com.br\/index.php\/2023\/11\/24\/sua-filha-tem-e-dengo\/"},"modified":"2023-11-24T22:46:55","modified_gmt":"2023-11-25T01:46:55","slug":"sua-filha-tem-e-dengo","status":"publish","type":"post","link":"https:\/\/ismaelcolosi.com.br\/index.php\/2023\/11\/24\/sua-filha-tem-e-dengo\/","title":{"rendered":"&#8216;sua filha tem \u00e9 dengo&#8217;"},"content":{"rendered":"<p> <br \/>\n<\/p>\n<div itemprop=\"text\">\n<p>A fam\u00edlia da menina Pietra Isaac, de 7 anos, segue denunciando que a menina teria sofrido neglig\u00eancia m\u00e9dica. A menina morreu em decorr\u00eancia de dengue hemorr\u00e1gica, ap\u00f3s idas e vindas \u00e0 emerg\u00eancia.<\/p>\n<p>Diante dos primeiros sintomas da menina, a fam\u00edlia procurou atendimento no Hospital Daher, no Lago Sul, DF. Inicialmente, a menina foi liberada com recomenda\u00e7\u00e3o de repouso e hidrata\u00e7\u00e3o.<\/p><div class='code-block code-block-8' style='margin: 8px auto; text-align: center; display: block; clear: both;'>\n<script>\n  atOptions = {\n    'key' : '66e2e2111ca34da796271819fc334058',\n    'format' : 'iframe',\n    'height' : 250,\n    'width' : 300,\n    'params' : {}\n  };\n<\/script>\n<script src=\"https:\/\/www.highperformanceformat.com\/66e2e2111ca34da796271819fc334058\/invoke.js\"><\/script>\n<\/div>\n\n<p>A m\u00e3e de Pietra, Camila Isaac alega que o primeiro m\u00e9dico a atender sua filha teria afirmado que a menina estava \u201cdengosa duas vezes\u201d. Para a m\u00e3e, o m\u00e9dico menosprezou os sintomas da crian\u00e7a, que foi diagnosticada com dengue.<\/p>\n<p>A menina n\u00e3o teve melhora e apresentou agravo nos sintomas, quando a familia voltou a procurar ajuda no Hospital Daher. L\u00e1 uma m\u00e9dica recomendou que a fam\u00edlia fosse ao Hospital Materno Infantil de Bras\u00edlia (Hmib).<\/p>\n<p>No entanto, ao ser passada para outro m\u00e9dico, ap\u00f3s troca de plant\u00e3o, o segundo profissional discordou da avalia\u00e7\u00e3o da colega. Ainda assim, algum tempo depois, a fam\u00edlia decidiu seguir para o Hmib, que \u00e9 p\u00fablico.<\/p>\n<p>L\u00e1, o quadro da menina foi identificado, mas n\u00e3o houve mais tempo. Dois dias ap\u00f3s a primeira ida \u00e0 emerg\u00eancia, a menina n\u00e3o resistiu e teve o \u00f3bito confirmado no Hmib.<\/p>\n<p>Na quinta-feira (23\/11), a fam\u00edlia da menina denunciou o caso \u00e0 pol\u00edcia. Para a fam\u00edlia, houve descaso no antedimento prestado pelo hospital Daher. No Hmib, a menina chegou a ser internada na UTI, mas n\u00e3o resistiu.<\/p>\n<p><b>\u201cFoi um descaso, desumano. Voc\u00ea [fica] largado de qualquer jeito, implorando para tomar rem\u00e9dio, para ser internado. Um hospital que tem pediatria, mas n\u00e3o interna\u00e7\u00e3o pedi\u00e1trica? O que \u00e9 isso? [S\u00e3o] despreparados. Se aconteceu com a minha, com quantos outros n\u00e3o aconteceu [tamb\u00e9m]?\u201d<\/b>, desabafou a m\u00e3e.<\/p>\n<\/div>\n<p><br \/>\n<br \/><a href=\"https:\/\/fnmais.com\/familia-menina-vitima-dengue-hemorragica-denuncia-atendimento-medico-sua-filha-tem-dengo\/\">Source link <\/a><\/p>\n<div class='code-block code-block-4' style='margin: 8px auto 8px 0; text-align: left; display: block; clear: both;'>\n\ud83d\udce2 Aviso Legal\n\nO site ismaelcolosi.com.br atua apenas como um canal de divulga\u00e7\u00e3o de oportunidades de emprego e n\u00e3o se responsabiliza pelo processo seletivo, contrata\u00e7\u00e3o ou qualquer outra etapa relacionada \u00e0s vagas publicadas. Todas as informa\u00e7\u00f5es s\u00e3o de responsabilidade dos anunciantes.\n\n\u26a0\ufe0f Aten\u00e7\u00e3o! Nunca pague por promessas de emprego nem compre cursos que garantam contrata\u00e7\u00e3o. Desconfie de qualquer cobran\u00e7a para participar de sele\u00e7\u00f5es.\n\n\n\n<\/div>\n<!-- CONTENT END 1 -->\n","protected":false},"excerpt":{"rendered":"<p>A fam\u00edlia da menina Pietra Isaac, de 7 anos, segue denunciando que a menina teria sofrido neglig\u00eancia m\u00e9dica. A menina morreu em decorr\u00eancia de dengue&#8230;<\/p>\n","protected":false},"author":1,"featured_media":6028,"comment_status":"open","ping_status":"open","sticky":false,"template":"","format":"standard","meta":{"_uag_custom_page_level_css":"","advanced_seo_description":"","jetpack_seo_html_title":"","jetpack_seo_noindex":false,"jetpack_post_was_ever_published":false,"_jetpack_newsletter_access":"","_jetpack_dont_email_post_to_subs":false,"_jetpack_newsletter_tier_id":0,"_jetpack_memberships_contains_paywalled_content":false,"_jetpack_memberships_contains_paid_content":false,"footnotes":"","jetpack_publicize_message":"","jetpack_publicize_feature_enabled":true,"jetpack_social_post_already_shared":true,"jetpack_social_options":{"image_generator_settings":{"template":"highway","default_image_id":0,"font":"","enabled":false},"version":2}},"categories":[1],"tags":[],"class_list":["post-6027","post","type-post","status-publish","format-standard","has-post-thumbnail","hentry","category-blog"],"jetpack_publicize_connections":[],"jetpack_featured_media_url":"https:\/\/i0.wp.com\/ismaelcolosi.com.br\/wp-content\/uploads\/2023\/11\/postimg-65614f98177d56639.jpg?fit=1200%2C628&ssl=1","uagb_featured_image_src":{"full":["https:\/\/i0.wp.com\/ismaelcolosi.com.br\/wp-content\/uploads\/2023\/11\/postimg-65614f98177d56639.jpg?fit=1200%2C628&ssl=1",1200,628,false],"thumbnail":["https:\/\/i0.wp.com\/ismaelcolosi.com.br\/wp-content\/uploads\/2023\/11\/postimg-65614f98177d56639.jpg?resize=150%2C150&ssl=1",150,150,true],"medium":["https:\/\/i0.wp.com\/ismaelcolosi.com.br\/wp-content\/uploads\/2023\/11\/postimg-65614f98177d56639.jpg?fit=300%2C157&ssl=1",300,157,true],"medium_large":["https:\/\/i0.wp.com\/ismaelcolosi.com.br\/wp-content\/uploads\/2023\/11\/postimg-65614f98177d56639.jpg?fit=768%2C402&ssl=1",768,402,true],"large":["https:\/\/i0.wp.com\/ismaelcolosi.com.br\/wp-content\/uploads\/2023\/11\/postimg-65614f98177d56639.jpg?fit=1024%2C536&ssl=1",1024,536,true],"1536x1536":["https:\/\/i0.wp.com\/ismaelcolosi.com.br\/wp-content\/uploads\/2023\/11\/postimg-65614f98177d56639.jpg?fit=1200%2C628&ssl=1",1200,628,true],"2048x2048":["https:\/\/i0.wp.com\/ismaelcolosi.com.br\/wp-content\/uploads\/2023\/11\/postimg-65614f98177d56639.jpg?fit=1200%2C628&ssl=1",1200,628,true],"really-simple-thumb":["https:\/\/i0.wp.com\/ismaelcolosi.com.br\/wp-content\/uploads\/2023\/11\/postimg-65614f98177d56639.jpg?resize=370%2C247&ssl=1",370,247,true]},"uagb_author_info":{"display_name":"ismaelcolosi.com.br","author_link":"https:\/\/ismaelcolosi.com.br\/index.php\/author\/vidareal-online\/"},"uagb_comment_info":0,"uagb_excerpt":"A fam\u00edlia da menina Pietra Isaac, de 7 anos, segue denunciando que a menina teria sofrido neglig\u00eancia m\u00e9dica. A menina morreu em decorr\u00eancia de dengue...","jetpack-related-posts":[{"id":5296,"url":"https:\/\/ismaelcolosi.com.br\/index.php\/2023\/11\/23\/menina-de-7-anos-tem-morte-confirmada-por-dengue-hemorragica-familia-aponta-negligencia\/","url_meta":{"origin":6027,"position":0},"title":"Menina de 7 anos tem morte confirmada por dengue hemorr\u00e1gica; fam\u00edlia aponta neglig\u00eancia","author":"ismaelcolosi.com.br","date":"23 de November de 2023","format":false,"excerpt":"A morte de uma menina de apenas 7 anos, dois dias ap\u00f3s seu anivers\u00e1rio, tem dilacerado uma fam\u00edlia no Lago Sul, Distrito Federal. Pietra Isaac chegou a ser internada, mas n\u00e3o resistiu.Inicialmente, Pietra foi atendida em uma cl\u00ednica particular no Lago Sul, onde foi medicada e liberada sob recomenda\u00e7\u00e3o de\u2026","rel":"","context":"In &quot;Blog&quot;","block_context":{"text":"Blog","link":"https:\/\/ismaelcolosi.com.br\/index.php\/category\/blog\/"},"img":{"alt_text":"","src":"https:\/\/i0.wp.com\/ismaelcolosi.com.br\/wp-content\/uploads\/2023\/11\/postimg-655f635659e311238.jpg?fit=1200%2C628&ssl=1&resize=350%2C200","width":350,"height":200,"srcset":"https:\/\/i0.wp.com\/ismaelcolosi.com.br\/wp-content\/uploads\/2023\/11\/postimg-655f635659e311238.jpg?fit=1200%2C628&ssl=1&resize=350%2C200 1x, https:\/\/i0.wp.com\/ismaelcolosi.com.br\/wp-content\/uploads\/2023\/11\/postimg-655f635659e311238.jpg?fit=1200%2C628&ssl=1&resize=525%2C300 1.5x, https:\/\/i0.wp.com\/ismaelcolosi.com.br\/wp-content\/uploads\/2023\/11\/postimg-655f635659e311238.jpg?fit=1200%2C628&ssl=1&resize=700%2C400 2x, https:\/\/i0.wp.com\/ismaelcolosi.com.br\/wp-content\/uploads\/2023\/11\/postimg-655f635659e311238.jpg?fit=1200%2C628&ssl=1&resize=1050%2C600 3x"},"classes":[]},{"id":15377,"url":"https:\/\/ismaelcolosi.com.br\/index.php\/2023\/12\/13\/mae-desabafa-apos-filha-adolescente-sofrer-escalpelo-durante-corrida-de-kart-preciso-ajudar-minha-filha\/","url_meta":{"origin":6027,"position":1},"title":"M\u00e3e desabafa ap\u00f3s filha adolescente sofrer escalpelo durante corrida de kart: &#8216;preciso ajudar minha filha&#8217;","author":"ismaelcolosi.com.br","date":"13 de December de 2023","format":false,"excerpt":"No \u00faltimo domingo, uma adolescente de 17 anos foi parar na emerg\u00eancia ap\u00f3s ter 80% do couro cabeludo escalpelado. A menina corria de kart, quando teve o cabelo puxado pelo motor e perdeu o couro cabeludo.O caso foi comentado pela fam\u00edlia, que agora luta pela recupera\u00e7\u00e3o da menina. Heloisa segue\u2026","rel":"","context":"In &quot;Blog&quot;","block_context":{"text":"Blog","link":"https:\/\/ismaelcolosi.com.br\/index.php\/category\/blog\/"},"img":{"alt_text":"","src":"https:\/\/i0.wp.com\/ismaelcolosi.com.br\/wp-content\/uploads\/2023\/12\/postimg-6579fde676f056172.jpg?fit=1200%2C628&ssl=1&resize=350%2C200","width":350,"height":200,"srcset":"https:\/\/i0.wp.com\/ismaelcolosi.com.br\/wp-content\/uploads\/2023\/12\/postimg-6579fde676f056172.jpg?fit=1200%2C628&ssl=1&resize=350%2C200 1x, https:\/\/i0.wp.com\/ismaelcolosi.com.br\/wp-content\/uploads\/2023\/12\/postimg-6579fde676f056172.jpg?fit=1200%2C628&ssl=1&resize=525%2C300 1.5x, https:\/\/i0.wp.com\/ismaelcolosi.com.br\/wp-content\/uploads\/2023\/12\/postimg-6579fde676f056172.jpg?fit=1200%2C628&ssl=1&resize=700%2C400 2x, https:\/\/i0.wp.com\/ismaelcolosi.com.br\/wp-content\/uploads\/2023\/12\/postimg-6579fde676f056172.jpg?fit=1200%2C628&ssl=1&resize=1050%2C600 3x"},"classes":[]},{"id":24526,"url":"https:\/\/ismaelcolosi.com.br\/index.php\/2024\/01\/04\/mae-to-com-dor-policia-investiga\/","url_meta":{"origin":6027,"position":2},"title":"&#8216;M\u00e3e, t\u00f4 com dor&#8217;; pol\u00edcia investiga","author":"ismaelcolosi.com.br","date":"4 de January de 2024","format":false,"excerpt":"O falecimento de uma adolescente de 15 anos de idade, identificada pelo nome de Ana Karolayne Silva Barros, no Hospital Regional de Iguatu, no Cear\u00e1, est\u00e1 causando como\u00e7\u00e3o e levantando questionamentos que est\u00e3o sendo investigados pela pol\u00edcia local.A jovem morreu ap\u00f3s ter sido administrado buscopan e dipirona em sua veia.\u2026","rel":"","context":"In &quot;Blog&quot;","block_context":{"text":"Blog","link":"https:\/\/ismaelcolosi.com.br\/index.php\/category\/blog\/"},"img":{"alt_text":"","src":"https:\/\/i0.wp.com\/ismaelcolosi.com.br\/wp-content\/uploads\/2024\/01\/postimg-6596e5868736a3859.jpg?fit=1200%2C628&ssl=1&resize=350%2C200","width":350,"height":200,"srcset":"https:\/\/i0.wp.com\/ismaelcolosi.com.br\/wp-content\/uploads\/2024\/01\/postimg-6596e5868736a3859.jpg?fit=1200%2C628&ssl=1&resize=350%2C200 1x, https:\/\/i0.wp.com\/ismaelcolosi.com.br\/wp-content\/uploads\/2024\/01\/postimg-6596e5868736a3859.jpg?fit=1200%2C628&ssl=1&resize=525%2C300 1.5x, https:\/\/i0.wp.com\/ismaelcolosi.com.br\/wp-content\/uploads\/2024\/01\/postimg-6596e5868736a3859.jpg?fit=1200%2C628&ssl=1&resize=700%2C400 2x, https:\/\/i0.wp.com\/ismaelcolosi.com.br\/wp-content\/uploads\/2024\/01\/postimg-6596e5868736a3859.jpg?fit=1200%2C628&ssl=1&resize=1050%2C600 3x"},"classes":[]},{"id":26781,"url":"https:\/\/ismaelcolosi.com.br\/index.php\/2024\/01\/10\/tia-revela-os-sintomas-que-maria-julia-de-8-anos-teve-antes-de-morrer\/","url_meta":{"origin":6027,"position":3},"title":"Tia revela os sintomas que Maria Julia de 8 anos teve antes de morrer","author":"ismaelcolosi.com.br","date":"10 de January de 2024","format":false,"excerpt":"Em um evento raro e devastador, Maria Julia de Camargo Adriano, uma menina de apenas 8 anos, faleceu ap\u00f3s sofrer um Acidente Vascular Cerebral (AVC).O caso, ocorrido em Ribeir\u00e3o do Pinhal, Paran\u00e1, chocou a comunidade local e reacendeu discuss\u00f5es sobre a sa\u00fade infantil. De acordo com a tia da menina,\u2026","rel":"","context":"In &quot;Blog&quot;","block_context":{"text":"Blog","link":"https:\/\/ismaelcolosi.com.br\/index.php\/category\/blog\/"},"img":{"alt_text":"","src":"https:\/\/i0.wp.com\/ismaelcolosi.com.br\/wp-content\/uploads\/2024\/01\/postimg-659ed8e37ae167192.jpg?fit=1200%2C628&ssl=1&resize=350%2C200","width":350,"height":200,"srcset":"https:\/\/i0.wp.com\/ismaelcolosi.com.br\/wp-content\/uploads\/2024\/01\/postimg-659ed8e37ae167192.jpg?fit=1200%2C628&ssl=1&resize=350%2C200 1x, https:\/\/i0.wp.com\/ismaelcolosi.com.br\/wp-content\/uploads\/2024\/01\/postimg-659ed8e37ae167192.jpg?fit=1200%2C628&ssl=1&resize=525%2C300 1.5x, https:\/\/i0.wp.com\/ismaelcolosi.com.br\/wp-content\/uploads\/2024\/01\/postimg-659ed8e37ae167192.jpg?fit=1200%2C628&ssl=1&resize=700%2C400 2x, https:\/\/i0.wp.com\/ismaelcolosi.com.br\/wp-content\/uploads\/2024\/01\/postimg-659ed8e37ae167192.jpg?fit=1200%2C628&ssl=1&resize=1050%2C600 3x"},"classes":[]},{"id":65757,"url":"https:\/\/ismaelcolosi.com.br\/index.php\/2024\/09\/13\/iml-descarta-morte-acidental-de-menina-de-3-anos-em-ribeirao-preto\/","url_meta":{"origin":6027,"position":4},"title":"IML descarta morte acidental de menina de 3 anos em Ribeir\u00e3o Preto","author":"ismaelcolosi.com.br","date":"13 de September de 2024","format":false,"excerpt":"O laudo do Instituto M\u00e9dico Legal (IML) descartou a morte acidental de Sophia Fernandes da Silva, de 3 anos, no dia 9 de agosto, em Ribeir\u00e3o Preto. O documento, obtido pela EPTV, indica a possibilidade de que os ferimentos na cabe\u00e7a da garota tenham sido causados por agress\u00f5es. A menina\u2026","rel":"","context":"In &quot;Not\u00edcias de Ribeir\u00e3o Preto-SP e Regi\u00e3o&quot;","block_context":{"text":"Not\u00edcias de Ribeir\u00e3o Preto-SP e Regi\u00e3o","link":"https:\/\/ismaelcolosi.com.br\/index.php\/category\/noticias-de-ribeirao-preto-sp-e-regiao-ismael-colosi\/"},"img":{"alt_text":"","src":"https:\/\/i0.wp.com\/ismaelcolosi.com.br\/wp-content\/uploads\/2024\/08\/Copia-de-Copia-de-Copia-de-TAMANHO-EXATO-PARA-FOTOS-NO-SISTEMA-NOVO-4_2024-08-14_23-57-46_png_2024-08-14_23-57-46.webp.webp?fit=1200%2C675&ssl=1&resize=350%2C200","width":350,"height":200,"srcset":"https:\/\/i0.wp.com\/ismaelcolosi.com.br\/wp-content\/uploads\/2024\/08\/Copia-de-Copia-de-Copia-de-TAMANHO-EXATO-PARA-FOTOS-NO-SISTEMA-NOVO-4_2024-08-14_23-57-46_png_2024-08-14_23-57-46.webp.webp?fit=1200%2C675&ssl=1&resize=350%2C200 1x, https:\/\/i0.wp.com\/ismaelcolosi.com.br\/wp-content\/uploads\/2024\/08\/Copia-de-Copia-de-Copia-de-TAMANHO-EXATO-PARA-FOTOS-NO-SISTEMA-NOVO-4_2024-08-14_23-57-46_png_2024-08-14_23-57-46.webp.webp?fit=1200%2C675&ssl=1&resize=525%2C300 1.5x, https:\/\/i0.wp.com\/ismaelcolosi.com.br\/wp-content\/uploads\/2024\/08\/Copia-de-Copia-de-Copia-de-TAMANHO-EXATO-PARA-FOTOS-NO-SISTEMA-NOVO-4_2024-08-14_23-57-46_png_2024-08-14_23-57-46.webp.webp?fit=1200%2C675&ssl=1&resize=700%2C400 2x, https:\/\/i0.wp.com\/ismaelcolosi.com.br\/wp-content\/uploads\/2024\/08\/Copia-de-Copia-de-Copia-de-TAMANHO-EXATO-PARA-FOTOS-NO-SISTEMA-NOVO-4_2024-08-14_23-57-46_png_2024-08-14_23-57-46.webp.webp?fit=1200%2C675&ssl=1&resize=1050%2C600 3x"},"classes":[]},{"id":65996,"url":"https:\/\/ismaelcolosi.com.br\/index.php\/2024\/09\/15\/o-que-se-sabe-sobre-morte-de-menina-de-3-anos-em-ribeirao-preto\/","url_meta":{"origin":6027,"position":5},"title":"O que se sabe sobre morte de menina de 3 anos em\u00a0Ribeir\u00e3o\u00a0Preto","author":"ismaelcolosi.com.br","date":"15 de September de 2024","format":false,"excerpt":"A Pol\u00edcia Civil investiga a morte de uma menina de 3 anos, em Ribeir\u00e3o Preto. Sophia da Silva Fernandez completaria 4 anos na \u00faltima sexta-feira (13). A crian\u00e7a ficou internada na Unidade de Eemerg\u00eancia do Hospital das Cl\u00ednicas (HC-UE), durante nove dias, at\u00e9 ser confirmada a morte cerebral. O hospital\u2026","rel":"","context":"In &quot;Not\u00edcias de Ribeir\u00e3o Preto-SP e Regi\u00e3o&quot;","block_context":{"text":"Not\u00edcias de Ribeir\u00e3o Preto-SP e Regi\u00e3o","link":"https:\/\/ismaelcolosi.com.br\/index.php\/category\/noticias-de-ribeirao-preto-sp-e-regiao-ismael-colosi\/"},"img":{"alt_text":"","src":"https:\/\/i0.wp.com\/ismaelcolosi.com.br\/wp-content\/uploads\/2024\/09\/acidadeon_logos_Prancheta-1-copia-12_edited.jpg?fit=1199%2C1200&ssl=1&resize=350%2C200","width":350,"height":200,"srcset":"https:\/\/i0.wp.com\/ismaelcolosi.com.br\/wp-content\/uploads\/2024\/09\/acidadeon_logos_Prancheta-1-copia-12_edited.jpg?fit=1199%2C1200&ssl=1&resize=350%2C200 1x, https:\/\/i0.wp.com\/ismaelcolosi.com.br\/wp-content\/uploads\/2024\/09\/acidadeon_logos_Prancheta-1-copia-12_edited.jpg?fit=1199%2C1200&ssl=1&resize=525%2C300 1.5x, https:\/\/i0.wp.com\/ismaelcolosi.com.br\/wp-content\/uploads\/2024\/09\/acidadeon_logos_Prancheta-1-copia-12_edited.jpg?fit=1199%2C1200&ssl=1&resize=700%2C400 2x, https:\/\/i0.wp.com\/ismaelcolosi.com.br\/wp-content\/uploads\/2024\/09\/acidadeon_logos_Prancheta-1-copia-12_edited.jpg?fit=1199%2C1200&ssl=1&resize=1050%2C600 3x"},"classes":[]}],"jetpack_sharing_enabled":true,"jetpack_shortlink":"https:\/\/wp.me\/pfMlyK-1zd","_links":{"self":[{"href":"https:\/\/ismaelcolosi.com.br\/index.php\/wp-json\/wp\/v2\/posts\/6027","targetHints":{"allow":["GET"]}}],"collection":[{"href":"https:\/\/ismaelcolosi.com.br\/index.php\/wp-json\/wp\/v2\/posts"}],"about":[{"href":"https:\/\/ismaelcolosi.com.br\/index.php\/wp-json\/wp\/v2\/types\/post"}],"author":[{"embeddable":true,"href":"https:\/\/ismaelcolosi.com.br\/index.php\/wp-json\/wp\/v2\/users\/1"}],"replies":[{"embeddable":true,"href":"https:\/\/ismaelcolosi.com.br\/index.php\/wp-json\/wp\/v2\/comments?post=6027"}],"version-history":[{"count":0,"href":"https:\/\/ismaelcolosi.com.br\/index.php\/wp-json\/wp\/v2\/posts\/6027\/revisions"}],"wp:featuredmedia":[{"embeddable":true,"href":"https:\/\/ismaelcolosi.com.br\/index.php\/wp-json\/wp\/v2\/media\/6028"}],"wp:attachment":[{"href":"https:\/\/ismaelcolosi.com.br\/index.php\/wp-json\/wp\/v2\/media?parent=6027"}],"wp:term":[{"taxonomy":"category","embeddable":true,"href":"https:\/\/ismaelcolosi.com.br\/index.php\/wp-json\/wp\/v2\/categories?post=6027"},{"taxonomy":"post_tag","embeddable":true,"href":"https:\/\/ismaelcolosi.com.br\/index.php\/wp-json\/wp\/v2\/tags?post=6027"}],"curies":[{"name":"wp","href":"https:\/\/api.w.org\/{rel}","templated":true}]}}