{"id":6025,"date":"2023-11-24T22:30:51","date_gmt":"2023-11-25T01:30:51","guid":{"rendered":"https:\/\/ismaelcolosi.com.br\/index.php\/2023\/11\/24\/jovem-morre-aos-27-anos-durante-cochilo-entenda-a-causa\/"},"modified":"2023-11-24T22:30:51","modified_gmt":"2023-11-25T01:30:51","slug":"jovem-morre-aos-27-anos-durante-cochilo-entenda-a-causa","status":"publish","type":"post","link":"https:\/\/ismaelcolosi.com.br\/index.php\/2023\/11\/24\/jovem-morre-aos-27-anos-durante-cochilo-entenda-a-causa\/","title":{"rendered":"Jovem morre aos 27 anos durante cochilo; entenda a causa"},"content":{"rendered":"<p> <br \/>\n<\/p>\n<p>Um rapaz de 27 anos que estava aparentemente saud\u00e1vel teve uma morte s\u00fabita durante um <a href=\"https:\/\/catracalivre.com.br\/saude-bem-estar\/entenda-a-ligacao-entre-cochilos-frequentes-e-pressao-alta\/\">cochilo<\/a>.<\/p>\n<p>Jono Stead praticava esportes, tinha iniciado seu pr\u00f3prio neg\u00f3cio e estava prestes a se casar. Segundo a fam\u00edlia, ele tinha um<a href=\"https:\/\/catracalivre.com.br\/saude-bem-estar\/4-sinais-que-indicam-principio-de-infarto-saiba-como-prevenir\/\"> problema card\u00edaco<\/a> n\u00e3o diagnosticado e morreu cerca de 40 minutos ap\u00f3s ter ido dormir.<\/p><div class='code-block code-block-8' style='margin: 8px auto; text-align: center; display: block; clear: both;'>\n<script>\n  atOptions = {\n    'key' : '66e2e2111ca34da796271819fc334058',\n    'format' : 'iframe',\n    'height' : 250,\n    'width' : 300,\n    'params' : {}\n  };\n<\/script>\n<script src=\"https:\/\/www.highperformanceformat.com\/66e2e2111ca34da796271819fc334058\/invoke.js\"><\/script>\n<\/div>\n\n<div id=\"attachment_2314111\">\n<div class=\"d-flex justify-content-center\" data-attachment-id=\"2314111\">\n<div class=\"position-relative d-inline-block\"><img data-recalc-dims=\"1\" data-portal-copyright=\"reprodu\u00e7\u00e3o\/Facebook\" decoding=\"async\" fetchpriority=\"high\" class=\"wp-image-2314111 size-large\" src=\"https:\/\/i0.wp.com\/catracalivre.com.br\/wp-content\/uploads\/2023\/11\/1700855533218090-910x527.jpg?resize=910%2C527&#038;ssl=1\" alt=\"Jovem sofria de um probelma card\u00edaco n\u00e3o diagnosticado\" width=\"910\" height=\"527\" srcset=\"https:\/\/catracalivre.com.br\/wp-content\/uploads\/2023\/11\/1700855533218090-910x527.jpg 910w, https:\/\/catracalivre.com.br\/wp-content\/uploads\/2023\/11\/1700855533218090-450x261.jpg 450w, https:\/\/catracalivre.com.br\/wp-content\/uploads\/2023\/11\/1700855533218090-768x445.jpg 768w\" sizes=\"(max-width: 910px) 100vw, 910px\"\/><\/p>\n<p>Cr\u00e9ditos: reprodu\u00e7\u00e3o\/Facebook<\/p>\n<\/div>\n<\/div>\n<p><span class=\"post-imagem__legenda\">Jovem sofria de um probelma card\u00edaco n\u00e3o diagnosticado<\/span><\/p>\n<\/div>\n<p>Os pais de de Jono agora divulgam o caso para alertar outras pessoas sobre\u00a0 formas de evitar a incid\u00eancia de morte s\u00fabita card\u00edaca em jovens atrav\u00e9s exames preventivos.<\/p>\n<p>Jono morreu de cardiomiopatia hipertr\u00f3fica.<\/p>\n<p>A cardiomiopatia hipertr\u00f3fica\u00a0 \u00e9 uma doen\u00e7a na qual o m\u00fasculo card\u00edaco fica espessado (hipertrofiado), isso pode dificultar o bombeamento do sangue pelo cora\u00e7\u00e3o.<\/p>\n<p>A cardiomiopatia hipertr\u00f3fica muitas vezes n\u00e3o \u00e9 diagnosticada porque muitas pessoas com a doen\u00e7a apresentam poucos ou nenhum sintoma.<\/p>\n<p>No entanto, num pequeno n\u00famero de pessoas com a condi\u00e7\u00e3o, o m\u00fasculo card\u00edaco espessado pode causar falta de ar, dor no peito ou arritmias potencialmente fatais ou morte s\u00fabita.<\/p>\n<p>Os sinais e sintomas de cardiomiopatia hipertr\u00f3fica podem incluir um ou mais dos seguintes:<\/p>\n<p><script>\n\t\t! function(f, b, e, v, n, t, s) {\n\t\t\tif (f.fbq) return;\n\t\t\tn = f.fbq = function() {\n\t\t\t\tn.callMethod ?\n\t\t\t\t\tn.callMethod.apply(n, arguments) : n.queue.push(arguments)\n\t\t\t};\n\t\t\tif (!f._fbq) f._fbq = n;\n\t\t\tn.push = n;\n\t\t\tn.loaded = !0;\n\t\t\tn.version = '2.0';\n\t\t\tn.queue = [];\n\t\t\tt = b.createElement(e);\n\t\t\tt.async = !0;\n\t\t\tt.src = v;\n\t\t\ts = b.getElementsByTagName(e)[0];\n\t\t\ts.parentNode.insertBefore(t, s)\n\t\t}(window, document, 'script',\n\t\t\t'https:\/\/connect.facebook.net\/en_US\/fbevents.js');\n\t\tfbq('init', '338315473262380');\n\t\tfbq('track', 'PageView');\n\t<\/script><br \/>\n<br \/><br \/>\n<br \/><a href=\"https:\/\/catracalivre.com.br\/saude-bem-estar\/jovem-morre-aos-27-anos-durante-cochilo-entenda-a-causa\/\">Source link <\/a><\/p>\n<div class='code-block code-block-4' style='margin: 8px auto 8px 0; text-align: left; display: block; clear: both;'>\n\ud83d\udce2 Aviso Legal\n\nO site ismaelcolosi.com.br atua apenas como um canal de divulga\u00e7\u00e3o de oportunidades de emprego e n\u00e3o se responsabiliza pelo processo seletivo, contrata\u00e7\u00e3o ou qualquer outra etapa relacionada \u00e0s vagas publicadas. Todas as informa\u00e7\u00f5es s\u00e3o de responsabilidade dos anunciantes.\n\n\u26a0\ufe0f Aten\u00e7\u00e3o! Nunca pague por promessas de emprego nem compre cursos que garantam contrata\u00e7\u00e3o. Desconfie de qualquer cobran\u00e7a para participar de sele\u00e7\u00f5es.\n\n\n\n<\/div>\n<!-- CONTENT END 1 -->\n","protected":false},"excerpt":{"rendered":"<p>Um rapaz de 27 anos que estava aparentemente saud\u00e1vel teve uma morte s\u00fabita durante um cochilo. Jono Stead praticava esportes, tinha iniciado seu pr\u00f3prio neg\u00f3cio&#8230;<\/p>\n","protected":false},"author":1,"featured_media":6026,"comment_status":"open","ping_status":"open","sticky":false,"template":"","format":"standard","meta":{"_uag_custom_page_level_css":"","advanced_seo_description":"","jetpack_seo_html_title":"","jetpack_seo_noindex":false,"jetpack_post_was_ever_published":false,"_jetpack_newsletter_access":"","_jetpack_dont_email_post_to_subs":false,"_jetpack_newsletter_tier_id":0,"_jetpack_memberships_contains_paywalled_content":false,"_jetpack_memberships_contains_paid_content":false,"footnotes":"","jetpack_publicize_message":"","jetpack_publicize_feature_enabled":true,"jetpack_social_post_already_shared":true,"jetpack_social_options":{"image_generator_settings":{"template":"highway","default_image_id":0,"font":"","enabled":false},"version":2}},"categories":[19],"tags":[],"class_list":["post-6025","post","type-post","status-publish","format-standard","has-post-thumbnail","hentry","category-variedades"],"jetpack_publicize_connections":[],"jetpack_featured_media_url":"https:\/\/i0.wp.com\/ismaelcolosi.com.br\/wp-content\/uploads\/2023\/11\/1700855533218090.jpg?fit=1200%2C638&ssl=1","uagb_featured_image_src":{"full":["https:\/\/i0.wp.com\/ismaelcolosi.com.br\/wp-content\/uploads\/2023\/11\/1700855533218090.jpg?fit=1200%2C638&ssl=1",1200,638,false],"thumbnail":["https:\/\/i0.wp.com\/ismaelcolosi.com.br\/wp-content\/uploads\/2023\/11\/1700855533218090.jpg?resize=150%2C150&ssl=1",150,150,true],"medium":["https:\/\/i0.wp.com\/ismaelcolosi.com.br\/wp-content\/uploads\/2023\/11\/1700855533218090.jpg?fit=300%2C160&ssl=1",300,160,true],"medium_large":["https:\/\/i0.wp.com\/ismaelcolosi.com.br\/wp-content\/uploads\/2023\/11\/1700855533218090.jpg?fit=768%2C408&ssl=1",768,408,true],"large":["https:\/\/i0.wp.com\/ismaelcolosi.com.br\/wp-content\/uploads\/2023\/11\/1700855533218090.jpg?fit=1024%2C544&ssl=1",1024,544,true],"1536x1536":["https:\/\/i0.wp.com\/ismaelcolosi.com.br\/wp-content\/uploads\/2023\/11\/1700855533218090.jpg?fit=1200%2C638&ssl=1",1200,638,true],"2048x2048":["https:\/\/i0.wp.com\/ismaelcolosi.com.br\/wp-content\/uploads\/2023\/11\/1700855533218090.jpg?fit=1200%2C638&ssl=1",1200,638,true],"really-simple-thumb":["https:\/\/i0.wp.com\/ismaelcolosi.com.br\/wp-content\/uploads\/2023\/11\/1700855533218090.jpg?resize=370%2C247&ssl=1",370,247,true]},"uagb_author_info":{"display_name":"ismaelcolosi.com.br","author_link":"https:\/\/ismaelcolosi.com.br\/index.php\/author\/vidareal-online\/"},"uagb_comment_info":0,"uagb_excerpt":"Um rapaz de 27 anos que estava aparentemente saud\u00e1vel teve uma morte s\u00fabita durante um cochilo. Jono Stead praticava esportes, tinha iniciado seu pr\u00f3prio neg\u00f3cio...","jetpack-related-posts":[{"id":7070,"url":"https:\/\/ismaelcolosi.com.br\/index.php\/2023\/11\/27\/alexandre-correa-alega-que-ana-hickmann-teria-feito-o-filho-chorar-compulsivamente-no-dia-da-briga\/","url_meta":{"origin":6025,"position":0},"title":"Alexandre Correa alega que Ana Hickmann teria feito o filho chorar compulsivamente no dia da briga","author":"ismaelcolosi.com.br","date":"27 de November de 2023","format":false,"excerpt":"O empres\u00e1rio Alexandre Correa, acusado de agredir a pr\u00f3pria esposa, Ana Hickmann, conversou com canais de comunica\u00e7\u00e3o ap\u00f3s ter se deparado com a entrevista que a esposa concedeu para canais de comunica\u00e7\u00e3o, detalhando o que teria acontecido no dia em que foi agredida dentro de sua mans\u00e3o.Agora, o casal, que\u2026","rel":"","context":"In &quot;Blog&quot;","block_context":{"text":"Blog","link":"https:\/\/ismaelcolosi.com.br\/index.php\/category\/blog\/"},"img":{"alt_text":"","src":"https:\/\/i0.wp.com\/ismaelcolosi.com.br\/wp-content\/uploads\/2023\/11\/postimg-6564cfe108f3a7181.jpg?fit=1200%2C628&ssl=1&resize=350%2C200","width":350,"height":200,"srcset":"https:\/\/i0.wp.com\/ismaelcolosi.com.br\/wp-content\/uploads\/2023\/11\/postimg-6564cfe108f3a7181.jpg?fit=1200%2C628&ssl=1&resize=350%2C200 1x, https:\/\/i0.wp.com\/ismaelcolosi.com.br\/wp-content\/uploads\/2023\/11\/postimg-6564cfe108f3a7181.jpg?fit=1200%2C628&ssl=1&resize=525%2C300 1.5x, https:\/\/i0.wp.com\/ismaelcolosi.com.br\/wp-content\/uploads\/2023\/11\/postimg-6564cfe108f3a7181.jpg?fit=1200%2C628&ssl=1&resize=700%2C400 2x, https:\/\/i0.wp.com\/ismaelcolosi.com.br\/wp-content\/uploads\/2023\/11\/postimg-6564cfe108f3a7181.jpg?fit=1200%2C628&ssl=1&resize=1050%2C600 3x"},"classes":[]},{"id":6999,"url":"https:\/\/ismaelcolosi.com.br\/index.php\/2023\/11\/27\/noivo-tira-a-vida-da-noiva-e-de-varios-outros-convidados-antes-de-tirar-a-propria-vida\/","url_meta":{"origin":6025,"position":1},"title":"Noivo tira a vida da noiva e de v\u00e1rios outros convidados antes de tirar a pr\u00f3pria vida","author":"ismaelcolosi.com.br","date":"27 de November de 2023","format":false,"excerpt":"Um dia que era para ser especial, marcado por muita alegria por causa da uni\u00e3o de duas pessoas que supostamente se amavam, terminou de uma maneira inimaginavelmente tr\u00e1gica. O caso aconteceu no \u00faltimo s\u00e1bado (26), de acordo com as informa\u00e7\u00f5es repassadas pelas autoridades que foram acionadas para atender a ocorr\u00eancia\u2026","rel":"","context":"In &quot;Blog&quot;","block_context":{"text":"Blog","link":"https:\/\/ismaelcolosi.com.br\/index.php\/category\/blog\/"},"img":{"alt_text":"","src":"https:\/\/i0.wp.com\/ismaelcolosi.com.br\/wp-content\/uploads\/2023\/11\/postimg-6564b2264d8605152.jpg?fit=1200%2C628&ssl=1&resize=350%2C200","width":350,"height":200,"srcset":"https:\/\/i0.wp.com\/ismaelcolosi.com.br\/wp-content\/uploads\/2023\/11\/postimg-6564b2264d8605152.jpg?fit=1200%2C628&ssl=1&resize=350%2C200 1x, https:\/\/i0.wp.com\/ismaelcolosi.com.br\/wp-content\/uploads\/2023\/11\/postimg-6564b2264d8605152.jpg?fit=1200%2C628&ssl=1&resize=525%2C300 1.5x, https:\/\/i0.wp.com\/ismaelcolosi.com.br\/wp-content\/uploads\/2023\/11\/postimg-6564b2264d8605152.jpg?fit=1200%2C628&ssl=1&resize=700%2C400 2x, https:\/\/i0.wp.com\/ismaelcolosi.com.br\/wp-content\/uploads\/2023\/11\/postimg-6564b2264d8605152.jpg?fit=1200%2C628&ssl=1&resize=1050%2C600 3x"},"classes":[]},{"id":88666,"url":"https:\/\/ismaelcolosi.com.br\/index.php\/2025\/12\/27\/adriana-alcantara-country-manager-da-audible-brasil-e-o-poder-das-conexoes-na-vida-e-na-carreira-2\/","url_meta":{"origin":6025,"position":2},"title":"Adriana Alc\u00e2ntara, Country Manager da Audible Brasil, e o Poder das Conex\u00f5es na Vida e na Carreira","author":"ismaelcolosi.com.br","date":"27 de December de 2025","format":false,"excerpt":"\r Divulga\u00e7\u00e3o\/Audible\r Adriana Alc\u00e2ntara conta como construiu sua trajet\u00f3ria at\u00e9 a lideran\u00e7a da Audible e as estrat\u00e9gias para popularizar o audiolivro no Brasil\r Acessibilidade \r L\r L\r A-\r A+\r \r \u25d0\r \r \u201cA sorte me encontrou trabalhando.\u201d A famosa frase atribu\u00edda a Pablo Picasso define bem a trajet\u00f3ria de Adriana\u2026","rel":"","context":"In &quot;Carreira e Sucesso&quot;","block_context":{"text":"Carreira e Sucesso","link":"https:\/\/ismaelcolosi.com.br\/index.php\/category\/carreira-e-sucesso-dicas-para-carreira\/"},"img":{"alt_text":"","src":"https:\/\/i0.wp.com\/ismaelcolosi.com.br\/wp-content\/uploads\/2025\/12\/1766830876_mulher-adriana-alcantara-audible-1200x675.jpg?fit=1200%2C675&ssl=1&resize=350%2C200","width":350,"height":200,"srcset":"https:\/\/i0.wp.com\/ismaelcolosi.com.br\/wp-content\/uploads\/2025\/12\/1766830876_mulher-adriana-alcantara-audible-1200x675.jpg?fit=1200%2C675&ssl=1&resize=350%2C200 1x, https:\/\/i0.wp.com\/ismaelcolosi.com.br\/wp-content\/uploads\/2025\/12\/1766830876_mulher-adriana-alcantara-audible-1200x675.jpg?fit=1200%2C675&ssl=1&resize=525%2C300 1.5x, https:\/\/i0.wp.com\/ismaelcolosi.com.br\/wp-content\/uploads\/2025\/12\/1766830876_mulher-adriana-alcantara-audible-1200x675.jpg?fit=1200%2C675&ssl=1&resize=700%2C400 2x, https:\/\/i0.wp.com\/ismaelcolosi.com.br\/wp-content\/uploads\/2025\/12\/1766830876_mulher-adriana-alcantara-audible-1200x675.jpg?fit=1200%2C675&ssl=1&resize=1050%2C600 3x"},"classes":[]},{"id":37911,"url":"https:\/\/ismaelcolosi.com.br\/index.php\/2024\/02\/19\/homem-e-preso-em-ribeirao-preto-acusado-de-sequestrar-mulher-dentro-de-onibus\/","url_meta":{"origin":6025,"position":3},"title":"Homem \u00e9 preso em Ribeir\u00e3o Preto acusado de sequestrar mulher dentro de \u00f4nibus","author":"ismaelcolosi.com.br","date":"19 de February de 2024","format":false,"excerpt":"A Pol\u00edcia Militar prendeu em Ribeir\u00e3o Preto um homem de 27 anos acusado de sequestro, estupro e extors\u00e3o por uma mulher de 31 anos. A v\u00edtima e o suspeito estavam dentro de um \u00f4nibus que partiu do Rio de Janeiro, no \u00faltimo domingo (18), e que tinha como destino Goi\u00e2nia.\u2026","rel":"","context":"In &quot;Not\u00edcias de Ribeir\u00e3o Preto-SP e Regi\u00e3o&quot;","block_context":{"text":"Not\u00edcias de Ribeir\u00e3o Preto-SP e Regi\u00e3o","link":"https:\/\/ismaelcolosi.com.br\/index.php\/category\/noticias-de-ribeirao-preto-sp-e-regiao-ismael-colosi\/"},"img":{"alt_text":"","src":"https:\/\/i0.wp.com\/ismaelcolosi.com.br\/wp-content\/uploads\/2024\/02\/cpj_1024x576_04082020121137.jpg?fit=1024%2C575&ssl=1&resize=350%2C200","width":350,"height":200,"srcset":"https:\/\/i0.wp.com\/ismaelcolosi.com.br\/wp-content\/uploads\/2024\/02\/cpj_1024x576_04082020121137.jpg?fit=1024%2C575&ssl=1&resize=350%2C200 1x, https:\/\/i0.wp.com\/ismaelcolosi.com.br\/wp-content\/uploads\/2024\/02\/cpj_1024x576_04082020121137.jpg?fit=1024%2C575&ssl=1&resize=525%2C300 1.5x, https:\/\/i0.wp.com\/ismaelcolosi.com.br\/wp-content\/uploads\/2024\/02\/cpj_1024x576_04082020121137.jpg?fit=1024%2C575&ssl=1&resize=700%2C400 2x"},"classes":[]},{"id":88659,"url":"https:\/\/ismaelcolosi.com.br\/index.php\/2025\/12\/26\/adriana-alcantara-country-manager-da-audible-brasil-e-o-poder-das-conexoes-na-vida-e-na-carreira\/","url_meta":{"origin":6025,"position":4},"title":"Adriana Alc\u00e2ntara, Country Manager da Audible Brasil, e o Poder das Conex\u00f5es na Vida e na Carreira","author":"ismaelcolosi.com.br","date":"26 de December de 2025","format":false,"excerpt":"\r Divulga\u00e7\u00e3o\/Audible\r Adriana Alc\u00e2ntara conta como construiu sua trajet\u00f3ria at\u00e9 a lideran\u00e7a da Audible e as estrat\u00e9gias para popularizar o audiolivro no Brasil\r Acessibilidade \r L\r L\r A-\r A+\r \r \u25d0\r \r \u201cA sorte me encontrou trabalhando.\u201d A famosa frase atribu\u00edda a Pablo Picasso define bem a trajet\u00f3ria de Adriana\u2026","rel":"","context":"In &quot;Carreira e Sucesso&quot;","block_context":{"text":"Carreira e Sucesso","link":"https:\/\/ismaelcolosi.com.br\/index.php\/category\/carreira-e-sucesso-dicas-para-carreira\/"},"img":{"alt_text":"","src":"https:\/\/i0.wp.com\/ismaelcolosi.com.br\/wp-content\/uploads\/2025\/12\/mulher-adriana-alcantara-audible-1200x675.jpg?fit=1200%2C675&ssl=1&resize=350%2C200","width":350,"height":200,"srcset":"https:\/\/i0.wp.com\/ismaelcolosi.com.br\/wp-content\/uploads\/2025\/12\/mulher-adriana-alcantara-audible-1200x675.jpg?fit=1200%2C675&ssl=1&resize=350%2C200 1x, https:\/\/i0.wp.com\/ismaelcolosi.com.br\/wp-content\/uploads\/2025\/12\/mulher-adriana-alcantara-audible-1200x675.jpg?fit=1200%2C675&ssl=1&resize=525%2C300 1.5x, https:\/\/i0.wp.com\/ismaelcolosi.com.br\/wp-content\/uploads\/2025\/12\/mulher-adriana-alcantara-audible-1200x675.jpg?fit=1200%2C675&ssl=1&resize=700%2C400 2x, https:\/\/i0.wp.com\/ismaelcolosi.com.br\/wp-content\/uploads\/2025\/12\/mulher-adriana-alcantara-audible-1200x675.jpg?fit=1200%2C675&ssl=1&resize=1050%2C600 3x"},"classes":[]},{"id":58947,"url":"https:\/\/ismaelcolosi.com.br\/index.php\/2024\/08\/05\/morre-o-musico-caculinha-aos-86-anos-em-sao-paulo\/","url_meta":{"origin":6025,"position":5},"title":"Morre o m\u00fasico Ca\u00e7ulinha, aos 86 anos, em S\u00e3o Paulo","author":"ismaelcolosi.com.br","date":"5 de August de 2024","format":false,"excerpt":"Morreu na madrugada desta segunda-feira (5) o m\u00fasico e compositor Rubens Ant\u00f4nio da Silva, o Ca\u00e7ulinha. O artista ficou conhecido pela participa\u00e7\u00e3o durante d\u00e9cadas no programa Doming\u00e3o do Faust\u00e3o, da TV Globo. Ca\u00e7ulinha tinha 86 anos e estava internado no Hospital Sancta Maggiore, em S\u00e3o Paulo. De acordo com o\u2026","rel":"","context":"In &quot;Not\u00edcias de Ribeir\u00e3o Preto-SP e Regi\u00e3o&quot;","block_context":{"text":"Not\u00edcias de Ribeir\u00e3o Preto-SP e Regi\u00e3o","link":"https:\/\/ismaelcolosi.com.br\/index.php\/category\/noticias-de-ribeirao-preto-sp-e-regiao-ismael-colosi\/"},"img":{"alt_text":"","src":"https:\/\/i0.wp.com\/ismaelcolosi.com.br\/wp-content\/uploads\/2024\/08\/caculinha_2024-08-05_11-25-27_jpeg_2024-08-05_11-25-27.webp.webp?fit=1200%2C674&ssl=1&resize=350%2C200","width":350,"height":200,"srcset":"https:\/\/i0.wp.com\/ismaelcolosi.com.br\/wp-content\/uploads\/2024\/08\/caculinha_2024-08-05_11-25-27_jpeg_2024-08-05_11-25-27.webp.webp?fit=1200%2C674&ssl=1&resize=350%2C200 1x, https:\/\/i0.wp.com\/ismaelcolosi.com.br\/wp-content\/uploads\/2024\/08\/caculinha_2024-08-05_11-25-27_jpeg_2024-08-05_11-25-27.webp.webp?fit=1200%2C674&ssl=1&resize=525%2C300 1.5x, https:\/\/i0.wp.com\/ismaelcolosi.com.br\/wp-content\/uploads\/2024\/08\/caculinha_2024-08-05_11-25-27_jpeg_2024-08-05_11-25-27.webp.webp?fit=1200%2C674&ssl=1&resize=700%2C400 2x, https:\/\/i0.wp.com\/ismaelcolosi.com.br\/wp-content\/uploads\/2024\/08\/caculinha_2024-08-05_11-25-27_jpeg_2024-08-05_11-25-27.webp.webp?fit=1200%2C674&ssl=1&resize=1050%2C600 3x"},"classes":[]}],"jetpack_sharing_enabled":true,"jetpack_shortlink":"https:\/\/wp.me\/pfMlyK-1zb","_links":{"self":[{"href":"https:\/\/ismaelcolosi.com.br\/index.php\/wp-json\/wp\/v2\/posts\/6025","targetHints":{"allow":["GET"]}}],"collection":[{"href":"https:\/\/ismaelcolosi.com.br\/index.php\/wp-json\/wp\/v2\/posts"}],"about":[{"href":"https:\/\/ismaelcolosi.com.br\/index.php\/wp-json\/wp\/v2\/types\/post"}],"author":[{"embeddable":true,"href":"https:\/\/ismaelcolosi.com.br\/index.php\/wp-json\/wp\/v2\/users\/1"}],"replies":[{"embeddable":true,"href":"https:\/\/ismaelcolosi.com.br\/index.php\/wp-json\/wp\/v2\/comments?post=6025"}],"version-history":[{"count":0,"href":"https:\/\/ismaelcolosi.com.br\/index.php\/wp-json\/wp\/v2\/posts\/6025\/revisions"}],"wp:featuredmedia":[{"embeddable":true,"href":"https:\/\/ismaelcolosi.com.br\/index.php\/wp-json\/wp\/v2\/media\/6026"}],"wp:attachment":[{"href":"https:\/\/ismaelcolosi.com.br\/index.php\/wp-json\/wp\/v2\/media?parent=6025"}],"wp:term":[{"taxonomy":"category","embeddable":true,"href":"https:\/\/ismaelcolosi.com.br\/index.php\/wp-json\/wp\/v2\/categories?post=6025"},{"taxonomy":"post_tag","embeddable":true,"href":"https:\/\/ismaelcolosi.com.br\/index.php\/wp-json\/wp\/v2\/tags?post=6025"}],"curies":[{"name":"wp","href":"https:\/\/api.w.org\/{rel}","templated":true}]}}