{"id":60045,"date":"2024-08-14T06:44:29","date_gmt":"2024-08-14T09:44:29","guid":{"rendered":"https:\/\/ismaelcolosi.com.br\/index.php\/2024\/08\/14\/nova-tecnologia-vai-detectar-o-burnout-pela-voz-veja-como\/"},"modified":"2024-08-14T06:44:29","modified_gmt":"2024-08-14T09:44:29","slug":"nova-tecnologia-vai-detectar-o-burnout-pela-voz-veja-como","status":"publish","type":"post","link":"https:\/\/ismaelcolosi.com.br\/index.php\/2024\/08\/14\/nova-tecnologia-vai-detectar-o-burnout-pela-voz-veja-como\/","title":{"rendered":"Nova tecnologia vai detectar o burnout pela voz; veja como"},"content":{"rendered":"<p> <br \/>\n<\/p>\n<div>\n<p>\u00a0<\/p>\n<div class=\"accessibility\">\n<p>Acessibilidade<\/p>\n<p>\n<button onclick=\"alterFont1()\" id=\"btn1\" class=\"btn\">L<\/button><br \/>\n<button onclick=\"alterFont2()\" id=\"btn2\" class=\"btn\" style=\"font-family: Merriweather\">L<\/button><br \/>\n<button onclick=\"alterFontSmallerSize()\" id=\"btn3\" class=\"btn\">A-<\/button><br \/>\n<button onclick=\"alterFontBiggerSize()\" id=\"btn4\" class=\"btn\">A+<\/button><\/p>\n<p><button onclick=\"alterBackground()\" id=\"btn6\" class=\"btn\">\u25d0<\/button><\/p>\n<\/div>\n<p>\u00a0<\/p>\n<p>A OMS (Organiza\u00e7\u00e3o Mundial da Sa\u00fade) classificou oficialmente o burnout como uma doen\u00e7a ocupacional em 2022. O estresse cr\u00f4nico causado pelo ritmo intenso de trabalho se tornou uma epidemia silenciosa, que pode afetar tanto a sa\u00fade dos profissionais quanto suas carreiras.<\/p>\n<p>Em 2022, a s\u00edndrome estava em ascens\u00e3o globalmente, com 43% das pessoas relatando sintomas, segundo o Future Forum Pulse, pesquisa com mais de 10 mil profissionais ao redor do mundo. Em 2023, esse n\u00famero subiu para 62% que disseram ter chegado ao limite devido ao peso do burnout. No Brasil, <strong>30% dos profissionais no pa\u00eds sofrem com o burnout, <\/strong>segundo a ANAMT (Associa\u00e7\u00e3o Nacional de Medicina do Trabalho).<\/p>\n<p>De olho no problema, que est\u00e1 presente nos escrit\u00f3rios em todo o mundo, a <strong>Sonde Health,<\/strong> empresa americana voltada para a \u00e1rea da sa\u00fade, lan\u00e7a uma nova tecnologia que promete ajudar a detectar sinais do burnout por meio da voz. O <a href=\"https:\/\/www.sondehealth.com\/cognitive-fitness\" target=\"_blank\" rel=\"noopener\">Sonde Cognitive Fitness<\/a> identifica e monitora mudan\u00e7as na carga cognitiva e no esfor\u00e7o de estresse em tempo real atrav\u00e9s da voz, ajudando os usu\u00e1rios a manter o bem-estar mental e a detectar poss\u00edveis mudan\u00e7as cognitivas precocemente.<\/p>\n<h2>Leia tamb\u00e9m<\/h2>\n<div id=\"attachment_627847\" class=\"wp-caption alignnone style=\" max-width:=\"\"><img data-recalc-dims=\"1\" loading=\"lazy\" decoding=\"async\" class=\"alignnone wp-image-627847 size-full\" src=\"https:\/\/i0.wp.com\/forbes.com.br\/wp-content\/uploads\/2024\/08\/burnout-768x512.jpg?resize=678%2C452&#038;ssl=1\" http:=\"\" alt=\"burnout\" width=\"678\" height=\"452\" data-lazy-src=\"https:\/\/forbes.com.br\/wp-content\/uploads\/2024\/08\/burnout-768x512.jpg\"\/><img data-recalc-dims=\"1\" loading=\"lazy\" decoding=\"async\" class=\"alignnone wp-image-627847 size-full\" src=\"https:\/\/i0.wp.com\/forbes.com.br\/wp-content\/uploads\/2024\/08\/burnout-768x512.jpg?resize=678%2C452&#038;ssl=1\" alt=\"burnout\" width=\"678\" height=\"452\"\/><\/p>\n<p>Getty Images<\/p>\n<p class=\"wp-caption-text\">An\u00e1lise vocal pode prevenir burnout antes que ele afete sua sa\u00fade e carreira<\/p>\n<\/div>\n<h2>Como funciona<\/h2>\n<p>Para monitorar seu estado cognitivo, a tecnologia precisa de uma amostra de voz de <strong>30 segundos<\/strong>. S\u00e3o analisadas oito caracter\u00edsticas vocais para gerar uma pontua\u00e7\u00e3o e receber os insights por meio do aplicativo.<\/p>\n<p>Pontua\u00e7\u00f5es que variam de 80 a 100 s\u00e3o classificadas como \u201cEficiente\u201d (baixo esfor\u00e7o cognitivo), de 70 a 79 como \u201cEquilibrada\u201d (esfor\u00e7o cognitivo moderado) e de 0 a 69 como \u201cExigente\u201d (alto esfor\u00e7o cognitivo).<\/p>\n<p>Segundo o CEO da empresa,<strong> David Liu<\/strong>, o Sonde Cognitive Fitness n\u00e3o \u00e9 uma ferramenta de diagn\u00f3stico. \u201cPor meio da sua fala, ele avalia seu esfor\u00e7o cognitivo atual para fornecer pistas iniciais sobre o seu bem-estar. Por exemplo, se voc\u00ea tem com frequ\u00eancia pontua\u00e7\u00f5es mais baixas de aptid\u00e3o cognitiva ao realizar tarefas simples.\u201d<\/p>\n<p>Os profissionais poderiam identificar e monitorar seu estado mental para melhorar o bem-estar, e consequentemente a produtividade, ao reduzir o esfor\u00e7o cognitivo. Esses indicadores precoces permitem que as organiza\u00e7\u00f5es tomem medidas proativas para apoiar os funcion\u00e1rios e reduzir o risco de burnout antes que ele aconte\u00e7a.<\/p>\n<h2>A epidemia do burnout<\/h2>\n<p>O burnout \u00e9 diagnosticado por <strong>tr\u00eas sintomas principais<\/strong>:<\/p>\n<ul>\n<li>Sensa\u00e7\u00e3o de esgotamento de energia, exaust\u00e3o e fadiga;<\/li>\n<li>Aumento da dist\u00e2ncia mental em rela\u00e7\u00e3o ao trabalho, junto com sentimentos de negativismo ou cinismo em rela\u00e7\u00e3o \u00e0s suas fun\u00e7\u00f5es;<\/li>\n<li>Redu\u00e7\u00e3o da efic\u00e1cia profissional.<\/li>\n<\/ul>\n<p>Dif\u00edcil de detectar, a melhor medida de lidar com a condi\u00e7\u00e3o \u00e9 agir preventivamente.<\/p>\n<h2>O que pode fazer a diferen\u00e7a<\/h2>\n<p>At\u00e9 que tecnologias como a da Sonde Health estejam amplamente dispon\u00edveis, \u00e9 preciso evitar que o estresse n\u00e3o gerenciado se transforme em burnout.<\/p>\n<p>Quando parte do tempo \u00e9 usado para descansar e relaxar, profissionais ficam mais engajados, produtivos e eficazes no trabalho.<\/p>\n<p>Confira alguns m\u00e9todos de autocuidado que podem ajudar a evitar o burnout:<\/p>\n<ul>\n<li>Come\u00e7ar a semana de trabalho sem grandes prazos ou reuni\u00f5es;<\/li>\n<li>Fazer pequenas pausas ao longo do dia para relaxar e renovar seu n\u00edvel de energia;<\/li>\n<li>Conhecer seus limites e saber quando estabelecer novos;<\/li>\n<li>Definir um hor\u00e1rio para encerrar seu dia de trabalho;<\/li>\n<li>Diminuir o ritmo e prestar aten\u00e7\u00e3o ao seu corpo e ao que ele precisa;<\/li>\n<li>Praticar atividades relaxantes, como ouvir m\u00fasica, ler um bom livro ou estar em meio \u00e0 natureza;<\/li>\n<li>Ap\u00f3s horas sentado, mexa seu corpo. Fa\u00e7a alongamentos, suba e des\u00e7a escadas, prepare um lanche, respire profundamente, pratique yoga ou uma medita\u00e7\u00e3o consciente de cinco minutos.<\/li>\n<li>Praticar mindfulness \u00e9 uma das maneiras mais simples de trazer sua mente de volta ao presente. Respirar profundamente pelo nariz e expirar pela boca, focando em cada inala\u00e7\u00e3o e exala\u00e7\u00e3o, acalma sua mente para que voc\u00ea possa agir.<\/li>\n<\/ul>\n<p>Al\u00e9m disso, n\u00e3o deixe que a vergonha ou a inseguran\u00e7a te impe\u00e7am de conversar com seu chefe sobre a possibilidade de prorrogar um prazo, ter uma agenda mais flex\u00edvel ou reduzir a carga de trabalho.<\/p>\n<p>Buscar ajuda profissional \u00e9 essencial se os sintomas de burnout piorarem ou se outras medidas n\u00e3o tiverem sucesso. Aproveite o aconselhamento e apoio oferecidos por programas de assist\u00eancia ou procure recursos mais pr\u00f3ximos de voc\u00ea.<\/p>\n<ul>\n<li>\n<h3>Siga a <a href=\"https:\/\/whatsapp.com\/channel\/0029Va9gQKwBFLgM96cJnu0u\" target=\"_blank\" rel=\"noopener\">Forbes<\/a> no WhatsApp e receba as principais not\u00edcias sobre neg\u00f3cios, carreira, tecnologia e estilo de vida<\/h3>\n<\/li>\n<\/ul>\n<p><em>*Bryan Robinson \u00e9 colaborador da Forbes. Ele \u00e9 autor de 40 livros de n\u00e3o-fic\u00e7\u00e3o traduzidos para 15 idiomas. Tamb\u00e9m \u00e9 professor em\u00e9rito da Universidade da Carolina do Norte, onde conduziu os primeiros estudos sobre filhos de workaholics e os efeitos do trabalho no casamento.\u00a0<\/em><\/p>\n<h2>Escolhas do editor<\/h2>\n<\/div>\n<p><script type=\"rocketlazyloadscript\">\n\t\t\t\t(function(d, s, id){\n\t\t\t\t\tvar js, fjs = d.getElementsByTagName(s)[0];\n\t\t\t\t\tif (d.getElementById(id)) return;\n\t\t\t\t\tjs = d.createElement(s); js.id = id;\n\t\t\t\t\tjs.src = \"\/\/connect.facebook.net\/pt_BR\/sdk.js#xfbml=1&version=v2.9\";\n\t\t\t\t\tfjs.parentNode.insertBefore(js, fjs);\n\t\t\t\t}(document, 'script', 'facebook-jssdk'));\n\t\t\t<\/script><br \/>\n<br \/><br \/>\n<br \/><a href=\"https:\/\/forbes.com.br\/carreira\/2024\/08\/nova-tecnologia-vai-detectar-o-burnout-pela-voz\/\">Source link <\/a><\/p>\n<div class='code-block code-block-4' style='margin: 8px auto 8px 0; text-align: left; display: block; clear: both;'>\n\ud83d\udce2 Aviso Legal\n\nO site ismaelcolosi.com.br atua apenas como um canal de divulga\u00e7\u00e3o de oportunidades de emprego e n\u00e3o se responsabiliza pelo processo seletivo, contrata\u00e7\u00e3o ou qualquer outra etapa relacionada \u00e0s vagas publicadas. Todas as informa\u00e7\u00f5es s\u00e3o de responsabilidade dos anunciantes.\n\n\u26a0\ufe0f Aten\u00e7\u00e3o! Nunca pague por promessas de emprego nem compre cursos que garantam contrata\u00e7\u00e3o. Desconfie de qualquer cobran\u00e7a para participar de sele\u00e7\u00f5es.\n\n\n\n<\/div>\n<!-- CONTENT END 1 -->\n","protected":false},"excerpt":{"rendered":"<p>\u00a0 Acessibilidade L L A- A+ \u25d0 \u00a0 A OMS (Organiza\u00e7\u00e3o Mundial da Sa\u00fade) classificou oficialmente o burnout como uma doen\u00e7a ocupacional em 2022. O&#8230;<\/p>\n","protected":false},"author":1,"featured_media":60046,"comment_status":"open","ping_status":"open","sticky":false,"template":"","format":"standard","meta":{"_uag_custom_page_level_css":"","advanced_seo_description":"","jetpack_seo_html_title":"","jetpack_seo_noindex":false,"jetpack_post_was_ever_published":false,"_jetpack_newsletter_access":"","_jetpack_dont_email_post_to_subs":false,"_jetpack_newsletter_tier_id":0,"_jetpack_memberships_contains_paywalled_content":false,"_jetpack_memberships_contains_paid_content":false,"footnotes":"","jetpack_publicize_message":"","jetpack_publicize_feature_enabled":true,"jetpack_social_post_already_shared":true,"jetpack_social_options":{"image_generator_settings":{"template":"highway","default_image_id":0,"font":"","enabled":false},"version":2}},"categories":[1964],"tags":[],"class_list":["post-60045","post","type-post","status-publish","format-standard","has-post-thumbnail","hentry","category-carreira-e-sucesso-dicas-para-carreira"],"jetpack_publicize_connections":[],"jetpack_featured_media_url":"https:\/\/i0.wp.com\/ismaelcolosi.com.br\/wp-content\/uploads\/2024\/08\/burnout-1024x683.jpg?fit=1024%2C683&ssl=1","uagb_featured_image_src":{"full":["https:\/\/i0.wp.com\/ismaelcolosi.com.br\/wp-content\/uploads\/2024\/08\/burnout-1024x683.jpg?fit=1024%2C683&ssl=1",1024,683,false],"thumbnail":["https:\/\/i0.wp.com\/ismaelcolosi.com.br\/wp-content\/uploads\/2024\/08\/burnout-1024x683.jpg?resize=150%2C150&ssl=1",150,150,true],"medium":["https:\/\/i0.wp.com\/ismaelcolosi.com.br\/wp-content\/uploads\/2024\/08\/burnout-1024x683.jpg?fit=300%2C200&ssl=1",300,200,true],"medium_large":["https:\/\/i0.wp.com\/ismaelcolosi.com.br\/wp-content\/uploads\/2024\/08\/burnout-1024x683.jpg?fit=768%2C512&ssl=1",768,512,true],"large":["https:\/\/i0.wp.com\/ismaelcolosi.com.br\/wp-content\/uploads\/2024\/08\/burnout-1024x683.jpg?fit=1024%2C683&ssl=1",1024,683,true],"1536x1536":["https:\/\/i0.wp.com\/ismaelcolosi.com.br\/wp-content\/uploads\/2024\/08\/burnout-1024x683.jpg?fit=1024%2C683&ssl=1",1024,683,true],"2048x2048":["https:\/\/i0.wp.com\/ismaelcolosi.com.br\/wp-content\/uploads\/2024\/08\/burnout-1024x683.jpg?fit=1024%2C683&ssl=1",1024,683,true],"really-simple-thumb":["https:\/\/i0.wp.com\/ismaelcolosi.com.br\/wp-content\/uploads\/2024\/08\/burnout-1024x683.jpg?resize=370%2C247&ssl=1",370,247,true]},"uagb_author_info":{"display_name":"ismaelcolosi.com.br","author_link":"https:\/\/ismaelcolosi.com.br\/index.php\/author\/vidareal-online\/"},"uagb_comment_info":0,"uagb_excerpt":"\u00a0 Acessibilidade L L A- A+ \u25d0 \u00a0 A OMS (Organiza\u00e7\u00e3o Mundial da Sa\u00fade) classificou oficialmente o burnout como uma doen\u00e7a ocupacional em 2022. O...","jetpack-related-posts":[{"id":64957,"url":"https:\/\/ismaelcolosi.com.br\/index.php\/2024\/09\/10\/profissionais-priorizam-bem-estar-ao-salario\/","url_meta":{"origin":60045,"position":0},"title":"profissionais priorizam bem-estar ao sal\u00e1rio","author":"ismaelcolosi.com.br","date":"10 de September de 2024","format":false,"excerpt":"\u00a0 Acessibilidade L L A- A+ \u25d0 \u00a0 A preocupa\u00e7\u00e3o dos brasileiros com a sa\u00fade mental quase triplicou entre 2018 e 2022, segundo uma pesquisa da Ipsos. E isso se reflete na rela\u00e7\u00e3o dos profissionais com seus empregos. Um\u00a0estudo\u00a0da plataforma de contrata\u00e7\u00e3o Monster mostra que a maioria (79%) prioriza seu\u2026","rel":"","context":"In &quot;Carreira e Sucesso&quot;","block_context":{"text":"Carreira e Sucesso","link":"https:\/\/ismaelcolosi.com.br\/index.php\/category\/carreira-e-sucesso-dicas-para-carreira\/"},"img":{"alt_text":"","src":"https:\/\/i0.wp.com\/ismaelcolosi.com.br\/wp-content\/uploads\/2024\/09\/carreira-saude-mental-trabalho-1024x683.jpg?fit=1024%2C683&ssl=1&resize=350%2C200","width":350,"height":200,"srcset":"https:\/\/i0.wp.com\/ismaelcolosi.com.br\/wp-content\/uploads\/2024\/09\/carreira-saude-mental-trabalho-1024x683.jpg?fit=1024%2C683&ssl=1&resize=350%2C200 1x, https:\/\/i0.wp.com\/ismaelcolosi.com.br\/wp-content\/uploads\/2024\/09\/carreira-saude-mental-trabalho-1024x683.jpg?fit=1024%2C683&ssl=1&resize=525%2C300 1.5x, https:\/\/i0.wp.com\/ismaelcolosi.com.br\/wp-content\/uploads\/2024\/09\/carreira-saude-mental-trabalho-1024x683.jpg?fit=1024%2C683&ssl=1&resize=700%2C400 2x"},"classes":[]},{"id":64394,"url":"https:\/\/ismaelcolosi.com.br\/index.php\/2024\/09\/07\/como-saber-se-estou-com-burnout-veja-10-sinais-para-identificar\/","url_meta":{"origin":60045,"position":1},"title":"Como saber se estou com burnout? Veja 10 sinais para identificar","author":"ismaelcolosi.com.br","date":"7 de September de 2024","format":false,"excerpt":"\u00a0 Acessibilidade L L A- A+ \u25d0 A epidemia de burnout levanta um alerta para a sa\u00fade mental dos profissionais. Um estudo da empresa de consultoria Gallup com mais de 7.000 pessoas descobriu que 67% enfrentaram burnout no trabalho. No Brasil, 30% dos profissionais sofrem com o burnout, segundo a\u2026","rel":"","context":"In &quot;Carreira e Sucesso&quot;","block_context":{"text":"Carreira e Sucesso","link":"https:\/\/ismaelcolosi.com.br\/index.php\/category\/carreira-e-sucesso-dicas-para-carreira\/"},"img":{"alt_text":"","src":"https:\/\/i0.wp.com\/ismaelcolosi.com.br\/wp-content\/uploads\/2024\/09\/burnout-carreira-trabalho-1024x683.jpg?fit=1024%2C683&ssl=1&resize=350%2C200","width":350,"height":200,"srcset":"https:\/\/i0.wp.com\/ismaelcolosi.com.br\/wp-content\/uploads\/2024\/09\/burnout-carreira-trabalho-1024x683.jpg?fit=1024%2C683&ssl=1&resize=350%2C200 1x, https:\/\/i0.wp.com\/ismaelcolosi.com.br\/wp-content\/uploads\/2024\/09\/burnout-carreira-trabalho-1024x683.jpg?fit=1024%2C683&ssl=1&resize=525%2C300 1.5x, https:\/\/i0.wp.com\/ismaelcolosi.com.br\/wp-content\/uploads\/2024\/09\/burnout-carreira-trabalho-1024x683.jpg?fit=1024%2C683&ssl=1&resize=700%2C400 2x"},"classes":[]},{"id":89577,"url":"https:\/\/ismaelcolosi.com.br\/index.php\/2026\/03\/24\/os-setores-com-maior-risco-de-burnout-no-brasil\/","url_meta":{"origin":60045,"position":2},"title":"Os Setores com Maior Risco de Burnout no Brasil","author":"ismaelcolosi.com.br","date":"24 de March de 2026","format":false,"excerpt":"Em meio \u00e0 crise de sa\u00fade mental no Brasil, com recorde de afastamentos por transtornos mentais em 2025, e \u00e0 atualiza\u00e7\u00e3o da NR-1, prevista para entrar em vigor em maio, o burnout tem chamado a aten\u00e7\u00e3o de lideran\u00e7as como um dos principais riscos \u00e0 sa\u00fade dos funcion\u00e1rios, \u00e0 produtividade e\u2026","rel":"","context":"In &quot;Carreira e Sucesso&quot;","block_context":{"text":"Carreira e Sucesso","link":"https:\/\/ismaelcolosi.com.br\/index.php\/category\/carreira-e-sucesso-dicas-para-carreira\/"},"img":{"alt_text":"","src":"https:\/\/i0.wp.com\/ismaelcolosi.com.br\/wp-content\/uploads\/2026\/03\/burnout-1200x675.jpg?fit=1200%2C675&ssl=1&resize=350%2C200","width":350,"height":200,"srcset":"https:\/\/i0.wp.com\/ismaelcolosi.com.br\/wp-content\/uploads\/2026\/03\/burnout-1200x675.jpg?fit=1200%2C675&ssl=1&resize=350%2C200 1x, https:\/\/i0.wp.com\/ismaelcolosi.com.br\/wp-content\/uploads\/2026\/03\/burnout-1200x675.jpg?fit=1200%2C675&ssl=1&resize=525%2C300 1.5x, https:\/\/i0.wp.com\/ismaelcolosi.com.br\/wp-content\/uploads\/2026\/03\/burnout-1200x675.jpg?fit=1200%2C675&ssl=1&resize=700%2C400 2x, https:\/\/i0.wp.com\/ismaelcolosi.com.br\/wp-content\/uploads\/2026\/03\/burnout-1200x675.jpg?fit=1200%2C675&ssl=1&resize=1050%2C600 3x"},"classes":[]},{"id":48283,"url":"https:\/\/ismaelcolosi.com.br\/index.php\/2024\/05\/02\/burnon-ou-burnout-entenda-novo-termo\/","url_meta":{"origin":60045,"position":3},"title":"Burnon ou burnout? Entenda novo termo","author":"ismaelcolosi.com.br","date":"2 de May de 2024","format":false,"excerpt":"Especialistas explicam como profissionais, empresas e l\u00edderes podem agir para evitar quadros como burnon e burnout Depois de o burnout ter sido reconhecido pela OMS (Organiza\u00e7\u00e3o Mundial da Sa\u00fade) em 2022 como uma doen\u00e7a ocupacional, um termo parecido, mas diferente na pr\u00e1tica, ganhou as manchetes: o burnon. Enquanto o primeiro,\u2026","rel":"","context":"In &quot;Carreira e Sucesso&quot;","block_context":{"text":"Carreira e Sucesso","link":"https:\/\/ismaelcolosi.com.br\/index.php\/category\/carreira-e-sucesso-dicas-para-carreira\/"},"img":{"alt_text":"","src":"https:\/\/i0.wp.com\/ismaelcolosi.com.br\/wp-content\/uploads\/2024\/05\/carreira-trabalho-burnout-burnon-1024x683.jpg?fit=1024%2C683&ssl=1&resize=350%2C200","width":350,"height":200,"srcset":"https:\/\/i0.wp.com\/ismaelcolosi.com.br\/wp-content\/uploads\/2024\/05\/carreira-trabalho-burnout-burnon-1024x683.jpg?fit=1024%2C683&ssl=1&resize=350%2C200 1x, https:\/\/i0.wp.com\/ismaelcolosi.com.br\/wp-content\/uploads\/2024\/05\/carreira-trabalho-burnout-burnon-1024x683.jpg?fit=1024%2C683&ssl=1&resize=525%2C300 1.5x, https:\/\/i0.wp.com\/ismaelcolosi.com.br\/wp-content\/uploads\/2024\/05\/carreira-trabalho-burnout-burnon-1024x683.jpg?fit=1024%2C683&ssl=1&resize=700%2C400 2x"},"classes":[]},{"id":84248,"url":"https:\/\/ismaelcolosi.com.br\/index.php\/2025\/04\/04\/razoes-por-tras-do-esgotamento-acelerado-da-geracao-z\/","url_meta":{"origin":60045,"position":4},"title":"Raz\u00f5es por Tr\u00e1s do Esgotamento Acelerado da Gera\u00e7\u00e3o Z","author":"ismaelcolosi.com.br","date":"4 de April de 2025","format":false,"excerpt":"\r Getty Images\r Como parte da Gera\u00e7\u00e3o Z, voc\u00ea entra na vida adulta em um mundo que nunca desacelera\r Acessibilidade \r L\r L\r A-\r A+\r \r \u25d0\r \r O burnout n\u00e3o \u00e9 apenas uma fase \u2014 est\u00e1 se tornando a norma para grande parte da gera\u00e7\u00e3o Z. O cansa\u00e7o e\u2026","rel":"","context":"In &quot;Carreira e Sucesso&quot;","block_context":{"text":"Carreira e Sucesso","link":"https:\/\/ismaelcolosi.com.br\/index.php\/category\/carreira-e-sucesso-dicas-para-carreira\/"},"img":{"alt_text":"","src":"https:\/\/i0.wp.com\/ismaelcolosi.com.br\/wp-content\/uploads\/2025\/04\/Geracao-Z-1200x675.webp?fit=1200%2C675&ssl=1&resize=350%2C200","width":350,"height":200,"srcset":"https:\/\/i0.wp.com\/ismaelcolosi.com.br\/wp-content\/uploads\/2025\/04\/Geracao-Z-1200x675.webp?fit=1200%2C675&ssl=1&resize=350%2C200 1x, https:\/\/i0.wp.com\/ismaelcolosi.com.br\/wp-content\/uploads\/2025\/04\/Geracao-Z-1200x675.webp?fit=1200%2C675&ssl=1&resize=525%2C300 1.5x, https:\/\/i0.wp.com\/ismaelcolosi.com.br\/wp-content\/uploads\/2025\/04\/Geracao-Z-1200x675.webp?fit=1200%2C675&ssl=1&resize=700%2C400 2x, https:\/\/i0.wp.com\/ismaelcolosi.com.br\/wp-content\/uploads\/2025\/04\/Geracao-Z-1200x675.webp?fit=1200%2C675&ssl=1&resize=1050%2C600 3x"},"classes":[]},{"id":84188,"url":"https:\/\/ismaelcolosi.com.br\/index.php\/2025\/04\/02\/por-que-o-burnout-afeta-mais-as-mulheres\/","url_meta":{"origin":60045,"position":5},"title":"Por Que o Burnout Afeta Mais as Mulheres?","author":"ismaelcolosi.com.br","date":"2 de April de 2025","format":false,"excerpt":"\r Getty Images\r Apesar dos altos \u00edndices de burnout, menos de um ter\u00e7o das mulheres se sente confort\u00e1vel para falar sobre sa\u00fade mental no trabalho\r Acessibilidade \r L\r L\r A-\r A+\r \r \u25d0\r \r \u00a0 Entre os afastamentos recordes por quest\u00f5es de sa\u00fade mental em 2024 no Brasil, as mulheres\u2026","rel":"","context":"In &quot;Carreira e Sucesso&quot;","block_context":{"text":"Carreira e Sucesso","link":"https:\/\/ismaelcolosi.com.br\/index.php\/category\/carreira-e-sucesso-dicas-para-carreira\/"},"img":{"alt_text":"","src":"https:\/\/i0.wp.com\/ismaelcolosi.com.br\/wp-content\/uploads\/2025\/04\/forbes-capa-burnout-mulheres-1200x675.jpg?fit=1200%2C675&ssl=1&resize=350%2C200","width":350,"height":200,"srcset":"https:\/\/i0.wp.com\/ismaelcolosi.com.br\/wp-content\/uploads\/2025\/04\/forbes-capa-burnout-mulheres-1200x675.jpg?fit=1200%2C675&ssl=1&resize=350%2C200 1x, https:\/\/i0.wp.com\/ismaelcolosi.com.br\/wp-content\/uploads\/2025\/04\/forbes-capa-burnout-mulheres-1200x675.jpg?fit=1200%2C675&ssl=1&resize=525%2C300 1.5x, https:\/\/i0.wp.com\/ismaelcolosi.com.br\/wp-content\/uploads\/2025\/04\/forbes-capa-burnout-mulheres-1200x675.jpg?fit=1200%2C675&ssl=1&resize=700%2C400 2x, https:\/\/i0.wp.com\/ismaelcolosi.com.br\/wp-content\/uploads\/2025\/04\/forbes-capa-burnout-mulheres-1200x675.jpg?fit=1200%2C675&ssl=1&resize=1050%2C600 3x"},"classes":[]}],"jetpack_sharing_enabled":true,"jetpack_shortlink":"https:\/\/wp.me\/pfMlyK-fCt","_links":{"self":[{"href":"https:\/\/ismaelcolosi.com.br\/index.php\/wp-json\/wp\/v2\/posts\/60045","targetHints":{"allow":["GET"]}}],"collection":[{"href":"https:\/\/ismaelcolosi.com.br\/index.php\/wp-json\/wp\/v2\/posts"}],"about":[{"href":"https:\/\/ismaelcolosi.com.br\/index.php\/wp-json\/wp\/v2\/types\/post"}],"author":[{"embeddable":true,"href":"https:\/\/ismaelcolosi.com.br\/index.php\/wp-json\/wp\/v2\/users\/1"}],"replies":[{"embeddable":true,"href":"https:\/\/ismaelcolosi.com.br\/index.php\/wp-json\/wp\/v2\/comments?post=60045"}],"version-history":[{"count":0,"href":"https:\/\/ismaelcolosi.com.br\/index.php\/wp-json\/wp\/v2\/posts\/60045\/revisions"}],"wp:featuredmedia":[{"embeddable":true,"href":"https:\/\/ismaelcolosi.com.br\/index.php\/wp-json\/wp\/v2\/media\/60046"}],"wp:attachment":[{"href":"https:\/\/ismaelcolosi.com.br\/index.php\/wp-json\/wp\/v2\/media?parent=60045"}],"wp:term":[{"taxonomy":"category","embeddable":true,"href":"https:\/\/ismaelcolosi.com.br\/index.php\/wp-json\/wp\/v2\/categories?post=60045"},{"taxonomy":"post_tag","embeddable":true,"href":"https:\/\/ismaelcolosi.com.br\/index.php\/wp-json\/wp\/v2\/tags?post=60045"}],"curies":[{"name":"wp","href":"https:\/\/api.w.org\/{rel}","templated":true}]}}