{"id":59715,"date":"2024-08-12T08:56:46","date_gmt":"2024-08-12T11:56:46","guid":{"rendered":"https:\/\/ismaelcolosi.com.br\/index.php\/2024\/08\/12\/policia-encontra-carga-de-vinhos-importados-avaliada-em-r-160-mil-na-regiao-de-ribeirao\/"},"modified":"2024-08-12T08:56:46","modified_gmt":"2024-08-12T11:56:46","slug":"policia-encontra-carga-de-vinhos-importados-avaliada-em-r-160-mil-na-regiao-de-ribeirao","status":"publish","type":"post","link":"https:\/\/ismaelcolosi.com.br\/index.php\/2024\/08\/12\/policia-encontra-carga-de-vinhos-importados-avaliada-em-r-160-mil-na-regiao-de-ribeirao\/","title":{"rendered":"Pol\u00edcia encontra carga de vinhos importados avaliada em R$ 160 mil na regi\u00e3o de Ribeir\u00e3o"},"content":{"rendered":"<p> <br \/>\n<\/p>\n<div data-td-block-uid=\"tdi_106\">\n<div class=\"tdb-block-inner td-fix-index\">\n<p>A <strong>Pol\u00edcia Militar<\/strong> encontrou uma carga de <strong>vinhos importados<\/strong> da<strong> Argentina<\/strong>, avaliada em R$ 160 mil, em <strong>Sert\u00e3ozinho<\/strong>, na regi\u00e3o de <strong>Ribeir\u00e3o Preto<\/strong>. A mercadoria estava em um caminh\u00e3o abandonado, na rua Ov\u00eddio Chiarati, no bairro Santo Ant\u00f4nio, no \u00faltimo domingo (11).<\/p>\n<p>De acordo com a pol\u00edcia, o ve\u00edculo estava com chassi suprimido, n\u00famero do motor adulterado, al\u00e9m da placa da carroceria com sinais de adultera\u00e7\u00e3o.<mark style=\"background-color:#fcb900\" class=\"has-inline-color has-black-color\"> O ve\u00edculo e a carga de vinhos tinham sido roubados na quarta-feira (7) na rodovia Fern\u00e3o Dias.<\/mark><\/p>\n<p>A Pol\u00edcia Militar informou que at\u00e9 o momento ningu\u00e9m foi preso. J\u00e1 a carga de vinhos foi devolvida ao propriet\u00e1rio. Um BO (boletim de ocorr\u00eancia) foi registrado e a Pol\u00edcia Civil vai investigar o caso.<\/p>\n<p>SAIBA MAIS<br \/>At\u00e9 quando vai o frio no interior de SP? Veja a previs\u00e3o<\/p>\n<h4 class=\"wp-block-heading\"><strong>FIQUE ON<\/strong><\/h4>\n<p>Fique ligado em tudo que acontece em Ribeir\u00e3o Preto e regi\u00e3o. Siga os perfis do <strong>acidade on<\/strong> no <a href=\"https:\/\/www.instagram.com\/acidadeonribeirao\/\" target=\"_blank\" rel=\"noreferrer noopener nofollow\">Instagram<\/a> e no <a href=\"https:\/\/www.facebook.com\/acidadeonribeirao\/\" target=\"_blank\" rel=\"noreferrer noopener nofollow\">Facebook<\/a>.<\/p>\n<p>Receba not\u00edcias do<strong> acidade on<\/strong> no WhatsApp. <a href=\"https:\/\/chat.whatsapp.com\/Dtv9mxhy6V5BJBotM2OQ5k\" target=\"_blank\" rel=\"noreferrer noopener nofollow\">Para entrar no grupo, basta clicar aqui.<\/a><\/p>\n<p>Fa\u00e7a uma den\u00fancia ou sugira uma reportagem sobre Ribeir\u00e3o Preto e regi\u00e3o pelo WhatsApp: 16 99117 7802.<\/p>\n<p>VEJA TAMB\u00c9M<br \/>At\u00e9 quando vai a onda de frio em S\u00e3o Paulo?<\/p>\n<p><!-- CONTENT END 1 -->\n<\/div>\n<\/div>\n<p><script async src=\"\/\/www.instagram.com\/embed.js\"><\/script><br \/>\n<br \/><br \/>\n<br \/><a href=\"https:\/\/www.acidadeon.com\/ribeiraopreto\/cotidiano\/policia-encontra-carga-de-vinhos-importados-avaliada-em-r-160-mil-na-regiao-de-ribeirao\/\">Source link <\/a><\/p>\n","protected":false},"excerpt":{"rendered":"<p>A Pol\u00edcia Militar encontrou uma carga de vinhos importados da Argentina, avaliada em R$ 160 mil, em Sert\u00e3ozinho, na regi\u00e3o de Ribeir\u00e3o Preto. A mercadoria&#8230;<\/p>\n","protected":false},"author":1,"featured_media":59716,"comment_status":"open","ping_status":"open","sticky":false,"template":"","format":"standard","meta":{"_uag_custom_page_level_css":"","advanced_seo_description":"","jetpack_seo_html_title":"","jetpack_seo_noindex":false,"jetpack_post_was_ever_published":false,"_jetpack_newsletter_access":"","_jetpack_dont_email_post_to_subs":false,"_jetpack_newsletter_tier_id":0,"_jetpack_memberships_contains_paywalled_content":false,"_jetpack_memberships_contains_paid_content":false,"footnotes":"","jetpack_publicize_message":"","jetpack_publicize_feature_enabled":true,"jetpack_social_post_already_shared":true,"jetpack_social_options":{"image_generator_settings":{"template":"highway","default_image_id":0,"font":"","enabled":false},"version":2}},"categories":[11],"tags":[],"class_list":["post-59715","post","type-post","status-publish","format-standard","has-post-thumbnail","hentry","category-noticias-de-ribeirao-preto-sp-e-regiao-ismael-colosi"],"jetpack_publicize_connections":[],"jetpack_featured_media_url":"https:\/\/i0.wp.com\/ismaelcolosi.com.br\/wp-content\/uploads\/2024\/08\/carga-vinho_2024-08-12_11-33-18_jpg_2024-08-12_11-33-18.webp.webp?fit=810%2C637&ssl=1","uagb_featured_image_src":{"full":["https:\/\/i0.wp.com\/ismaelcolosi.com.br\/wp-content\/uploads\/2024\/08\/carga-vinho_2024-08-12_11-33-18_jpg_2024-08-12_11-33-18.webp.webp?fit=810%2C637&ssl=1",810,637,false],"thumbnail":["https:\/\/i0.wp.com\/ismaelcolosi.com.br\/wp-content\/uploads\/2024\/08\/carga-vinho_2024-08-12_11-33-18_jpg_2024-08-12_11-33-18.webp.webp?resize=150%2C150&ssl=1",150,150,true],"medium":["https:\/\/i0.wp.com\/ismaelcolosi.com.br\/wp-content\/uploads\/2024\/08\/carga-vinho_2024-08-12_11-33-18_jpg_2024-08-12_11-33-18.webp.webp?fit=300%2C236&ssl=1",300,236,true],"medium_large":["https:\/\/i0.wp.com\/ismaelcolosi.com.br\/wp-content\/uploads\/2024\/08\/carga-vinho_2024-08-12_11-33-18_jpg_2024-08-12_11-33-18.webp.webp?fit=768%2C604&ssl=1",768,604,true],"large":["https:\/\/i0.wp.com\/ismaelcolosi.com.br\/wp-content\/uploads\/2024\/08\/carga-vinho_2024-08-12_11-33-18_jpg_2024-08-12_11-33-18.webp.webp?fit=810%2C637&ssl=1",810,637,true],"1536x1536":["https:\/\/i0.wp.com\/ismaelcolosi.com.br\/wp-content\/uploads\/2024\/08\/carga-vinho_2024-08-12_11-33-18_jpg_2024-08-12_11-33-18.webp.webp?fit=810%2C637&ssl=1",810,637,true],"2048x2048":["https:\/\/i0.wp.com\/ismaelcolosi.com.br\/wp-content\/uploads\/2024\/08\/carga-vinho_2024-08-12_11-33-18_jpg_2024-08-12_11-33-18.webp.webp?fit=810%2C637&ssl=1",810,637,true],"really-simple-thumb":["https:\/\/i0.wp.com\/ismaelcolosi.com.br\/wp-content\/uploads\/2024\/08\/carga-vinho_2024-08-12_11-33-18_jpg_2024-08-12_11-33-18.webp.webp?resize=370%2C247&ssl=1",370,247,true]},"uagb_author_info":{"display_name":"ismaelcolosi.com.br","author_link":"https:\/\/ismaelcolosi.com.br\/index.php\/author\/vidareal-online\/"},"uagb_comment_info":0,"uagb_excerpt":"A Pol\u00edcia Militar encontrou uma carga de vinhos importados da Argentina, avaliada em R$ 160 mil, em Sert\u00e3ozinho, na regi\u00e3o de Ribeir\u00e3o Preto. A mercadoria...","jetpack-related-posts":[{"id":60055,"url":"https:\/\/ismaelcolosi.com.br\/index.php\/2024\/08\/14\/policia-encontra-carga-de-vinhos-importados-avaliada-em-r-160-mil-na-regiao-de-ribeirao-preto\/","url_meta":{"origin":59715,"position":0},"title":"Pol\u00edcia Encontra Carga de Vinhos Importados Avaliada em R$ 160 Mil na Regi\u00e3o de Ribeir\u00e3o Preto \u2013 Folha de Ribeir\u00e3o","author":"ismaelcolosi.com.br","date":"14 de August de 2024","format":false,"excerpt":"Ribeir\u00e3o Preto, SP\u00a0\u2013 Em uma opera\u00e7\u00e3o recente, a pol\u00edcia encontrou uma carga de vinhos importados avaliada em R$ 160 mil na regi\u00e3o de Ribeir\u00e3o Preto. A apreens\u00e3o ocorreu ap\u00f3s uma den\u00fancia an\u00f4nima que levou as autoridades a um galp\u00e3o onde a mercadoria estava armazenada. Os vinhos, de diversas marcas e\u2026","rel":"","context":"In &quot;Not\u00edcias de Ribeir\u00e3o Preto-SP e Regi\u00e3o&quot;","block_context":{"text":"Not\u00edcias de Ribeir\u00e3o Preto-SP e Regi\u00e3o","link":"https:\/\/ismaelcolosi.com.br\/index.php\/category\/noticias-de-ribeirao-preto-sp-e-regiao-ismael-colosi\/"},"img":{"alt_text":"","src":"https:\/\/i0.wp.com\/ismaelcolosi.com.br\/wp-content\/uploads\/2024\/08\/photo5102586701913631039.webp.webp?fit=1200%2C900&ssl=1&resize=350%2C200","width":350,"height":200,"srcset":"https:\/\/i0.wp.com\/ismaelcolosi.com.br\/wp-content\/uploads\/2024\/08\/photo5102586701913631039.webp.webp?fit=1200%2C900&ssl=1&resize=350%2C200 1x, https:\/\/i0.wp.com\/ismaelcolosi.com.br\/wp-content\/uploads\/2024\/08\/photo5102586701913631039.webp.webp?fit=1200%2C900&ssl=1&resize=525%2C300 1.5x, https:\/\/i0.wp.com\/ismaelcolosi.com.br\/wp-content\/uploads\/2024\/08\/photo5102586701913631039.webp.webp?fit=1200%2C900&ssl=1&resize=700%2C400 2x, https:\/\/i0.wp.com\/ismaelcolosi.com.br\/wp-content\/uploads\/2024\/08\/photo5102586701913631039.webp.webp?fit=1200%2C900&ssl=1&resize=1050%2C600 3x"},"classes":[]},{"id":64041,"url":"https:\/\/ismaelcolosi.com.br\/index.php\/2024\/09\/05\/carga-milionaria-furtada-no-parana-e-encontrada-em-ribeirao-preto\/","url_meta":{"origin":59715,"position":1},"title":"Carga milion\u00e1ria furtada no Paran\u00e1 \u00e9 encontrada em Ribeir\u00e3o Preto","author":"ismaelcolosi.com.br","date":"5 de September de 2024","format":false,"excerpt":"A PM (Pol\u00edcia Militar) apreendeu nesta quarta-feira (4), em Ribeir\u00e3o Preto, uma carga de defensivos agr\u00edcolas furtada no estado do Paran\u00e1, avaliada em R$ 1,9 milh\u00e3o. Segundo o boletim de ocorr\u00eancia (BO), quatro homens foram presos por recepta\u00e7\u00e3o e associa\u00e7\u00e3o criminosa. A carga estava em um im\u00f3vel localizado na rua\u2026","rel":"","context":"In &quot;Not\u00edcias de Ribeir\u00e3o Preto-SP e Regi\u00e3o&quot;","block_context":{"text":"Not\u00edcias de Ribeir\u00e3o Preto-SP e Regi\u00e3o","link":"https:\/\/ismaelcolosi.com.br\/index.php\/category\/noticias-de-ribeirao-preto-sp-e-regiao-ismael-colosi\/"},"img":{"alt_text":"","src":"https:\/\/i0.wp.com\/ismaelcolosi.com.br\/wp-content\/uploads\/2024\/09\/WhatsApp-Image-2024-09-04-at-12.20.08_2024-09-05_13-03-58_jpeg_2024-09-05_13-03-58.webp.webp?fit=1200%2C675&ssl=1&resize=350%2C200","width":350,"height":200,"srcset":"https:\/\/i0.wp.com\/ismaelcolosi.com.br\/wp-content\/uploads\/2024\/09\/WhatsApp-Image-2024-09-04-at-12.20.08_2024-09-05_13-03-58_jpeg_2024-09-05_13-03-58.webp.webp?fit=1200%2C675&ssl=1&resize=350%2C200 1x, https:\/\/i0.wp.com\/ismaelcolosi.com.br\/wp-content\/uploads\/2024\/09\/WhatsApp-Image-2024-09-04-at-12.20.08_2024-09-05_13-03-58_jpeg_2024-09-05_13-03-58.webp.webp?fit=1200%2C675&ssl=1&resize=525%2C300 1.5x, https:\/\/i0.wp.com\/ismaelcolosi.com.br\/wp-content\/uploads\/2024\/09\/WhatsApp-Image-2024-09-04-at-12.20.08_2024-09-05_13-03-58_jpeg_2024-09-05_13-03-58.webp.webp?fit=1200%2C675&ssl=1&resize=700%2C400 2x, https:\/\/i0.wp.com\/ismaelcolosi.com.br\/wp-content\/uploads\/2024\/09\/WhatsApp-Image-2024-09-04-at-12.20.08_2024-09-05_13-03-58_jpeg_2024-09-05_13-03-58.webp.webp?fit=1200%2C675&ssl=1&resize=1050%2C600 3x"},"classes":[]},{"id":56232,"url":"https:\/\/ismaelcolosi.com.br\/index.php\/2024\/07\/10\/policia-rodoviaria-apreende-55-toneladas-de-maconha-em-rodovia-na-regiao-de-ribeirao\/","url_meta":{"origin":59715,"position":2},"title":"Pol\u00edcia Rodovi\u00e1ria apreende 5,5 toneladas de maconha em rodovia na regi\u00e3o de Ribeir\u00e3o","author":"ismaelcolosi.com.br","date":"10 de July de 2024","format":false,"excerpt":"A Pol\u00edcia Militar Rodovi\u00e1ria apreendeu 5,5 toneladas de maconha e prendeu um homem de 36 anos, na noite de ter\u00e7a-feira (9), no quil\u00f4metro 337 da rodovia Brigadeiro Faria Lima (SP-326) em Jaboticabal, na regi\u00e3o de Ribeir\u00e3o Preto. O carregamento saiu de Campo Grande (MS) e seguiria para a capital paulista.\u2026","rel":"","context":"In &quot;Not\u00edcias de Ribeir\u00e3o Preto-SP e Regi\u00e3o&quot;","block_context":{"text":"Not\u00edcias de Ribeir\u00e3o Preto-SP e Regi\u00e3o","link":"https:\/\/ismaelcolosi.com.br\/index.php\/category\/noticias-de-ribeirao-preto-sp-e-regiao-ismael-colosi\/"},"img":{"alt_text":"","src":"https:\/\/i0.wp.com\/ismaelcolosi.com.br\/wp-content\/uploads\/2024\/07\/AnyConv.com__Copia-de-Copia-de-TAMANHO-EXATO-PARA-FOTOS-NO-SISTEMA-NOVO-1_2024-07-10_15-12-05.webp.webp?fit=1200%2C675&ssl=1&resize=350%2C200","width":350,"height":200,"srcset":"https:\/\/i0.wp.com\/ismaelcolosi.com.br\/wp-content\/uploads\/2024\/07\/AnyConv.com__Copia-de-Copia-de-TAMANHO-EXATO-PARA-FOTOS-NO-SISTEMA-NOVO-1_2024-07-10_15-12-05.webp.webp?fit=1200%2C675&ssl=1&resize=350%2C200 1x, https:\/\/i0.wp.com\/ismaelcolosi.com.br\/wp-content\/uploads\/2024\/07\/AnyConv.com__Copia-de-Copia-de-TAMANHO-EXATO-PARA-FOTOS-NO-SISTEMA-NOVO-1_2024-07-10_15-12-05.webp.webp?fit=1200%2C675&ssl=1&resize=525%2C300 1.5x, https:\/\/i0.wp.com\/ismaelcolosi.com.br\/wp-content\/uploads\/2024\/07\/AnyConv.com__Copia-de-Copia-de-TAMANHO-EXATO-PARA-FOTOS-NO-SISTEMA-NOVO-1_2024-07-10_15-12-05.webp.webp?fit=1200%2C675&ssl=1&resize=700%2C400 2x, https:\/\/i0.wp.com\/ismaelcolosi.com.br\/wp-content\/uploads\/2024\/07\/AnyConv.com__Copia-de-Copia-de-TAMANHO-EXATO-PARA-FOTOS-NO-SISTEMA-NOVO-1_2024-07-10_15-12-05.webp.webp?fit=1200%2C675&ssl=1&resize=1050%2C600 3x"},"classes":[]},{"id":56240,"url":"https:\/\/ismaelcolosi.com.br\/index.php\/2024\/07\/10\/policia-rodoviaria-apreende-55-toneladas-de-maconha-em-rodovia-na-regiao-de-ribeirao-2\/","url_meta":{"origin":59715,"position":3},"title":"Pol\u00edcia Rodovi\u00e1ria apreende 5,5 toneladas de maconha em rodovia na regi\u00e3o de Ribeir\u00e3o","author":"ismaelcolosi.com.br","date":"10 de July de 2024","format":false,"excerpt":"A Pol\u00edcia Militar Rodovi\u00e1ria apreendeu 5,5 toneladas de maconha e prendeu um homem de 36 anos, na noite de ter\u00e7a-feira (9), no quil\u00f4metro 337 da rodovia Brigadeiro Faria Lima (SP-326) em Jaboticabal, na regi\u00e3o de Ribeir\u00e3o Preto. O carregamento saiu de Campo Grande (MS) e seguiria para a capital paulista.\u2026","rel":"","context":"In &quot;Not\u00edcias de Ribeir\u00e3o Preto-SP e Regi\u00e3o&quot;","block_context":{"text":"Not\u00edcias de Ribeir\u00e3o Preto-SP e Regi\u00e3o","link":"https:\/\/ismaelcolosi.com.br\/index.php\/category\/noticias-de-ribeirao-preto-sp-e-regiao-ismael-colosi\/"},"img":{"alt_text":"","src":"https:\/\/i0.wp.com\/ismaelcolosi.com.br\/wp-content\/uploads\/2024\/07\/AnyConv.com__Copia-de-Copia-de-TAMANHO-EXATO-PARA-FOTOS-NO-SISTEMA-NOVO-1_2024-07-10_15-12-05.webp.webp?fit=1200%2C675&ssl=1&resize=350%2C200","width":350,"height":200,"srcset":"https:\/\/i0.wp.com\/ismaelcolosi.com.br\/wp-content\/uploads\/2024\/07\/AnyConv.com__Copia-de-Copia-de-TAMANHO-EXATO-PARA-FOTOS-NO-SISTEMA-NOVO-1_2024-07-10_15-12-05.webp.webp?fit=1200%2C675&ssl=1&resize=350%2C200 1x, https:\/\/i0.wp.com\/ismaelcolosi.com.br\/wp-content\/uploads\/2024\/07\/AnyConv.com__Copia-de-Copia-de-TAMANHO-EXATO-PARA-FOTOS-NO-SISTEMA-NOVO-1_2024-07-10_15-12-05.webp.webp?fit=1200%2C675&ssl=1&resize=525%2C300 1.5x, https:\/\/i0.wp.com\/ismaelcolosi.com.br\/wp-content\/uploads\/2024\/07\/AnyConv.com__Copia-de-Copia-de-TAMANHO-EXATO-PARA-FOTOS-NO-SISTEMA-NOVO-1_2024-07-10_15-12-05.webp.webp?fit=1200%2C675&ssl=1&resize=700%2C400 2x, https:\/\/i0.wp.com\/ismaelcolosi.com.br\/wp-content\/uploads\/2024\/07\/AnyConv.com__Copia-de-Copia-de-TAMANHO-EXATO-PARA-FOTOS-NO-SISTEMA-NOVO-1_2024-07-10_15-12-05.webp.webp?fit=1200%2C675&ssl=1&resize=1050%2C600 3x"},"classes":[]},{"id":19641,"url":"https:\/\/ismaelcolosi.com.br\/index.php\/2023\/12\/22\/video-pm-recupera-carga-de-medicamentos-e-liberta-refens\/","url_meta":{"origin":59715,"position":4},"title":"V\u00cdDEO &#8211; PM recupera carga de medicamentos e libera ref\u00e9ns","author":"ismaelcolosi.com.br","date":"22 de December de 2023","format":false,"excerpt":"V\u00edtimas estavam trancadas no ba\u00fa de caminh\u00e3o que transportava medicamentos e teve produtos roubados entre Casa Branca e Vargem Grande do Sul 22 de dezembro de 2023 | 17:0322 de dezembro de 2023 | 17:06 2Por: Adalberto LuqueDois homens foram presos, na madrugada desta sexta-feira (22), ap\u00f3s serem parados por\u2026","rel":"","context":"In &quot;Not\u00edcias de Ribeir\u00e3o Preto-SP e Regi\u00e3o&quot;","block_context":{"text":"Not\u00edcias de Ribeir\u00e3o Preto-SP e Regi\u00e3o","link":"https:\/\/ismaelcolosi.com.br\/index.php\/category\/noticias-de-ribeirao-preto-sp-e-regiao-ismael-colosi\/"},"img":{"alt_text":"","src":"https:\/\/i0.wp.com\/ismaelcolosi.com.br\/wp-content\/uploads\/2023\/12\/00-22-dez-2023-caminhao-remedios-foto-pm-divulgacao.jpg?fit=782%2C645&ssl=1&resize=350%2C200","width":350,"height":200,"srcset":"https:\/\/i0.wp.com\/ismaelcolosi.com.br\/wp-content\/uploads\/2023\/12\/00-22-dez-2023-caminhao-remedios-foto-pm-divulgacao.jpg?fit=782%2C645&ssl=1&resize=350%2C200 1x, https:\/\/i0.wp.com\/ismaelcolosi.com.br\/wp-content\/uploads\/2023\/12\/00-22-dez-2023-caminhao-remedios-foto-pm-divulgacao.jpg?fit=782%2C645&ssl=1&resize=525%2C300 1.5x, https:\/\/i0.wp.com\/ismaelcolosi.com.br\/wp-content\/uploads\/2023\/12\/00-22-dez-2023-caminhao-remedios-foto-pm-divulgacao.jpg?fit=782%2C645&ssl=1&resize=700%2C400 2x"},"classes":[]},{"id":58122,"url":"https:\/\/ismaelcolosi.com.br\/index.php\/2024\/07\/28\/homem-e-preso-em-perseguicao-apos-furto-de-caminhonete-na-zona-sul-de-ribeirao\/","url_meta":{"origin":59715,"position":5},"title":"Homem \u00e9 preso em persegui\u00e7\u00e3o ap\u00f3s furto de caminhonete na zona Sul de Ribeir\u00e3o","author":"ismaelcolosi.com.br","date":"28 de July de 2024","format":false,"excerpt":"Um homem de 23 anos foi preso em Dumont, na tarde do \u00faltimo s\u00e1bado (27), depois de uma persegui\u00e7\u00e3o. O criminoso \u00e9 acusado de furtar uma caminhonete no Jardim Bot\u00e2nico, na zona Sul de Ribeir\u00e3o Preto. A caminhonete estava estacionada na rua Wanda Bastos Santiago. O dono do ve\u00edculo estava\u2026","rel":"","context":"In &quot;Not\u00edcias de Ribeir\u00e3o Preto-SP e Regi\u00e3o&quot;","block_context":{"text":"Not\u00edcias de Ribeir\u00e3o Preto-SP e Regi\u00e3o","link":"https:\/\/ismaelcolosi.com.br\/index.php\/category\/noticias-de-ribeirao-preto-sp-e-regiao-ismael-colosi\/"},"img":{"alt_text":"","src":"https:\/\/i0.wp.com\/ismaelcolosi.com.br\/wp-content\/uploads\/2024\/07\/1722174352_acidadeon_logos_Prancheta-1-copia-12_edited.jpg?fit=1199%2C1200&ssl=1&resize=350%2C200","width":350,"height":200,"srcset":"https:\/\/i0.wp.com\/ismaelcolosi.com.br\/wp-content\/uploads\/2024\/07\/1722174352_acidadeon_logos_Prancheta-1-copia-12_edited.jpg?fit=1199%2C1200&ssl=1&resize=350%2C200 1x, https:\/\/i0.wp.com\/ismaelcolosi.com.br\/wp-content\/uploads\/2024\/07\/1722174352_acidadeon_logos_Prancheta-1-copia-12_edited.jpg?fit=1199%2C1200&ssl=1&resize=525%2C300 1.5x, https:\/\/i0.wp.com\/ismaelcolosi.com.br\/wp-content\/uploads\/2024\/07\/1722174352_acidadeon_logos_Prancheta-1-copia-12_edited.jpg?fit=1199%2C1200&ssl=1&resize=700%2C400 2x, https:\/\/i0.wp.com\/ismaelcolosi.com.br\/wp-content\/uploads\/2024\/07\/1722174352_acidadeon_logos_Prancheta-1-copia-12_edited.jpg?fit=1199%2C1200&ssl=1&resize=1050%2C600 3x"},"classes":[]}],"jetpack_sharing_enabled":true,"jetpack_shortlink":"https:\/\/wp.me\/pfMlyK-fx9","_links":{"self":[{"href":"https:\/\/ismaelcolosi.com.br\/index.php\/wp-json\/wp\/v2\/posts\/59715","targetHints":{"allow":["GET"]}}],"collection":[{"href":"https:\/\/ismaelcolosi.com.br\/index.php\/wp-json\/wp\/v2\/posts"}],"about":[{"href":"https:\/\/ismaelcolosi.com.br\/index.php\/wp-json\/wp\/v2\/types\/post"}],"author":[{"embeddable":true,"href":"https:\/\/ismaelcolosi.com.br\/index.php\/wp-json\/wp\/v2\/users\/1"}],"replies":[{"embeddable":true,"href":"https:\/\/ismaelcolosi.com.br\/index.php\/wp-json\/wp\/v2\/comments?post=59715"}],"version-history":[{"count":0,"href":"https:\/\/ismaelcolosi.com.br\/index.php\/wp-json\/wp\/v2\/posts\/59715\/revisions"}],"wp:featuredmedia":[{"embeddable":true,"href":"https:\/\/ismaelcolosi.com.br\/index.php\/wp-json\/wp\/v2\/media\/59716"}],"wp:attachment":[{"href":"https:\/\/ismaelcolosi.com.br\/index.php\/wp-json\/wp\/v2\/media?parent=59715"}],"wp:term":[{"taxonomy":"category","embeddable":true,"href":"https:\/\/ismaelcolosi.com.br\/index.php\/wp-json\/wp\/v2\/categories?post=59715"},{"taxonomy":"post_tag","embeddable":true,"href":"https:\/\/ismaelcolosi.com.br\/index.php\/wp-json\/wp\/v2\/tags?post=59715"}],"curies":[{"name":"wp","href":"https:\/\/api.w.org\/{rel}","templated":true}]}}