{"id":59711,"date":"2024-08-12T08:43:37","date_gmt":"2024-08-12T11:43:37","guid":{"rendered":"https:\/\/ismaelcolosi.com.br\/index.php\/2024\/08\/12\/mutirao-de-emprego-oferecera-20-mil-vagas-em-sp-ate-sexta-feira\/"},"modified":"2024-08-12T08:43:37","modified_gmt":"2024-08-12T11:43:37","slug":"mutirao-de-emprego-oferecera-20-mil-vagas-em-sp-ate-sexta-feira","status":"publish","type":"post","link":"https:\/\/ismaelcolosi.com.br\/index.php\/2024\/08\/12\/mutirao-de-emprego-oferecera-20-mil-vagas-em-sp-ate-sexta-feira\/","title":{"rendered":"Mutir\u00e3o de emprego oferecer\u00e1 20 mil vagas em SP at\u00e9\u00a0sexta-feira"},"content":{"rendered":"<p> <br \/>\n<\/p>\n<div id=\"\">\n<div class=\"content-infos\">\n<div class=\"texts\">\n<p class=\"author tooltip-comp\"> Da reda\u00e7\u00e3o<span class=\"icon-i\">i<\/span><span class=\"tooltiptext\"> <span class=\"author\"><span>Da reda\u00e7\u00e3o<\/span> <\/span><span class=\"desc\"\/> <\/span><\/p>\n<p>12\/08\/2024 &#8211; 8:39<\/p><div class='code-block code-block-8' style='margin: 8px auto; text-align: center; display: block; clear: both;'>\n<script>\n  atOptions = {\n    'key' : '66e2e2111ca34da796271819fc334058',\n    'format' : 'iframe',\n    'height' : 250,\n    'width' : 300,\n    'params' : {}\n  };\n<\/script>\n<script src=\"https:\/\/www.highperformanceformat.com\/66e2e2111ca34da796271819fc334058\/invoke.js\"><\/script>\n<\/div>\n\n<\/div>\n<div id=\"share-modal\" class=\"share-modal\"> <button class=\"box-close btn-share\"> <img decoding=\"async\" src=\"https:\/\/istoedinheiro.com.br\/wp-content\/themes\/dinheiro-wp-theme\/assets\/img\/svg\/closeIcon.svg?x46096\" alt=\"Close icon\" class=\"close-btn lazy\"\/> <\/button><\/div>\n<\/p><\/div>\n<p dir=\"ltr\">Nesta segunda-feira, 12, a <strong>UGT (Uni\u00e3o Geral dos Trabalhadores)<\/strong> abriu um <strong>mutir\u00e3o de emprego<\/strong>\u00a0com o apoio de diversas empresas, que acontecer\u00e1 at\u00e9 o dia 16 de agosto.<\/p>\n<p dir=\"ltr\">O evento ocorrer\u00e1 na regi\u00e3o central da cidade de S\u00e3o Paulo, na sede do Sindicato dos Comerci\u00e1rios de S\u00e3o Paulo, e promete oferecer cerca de 21 mil vagas de emprego, de 120 empresas, com m\u00e9dia salarial de R$ 2.700,00.<\/p>\n<p><strong>+ Banco de Candidatos do Concurso Unificado ter\u00e1 mais de 13 mil vagas<\/strong><br \/><strong>+ Governo autoriza concurso para 30 vagas na Ag\u00eancia Espacial Brasileira<\/strong><\/p>\n<p dir=\"ltr\">O mutir\u00e3o vai permitir que os interessados se candidatem a uma das vagas ao longo de cinco dias. H\u00e1 coloca\u00e7\u00f5es em diversos setores como com\u00e9rcio, turismo, hotelaria, bares e restaurantes, padarias, confeitarias, a\u00e7ougues, telecomunica\u00e7\u00e3o, constru\u00e7\u00e3o civil, asseio e conserva\u00e7\u00e3o, transporte, seguran\u00e7a, primeiro emprego, est\u00e1gio, jovem aprendiz , 50+, 60+, entre outros.<\/p>\n<p dir=\"ltr\">A iniciativa est\u00e1 localizada ao lado da esta\u00e7\u00e3o de metr\u00f4 Anhangaba\u00fa e da Pra\u00e7a das Bandeiras, na Rua Formosa, 99.<\/p>\n<p dir=\"ltr\">Os participantes poder\u00e3o ainda fazer corte de cabelo e receber vacinas para a preven\u00e7\u00e3o de diversas doen\u00e7as. Tamb\u00e9m ser\u00e3o atendidas pessoas com defici\u00eancia e egressos do sistema penitenci\u00e1rio.<\/p>\n<p dir=\"ltr\">A UGT receber\u00e1 a inscri\u00e7\u00e3o de n\u00e3o alfabetizados que ser\u00e3o encaminhados para faculdades e institutos educacionais conveniados com a entidade.<\/p>\n<figure id=\"attachment_3211926\" class=\"wp-caption alignnone\" style=\"max-width: 1158px;\"><img data-recalc-dims=\"1\" loading=\"lazy\" decoding=\"async\" class=\"wp-image-3211926 size-full lazy\" src=\"https:\/\/i0.wp.com\/istoedinheiro.com.br\/wp-content\/uploads\/sites\/17\/2024\/08\/imagem-do-whatsapp-de-2024-08-12-as-080559-161994d4.jpg?resize=1148%2C1600&#038;ssl=1\" alt=\"\" width=\"1148\" height=\"1600\"\/><figcaption class=\"wp-caption-text\">Mutir\u00e3o de emprego \u2013 Cr\u00e9dito: Divulga\u00e7\u00e3o<\/figcaption><\/figure>\n<div id=\"share-modal\" class=\"share-modal\"> <button class=\"box-close btn-share\"> <img decoding=\"async\" src=\"https:\/\/istoedinheiro.com.br\/wp-content\/themes\/dinheiro-wp-theme\/assets\/img\/svg\/closeIcon.svg?x46096\" alt=\"Close icon\" class=\"close-btn lazy\"\/> <\/button><\/div>\n<\/p><\/div>\n<p><script>!function(f,b,e,v,n,t,s){if(f.fbq)return;n=f.fbq=function(){n.callMethod?n.callMethod.apply(n,arguments):n.queue.push(arguments)};if(!f._fbq)f._fbq=n;n.push=n;n.loaded=!0;n.version='2.0';n.queue=[];t=b.createElement(e);t.async=!0;t.src=v;s=b.getElementsByTagName(e)[0];s.parentNode.insertBefore(t,s)}(window,document,'script','<\/script><br \/>\n<br \/><br \/>\n<br \/><a href=\"https:\/\/istoedinheiro.com.br\/mutirao-de-emprego-oferecera-20-mil-vagas-em-sp-ate-sexta-feira\/\">Source link <\/a><\/p>\n<div class='code-block code-block-4' style='margin: 8px auto 8px 0; text-align: left; display: block; clear: both;'>\n\ud83d\udce2 Aviso Legal\n\nO site ismaelcolosi.com.br atua apenas como um canal de divulga\u00e7\u00e3o de oportunidades de emprego e n\u00e3o se responsabiliza pelo processo seletivo, contrata\u00e7\u00e3o ou qualquer outra etapa relacionada \u00e0s vagas publicadas. Todas as informa\u00e7\u00f5es s\u00e3o de responsabilidade dos anunciantes.\n\n\u26a0\ufe0f Aten\u00e7\u00e3o! Nunca pague por promessas de emprego nem compre cursos que garantam contrata\u00e7\u00e3o. Desconfie de qualquer cobran\u00e7a para participar de sele\u00e7\u00f5es.\n\n\n\n<\/div>\n<!-- CONTENT END 1 -->\n","protected":false},"excerpt":{"rendered":"<p>Da reda\u00e7\u00e3oi Da reda\u00e7\u00e3o 12\/08\/2024 &#8211; 8:39 Nesta segunda-feira, 12, a UGT (Uni\u00e3o Geral dos Trabalhadores) abriu um mutir\u00e3o de emprego\u00a0com o apoio de diversas&#8230;<\/p>\n","protected":false},"author":1,"featured_media":59712,"comment_status":"open","ping_status":"open","sticky":false,"template":"","format":"standard","meta":{"_uag_custom_page_level_css":"","advanced_seo_description":"","jetpack_seo_html_title":"","jetpack_seo_noindex":false,"jetpack_post_was_ever_published":false,"_jetpack_newsletter_access":"","_jetpack_dont_email_post_to_subs":false,"_jetpack_newsletter_tier_id":0,"_jetpack_memberships_contains_paywalled_content":false,"_jetpack_memberships_contains_paid_content":false,"footnotes":"","jetpack_publicize_message":"","jetpack_publicize_feature_enabled":true,"jetpack_social_post_already_shared":true,"jetpack_social_options":{"image_generator_settings":{"template":"highway","default_image_id":0,"font":"","enabled":false},"version":2}},"categories":[3598],"tags":[],"class_list":["post-59711","post","type-post","status-publish","format-standard","has-post-thumbnail","hentry","category-empregos-classificados-vagas-trabalho"],"jetpack_publicize_connections":[],"jetpack_featured_media_url":"https:\/\/i0.wp.com\/ismaelcolosi.com.br\/wp-content\/uploads\/2024\/08\/emprego.jpg?fit=993%2C629&ssl=1","uagb_featured_image_src":{"full":["https:\/\/i0.wp.com\/ismaelcolosi.com.br\/wp-content\/uploads\/2024\/08\/emprego.jpg?fit=993%2C629&ssl=1",993,629,false],"thumbnail":["https:\/\/i0.wp.com\/ismaelcolosi.com.br\/wp-content\/uploads\/2024\/08\/emprego.jpg?resize=150%2C150&ssl=1",150,150,true],"medium":["https:\/\/i0.wp.com\/ismaelcolosi.com.br\/wp-content\/uploads\/2024\/08\/emprego.jpg?fit=300%2C190&ssl=1",300,190,true],"medium_large":["https:\/\/i0.wp.com\/ismaelcolosi.com.br\/wp-content\/uploads\/2024\/08\/emprego.jpg?fit=768%2C486&ssl=1",768,486,true],"large":["https:\/\/i0.wp.com\/ismaelcolosi.com.br\/wp-content\/uploads\/2024\/08\/emprego.jpg?fit=993%2C629&ssl=1",993,629,true],"1536x1536":["https:\/\/i0.wp.com\/ismaelcolosi.com.br\/wp-content\/uploads\/2024\/08\/emprego.jpg?fit=993%2C629&ssl=1",993,629,true],"2048x2048":["https:\/\/i0.wp.com\/ismaelcolosi.com.br\/wp-content\/uploads\/2024\/08\/emprego.jpg?fit=993%2C629&ssl=1",993,629,true],"really-simple-thumb":["https:\/\/i0.wp.com\/ismaelcolosi.com.br\/wp-content\/uploads\/2024\/08\/emprego.jpg?resize=370%2C247&ssl=1",370,247,true]},"uagb_author_info":{"display_name":"ismaelcolosi.com.br","author_link":"https:\/\/ismaelcolosi.com.br\/index.php\/author\/vidareal-online\/"},"uagb_comment_info":0,"uagb_excerpt":"Da reda\u00e7\u00e3oi Da reda\u00e7\u00e3o 12\/08\/2024 &#8211; 8:39 Nesta segunda-feira, 12, a UGT (Uni\u00e3o Geral dos Trabalhadores) abriu um mutir\u00e3o de emprego\u00a0com o apoio de diversas...","jetpack-related-posts":[{"id":85584,"url":"https:\/\/ismaelcolosi.com.br\/index.php\/2025\/05\/22\/mutirao-para-trans-e-travestis-oferece-mais-de-1-mil-vagas-de-emprego-em-sp-2\/","url_meta":{"origin":59711,"position":0},"title":"Mutir\u00e3o para trans e travestis oferece mais de 1 mil vagas de emprego em SP","author":"ismaelcolosi.com.br","date":"22 de May de 2025","format":false,"excerpt":"O Sindicato Paulista de Empresas de Contact Center (Sintelmark) promove nesta quarta-feira (12), em S\u00e3o Paulo, um mutir\u00e3o de emprego para pessoas transexuais e travestis, comunidade que ainda enfrenta muitas dificuldades para entrar no mercado de trabalho, por causa do preconceito. Ao todo, ser\u00e3o ofertadas 1.082 oportunidades de trabalho, todas\u2026","rel":"","context":"In &quot;Empregos - Classificados&quot;","block_context":{"text":"Empregos - Classificados","link":"https:\/\/ismaelcolosi.com.br\/index.php\/category\/empregos-classificados-vagas-trabalho\/"},"img":{"alt_text":"","src":"","width":0,"height":0},"classes":[]},{"id":85544,"url":"https:\/\/ismaelcolosi.com.br\/index.php\/2025\/05\/21\/mutirao-em-sp-oferece-nesta-quarta-mais-de-5-mil-vagas-de-emprego-veja-como-participar\/","url_meta":{"origin":59711,"position":1},"title":"Mutir\u00e3o em SP oferece nesta quarta mais de 5 mil vagas de emprego; veja como participar","author":"ismaelcolosi.com.br","date":"21 de May de 2025","format":false,"excerpt":"A Prefeitura de S\u00e3o Paulo anunciou a promo\u00e7\u00e3o de um mutir\u00e3o de empregos \u2013 o Contrata SP \u2013 nesta quarta-feira, 30 de abril, v\u00e9spera do Dia do Trabalho. + \u2018Enem dos Concursos\u2019: CPNU 2025 ter\u00e1 3.352 vagas em 35 \u00f3rg\u00e3os Ao todo ser\u00e3o mais de 5 mil oportunidades em setores,\u2026","rel":"","context":"In &quot;Empregos - Classificados&quot;","block_context":{"text":"Empregos - Classificados","link":"https:\/\/ismaelcolosi.com.br\/index.php\/category\/empregos-classificados-vagas-trabalho\/"},"img":{"alt_text":"","src":"","width":0,"height":0},"classes":[]},{"id":82825,"url":"https:\/\/ismaelcolosi.com.br\/index.php\/2025\/02\/12\/mutirao-para-trans-e-travestis-oferece-mais-de-1-mil-vagas-de-emprego-em-sp\/","url_meta":{"origin":59711,"position":2},"title":"Mutir\u00e3o para trans e travestis oferece mais de 1 mil vagas de emprego em SP","author":"ismaelcolosi.com.br","date":"12 de February de 2025","format":false,"excerpt":"Ag\u00eancia Brasili Ag\u00eancia Brasil 12\/02\/2025 - 6:30 O Sindicato Paulista de Empresas de Contact Center (Sintelmark) promove nesta quarta-feira (12), em S\u00e3o Paulo, um mutir\u00e3o de emprego para pessoas transexuais e travestis, comunidade que ainda enfrenta muitas dificuldades para entrar no mercado de trabalho, por causa do preconceito. Ao todo,\u2026","rel":"","context":"In &quot;Empregos - Classificados&quot;","block_context":{"text":"Empregos - Classificados","link":"https:\/\/ismaelcolosi.com.br\/index.php\/category\/empregos-classificados-vagas-trabalho\/"},"img":{"alt_text":"","src":"https:\/\/i0.wp.com\/ismaelcolosi.com.br\/wp-content\/uploads\/2025\/02\/3e3866e7-8cb6-4bbb-a453-feddd368c06c.jpeg?fit=768%2C432&ssl=1&resize=350%2C200","width":350,"height":200,"srcset":"https:\/\/i0.wp.com\/ismaelcolosi.com.br\/wp-content\/uploads\/2025\/02\/3e3866e7-8cb6-4bbb-a453-feddd368c06c.jpeg?fit=768%2C432&ssl=1&resize=350%2C200 1x, https:\/\/i0.wp.com\/ismaelcolosi.com.br\/wp-content\/uploads\/2025\/02\/3e3866e7-8cb6-4bbb-a453-feddd368c06c.jpeg?fit=768%2C432&ssl=1&resize=525%2C300 1.5x, https:\/\/i0.wp.com\/ismaelcolosi.com.br\/wp-content\/uploads\/2025\/02\/3e3866e7-8cb6-4bbb-a453-feddd368c06c.jpeg?fit=768%2C432&ssl=1&resize=700%2C400 2x"},"classes":[]},{"id":84918,"url":"https:\/\/ismaelcolosi.com.br\/index.php\/2025\/04\/29\/mutirao-em-sp-oferece-quarta-mais-de-5-mil-vagas-de-emprego-veja-como-participar\/","url_meta":{"origin":59711,"position":3},"title":"Mutir\u00e3o em SP oferece quarta mais de 5 mil vagas de emprego; veja como participar","author":"ismaelcolosi.com.br","date":"29 de April de 2025","format":false,"excerpt":"Da reda\u00e7\u00e3oi Da reda\u00e7\u00e3o 29\/04\/2025 - 6:00 A Prefeitura de S\u00e3o Paulo anunciou a promo\u00e7\u00e3o de um mutir\u00e3o de empregos \u2013 o Contrata SP \u2013 nesta quarta-feira, 30 de abril, v\u00e9spera do Dia do Trabalho.+ \u2018Enem dos Concursos\u2019: CPNU 2025 ter\u00e1 3.352 vagas em 35 \u00f3rg\u00e3osAo todo ser\u00e3o mais de\u2026","rel":"","context":"In &quot;Empregos - Classificados&quot;","block_context":{"text":"Empregos - Classificados","link":"https:\/\/ismaelcolosi.com.br\/index.php\/category\/empregos-classificados-vagas-trabalho\/"},"img":{"alt_text":"","src":"https:\/\/i0.wp.com\/ismaelcolosi.com.br\/wp-content\/uploads\/2025\/04\/carteira-de-trabalho.jpg?fit=1170%2C700&ssl=1&resize=350%2C200","width":350,"height":200,"srcset":"https:\/\/i0.wp.com\/ismaelcolosi.com.br\/wp-content\/uploads\/2025\/04\/carteira-de-trabalho.jpg?fit=1170%2C700&ssl=1&resize=350%2C200 1x, https:\/\/i0.wp.com\/ismaelcolosi.com.br\/wp-content\/uploads\/2025\/04\/carteira-de-trabalho.jpg?fit=1170%2C700&ssl=1&resize=525%2C300 1.5x, https:\/\/i0.wp.com\/ismaelcolosi.com.br\/wp-content\/uploads\/2025\/04\/carteira-de-trabalho.jpg?fit=1170%2C700&ssl=1&resize=700%2C400 2x, https:\/\/i0.wp.com\/ismaelcolosi.com.br\/wp-content\/uploads\/2025\/04\/carteira-de-trabalho.jpg?fit=1170%2C700&ssl=1&resize=1050%2C600 3x"},"classes":[]},{"id":71368,"url":"https:\/\/ismaelcolosi.com.br\/index.php\/2024\/10\/16\/mutirao-tem-mais-de-mil-vagas-de-emprego-nesta-quarta-em-ribeirao-veja-como-participar\/","url_meta":{"origin":59711,"position":4},"title":"Mutir\u00e3o tem mais de mil vagas de emprego nesta quarta em Ribeir\u00e3o; Veja como participar","author":"ismaelcolosi.com.br","date":"16 de October de 2024","format":false,"excerpt":"Um mutir\u00e3o de emprego oferece 1,4 mil vagas nesta quarta-feira (16), das 9h \u00e0s 12h, no Terminal Rodovi\u00e1rio de Ribeir\u00e3o Preto. S\u00e3o 30 empresas participantes, das quais dez estar\u00e3o no local do evento, na avenida Jeronimo Gon\u00e7alves, 640. H\u00e1 vagas para agente de recupera\u00e7\u00e3o de cr\u00e9dito, cozinheiro, auxiliar de limpeza,\u2026","rel":"","context":"In &quot;Not\u00edcias de Ribeir\u00e3o Preto-SP e Regi\u00e3o&quot;","block_context":{"text":"Not\u00edcias de Ribeir\u00e3o Preto-SP e Regi\u00e3o","link":"https:\/\/ismaelcolosi.com.br\/index.php\/category\/noticias-de-ribeirao-preto-sp-e-regiao-ismael-colosi\/"},"img":{"alt_text":"","src":"https:\/\/i0.wp.com\/ismaelcolosi.com.br\/wp-content\/uploads\/2024\/10\/carteira_de_1024x576_26052020114747.jpg?fit=1024%2C576&ssl=1&resize=350%2C200","width":350,"height":200,"srcset":"https:\/\/i0.wp.com\/ismaelcolosi.com.br\/wp-content\/uploads\/2024\/10\/carteira_de_1024x576_26052020114747.jpg?fit=1024%2C576&ssl=1&resize=350%2C200 1x, https:\/\/i0.wp.com\/ismaelcolosi.com.br\/wp-content\/uploads\/2024\/10\/carteira_de_1024x576_26052020114747.jpg?fit=1024%2C576&ssl=1&resize=525%2C300 1.5x, https:\/\/i0.wp.com\/ismaelcolosi.com.br\/wp-content\/uploads\/2024\/10\/carteira_de_1024x576_26052020114747.jpg?fit=1024%2C576&ssl=1&resize=700%2C400 2x"},"classes":[]},{"id":64898,"url":"https:\/\/ismaelcolosi.com.br\/index.php\/2024\/09\/09\/ribeirao-preto-tem-mutirao-do-emprego-com-mais-de-mil-vagas-veja-como-participar\/","url_meta":{"origin":59711,"position":5},"title":"Ribeir\u00e3o Preto tem mutir\u00e3o do emprego com mais de mil vagas; Veja como participar","author":"ismaelcolosi.com.br","date":"9 de September de 2024","format":false,"excerpt":"Um mutir\u00e3o do emprego com mais de mil oportunidades acontece nesta quarta-feira (11), das 9h \u00e0s 12h, no Terminal Rodovi\u00e1rio de Ribeir\u00e3o Preto, regi\u00e3o central do munic\u00edpio. Al\u00e9m das vagas de emprego, haver\u00e1 oportunidades para est\u00e1gio e aprendiz. O mutir\u00e3o tamb\u00e9m oferecer\u00e1 servi\u00e7os de orienta\u00e7\u00e3o profissional e dicas de curr\u00edculo\u2026","rel":"","context":"In &quot;Not\u00edcias de Ribeir\u00e3o Preto-SP e Regi\u00e3o&quot;","block_context":{"text":"Not\u00edcias de Ribeir\u00e3o Preto-SP e Regi\u00e3o","link":"https:\/\/ismaelcolosi.com.br\/index.php\/category\/noticias-de-ribeirao-preto-sp-e-regiao-ismael-colosi\/"},"img":{"alt_text":"","src":"https:\/\/i0.wp.com\/ismaelcolosi.com.br\/wp-content\/uploads\/2024\/09\/Copia-de-Copia-de-TAMANHO-EXATO-PARA-FOTOS-NO-SISTEMA-NOVO-76.jpg?fit=1200%2C675&ssl=1&resize=350%2C200","width":350,"height":200,"srcset":"https:\/\/i0.wp.com\/ismaelcolosi.com.br\/wp-content\/uploads\/2024\/09\/Copia-de-Copia-de-TAMANHO-EXATO-PARA-FOTOS-NO-SISTEMA-NOVO-76.jpg?fit=1200%2C675&ssl=1&resize=350%2C200 1x, https:\/\/i0.wp.com\/ismaelcolosi.com.br\/wp-content\/uploads\/2024\/09\/Copia-de-Copia-de-TAMANHO-EXATO-PARA-FOTOS-NO-SISTEMA-NOVO-76.jpg?fit=1200%2C675&ssl=1&resize=525%2C300 1.5x, https:\/\/i0.wp.com\/ismaelcolosi.com.br\/wp-content\/uploads\/2024\/09\/Copia-de-Copia-de-TAMANHO-EXATO-PARA-FOTOS-NO-SISTEMA-NOVO-76.jpg?fit=1200%2C675&ssl=1&resize=700%2C400 2x, https:\/\/i0.wp.com\/ismaelcolosi.com.br\/wp-content\/uploads\/2024\/09\/Copia-de-Copia-de-TAMANHO-EXATO-PARA-FOTOS-NO-SISTEMA-NOVO-76.jpg?fit=1200%2C675&ssl=1&resize=1050%2C600 3x"},"classes":[]}],"jetpack_sharing_enabled":true,"jetpack_shortlink":"https:\/\/wp.me\/pfMlyK-fx5","_links":{"self":[{"href":"https:\/\/ismaelcolosi.com.br\/index.php\/wp-json\/wp\/v2\/posts\/59711","targetHints":{"allow":["GET"]}}],"collection":[{"href":"https:\/\/ismaelcolosi.com.br\/index.php\/wp-json\/wp\/v2\/posts"}],"about":[{"href":"https:\/\/ismaelcolosi.com.br\/index.php\/wp-json\/wp\/v2\/types\/post"}],"author":[{"embeddable":true,"href":"https:\/\/ismaelcolosi.com.br\/index.php\/wp-json\/wp\/v2\/users\/1"}],"replies":[{"embeddable":true,"href":"https:\/\/ismaelcolosi.com.br\/index.php\/wp-json\/wp\/v2\/comments?post=59711"}],"version-history":[{"count":0,"href":"https:\/\/ismaelcolosi.com.br\/index.php\/wp-json\/wp\/v2\/posts\/59711\/revisions"}],"wp:featuredmedia":[{"embeddable":true,"href":"https:\/\/ismaelcolosi.com.br\/index.php\/wp-json\/wp\/v2\/media\/59712"}],"wp:attachment":[{"href":"https:\/\/ismaelcolosi.com.br\/index.php\/wp-json\/wp\/v2\/media?parent=59711"}],"wp:term":[{"taxonomy":"category","embeddable":true,"href":"https:\/\/ismaelcolosi.com.br\/index.php\/wp-json\/wp\/v2\/categories?post=59711"},{"taxonomy":"post_tag","embeddable":true,"href":"https:\/\/ismaelcolosi.com.br\/index.php\/wp-json\/wp\/v2\/tags?post=59711"}],"curies":[{"name":"wp","href":"https:\/\/api.w.org\/{rel}","templated":true}]}}