{"id":59709,"date":"2024-08-12T08:28:06","date_gmt":"2024-08-12T11:28:06","guid":{"rendered":"https:\/\/ismaelcolosi.com.br\/index.php\/2024\/08\/12\/grafiteira-de-ribeirao-expoe-arte-em-1o-museu-de-hip-hop-da-america-latina\/"},"modified":"2024-08-12T08:28:06","modified_gmt":"2024-08-12T11:28:06","slug":"grafiteira-de-ribeirao-expoe-arte-em-1o-museu-de-hip-hop-da-america-latina","status":"publish","type":"post","link":"https:\/\/ismaelcolosi.com.br\/index.php\/2024\/08\/12\/grafiteira-de-ribeirao-expoe-arte-em-1o-museu-de-hip-hop-da-america-latina\/","title":{"rendered":"Grafiteira de Ribeir\u00e3o exp\u00f5e arte em 1\u00ba Museu de Hip Hop da Am\u00e9rica Latina"},"content":{"rendered":"<p> <br \/>\n<\/p>\n<div>\n<p>A grafiteira <strong>Joy<\/strong>, nascida em <strong>Sert\u00e3ozinho<\/strong>, e tem diversas obras espalhadas por <strong>Ribeir\u00e3o Preto,<\/strong> ir\u00e1 expor sua arte no <strong>Museu de Cultura Hip Hop RS<\/strong>, o primeiro e \u00fanico da <strong>Am\u00e9rica Latina<\/strong>, na segunda edi\u00e7\u00e3o do evento \u201c<strong>Vem Pro Museu<\/strong>\u201d, que acontece no dia<strong> 24 de agosto<\/strong>.<\/p>\n<p><strong>Joy<\/strong> tem diversas obras espalhadas por <strong>Ribeir\u00e3o Preto<\/strong>\u00a0e conheceu o <strong>Museu<\/strong> quando morou em <strong>Pelotas<\/strong>, em <strong>2022<\/strong>. Desde ent\u00e3o, ela \u00e9 conhecida por sua forte representatividade feminina no hip hop.<\/p>\n<blockquote class=\"wp-block-quote\">\n<p><em>\u201cEm 2019, quando participei do Graffiti Queens, em S\u00e3o Paulo, eu tive uma vis\u00e3o ampla do que \u00e9 ser mulher na cena, e da necessidade de estarmos ocupando todos os espa\u00e7os. E isso me fez ter for\u00e7a para pintar em outros estados e pa\u00edses. Mais do que viajar, estar conectada a outras mulheres \u00e9 muito importante\u201d.<\/em><\/p>\n<p><cite>Joy, grafiteira<\/cite><\/p><\/blockquote>\n<p>O \u201c<strong>Vem Pro Museu<\/strong>\u201d contar\u00e1 com obras gigantes e interativas, apresenta\u00e7\u00f5es musicais e batalha de <em>breaking<\/em>, que dar\u00e1 a premia\u00e7\u00e3o de R$ 1000. A entrada \u00e9 gratuita, com retirada de ingressos com anteced\u00eancia.<\/p>\n<h4 class=\"wp-block-heading\"><strong>Como visitar o Museu da Cultura Hip Hop RS?<\/strong><\/h4>\n<p>O Museu fica localizado na <strong>rua Parque dos Nativos 545, Vila Ipiranga, em Porto Alegre-RS<\/strong> e fica aberto para visita\u00e7\u00e3o de <mark style=\"background-color:#fcb900\" class=\"has-inline-color has-black-color\">quarta \u00e0 domingo, das 9h \u00e0s 12h e das 14h \u00e0s 17h, inclusive aos feriados.<\/mark><\/p>\n<p>Tamb\u00e9m \u00e9 poss\u00edvel agendar as visitas, que acontecem <strong>duas vezes ao dia<\/strong>, \u00e0s<strong> 9h <\/strong>e \u00e0s<strong> 14h<\/strong>, sendo destinadas a <strong>grupos de at\u00e9 50 pessoas<\/strong>. Para marcar uma visita basta acessar o formul\u00e1rio de agendamento \u2013\u00a0<a href=\"https:\/\/docs.google.com\/forms\/d\/e\/1FAIpQLSfErA_HT6iFtYFcd4ITrOdTN5yp9ZnRXIsj26mRktiMlrnMgw\/viewform\" target=\"_blank\" rel=\"noreferrer noopener\">clique aqui<\/a>.\u00a0Toda visita agendada \u00e9 guiada por mediadores que conduzem o grupo com explica\u00e7\u00f5es sobre as mostras em cartaz.<\/p>\n<p>As visitas n\u00e3o agendadas tamb\u00e9m podem ser acompanhadas por mediadores, basta chegar ao Museu no hor\u00e1rio em que se iniciam as visitas agendadas para participar junto ao grupo do dia.\u00a0<a href=\"https:\/\/linktr.ee\/muchrs\" target=\"_blank\" rel=\"noreferrer noopener\">Mais informa\u00e7\u00f5es sobre programa\u00e7\u00e3o atrav\u00e9s das redes oficiais do Museu da Cultura Hip Hop RS<\/a>.<\/p>\n<p>SAIBA MAIS<br \/>At\u00e9 quando vai o frio no interior de SP? Veja a previs\u00e3o<\/p>\n<h4 class=\"wp-block-heading\"><strong>FIQUE ON<\/strong><\/h4>\n<p>Fique ligado em tudo que acontece em Ribeir\u00e3o Preto e regi\u00e3o. Siga os perfis do <strong>acidade on<\/strong> no<a href=\"https:\/\/www.instagram.com\/acidadeonribeirao\/\" target=\"_blank\" rel=\"noreferrer noopener nofollow\"> Instagram<\/a> e no <a href=\"https:\/\/www.facebook.com\/acidadeonribeirao\/\" target=\"_blank\" rel=\"noreferrer noopener nofollow\">Facebook<\/a>.<\/p>\n<p>Receba not\u00edcias do<strong> acidade on<\/strong> no WhatsApp. <a href=\"https:\/\/chat.whatsapp.com\/Dtv9mxhy6V5BJBotM2OQ5k\" target=\"_blank\" rel=\"noreferrer noopener nofollow\">Para entrar no grupo, basta clicar aqui.<\/a><\/p>\n<p>Fa\u00e7a uma den\u00fancia ou sugira uma reportagem sobre Ribeir\u00e3o Preto e regi\u00e3o pelo WhatsApp: 16 99117 7802.<\/p>\n<p>VEJA TAMB\u00c9M<br \/>Por que Muse Maya foi desclassificada do \u2018Estrela da Casa\u2019?<\/p>\n<p><!-- CONTENT END 1 -->\n<\/div>\n<p><script async src=\"\/\/www.instagram.com\/embed.js\"><\/script><br \/>\n<br \/><br \/>\n<br \/><a href=\"https:\/\/www.acidadeon.com\/ribeiraopreto\/lazer-e-cultura\/grafiteira-ribeirao-preto-expoe-arte-em-1o-museu-de-hip-hop-da-america-latina\/\">Source link <\/a><\/p>\n","protected":false},"excerpt":{"rendered":"<p>A grafiteira Joy, nascida em Sert\u00e3ozinho, e tem diversas obras espalhadas por Ribeir\u00e3o Preto, ir\u00e1 expor sua arte no Museu de Cultura Hip Hop RS,&#8230;<\/p>\n","protected":false},"author":1,"featured_media":59710,"comment_status":"open","ping_status":"open","sticky":false,"template":"","format":"standard","meta":{"_uag_custom_page_level_css":"","advanced_seo_description":"","jetpack_seo_html_title":"","jetpack_seo_noindex":false,"jetpack_post_was_ever_published":false,"_jetpack_newsletter_access":"","_jetpack_dont_email_post_to_subs":false,"_jetpack_newsletter_tier_id":0,"_jetpack_memberships_contains_paywalled_content":false,"_jetpack_memberships_contains_paid_content":false,"footnotes":"","jetpack_publicize_message":"","jetpack_publicize_feature_enabled":true,"jetpack_social_post_already_shared":true,"jetpack_social_options":{"image_generator_settings":{"template":"highway","default_image_id":0,"font":"","enabled":false},"version":2}},"categories":[11],"tags":[],"class_list":["post-59709","post","type-post","status-publish","format-standard","has-post-thumbnail","hentry","category-noticias-de-ribeirao-preto-sp-e-regiao-ismael-colosi"],"jetpack_publicize_connections":[],"jetpack_featured_media_url":"https:\/\/i0.wp.com\/ismaelcolosi.com.br\/wp-content\/uploads\/2024\/08\/Copia-de-Copia-de-TAMANHO-EXATO-PARA-FOTOS-NO-SISTEMA-NOVO-40_2024-08-09_14-43-26_jpg_2024-08-09_14-43-26.webp.webp?fit=1200%2C675&ssl=1","uagb_featured_image_src":{"full":["https:\/\/i0.wp.com\/ismaelcolosi.com.br\/wp-content\/uploads\/2024\/08\/Copia-de-Copia-de-TAMANHO-EXATO-PARA-FOTOS-NO-SISTEMA-NOVO-40_2024-08-09_14-43-26_jpg_2024-08-09_14-43-26.webp.webp?fit=1200%2C675&ssl=1",1200,675,false],"thumbnail":["https:\/\/i0.wp.com\/ismaelcolosi.com.br\/wp-content\/uploads\/2024\/08\/Copia-de-Copia-de-TAMANHO-EXATO-PARA-FOTOS-NO-SISTEMA-NOVO-40_2024-08-09_14-43-26_jpg_2024-08-09_14-43-26.webp.webp?resize=150%2C150&ssl=1",150,150,true],"medium":["https:\/\/i0.wp.com\/ismaelcolosi.com.br\/wp-content\/uploads\/2024\/08\/Copia-de-Copia-de-TAMANHO-EXATO-PARA-FOTOS-NO-SISTEMA-NOVO-40_2024-08-09_14-43-26_jpg_2024-08-09_14-43-26.webp.webp?fit=300%2C169&ssl=1",300,169,true],"medium_large":["https:\/\/i0.wp.com\/ismaelcolosi.com.br\/wp-content\/uploads\/2024\/08\/Copia-de-Copia-de-TAMANHO-EXATO-PARA-FOTOS-NO-SISTEMA-NOVO-40_2024-08-09_14-43-26_jpg_2024-08-09_14-43-26.webp.webp?fit=768%2C432&ssl=1",768,432,true],"large":["https:\/\/i0.wp.com\/ismaelcolosi.com.br\/wp-content\/uploads\/2024\/08\/Copia-de-Copia-de-TAMANHO-EXATO-PARA-FOTOS-NO-SISTEMA-NOVO-40_2024-08-09_14-43-26_jpg_2024-08-09_14-43-26.webp.webp?fit=1024%2C576&ssl=1",1024,576,true],"1536x1536":["https:\/\/i0.wp.com\/ismaelcolosi.com.br\/wp-content\/uploads\/2024\/08\/Copia-de-Copia-de-TAMANHO-EXATO-PARA-FOTOS-NO-SISTEMA-NOVO-40_2024-08-09_14-43-26_jpg_2024-08-09_14-43-26.webp.webp?fit=1200%2C675&ssl=1",1200,675,true],"2048x2048":["https:\/\/i0.wp.com\/ismaelcolosi.com.br\/wp-content\/uploads\/2024\/08\/Copia-de-Copia-de-TAMANHO-EXATO-PARA-FOTOS-NO-SISTEMA-NOVO-40_2024-08-09_14-43-26_jpg_2024-08-09_14-43-26.webp.webp?fit=1200%2C675&ssl=1",1200,675,true],"really-simple-thumb":["https:\/\/i0.wp.com\/ismaelcolosi.com.br\/wp-content\/uploads\/2024\/08\/Copia-de-Copia-de-TAMANHO-EXATO-PARA-FOTOS-NO-SISTEMA-NOVO-40_2024-08-09_14-43-26_jpg_2024-08-09_14-43-26.webp.webp?resize=370%2C247&ssl=1",370,247,true]},"uagb_author_info":{"display_name":"ismaelcolosi.com.br","author_link":"https:\/\/ismaelcolosi.com.br\/index.php\/author\/vidareal-online\/"},"uagb_comment_info":0,"uagb_excerpt":"A grafiteira Joy, nascida em Sert\u00e3ozinho, e tem diversas obras espalhadas por Ribeir\u00e3o Preto, ir\u00e1 expor sua arte no Museu de Cultura Hip Hop RS,...","jetpack-related-posts":[{"id":59727,"url":"https:\/\/ismaelcolosi.com.br\/index.php\/2024\/08\/12\/interior-de-sp-tem-alerta-durante-passagem-de-frente-fria-veja-a-previsao-do-tempo\/","url_meta":{"origin":59709,"position":0},"title":"Interior de SP tem alerta durante passagem de frente fria; Veja a previs\u00e3o do tempo","author":"ismaelcolosi.com.br","date":"12 de August de 2024","format":false,"excerpt":"O Inmet (Instituto Nacional de Meteorologia) publicou nesta segunda-feira (12) um alerta de perigo para baixa umidade para o interior de S\u00e3o Paulo durante a passagem da frente fria. De acordo com o \u00f3rg\u00e3o, a umidade pode variar entre 12% e 20%. O aviso \u00e9 v\u00e1lido a partir das 13h\u2026","rel":"","context":"In &quot;Not\u00edcias de Ribeir\u00e3o Preto-SP e Regi\u00e3o&quot;","block_context":{"text":"Not\u00edcias de Ribeir\u00e3o Preto-SP e Regi\u00e3o","link":"https:\/\/ismaelcolosi.com.br\/index.php\/category\/noticias-de-ribeirao-preto-sp-e-regiao-ismael-colosi\/"},"img":{"alt_text":"","src":"https:\/\/i0.wp.com\/ismaelcolosi.com.br\/wp-content\/uploads\/2024\/08\/parque-curupira-tempo_2024-08-12_12-53-54_jpeg_2024-08-12_12-53-56-scaled.webp.webp?fit=1200%2C675&ssl=1&resize=350%2C200","width":350,"height":200,"srcset":"https:\/\/i0.wp.com\/ismaelcolosi.com.br\/wp-content\/uploads\/2024\/08\/parque-curupira-tempo_2024-08-12_12-53-54_jpeg_2024-08-12_12-53-56-scaled.webp.webp?fit=1200%2C675&ssl=1&resize=350%2C200 1x, https:\/\/i0.wp.com\/ismaelcolosi.com.br\/wp-content\/uploads\/2024\/08\/parque-curupira-tempo_2024-08-12_12-53-54_jpeg_2024-08-12_12-53-56-scaled.webp.webp?fit=1200%2C675&ssl=1&resize=525%2C300 1.5x, https:\/\/i0.wp.com\/ismaelcolosi.com.br\/wp-content\/uploads\/2024\/08\/parque-curupira-tempo_2024-08-12_12-53-54_jpeg_2024-08-12_12-53-56-scaled.webp.webp?fit=1200%2C675&ssl=1&resize=700%2C400 2x, https:\/\/i0.wp.com\/ismaelcolosi.com.br\/wp-content\/uploads\/2024\/08\/parque-curupira-tempo_2024-08-12_12-53-54_jpeg_2024-08-12_12-53-56-scaled.webp.webp?fit=1200%2C675&ssl=1&resize=1050%2C600 3x"},"classes":[]},{"id":73040,"url":"https:\/\/ismaelcolosi.com.br\/index.php\/2024\/10\/24\/museu-abre-exposicao-virtual-com-450-obras-de-portinari-produzidas-na-regiao-de-ribeirao\/","url_meta":{"origin":59709,"position":1},"title":"Museu abre exposi\u00e7\u00e3o virtual com 450 obras de Portinari produzidas na regi\u00e3o de Ribeir\u00e3o","author":"ismaelcolosi.com.br","date":"24 de October de 2024","format":false,"excerpt":"O Museu Casa de Portinari, em Brodowski, na regi\u00e3o de Ribeir\u00e3o Preto, abriu uma exposi\u00e7\u00e3o virtual com todas as obras que Candido Portinari produziu em sua cidade natal. Ao todo, o acervo conta com 450 obras de arte. A mostra denominada \u201cA Casa Ateli\u00ea\u201d conta com obras executadas em diferentes\u2026","rel":"","context":"In &quot;Not\u00edcias de Ribeir\u00e3o Preto-SP e Regi\u00e3o&quot;","block_context":{"text":"Not\u00edcias de Ribeir\u00e3o Preto-SP e Regi\u00e3o","link":"https:\/\/ismaelcolosi.com.br\/index.php\/category\/noticias-de-ribeirao-preto-sp-e-regiao-ismael-colosi\/"},"img":{"alt_text":"","src":"https:\/\/i0.wp.com\/ismaelcolosi.com.br\/wp-content\/uploads\/2024\/10\/5b19659e-8203-4a0c-ab7b-d80619db6c7a_2024-10-24_14-20-28_png_2024-10-24_14-20-28.webp.webp?fit=1200%2C675&ssl=1&resize=350%2C200","width":350,"height":200,"srcset":"https:\/\/i0.wp.com\/ismaelcolosi.com.br\/wp-content\/uploads\/2024\/10\/5b19659e-8203-4a0c-ab7b-d80619db6c7a_2024-10-24_14-20-28_png_2024-10-24_14-20-28.webp.webp?fit=1200%2C675&ssl=1&resize=350%2C200 1x, https:\/\/i0.wp.com\/ismaelcolosi.com.br\/wp-content\/uploads\/2024\/10\/5b19659e-8203-4a0c-ab7b-d80619db6c7a_2024-10-24_14-20-28_png_2024-10-24_14-20-28.webp.webp?fit=1200%2C675&ssl=1&resize=525%2C300 1.5x, https:\/\/i0.wp.com\/ismaelcolosi.com.br\/wp-content\/uploads\/2024\/10\/5b19659e-8203-4a0c-ab7b-d80619db6c7a_2024-10-24_14-20-28_png_2024-10-24_14-20-28.webp.webp?fit=1200%2C675&ssl=1&resize=700%2C400 2x, https:\/\/i0.wp.com\/ismaelcolosi.com.br\/wp-content\/uploads\/2024\/10\/5b19659e-8203-4a0c-ab7b-d80619db6c7a_2024-10-24_14-20-28_png_2024-10-24_14-20-28.webp.webp?fit=1200%2C675&ssl=1&resize=1050%2C600 3x"},"classes":[]},{"id":42049,"url":"https:\/\/ismaelcolosi.com.br\/index.php\/2024\/03\/12\/familia-mestriner-doa-obras-a-rp\/","url_meta":{"origin":59709,"position":2},"title":"Fam\u00edlia Mestriner\u00a0doa obras a RP","author":"ismaelcolosi.com.br","date":"12 de March de 2024","format":false,"excerpt":"12 de mar\u00e7o de 2024 | 17:0012 de mar\u00e7o de 2024 | 10:18 0A prefeitura de Ribeir\u00e3o Preto, por meio da Secretaria da Cultura e Turismo, realizou na sexta-feira, 8 de mar\u00e7o, no Centro Administrativo Prefeito Jos\u00e9 de Magalh\u00e3es, a cerim\u00f4nia de entrega de duas obras da artista pl\u00e1stica Odilla\u2026","rel":"","context":"In &quot;Not\u00edcias de Ribeir\u00e3o Preto-SP e Regi\u00e3o&quot;","block_context":{"text":"Not\u00edcias de Ribeir\u00e3o Preto-SP e Regi\u00e3o","link":"https:\/\/ismaelcolosi.com.br\/index.php\/category\/noticias-de-ribeirao-preto-sp-e-regiao-ismael-colosi\/"},"img":{"alt_text":"","src":"https:\/\/i0.wp.com\/ismaelcolosi.com.br\/wp-content\/uploads\/2024\/03\/Odilla-Tel-Guilherme-Sircili-scaled.jpg?fit=967%2C645&ssl=1&resize=350%2C200","width":350,"height":200,"srcset":"https:\/\/i0.wp.com\/ismaelcolosi.com.br\/wp-content\/uploads\/2024\/03\/Odilla-Tel-Guilherme-Sircili-scaled.jpg?fit=967%2C645&ssl=1&resize=350%2C200 1x, https:\/\/i0.wp.com\/ismaelcolosi.com.br\/wp-content\/uploads\/2024\/03\/Odilla-Tel-Guilherme-Sircili-scaled.jpg?fit=967%2C645&ssl=1&resize=525%2C300 1.5x, https:\/\/i0.wp.com\/ismaelcolosi.com.br\/wp-content\/uploads\/2024\/03\/Odilla-Tel-Guilherme-Sircili-scaled.jpg?fit=967%2C645&ssl=1&resize=700%2C400 2x"},"classes":[]},{"id":48072,"url":"https:\/\/ismaelcolosi.com.br\/index.php\/2024\/04\/30\/museu-do-ipiranga-em-sp-tem-entrada-gratuita-e-mostra-de-arte-dedicada-ao-trabalho-neste-feriado\/","url_meta":{"origin":59709,"position":3},"title":"Museu do Ipiranga em SP tem entrada gratuita e mostra de arte dedicada ao trabalho neste feriado","author":"ismaelcolosi.com.br","date":"30 de April de 2024","format":false,"excerpt":"Nesta quarta-feira, 1\u00ba de maio, \u00e9 comemorado do Dia do Trabalho, e o Museu do Ipiranga, em S\u00e3o Paulo, ficar\u00e1 aberto gratuitamente \u2013 como todas as quartas-feiras e os primeiros domingos de cada m\u00eas. Neste feriado, o museu conta com uma mostra de arte dedicada ao trabalho. As entradas devem\u2026","rel":"","context":"In &quot;Not\u00edcias de Ribeir\u00e3o Preto-SP e Regi\u00e3o&quot;","block_context":{"text":"Not\u00edcias de Ribeir\u00e3o Preto-SP e Regi\u00e3o","link":"https:\/\/ismaelcolosi.com.br\/index.php\/category\/noticias-de-ribeirao-preto-sp-e-regiao-ismael-colosi\/"},"img":{"alt_text":"","src":"https:\/\/i0.wp.com\/ismaelcolosi.com.br\/wp-content\/uploads\/2024\/04\/museudoipirangausp_2024-04-30_13-36-24_jpg.webp.webp?fit=800%2C533&ssl=1&resize=350%2C200","width":350,"height":200,"srcset":"https:\/\/i0.wp.com\/ismaelcolosi.com.br\/wp-content\/uploads\/2024\/04\/museudoipirangausp_2024-04-30_13-36-24_jpg.webp.webp?fit=800%2C533&ssl=1&resize=350%2C200 1x, https:\/\/i0.wp.com\/ismaelcolosi.com.br\/wp-content\/uploads\/2024\/04\/museudoipirangausp_2024-04-30_13-36-24_jpg.webp.webp?fit=800%2C533&ssl=1&resize=525%2C300 1.5x, https:\/\/i0.wp.com\/ismaelcolosi.com.br\/wp-content\/uploads\/2024\/04\/museudoipirangausp_2024-04-30_13-36-24_jpg.webp.webp?fit=800%2C533&ssl=1&resize=700%2C400 2x"},"classes":[]},{"id":26761,"url":"https:\/\/ismaelcolosi.com.br\/index.php\/2024\/01\/10\/cultura-reinaugura-exposicao-euclydes-de-araujo-senna-o-principe-negro-da-musica-brasileira\/","url_meta":{"origin":59709,"position":4},"title":"O Pr\u00edncipe Negro da M\u00fasica Brasileira\u201d \u2013 Folha de Ribeir\u00e3o","author":"ismaelcolosi.com.br","date":"10 de January de 2024","format":false,"excerpt":"Em uma noite embalada pela m\u00fasica de choristas locais, a Secretaria da Cultura e Turismo realizou na \u00faltima ter\u00e7a-feira, 09 de janeiro, uma cerim\u00f4nia de reinaugura\u00e7\u00e3o da exposi\u00e7\u00e3o \u201cEuclydes de Ara\u00fajo Senna: O Pr\u00edncipe Negro da M\u00fasica Brasileira\u201d, no Museu da Imagem e do Som de Ribeir\u00e3o Preto (MIS-RP). Com\u2026","rel":"","context":"In &quot;Not\u00edcias de Ribeir\u00e3o Preto-SP e Regi\u00e3o&quot;","block_context":{"text":"Not\u00edcias de Ribeir\u00e3o Preto-SP e Regi\u00e3o","link":"https:\/\/ismaelcolosi.com.br\/index.php\/category\/noticias-de-ribeirao-preto-sp-e-regiao-ismael-colosi\/"},"img":{"alt_text":"","src":"https:\/\/i0.wp.com\/ismaelcolosi.com.br\/wp-content\/uploads\/2024\/01\/mis_3.jpeg?fit=1200%2C785&ssl=1&resize=350%2C200","width":350,"height":200,"srcset":"https:\/\/i0.wp.com\/ismaelcolosi.com.br\/wp-content\/uploads\/2024\/01\/mis_3.jpeg?fit=1200%2C785&ssl=1&resize=350%2C200 1x, https:\/\/i0.wp.com\/ismaelcolosi.com.br\/wp-content\/uploads\/2024\/01\/mis_3.jpeg?fit=1200%2C785&ssl=1&resize=525%2C300 1.5x, https:\/\/i0.wp.com\/ismaelcolosi.com.br\/wp-content\/uploads\/2024\/01\/mis_3.jpeg?fit=1200%2C785&ssl=1&resize=700%2C400 2x, https:\/\/i0.wp.com\/ismaelcolosi.com.br\/wp-content\/uploads\/2024\/01\/mis_3.jpeg?fit=1200%2C785&ssl=1&resize=1050%2C600 3x"},"classes":[]},{"id":72440,"url":"https:\/\/ismaelcolosi.com.br\/index.php\/2024\/10\/21\/museu-de-arte-de-ribeirao-preto-recebe-exposicao-amanha-serei-raiz\/","url_meta":{"origin":59709,"position":5},"title":"Museu de Arte de Ribeir\u00e3o Preto recebe exposi\u00e7\u00e3o \u201cAmanh\u00e3 Serei Raiz\u201d","author":"ismaelcolosi.com.br","date":"21 de October de 2024","format":false,"excerpt":"O Marp (Museu de Arte de Ribeir\u00e3o Preto Pedro Manuel-Gismondi) recebe a partir do dia 8 de novembro a exposi\u00e7\u00e3o \u201cAmanh\u00e3 Serei Raiz\u201d, que conta com 13 obras do coletivo 1MULHERporM2 e tem o objetivo de resgatar o feminino e a ancestralidade. A mostra conta com trabalhos que promovem uma\u2026","rel":"","context":"In &quot;Not\u00edcias de Ribeir\u00e3o Preto-SP e Regi\u00e3o&quot;","block_context":{"text":"Not\u00edcias de Ribeir\u00e3o Preto-SP e Regi\u00e3o","link":"https:\/\/ismaelcolosi.com.br\/index.php\/category\/noticias-de-ribeirao-preto-sp-e-regiao-ismael-colosi\/"},"img":{"alt_text":"","src":"https:\/\/i0.wp.com\/ismaelcolosi.com.br\/wp-content\/uploads\/2024\/10\/Copia-de-Copia-de-Copia-de-TAMANHO-EXATO-PARA-FOTOS-NO-SISTEMA-NOVO-18_2024-10-21_13-59-08_jpg_2024-10-21_13-59-08.webp.webp?fit=1200%2C675&ssl=1&resize=350%2C200","width":350,"height":200,"srcset":"https:\/\/i0.wp.com\/ismaelcolosi.com.br\/wp-content\/uploads\/2024\/10\/Copia-de-Copia-de-Copia-de-TAMANHO-EXATO-PARA-FOTOS-NO-SISTEMA-NOVO-18_2024-10-21_13-59-08_jpg_2024-10-21_13-59-08.webp.webp?fit=1200%2C675&ssl=1&resize=350%2C200 1x, https:\/\/i0.wp.com\/ismaelcolosi.com.br\/wp-content\/uploads\/2024\/10\/Copia-de-Copia-de-Copia-de-TAMANHO-EXATO-PARA-FOTOS-NO-SISTEMA-NOVO-18_2024-10-21_13-59-08_jpg_2024-10-21_13-59-08.webp.webp?fit=1200%2C675&ssl=1&resize=525%2C300 1.5x, https:\/\/i0.wp.com\/ismaelcolosi.com.br\/wp-content\/uploads\/2024\/10\/Copia-de-Copia-de-Copia-de-TAMANHO-EXATO-PARA-FOTOS-NO-SISTEMA-NOVO-18_2024-10-21_13-59-08_jpg_2024-10-21_13-59-08.webp.webp?fit=1200%2C675&ssl=1&resize=700%2C400 2x, https:\/\/i0.wp.com\/ismaelcolosi.com.br\/wp-content\/uploads\/2024\/10\/Copia-de-Copia-de-Copia-de-TAMANHO-EXATO-PARA-FOTOS-NO-SISTEMA-NOVO-18_2024-10-21_13-59-08_jpg_2024-10-21_13-59-08.webp.webp?fit=1200%2C675&ssl=1&resize=1050%2C600 3x"},"classes":[]}],"jetpack_sharing_enabled":true,"jetpack_shortlink":"https:\/\/wp.me\/pfMlyK-fx3","_links":{"self":[{"href":"https:\/\/ismaelcolosi.com.br\/index.php\/wp-json\/wp\/v2\/posts\/59709","targetHints":{"allow":["GET"]}}],"collection":[{"href":"https:\/\/ismaelcolosi.com.br\/index.php\/wp-json\/wp\/v2\/posts"}],"about":[{"href":"https:\/\/ismaelcolosi.com.br\/index.php\/wp-json\/wp\/v2\/types\/post"}],"author":[{"embeddable":true,"href":"https:\/\/ismaelcolosi.com.br\/index.php\/wp-json\/wp\/v2\/users\/1"}],"replies":[{"embeddable":true,"href":"https:\/\/ismaelcolosi.com.br\/index.php\/wp-json\/wp\/v2\/comments?post=59709"}],"version-history":[{"count":0,"href":"https:\/\/ismaelcolosi.com.br\/index.php\/wp-json\/wp\/v2\/posts\/59709\/revisions"}],"wp:featuredmedia":[{"embeddable":true,"href":"https:\/\/ismaelcolosi.com.br\/index.php\/wp-json\/wp\/v2\/media\/59710"}],"wp:attachment":[{"href":"https:\/\/ismaelcolosi.com.br\/index.php\/wp-json\/wp\/v2\/media?parent=59709"}],"wp:term":[{"taxonomy":"category","embeddable":true,"href":"https:\/\/ismaelcolosi.com.br\/index.php\/wp-json\/wp\/v2\/categories?post=59709"},{"taxonomy":"post_tag","embeddable":true,"href":"https:\/\/ismaelcolosi.com.br\/index.php\/wp-json\/wp\/v2\/tags?post=59709"}],"curies":[{"name":"wp","href":"https:\/\/api.w.org\/{rel}","templated":true}]}}