{"id":59701,"date":"2024-08-11T18:51:13","date_gmt":"2024-08-11T21:51:13","guid":{"rendered":"https:\/\/ismaelcolosi.com.br\/index.php\/2024\/08\/11\/ate-quando-vai-o-frio-no-interior-de-sp-veja-a-previsao\/"},"modified":"2024-08-11T18:51:13","modified_gmt":"2024-08-11T21:51:13","slug":"ate-quando-vai-o-frio-no-interior-de-sp-veja-a-previsao","status":"publish","type":"post","link":"https:\/\/ismaelcolosi.com.br\/index.php\/2024\/08\/11\/ate-quando-vai-o-frio-no-interior-de-sp-veja-a-previsao\/","title":{"rendered":"At\u00e9 quando vai o frio no interior de SP? Veja a previs\u00e3o"},"content":{"rendered":"<p> <br \/>\n<\/p>\n<div>\n<p>Uma <strong>forte frente fria<\/strong> chegou ao <strong>interior do Estado de S\u00e3o Paulo<\/strong> e provocou mudan\u00e7as no tempo, como o <strong>registro de chuva<\/strong> e <strong>queda acentuada nas temperaturas<\/strong> de diversas regi\u00f5es.<\/p>\n<p>A not\u00edcia, no entanto, n\u00e3o \u00e9 t\u00e3o boa para aqueles que n\u00e3o gostam do frio. <mark style=\"background-color:#fcb900\" class=\"has-inline-color\">A semana deve come\u00e7ar com um <strong>ciclone extratropical em alto mar<\/strong> dando origem a uma<strong> nova frente fria<\/strong> que se desloca sobre o Brasil, de acordo com os meteorologistas.<\/mark><\/p>\n<p>Esse sistema <strong>n\u00e3o deve provocar chuva<\/strong>, mas sim, uma <strong>nova massa de ar polar<\/strong> que <strong>refor\u00e7a a queda nas temperaturas dos \u00faltimos dias.<\/strong><\/p>\n<h3 class=\"wp-block-heading\"><strong>At\u00e9 quando vai o frio no interior de SP?<\/strong><\/h3>\n<p>De acordo com a <strong><a href=\"https:\/\/www.climatempo.com.br\/\" target=\"_blank\" rel=\"noreferrer noopener\">Climatempo<\/a><\/strong>, com a atua\u00e7\u00e3o do <strong>ciclone <\/strong>teremos mar agitado e ventania na costa do Sul e do Sudeste.<\/p>\n<p>Diante deste cen\u00e1rio, <mark style=\"background-color:#fcb900\" class=\"has-inline-color\">haver\u00e1 o refor\u00e7o na circula\u00e7\u00e3o de ar frio para o <strong>Estado de S\u00e3o Paulo<\/strong>, <strong>at\u00e9 a manh\u00e3 da quarta-feira (14)<\/strong>.<\/mark> As temperaturas v\u00e3o voltar a subir de maneira gradual na parte da tarde, mas o frio mais intenso deve come\u00e7ar a perder for\u00e7a.<\/p>\n<figure class=\"wp-block-pullquote\">\n<blockquote>\n<p>A capital paulista vai amanhecer bem gelada nesta segunda-feira (12), com m\u00ednima prevista de 8\u202f\u00b0C e a m\u00e1xima n\u00e3o deve passar ainda dos 19\u202f\u00b0C. As temperaturas m\u00ednimas tamb\u00e9m v\u00e3o ficar baixas em v\u00e1rias cidades do interior<\/p>\n<\/blockquote>\n<\/figure>\n<h4 class=\"wp-block-heading\"><strong>Como fica Ribeir\u00e3o?<\/strong><\/h4>\n<p><strong>Ribeir\u00e3o Preto <\/strong>ter\u00e1 uma segunda-feira (12) gelada, com a <strong>m\u00ednima prevista de 7\u00baC<\/strong> e m\u00e1xima de 25\u00baC. O dia ser\u00e1 de Sol sem nuvens, sem chances de chuva.<\/p>\n<p>J\u00e1 na ter\u00e7a-feira (13) a <strong>m\u00ednima ser\u00e1 de 9\u00baC<\/strong> e m\u00e1xima de 26\u00baC. Na quarta (14), a previs\u00e3o diz que o dia ser\u00e1 de sol com algumas nuvens, sem chances de chuva. <strong>M\u00ednima de 10\u00baC<\/strong> e m\u00e1xima de 31\u00baC.<\/p>\n<p>A<strong> frente fria come\u00e7a a perder for\u00e7a e os term\u00f4metros voltam a subir a partir de quinta-feira (15)<\/strong>, quando a previs\u00e3o <strong>m\u00ednima \u00e9 de 16\u00baC<\/strong>.<\/p>\n<hr class=\"wp-block-separator has-alpha-channel-opacity\"\/>\n<p>SAIBA MAIS<\/p>\n<p>Zeca Pagodinho se apresenta em Ribeir\u00e3o Preto no final de semana; Ainda h\u00e1 ingressos<\/p>\n<h4 class=\"wp-block-heading\"><strong>FIQUE ON<\/strong><\/h4>\n<p>Fique ligado em tudo que acontece em Ribeir\u00e3o Preto e regi\u00e3o. Siga os perfis do\u00a0<strong>acidade on\u00a0<\/strong>no\u00a0<a href=\"https:\/\/www.instagram.com\/acidadeonribeirao\/\" target=\"_blank\" rel=\"noreferrer noopener\">Instagram<\/a>\u00a0e no\u00a0<a href=\"https:\/\/www.facebook.com\/acidadeonribeirao\/\" target=\"_blank\" rel=\"noreferrer noopener\">Facebook<\/a>.<\/p>\n<p>Receba not\u00edcias do\u00a0<strong>acidade on<\/strong>\u00a0no WhatsApp.\u00a0<a href=\"https:\/\/chat.whatsapp.com\/Dtv9mxhy6V5BJBotM2OQ5k\" target=\"_blank\" rel=\"noreferrer noopener\">Para entrar no grupo, basta clicar aqui.<\/a><\/p>\n<p>Fa\u00e7a uma den\u00fancia ou sugira uma reportagem sobre Ribeir\u00e3o Preto e regi\u00e3o pelo WhatsApp: 16 99117 7802.<\/p>\n<p>VEJA TAMB\u00c9M<\/p>\n<p>Comemos vespa quando comemos figo?\u00a0 <mark style=\"background-color:#ffffff\" class=\"has-inline-color has-white-color\">contudo,<\/mark> <\/p>\n<p><!-- CONTENT END 1 -->\n<\/div>\n<p><script async src=\"\/\/www.instagram.com\/embed.js\"><\/script><br \/>\n<br \/><br \/>\n<br \/><a href=\"https:\/\/www.acidadeon.com\/ribeiraopreto\/cotidiano\/ate-quando-vai-o-frio-no-interior-de-sp-veja-a-previsao\/\">Source link <\/a><\/p>\n","protected":false},"excerpt":{"rendered":"<p>Uma forte frente fria chegou ao interior do Estado de S\u00e3o Paulo e provocou mudan\u00e7as no tempo, como o registro de chuva e queda acentuada&#8230;<\/p>\n","protected":false},"author":1,"featured_media":55791,"comment_status":"open","ping_status":"open","sticky":false,"template":"","format":"standard","meta":{"_uag_custom_page_level_css":"","advanced_seo_description":"","jetpack_seo_html_title":"","jetpack_seo_noindex":false,"jetpack_post_was_ever_published":false,"_jetpack_newsletter_access":"","_jetpack_dont_email_post_to_subs":false,"_jetpack_newsletter_tier_id":0,"_jetpack_memberships_contains_paywalled_content":false,"_jetpack_memberships_contains_paid_content":false,"footnotes":"","jetpack_publicize_message":"","jetpack_publicize_feature_enabled":true,"jetpack_social_post_already_shared":true,"jetpack_social_options":{"image_generator_settings":{"template":"highway","default_image_id":0,"font":"","enabled":false},"version":2}},"categories":[11],"tags":[],"class_list":["post-59701","post","type-post","status-publish","format-standard","has-post-thumbnail","hentry","category-noticias-de-ribeirao-preto-sp-e-regiao-ismael-colosi"],"jetpack_publicize_connections":[],"jetpack_featured_media_url":"https:\/\/i0.wp.com\/ismaelcolosi.com.br\/wp-content\/uploads\/2024\/07\/AnyConv.com__onda-de-frio_2024-07-05_16-31-44.webp.webp?fit=2000%2C1333&ssl=1","uagb_featured_image_src":{"full":["https:\/\/i0.wp.com\/ismaelcolosi.com.br\/wp-content\/uploads\/2024\/07\/AnyConv.com__onda-de-frio_2024-07-05_16-31-44.webp.webp?fit=2000%2C1333&ssl=1",2000,1333,false],"thumbnail":["https:\/\/i0.wp.com\/ismaelcolosi.com.br\/wp-content\/uploads\/2024\/07\/AnyConv.com__onda-de-frio_2024-07-05_16-31-44.webp.webp?resize=150%2C150&ssl=1",150,150,true],"medium":["https:\/\/i0.wp.com\/ismaelcolosi.com.br\/wp-content\/uploads\/2024\/07\/AnyConv.com__onda-de-frio_2024-07-05_16-31-44.webp.webp?fit=300%2C200&ssl=1",300,200,true],"medium_large":["https:\/\/i0.wp.com\/ismaelcolosi.com.br\/wp-content\/uploads\/2024\/07\/AnyConv.com__onda-de-frio_2024-07-05_16-31-44.webp.webp?fit=768%2C512&ssl=1",768,512,true],"large":["https:\/\/i0.wp.com\/ismaelcolosi.com.br\/wp-content\/uploads\/2024\/07\/AnyConv.com__onda-de-frio_2024-07-05_16-31-44.webp.webp?fit=1024%2C682&ssl=1",1024,682,true],"1536x1536":["https:\/\/i0.wp.com\/ismaelcolosi.com.br\/wp-content\/uploads\/2024\/07\/AnyConv.com__onda-de-frio_2024-07-05_16-31-44.webp.webp?fit=1536%2C1024&ssl=1",1536,1024,true],"2048x2048":["https:\/\/i0.wp.com\/ismaelcolosi.com.br\/wp-content\/uploads\/2024\/07\/AnyConv.com__onda-de-frio_2024-07-05_16-31-44.webp.webp?fit=2000%2C1333&ssl=1",2000,1333,true],"really-simple-thumb":["https:\/\/i0.wp.com\/ismaelcolosi.com.br\/wp-content\/uploads\/2024\/07\/AnyConv.com__onda-de-frio_2024-07-05_16-31-44.webp.webp?resize=370%2C247&ssl=1",370,247,true]},"uagb_author_info":{"display_name":"ismaelcolosi.com.br","author_link":"https:\/\/ismaelcolosi.com.br\/index.php\/author\/vidareal-online\/"},"uagb_comment_info":0,"uagb_excerpt":"Uma forte frente fria chegou ao interior do Estado de S\u00e3o Paulo e provocou mudan\u00e7as no tempo, como o registro de chuva e queda acentuada...","jetpack-related-posts":[{"id":60958,"url":"https:\/\/ismaelcolosi.com.br\/index.php\/2024\/08\/19\/vai-fazer-mais-frio-em-agosto-veja-a-previsao-do-tempo-para-o-interior-de-sp\/","url_meta":{"origin":59701,"position":0},"title":"Vai fazer mais frio em agosto? Veja a previs\u00e3o do tempo para o interior de SP","author":"ismaelcolosi.com.br","date":"19 de August de 2024","format":false,"excerpt":"Ap\u00f3s uma forte onda de frio que estabeleceu recordes de baixas temperaturas na primeira quinzena do m\u00eas de agosto, o calor voltou a afetar diversas regi\u00f5es do interior de S\u00e3o Paulo. Entretanto, essa onda de calor n\u00e3o vai durar muito, pois o frio j\u00e1 tem data marcada para retornar, de\u2026","rel":"","context":"In &quot;Not\u00edcias de Ribeir\u00e3o Preto-SP e Regi\u00e3o&quot;","block_context":{"text":"Not\u00edcias de Ribeir\u00e3o Preto-SP e Regi\u00e3o","link":"https:\/\/ismaelcolosi.com.br\/index.php\/category\/noticias-de-ribeirao-preto-sp-e-regiao-ismael-colosi\/"},"img":{"alt_text":"","src":"https:\/\/i0.wp.com\/ismaelcolosi.com.br\/wp-content\/uploads\/2024\/08\/frente_fria_-_foto_guilherme_sircili_5.jpg_231334169.png?fit=600%2C400&ssl=1&resize=350%2C200","width":350,"height":200,"srcset":"https:\/\/i0.wp.com\/ismaelcolosi.com.br\/wp-content\/uploads\/2024\/08\/frente_fria_-_foto_guilherme_sircili_5.jpg_231334169.png?fit=600%2C400&ssl=1&resize=350%2C200 1x, https:\/\/i0.wp.com\/ismaelcolosi.com.br\/wp-content\/uploads\/2024\/08\/frente_fria_-_foto_guilherme_sircili_5.jpg_231334169.png?fit=600%2C400&ssl=1&resize=525%2C300 1.5x"},"classes":[]},{"id":51572,"url":"https:\/\/ismaelcolosi.com.br\/index.php\/2024\/05\/28\/segunda-onda-de-frio-chega-ao-estado-de-sp-e-derruba-as-temperaturas\/","url_meta":{"origin":59701,"position":1},"title":"Segunda onda de frio chega ao estado de SP e derruba as temperaturas","author":"ismaelcolosi.com.br","date":"28 de May de 2024","format":false,"excerpt":"A segunda onda de frio de 2024 come\u00e7ou a se formar e deve derrubar as temperaturas no estado S\u00e3o Paulo, a apartir da noite desta ter\u00e7a-feira (28). De acordo com os meteorologistas, ap\u00f3s a forma\u00e7\u00e3o de ciclone extratropical e sua frente fria na segunda (27), a alta p\u00f3s frontal avan\u00e7ar\u00e1\u2026","rel":"","context":"In &quot;Not\u00edcias de Ribeir\u00e3o Preto-SP e Regi\u00e3o&quot;","block_context":{"text":"Not\u00edcias de Ribeir\u00e3o Preto-SP e Regi\u00e3o","link":"https:\/\/ismaelcolosi.com.br\/index.php\/category\/noticias-de-ribeirao-preto-sp-e-regiao-ismael-colosi\/"},"img":{"alt_text":"","src":"https:\/\/i0.wp.com\/ismaelcolosi.com.br\/wp-content\/uploads\/2024\/04\/AnyConv.com__frio.webp.webp?fit=1200%2C800&ssl=1&resize=350%2C200","width":350,"height":200,"srcset":"https:\/\/i0.wp.com\/ismaelcolosi.com.br\/wp-content\/uploads\/2024\/04\/AnyConv.com__frio.webp.webp?fit=1200%2C800&ssl=1&resize=350%2C200 1x, https:\/\/i0.wp.com\/ismaelcolosi.com.br\/wp-content\/uploads\/2024\/04\/AnyConv.com__frio.webp.webp?fit=1200%2C800&ssl=1&resize=525%2C300 1.5x, https:\/\/i0.wp.com\/ismaelcolosi.com.br\/wp-content\/uploads\/2024\/04\/AnyConv.com__frio.webp.webp?fit=1200%2C800&ssl=1&resize=700%2C400 2x, https:\/\/i0.wp.com\/ismaelcolosi.com.br\/wp-content\/uploads\/2024\/04\/AnyConv.com__frio.webp.webp?fit=1200%2C800&ssl=1&resize=1050%2C600 3x"},"classes":[]},{"id":61290,"url":"https:\/\/ismaelcolosi.com.br\/index.php\/2024\/08\/21\/antes-de-frente-fria-interior-de-sp-deve-registrar-pico-de-calor-saiba-quando\/","url_meta":{"origin":59701,"position":2},"title":"Antes de\u00a0frente fria, interior de SP deve registrar pico de calor; Saiba quando","author":"ismaelcolosi.com.br","date":"21 de August de 2024","format":false,"excerpt":"As temperaturas seguem extremas antes de uma frente fria prevista para avan\u00e7a pelo Brasil a partir desta quinta-feira (22). Segundo a Climatempo, esta nova frente fria tem caracter\u00edstica continental, est\u00e1 associada a um ciclone extratropical no mar e tem expectativa de trazer chuva e derrubar as temperaturas no Centro-Sul. \u201cA\u2026","rel":"","context":"In &quot;Not\u00edcias de Ribeir\u00e3o Preto-SP e Regi\u00e3o&quot;","block_context":{"text":"Not\u00edcias de Ribeir\u00e3o Preto-SP e Regi\u00e3o","link":"https:\/\/ismaelcolosi.com.br\/index.php\/category\/noticias-de-ribeirao-preto-sp-e-regiao-ismael-colosi\/"},"img":{"alt_text":"","src":"https:\/\/i0.wp.com\/ismaelcolosi.com.br\/wp-content\/uploads\/2024\/08\/WhatsApp-Image-2024-08-21-at-07.21.47_2024-08-21_10-22-33_jpeg_2024-08-21_10-22-34.webp.webp?fit=1200%2C647&ssl=1&resize=350%2C200","width":350,"height":200,"srcset":"https:\/\/i0.wp.com\/ismaelcolosi.com.br\/wp-content\/uploads\/2024\/08\/WhatsApp-Image-2024-08-21-at-07.21.47_2024-08-21_10-22-33_jpeg_2024-08-21_10-22-34.webp.webp?fit=1200%2C647&ssl=1&resize=350%2C200 1x, https:\/\/i0.wp.com\/ismaelcolosi.com.br\/wp-content\/uploads\/2024\/08\/WhatsApp-Image-2024-08-21-at-07.21.47_2024-08-21_10-22-33_jpeg_2024-08-21_10-22-34.webp.webp?fit=1200%2C647&ssl=1&resize=525%2C300 1.5x, https:\/\/i0.wp.com\/ismaelcolosi.com.br\/wp-content\/uploads\/2024\/08\/WhatsApp-Image-2024-08-21-at-07.21.47_2024-08-21_10-22-33_jpeg_2024-08-21_10-22-34.webp.webp?fit=1200%2C647&ssl=1&resize=700%2C400 2x, https:\/\/i0.wp.com\/ismaelcolosi.com.br\/wp-content\/uploads\/2024\/08\/WhatsApp-Image-2024-08-21-at-07.21.47_2024-08-21_10-22-33_jpeg_2024-08-21_10-22-34.webp.webp?fit=1200%2C647&ssl=1&resize=1050%2C600 3x"},"classes":[]},{"id":46472,"url":"https:\/\/ismaelcolosi.com.br\/index.php\/2024\/04\/11\/frente-fria-nao-derruba-temperatura-no-interior-de-sp-mas-pode-trazer-chuva-entenda\/","url_meta":{"origin":59701,"position":3},"title":"Frente fria n\u00e3o derruba temperatura no interior de SP mas pode trazer chuva; Entenda","author":"ismaelcolosi.com.br","date":"11 de April de 2024","format":false,"excerpt":"A frente fria que avan\u00e7ou da Argentina, se deslocou pelo alto mar em dire\u00e7\u00e3o ao Sudeste brasileiro, nesta quinta-feira (11), e causou chuva em algumas cidades do estado de S\u00e3o Paulo. No interior paulista, a chegada desse sistema n\u00e3o vai causar queda nas temperaturas, contudo, vai aumentar a umidade e\u2026","rel":"","context":"In &quot;Not\u00edcias de Ribeir\u00e3o Preto-SP e Regi\u00e3o&quot;","block_context":{"text":"Not\u00edcias de Ribeir\u00e3o Preto-SP e Regi\u00e3o","link":"https:\/\/ismaelcolosi.com.br\/index.php\/category\/noticias-de-ribeirao-preto-sp-e-regiao-ismael-colosi\/"},"img":{"alt_text":"","src":"https:\/\/i0.wp.com\/ismaelcolosi.com.br\/wp-content\/uploads\/2024\/04\/chuva.jpeg?fit=1200%2C903&ssl=1&resize=350%2C200","width":350,"height":200,"srcset":"https:\/\/i0.wp.com\/ismaelcolosi.com.br\/wp-content\/uploads\/2024\/04\/chuva.jpeg?fit=1200%2C903&ssl=1&resize=350%2C200 1x, https:\/\/i0.wp.com\/ismaelcolosi.com.br\/wp-content\/uploads\/2024\/04\/chuva.jpeg?fit=1200%2C903&ssl=1&resize=525%2C300 1.5x, https:\/\/i0.wp.com\/ismaelcolosi.com.br\/wp-content\/uploads\/2024\/04\/chuva.jpeg?fit=1200%2C903&ssl=1&resize=700%2C400 2x, https:\/\/i0.wp.com\/ismaelcolosi.com.br\/wp-content\/uploads\/2024\/04\/chuva.jpeg?fit=1200%2C903&ssl=1&resize=1050%2C600 3x"},"classes":[]},{"id":49858,"url":"https:\/\/ismaelcolosi.com.br\/index.php\/2024\/05\/13\/ciclone-extratropical-e-nova-frente-fria-veja-onde-pode-chover-no-interior-de-sp\/","url_meta":{"origin":59701,"position":4},"title":"Ciclone extratropical e nova frente fria: Veja onde pode chover no interior de SP","author":"ismaelcolosi.com.br","date":"13 de May de 2024","format":false,"excerpt":"Uma nova frente fria come\u00e7ou se formar no Sul do Brasil, nesta segunda-feira (13), e deve aliviar o calor\u00e3o que atinge o estado de S\u00e3o Paulo desde o m\u00eas de abril, segundo a meteorologia. A chegada dessa frente fria tem influ\u00eancia de um ciclone extratropical em alto mar que provoca\u2026","rel":"","context":"In &quot;Not\u00edcias de Ribeir\u00e3o Preto-SP e Regi\u00e3o&quot;","block_context":{"text":"Not\u00edcias de Ribeir\u00e3o Preto-SP e Regi\u00e3o","link":"https:\/\/ismaelcolosi.com.br\/index.php\/category\/noticias-de-ribeirao-preto-sp-e-regiao-ismael-colosi\/"},"img":{"alt_text":"","src":"https:\/\/i0.wp.com\/ismaelcolosi.com.br\/wp-content\/uploads\/2024\/05\/chuva_forte_1024x576_06122019161537.jpg?fit=1024%2C575&ssl=1&resize=350%2C200","width":350,"height":200,"srcset":"https:\/\/i0.wp.com\/ismaelcolosi.com.br\/wp-content\/uploads\/2024\/05\/chuva_forte_1024x576_06122019161537.jpg?fit=1024%2C575&ssl=1&resize=350%2C200 1x, https:\/\/i0.wp.com\/ismaelcolosi.com.br\/wp-content\/uploads\/2024\/05\/chuva_forte_1024x576_06122019161537.jpg?fit=1024%2C575&ssl=1&resize=525%2C300 1.5x, https:\/\/i0.wp.com\/ismaelcolosi.com.br\/wp-content\/uploads\/2024\/05\/chuva_forte_1024x576_06122019161537.jpg?fit=1024%2C575&ssl=1&resize=700%2C400 2x"},"classes":[]},{"id":59854,"url":"https:\/\/ismaelcolosi.com.br\/index.php\/2024\/08\/12\/alerta-de-geada-e-emitido-para-o-interior-de-sp-veja-cidades-afetadas\/","url_meta":{"origin":59701,"position":5},"title":"Alerta de geada \u00e9 emitido para o interior de SP; Veja cidades afetadas","author":"ismaelcolosi.com.br","date":"12 de August de 2024","format":false,"excerpt":"Um ciclone extratropical em alto mar deu origem a uma frente fria que se deslocou sobre o Brasil e trouxe uma nova massa de ar polar que refor\u00e7a a queda nas temperaturas do interior do Estado de S\u00e3o Paulo. Por causa desse cen\u00e1rio, o Instituto Nacional de Meteorologia (Inmet) emitiu\u2026","rel":"","context":"In &quot;Not\u00edcias de Ribeir\u00e3o Preto-SP e Regi\u00e3o&quot;","block_context":{"text":"Not\u00edcias de Ribeir\u00e3o Preto-SP e Regi\u00e3o","link":"https:\/\/ismaelcolosi.com.br\/index.php\/category\/noticias-de-ribeirao-preto-sp-e-regiao-ismael-colosi\/"},"img":{"alt_text":"","src":"https:\/\/i0.wp.com\/ismaelcolosi.com.br\/wp-content\/uploads\/2024\/07\/frio-df_mcamgo_abr_110820221818-4_2024-07-08_17-50-52_jpg_2024-07-08_17-50-54-scaled.webp.webp?fit=1200%2C800&ssl=1&resize=350%2C200","width":350,"height":200,"srcset":"https:\/\/i0.wp.com\/ismaelcolosi.com.br\/wp-content\/uploads\/2024\/07\/frio-df_mcamgo_abr_110820221818-4_2024-07-08_17-50-52_jpg_2024-07-08_17-50-54-scaled.webp.webp?fit=1200%2C800&ssl=1&resize=350%2C200 1x, https:\/\/i0.wp.com\/ismaelcolosi.com.br\/wp-content\/uploads\/2024\/07\/frio-df_mcamgo_abr_110820221818-4_2024-07-08_17-50-52_jpg_2024-07-08_17-50-54-scaled.webp.webp?fit=1200%2C800&ssl=1&resize=525%2C300 1.5x, https:\/\/i0.wp.com\/ismaelcolosi.com.br\/wp-content\/uploads\/2024\/07\/frio-df_mcamgo_abr_110820221818-4_2024-07-08_17-50-52_jpg_2024-07-08_17-50-54-scaled.webp.webp?fit=1200%2C800&ssl=1&resize=700%2C400 2x, https:\/\/i0.wp.com\/ismaelcolosi.com.br\/wp-content\/uploads\/2024\/07\/frio-df_mcamgo_abr_110820221818-4_2024-07-08_17-50-52_jpg_2024-07-08_17-50-54-scaled.webp.webp?fit=1200%2C800&ssl=1&resize=1050%2C600 3x"},"classes":[]}],"jetpack_sharing_enabled":true,"jetpack_shortlink":"https:\/\/wp.me\/pfMlyK-fwV","_links":{"self":[{"href":"https:\/\/ismaelcolosi.com.br\/index.php\/wp-json\/wp\/v2\/posts\/59701","targetHints":{"allow":["GET"]}}],"collection":[{"href":"https:\/\/ismaelcolosi.com.br\/index.php\/wp-json\/wp\/v2\/posts"}],"about":[{"href":"https:\/\/ismaelcolosi.com.br\/index.php\/wp-json\/wp\/v2\/types\/post"}],"author":[{"embeddable":true,"href":"https:\/\/ismaelcolosi.com.br\/index.php\/wp-json\/wp\/v2\/users\/1"}],"replies":[{"embeddable":true,"href":"https:\/\/ismaelcolosi.com.br\/index.php\/wp-json\/wp\/v2\/comments?post=59701"}],"version-history":[{"count":0,"href":"https:\/\/ismaelcolosi.com.br\/index.php\/wp-json\/wp\/v2\/posts\/59701\/revisions"}],"wp:featuredmedia":[{"embeddable":true,"href":"https:\/\/ismaelcolosi.com.br\/index.php\/wp-json\/wp\/v2\/media\/55791"}],"wp:attachment":[{"href":"https:\/\/ismaelcolosi.com.br\/index.php\/wp-json\/wp\/v2\/media?parent=59701"}],"wp:term":[{"taxonomy":"category","embeddable":true,"href":"https:\/\/ismaelcolosi.com.br\/index.php\/wp-json\/wp\/v2\/categories?post=59701"},{"taxonomy":"post_tag","embeddable":true,"href":"https:\/\/ismaelcolosi.com.br\/index.php\/wp-json\/wp\/v2\/tags?post=59701"}],"curies":[{"name":"wp","href":"https:\/\/api.w.org\/{rel}","templated":true}]}}