{"id":59682,"date":"2024-08-11T10:58:19","date_gmt":"2024-08-11T13:58:19","guid":{"rendered":"https:\/\/ismaelcolosi.com.br\/index.php\/2024\/08\/11\/ribeirao-preto-registra-5oc-neste-domingo-veja-previsao-para-os-proximos-dias\/"},"modified":"2024-08-11T10:58:19","modified_gmt":"2024-08-11T13:58:19","slug":"ribeirao-preto-registra-5oc-neste-domingo-veja-previsao-para-os-proximos-dias","status":"publish","type":"post","link":"https:\/\/ismaelcolosi.com.br\/index.php\/2024\/08\/11\/ribeirao-preto-registra-5oc-neste-domingo-veja-previsao-para-os-proximos-dias\/","title":{"rendered":"Ribeir\u00e3o Preto registra 5\u00baC neste domingo; Veja previs\u00e3o para os pr\u00f3ximos dias"},"content":{"rendered":"<p> <br \/>\n<\/p>\n<div data-td-block-uid=\"tdi_106\">\n<div class=\"tdb-block-inner td-fix-index\">\n<p>Uma <strong>forte fria<\/strong> atingiu o interior paulista nos \u00faltimos dias e provocou uma <strong>mudan\u00e7a no tempo<\/strong> em diversas regi\u00f5es do estado, inclusive em <strong>Ribeir\u00e3o Preto<\/strong>. <\/p>\n<p>De acordo com o monitoramento do <strong><a href=\"http:\/\/www.ciiagro.org.br\/ema\/minutos.php?id=65#\" target=\"_blank\" rel=\"noreferrer noopener\">Centro Integrado de Informa\u00e7\u00f5es Agrometeorol\u00f3gicas (Ciiagro)<\/a><\/strong>, <mark style=\"background-color:#fcb900\" class=\"has-inline-color\">os term\u00f4metros do munic\u00edpio registraram <strong>5,9\u00baC<\/strong> durante a madrugada deste <strong>domingo (11)<\/strong>. No <strong>s\u00e1bado (10)<\/strong>, a cidade registrou temperatura m\u00ednima de <strong>5,7\u00baC<\/strong>. <\/mark><\/p>\n<p>Vale ressaltar que a temperatura vai subir durante o dia, contudo<strong>, n\u00e3o deve ultrapassar os 25\u00baC<\/strong>, segundo a <strong>Climatempo<\/strong>. A previs\u00e3o \u00e9 de sol com algumas nuvens e n\u00e3o h\u00e1 previs\u00e3o para chuva.<\/p>\n<h3 class=\"wp-block-heading\"><strong>Vai fazer mais frio?<\/strong><\/h3>\n<p>Conforme o servi\u00e7o de meteorologia, a semana <strong>deve come\u00e7ar mais gelada<\/strong> por causa de um novo e intenso <strong>per\u00edodo de frio<\/strong> devido \u00e0 forma\u00e7\u00e3o de um <strong>ciclone extratropical em alto mar<\/strong>.<\/p>\n<figure class=\"wp-block-pullquote\">\n<blockquote>\n<p>A combina\u00e7\u00e3o da forma\u00e7\u00e3o do ciclone em alto mar com a atua\u00e7\u00e3o de uma alta press\u00e3o sobre o Brasil, que d\u00e1 origem \u00e0 massa de ar polar, criar\u00e1 um verdadeiro \u2018corredor de vento\u2019. Este fen\u00f4meno impulsionar\u00e1 ventos frios para grande parte do pa\u00eds, especialmente no in\u00edcio da pr\u00f3xima semana. Espera-se que segunda, ter\u00e7a e quarta-feira sejam os dias mais gelados desta nova onda de frio<\/p>\n<p><cite>Climatempo<\/cite><\/p><\/blockquote>\n<\/figure>\n<h3 class=\"wp-block-heading\"><strong>Como fica Ribeir\u00e3o Preto nos pr\u00f3ximos dias?<\/strong><\/h3>\n<p>Ainda de acordo com os meteorologistas, embora o sistema<strong> n\u00e3o passe diretamente sobre nenhuma regi\u00e3o<\/strong> <strong>brasileira<\/strong>, sua influ\u00eancia ser\u00e1 significativa.<\/p>\n<p>Em <strong>Ribeir\u00e3o Preto<\/strong>, por exemplo, as <strong>temperaturas m\u00e1ximas<\/strong> n\u00e3o devem ultrapassar os <strong>26\u00baC<\/strong> entre segunda (12) e ter\u00e7a-feira (13). Veja como fica os pr\u00f3ximos dias no munic\u00edpio:<\/p>\n<ul>\n<li><strong>Segunda-feira (11)<\/strong>: Sol o dia todo sem nuvens. Noite de tempo aberto. M\u00ednima de 10\u00baC e m\u00e1xima de 26\u00baC;<\/li>\n<\/ul>\n<ul>\n<li><strong>Ter\u00e7a-feira (12)<\/strong>: Sol com algumas nuvens. N\u00e3o chove. M\u00ednima de 9\u00baC e m\u00e1xima de 26\u00baC;<\/li>\n<\/ul>\n<ul>\n<li><strong>Quarta-feira (13)<\/strong>: Sol com algumas nuvens. N\u00e3o chove. M\u00ednima de 10\u00baC e m\u00e1xima de 31\u00baC;<\/li>\n<\/ul>\n<ul>\n<li><strong>Quinta-feira (14)<\/strong>: Sol o dia todo sem nuvens. M\u00ednima de 16\u00baC e m\u00e1xima de 30\u00baC.<\/li>\n<\/ul>\n<hr class=\"wp-block-separator has-alpha-channel-opacity\"\/>\n<p>SAIBA MAIS<br \/>Rodovias da regi\u00e3o de Ribeir\u00e3o Preto v\u00e3o receber 42 radares; Veja os locais<\/p>\n<h4 class=\"wp-block-heading\"><strong>FIQUE ON<\/strong><\/h4>\n<p>Fique ligado em tudo que acontece em Ribeir\u00e3o Preto e regi\u00e3o. Siga os perfis do\u00a0<strong>acidade on\u00a0<\/strong>no\u00a0<a href=\"https:\/\/www.instagram.com\/acidadeonribeirao\" target=\"_blank\" rel=\"noreferrer noopener\">Instagram<\/a>\u00a0e no\u00a0<a href=\"https:\/\/www.facebook.com\/acidadeonribeirao\/\" target=\"_blank\" rel=\"noreferrer noopener\">Facebook<\/a>.<\/p>\n<p>Receba not\u00edcias do\u00a0<strong>acidade on\u00a0<\/strong>no WhatsApp.<a href=\"https:\/\/chat.whatsapp.com\/Dtv9mxhy6V5BJBotM2OQ5k\" target=\"_blank\" rel=\"noreferrer noopener\">\u00a0Para entrar no grupo, basta clicar aqui.<\/a><\/p>\n<p>Fa\u00e7a uma den\u00fancia ou sugira uma reportagem sobre Ribeir\u00e3o Preto e regi\u00e3o pelo WhatsApp: 16 99117 7802.<\/p>\n<p>VEJA TAMB\u00c9M<\/p>\n<p>Por que Muse Maya foi desclassificada do \u2018Estrela da Casa\u2019?<\/p>\n<p><!-- CONTENT END 1 -->\n<\/div>\n<\/div>\n<p><script async src=\"\/\/www.instagram.com\/embed.js\"><\/script><br \/>\n<br \/><br \/>\n<br \/><a href=\"https:\/\/www.acidadeon.com\/ribeiraopreto\/cotidiano\/ribeirao-preto-registra-5oc-neste-domingo-veja-previsao-para-os-proximos-dias\/\">Source link <\/a><\/p>\n","protected":false},"excerpt":{"rendered":"<p>Uma forte fria atingiu o interior paulista nos \u00faltimos dias e provocou uma mudan\u00e7a no tempo em diversas regi\u00f5es do estado, inclusive em Ribeir\u00e3o Preto&#8230;.<\/p>\n","protected":false},"author":1,"featured_media":59683,"comment_status":"open","ping_status":"open","sticky":false,"template":"","format":"standard","meta":{"_uag_custom_page_level_css":"","advanced_seo_description":"","jetpack_seo_html_title":"","jetpack_seo_noindex":false,"jetpack_post_was_ever_published":false,"_jetpack_newsletter_access":"","_jetpack_dont_email_post_to_subs":false,"_jetpack_newsletter_tier_id":0,"_jetpack_memberships_contains_paywalled_content":false,"_jetpack_memberships_contains_paid_content":false,"footnotes":"","jetpack_publicize_message":"","jetpack_publicize_feature_enabled":true,"jetpack_social_post_already_shared":true,"jetpack_social_options":{"image_generator_settings":{"template":"highway","default_image_id":0,"font":"","enabled":false},"version":2}},"categories":[11],"tags":[],"class_list":["post-59682","post","type-post","status-publish","format-standard","has-post-thumbnail","hentry","category-noticias-de-ribeirao-preto-sp-e-regiao-ismael-colosi"],"jetpack_publicize_connections":[],"jetpack_featured_media_url":"https:\/\/i0.wp.com\/ismaelcolosi.com.br\/wp-content\/uploads\/2024\/08\/frio_luva_1200x675_16042022092951.jpg?fit=1200%2C675&ssl=1","uagb_featured_image_src":{"full":["https:\/\/i0.wp.com\/ismaelcolosi.com.br\/wp-content\/uploads\/2024\/08\/frio_luva_1200x675_16042022092951.jpg?fit=1200%2C675&ssl=1",1200,675,false],"thumbnail":["https:\/\/i0.wp.com\/ismaelcolosi.com.br\/wp-content\/uploads\/2024\/08\/frio_luva_1200x675_16042022092951.jpg?resize=150%2C150&ssl=1",150,150,true],"medium":["https:\/\/i0.wp.com\/ismaelcolosi.com.br\/wp-content\/uploads\/2024\/08\/frio_luva_1200x675_16042022092951.jpg?fit=300%2C169&ssl=1",300,169,true],"medium_large":["https:\/\/i0.wp.com\/ismaelcolosi.com.br\/wp-content\/uploads\/2024\/08\/frio_luva_1200x675_16042022092951.jpg?fit=768%2C432&ssl=1",768,432,true],"large":["https:\/\/i0.wp.com\/ismaelcolosi.com.br\/wp-content\/uploads\/2024\/08\/frio_luva_1200x675_16042022092951.jpg?fit=1024%2C576&ssl=1",1024,576,true],"1536x1536":["https:\/\/i0.wp.com\/ismaelcolosi.com.br\/wp-content\/uploads\/2024\/08\/frio_luva_1200x675_16042022092951.jpg?fit=1200%2C675&ssl=1",1200,675,true],"2048x2048":["https:\/\/i0.wp.com\/ismaelcolosi.com.br\/wp-content\/uploads\/2024\/08\/frio_luva_1200x675_16042022092951.jpg?fit=1200%2C675&ssl=1",1200,675,true],"really-simple-thumb":["https:\/\/i0.wp.com\/ismaelcolosi.com.br\/wp-content\/uploads\/2024\/08\/frio_luva_1200x675_16042022092951.jpg?resize=370%2C247&ssl=1",370,247,true]},"uagb_author_info":{"display_name":"ismaelcolosi.com.br","author_link":"https:\/\/ismaelcolosi.com.br\/index.php\/author\/vidareal-online\/"},"uagb_comment_info":0,"uagb_excerpt":"Uma forte fria atingiu o interior paulista nos \u00faltimos dias e provocou uma mudan\u00e7a no tempo em diversas regi\u00f5es do estado, inclusive em Ribeir\u00e3o Preto....","jetpack-related-posts":[{"id":34891,"url":"https:\/\/ismaelcolosi.com.br\/index.php\/2024\/02\/04\/domingo-comeca-com-tempo-fechado-em-ribeirao-veja-previsao-para-os-proximos-5-dias\/","url_meta":{"origin":59682,"position":0},"title":"Domingo come\u00e7a com tempo fechado em Ribeir\u00e3o; Veja previs\u00e3o para os pr\u00f3ximos 5 dias","author":"ismaelcolosi.com.br","date":"4 de February de 2024","format":false,"excerpt":"O domingo (4) amanheceu com tempo fechado e chuvoso em Ribeir\u00e3o Preto. De acordo com a Climatempo, o sol aparece com algumas nuvens e mant\u00e9m o tempo abafado. Pancadas de chuva podem ocorrer durante o dia e \u00e0 noite. Existem 83% de chances de chover o acumulado de 10 mil\u00edmetros.\u2026","rel":"","context":"In &quot;Not\u00edcias de Ribeir\u00e3o Preto-SP e Regi\u00e3o&quot;","block_context":{"text":"Not\u00edcias de Ribeir\u00e3o Preto-SP e Regi\u00e3o","link":"https:\/\/ismaelcolosi.com.br\/index.php\/category\/noticias-de-ribeirao-preto-sp-e-regiao-ismael-colosi\/"},"img":{"alt_text":"","src":"https:\/\/i0.wp.com\/ismaelcolosi.com.br\/wp-content\/uploads\/2024\/02\/WhatsApp-Image-2023-12-22-at-07.23.32.jpeg?fit=1200%2C675&ssl=1&resize=350%2C200","width":350,"height":200,"srcset":"https:\/\/i0.wp.com\/ismaelcolosi.com.br\/wp-content\/uploads\/2024\/02\/WhatsApp-Image-2023-12-22-at-07.23.32.jpeg?fit=1200%2C675&ssl=1&resize=350%2C200 1x, https:\/\/i0.wp.com\/ismaelcolosi.com.br\/wp-content\/uploads\/2024\/02\/WhatsApp-Image-2023-12-22-at-07.23.32.jpeg?fit=1200%2C675&ssl=1&resize=525%2C300 1.5x, https:\/\/i0.wp.com\/ismaelcolosi.com.br\/wp-content\/uploads\/2024\/02\/WhatsApp-Image-2023-12-22-at-07.23.32.jpeg?fit=1200%2C675&ssl=1&resize=700%2C400 2x, https:\/\/i0.wp.com\/ismaelcolosi.com.br\/wp-content\/uploads\/2024\/02\/WhatsApp-Image-2023-12-22-at-07.23.32.jpeg?fit=1200%2C675&ssl=1&resize=1050%2C600 3x"},"classes":[]},{"id":2313,"url":"https:\/\/ismaelcolosi.com.br\/index.php\/2023\/11\/15\/calor-vai-continuar-veja-a-previsao-do-tempo-para-os-proximos-5-dias-em-ribeirao\/","url_meta":{"origin":59682,"position":1},"title":"Calor vai continuar? Veja a previs\u00e3o do tempo para os pr\u00f3ximos 5 dias em Ribeir\u00e3o","author":"ismaelcolosi.com.br","date":"15 de November de 2023","format":false,"excerpt":"O calor\u00e3o deve continuar nesta quarta-feira (15). Segundo a previs\u00e3o do tempo, Ribeir\u00e3o Preto deve ter temperatura m\u00e1xima de 40\u00b0C. A temperatura m\u00ednima foi de 22\u00b0C, \u00e0s 6h. Para quem espera chuva, a Climatempo aponta que h\u00e1 possibilidade de pancadas isoladas no per\u00edodo da tarde \u2013 pode chover at\u00e9 5\u2026","rel":"","context":"In &quot;Not\u00edcias de Ribeir\u00e3o Preto-SP e Regi\u00e3o&quot;","block_context":{"text":"Not\u00edcias de Ribeir\u00e3o Preto-SP e Regi\u00e3o","link":"https:\/\/ismaelcolosi.com.br\/index.php\/category\/noticias-de-ribeirao-preto-sp-e-regiao-ismael-colosi\/"},"img":{"alt_text":"","src":"https:\/\/i0.wp.com\/ismaelcolosi.com.br\/wp-content\/uploads\/2023\/11\/WhatsApp-Image-2023-11-15-at-09.05.42.jpeg?fit=1200%2C675&ssl=1&resize=350%2C200","width":350,"height":200,"srcset":"https:\/\/i0.wp.com\/ismaelcolosi.com.br\/wp-content\/uploads\/2023\/11\/WhatsApp-Image-2023-11-15-at-09.05.42.jpeg?fit=1200%2C675&ssl=1&resize=350%2C200 1x, https:\/\/i0.wp.com\/ismaelcolosi.com.br\/wp-content\/uploads\/2023\/11\/WhatsApp-Image-2023-11-15-at-09.05.42.jpeg?fit=1200%2C675&ssl=1&resize=525%2C300 1.5x, https:\/\/i0.wp.com\/ismaelcolosi.com.br\/wp-content\/uploads\/2023\/11\/WhatsApp-Image-2023-11-15-at-09.05.42.jpeg?fit=1200%2C675&ssl=1&resize=700%2C400 2x, https:\/\/i0.wp.com\/ismaelcolosi.com.br\/wp-content\/uploads\/2023\/11\/WhatsApp-Image-2023-11-15-at-09.05.42.jpeg?fit=1200%2C675&ssl=1&resize=1050%2C600 3x"},"classes":[]},{"id":47696,"url":"https:\/\/ismaelcolosi.com.br\/index.php\/2024\/04\/27\/veja-como-fica-o-tempo-em-ribeirao-preto-neste-fim-de-semana\/","url_meta":{"origin":59682,"position":2},"title":"Veja como fica o tempo em Ribeir\u00e3o Preto neste fim de semana","author":"ismaelcolosi.com.br","date":"27 de April de 2024","format":false,"excerpt":"O \u00faltimo fim de semana de abril em Ribeir\u00e3o Preto ser\u00e1 de muito calor, de acordo com os meteorologistas. Segundo a previs\u00e3o da Climatempo, as temperaturas podem chegar aos 34\u00baC neste s\u00e1bado (27) e no domingo (28). Os dois dias ser\u00e3o marcados pelo sol, com aumento de nuvens a partir\u2026","rel":"","context":"In &quot;Not\u00edcias de Ribeir\u00e3o Preto-SP e Regi\u00e3o&quot;","block_context":{"text":"Not\u00edcias de Ribeir\u00e3o Preto-SP e Regi\u00e3o","link":"https:\/\/ismaelcolosi.com.br\/index.php\/category\/noticias-de-ribeirao-preto-sp-e-regiao-ismael-colosi\/"},"img":{"alt_text":"","src":"https:\/\/i0.wp.com\/ismaelcolosi.com.br\/wp-content\/uploads\/2024\/04\/1714233376_WhatsApp-Image-2024-02-28-at-08.48.57.jpeg?fit=1200%2C900&ssl=1&resize=350%2C200","width":350,"height":200,"srcset":"https:\/\/i0.wp.com\/ismaelcolosi.com.br\/wp-content\/uploads\/2024\/04\/1714233376_WhatsApp-Image-2024-02-28-at-08.48.57.jpeg?fit=1200%2C900&ssl=1&resize=350%2C200 1x, https:\/\/i0.wp.com\/ismaelcolosi.com.br\/wp-content\/uploads\/2024\/04\/1714233376_WhatsApp-Image-2024-02-28-at-08.48.57.jpeg?fit=1200%2C900&ssl=1&resize=525%2C300 1.5x, https:\/\/i0.wp.com\/ismaelcolosi.com.br\/wp-content\/uploads\/2024\/04\/1714233376_WhatsApp-Image-2024-02-28-at-08.48.57.jpeg?fit=1200%2C900&ssl=1&resize=700%2C400 2x, https:\/\/i0.wp.com\/ismaelcolosi.com.br\/wp-content\/uploads\/2024\/04\/1714233376_WhatsApp-Image-2024-02-28-at-08.48.57.jpeg?fit=1200%2C900&ssl=1&resize=1050%2C600 3x"},"classes":[]},{"id":49625,"url":"https:\/\/ismaelcolosi.com.br\/index.php\/2024\/05\/12\/veja-como-fica-o-domingo-de-dia-das-maes-em-ribeirao-preto\/","url_meta":{"origin":59682,"position":3},"title":"Veja como fica o domingo de \u2018Dia das M\u00e3es\u2019 em Ribeir\u00e3o Preto","author":"ismaelcolosi.com.br","date":"12 de May de 2024","format":false,"excerpt":"O domingo (12) do \u201cDia das M\u00e3es\u201d amanheceu com c\u00e9u aberto e sem nuvens. A previs\u00e3o para o dia, segundo a Climatempo, \u00e9 de que a temperatura m\u00e1xima chegue aos 34\u00b0C e a m\u00ednima seja de 18\u00b0C. Apesar do sol, h\u00e1 previs\u00e3o de que ocorra aumento de nuvens no per\u00edodo\u2026","rel":"","context":"In &quot;Not\u00edcias de Ribeir\u00e3o Preto-SP e Regi\u00e3o&quot;","block_context":{"text":"Not\u00edcias de Ribeir\u00e3o Preto-SP e Regi\u00e3o","link":"https:\/\/ismaelcolosi.com.br\/index.php\/category\/noticias-de-ribeirao-preto-sp-e-regiao-ismael-colosi\/"},"img":{"alt_text":"","src":"https:\/\/i0.wp.com\/ismaelcolosi.com.br\/wp-content\/uploads\/2024\/05\/6ab67eb3-1788-46a4-8d07-621094f50c01_2024-05-12_13-09-40_jpg_2024-05-12_13-09-40.webp.webp?fit=1200%2C900&ssl=1&resize=350%2C200","width":350,"height":200,"srcset":"https:\/\/i0.wp.com\/ismaelcolosi.com.br\/wp-content\/uploads\/2024\/05\/6ab67eb3-1788-46a4-8d07-621094f50c01_2024-05-12_13-09-40_jpg_2024-05-12_13-09-40.webp.webp?fit=1200%2C900&ssl=1&resize=350%2C200 1x, https:\/\/i0.wp.com\/ismaelcolosi.com.br\/wp-content\/uploads\/2024\/05\/6ab67eb3-1788-46a4-8d07-621094f50c01_2024-05-12_13-09-40_jpg_2024-05-12_13-09-40.webp.webp?fit=1200%2C900&ssl=1&resize=525%2C300 1.5x, https:\/\/i0.wp.com\/ismaelcolosi.com.br\/wp-content\/uploads\/2024\/05\/6ab67eb3-1788-46a4-8d07-621094f50c01_2024-05-12_13-09-40_jpg_2024-05-12_13-09-40.webp.webp?fit=1200%2C900&ssl=1&resize=700%2C400 2x, https:\/\/i0.wp.com\/ismaelcolosi.com.br\/wp-content\/uploads\/2024\/05\/6ab67eb3-1788-46a4-8d07-621094f50c01_2024-05-12_13-09-40_jpg_2024-05-12_13-09-40.webp.webp?fit=1200%2C900&ssl=1&resize=1050%2C600 3x"},"classes":[]},{"id":49639,"url":"https:\/\/ismaelcolosi.com.br\/index.php\/2024\/05\/12\/veja-como-fica-o-tempo-no-domingo-de-dia-das-maes-em-ribeirao-preto\/","url_meta":{"origin":59682,"position":4},"title":"Veja como fica o tempo no domingo de \u2018Dia das M\u00e3es\u2019 em Ribeir\u00e3o Preto","author":"ismaelcolosi.com.br","date":"12 de May de 2024","format":false,"excerpt":"O domingo (12) do \u201cDia das M\u00e3es\u201d amanheceu com c\u00e9u aberto e sem nuvens. A previs\u00e3o para o dia, segundo a Climatempo, \u00e9 de que a temperatura m\u00e1xima chegue aos 34\u00b0C e a m\u00ednima seja de 18\u00b0C. Apesar do sol, h\u00e1 previs\u00e3o de que ocorra aumento de nuvens no per\u00edodo\u2026","rel":"","context":"In &quot;Not\u00edcias de Ribeir\u00e3o Preto-SP e Regi\u00e3o&quot;","block_context":{"text":"Not\u00edcias de Ribeir\u00e3o Preto-SP e Regi\u00e3o","link":"https:\/\/ismaelcolosi.com.br\/index.php\/category\/noticias-de-ribeirao-preto-sp-e-regiao-ismael-colosi\/"},"img":{"alt_text":"","src":"https:\/\/i0.wp.com\/ismaelcolosi.com.br\/wp-content\/uploads\/2024\/05\/6ab67eb3-1788-46a4-8d07-621094f50c01_2024-05-12_13-09-40_jpg_2024-05-12_13-09-40.webp.webp?fit=1200%2C900&ssl=1&resize=350%2C200","width":350,"height":200,"srcset":"https:\/\/i0.wp.com\/ismaelcolosi.com.br\/wp-content\/uploads\/2024\/05\/6ab67eb3-1788-46a4-8d07-621094f50c01_2024-05-12_13-09-40_jpg_2024-05-12_13-09-40.webp.webp?fit=1200%2C900&ssl=1&resize=350%2C200 1x, https:\/\/i0.wp.com\/ismaelcolosi.com.br\/wp-content\/uploads\/2024\/05\/6ab67eb3-1788-46a4-8d07-621094f50c01_2024-05-12_13-09-40_jpg_2024-05-12_13-09-40.webp.webp?fit=1200%2C900&ssl=1&resize=525%2C300 1.5x, https:\/\/i0.wp.com\/ismaelcolosi.com.br\/wp-content\/uploads\/2024\/05\/6ab67eb3-1788-46a4-8d07-621094f50c01_2024-05-12_13-09-40_jpg_2024-05-12_13-09-40.webp.webp?fit=1200%2C900&ssl=1&resize=700%2C400 2x, https:\/\/i0.wp.com\/ismaelcolosi.com.br\/wp-content\/uploads\/2024\/05\/6ab67eb3-1788-46a4-8d07-621094f50c01_2024-05-12_13-09-40_jpg_2024-05-12_13-09-40.webp.webp?fit=1200%2C900&ssl=1&resize=1050%2C600 3x"},"classes":[]},{"id":68341,"url":"https:\/\/ismaelcolosi.com.br\/index.php\/2024\/09\/29\/nova-onda-de-calor-no-interior-de-sp-veja-previsao-para-ribeirao-preto\/","url_meta":{"origin":59682,"position":5},"title":"Nova onda de calor no interior de SP? Veja previs\u00e3o para Ribeir\u00e3o Preto","author":"ismaelcolosi.com.br","date":"29 de September de 2024","format":false,"excerpt":"Ribeir\u00e3o Preto amanheceu com sol e poucas nuvens no c\u00e9u, neste domingo (29). Conforme previs\u00e3o da Climatempo, os term\u00f4metros podem atingir a m\u00e1xima de 36\u00baC no munic\u00edpio. De acordo com o monitoramento realizado pela Companhia Ambiental do Estado de S\u00e3o Paulo (Cetesb), a menor temperatura registrada at\u00e9 o momento foi\u2026","rel":"","context":"In &quot;Not\u00edcias de Ribeir\u00e3o Preto-SP e Regi\u00e3o&quot;","block_context":{"text":"Not\u00edcias de Ribeir\u00e3o Preto-SP e Regi\u00e3o","link":"https:\/\/ismaelcolosi.com.br\/index.php\/category\/noticias-de-ribeirao-preto-sp-e-regiao-ismael-colosi\/"},"img":{"alt_text":"","src":"https:\/\/i0.wp.com\/ismaelcolosi.com.br\/wp-content\/uploads\/2024\/05\/AnyConv.com__trbr5828-scaled.webp.webp?fit=1200%2C800&ssl=1&resize=350%2C200","width":350,"height":200,"srcset":"https:\/\/i0.wp.com\/ismaelcolosi.com.br\/wp-content\/uploads\/2024\/05\/AnyConv.com__trbr5828-scaled.webp.webp?fit=1200%2C800&ssl=1&resize=350%2C200 1x, https:\/\/i0.wp.com\/ismaelcolosi.com.br\/wp-content\/uploads\/2024\/05\/AnyConv.com__trbr5828-scaled.webp.webp?fit=1200%2C800&ssl=1&resize=525%2C300 1.5x, https:\/\/i0.wp.com\/ismaelcolosi.com.br\/wp-content\/uploads\/2024\/05\/AnyConv.com__trbr5828-scaled.webp.webp?fit=1200%2C800&ssl=1&resize=700%2C400 2x, https:\/\/i0.wp.com\/ismaelcolosi.com.br\/wp-content\/uploads\/2024\/05\/AnyConv.com__trbr5828-scaled.webp.webp?fit=1200%2C800&ssl=1&resize=1050%2C600 3x"},"classes":[]}],"jetpack_sharing_enabled":true,"jetpack_shortlink":"https:\/\/wp.me\/pfMlyK-fwC","_links":{"self":[{"href":"https:\/\/ismaelcolosi.com.br\/index.php\/wp-json\/wp\/v2\/posts\/59682","targetHints":{"allow":["GET"]}}],"collection":[{"href":"https:\/\/ismaelcolosi.com.br\/index.php\/wp-json\/wp\/v2\/posts"}],"about":[{"href":"https:\/\/ismaelcolosi.com.br\/index.php\/wp-json\/wp\/v2\/types\/post"}],"author":[{"embeddable":true,"href":"https:\/\/ismaelcolosi.com.br\/index.php\/wp-json\/wp\/v2\/users\/1"}],"replies":[{"embeddable":true,"href":"https:\/\/ismaelcolosi.com.br\/index.php\/wp-json\/wp\/v2\/comments?post=59682"}],"version-history":[{"count":0,"href":"https:\/\/ismaelcolosi.com.br\/index.php\/wp-json\/wp\/v2\/posts\/59682\/revisions"}],"wp:featuredmedia":[{"embeddable":true,"href":"https:\/\/ismaelcolosi.com.br\/index.php\/wp-json\/wp\/v2\/media\/59683"}],"wp:attachment":[{"href":"https:\/\/ismaelcolosi.com.br\/index.php\/wp-json\/wp\/v2\/media?parent=59682"}],"wp:term":[{"taxonomy":"category","embeddable":true,"href":"https:\/\/ismaelcolosi.com.br\/index.php\/wp-json\/wp\/v2\/categories?post=59682"},{"taxonomy":"post_tag","embeddable":true,"href":"https:\/\/ismaelcolosi.com.br\/index.php\/wp-json\/wp\/v2\/tags?post=59682"}],"curies":[{"name":"wp","href":"https:\/\/api.w.org\/{rel}","templated":true}]}}