{"id":59680,"date":"2024-08-11T08:07:07","date_gmt":"2024-08-11T11:07:07","guid":{"rendered":"https:\/\/ismaelcolosi.com.br\/index.php\/2024\/08\/11\/rodovias-da-regiao-de-ribeirao-preto-vao-receber-42-radares-veja-os-locais\/"},"modified":"2024-08-11T08:07:07","modified_gmt":"2024-08-11T11:07:07","slug":"rodovias-da-regiao-de-ribeirao-preto-vao-receber-42-radares-veja-os-locais","status":"publish","type":"post","link":"https:\/\/ismaelcolosi.com.br\/index.php\/2024\/08\/11\/rodovias-da-regiao-de-ribeirao-preto-vao-receber-42-radares-veja-os-locais\/","title":{"rendered":"Rodovias da regi\u00e3o de Ribeir\u00e3o Preto v\u00e3o receber 42 radares; Veja os locais"},"content":{"rendered":"<p> <br \/>\n<\/p>\n<div data-td-block-uid=\"tdi_106\">\n<div class=\"tdb-block-inner td-fix-index\">\n<p>O<strong><a href=\"https:\/\/www.saopaulo.sp.gov.br\/\" target=\"_blank\" rel=\"noreferrer noopener nofollow\"> Governo de S\u00e3o Paulo <\/a><\/strong>publicou na <a href=\"https:\/\/www.imprensaoficial.com.br\/downloads\/pdf\/edicao\/20240805EXEC3.pdf\" target=\"_blank\" rel=\"noreferrer noopener nofollow\">\u00faltima segunda-feira (5) as empresas classificadas na licita\u00e7\u00e3o para instala\u00e7\u00e3o de 649 novos radares fixos nas rodovias estaduais operadas pelo<\/a> <strong>DER (Departamento de Estradas de Rodagem).<\/strong><mark style=\"background-color:rgba(0, 0, 0, 0)\" class=\"has-inline-color has-black-color\"> <\/mark><mark style=\"background-color:#fcb900\" class=\"has-inline-color has-black-color\">Na regi\u00e3o de Ribeir\u00e3o Preto, ser\u00e3o 42 novos radares \u2013 veja os locais abaixo.<\/mark><\/p>\n<p>Ao todo, s\u00e3o 14 lotes de radares espalhados por todo o Estado de S\u00e3o Paulo. Na regi\u00e3o de Ribeir\u00e3o Preto, eles ser\u00e3o instalados em rodovias como a <strong>M\u00e1rio Doneg\u00e1<\/strong>, <strong>Altino Arantes<\/strong>, <strong>Abr\u00e3o Assed<\/strong>, <strong>Armando Salles de Oliveira<\/strong>, entre outras.<\/p>\n<p>De acordo com o governo Tarc\u00edsio, os novos radares fazem parte do Plano de Seguran\u00e7a Vi\u00e1ria, que pretende reduzir pela metade a taxa estadual de mortes de tr\u00e2nsito at\u00e9 2030.<\/p>\n<h4 class=\"wp-block-heading\"><strong>Veja os locais<\/strong><\/h4>\n<p><strong>Barretos<\/strong><\/p>\n<ul>\n<li>Rodovia Brigadeiro Faria Lima Km 433, Sentido Norte\/Sul<\/li>\n<\/ul>\n<ul>\n<li>Rodovia Assis Chateaubriand Km 87, Sentido Leste\/Oeste<\/li>\n<\/ul>\n<ul>\n<li>Rodovia Assis Chateaubriand Km 118, Sentido Leste\/Oeste<\/li>\n<\/ul>\n<ul>\n<li>Rodovia Assis Chateaubriand Km 123, Sentido Leste\/Oeste<\/li>\n<\/ul>\n<p><strong>Batatais<\/strong><\/p>\n<ul>\n<li>Rodovia Altino Arantes Km 50, Sentido Leste\/Oeste<\/li>\n<\/ul>\n<ul>\n<li>Rodovia Altino Arantes Km 54, Sentido Leste\/Oeste<\/li>\n<\/ul>\n<p><strong>Bebedouro<\/strong><\/p>\n<ul>\n<li>Rodovia Armando Salles de Oliveira Km 399, Sentido Norte\/Sul<\/li>\n<\/ul>\n<p><strong>Cajuru<\/strong><\/p>\n<ul>\n<li>Rodovia Abr\u00e3o Assed Km 6, Sentido Leste<\/li>\n<\/ul>\n<ul>\n<li>Rodovia Abr\u00e3o Assed Km 293, Sentido Norte\/Sul<\/li>\n<\/ul>\n<ul>\n<li>Rodovia Abr\u00e3o Assed Km 308, Sentido Norte<\/li>\n<\/ul>\n<p><strong>Colina<\/strong><\/p>\n<ul>\n<li>Rodovia Jos\u00e9 Marcelino de Almeida Km 151, Sentido Leste\/Oeste<\/li>\n<\/ul>\n<p><strong>Col\u00f4mbia<\/strong><\/p>\n<ul>\n<li>Rodovia Brigadeiro Faria Lima Km 452, Sentido Norte\/Sul<\/li>\n<\/ul>\n<ul>\n<li>Rodovia Brigadeiro Faria Lima Km 458, Sentido Norte\/Sul<\/li>\n<\/ul>\n<ul>\n<li>Rodovia Brigadeiro Faria Lima Km 468, Sentido Norte\/Sul<\/li>\n<\/ul>\n<p><strong>Cravinhos<\/strong><\/p>\n<ul>\n<li>Rodovia Abr\u00e3o Assed Km 45, Sentido Leste<\/li>\n<\/ul>\n<ul>\n<li>Rodovia Abr\u00e3o Assed Km 45, Sentido Oeste<\/li>\n<\/ul>\n<p><strong>Cristais Paulista<\/strong><\/p>\n<ul>\n<li>Rodovia C\u00e2ndido Portinari Km 410, Sentido Norte<\/li>\n<\/ul>\n<ul>\n<li>Rodovia C\u00e2ndido Portinari Km 418, Sentido Norte\/Sul<\/li>\n<\/ul>\n<p><strong>Franca<\/strong><\/p>\n<ul>\n<li>Rodovia C\u00e2ndido Portinari Km 406, Sentido Norte<\/li>\n<\/ul>\n<ul>\n<li>Rodovia C\u00e2ndido Portinari Km 406, Sentido Sul<\/li>\n<\/ul>\n<p><strong>Guariba<\/strong><\/p>\n<ul>\n<li>Rodovia Acesso Jos\u00e9 Corona (Acesso a Guariba) Km 6, Sentido Norte\/Sul<\/li>\n<\/ul>\n<p><strong>Ipu\u00e3<\/strong><\/p>\n<ul>\n<li>Rodovia Pref. F\u00e1bio Talarico Km 102, Sentido Leste<\/li>\n<\/ul>\n<p><strong>Jaboticabal<\/strong><\/p>\n<ul>\n<li>Rodovia Dep. Cunha Bueno Km 216, Sentido Leste\/Oeste<\/li>\n<\/ul>\n<ul>\n<li>Rodovia Jos\u00e9 Pizzaro Km 1, Sentido Leste\/Oeste<\/li>\n<\/ul>\n<p><strong>Luiz Ant\u00f4nio<\/strong><\/p>\n<ul>\n<li>Rodovia Dep. Cunha Bueno Km 147, Sentido Leste\/Oeste<\/li>\n<\/ul>\n<ul>\n<li>Rodovia Dep. Cunha Bueno Km 155, Sentido Leste\/Oeste<\/li>\n<\/ul>\n<p><strong>Monte Alto<\/strong><\/p>\n<ul>\n<li>Rodovia Jos\u00e9 Pizzaro Km 12, Sentido Leste\/Oeste<\/li>\n<\/ul>\n<p><strong>Monte Azul Paulista<\/strong><\/p>\n<ul>\n<li>Rodovia Armando Salles de Oliveira Km 414, Sentido Norte\/Sul<\/li>\n<\/ul>\n<p><strong>Morro Agudo<\/strong><\/p>\n<ul>\n<li>Rodovia Laureanous Brogna Km 101, Sentido Leste\/Oeste<\/li>\n<\/ul>\n<ul>\n<li>Rodovia D. Genoveva Lima de Carvalho Dias Km 103, Sentido Oeste<\/li>\n<\/ul>\n<ul>\n<li>Rodovia D. Genoveva Lima de Carvalho Dias Km 104, Sentido Leste<\/li>\n<\/ul>\n<p><strong>Pedregulho<\/strong><\/p>\n<ul>\n<li>Rodovia C\u00e2ndido Portinari Km 427, Sentido Norte\/Sul<\/li>\n<\/ul>\n<ul>\n<li>Rodovia C\u00e2ndido Portinari Km 442, Sentido Norte\/Sul<\/li>\n<\/ul>\n<ul>\n<li>Rodovia C\u00e2ndido Portinari Km 450, Sentido Norte\/Sul<\/li>\n<\/ul>\n<ul>\n<li>Rodovia C\u00e2ndido Portinari Km 457, Sentido Norte\/Sul<\/li>\n<\/ul>\n<p><strong>Prad\u00f3polis<\/strong><\/p>\n<ul>\n<li>Rodovia Dep. Cunha Bueno Km 192, Sentido Leste\/Oeste<\/li>\n<\/ul>\n<ul>\n<li>Rodovia Dep. Cunha Bueno Km 202, Sentido Leste\/Oeste<\/li>\n<\/ul>\n<ul>\n<li>Rodovia M\u00e1rio Donega Km 22, Sentido Sul<\/li>\n<\/ul>\n<p><strong>Ribeir\u00e3o Preto<\/strong><\/p>\n<ul>\n<li>Rodovia M\u00e1rio Donega Km 2, Sentido Norte\/Sul<\/li>\n<\/ul>\n<ul>\n<li>Rodovia M\u00e1rio Donega Km 3, Sentido Norte\/Sul<\/li>\n<\/ul>\n<p><strong>Santo Ant\u00f4nio da Alegria<\/strong><\/p>\n<ul>\n<li>Rodovia Altino Arantes Km 11, Sentido Leste\/Oeste<\/li>\n<\/ul>\n<p><strong>S\u00e3o Jos\u00e9 da Bela Vista<\/strong><\/p>\n<ul>\n<li>Rodovia Pref. F\u00e1bio Talarico Km 58, Sentido Leste\/Oeste<\/li>\n<\/ul>\n<p>SAIBA MAIS<br \/>Sesc Ribeir\u00e3o Preto toma posse da sede da Recra nesta semana<\/p>\n<h4 class=\"wp-block-heading\"><strong>FIQUE ON<\/strong><\/h4>\n<p>Fique ligado em tudo que acontece em Ribeir\u00e3o Preto e regi\u00e3o. Siga os perfis do <strong>acidade on <\/strong>no <a href=\"https:\/\/www.instagram.com\/acidadeonribeirao\" target=\"_blank\" rel=\"noreferrer noopener nofollow\">Instagram<\/a> e no <a href=\"https:\/\/www.facebook.com\/acidadeonribeirao\/\" target=\"_blank\" rel=\"noreferrer noopener nofollow\">Facebook<\/a>.<\/p>\n<p>Receba not\u00edcias do <strong>acidade on <\/strong>no WhatsApp.<a href=\"https:\/\/chat.whatsapp.com\/Dtv9mxhy6V5BJBotM2OQ5k\" target=\"_blank\" rel=\"noreferrer noopener nofollow\"> Para entrar no grupo, basta clicar aqui.<\/a><\/p>\n<p>Fa\u00e7a uma den\u00fancia ou sugira uma reportagem sobre Ribeir\u00e3o Preto e regi\u00e3o pelo WhatsApp: 16 99117 7802.<\/p>\n<p>VEJA TAMB\u00c9M<br \/>Quem s\u00e3o os participantes do \u201cEstrela da Casa\u201d?<\/p>\n<p><!-- CONTENT END 1 -->\n<\/div>\n<\/div>\n<p><script async src=\"\/\/www.instagram.com\/embed.js\"><\/script><br \/>\n<br \/><br \/>\n<br \/><a href=\"https:\/\/www.acidadeon.com\/ribeiraopreto\/politica\/nevio-archibald\/rodovias-da-regiao-de-ribeirao-preto-vao-receber-42-radares-veja-os-locais\/\">Source link <\/a><\/p>\n","protected":false},"excerpt":{"rendered":"<p>O Governo de S\u00e3o Paulo publicou na \u00faltima segunda-feira (5) as empresas classificadas na licita\u00e7\u00e3o para instala\u00e7\u00e3o de 649 novos radares fixos nas rodovias estaduais&#8230;<\/p>\n","protected":false},"author":1,"featured_media":59681,"comment_status":"open","ping_status":"open","sticky":false,"template":"","format":"standard","meta":{"_uag_custom_page_level_css":"","advanced_seo_description":"","jetpack_seo_html_title":"","jetpack_seo_noindex":false,"jetpack_post_was_ever_published":false,"_jetpack_newsletter_access":"","_jetpack_dont_email_post_to_subs":false,"_jetpack_newsletter_tier_id":0,"_jetpack_memberships_contains_paywalled_content":false,"_jetpack_memberships_contains_paid_content":false,"footnotes":"","jetpack_publicize_message":"","jetpack_publicize_feature_enabled":true,"jetpack_social_post_already_shared":true,"jetpack_social_options":{"image_generator_settings":{"template":"highway","default_image_id":0,"font":"","enabled":false},"version":2}},"categories":[11],"tags":[],"class_list":["post-59680","post","type-post","status-publish","format-standard","has-post-thumbnail","hentry","category-noticias-de-ribeirao-preto-sp-e-regiao-ismael-colosi"],"jetpack_publicize_connections":[],"jetpack_featured_media_url":"https:\/\/i0.wp.com\/ismaelcolosi.com.br\/wp-content\/uploads\/2024\/08\/radar-de-transito.jpg?fit=1500%2C1000&ssl=1","uagb_featured_image_src":{"full":["https:\/\/i0.wp.com\/ismaelcolosi.com.br\/wp-content\/uploads\/2024\/08\/radar-de-transito.jpg?fit=1500%2C1000&ssl=1",1500,1000,false],"thumbnail":["https:\/\/i0.wp.com\/ismaelcolosi.com.br\/wp-content\/uploads\/2024\/08\/radar-de-transito.jpg?resize=150%2C150&ssl=1",150,150,true],"medium":["https:\/\/i0.wp.com\/ismaelcolosi.com.br\/wp-content\/uploads\/2024\/08\/radar-de-transito.jpg?fit=300%2C200&ssl=1",300,200,true],"medium_large":["https:\/\/i0.wp.com\/ismaelcolosi.com.br\/wp-content\/uploads\/2024\/08\/radar-de-transito.jpg?fit=768%2C512&ssl=1",768,512,true],"large":["https:\/\/i0.wp.com\/ismaelcolosi.com.br\/wp-content\/uploads\/2024\/08\/radar-de-transito.jpg?fit=1024%2C683&ssl=1",1024,683,true],"1536x1536":["https:\/\/i0.wp.com\/ismaelcolosi.com.br\/wp-content\/uploads\/2024\/08\/radar-de-transito.jpg?fit=1500%2C1000&ssl=1",1500,1000,true],"2048x2048":["https:\/\/i0.wp.com\/ismaelcolosi.com.br\/wp-content\/uploads\/2024\/08\/radar-de-transito.jpg?fit=1500%2C1000&ssl=1",1500,1000,true],"really-simple-thumb":["https:\/\/i0.wp.com\/ismaelcolosi.com.br\/wp-content\/uploads\/2024\/08\/radar-de-transito.jpg?resize=370%2C247&ssl=1",370,247,true]},"uagb_author_info":{"display_name":"ismaelcolosi.com.br","author_link":"https:\/\/ismaelcolosi.com.br\/index.php\/author\/vidareal-online\/"},"uagb_comment_info":0,"uagb_excerpt":"O Governo de S\u00e3o Paulo publicou na \u00faltima segunda-feira (5) as empresas classificadas na licita\u00e7\u00e3o para instala\u00e7\u00e3o de 649 novos radares fixos nas rodovias estaduais...","jetpack-related-posts":[{"id":8061,"url":"https:\/\/ismaelcolosi.com.br\/index.php\/2023\/11\/29\/rodovias-de-ribeirao-preto-e-regiao-terao-30-novos-radares-veja-os-locais\/","url_meta":{"origin":59680,"position":0},"title":"Rodovias de Ribeir\u00e3o Preto e regi\u00e3o ter\u00e3o 30 novos radares; Veja os locais","author":"ismaelcolosi.com.br","date":"29 de November de 2023","format":false,"excerpt":"O DER (Departamento de Estradas de Rodagem), do Governo de S\u00e3o Paulo, abriu licita\u00e7\u00e3o para contrata\u00e7\u00e3o de 30 radares de velocidade em rodovias da regi\u00e3o de Ribeir\u00e3o Preto \u2013 ser\u00e3o 649 novos equipamentos em todo o Estado de S\u00e3o Paulo. Atualmente, a fiscaliza\u00e7\u00e3o nas rodovias estaduais \u00e9 feita apenas com\u2026","rel":"","context":"In &quot;Not\u00edcias de Ribeir\u00e3o Preto-SP e Regi\u00e3o&quot;","block_context":{"text":"Not\u00edcias de Ribeir\u00e3o Preto-SP e Regi\u00e3o","link":"https:\/\/ismaelcolosi.com.br\/index.php\/category\/noticias-de-ribeirao-preto-sp-e-regiao-ismael-colosi\/"},"img":{"alt_text":"","src":"https:\/\/i0.wp.com\/ismaelcolosi.com.br\/wp-content\/uploads\/2023\/11\/radar-de-transito.jpg?fit=1200%2C800&ssl=1&resize=350%2C200","width":350,"height":200,"srcset":"https:\/\/i0.wp.com\/ismaelcolosi.com.br\/wp-content\/uploads\/2023\/11\/radar-de-transito.jpg?fit=1200%2C800&ssl=1&resize=350%2C200 1x, https:\/\/i0.wp.com\/ismaelcolosi.com.br\/wp-content\/uploads\/2023\/11\/radar-de-transito.jpg?fit=1200%2C800&ssl=1&resize=525%2C300 1.5x, https:\/\/i0.wp.com\/ismaelcolosi.com.br\/wp-content\/uploads\/2023\/11\/radar-de-transito.jpg?fit=1200%2C800&ssl=1&resize=700%2C400 2x, https:\/\/i0.wp.com\/ismaelcolosi.com.br\/wp-content\/uploads\/2023\/11\/radar-de-transito.jpg?fit=1200%2C800&ssl=1&resize=1050%2C600 3x"},"classes":[]},{"id":32183,"url":"https:\/\/ismaelcolosi.com.br\/index.php\/2024\/01\/24\/veja-onde-ficarao-os-novos-radares-nas-rodovias-da-regiao-de-ribeirao-preto\/","url_meta":{"origin":59680,"position":1},"title":"Veja onde ficar\u00e3o os novos radares nas rodovias da regi\u00e3o de Ribeir\u00e3o Preto","author":"ismaelcolosi.com.br","date":"24 de January de 2024","format":false,"excerpt":"As rodovias do estado de S\u00e3o Paulo ganhar\u00e3o 649 novos radares de controle de velocidade em 2024, sendo que 33 ser\u00e3o instalados em rodovias da regi\u00e3o de Ribeir\u00e3o Preto. Os novos equipamentos ficar\u00e3o em rodovias como Candido Portinari, Altino Arantes, M\u00e1rio Doneg\u00e1 e Abr\u00e3o Assed. Dos 649 radares que ser\u00e3o\u2026","rel":"","context":"In &quot;Not\u00edcias de Ribeir\u00e3o Preto-SP e Regi\u00e3o&quot;","block_context":{"text":"Not\u00edcias de Ribeir\u00e3o Preto-SP e Regi\u00e3o","link":"https:\/\/ismaelcolosi.com.br\/index.php\/category\/noticias-de-ribeirao-preto-sp-e-regiao-ismael-colosi\/"},"img":{"alt_text":"","src":"https:\/\/i0.wp.com\/ismaelcolosi.com.br\/wp-content\/uploads\/2024\/01\/radar-de-transito.jpg?fit=1200%2C800&ssl=1&resize=350%2C200","width":350,"height":200,"srcset":"https:\/\/i0.wp.com\/ismaelcolosi.com.br\/wp-content\/uploads\/2024\/01\/radar-de-transito.jpg?fit=1200%2C800&ssl=1&resize=350%2C200 1x, https:\/\/i0.wp.com\/ismaelcolosi.com.br\/wp-content\/uploads\/2024\/01\/radar-de-transito.jpg?fit=1200%2C800&ssl=1&resize=525%2C300 1.5x, https:\/\/i0.wp.com\/ismaelcolosi.com.br\/wp-content\/uploads\/2024\/01\/radar-de-transito.jpg?fit=1200%2C800&ssl=1&resize=700%2C400 2x, https:\/\/i0.wp.com\/ismaelcolosi.com.br\/wp-content\/uploads\/2024\/01\/radar-de-transito.jpg?fit=1200%2C800&ssl=1&resize=1050%2C600 3x"},"classes":[]},{"id":59156,"url":"https:\/\/ismaelcolosi.com.br\/index.php\/2024\/08\/06\/veja-as-rodovias-no-interior-de-sp-que-vao-receber-novos-radares-instalacao-ja-comecou\/","url_meta":{"origin":59680,"position":2},"title":"Veja as rodovias no interior de SP que v\u00e3o receber novos radares; instala\u00e7\u00e3o j\u00e1 come\u00e7ou","author":"ismaelcolosi.com.br","date":"6 de August de 2024","format":false,"excerpt":"A concession\u00e1ria EcoNoroeste informou que come\u00e7ou a instala\u00e7\u00e3o de novos radares em rodovias no interior de S\u00e3o Paulo. Os novos radares devem come\u00e7ar a operar em novembro deste ano. Ao todo, ser\u00e3o instalados 45 novos equipamentos para fiscalizar rodovias em cidades como Jaboticabal, Barrinha, Araraquara, Agulha, Catanduva, Mat\u00e3o, S\u00e3o Carlos\u2026","rel":"","context":"In &quot;Not\u00edcias de Ribeir\u00e3o Preto-SP e Regi\u00e3o&quot;","block_context":{"text":"Not\u00edcias de Ribeir\u00e3o Preto-SP e Regi\u00e3o","link":"https:\/\/ismaelcolosi.com.br\/index.php\/category\/noticias-de-ribeirao-preto-sp-e-regiao-ismael-colosi\/"},"img":{"alt_text":"","src":"https:\/\/i0.wp.com\/ismaelcolosi.com.br\/wp-content\/uploads\/2024\/08\/radar-sp.jpg?fit=1163%2C692&ssl=1&resize=350%2C200","width":350,"height":200,"srcset":"https:\/\/i0.wp.com\/ismaelcolosi.com.br\/wp-content\/uploads\/2024\/08\/radar-sp.jpg?fit=1163%2C692&ssl=1&resize=350%2C200 1x, https:\/\/i0.wp.com\/ismaelcolosi.com.br\/wp-content\/uploads\/2024\/08\/radar-sp.jpg?fit=1163%2C692&ssl=1&resize=525%2C300 1.5x, https:\/\/i0.wp.com\/ismaelcolosi.com.br\/wp-content\/uploads\/2024\/08\/radar-sp.jpg?fit=1163%2C692&ssl=1&resize=700%2C400 2x, https:\/\/i0.wp.com\/ismaelcolosi.com.br\/wp-content\/uploads\/2024\/08\/radar-sp.jpg?fit=1163%2C692&ssl=1&resize=1050%2C600 3x"},"classes":[]},{"id":37973,"url":"https:\/\/ismaelcolosi.com.br\/index.php\/2024\/02\/19\/sp-vai-instalar-radares-em-33-pontos-na-regiao-de-ribeirao-veja-os-locais\/","url_meta":{"origin":59680,"position":3},"title":"SP vai instalar radares em 33 pontos na regi\u00e3o de Ribeir\u00e3o; Veja os locais","author":"ismaelcolosi.com.br","date":"19 de February de 2024","format":false,"excerpt":"O edital para contrata\u00e7\u00e3o dos novos radares nas rodovias estaduais de S\u00e3o Paulo acontece no pr\u00f3ximo dia 26 de fevereiro. De acordo com a proposta, o Governo de S\u00e3o Paulo pretende instalar radares em 33 pontos na regi\u00e3o de Ribeir\u00e3o Preto. Os novos equipamentos ficar\u00e3o em rodovias como Candido Portinari,\u2026","rel":"","context":"In &quot;Not\u00edcias de Ribeir\u00e3o Preto-SP e Regi\u00e3o&quot;","block_context":{"text":"Not\u00edcias de Ribeir\u00e3o Preto-SP e Regi\u00e3o","link":"https:\/\/ismaelcolosi.com.br\/index.php\/category\/noticias-de-ribeirao-preto-sp-e-regiao-ismael-colosi\/"},"img":{"alt_text":"","src":"https:\/\/i0.wp.com\/ismaelcolosi.com.br\/wp-content\/uploads\/2024\/02\/radar-sp.jpg?fit=1163%2C692&ssl=1&resize=350%2C200","width":350,"height":200,"srcset":"https:\/\/i0.wp.com\/ismaelcolosi.com.br\/wp-content\/uploads\/2024\/02\/radar-sp.jpg?fit=1163%2C692&ssl=1&resize=350%2C200 1x, https:\/\/i0.wp.com\/ismaelcolosi.com.br\/wp-content\/uploads\/2024\/02\/radar-sp.jpg?fit=1163%2C692&ssl=1&resize=525%2C300 1.5x, https:\/\/i0.wp.com\/ismaelcolosi.com.br\/wp-content\/uploads\/2024\/02\/radar-sp.jpg?fit=1163%2C692&ssl=1&resize=700%2C400 2x, https:\/\/i0.wp.com\/ismaelcolosi.com.br\/wp-content\/uploads\/2024\/02\/radar-sp.jpg?fit=1163%2C692&ssl=1&resize=1050%2C600 3x"},"classes":[]},{"id":7715,"url":"https:\/\/ismaelcolosi.com.br\/index.php\/2023\/11\/28\/der-vai-instalar-mais-649-radares\/","url_meta":{"origin":59680,"position":4},"title":"DER vai instalar mais 649 radares\u00a0","author":"ismaelcolosi.com.br","date":"28 de November de 2023","format":false,"excerpt":"28 de novembro de 2023 | 17:0028 de novembro de 2023 | 9:20 0O Departamento de Estradas de Rodagem (DER), vinculado \u00e0 Secretaria de Meio Ambiente, Infraestrutura e Log\u00edstica (Semil), publicou, no \u00faltimo s\u00e1bado, 25 de novembro, edital de licita\u00e7\u00e3o para contrata\u00e7\u00e3o de servi\u00e7os de fiscaliza\u00e7\u00e3o do controle de velocidade\u2026","rel":"","context":"In &quot;Not\u00edcias de Ribeir\u00e3o Preto-SP e Regi\u00e3o&quot;","block_context":{"text":"Not\u00edcias de Ribeir\u00e3o Preto-SP e Regi\u00e3o","link":"https:\/\/ismaelcolosi.com.br\/index.php\/category\/noticias-de-ribeirao-preto-sp-e-regiao-ismael-colosi\/"},"img":{"alt_text":"","src":"https:\/\/i0.wp.com\/ismaelcolosi.com.br\/wp-content\/uploads\/2023\/11\/Radar-2.jpg?fit=1200%2C800&ssl=1&resize=350%2C200","width":350,"height":200,"srcset":"https:\/\/i0.wp.com\/ismaelcolosi.com.br\/wp-content\/uploads\/2023\/11\/Radar-2.jpg?fit=1200%2C800&ssl=1&resize=350%2C200 1x, https:\/\/i0.wp.com\/ismaelcolosi.com.br\/wp-content\/uploads\/2023\/11\/Radar-2.jpg?fit=1200%2C800&ssl=1&resize=525%2C300 1.5x, https:\/\/i0.wp.com\/ismaelcolosi.com.br\/wp-content\/uploads\/2023\/11\/Radar-2.jpg?fit=1200%2C800&ssl=1&resize=700%2C400 2x, https:\/\/i0.wp.com\/ismaelcolosi.com.br\/wp-content\/uploads\/2023\/11\/Radar-2.jpg?fit=1200%2C800&ssl=1&resize=1050%2C600 3x"},"classes":[]},{"id":59687,"url":"https:\/\/ismaelcolosi.com.br\/index.php\/2024\/08\/11\/apostadores-do-interior-de-sp-sao-premiados-na-mega-sena-veja-os-numeros-2\/","url_meta":{"origin":59680,"position":5},"title":"Apostadores do interior de SP s\u00e3o premiados na Mega-Sena; Veja os n\u00fameros","author":"ismaelcolosi.com.br","date":"11 de August de 2024","format":false,"excerpt":"Cinco apostadores do interior de S\u00e3o Paulo faturaram na quina da Mega-Sena e v\u00e3o receber pouco mais de R$ 58 mil. O sorteio foi realizado na noite deste s\u00e1bado (10), no Espa\u00e7o de Sorte, em S\u00e3o Paulo. Ningu\u00e9m acertou as seis dezenas do concurso 2.760 e o pr\u00eamio principal ficou\u2026","rel":"","context":"In &quot;Not\u00edcias de Ribeir\u00e3o Preto-SP e Regi\u00e3o&quot;","block_context":{"text":"Not\u00edcias de Ribeir\u00e3o Preto-SP e Regi\u00e3o","link":"https:\/\/ismaelcolosi.com.br\/index.php\/category\/noticias-de-ribeirao-preto-sp-e-regiao-ismael-colosi\/"},"img":{"alt_text":"","src":"https:\/\/i0.wp.com\/ismaelcolosi.com.br\/wp-content\/uploads\/2023\/11\/20230622_182751.webp.webp?fit=1170%2C700&ssl=1&resize=350%2C200","width":350,"height":200,"srcset":"https:\/\/i0.wp.com\/ismaelcolosi.com.br\/wp-content\/uploads\/2023\/11\/20230622_182751.webp.webp?fit=1170%2C700&ssl=1&resize=350%2C200 1x, https:\/\/i0.wp.com\/ismaelcolosi.com.br\/wp-content\/uploads\/2023\/11\/20230622_182751.webp.webp?fit=1170%2C700&ssl=1&resize=525%2C300 1.5x, https:\/\/i0.wp.com\/ismaelcolosi.com.br\/wp-content\/uploads\/2023\/11\/20230622_182751.webp.webp?fit=1170%2C700&ssl=1&resize=700%2C400 2x, https:\/\/i0.wp.com\/ismaelcolosi.com.br\/wp-content\/uploads\/2023\/11\/20230622_182751.webp.webp?fit=1170%2C700&ssl=1&resize=1050%2C600 3x"},"classes":[]}],"jetpack_sharing_enabled":true,"jetpack_shortlink":"https:\/\/wp.me\/pfMlyK-fwA","_links":{"self":[{"href":"https:\/\/ismaelcolosi.com.br\/index.php\/wp-json\/wp\/v2\/posts\/59680","targetHints":{"allow":["GET"]}}],"collection":[{"href":"https:\/\/ismaelcolosi.com.br\/index.php\/wp-json\/wp\/v2\/posts"}],"about":[{"href":"https:\/\/ismaelcolosi.com.br\/index.php\/wp-json\/wp\/v2\/types\/post"}],"author":[{"embeddable":true,"href":"https:\/\/ismaelcolosi.com.br\/index.php\/wp-json\/wp\/v2\/users\/1"}],"replies":[{"embeddable":true,"href":"https:\/\/ismaelcolosi.com.br\/index.php\/wp-json\/wp\/v2\/comments?post=59680"}],"version-history":[{"count":0,"href":"https:\/\/ismaelcolosi.com.br\/index.php\/wp-json\/wp\/v2\/posts\/59680\/revisions"}],"wp:featuredmedia":[{"embeddable":true,"href":"https:\/\/ismaelcolosi.com.br\/index.php\/wp-json\/wp\/v2\/media\/59681"}],"wp:attachment":[{"href":"https:\/\/ismaelcolosi.com.br\/index.php\/wp-json\/wp\/v2\/media?parent=59680"}],"wp:term":[{"taxonomy":"category","embeddable":true,"href":"https:\/\/ismaelcolosi.com.br\/index.php\/wp-json\/wp\/v2\/categories?post=59680"},{"taxonomy":"post_tag","embeddable":true,"href":"https:\/\/ismaelcolosi.com.br\/index.php\/wp-json\/wp\/v2\/tags?post=59680"}],"curies":[{"name":"wp","href":"https:\/\/api.w.org\/{rel}","templated":true}]}}