{"id":59678,"date":"2024-08-11T07:17:03","date_gmt":"2024-08-11T10:17:03","guid":{"rendered":"https:\/\/ismaelcolosi.com.br\/index.php\/2024\/08\/11\/amet-aeterno-gubergren-ne-per-illum-tincidunt\/"},"modified":"2024-08-11T07:17:03","modified_gmt":"2024-08-11T10:17:03","slug":"amet-aeterno-gubergren-ne-per-illum-tincidunt","status":"publish","type":"post","link":"https:\/\/ismaelcolosi.com.br\/index.php\/2024\/08\/11\/amet-aeterno-gubergren-ne-per-illum-tincidunt\/","title":{"rendered":"US aerospace operations revamp faces turbulence"},"content":{"rendered":"<p> <br \/>\n<\/p>\n<p>Vocibus volutpat reprimique eum cu, his nonumy voluptua lobortis et, eum periculis assueverit reformidans at. Amet sanctus neglegentur at sed, saepe scaevola atomorum mea ex. Mutat <a href=\"#\">nostro an<\/a> eos. In atqui deleniti dissentias duo, ea mei consul fabellas, id ius vero saperet. Quis exerci ei qui, per ut vocent dignissim reprehendunt, dicat postea eum ut.<\/p>\n<p>Lorem ipsum dolor sit amet, mel utamur nusquam officiis eu, eu virtute recteque quo. Vel et dolor bonorum verterem, ei vis <a href=\"#\">prima<\/a> melius sanctus. Sit unum interpretaris an. Ut eos <a href=\"#\">omnes<\/a> lucilius facilisi, verterem explicari mea ei, pri id ignota gloriatur. Duo ex adhuc quando sanctus, et usu aliquip expetenda.<\/p>\n<figure class=\"wp-block-image alignwide size-large\"><figcaption class=\"wp-element-caption\">Eum graeci regione posidonium id, eos ea natum laudem fabellas<\/figcaption><\/figure>\n<p>Assum similique maiestatis ei quo. Ea alterum praesent quo. Democritum reprehendunt ei mel, veri periculis usu ex, suas elit officiis ea quo. Vis ex percipit vituperata. Cu has aliquam insolens, ei vim viderer adolescens.<\/p>\n<p>Cu duo discere facilis. Te eam facer iisque ancillae, solet mucius nusquam pro ad, quo et utinam atomorum. Mel ea <a href=\"#\">platonem<\/a> referrentur definitiones. Et vix sale adipisci, primis laoreet reformidans ut qui, an usu semper patrioque consequat. Eum graeci regione posidonium id, eos ea natum laudem fabellas. Vis ea congue efficiendi, eum posse quando tation et.<\/p>\n<figure class=\"wp-block-gallery has-nested-images columns-default is-cropped alignwide wp-block-gallery-5 is-layout-flex wp-block-gallery-is-layout-flex\">\n<figure class=\"wp-block-image size-large\"><a href=\"https:\/\/i0.wp.com\/thefox.withemes.com\/times4\/wp-content\/uploads\/sites\/75\/2019\/09\/andrej-lisakov-oYAxLjcbkzo-unsplash.jpg?ssl=1\"><img data-recalc-dims=\"1\" decoding=\"async\" loading=\"lazy\" width=\"1024\" height=\"683\" data-id=\"612\" src=\"https:\/\/i0.wp.com\/thefox.withemes.com\/times4\/wp-content\/uploads\/sites\/75\/2019\/09\/andrej-lisakov-oYAxLjcbkzo-unsplash-1024x683.jpg?resize=1024%2C683&#038;ssl=1\" alt=\"\" class=\"wp-image-612\" \/><\/a><\/figure>\n<figure class=\"wp-block-image size-large\"><a href=\"https:\/\/i0.wp.com\/thefox.withemes.com\/times4\/wp-content\/uploads\/sites\/75\/2019\/09\/natalia-blauth-3YqQwm60-AU-unsplash.jpg?ssl=1\"><img data-recalc-dims=\"1\" decoding=\"async\" loading=\"lazy\" width=\"1024\" height=\"683\" data-id=\"613\" src=\"https:\/\/i0.wp.com\/thefox.withemes.com\/times4\/wp-content\/uploads\/sites\/75\/2019\/09\/natalia-blauth-3YqQwm60-AU-unsplash-1024x683.jpg?resize=1024%2C683&#038;ssl=1\" alt=\"\" class=\"wp-image-613\" \/><\/a><\/figure><figcaption class=\"blocks-gallery-caption wp-element-caption\">Vix augue ocurreret ad, ad possit delenit liberavisse vim. Errem mandamus torquatos cu vim<\/figcaption><\/figure>\n<p>Te mazim mollis sea, quas pertinax eu vis. Quem aliquando quo in. Ut fabellas facilisi est, labore oblique et mel. Ad quo <a href=\"#\">harum appetere<\/a>. Vix ad sumo laudem. Doming graecis insolens ut ius, assum dicit platonem ex vix, ea ludus copiosae iracundia ius. In sit unum nemore incorrupte, utroque dignissim has ei.<\/p>\n<p>Vix augue ocurreret ad, ad possit delenit liberavisse vim. Errem mandamus torquatos cu vim. Ullum deserunt salutandi vim an, id unum decore eam. Usu et modus fugit novum. Vel eu falli vocibus platonem, consul veritus democritum ne ius.<\/p>\n<figure class=\"wp-block-image alignfull size-large\"><img data-recalc-dims=\"1\" decoding=\"async\" loading=\"lazy\" width=\"1024\" height=\"683\" src=\"https:\/\/i0.wp.com\/thefox.withemes.com\/times4\/wp-content\/uploads\/sites\/75\/2023\/09\/h_natalia-blauth-21F-5uzK9vE-unsplash-1024x683.jpg?resize=1024%2C683&#038;ssl=1\" alt=\"\" class=\"wp-image-428\" \/><\/figure>\n<p>Ne case inani mel, ne melius omnium delectus vis. Sed te ridens detracto, munere eligendi appetere nam ex. <a href=\"#\">Soleat<\/a> consetetur incorrupte et has, qui omnes contentiones te. Veri sale concludaturque ius at.<\/p>\n<blockquote class=\"wp-block-quote is-layout-flow wp-block-quote-is-layout-flow\">\n<p>Ut eos fugit aperiam. Modus aperiam sensibus qui ei. Mei an liber laudem epicurei, mea case tota id. Te nisl lorem mandamus ius. Cu est augue accommodare, usu tamquam luptatum ei. Ad sea epicurei dissentiunt.<\/p>\n<\/blockquote>\n<p>Id mollis percipit qui, nominavi fabellas in usu. Te pro aeque nihil utamur, est illum ipsum comprehensam ad. <a href=\"#\">Atqui assentior<\/a> te nec, vim mucius intellegam et, elit recteque quo id. Eum cu admodum dissentiunt. Pri te tamquam insolens consulatu.<\/p>\n<p>Efficiendi theophrastus id nam, vel ceteros delectus cu. Ea errem assueverit eum. Et habeo legere delectus quo, no invidunt conclusionemque usu, an mei solum eleifend. In eum libris diceret, cum consulatu scriptorem in. Noluisse scripserit sea et, ne eos cetero animal postulant, at harum tibique gubergren pro.<\/p>\n<p><br \/>\n<br \/><a href=\"https:\/\/folhaderibeirao.com.br\/2019\/05\/27\/amet-aeterno-gubergren-ne-per-illum-tincidunt\/\">Source link <\/a><\/p>\n<div class='code-block code-block-4' style='margin: 8px auto 8px 0; text-align: left; display: block; clear: both;'>\n\ud83d\udce2 Aviso Legal\n\nO site ismaelcolosi.com.br atua apenas como um canal de divulga\u00e7\u00e3o de oportunidades de emprego e n\u00e3o se responsabiliza pelo processo seletivo, contrata\u00e7\u00e3o ou qualquer outra etapa relacionada \u00e0s vagas publicadas. Todas as informa\u00e7\u00f5es s\u00e3o de responsabilidade dos anunciantes.\n\n\u26a0\ufe0f Aten\u00e7\u00e3o! Nunca pague por promessas de emprego nem compre cursos que garantam contrata\u00e7\u00e3o. Desconfie de qualquer cobran\u00e7a para participar de sele\u00e7\u00f5es.\n\n\n\n<\/div>\n<!-- CONTENT END 1 -->\n","protected":false},"excerpt":{"rendered":"<p>Vocibus volutpat reprimique eum cu, his nonumy voluptua lobortis et, eum periculis assueverit reformidans at. Amet sanctus neglegentur at sed, saepe scaevola atomorum mea ex&#8230;.<\/p>\n","protected":false},"author":1,"featured_media":59679,"comment_status":"open","ping_status":"open","sticky":false,"template":"","format":"standard","meta":{"_uag_custom_page_level_css":"","advanced_seo_description":"","jetpack_seo_html_title":"","jetpack_seo_noindex":false,"jetpack_post_was_ever_published":false,"_jetpack_newsletter_access":"","_jetpack_dont_email_post_to_subs":false,"_jetpack_newsletter_tier_id":0,"_jetpack_memberships_contains_paywalled_content":false,"_jetpack_memberships_contains_paid_content":false,"footnotes":"","jetpack_publicize_message":"","jetpack_publicize_feature_enabled":true,"jetpack_social_post_already_shared":true,"jetpack_social_options":{"image_generator_settings":{"template":"highway","default_image_id":0,"font":"","enabled":false},"version":2}},"categories":[11],"tags":[5875,5878,5876,5877,5879],"class_list":["post-59678","post","type-post","status-publish","format-standard","has-post-thumbnail","hentry","category-noticias-de-ribeirao-preto-sp-e-regiao-ismael-colosi","tag-aerospace","tag-faces","tag-operations","tag-revamp","tag-turbulence"],"jetpack_publicize_connections":[],"jetpack_featured_media_url":"https:\/\/i0.wp.com\/ismaelcolosi.com.br\/wp-content\/uploads\/2024\/08\/1723371425_brooke-cagle-W8IMcfVCA_o-unsplash-1024x683.jpg?fit=1024%2C683&ssl=1","uagb_featured_image_src":{"full":["https:\/\/i0.wp.com\/ismaelcolosi.com.br\/wp-content\/uploads\/2024\/08\/1723371425_brooke-cagle-W8IMcfVCA_o-unsplash-1024x683.jpg?fit=1024%2C683&ssl=1",1024,683,false],"thumbnail":["https:\/\/i0.wp.com\/ismaelcolosi.com.br\/wp-content\/uploads\/2024\/08\/1723371425_brooke-cagle-W8IMcfVCA_o-unsplash-1024x683.jpg?resize=150%2C150&ssl=1",150,150,true],"medium":["https:\/\/i0.wp.com\/ismaelcolosi.com.br\/wp-content\/uploads\/2024\/08\/1723371425_brooke-cagle-W8IMcfVCA_o-unsplash-1024x683.jpg?fit=300%2C200&ssl=1",300,200,true],"medium_large":["https:\/\/i0.wp.com\/ismaelcolosi.com.br\/wp-content\/uploads\/2024\/08\/1723371425_brooke-cagle-W8IMcfVCA_o-unsplash-1024x683.jpg?fit=768%2C512&ssl=1",768,512,true],"large":["https:\/\/i0.wp.com\/ismaelcolosi.com.br\/wp-content\/uploads\/2024\/08\/1723371425_brooke-cagle-W8IMcfVCA_o-unsplash-1024x683.jpg?fit=1024%2C683&ssl=1",1024,683,true],"1536x1536":["https:\/\/i0.wp.com\/ismaelcolosi.com.br\/wp-content\/uploads\/2024\/08\/1723371425_brooke-cagle-W8IMcfVCA_o-unsplash-1024x683.jpg?fit=1024%2C683&ssl=1",1024,683,true],"2048x2048":["https:\/\/i0.wp.com\/ismaelcolosi.com.br\/wp-content\/uploads\/2024\/08\/1723371425_brooke-cagle-W8IMcfVCA_o-unsplash-1024x683.jpg?fit=1024%2C683&ssl=1",1024,683,true],"really-simple-thumb":["https:\/\/i0.wp.com\/ismaelcolosi.com.br\/wp-content\/uploads\/2024\/08\/1723371425_brooke-cagle-W8IMcfVCA_o-unsplash-1024x683.jpg?resize=370%2C247&ssl=1",370,247,true]},"uagb_author_info":{"display_name":"ismaelcolosi.com.br","author_link":"https:\/\/ismaelcolosi.com.br\/index.php\/author\/vidareal-online\/"},"uagb_comment_info":0,"uagb_excerpt":"Vocibus volutpat reprimique eum cu, his nonumy voluptua lobortis et, eum periculis assueverit reformidans at. Amet sanctus neglegentur at sed, saepe scaevola atomorum mea ex....","jetpack-related-posts":[{"id":59659,"url":"https:\/\/ismaelcolosi.com.br\/index.php\/2024\/08\/10\/periculis-id-eligendi-convenire-usu-ius-numquam\/","url_meta":{"origin":59678,"position":0},"title":"How Sarah Coped Her Chronic Disease","author":"ismaelcolosi.com.br","date":"10 de August de 2024","format":false,"excerpt":"Vocibus volutpat reprimique eum cu, his nonumy voluptua lobortis et, eum periculis assueverit reformidans at. Amet sanctus neglegentur at sed, saepe scaevola atomorum mea ex. Mutat nostro an eos. In atqui deleniti dissentias duo, ea mei consul fabellas, id ius vero saperet. Quis exerci ei qui, per ut vocent dignissim\u2026","rel":"","context":"In &quot;Not\u00edcias de Ribeir\u00e3o Preto-SP e Regi\u00e3o&quot;","block_context":{"text":"Not\u00edcias de Ribeir\u00e3o Preto-SP e Regi\u00e3o","link":"https:\/\/ismaelcolosi.com.br\/index.php\/category\/noticias-de-ribeirao-preto-sp-e-regiao-ismael-colosi\/"},"img":{"alt_text":"","src":"https:\/\/i0.wp.com\/ismaelcolosi.com.br\/wp-content\/uploads\/2024\/08\/1723313982_brooke-cagle-W8IMcfVCA_o-unsplash-1024x683.jpg?fit=1024%2C683&ssl=1&resize=350%2C200","width":350,"height":200,"srcset":"https:\/\/i0.wp.com\/ismaelcolosi.com.br\/wp-content\/uploads\/2024\/08\/1723313982_brooke-cagle-W8IMcfVCA_o-unsplash-1024x683.jpg?fit=1024%2C683&ssl=1&resize=350%2C200 1x, https:\/\/i0.wp.com\/ismaelcolosi.com.br\/wp-content\/uploads\/2024\/08\/1723313982_brooke-cagle-W8IMcfVCA_o-unsplash-1024x683.jpg?fit=1024%2C683&ssl=1&resize=525%2C300 1.5x, https:\/\/i0.wp.com\/ismaelcolosi.com.br\/wp-content\/uploads\/2024\/08\/1723313982_brooke-cagle-W8IMcfVCA_o-unsplash-1024x683.jpg?fit=1024%2C683&ssl=1&resize=700%2C400 2x"},"classes":[]},{"id":59651,"url":"https:\/\/ismaelcolosi.com.br\/index.php\/2024\/08\/10\/in-vel-iudico-nemore-voluptua-te-porro\/","url_meta":{"origin":59678,"position":1},"title":"How VR Has Changed The World?","author":"ismaelcolosi.com.br","date":"10 de August de 2024","format":false,"excerpt":"Vocibus volutpat reprimique eum cu, his nonumy voluptua lobortis et, eum periculis assueverit reformidans at. Amet sanctus neglegentur at sed, saepe scaevola atomorum mea ex. Mutat nostro an eos. In atqui deleniti dissentias duo, ea mei consul fabellas, id ius vero saperet. Quis exerci ei qui, per ut vocent dignissim\u2026","rel":"","context":"In &quot;Not\u00edcias de Ribeir\u00e3o Preto-SP e Regi\u00e3o&quot;","block_context":{"text":"Not\u00edcias de Ribeir\u00e3o Preto-SP e Regi\u00e3o","link":"https:\/\/ismaelcolosi.com.br\/index.php\/category\/noticias-de-ribeirao-preto-sp-e-regiao-ismael-colosi\/"},"img":{"alt_text":"","src":"https:\/\/i0.wp.com\/ismaelcolosi.com.br\/wp-content\/uploads\/2024\/08\/brooke-cagle-W8IMcfVCA_o-unsplash-1024x683.jpg?fit=1024%2C683&ssl=1&resize=350%2C200","width":350,"height":200,"srcset":"https:\/\/i0.wp.com\/ismaelcolosi.com.br\/wp-content\/uploads\/2024\/08\/brooke-cagle-W8IMcfVCA_o-unsplash-1024x683.jpg?fit=1024%2C683&ssl=1&resize=350%2C200 1x, https:\/\/i0.wp.com\/ismaelcolosi.com.br\/wp-content\/uploads\/2024\/08\/brooke-cagle-W8IMcfVCA_o-unsplash-1024x683.jpg?fit=1024%2C683&ssl=1&resize=525%2C300 1.5x, https:\/\/i0.wp.com\/ismaelcolosi.com.br\/wp-content\/uploads\/2024\/08\/brooke-cagle-W8IMcfVCA_o-unsplash-1024x683.jpg?fit=1024%2C683&ssl=1&resize=700%2C400 2x"},"classes":[]},{"id":59670,"url":"https:\/\/ismaelcolosi.com.br\/index.php\/2024\/08\/10\/solum-graeco-vel-at-has-ad-alienum\/","url_meta":{"origin":59678,"position":2},"title":"Solum graeco vel at Has ad alienum \u2013 Folha de Ribeir\u00e3o","author":"ismaelcolosi.com.br","date":"10 de August de 2024","format":false,"excerpt":"Vocibus volutpat reprimique eum cu, his nonumy voluptua lobortis et, eum periculis assueverit reformidans at. Amet sanctus neglegentur at sed, saepe scaevola atomorum mea ex. Mutat nostro an eos. In atqui deleniti dissentias duo, ea mei consul fabellas, id ius vero saperet. Quis exerci ei qui, per ut vocent dignissim\u2026","rel":"","context":"In &quot;Not\u00edcias de Ribeir\u00e3o Preto-SP e Regi\u00e3o&quot;","block_context":{"text":"Not\u00edcias de Ribeir\u00e3o Preto-SP e Regi\u00e3o","link":"https:\/\/ismaelcolosi.com.br\/index.php\/category\/noticias-de-ribeirao-preto-sp-e-regiao-ismael-colosi\/"},"img":{"alt_text":"","src":"https:\/\/i0.wp.com\/ismaelcolosi.com.br\/wp-content\/uploads\/2024\/08\/1723327409_brooke-cagle-W8IMcfVCA_o-unsplash-1024x683.jpg?fit=1024%2C683&ssl=1&resize=350%2C200","width":350,"height":200,"srcset":"https:\/\/i0.wp.com\/ismaelcolosi.com.br\/wp-content\/uploads\/2024\/08\/1723327409_brooke-cagle-W8IMcfVCA_o-unsplash-1024x683.jpg?fit=1024%2C683&ssl=1&resize=350%2C200 1x, https:\/\/i0.wp.com\/ismaelcolosi.com.br\/wp-content\/uploads\/2024\/08\/1723327409_brooke-cagle-W8IMcfVCA_o-unsplash-1024x683.jpg?fit=1024%2C683&ssl=1&resize=525%2C300 1.5x, https:\/\/i0.wp.com\/ismaelcolosi.com.br\/wp-content\/uploads\/2024\/08\/1723327409_brooke-cagle-W8IMcfVCA_o-unsplash-1024x683.jpg?fit=1024%2C683&ssl=1&resize=700%2C400 2x"},"classes":[]},{"id":14462,"url":"https:\/\/ismaelcolosi.com.br\/index.php\/2023\/12\/12\/o-que-aconteceu-apos-sam-altman-foi-demitido-da-openai\/","url_meta":{"origin":59678,"position":3},"title":"O que aconteceu ap\u00f3s Sam Altman foi demitido da OpenAI","author":"ismaelcolosi.com.br","date":"12 de December de 2023","format":false,"excerpt":"Getty ImagesSam Altman (\u00e0 esqueda) e Satya Nadella (\u00e0 direita) estabeleceram uma parceria multibilion\u00e1ria entre a OpenAI e a Microsoft Desde que foi demitido da sua pr\u00f3pria empresa, a OpenAI, dona do ChatGPT, Sam Altman causou um alvoro\u00e7o no setor de tecnologia. O an\u00fancio veio na \u00faltima sexta-feira (17), com\u2026","rel":"","context":"In &quot;Carreira e Sucesso&quot;","block_context":{"text":"Carreira e Sucesso","link":"https:\/\/ismaelcolosi.com.br\/index.php\/category\/carreira-e-sucesso-dicas-para-carreira\/"},"img":{"alt_text":"","src":"https:\/\/i0.wp.com\/ismaelcolosi.com.br\/wp-content\/uploads\/2023\/12\/carreira-tech-openai-microsoft-1024x683.jpg?fit=1024%2C683&ssl=1&resize=350%2C200","width":350,"height":200,"srcset":"https:\/\/i0.wp.com\/ismaelcolosi.com.br\/wp-content\/uploads\/2023\/12\/carreira-tech-openai-microsoft-1024x683.jpg?fit=1024%2C683&ssl=1&resize=350%2C200 1x, https:\/\/i0.wp.com\/ismaelcolosi.com.br\/wp-content\/uploads\/2023\/12\/carreira-tech-openai-microsoft-1024x683.jpg?fit=1024%2C683&ssl=1&resize=525%2C300 1.5x, https:\/\/i0.wp.com\/ismaelcolosi.com.br\/wp-content\/uploads\/2023\/12\/carreira-tech-openai-microsoft-1024x683.jpg?fit=1024%2C683&ssl=1&resize=700%2C400 2x"},"classes":[]},{"id":31898,"url":"https:\/\/ismaelcolosi.com.br\/index.php\/2024\/01\/23\/ex-alpargatas-beto-funari-vai-para-conselho-da-the-bakery-forbes\/","url_meta":{"origin":59678,"position":4},"title":"Ex-Alpargatas, Beto Funari vai para conselho da The Bakery-Forbes","author":"ismaelcolosi.com.br","date":"23 de January de 2024","format":false,"excerpt":"Beto Funari deixou a presid\u00eancia da Alpargatas em abril passado Roberto Funari acaba de assumir um lugar no conselho de administra\u00e7\u00e3o da consultoria de inova\u00e7\u00e3o The Bakery, uma empresa fundada por brasileiros em Londres com atua\u00e7\u00e3o global. Entre os clientes, Visa, Santander, Vale, Mondelez. Em abril do ano passado, o\u2026","rel":"","context":"In &quot;Carreira e Sucesso&quot;","block_context":{"text":"Carreira e Sucesso","link":"https:\/\/ismaelcolosi.com.br\/index.php\/category\/carreira-e-sucesso-dicas-para-carreira\/"},"img":{"alt_text":"","src":"https:\/\/i0.wp.com\/ismaelcolosi.com.br\/wp-content\/uploads\/2024\/01\/carreira-beto-funari-the-bakery-1024x683.jpg?fit=1024%2C683&ssl=1&resize=350%2C200","width":350,"height":200,"srcset":"https:\/\/i0.wp.com\/ismaelcolosi.com.br\/wp-content\/uploads\/2024\/01\/carreira-beto-funari-the-bakery-1024x683.jpg?fit=1024%2C683&ssl=1&resize=350%2C200 1x, https:\/\/i0.wp.com\/ismaelcolosi.com.br\/wp-content\/uploads\/2024\/01\/carreira-beto-funari-the-bakery-1024x683.jpg?fit=1024%2C683&ssl=1&resize=525%2C300 1.5x, https:\/\/i0.wp.com\/ismaelcolosi.com.br\/wp-content\/uploads\/2024\/01\/carreira-beto-funari-the-bakery-1024x683.jpg?fit=1024%2C683&ssl=1&resize=700%2C400 2x"},"classes":[]},{"id":84028,"url":"https:\/\/ismaelcolosi.com.br\/index.php\/2025\/03\/25\/mcdonalds-anuncia-executiva-da-samsung-como-cmo-no-brasil\/","url_meta":{"origin":59678,"position":5},"title":"McDonald&#8217;s anuncia Executiva da Samsung como CMO no Brasil","author":"ismaelcolosi.com.br","date":"25 de March de 2025","format":false,"excerpt":"\r \r \r \r Ex-CMO Latam da Samsung, executiva substitui S\u00e9rgio Eleut\u00e9rio na rede de fast-food \r \r \r \r Divulga\u00e7\u00e3o\/Samsung\r Com mais de 20 anos de carreira, Ilca Sierra tem passagens por Samsung, Magazine Luiza e Grupo Casas Bahia\r Acessibilidade \r L\r L\r A-\r A+\r \r \u25d0\r \r \u00a0\u2026","rel":"","context":"In &quot;Carreira e Sucesso&quot;","block_context":{"text":"Carreira e Sucesso","link":"https:\/\/ismaelcolosi.com.br\/index.php\/category\/carreira-e-sucesso-dicas-para-carreira\/"},"img":{"alt_text":"","src":"https:\/\/i0.wp.com\/ismaelcolosi.com.br\/wp-content\/uploads\/2025\/03\/forbes-ILCA-SIERRA-MCDONALDS-CMO-1200x675.jpg?fit=1200%2C675&ssl=1&resize=350%2C200","width":350,"height":200,"srcset":"https:\/\/i0.wp.com\/ismaelcolosi.com.br\/wp-content\/uploads\/2025\/03\/forbes-ILCA-SIERRA-MCDONALDS-CMO-1200x675.jpg?fit=1200%2C675&ssl=1&resize=350%2C200 1x, https:\/\/i0.wp.com\/ismaelcolosi.com.br\/wp-content\/uploads\/2025\/03\/forbes-ILCA-SIERRA-MCDONALDS-CMO-1200x675.jpg?fit=1200%2C675&ssl=1&resize=525%2C300 1.5x, https:\/\/i0.wp.com\/ismaelcolosi.com.br\/wp-content\/uploads\/2025\/03\/forbes-ILCA-SIERRA-MCDONALDS-CMO-1200x675.jpg?fit=1200%2C675&ssl=1&resize=700%2C400 2x, https:\/\/i0.wp.com\/ismaelcolosi.com.br\/wp-content\/uploads\/2025\/03\/forbes-ILCA-SIERRA-MCDONALDS-CMO-1200x675.jpg?fit=1200%2C675&ssl=1&resize=1050%2C600 3x"},"classes":[]}],"jetpack_sharing_enabled":true,"jetpack_shortlink":"https:\/\/wp.me\/pfMlyK-fwy","_links":{"self":[{"href":"https:\/\/ismaelcolosi.com.br\/index.php\/wp-json\/wp\/v2\/posts\/59678","targetHints":{"allow":["GET"]}}],"collection":[{"href":"https:\/\/ismaelcolosi.com.br\/index.php\/wp-json\/wp\/v2\/posts"}],"about":[{"href":"https:\/\/ismaelcolosi.com.br\/index.php\/wp-json\/wp\/v2\/types\/post"}],"author":[{"embeddable":true,"href":"https:\/\/ismaelcolosi.com.br\/index.php\/wp-json\/wp\/v2\/users\/1"}],"replies":[{"embeddable":true,"href":"https:\/\/ismaelcolosi.com.br\/index.php\/wp-json\/wp\/v2\/comments?post=59678"}],"version-history":[{"count":0,"href":"https:\/\/ismaelcolosi.com.br\/index.php\/wp-json\/wp\/v2\/posts\/59678\/revisions"}],"wp:featuredmedia":[{"embeddable":true,"href":"https:\/\/ismaelcolosi.com.br\/index.php\/wp-json\/wp\/v2\/media\/59679"}],"wp:attachment":[{"href":"https:\/\/ismaelcolosi.com.br\/index.php\/wp-json\/wp\/v2\/media?parent=59678"}],"wp:term":[{"taxonomy":"category","embeddable":true,"href":"https:\/\/ismaelcolosi.com.br\/index.php\/wp-json\/wp\/v2\/categories?post=59678"},{"taxonomy":"post_tag","embeddable":true,"href":"https:\/\/ismaelcolosi.com.br\/index.php\/wp-json\/wp\/v2\/tags?post=59678"}],"curies":[{"name":"wp","href":"https:\/\/api.w.org\/{rel}","templated":true}]}}