{"id":59676,"date":"2024-08-11T06:29:36","date_gmt":"2024-08-11T09:29:36","guid":{"rendered":"https:\/\/ismaelcolosi.com.br\/index.php\/2024\/08\/11\/trabalhar-em-familia-da-certo\/"},"modified":"2024-08-11T06:29:36","modified_gmt":"2024-08-11T09:29:36","slug":"trabalhar-em-familia-da-certo","status":"publish","type":"post","link":"https:\/\/ismaelcolosi.com.br\/index.php\/2024\/08\/11\/trabalhar-em-familia-da-certo\/","title":{"rendered":"trabalhar em fam\u00edlia d\u00e1 certo?"},"content":{"rendered":"<p> <br \/>\n<\/p>\n<div>\n<p>\u00a0<\/p>\n<div class=\"accessibility\">\n<p>Acessibilidade<\/p>\n<p>\n<button onclick=\"alterFont1()\" id=\"btn1\" class=\"btn\">L<\/button><br \/>\n<button onclick=\"alterFont2()\" id=\"btn2\" class=\"btn\" style=\"font-family: Merriweather\">L<\/button><br \/>\n<button onclick=\"alterFontSmallerSize()\" id=\"btn3\" class=\"btn\">A-<\/button><br \/>\n<button onclick=\"alterFontBiggerSize()\" id=\"btn4\" class=\"btn\">A+<\/button><\/p>\n<p><button onclick=\"alterBackground()\" id=\"btn6\" class=\"btn\">\u25d0<\/button><\/p>\n<\/div>\n<p>\u00a0<\/p>\n<p>Apesar da convic\u00e7\u00e3o de que neg\u00f3cios e fam\u00edlia n\u00e3o se misturam, muitos profissionais fazem essa rela\u00e7\u00e3o dar certo. Segundo o IBGE (Instituto Brasileiro de Geografia e Estat\u00edstica), <strong>90% das empresas no Brasil t\u00eam perfil familiar<\/strong>, respondem por mais da metade do PIB e empregam 75% da m\u00e3o de obra do pa\u00eds.<\/p>\n<p>Do conv\u00edvio intensificado com os familiares a li\u00e7\u00f5es de pais para filhos que ganham mais valor dentro do trabalho, a rela\u00e7\u00e3o pode sustentar e prolongar a vida de uma companhia. \u201cAs empresas familiares demonstram maior resili\u00eancia, justamente por apresentarem uma cultura s\u00f3lida, prop\u00f3sito e valores bem enraizados\u201d, afirma <strong>Carolina de Oliveira<\/strong>, s\u00f3cia-l\u00edder de empresas privadas da companhia de consultoria <strong>KPMG<\/strong>.<\/p>\n<h2>Leia tamb\u00e9m<\/h2>\n<div id=\"attachment_627320\" class=\"wp-caption alignnone style=\" max-width:=\"\"><img data-recalc-dims=\"1\" loading=\"lazy\" decoding=\"async\" class=\"alignnone wp-image-627320 size-medium\" src=\"https:\/\/i0.wp.com\/forbes.com.br\/wp-content\/uploads\/2024\/08\/joao-adibe-e-filhos-768x512.jpg?resize=678%2C452&#038;ssl=1\" http:=\"\" alt=\"Jo\u00e3o Adibe com os filhos\" width=\"678\" height=\"452\" data-lazy-src=\"https:\/\/forbes.com.br\/wp-content\/uploads\/2024\/08\/joao-adibe-e-filhos-768x512.jpg\"\/><img data-recalc-dims=\"1\" loading=\"lazy\" decoding=\"async\" class=\"alignnone wp-image-627320 size-medium\" src=\"https:\/\/i0.wp.com\/forbes.com.br\/wp-content\/uploads\/2024\/08\/joao-adibe-e-filhos-768x512.jpg?resize=678%2C452&#038;ssl=1\" alt=\"Jo\u00e3o Adibe com os filhos\" width=\"678\" height=\"452\"\/><\/p>\n<p>Divulga\u00e7\u00e3o\/Cimed<\/p>\n<p class=\"wp-caption-text\">Jo\u00e3o Adibe, CEO da Cimed, trabalha ao lado de Adibe, Esther e Bruna na companhia<\/p>\n<\/div>\n<p>Os n\u00fameros provam o sucesso de muitas delas: de acordo com uma <a href=\"https:\/\/www2.deloitte.com\/content\/dam\/Deloitte\/us\/Documents\/us-2024-family-enterprise-survey.pdf\" target=\"_blank\" rel=\"noopener\">pesquisa da Deloitte de 2024<\/a>, que entrevistou 500 profissionais nos EUA, 48% da gera\u00e7\u00e3o atual na lideran\u00e7a e 29% da pr\u00f3xima gera\u00e7\u00e3o a assumir trabalharam exclusivamente em empresas das suas fam\u00edlias. No pa\u00eds, essas companhias s\u00e3o respons\u00e1veis por US$ 7,7 trilh\u00f5es (R$ 42,8 trilh\u00f5es) do setor privado.<\/p>\n<p>Neste <strong>Dia dos Pais<\/strong>, veja como equilibrar o trabalho em fam\u00edlia e conhe\u00e7a hist\u00f3rias de sucesso de pais e filhos no mundo empresarial.<\/p>\n<h2>Desafios \u00e0 mesa<\/h2>\n<p>Separar a vida profissional da pessoal pode ficar ainda mais dif\u00edcil quando se mistura a fam\u00edlia com o trabalho. Atritos geracionais e a falta de limites saud\u00e1veis passam a permear a rela\u00e7\u00e3o dentro e fora de casa. \u201cO pulso disso \u00e9 ser capaz de fazer uma reuni\u00e3o dura, com diverg\u00eancia de opini\u00e3o e, na sequ\u00eancia, sair para almo\u00e7ar e dar risada\u201d, afirma <strong>Thiago Hering<\/strong>, CEO da marca hom\u00f4nima. O empres\u00e1rio, sexta gera\u00e7\u00e3o da fam\u00edlia \u00e0 frente da marca centen\u00e1ria, assumiu o cargo de seu pai, <strong>F\u00e1bio Hering<\/strong>, em 2021.<\/p>\n<div id=\"attachment_627323\" class=\"wp-caption alignnone style=\" max-width:=\"\"><img data-recalc-dims=\"1\" loading=\"lazy\" decoding=\"async\" class=\"alignnone wp-image-627323 size-medium\" src=\"https:\/\/i0.wp.com\/forbes.com.br\/wp-content\/uploads\/2024\/08\/fabio-hering-e-thiago-768x512.jpg?resize=678%2C452&#038;ssl=1\" http:=\"\" alt=\"Thiago Hering e o pai\" width=\"678\" height=\"452\" data-lazy-src=\"https:\/\/forbes.com.br\/wp-content\/uploads\/2024\/08\/fabio-hering-e-thiago-768x512.jpg\"\/><img data-recalc-dims=\"1\" loading=\"lazy\" decoding=\"async\" class=\"alignnone wp-image-627323 size-medium\" src=\"https:\/\/i0.wp.com\/forbes.com.br\/wp-content\/uploads\/2024\/08\/fabio-hering-e-thiago-768x512.jpg?resize=678%2C452&#038;ssl=1\" alt=\"Thiago Hering e o pai\" width=\"678\" height=\"452\"\/><\/p>\n<p class=\"wp-caption-text\">Thiago Hering passou por um per\u00edodo de prepara\u00e7\u00e3o ao lado do pai antes de assumir como CEO<\/p>\n<\/div>\n<p>Ao herdar o <strong>Grupo Hope<\/strong> do fundador<strong> Nissim Hara<\/strong>, seu pai, <strong>Sandra Chayo<\/strong> precisou provar sua compet\u00eancia em meio \u00e0s d\u00favidas sobre sua credibilidade. O caminho foi mostrar, na pr\u00e1tica e com n\u00fameros, a que veio. \u201cTive dificuldades com gestores que questionavam minhas ideias por eu ser jovem e filha do dono. Depois dos resultados positivos, ganhei mais responsabilidades e autonomia na empresa.\u201d<\/p>\n<p>A rela\u00e7\u00e3o pode se complicar ainda mais quando o ci\u00fame entre irm\u00e3os entra em cena. \u201cTer um ambiente competitivo dentro da empresa \u00e9 saud\u00e1vel, mas, na fam\u00edlia, pode se tornar um problema\u201d, afirma <strong>Jo\u00e3o Adibe, CEO da farmac\u00eautica Cimed<\/strong>. \u201cTodos devem apoiar e celebrar as conquistas uns dos outros\u201d, diz o empres\u00e1rio, tamb\u00e9m filho do fundador, que hoje trabalha ao lado de tr\u00eas dos seus cinco filhos, al\u00e9m da irm\u00e3, <strong>Karla Felmanas<\/strong>, vice-presidente da empresa, e dos sobrinhos.<\/p>\n<div id=\"attachment_627326\" class=\"wp-caption alignnone style=\" max-width:=\"\"><img data-recalc-dims=\"1\" loading=\"lazy\" decoding=\"async\" class=\"alignnone wp-image-627326 size-medium\" src=\"https:\/\/i0.wp.com\/forbes.com.br\/wp-content\/uploads\/2024\/08\/joao-adibe-e-familia-768x512.jpg?resize=678%2C452&#038;ssl=1\" http:=\"\" alt=\"Jo\u00e3o Adibe com o pai e o filho\" width=\"678\" height=\"452\" data-lazy-src=\"https:\/\/forbes.com.br\/wp-content\/uploads\/2024\/08\/joao-adibe-e-familia-768x512.jpg\"\/><img data-recalc-dims=\"1\" loading=\"lazy\" decoding=\"async\" class=\"alignnone wp-image-627326 size-medium\" src=\"https:\/\/i0.wp.com\/forbes.com.br\/wp-content\/uploads\/2024\/08\/joao-adibe-e-familia-768x512.jpg?resize=678%2C452&#038;ssl=1\" alt=\"Jo\u00e3o Adibe com o pai e o filho\" width=\"678\" height=\"452\"\/><\/p>\n<p>Divulga\u00e7\u00e3o<\/p>\n<p class=\"wp-caption-text\">\u00c0 direita, Jo\u00e3o Adibe com o pai, o av\u00f4 e o filho; \u00e0 esquerda, Jo\u00e3o Adibe com o filho, Adibe<\/p>\n<\/div>\n<p>Ao equilibrar o papel de pai e l\u00edder, existe uma linha t\u00eanue entre ser um bom mentor e exigir demais. <strong>Fl\u00e1via Camanho<\/strong>, especialista em governan\u00e7a familiar, explica que, para evitar cruzar esses limites, os pais devem reconhecer o momento de agir e tamb\u00e9m de recuar.<\/p>\n<p>As novas gera\u00e7\u00f5es chegam \u00e0 lideran\u00e7a com um olhar diferente do que os fundadores tinham e uma vis\u00e3o refrescada dos neg\u00f3cios. Segundo uma <a href=\"https:\/\/kpmg.com\/br\/pt\/home\/insights\/2022\/09\/empresas-familiares-destacam-com-resiliencia-na-pandemia.html\" target=\"_blank\" rel=\"noopener\">pesquisa da KPMG realizada em 2022<\/a>, 59% dos l\u00edderes de empresas familiares t\u00eam como objetivo mudar a cultura da companhia para ter melhores resultados.<\/p>\n<p>O caminho \u00e9 equilibrar tradi\u00e7\u00e3o e inova\u00e7\u00e3o e, para isso, \u00e9 preciso abrir espa\u00e7o para que os novos l\u00edderes construam seu pr\u00f3prio legado. \u201cOs pais devem atuar como guias, evitando o controle excessivo, para que os filhos possam deixar sua pr\u00f3pria marca no legado familiar\u201d, afirma Fl\u00e1via Camanho.<\/p>\n<h2>Como fazer dar certo<\/h2>\n<p>N\u00e3o existe f\u00f3rmula do sucesso para gerir uma empresa familiar \u2013 ou qualquer outra estrutura de companhia. Mas algumas dicas valiosas podem ajudar a guiar a lideran\u00e7a quando fam\u00edlia e neg\u00f3cios se misturam.<\/p>\n<p>Para Jo\u00e3o Adibe, deixar os filhos terem protagonismo dentro da empresa \u00e9 essencial para o sucesso dos herdeiros e da companhia. \u201cDesde quando eles nasceram, foram introduzidos indiretamente no neg\u00f3cio. Participavam de reuni\u00f5es e conven\u00e7\u00f5es e passavam as f\u00e9rias escolares no trabalho. A partir do momento em que eles entenderam como a Cimed funcionava, eles decolaram dentro da empresa\u201d, diz Adibe. Em 2023, a companhia, terceira maior farmac\u00eautica do pa\u00eds, atingiu <strong>R$ 3 bilh\u00f5es<\/strong> em faturamento.<\/p>\n<p>O di\u00e1logo tamb\u00e9m \u00e9 pe\u00e7a-chave para manter a rela\u00e7\u00e3o nos eixos. \u201cEu era muito parecida com o meu pai, ent\u00e3o \u00e9ramos cheios de ideias. Quando elas colidiam, a solu\u00e7\u00e3o era conversar at\u00e9 chegar em um consenso, e isso permanece at\u00e9 hoje entre eu e minhas irm\u00e3s\u201d, conta Sandra Chayo, que, ap\u00f3s a morte do pai, em janeiro de 2020, continua liderando o Grupo Hope em fam\u00edlia.<\/p>\n<div id=\"attachment_627321\" class=\"wp-caption alignnone style=\" max-width:=\"\"><img data-recalc-dims=\"1\" loading=\"lazy\" decoding=\"async\" class=\"alignnone wp-image-627321 size-medium\" src=\"https:\/\/i0.wp.com\/forbes.com.br\/wp-content\/uploads\/2024\/08\/sandra-chayo-e-o-pai-Nissim-Hara-768x512.jpg?resize=678%2C452&#038;ssl=1\" http:=\"\" alt=\"Sandra Chayo e o pai, Nissim Hara\" width=\"678\" height=\"452\" data-lazy-src=\"https:\/\/forbes.com.br\/wp-content\/uploads\/2024\/08\/sandra-chayo-e-o-pai-Nissim-Hara-768x512.jpg\"\/><img data-recalc-dims=\"1\" loading=\"lazy\" decoding=\"async\" class=\"alignnone wp-image-627321 size-medium\" src=\"https:\/\/i0.wp.com\/forbes.com.br\/wp-content\/uploads\/2024\/08\/sandra-chayo-e-o-pai-Nissim-Hara-768x512.jpg?resize=678%2C452&#038;ssl=1\" alt=\"Sandra Chayo e o pai, Nissim Hara\" width=\"678\" height=\"452\"\/><\/p>\n<p>Divulga\u00e7\u00e3o<\/p>\n<p class=\"wp-caption-text\">Sandra Chayo n\u00e3o queria seguir os passos de Nissim Hara, mas mudou de ideia depois de trabalhar ao lado do pai<\/p>\n<\/div>\n<p>Reuni\u00f5es regulares, mecanismos de feedback e comunica\u00e7\u00e3o aberta e respeitosa podem evitar que os conflitos escalem, explica Fl\u00e1via Camanho. \u201cManter o foco no que \u00e9 melhor para a empresa, ao inv\u00e9s de deixar que quest\u00f5es pessoais influenciem as decis\u00f5es \u00e9 fundamental.\u201d<\/p>\n<p>Para lidar com o ingrediente emocional da rela\u00e7\u00e3o entre pais e filhos no trabalho, Thiago Hering ainda aconselha: \u201cUm pouquinho de terapia, muito coaching e aconselhamento, boas conversas com pessoas que viveram situa\u00e7\u00f5es parecidas e outros profissionais de mercado que podem trazer uma vis\u00e3o isenta.\u201d<\/p>\n<h2>De gera\u00e7\u00e3o para gera\u00e7\u00e3o<\/h2>\n<p>Seja voc\u00ea pai ou filho, fazer parte de uma empresa familiar levanta uma quest\u00e3o importante: a sucess\u00e3o. Assumir a lideran\u00e7a ou passar o bast\u00e3o para as novas gera\u00e7\u00f5es \u00e9 uma das etapas mais importantes para a longevidade de empresas familiares.<\/p>\n<p>O desafio \u00e9 se preparar para esses momentos de virada, mas o planejamento \u00e9 a melhor maneira de facilitar o processo. \u201c\u00c9 importante criar um plano antecipado e iniciar o processo de sucess\u00e3o com anteced\u00eancia, estabelecendo regras claras, definindo pap\u00e9is e expectativas, a fim de treinar e desenvolver a pr\u00f3xima gera\u00e7\u00e3o\u201d, diz Carolina de Oliveira, s\u00f3cia da KPMG.<\/p>\n<p>No entanto, dois ter\u00e7os das empresas n\u00e3o t\u00eam nenhum plano formal de sucess\u00e3o, segundo uma pesquisa feita para o livro \u201cTalent Wins\u201d, escrito por Ram Charan, Dennis C Carey e Dominic Barton e revisado pela <strong>Forbes US<\/strong>. E <a href=\"https:\/\/www2.deloitte.com\/content\/dam\/Deloitte\/us\/Documents\/us-2024-family-enterprise-survey.pdf\" target=\"_blank\" rel=\"noopener\">apenas 24% da gera\u00e7\u00e3o atual e 13% da pr\u00f3xima<\/a> acreditam que uma empresa familiar com um plano de sucess\u00e3o formal continuaria a operar sem interrup\u00e7\u00f5es.<\/p>\n<ul>\n<li>\n<h3>Siga a <a href=\"https:\/\/whatsapp.com\/channel\/0029Va9gQKwBFLgM96cJnu0u\" target=\"_blank\" rel=\"noopener\">Forbes<\/a> no WhatsApp e receba as principais not\u00edcias sobre neg\u00f3cios, carreira, tecnologia e estilo de vida<\/h3>\n<\/li>\n<\/ul>\n<p>Nem sempre existe um caminho claro para a sucess\u00e3o, mas, ao entender o que \u00e9 melhor para os neg\u00f3cios e para a fam\u00edlia, fica mais f\u00e1cil dar o primeiro passo. \u201c\u00c9 uma prepara\u00e7\u00e3o que j\u00e1 acontece no dia a dia. Meus filhos n\u00e3o v\u00e3o me suceder s\u00f3 na hora que eu parar. Eles podem come\u00e7ar a fazer coisas que eu fa\u00e7o ao meu lado. \u00c9 uma quest\u00e3o de disponibilidade e equil\u00edbro\u201d, diz Jo\u00e3o Adibe, CEO da Cimed.<\/p>\n<h2>Escolhas do editor<\/h2>\n<\/div>\n<p><script type=\"rocketlazyloadscript\">\n\t\t\t\t(function(d, s, id){\n\t\t\t\t\tvar js, fjs = d.getElementsByTagName(s)[0];\n\t\t\t\t\tif (d.getElementById(id)) return;\n\t\t\t\t\tjs = d.createElement(s); js.id = id;\n\t\t\t\t\tjs.src = \"\/\/connect.facebook.net\/pt_BR\/sdk.js#xfbml=1&version=v2.9\";\n\t\t\t\t\tfjs.parentNode.insertBefore(js, fjs);\n\t\t\t\t}(document, 'script', 'facebook-jssdk'));\n\t\t\t<\/script><br \/>\n<br \/><br \/>\n<br \/><a href=\"https:\/\/forbes.com.br\/carreira\/2024\/08\/de-pai-para-filho-trabalhar-em-familia-da-certo\/\">Source link <\/a><\/p>\n<div class='code-block code-block-4' style='margin: 8px auto 8px 0; text-align: left; display: block; clear: both;'>\n\ud83d\udce2 Aviso Legal\n\nO site ismaelcolosi.com.br atua apenas como um canal de divulga\u00e7\u00e3o de oportunidades de emprego e n\u00e3o se responsabiliza pelo processo seletivo, contrata\u00e7\u00e3o ou qualquer outra etapa relacionada \u00e0s vagas publicadas. Todas as informa\u00e7\u00f5es s\u00e3o de responsabilidade dos anunciantes.\n\n\u26a0\ufe0f Aten\u00e7\u00e3o! Nunca pague por promessas de emprego nem compre cursos que garantam contrata\u00e7\u00e3o. Desconfie de qualquer cobran\u00e7a para participar de sele\u00e7\u00f5es.\n\n\n\n<\/div>\n<!-- CONTENT END 1 -->\n","protected":false},"excerpt":{"rendered":"<p>\u00a0 Acessibilidade L L A- A+ \u25d0 \u00a0 Apesar da convic\u00e7\u00e3o de que neg\u00f3cios e fam\u00edlia n\u00e3o se misturam, muitos profissionais fazem essa rela\u00e7\u00e3o dar&#8230;<\/p>\n","protected":false},"author":1,"featured_media":59677,"comment_status":"open","ping_status":"open","sticky":false,"template":"","format":"standard","meta":{"_uag_custom_page_level_css":"","advanced_seo_description":"","jetpack_seo_html_title":"","jetpack_seo_noindex":false,"jetpack_post_was_ever_published":false,"_jetpack_newsletter_access":"","_jetpack_dont_email_post_to_subs":false,"_jetpack_newsletter_tier_id":0,"_jetpack_memberships_contains_paywalled_content":false,"_jetpack_memberships_contains_paid_content":false,"footnotes":"","jetpack_publicize_message":"","jetpack_publicize_feature_enabled":true,"jetpack_social_post_already_shared":true,"jetpack_social_options":{"image_generator_settings":{"template":"highway","default_image_id":0,"font":"","enabled":false},"version":2}},"categories":[1964],"tags":[],"class_list":["post-59676","post","type-post","status-publish","format-standard","has-post-thumbnail","hentry","category-carreira-e-sucesso-dicas-para-carreira"],"jetpack_publicize_connections":[],"jetpack_featured_media_url":"https:\/\/i0.wp.com\/ismaelcolosi.com.br\/wp-content\/uploads\/2024\/08\/joao-adibe-e-filhos-1024x683.jpg?fit=1024%2C683&ssl=1","uagb_featured_image_src":{"full":["https:\/\/i0.wp.com\/ismaelcolosi.com.br\/wp-content\/uploads\/2024\/08\/joao-adibe-e-filhos-1024x683.jpg?fit=1024%2C683&ssl=1",1024,683,false],"thumbnail":["https:\/\/i0.wp.com\/ismaelcolosi.com.br\/wp-content\/uploads\/2024\/08\/joao-adibe-e-filhos-1024x683.jpg?resize=150%2C150&ssl=1",150,150,true],"medium":["https:\/\/i0.wp.com\/ismaelcolosi.com.br\/wp-content\/uploads\/2024\/08\/joao-adibe-e-filhos-1024x683.jpg?fit=300%2C200&ssl=1",300,200,true],"medium_large":["https:\/\/i0.wp.com\/ismaelcolosi.com.br\/wp-content\/uploads\/2024\/08\/joao-adibe-e-filhos-1024x683.jpg?fit=768%2C512&ssl=1",768,512,true],"large":["https:\/\/i0.wp.com\/ismaelcolosi.com.br\/wp-content\/uploads\/2024\/08\/joao-adibe-e-filhos-1024x683.jpg?fit=1024%2C683&ssl=1",1024,683,true],"1536x1536":["https:\/\/i0.wp.com\/ismaelcolosi.com.br\/wp-content\/uploads\/2024\/08\/joao-adibe-e-filhos-1024x683.jpg?fit=1024%2C683&ssl=1",1024,683,true],"2048x2048":["https:\/\/i0.wp.com\/ismaelcolosi.com.br\/wp-content\/uploads\/2024\/08\/joao-adibe-e-filhos-1024x683.jpg?fit=1024%2C683&ssl=1",1024,683,true],"really-simple-thumb":["https:\/\/i0.wp.com\/ismaelcolosi.com.br\/wp-content\/uploads\/2024\/08\/joao-adibe-e-filhos-1024x683.jpg?resize=370%2C247&ssl=1",370,247,true]},"uagb_author_info":{"display_name":"ismaelcolosi.com.br","author_link":"https:\/\/ismaelcolosi.com.br\/index.php\/author\/vidareal-online\/"},"uagb_comment_info":0,"uagb_excerpt":"\u00a0 Acessibilidade L L A- A+ \u25d0 \u00a0 Apesar da convic\u00e7\u00e3o de que neg\u00f3cios e fam\u00edlia n\u00e3o se misturam, muitos profissionais fazem essa rela\u00e7\u00e3o dar...","jetpack-related-posts":[{"id":17800,"url":"https:\/\/ismaelcolosi.com.br\/index.php\/2023\/12\/19\/sucessao-de-ceos-como-evitar-os-5-erros-mais-comuns\/","url_meta":{"origin":59676,"position":0},"title":"Sucess\u00e3o de CEOs: como evitar os 5 erros mais comuns","author":"ismaelcolosi.com.br","date":"19 de December de 2023","format":false,"excerpt":"Divulga\u00e7\u00e3o\/HBOMelhores pr\u00e1ticas de sucess\u00e3o envolvem mapear e preparar talentos internamente e acompanhar a transi\u00e7\u00e3o Fen\u00f4meno de audi\u00eancia, a s\u00e9rie \u201cSuccession\u201d trata do conturbado processo sucess\u00f3rio em um conglomerado americano de m\u00eddia. Enquanto os filhos brigam pelo comando da empresa, o patriarca Logan Roy reluta em abrir m\u00e3o da lideran\u00e7a, com\u2026","rel":"","context":"In &quot;Carreira e Sucesso&quot;","block_context":{"text":"Carreira e Sucesso","link":"https:\/\/ismaelcolosi.com.br\/index.php\/category\/carreira-e-sucesso-dicas-para-carreira\/"},"img":{"alt_text":"","src":"https:\/\/i0.wp.com\/ismaelcolosi.com.br\/wp-content\/uploads\/2023\/12\/carreira-trabalho-sucessao-succession-1024x683.jpg?fit=1024%2C683&ssl=1&resize=350%2C200","width":350,"height":200,"srcset":"https:\/\/i0.wp.com\/ismaelcolosi.com.br\/wp-content\/uploads\/2023\/12\/carreira-trabalho-sucessao-succession-1024x683.jpg?fit=1024%2C683&ssl=1&resize=350%2C200 1x, https:\/\/i0.wp.com\/ismaelcolosi.com.br\/wp-content\/uploads\/2023\/12\/carreira-trabalho-sucessao-succession-1024x683.jpg?fit=1024%2C683&ssl=1&resize=525%2C300 1.5x, https:\/\/i0.wp.com\/ismaelcolosi.com.br\/wp-content\/uploads\/2023\/12\/carreira-trabalho-sucessao-succession-1024x683.jpg?fit=1024%2C683&ssl=1&resize=700%2C400 2x"},"classes":[]},{"id":18523,"url":"https:\/\/ismaelcolosi.com.br\/index.php\/2023\/12\/20\/familia-e-bebe-vitimas-de-grave-acidente-na-br-369-sao-identificados-e-nota-de-pesar-e-divulgada-dia-triste\/","url_meta":{"origin":59676,"position":1},"title":"Fam\u00edlia e beb\u00ea v\u00edtimas de grave acidente na BR-369 s\u00e3o identificados e nota de pesar \u00e9 divulgada: &#8216;Dia triste&#8217;","author":"ismaelcolosi.com.br","date":"20 de December de 2023","format":false,"excerpt":"Na manh\u00e3 desta ter\u00e7a-feira, dia 19 de dezembro, as quatro v\u00edtimas do grave acidente ocorrido na BR-369, na regi\u00e3o de Mambor\u00ea, no Paran\u00e1, foram identificadas.As v\u00edtimas s\u00e3o Franciele Marchese, M\u00e1rcio Fernando da Cruz, Marlene Rosa de Ara\u00fajo Cruz e a pequena Sofia Leonardi Ferreira Trento, uma beb\u00ea que n\u00e3o conseguiu\u2026","rel":"","context":"In &quot;Blog&quot;","block_context":{"text":"Blog","link":"https:\/\/ismaelcolosi.com.br\/index.php\/category\/blog\/"},"img":{"alt_text":"","src":"https:\/\/i0.wp.com\/ismaelcolosi.com.br\/wp-content\/uploads\/2023\/12\/postimg-658302d67550f4885.jpg?fit=1200%2C628&ssl=1&resize=350%2C200","width":350,"height":200,"srcset":"https:\/\/i0.wp.com\/ismaelcolosi.com.br\/wp-content\/uploads\/2023\/12\/postimg-658302d67550f4885.jpg?fit=1200%2C628&ssl=1&resize=350%2C200 1x, https:\/\/i0.wp.com\/ismaelcolosi.com.br\/wp-content\/uploads\/2023\/12\/postimg-658302d67550f4885.jpg?fit=1200%2C628&ssl=1&resize=525%2C300 1.5x, https:\/\/i0.wp.com\/ismaelcolosi.com.br\/wp-content\/uploads\/2023\/12\/postimg-658302d67550f4885.jpg?fit=1200%2C628&ssl=1&resize=700%2C400 2x, https:\/\/i0.wp.com\/ismaelcolosi.com.br\/wp-content\/uploads\/2023\/12\/postimg-658302d67550f4885.jpg?fit=1200%2C628&ssl=1&resize=1050%2C600 3x"},"classes":[]},{"id":10780,"url":"https:\/\/ismaelcolosi.com.br\/index.php\/2023\/12\/05\/filha-de-zeze-di-camargo-abre-o-jogo-sobre-treta-da-familia-e-explica-como-esta-relacao-com-o-pai-agora\/","url_meta":{"origin":59676,"position":2},"title":"Filha de Zez\u00e9 Di Camargo abre o jogo sobre treta da fam\u00edlia e explica como esta rela\u00e7\u00e3o com o pai agora","author":"ismaelcolosi.com.br","date":"5 de December de 2023","format":false,"excerpt":"Na \u00faltima segunda-feira (04\/11), o nome de Zez\u00e9 di Camargo voltou a chamar a aten\u00e7\u00e3o nas redes sociais. Isso porque uma de suas filhas, Camilla Camargo, falou sobre a situa\u00e7\u00e3o da fam\u00edlia.Camilla costuma ser discreta em seu cotidiano, a exemplo dos irm\u00e3os, mas acabou respondendo algumas perguntas. Evitando detalhes mais\u2026","rel":"","context":"In &quot;Blog&quot;","block_context":{"text":"Blog","link":"https:\/\/ismaelcolosi.com.br\/index.php\/category\/blog\/"},"img":{"alt_text":"","src":"https:\/\/i0.wp.com\/ismaelcolosi.com.br\/wp-content\/uploads\/2023\/12\/postimg-656ea56e2bb1a8731.jpg?fit=1200%2C628&ssl=1&resize=350%2C200","width":350,"height":200,"srcset":"https:\/\/i0.wp.com\/ismaelcolosi.com.br\/wp-content\/uploads\/2023\/12\/postimg-656ea56e2bb1a8731.jpg?fit=1200%2C628&ssl=1&resize=350%2C200 1x, https:\/\/i0.wp.com\/ismaelcolosi.com.br\/wp-content\/uploads\/2023\/12\/postimg-656ea56e2bb1a8731.jpg?fit=1200%2C628&ssl=1&resize=525%2C300 1.5x, https:\/\/i0.wp.com\/ismaelcolosi.com.br\/wp-content\/uploads\/2023\/12\/postimg-656ea56e2bb1a8731.jpg?fit=1200%2C628&ssl=1&resize=700%2C400 2x, https:\/\/i0.wp.com\/ismaelcolosi.com.br\/wp-content\/uploads\/2023\/12\/postimg-656ea56e2bb1a8731.jpg?fit=1200%2C628&ssl=1&resize=1050%2C600 3x"},"classes":[]},{"id":72932,"url":"https:\/\/ismaelcolosi.com.br\/index.php\/2024\/10\/24\/3-motivos-explicam-por-que-a-geracao-z-e-demitida\/","url_meta":{"origin":59676,"position":3},"title":"3 Motivos Explicam Por Que a Gera\u00e7\u00e3o Z \u00c9 Demitida","author":"ismaelcolosi.com.br","date":"24 de October de 2024","format":false,"excerpt":"\u00a0 Acessibilidade L L A- A+ \u25d0 \u00a0 A Gera\u00e7\u00e3o Z deu seus primeiros passos no mercado de trabalho no auge da pandemia. No entanto, 60% dos empregadores admitiram ter demitido funcion\u00e1rios dessa gera\u00e7\u00e3o contratados este ano, de acordo com uma pesquisa da Resume Genius, plataforma de cria\u00e7\u00e3o de curr\u00edculos.\u2026","rel":"","context":"In &quot;Carreira e Sucesso&quot;","block_context":{"text":"Carreira e Sucesso","link":"https:\/\/ismaelcolosi.com.br\/index.php\/category\/carreira-e-sucesso-dicas-para-carreira\/"},"img":{"alt_text":"","src":"https:\/\/i0.wp.com\/ismaelcolosi.com.br\/wp-content\/uploads\/2024\/10\/carreira-geracao-z-trabalho-1024x683.jpg?fit=1024%2C683&ssl=1&resize=350%2C200","width":350,"height":200,"srcset":"https:\/\/i0.wp.com\/ismaelcolosi.com.br\/wp-content\/uploads\/2024\/10\/carreira-geracao-z-trabalho-1024x683.jpg?fit=1024%2C683&ssl=1&resize=350%2C200 1x, https:\/\/i0.wp.com\/ismaelcolosi.com.br\/wp-content\/uploads\/2024\/10\/carreira-geracao-z-trabalho-1024x683.jpg?fit=1024%2C683&ssl=1&resize=525%2C300 1.5x, https:\/\/i0.wp.com\/ismaelcolosi.com.br\/wp-content\/uploads\/2024\/10\/carreira-geracao-z-trabalho-1024x683.jpg?fit=1024%2C683&ssl=1&resize=700%2C400 2x"},"classes":[]},{"id":77661,"url":"https:\/\/ismaelcolosi.com.br\/index.php\/2024\/11\/27\/samsung-tem-primeira-ceo-mulher-de-fora-da-familia-fundadora\/","url_meta":{"origin":59676,"position":4},"title":"Samsung Tem Primeira CEO Mulher de Fora da Fam\u00edlia Fundadora","author":"ismaelcolosi.com.br","date":"27 de November de 2024","format":false,"excerpt":"\r \r \r \r Cientista experiente com quase 10 anos de empresa, Kim Kyung-Ah quebrou o teto de vidro e alcan\u00e7ou a posi\u00e7\u00e3o n\u00famero um na Samsung Bioepis \r \r \r Reprodu\u00e7\u00e3o\/Samsung BioepisKim Kyung-Ah era vice-presidente executiva e l\u00edder da divis\u00e3o de desenvolvimento da Samsung Bioepis Acessibilidade \r L\r L\r\u2026","rel":"","context":"In &quot;Carreira e Sucesso&quot;","block_context":{"text":"Carreira e Sucesso","link":"https:\/\/ismaelcolosi.com.br\/index.php\/category\/carreira-e-sucesso-dicas-para-carreira\/"},"img":{"alt_text":"","src":"https:\/\/i0.wp.com\/ismaelcolosi.com.br\/wp-content\/uploads\/2024\/11\/mulher-Kim-Kyung-Ah-1200x675.jpg?fit=1200%2C675&ssl=1&resize=350%2C200","width":350,"height":200,"srcset":"https:\/\/i0.wp.com\/ismaelcolosi.com.br\/wp-content\/uploads\/2024\/11\/mulher-Kim-Kyung-Ah-1200x675.jpg?fit=1200%2C675&ssl=1&resize=350%2C200 1x, https:\/\/i0.wp.com\/ismaelcolosi.com.br\/wp-content\/uploads\/2024\/11\/mulher-Kim-Kyung-Ah-1200x675.jpg?fit=1200%2C675&ssl=1&resize=525%2C300 1.5x, https:\/\/i0.wp.com\/ismaelcolosi.com.br\/wp-content\/uploads\/2024\/11\/mulher-Kim-Kyung-Ah-1200x675.jpg?fit=1200%2C675&ssl=1&resize=700%2C400 2x, https:\/\/i0.wp.com\/ismaelcolosi.com.br\/wp-content\/uploads\/2024\/11\/mulher-Kim-Kyung-Ah-1200x675.jpg?fit=1200%2C675&ssl=1&resize=1050%2C600 3x"},"classes":[]},{"id":77666,"url":"https:\/\/ismaelcolosi.com.br\/index.php\/2024\/11\/27\/samsung-tem-primeira-ceo-mulher-de-fora-da-familia-fundadora-2\/","url_meta":{"origin":59676,"position":5},"title":"Samsung Tem Primeira CEO Mulher de Fora da Fam\u00edlia Fundadora","author":"ismaelcolosi.com.br","date":"27 de November de 2024","format":false,"excerpt":"\r \r \r \r Cientista experiente com quase 10 anos de empresa, Kim Kyung-Ah quebrou o teto de vidro e alcan\u00e7ou a posi\u00e7\u00e3o n\u00famero um na Samsung Bioepis \r \r \r Reprodu\u00e7\u00e3o\/Samsung BioepisKim Kyung-Ah era vice-presidente executiva e l\u00edder da divis\u00e3o de desenvolvimento da Samsung Bioepis Acessibilidade \r L\r L\r\u2026","rel":"","context":"In &quot;Carreira e Sucesso&quot;","block_context":{"text":"Carreira e Sucesso","link":"https:\/\/ismaelcolosi.com.br\/index.php\/category\/carreira-e-sucesso-dicas-para-carreira\/"},"img":{"alt_text":"","src":"https:\/\/i0.wp.com\/ismaelcolosi.com.br\/wp-content\/uploads\/2024\/11\/1732719565_mulher-Kim-Kyung-Ah-1200x675.jpg?fit=1200%2C675&ssl=1&resize=350%2C200","width":350,"height":200,"srcset":"https:\/\/i0.wp.com\/ismaelcolosi.com.br\/wp-content\/uploads\/2024\/11\/1732719565_mulher-Kim-Kyung-Ah-1200x675.jpg?fit=1200%2C675&ssl=1&resize=350%2C200 1x, https:\/\/i0.wp.com\/ismaelcolosi.com.br\/wp-content\/uploads\/2024\/11\/1732719565_mulher-Kim-Kyung-Ah-1200x675.jpg?fit=1200%2C675&ssl=1&resize=525%2C300 1.5x, https:\/\/i0.wp.com\/ismaelcolosi.com.br\/wp-content\/uploads\/2024\/11\/1732719565_mulher-Kim-Kyung-Ah-1200x675.jpg?fit=1200%2C675&ssl=1&resize=700%2C400 2x, https:\/\/i0.wp.com\/ismaelcolosi.com.br\/wp-content\/uploads\/2024\/11\/1732719565_mulher-Kim-Kyung-Ah-1200x675.jpg?fit=1200%2C675&ssl=1&resize=1050%2C600 3x"},"classes":[]}],"jetpack_sharing_enabled":true,"jetpack_shortlink":"https:\/\/wp.me\/pfMlyK-fww","_links":{"self":[{"href":"https:\/\/ismaelcolosi.com.br\/index.php\/wp-json\/wp\/v2\/posts\/59676","targetHints":{"allow":["GET"]}}],"collection":[{"href":"https:\/\/ismaelcolosi.com.br\/index.php\/wp-json\/wp\/v2\/posts"}],"about":[{"href":"https:\/\/ismaelcolosi.com.br\/index.php\/wp-json\/wp\/v2\/types\/post"}],"author":[{"embeddable":true,"href":"https:\/\/ismaelcolosi.com.br\/index.php\/wp-json\/wp\/v2\/users\/1"}],"replies":[{"embeddable":true,"href":"https:\/\/ismaelcolosi.com.br\/index.php\/wp-json\/wp\/v2\/comments?post=59676"}],"version-history":[{"count":0,"href":"https:\/\/ismaelcolosi.com.br\/index.php\/wp-json\/wp\/v2\/posts\/59676\/revisions"}],"wp:featuredmedia":[{"embeddable":true,"href":"https:\/\/ismaelcolosi.com.br\/index.php\/wp-json\/wp\/v2\/media\/59677"}],"wp:attachment":[{"href":"https:\/\/ismaelcolosi.com.br\/index.php\/wp-json\/wp\/v2\/media?parent=59676"}],"wp:term":[{"taxonomy":"category","embeddable":true,"href":"https:\/\/ismaelcolosi.com.br\/index.php\/wp-json\/wp\/v2\/categories?post=59676"},{"taxonomy":"post_tag","embeddable":true,"href":"https:\/\/ismaelcolosi.com.br\/index.php\/wp-json\/wp\/v2\/tags?post=59676"}],"curies":[{"name":"wp","href":"https:\/\/api.w.org\/{rel}","templated":true}]}}