{"id":59674,"date":"2024-08-11T06:27:24","date_gmt":"2024-08-11T09:27:24","guid":{"rendered":"https:\/\/ismaelcolosi.com.br\/index.php\/2024\/08\/11\/confira-a-programacao-do-ultimo-dia-da-feira-do-livro-de-ribeirao-preto\/"},"modified":"2024-08-11T06:27:24","modified_gmt":"2024-08-11T09:27:24","slug":"confira-a-programacao-do-ultimo-dia-da-feira-do-livro-de-ribeirao-preto","status":"publish","type":"post","link":"https:\/\/ismaelcolosi.com.br\/index.php\/2024\/08\/11\/confira-a-programacao-do-ultimo-dia-da-feira-do-livro-de-ribeirao-preto\/","title":{"rendered":"Confira a programa\u00e7\u00e3o do \u00faltimo dia da Feira do Livro de Ribeir\u00e3o Preto"},"content":{"rendered":"<p> <br \/>\n<\/p>\n<div>\n<p>A <strong>23\u00aa Feira Internacional do Livro de Ribeir\u00e3o Preto<\/strong> chega ao seu \u00faltimo dia de atividades no cora\u00e7\u00e3o de <strong>Ribeir\u00e3o Preto<\/strong>. Os grandes destaques do encerramento da programa\u00e7\u00e3o s\u00e3o: <strong>Parlapat\u00f5es<\/strong>, <strong>B\u00e1rbara Krauss<\/strong> e <strong>Tiago Valente<\/strong>.<\/p>\n<p>O tema central da\u00a0<strong>Feira<\/strong>\u00a0este ano \u00e9: \u201c<strong>Cotidianos po\u00e9ticos: Do \u00e9pico de Cam\u00f5es \u00e0s batalhas de rua<\/strong>\u201d. Cinco autores s\u00e3o homenageados: eles Ferreira Gullar, Carlos de Assump\u00e7\u00e3o, Perce Polegatto, Sueli Carneiro e Jana\u00edna Tokitaka. O secret\u00e1rio estadual de Desenvolvimento Econ\u00f4mico, Jorge Lima, \u00e9 o patrono do evento.<\/p>\n<h4 class=\"wp-block-heading\"><strong>Confira a programa\u00e7\u00e3o da Feira do Livro neste domingo:<\/strong><\/h4>\n<p><strong>8h30 | 10h: <\/strong><strong>Intera\u00e7\u00e3o no mundo dos games \u2013 Games Educativos<\/strong> <strong>\u2013 <\/strong>A atividade explora conceitos de matem\u00e1tica, hist\u00f3ria e ci\u00eancias de maneira pr\u00e1tica e l\u00fadica, dentro do universo dos jogos eletr\u00f4nicos.<br \/><strong>Local:\u00a0<\/strong>CUFA \u2013 Espa\u00e7o Favela \u00b7 Coreto \u2013 Pra\u00e7a XV de Novembro<\/p>\n<p><strong>9h:\u00a0<\/strong><strong>Apresenta\u00e7\u00f5es Art\u00edsticas: Programa Cultura Livre (Centro Cultural Vila Tecnol\u00f3gica)<\/strong> <strong>\u2013 <\/strong>Atividade realizada pela Secretaria Municipal da Cultura e Turismo.<br \/><strong>Local:\u00a0<\/strong>Estande da Prefeitura de Ribeir\u00e3o Preto \u00b7 Pra\u00e7a XV de Novembro<\/p>\n<p><strong>9h:\u00a0<\/strong><strong>Oficina: Fotografia na Lata<\/strong> <strong>\u2013 <\/strong>Atividade realizada pela Secretaria de Cultura e Turismo em parceria com Amigos da Fotografia.<br \/><strong>Local:\u00a0<\/strong>Estande da Prefeitura de Ribeir\u00e3o Preto \u00b7 Pra\u00e7a XV de Novembro<\/p>\n<p><strong>10h:\u00a0<\/strong><strong>Apresenta\u00e7\u00f5es Art\u00edsticas: Programa Cultura Livre (Centro Cultural Campos El\u00edseos) \u2013 <\/strong>Atividade realizada pela Secretaria Municipal da Cultura e Turismo.<br \/><strong>Local:\u00a0<\/strong>Estande da Prefeitura de Ribeir\u00e3o Preto \u00b7 Pra\u00e7a XV de Novembro<\/p>\n<p><strong>10h: <\/strong><strong>Aula aberta: RAD \u2013 Royal Academy of Dance Londres \u00b7 Baby class 3-5 anos<\/strong> <strong>\u2013 <\/strong>Atividade realizada pela Secretaria Municipal da Cultura e Turismo<br \/><strong>Local:\u00a0<\/strong>Centro Cultural Palace \u00b7 Sala Multiuso<\/p>\n<p><strong>10h:\u00a0<\/strong><strong>Visita Mediada \u2013 <\/strong>Atividade guiada por monitores que contam a hist\u00f3ria do antigo palacete da era cafeeira.<br \/><strong>Local:\u00a0<\/strong>Biblioteca Sinh\u00e1 Junqueira<\/p>\n<p><strong>10h:\u00a0<\/strong><strong>Show: GOG \u2013 <\/strong>Genival Oliveira Gon\u00e7alves, conhecido como GOG, \u00e9 reverenciado como o Poeta do Rap Nacional, destacando-se por suas letras conscientes, politizadas e livres de palavr\u00f5es. Natural de Bras\u00edlia, conta com 11 discos gravados, o que o torna o artista com o maior n\u00famero de obras solo do hip hop brasileiro. A atividade, organizada pelo Instituto Plural, tem como prop\u00f3sito discutir o empoderamento por meio da cultura hip hop.<br \/><strong>Local: <\/strong>Espa\u00e7o Ambient de Leitura \u00b7 Esplanada Theatro Pedro II<\/p>\n<p><strong>10h30 | 15h:\u00a0<\/strong><strong>Conta\u00e7\u00e3o de Hist\u00f3ria: O Tom do Tambor \u00b7 Homenagem a Carlos de Assump\u00e7\u00e3o com Karina Gera \u2013 <\/strong>Atividade inspirada na vida do poeta Carlos de Assump\u00e7\u00e3o (escritor homenageado na 23\u00aa FIL) conta a hist\u00f3ria de um menino que, ao descobrir que suas l\u00e1grimas n\u00e3o eram vistas, aprendeu a batucar para ser ouvido. Apresenta\u00e7\u00e3o ter\u00e1 presen\u00e7a de Carlos de Assump\u00e7\u00e3o e participa\u00e7\u00e3o do percussionista Don Antena.<br \/><strong>Local:\u00a0<\/strong>Espa\u00e7o Usina do Saber \u00b7 Pra\u00e7a XV de Novembro<\/p>\n<p><strong>11h:\u00a0<\/strong><strong>Performance \u00b7 Insurg\u00eancia feminina: t\u00e1ticas para auto percep\u00e7\u00e3o e empoderamento<\/strong> <strong>\u2013 <\/strong>Atividade realizada pela Secretaria Municipal da Cultura e Turismo em parceria com recursos do Proac-SP Edital 005\/202.<br \/><strong>Local:\u00a0<\/strong>Estande da Prefeitura de Ribeir\u00e3o Preto \u00b7 Pra\u00e7a XV de Novembro<\/p>\n<p><strong>11h:\u00a0<\/strong><strong>Trupe das Hist\u00f3rias \u00b7 Instituto do Livro<\/strong> \u2013 Os contadores de hist\u00f3rias encantam adultos e crian\u00e7as. Levam momentos de alegria e despertam o gosto pela leitura.<br \/><strong>Local:\u00a0<\/strong>Estande da Prefeitura de Ribeir\u00e3o Preto \u00b7 Pra\u00e7a XV de Novembro<\/p>\n<p><strong>11h<\/strong><strong>:\u00a0<\/strong><strong>M\u00fasica: Coro Memorie d\u2019Italia \u2013 <\/strong>A apresenta\u00e7\u00e3o que traz um resgate da tradi\u00e7\u00e3o italiana atrav\u00e9s da m\u00fasica e da alegria do canto coral.<br \/><strong>Local:<\/strong> Centro Cultural Palace \u00b7 Sala Multiuso<\/p>\n<p><strong>11h:\u00a0<\/strong><strong>Sesc na FIL \u00b7 Bate-papo: Como \u00e9 ser booktoker? Com Tiago Valente e B\u00e1rbara Krauss<\/strong> <strong>\u2013 <\/strong>Os influenciadores de livros est\u00e3o presentes em todas as redes e t\u00eam colaborado com a descoberta de novos livros e na forma\u00e7\u00e3o de novos leitores. Neste bate-papo, vamos falar sobre como a literatura invadiu as redes sociais e como se tornar um book influenciador.<br \/><strong>Local:\u00a0<\/strong>Tenda Sesc \u00b7 Esplanada Theatro Pedro II<\/p>\n<p><strong>11h:\u00a0Premia\u00e7\u00e3o Concurso liter\u00e1rio Professora Zoraide Rocha de Freitas \u2013 <\/strong>A cerim\u00f4nia apresenta os vencedores do 5\u00ba Concurso Liter\u00e1rio Professora Zoraide Rocha de Freitas. Criado pela Academia Ribeir\u00e3o-pretana de Letras e realizado pela Funda\u00e7\u00e3o do Livro e Leitura, o concurso premia duas categorias: Estudantil Regional (voltado a estudantes de escolas p\u00fablicas e privadas da regi\u00e3o de Ribeir\u00e3o Preto), e Adulto (\u00e2mbito internacional).<br \/><strong>Local:\u00a0<\/strong>Theatro Pedro II \u00b7 Audit\u00f3rio Meira J\u00fanior<\/p>\n<p><strong>11h30 | 14h:\u00a0<\/strong><strong>Sesc na FIL \u00b7 A Sanfon\u00e1stica Mulher Lona com L\u00edvia Mattos<\/strong> <strong>\u2013 <\/strong>Nesta interven\u00e7\u00e3o, a multiartista L\u00edvia Mattos veste seu pr\u00f3prio picadeiro e entrega ao p\u00fablico um miniconcerto ambulante. A narrativa acontece por meio dos sons do seu acorde\u00e3o, mergulhados no universo po\u00e9tico do fant\u00e1stico. Pesquisadora sobre m\u00fasica nos circos brasileiros, L\u00edvia tamb\u00e9m \u00e9 compositora e soci\u00f3loga.<br \/><strong>Local:\u00a0<\/strong>Esplanada Theatro Pedro II<\/p>\n<p><strong>11h30:\u00a0<\/strong><strong>Aula aberta: RAD \u2013 Royal Academy of Dance Londres \u00b7 Juvenil 9-13 anos<\/strong> <strong>\u2013 <\/strong>Atividade realizada pela Secretaria Municipal da Cultura e Turismo<br \/><strong>Local:\u00a0<\/strong>Centro Cultural Palace \u00b7 Sala Multiuso<\/p>\n<p><strong>12h:\u00a0<\/strong><strong>Sesc na FIL \u00b7 Sarau Encontr\u00e3o Po\u00e9tico: Poesia resist\u00eancia e afeto com Betto Souza, Emaye Natalia Marques e convidados \u2013 <\/strong>O p\u00fablico \u00e9 convidado a participar deste espa\u00e7o de livre manifesta\u00e7\u00e3o po\u00e9tica. Vale declama\u00e7\u00e3o de poemas autorais ou n\u00e3o. O importante \u00e9 ningu\u00e9m ficar sem poesia.<br \/><strong>Local:\u00a0<\/strong><strong>T<\/strong>enda Sesc \u00b7 Esplanada Theatro Pedro II<\/p>\n<p><strong>12h:\u00a0<\/strong><strong>Oficina: Pintura de MDF com Lucimara Silva<\/strong> <strong>\u2013 <\/strong>Atividade realizada pela Secretaria Municipal da Cultura e Turismo em parceria com Lucimara Silva<br \/><strong>Local:\u00a0<\/strong>Estande da Prefeitura de Ribeir\u00e3o Preto \u00b7 Pra\u00e7a XV de Novembro<\/p>\n<p><strong>13h:\u00a0<\/strong><strong>Viajando com as Hist\u00f3rias<\/strong> <strong>\u2013 <\/strong>Atividade realizada pela Secretaria Municipal da Cultura e Turismo.<br \/><strong>Local:\u00a0<\/strong>Estande da Prefeitura de Ribeir\u00e3o Preto \u00b7 Pra\u00e7a XV de Novembro<\/p>\n<p><strong>14h:\u00a0<\/strong><strong>Recrea\u00e7\u00e3o: Pintura Facial \u2013 <\/strong>Atividade realizada pela Secretaria Municipal da Cultura e Turismo em parceria com Por\u00e3o \u2013 Produ\u00e7\u00f5es Culturais.<br \/><strong>Local:\u00a0<\/strong>Estande da Prefeitura de Ribeir\u00e3o Preto \u00b7 Pra\u00e7a XV de Novembro<\/p>\n<p><strong>14h30:\u00a0<\/strong><strong>Sarau: CPERP \u2013 Casa do Poeta e do Escritor de Ribeir\u00e3o Preto<\/strong> <strong>\u2013 <\/strong>Poetas e artistas da Casa do Poeta e do Escritor apresentam diversas atividades art\u00edsticas, incluindo declama\u00e7\u00f5es de poesia, leituras de textos liter\u00e1rios, apresenta\u00e7\u00f5es musicais, entre outras.<br \/><strong>Local:\u00a0<\/strong>Centro Cultural Palace \u00b7 Audit\u00f3rio Pedro Paulo da Silva<\/p>\n<p><strong>14h30:\u00a0<\/strong><strong>Sesc na FIL \u00b7 Bate-papo: Parlapat\u00f5es: no ato com Cuca Nakasone e Hugo Possolo<\/strong> <strong>\u2013 <\/strong>Hugo Possolo (diretor, dramaturgo, ator e fundador do grupo Parlapat\u00f5es) e Cuca Nakasone (fot\u00f3grafo, professor e autor de \u201cParlapat\u00f5es: no ato\u201d \u2013 livro que capta momentos da trajet\u00f3ria do grupo), conversam sobre a arte sem fronteiras entre o palco e a rua, a est\u00e9tica circense e teatral, e o engajamento pol\u00edtico, que faz do humor e do riso instrumentos para a cr\u00edtica social e de costumes.<br \/><strong>Local:<\/strong> Tenda Sesc \u00b7 Esplanada Theatro Pedro II<\/p>\n<p><strong>15h:\u00a0<\/strong><strong>Sess\u00e3o Literatura e M\u00fasica \u2013 Brasil e It\u00e1lia com Lucas Galon, Cristina Emboaba Martina Drudi, Paulo Veiga e Jos\u00e9 Gustavo Juli\u00e3o de Camargo<\/strong> <strong>\u2013 <\/strong>Brasil e It\u00e1lia se unem em uma sess\u00e3o musical que transcende fronteiras. As melodias e palavras se entrela\u00e7am, celebrando a diversidade cultural e criativa que une os dois pa\u00edses.<br \/><strong>Local:\u00a0<\/strong>Theatro Pedro II \u00b7 Audit\u00f3rio Meira J\u00fanior<\/p>\n<p><strong>16h: M\u00fasica: Banda DBL com Projeto Fada<\/strong> <strong>\u2013 <\/strong>Apresenta\u00e7\u00e3o musical dos alunos e professores da Escola de Arte Musical DBL. Interativa, a atividade abre espa\u00e7o para participa\u00e7\u00e3o do p\u00fablico<br \/><strong>Local:\u00a0<\/strong>Estande Diversidade \u00b7 Pra\u00e7a XV de Novembro<\/p>\n<p><strong>16h:\u00a0<\/strong><strong>Circo: De Lucca Circus Show<\/strong> <strong>\u2013 <\/strong>Repleto de t\u00e9cnicas circenses como equilibrismo, monociclo girafa, escada acrob\u00e1tica e malabarismo, o espet\u00e1culo diverte e encanta crian\u00e7as e adultos. O ator, m\u00fasico e artista circense Lucas Santarosa, fundador da companhia, promove ampla intera\u00e7\u00e3o com o p\u00fablico, que se sente parte da apresenta\u00e7\u00e3o.<br \/><strong>Local:\u00a0<\/strong>Espa\u00e7o Ambient de Leitura \u00b7 Esplanada Theatro Pedro II<\/p>\n<p><strong>16h30:\u00a0<\/strong><strong>Show: Soberanas do Samba \u2013 <\/strong>Neste show, o grupo formado por Adriana Martelli, Andr\u00e9a Mille, Cacau Moraes, Cintia Galan, Jennifer Pariz e Nat\u00e1lia Brunelli homenageia grandes nomes do samba, explorando novos caminhos dentro do g\u00eanero<br \/><strong>Local:\u00a0<\/strong>CUFA \u2013 Espa\u00e7o Favela \u00b7 Coreto \u2013 Pra\u00e7a XV de Novembro<\/p>\n<p><strong>16h30:\u00a0<\/strong><strong>Sesc na FIL \u00b7 Bate-papo: Grandes nomes da literatura fant\u00e1stica com Felipe Castilho e Fernanda Castro<\/strong> <strong>\u2013 <\/strong>Conversa sobre os principais nomes da literatura fant\u00e1stica, de tempos mais remotos aos dias atuais. O g\u00eanero sempre foi um tema envolvente por proprocinar a viv\u00eancia de novos mundos e realidades inexistentes por meio das hist\u00f3rias e personagens que v\u00e3o de mundos dist\u00f3picos a criaturas m\u00edticas.<br \/><strong>Local:\u00a0<\/strong>Tenda Sesc \u00b7 Esplanada Theatro Pedro II<\/p>\n<p><strong>17h:\u00a0<\/strong><strong>Palestra: Contra o identitarismo neoliberal \u2013 um ensaio de po\u00edesis cr\u00edtica pela apologia das artes com Rubens Russomano Ricciardi<\/strong> <strong>\u2013 <\/strong>A palestra \u00e9 sobre o novo livro, um ensaio de \u201cPo\u00edesis Cr\u00edtica\u201d \u2013 uma nova epistemologia na filosofia das artes com \u00eanfase nas quest\u00f5es da linguagem e das deturpa\u00e7\u00f5es ideol\u00f3gicas, delimitando ainda as diferen\u00e7as entre as artes e a ind\u00fastria da cultura.<br \/><strong>Local:\u00a0<\/strong>Biblioteca Sinh\u00e1 Junqueira \u00b7 Audit\u00f3rio<\/p>\n<p><strong>17h:\u00a0<\/strong><strong>Bate-papo: Literatura e inf\u00e2ncia: a import\u00e2ncia da fabula\u00e7\u00e3o \u00b7 Lan\u00e7amento do Livro \u201cSamira, a sa\u00fava salvadora\u201d com Matheus Arcaro<\/strong> <strong>\u2013 <\/strong>Neste encontro, o escritor e mestre em Filosofia Contempor\u00e2nea aborda com o p\u00fablico a import\u00e2ncia das f\u00e1bulas no desenvolvimento da crian\u00e7a na primeira inf\u00e2ncia e apresenta seu novo livro infantil.<br \/><strong>Local:\u00a0<\/strong>Biblioteca Sinh\u00e1 Junqueira \u00b7 Quintal<\/p>\n<p><strong>17h:\u00a0<\/strong><strong>Oficina Liter\u00e1ria \u00b7 Instituto do Livro<\/strong> <strong>\u2013 <\/strong>Projeto de est\u00edmulo \u00e0 escrita e forma\u00e7\u00e3o de novos autores e leitores, promovendo a integra\u00e7\u00e3o com diversas \u00e1reas em artes, visuais, dramaturgia e dan\u00e7a.<br \/><strong>Local:\u00a0<\/strong>Estande da Prefeitura de Ribeir\u00e3o Preto \u00b7 Pra\u00e7a XV de Novembro<\/p>\n<p><strong>17h30:\u00a0<\/strong><strong>Palestra: Geodiversidade e geopatrim\u00f4nio na regi\u00e3o metropolitana de Ribeir\u00e3o Preto: reconhecimento e apropria\u00e7\u00e3o coletiva com Celso Alu\u00edsio Graminha (CIMARP)<\/strong> <strong>\u2013 <\/strong>Atividade realizada pela Secretaria Municipal da Cultura e Turismo em parceria com grupo de violeiros \u201cA Viola \u00e9 Minha Paix\u00e3o\u201d e Barrinha Filho.<br \/><strong>Local: <\/strong>Estande da Prefeitura de Ribeir\u00e3o Preto \u00b7 Pra\u00e7a XV de Novembro<\/p>\n<p><strong>19h:\u00a0<\/strong><strong>Sesc na FIL \u00b7 Espet\u00e1culo Cl\u00e1ssicos do Circo com Parlapat\u00f5es \u2013 <\/strong>Espet\u00e1culo re\u00fane alguns dos mais divertidos n\u00fameros c\u00f4micos e circenses de diversos espet\u00e1culos da trajet\u00f3ria de mais de 20 anos dos Parlapat\u00f5es. Um show de variedades que festeja o repert\u00f3rio do grupo em n\u00fameros para crian\u00e7as, mas que tamb\u00e9m divertem os adultos.<br \/><strong>Local:\u00a0<\/strong>Theatro Pedro II \u00b7 Sala Principal<\/p>\n<p><strong>15h: Recrea\u00e7\u00e3o: Pintura Facial<\/strong> <strong>\u2013 <\/strong>Atividade realizada pela Secretaria Municipal da Cultura e Turismo em parceria com Por\u00e3o \u2013 Produ\u00e7\u00f5es Culturais.<br \/><strong>Local:\u00a0<\/strong>Estande da Prefeitura de Ribeir\u00e3o Preto \u00b7 Pra\u00e7a XV de Novembro<\/p>\n<p><strong>16h:<\/strong> <strong>Interven\u00e7\u00e3o: Quem canta um livro encanta<\/strong> <strong>com G.U.T.E \u2013 Grupo Urutau De Teatro Experimental<\/strong> \u2013 Dois mediadores percorrem espa\u00e7os com uma mala cheia de livros e instrumentos, convidando o p\u00fablico para uma media\u00e7\u00e3o de leitura cantada. Os livros s\u00e3o interpretados na \u00edntegra, transformando as palavras em melodias encantadoras. Al\u00e9m dos livros, cantigas populares tamb\u00e9m s\u00e3o apresentadas, envolvendo todos os participantes.<br \/><strong>Local:<\/strong> Espa\u00e7o Ambient de Leitura \u00b7 Esplanada Theatro Pedro II<\/p>\n<p><strong>16h:\u00a0<\/strong><strong>Intera\u00e7\u00e3o: Dr. C\u00e3opaix\u00e3o (C\u00e3es de Terapia)<\/strong> <strong>\u2013 <\/strong>Adestradores da ONG C\u00e3o Paix\u00e3o conversam com o p\u00fablico sobre o trabalho realizado por c\u00e3es terapeutas que auxiliam na intera\u00e7\u00e3o social e coordena\u00e7\u00e3o motora de pessoas com defici\u00eancia.<br \/><strong>Local:\u00a0<\/strong>Estande Diversidade \u00b7 Pra\u00e7a XV de Novembro<\/p>\n<p><strong>16h:\u00a0<\/strong><strong>M\u00fasica: Samba de Coco com Chap\u00e9u De Sol- <\/strong>Apresenta\u00e7\u00e3o da aut\u00eantica manifesta\u00e7\u00e3o cultural brasileira que combina m\u00fasica de ritmos cativantes, dan\u00e7a e poesia. O samba de coco \u00e9 uma celebra\u00e7\u00e3o da vida, da comunidade e das tradi\u00e7\u00f5es culturais afrobrasileiras.<br \/><strong>Local:\u00a0<\/strong>CUFA \u2013 Espa\u00e7o Favela \u00b7 Coreto \u2013 Pra\u00e7a XV de Novembro<\/p>\n<p><strong>16h:\u00a0<\/strong><strong>Palestra: Sou professor, mais respeito, por favor com Aline Mori, Lucimar Polo E Rafael Gil De Castro<\/strong> <strong>\u2013 <\/strong>A palestra aborda a quest\u00e3o da sa\u00fade mental e emocional dos professores frente \u00e0s lacunas de sua forma\u00e7\u00e3o inicial. A tem\u00e1tica baliza a pesquisa de Aline Mori, uma das palestrantes.<br \/><strong>Local:\u00a0<\/strong>Centro Cultural Palace \u00b7 Audit\u00f3rio Pedro Paulo da Silva<\/p>\n<p><strong>16h:\u00a0<\/strong><strong>Sesc na FIL \u00b7 Oficina: Urban Sketchers<\/strong> <strong>\u2013 <\/strong>Atividade explica como funciona a comunidade de desenhadores urbanos (urban sketchers) \u2013 pessoas que praticam a arte de desenhar diretamente nos locais retratados \u2013 t\u00e9cnicas utilizadas, materiais adequados e como participar do grupo.<br \/><strong>Local:\u00a0<\/strong>Esplanada Theatro Pedro II<\/p>\n<p><strong>16h30:\u00a0<\/strong><strong>Sesc na FIL \u00b7 Bate-papo: Literatura YA: o despertar da paix\u00e3o dos jovens pela leitura com Pedro Rhuas E Paula Pimenta Media\u00e7\u00e3o De Tiago Valente<\/strong> <strong>\u2013 <\/strong>Nunca a literatura esteve t\u00e3o perto dos jovens, os personagens t\u00e3o parecidos com eles pr\u00f3prios, como se estivessem vendo suas hist\u00f3rias serem escritas. E muitas vezes s\u00e3o. Com o advento do Wattpad, muitos jovens se descobriram autores e s\u00e3o sucesso de vendas. Por tudo isso, muitos jovens se redescobriram leitores e s\u00e3o apaixonados por esta literatura, tema deste bate-papo.<br \/><strong>Local:\u00a0<\/strong>Tenda Sesc \u00b7 Esplanada Theatro Pedro II<\/p>\n<p><strong>17h:\u00a0<\/strong><strong>Palestra e Lan\u00e7amento do Livro: Cama de Girass\u00f3is com Luiz Puntel<\/strong> <strong>\u2013 <\/strong>Cama de Girass\u00f3is \u00e9 o 15\u00ba livro do escritor ribeir\u00e3o-pretano Luiz Puntel, autor de romances juvenis, paradid\u00e1ticos e livros de cr\u00f4nicas. A hist\u00f3ria gira em torno do enterro de Maria, cujas circunst\u00e2ncias levantam quest\u00f5es sobre o tratamento dado \u00e0 personagem, incluindo a recusa do padre em rezar por ela e a proibi\u00e7\u00e3o de seu enterro ser realizado no cemit\u00e9rio da Igreja, apesar de sua bondade com dois velhos inv\u00e1lidos.<br \/><strong>Local:\u00a0<\/strong>Biblioteca Sinh\u00e1 Junqueira \u00b7 Audit\u00f3rio<\/p>\n<p><strong>17h30:\u00a0<\/strong><strong>M\u00fasica: Banda Marcial de Guar\u00e1<\/strong> <strong>\u2013 <\/strong>Fundada em 2008, a Banda Marcial de Guar\u00e1 \u00e9 composta por 70 integrantes e 20 alunos iniciantes e tem como parceira a Usina Alta Mogiana atrav\u00e9s do CMDCA (Conselho Municipal da Crian\u00e7a e do Adolescente). Filiada \u00e0 FFABESP e \u00e0 Associa\u00e7\u00e3o Regional de Bandas de Ribeir\u00e3o Preto, oferece conhecimento musical e cidadania, destacando-se com premia\u00e7\u00f5es estaduais e nacionais sob a reg\u00eancia dos maestros Artur Nery e Everson Nol\u00e1cio e coordena\u00e7\u00e3o de Eliana Pinheiro.<strong><br \/>Local:\u00a0<\/strong>Espa\u00e7o Usina do Saber \u00b7Pra\u00e7a XV de Novembro<\/p>\n<p><strong>18h:\u00a0<\/strong><strong>Bate-papo: A saga do escritor independente nacional: como vivem, onde moram, do que se alimentam? Com Fabiana Ferraz, Cacau Braga e Fl\u00e1vio Karras<\/strong> <strong>\u2013 <\/strong>Uma conversa sobre a realidade dos autores brasileiros que optam pela publica\u00e7\u00e3o independente de obras liter\u00e1rias no Brasil. Ser\u00e3o explorados os desafios e as oportunidades que essa jornada oferece, desde a escrita e edi\u00e7\u00e3o do livro at\u00e9 a divulga\u00e7\u00e3o e venda.<strong><br \/>Local:\u00a0<\/strong>Centro Cultural Palace \u00b7 Audit\u00f3rio Pedro Paulo da Silva<\/p>\n<p><strong>18h:\u00a0<\/strong><strong>Lan\u00e7amento do Livro Infantil: A Casa que Queria Ser Museu com Adriana Silva E M\u00f4nica Oliveira<\/strong> <strong>\u2013 <\/strong>Esta 2\u00aa Edi\u00e7\u00e3o do projeto Museu Liter\u00e1rio tem, na abertura, a apresenta\u00e7\u00e3o \u201cFiato Al Brasile\u201d, da Academia Livre M\u00fasica e Artes (Alma). O livro em lan\u00e7amento \u2014 A Casa que Queria Ser Museu \u2014 conta a hist\u00f3ria sobre uma casa que desejava ser lembrada, mesmo com o passar do tempo. Depois de existir por 90 anos, seu desejo se torna realidade e uma nova forma de vida come\u00e7a habitar sua estrutura. Voltado para a primeira inf\u00e2ncia, o livro discute quest\u00f5es como sonhos, projeto de vida, identidade, vida e morte; e aproxima o p\u00fablico infantil do universo dos museus.<br \/><strong>Local:\u00a0<\/strong>Museu Casa da Mem\u00f3ria Italiana<\/p>\n<p><strong>18h:\u00a0<\/strong><strong>Show: Analogia de Quebrada com Vinicius Preto<\/strong> <strong>\u2013 <\/strong>Apresenta\u00e7\u00e3o musical com o rapper, historiador e produtor cultural Vinicius Preto, fundador do grupo Zamba Rap Clube e da produtora Coisa de Preto Produ\u00e7\u00f5es, ambas em S\u00e3o Paulo.<br \/><strong>Local:\u00a0<\/strong>Biblioteca Sinh\u00e1 Junqueira \u00b7 Quintal<\/p>\n<p><strong>18h30:\u00a0<\/strong><strong>M\u00fasica: Bloco do Fub\u00e1<\/strong> <strong>\u2013 <\/strong>Atividade realizada pela Secretaria Municipal da Cultura e Turismo em parceria com Bloco do Fub\u00e1.<br \/><strong>Local:\u00a0<\/strong>Estande da Prefeitura de Ribeir\u00e3o Preto \u00b7 Pra\u00e7a XV de Novembro<\/p>\n<p><strong>19h:\u00a0Sesc na FIL \u00b7 Espet\u00e1culo: Os Mequetrefe com Parlapat\u00f5es- <\/strong>Espet\u00e1culo inspirado na obra do poeta e ilustrador ingl\u00eas Edward Lear, revela como a desconstru\u00e7\u00e3o 19H da l\u00f3gica cotidiana pode abrir espa\u00e7o para outras maneiras de encarar a vida. No roteiro, estruturado na viv\u00eancia de situa\u00e7\u00f5es bem comuns, os personagens provocam uma s\u00e9rie de confus\u00f5es que s\u00e3o tanto hil\u00e1rias, como po\u00e9ticas. Para p\u00fablico de todas as idades.<br \/><strong>Local:\u00a0<\/strong>Theatro Pedro II \u00b7 Sala Principal<\/p>\n<p>SAIBA MAIS<br \/>C\u00e2mara no interior de SP abre concurso p\u00fablico com sal\u00e1rios de R$ 4 mil<\/p>\n<h4 class=\"wp-block-heading\"><strong>FIQUE ON<\/strong><\/h4>\n<p>Fique ligado em tudo que acontece em Ribeir\u00e3o Preto e regi\u00e3o. Siga os perfis do <strong>acidade on <\/strong>no <a href=\"https:\/\/www.instagram.com\/acidadeonribeirao\" target=\"_blank\" rel=\"noreferrer noopener\">Instagram<\/a> e no <a href=\"https:\/\/www.facebook.com\/acidadeonribeirao\" target=\"_blank\" rel=\"noreferrer noopener\">Facebook<\/a>.<\/p>\n<p>Receba not\u00edcias do <strong>acidade on <\/strong>no WhatsApp. Para entrar no grupo, basta <a href=\"https:\/\/chat.whatsapp.com\/Dtv9mxhy6V5BJBotM2OQ5k\" target=\"_blank\" rel=\"noreferrer noopener\">clicar aqui<\/a>.<\/p>\n<p>Fa\u00e7a uma den\u00fancia ou sugira uma reportagem sobre Ribeir\u00e3o Preto e regi\u00e3o pelo WhatsApp: 16 99117 7802.<\/p>\n<p>VEJA TAMB\u00c9M<br \/>Por que Muse Maya foi desclassificada do \u2018Estrela da Casa\u2019?<\/p>\n<p><!-- CONTENT END 1 -->\n<\/div>\n<p><script async src=\"\/\/www.instagram.com\/embed.js\"><\/script><br \/>\n<br \/><br \/>\n<br \/><a href=\"https:\/\/www.acidadeon.com\/ribeiraopreto\/lazer-e-cultura\/confira-a-programacao-do-ultimo-dia-da-feira-do-livro-de-ribeirao-preto\/\">Source link <\/a><\/p>\n","protected":false},"excerpt":{"rendered":"<p>A 23\u00aa Feira Internacional do Livro de Ribeir\u00e3o Preto chega ao seu \u00faltimo dia de atividades no cora\u00e7\u00e3o de Ribeir\u00e3o Preto. Os grandes destaques do&#8230;<\/p>\n","protected":false},"author":1,"featured_media":59675,"comment_status":"open","ping_status":"open","sticky":false,"template":"","format":"standard","meta":{"_uag_custom_page_level_css":"","advanced_seo_description":"","jetpack_seo_html_title":"","jetpack_seo_noindex":false,"jetpack_post_was_ever_published":false,"_jetpack_newsletter_access":"","_jetpack_dont_email_post_to_subs":false,"_jetpack_newsletter_tier_id":0,"_jetpack_memberships_contains_paywalled_content":false,"_jetpack_memberships_contains_paid_content":false,"footnotes":"","jetpack_publicize_message":"","jetpack_publicize_feature_enabled":true,"jetpack_social_post_already_shared":true,"jetpack_social_options":{"image_generator_settings":{"template":"highway","default_image_id":0,"font":"","enabled":false},"version":2}},"categories":[11],"tags":[],"class_list":["post-59674","post","type-post","status-publish","format-standard","has-post-thumbnail","hentry","category-noticias-de-ribeirao-preto-sp-e-regiao-ismael-colosi"],"jetpack_publicize_connections":[],"jetpack_featured_media_url":"https:\/\/i0.wp.com\/ismaelcolosi.com.br\/wp-content\/uploads\/2024\/08\/Copia-de-Copia-de-TAMANHO-EXATO-PARA-FOTOS-NO-SISTEMA-NOVO-42_2024-08-10_18-01-24_jpg_2024-08-10_18-01-24.webp.webp?fit=1200%2C675&ssl=1","uagb_featured_image_src":{"full":["https:\/\/i0.wp.com\/ismaelcolosi.com.br\/wp-content\/uploads\/2024\/08\/Copia-de-Copia-de-TAMANHO-EXATO-PARA-FOTOS-NO-SISTEMA-NOVO-42_2024-08-10_18-01-24_jpg_2024-08-10_18-01-24.webp.webp?fit=1200%2C675&ssl=1",1200,675,false],"thumbnail":["https:\/\/i0.wp.com\/ismaelcolosi.com.br\/wp-content\/uploads\/2024\/08\/Copia-de-Copia-de-TAMANHO-EXATO-PARA-FOTOS-NO-SISTEMA-NOVO-42_2024-08-10_18-01-24_jpg_2024-08-10_18-01-24.webp.webp?resize=150%2C150&ssl=1",150,150,true],"medium":["https:\/\/i0.wp.com\/ismaelcolosi.com.br\/wp-content\/uploads\/2024\/08\/Copia-de-Copia-de-TAMANHO-EXATO-PARA-FOTOS-NO-SISTEMA-NOVO-42_2024-08-10_18-01-24_jpg_2024-08-10_18-01-24.webp.webp?fit=300%2C169&ssl=1",300,169,true],"medium_large":["https:\/\/i0.wp.com\/ismaelcolosi.com.br\/wp-content\/uploads\/2024\/08\/Copia-de-Copia-de-TAMANHO-EXATO-PARA-FOTOS-NO-SISTEMA-NOVO-42_2024-08-10_18-01-24_jpg_2024-08-10_18-01-24.webp.webp?fit=768%2C432&ssl=1",768,432,true],"large":["https:\/\/i0.wp.com\/ismaelcolosi.com.br\/wp-content\/uploads\/2024\/08\/Copia-de-Copia-de-TAMANHO-EXATO-PARA-FOTOS-NO-SISTEMA-NOVO-42_2024-08-10_18-01-24_jpg_2024-08-10_18-01-24.webp.webp?fit=1024%2C576&ssl=1",1024,576,true],"1536x1536":["https:\/\/i0.wp.com\/ismaelcolosi.com.br\/wp-content\/uploads\/2024\/08\/Copia-de-Copia-de-TAMANHO-EXATO-PARA-FOTOS-NO-SISTEMA-NOVO-42_2024-08-10_18-01-24_jpg_2024-08-10_18-01-24.webp.webp?fit=1200%2C675&ssl=1",1200,675,true],"2048x2048":["https:\/\/i0.wp.com\/ismaelcolosi.com.br\/wp-content\/uploads\/2024\/08\/Copia-de-Copia-de-TAMANHO-EXATO-PARA-FOTOS-NO-SISTEMA-NOVO-42_2024-08-10_18-01-24_jpg_2024-08-10_18-01-24.webp.webp?fit=1200%2C675&ssl=1",1200,675,true],"really-simple-thumb":["https:\/\/i0.wp.com\/ismaelcolosi.com.br\/wp-content\/uploads\/2024\/08\/Copia-de-Copia-de-TAMANHO-EXATO-PARA-FOTOS-NO-SISTEMA-NOVO-42_2024-08-10_18-01-24_jpg_2024-08-10_18-01-24.webp.webp?resize=370%2C247&ssl=1",370,247,true]},"uagb_author_info":{"display_name":"ismaelcolosi.com.br","author_link":"https:\/\/ismaelcolosi.com.br\/index.php\/author\/vidareal-online\/"},"uagb_comment_info":0,"uagb_excerpt":"A 23\u00aa Feira Internacional do Livro de Ribeir\u00e3o Preto chega ao seu \u00faltimo dia de atividades no cora\u00e7\u00e3o de Ribeir\u00e3o Preto. Os grandes destaques do...","jetpack-related-posts":[{"id":55794,"url":"https:\/\/ismaelcolosi.com.br\/index.php\/2024\/07\/05\/confira-a-programacao-da-feira-internacional-do-livro-de-ribeirao-preto-2024\/","url_meta":{"origin":59674,"position":0},"title":"Confira a programa\u00e7\u00e3o da Feira Internacional do Livro de Ribeir\u00e3o Preto 2024","author":"ismaelcolosi.com.br","date":"5 de July de 2024","format":false,"excerpt":"A 23\u00aa edi\u00e7\u00e3o da FIL (Feira Internacional do Livro de Ribeir\u00e3o Preto) come\u00e7a no pr\u00f3ximo dia 1\u00ba de agosto. O tema central deste ano \u00e9: \u201cCotidianos po\u00e9ticos: Do \u00e9pico de Cam\u00f5es \u00e0s batalhas de rua\u201d. A programa\u00e7\u00e3o completa da feira foi divulgada nesta sexta-feira (5). Nesta edi\u00e7\u00e3o, cinco autores s\u00e3o\u2026","rel":"","context":"In &quot;Not\u00edcias de Ribeir\u00e3o Preto-SP e Regi\u00e3o&quot;","block_context":{"text":"Not\u00edcias de Ribeir\u00e3o Preto-SP e Regi\u00e3o","link":"https:\/\/ismaelcolosi.com.br\/index.php\/category\/noticias-de-ribeirao-preto-sp-e-regiao-ismael-colosi\/"},"img":{"alt_text":"","src":"https:\/\/i0.wp.com\/ismaelcolosi.com.br\/wp-content\/uploads\/2024\/07\/WhatsApp-Image-2024-07-05-at-11.23.19_2024-07-05_15-02-58_jpeg_2024-07-05_15-02-58.webp.webp?fit=1200%2C675&ssl=1&resize=350%2C200","width":350,"height":200,"srcset":"https:\/\/i0.wp.com\/ismaelcolosi.com.br\/wp-content\/uploads\/2024\/07\/WhatsApp-Image-2024-07-05-at-11.23.19_2024-07-05_15-02-58_jpeg_2024-07-05_15-02-58.webp.webp?fit=1200%2C675&ssl=1&resize=350%2C200 1x, https:\/\/i0.wp.com\/ismaelcolosi.com.br\/wp-content\/uploads\/2024\/07\/WhatsApp-Image-2024-07-05-at-11.23.19_2024-07-05_15-02-58_jpeg_2024-07-05_15-02-58.webp.webp?fit=1200%2C675&ssl=1&resize=525%2C300 1.5x, https:\/\/i0.wp.com\/ismaelcolosi.com.br\/wp-content\/uploads\/2024\/07\/WhatsApp-Image-2024-07-05-at-11.23.19_2024-07-05_15-02-58_jpeg_2024-07-05_15-02-58.webp.webp?fit=1200%2C675&ssl=1&resize=700%2C400 2x, https:\/\/i0.wp.com\/ismaelcolosi.com.br\/wp-content\/uploads\/2024\/07\/WhatsApp-Image-2024-07-05-at-11.23.19_2024-07-05_15-02-58_jpeg_2024-07-05_15-02-58.webp.webp?fit=1200%2C675&ssl=1&resize=1050%2C600 3x"},"classes":[]},{"id":58576,"url":"https:\/\/ismaelcolosi.com.br\/index.php\/2024\/08\/01\/veja-a-programacao-do-primeiro-dia-da-feira-do-livro-de-ribeirao-preto\/","url_meta":{"origin":59674,"position":1},"title":"Veja a programa\u00e7\u00e3o do primeiro dia da Feira do Livro de Ribeir\u00e3o Preto","author":"ismaelcolosi.com.br","date":"1 de August de 2024","format":false,"excerpt":"A 23\u00aa edi\u00e7\u00e3o da Feira Internacional do Livro de Ribeir\u00e3o Preto inicia nesta quinta-feira (1\u00ba de agosto) e segue at\u00e9 o dia 11 de agosto, com uma programa\u00e7\u00e3o com mais de 400 atividades gratuitas que acontecem principalmente na Pra\u00e7a XV, Esplanada do Theatro Pedro II e o no Theatro Pedro\u2026","rel":"","context":"In &quot;Not\u00edcias de Ribeir\u00e3o Preto-SP e Regi\u00e3o&quot;","block_context":{"text":"Not\u00edcias de Ribeir\u00e3o Preto-SP e Regi\u00e3o","link":"https:\/\/ismaelcolosi.com.br\/index.php\/category\/noticias-de-ribeirao-preto-sp-e-regiao-ismael-colosi\/"},"img":{"alt_text":"","src":"https:\/\/i0.wp.com\/ismaelcolosi.com.br\/wp-content\/uploads\/2024\/08\/Copia-de-Copia-de-TAMANHO-EXATO-PARA-FOTOS-NO-SISTEMA-NOVO-20_2024-07-31_11-31-49_jpg_2024-07-31_11-31-49.webp.webp?fit=1200%2C675&ssl=1&resize=350%2C200","width":350,"height":200,"srcset":"https:\/\/i0.wp.com\/ismaelcolosi.com.br\/wp-content\/uploads\/2024\/08\/Copia-de-Copia-de-TAMANHO-EXATO-PARA-FOTOS-NO-SISTEMA-NOVO-20_2024-07-31_11-31-49_jpg_2024-07-31_11-31-49.webp.webp?fit=1200%2C675&ssl=1&resize=350%2C200 1x, https:\/\/i0.wp.com\/ismaelcolosi.com.br\/wp-content\/uploads\/2024\/08\/Copia-de-Copia-de-TAMANHO-EXATO-PARA-FOTOS-NO-SISTEMA-NOVO-20_2024-07-31_11-31-49_jpg_2024-07-31_11-31-49.webp.webp?fit=1200%2C675&ssl=1&resize=525%2C300 1.5x, https:\/\/i0.wp.com\/ismaelcolosi.com.br\/wp-content\/uploads\/2024\/08\/Copia-de-Copia-de-TAMANHO-EXATO-PARA-FOTOS-NO-SISTEMA-NOVO-20_2024-07-31_11-31-49_jpg_2024-07-31_11-31-49.webp.webp?fit=1200%2C675&ssl=1&resize=700%2C400 2x, https:\/\/i0.wp.com\/ismaelcolosi.com.br\/wp-content\/uploads\/2024\/08\/Copia-de-Copia-de-TAMANHO-EXATO-PARA-FOTOS-NO-SISTEMA-NOVO-20_2024-07-31_11-31-49_jpg_2024-07-31_11-31-49.webp.webp?fit=1200%2C675&ssl=1&resize=1050%2C600 3x"},"classes":[]},{"id":58717,"url":"https:\/\/ismaelcolosi.com.br\/index.php\/2024\/08\/02\/veja-a-programacao-desta-sexta-feira-na-feira-do-livro-de-ribeirao-preto\/","url_meta":{"origin":59674,"position":2},"title":"Veja a programa\u00e7\u00e3o desta sexta-feira na Feira do Livro de Ribeir\u00e3o Preto","author":"ismaelcolosi.com.br","date":"2 de August de 2024","format":false,"excerpt":"Esta sexta-feira (2), \u00e9 o segundo dia da\u00a023\u00aa Feira Internacional do Livro de Ribeir\u00e3o Preto, que segue at\u00e9 o dia 11 de agosto. A programa\u00e7\u00e3o oferece mais de\u00a0400 atividades gratuitas\u00a0no Centro de Ribeir\u00e3o Preto. \u00a0 O tema central da Feira este ano \u00e9: \u201cCotidianos po\u00e9ticos: Do \u00e9pico de Cam\u00f5es \u00e0s\u2026","rel":"","context":"In &quot;Not\u00edcias de Ribeir\u00e3o Preto-SP e Regi\u00e3o&quot;","block_context":{"text":"Not\u00edcias de Ribeir\u00e3o Preto-SP e Regi\u00e3o","link":"https:\/\/ismaelcolosi.com.br\/index.php\/category\/noticias-de-ribeirao-preto-sp-e-regiao-ismael-colosi\/"},"img":{"alt_text":"","src":"https:\/\/i0.wp.com\/ismaelcolosi.com.br\/wp-content\/uploads\/2024\/08\/sesc-na-FIL_2024-08-01_14-36-39_jpeg_2024-08-01_14-36-39.webp.webp?fit=1200%2C800&ssl=1&resize=350%2C200","width":350,"height":200,"srcset":"https:\/\/i0.wp.com\/ismaelcolosi.com.br\/wp-content\/uploads\/2024\/08\/sesc-na-FIL_2024-08-01_14-36-39_jpeg_2024-08-01_14-36-39.webp.webp?fit=1200%2C800&ssl=1&resize=350%2C200 1x, https:\/\/i0.wp.com\/ismaelcolosi.com.br\/wp-content\/uploads\/2024\/08\/sesc-na-FIL_2024-08-01_14-36-39_jpeg_2024-08-01_14-36-39.webp.webp?fit=1200%2C800&ssl=1&resize=525%2C300 1.5x, https:\/\/i0.wp.com\/ismaelcolosi.com.br\/wp-content\/uploads\/2024\/08\/sesc-na-FIL_2024-08-01_14-36-39_jpeg_2024-08-01_14-36-39.webp.webp?fit=1200%2C800&ssl=1&resize=700%2C400 2x, https:\/\/i0.wp.com\/ismaelcolosi.com.br\/wp-content\/uploads\/2024\/08\/sesc-na-FIL_2024-08-01_14-36-39_jpeg_2024-08-01_14-36-39.webp.webp?fit=1200%2C800&ssl=1&resize=1050%2C600 3x"},"classes":[]},{"id":55540,"url":"https:\/\/ismaelcolosi.com.br\/index.php\/2024\/07\/03\/feira-do-livro-espirita-tem-programacao-no-centro-de-ribeirao-preto\/","url_meta":{"origin":59674,"position":3},"title":"Feira do Livro Esp\u00edrita tem programa\u00e7\u00e3o no Centro de Ribeir\u00e3o Preto","author":"ismaelcolosi.com.br","date":"3 de July de 2024","format":false,"excerpt":"A 51\u00aa edi\u00e7\u00e3o da Feira do Livro Esp\u00edrita de Ribeir\u00e3o Preto tem in\u00edcio nesta sexta-feira (5) e segue com programa\u00e7\u00e3o at\u00e9 o dia 14 de julho. As atividades, que incluem palestras, pe\u00e7as teatrais, shows musicais, bate-papos, encontro de jovens e a\u00e7\u00f5es para crian\u00e7as, acontecem na pra\u00e7a XV de Novembro e\u2026","rel":"","context":"In &quot;Not\u00edcias de Ribeir\u00e3o Preto-SP e Regi\u00e3o&quot;","block_context":{"text":"Not\u00edcias de Ribeir\u00e3o Preto-SP e Regi\u00e3o","link":"https:\/\/ismaelcolosi.com.br\/index.php\/category\/noticias-de-ribeirao-preto-sp-e-regiao-ismael-colosi\/"},"img":{"alt_text":"","src":"https:\/\/i0.wp.com\/ismaelcolosi.com.br\/wp-content\/uploads\/2024\/07\/Copia-de-Copia-de-TAMANHO-EXATO-PARA-FOTOS-NO-SISTEMA-NOVO_2024-07-03_20-51-22_png_2024-07-03_20-51-22.webp.webp?fit=1200%2C675&ssl=1&resize=350%2C200","width":350,"height":200,"srcset":"https:\/\/i0.wp.com\/ismaelcolosi.com.br\/wp-content\/uploads\/2024\/07\/Copia-de-Copia-de-TAMANHO-EXATO-PARA-FOTOS-NO-SISTEMA-NOVO_2024-07-03_20-51-22_png_2024-07-03_20-51-22.webp.webp?fit=1200%2C675&ssl=1&resize=350%2C200 1x, https:\/\/i0.wp.com\/ismaelcolosi.com.br\/wp-content\/uploads\/2024\/07\/Copia-de-Copia-de-TAMANHO-EXATO-PARA-FOTOS-NO-SISTEMA-NOVO_2024-07-03_20-51-22_png_2024-07-03_20-51-22.webp.webp?fit=1200%2C675&ssl=1&resize=525%2C300 1.5x, https:\/\/i0.wp.com\/ismaelcolosi.com.br\/wp-content\/uploads\/2024\/07\/Copia-de-Copia-de-TAMANHO-EXATO-PARA-FOTOS-NO-SISTEMA-NOVO_2024-07-03_20-51-22_png_2024-07-03_20-51-22.webp.webp?fit=1200%2C675&ssl=1&resize=700%2C400 2x, https:\/\/i0.wp.com\/ismaelcolosi.com.br\/wp-content\/uploads\/2024\/07\/Copia-de-Copia-de-TAMANHO-EXATO-PARA-FOTOS-NO-SISTEMA-NOVO_2024-07-03_20-51-22_png_2024-07-03_20-51-22.webp.webp?fit=1200%2C675&ssl=1&resize=1050%2C600 3x"},"classes":[]},{"id":47299,"url":"https:\/\/ismaelcolosi.com.br\/index.php\/2024\/04\/25\/ribeirao-preto-tem-show-de-viola-caipira-gratuito-confira-a-programacao-do-sesi\/","url_meta":{"origin":59674,"position":4},"title":"Ribeir\u00e3o Preto tem show de viola caipira gratuito; Confira a programa\u00e7\u00e3o do Sesi","author":"ismaelcolosi.com.br","date":"25 de April de 2024","format":false,"excerpt":"Nesta sexta-feira (24), o Sesi Ribeir\u00e3o Preto recebe o show de viola caipira gratuito com o m\u00fasico Cl\u00e1udio Lacerda. Al\u00e9m disso, a programa\u00e7\u00e3o do Sesi no final de semana conta com exposi\u00e7\u00e3o de fotografias e feira para troca de livros. Show Olhos d\u2019\u00e1gua Cl\u00e1udio Lacerda se apresenta \u00e0s 20h com\u2026","rel":"","context":"In &quot;Not\u00edcias de Ribeir\u00e3o Preto-SP e Regi\u00e3o&quot;","block_context":{"text":"Not\u00edcias de Ribeir\u00e3o Preto-SP e Regi\u00e3o","link":"https:\/\/ismaelcolosi.com.br\/index.php\/category\/noticias-de-ribeirao-preto-sp-e-regiao-ismael-colosi\/"},"img":{"alt_text":"","src":"https:\/\/i0.wp.com\/ismaelcolosi.com.br\/wp-content\/uploads\/2024\/04\/Cl-udio-Lacerda-por-Aline-Grego_2024-04-24_13-20-57_jpg-scaled.webp.webp?fit=1200%2C803&ssl=1&resize=350%2C200","width":350,"height":200,"srcset":"https:\/\/i0.wp.com\/ismaelcolosi.com.br\/wp-content\/uploads\/2024\/04\/Cl-udio-Lacerda-por-Aline-Grego_2024-04-24_13-20-57_jpg-scaled.webp.webp?fit=1200%2C803&ssl=1&resize=350%2C200 1x, https:\/\/i0.wp.com\/ismaelcolosi.com.br\/wp-content\/uploads\/2024\/04\/Cl-udio-Lacerda-por-Aline-Grego_2024-04-24_13-20-57_jpg-scaled.webp.webp?fit=1200%2C803&ssl=1&resize=525%2C300 1.5x, https:\/\/i0.wp.com\/ismaelcolosi.com.br\/wp-content\/uploads\/2024\/04\/Cl-udio-Lacerda-por-Aline-Grego_2024-04-24_13-20-57_jpg-scaled.webp.webp?fit=1200%2C803&ssl=1&resize=700%2C400 2x, https:\/\/i0.wp.com\/ismaelcolosi.com.br\/wp-content\/uploads\/2024\/04\/Cl-udio-Lacerda-por-Aline-Grego_2024-04-24_13-20-57_jpg-scaled.webp.webp?fit=1200%2C803&ssl=1&resize=1050%2C600 3x"},"classes":[]},{"id":51092,"url":"https:\/\/ismaelcolosi.com.br\/index.php\/2024\/05\/23\/feira-do-livro-na-regiao-de-ribeirao-tem-oficinas-e-shows-veja-a-programacao\/","url_meta":{"origin":59674,"position":5},"title":"Feira do Livro na regi\u00e3o de Ribeir\u00e3o tem oficinas e shows; Veja a programa\u00e7\u00e3o","author":"ismaelcolosi.com.br","date":"23 de May de 2024","format":false,"excerpt":"A 5\u00aa Feira do Livro de Ipu\u00e3 (Fecodi), cidade a aproximadamente 100 quil\u00f4metros de Ribeir\u00e3o Preto, inicia nesta quinta-feira (23) e segue at\u00e9 s\u00e1bado (25). A edi\u00e7\u00e3o homenageia o cartunista Mauricio de Sousa. Confira a programa\u00e7\u00e3o completa abaixo. O evento ter\u00e1 atividades di\u00e1rias no Parque de Exposi\u00e7\u00f5es Oswaldo Ribeiro de\u2026","rel":"","context":"In &quot;Not\u00edcias de Ribeir\u00e3o Preto-SP e Regi\u00e3o&quot;","block_context":{"text":"Not\u00edcias de Ribeir\u00e3o Preto-SP e Regi\u00e3o","link":"https:\/\/ismaelcolosi.com.br\/index.php\/category\/noticias-de-ribeirao-preto-sp-e-regiao-ismael-colosi\/"},"img":{"alt_text":"","src":"https:\/\/i0.wp.com\/ismaelcolosi.com.br\/wp-content\/uploads\/2024\/05\/Copia-de-Copia-de-TAMANHO-EXATO-PARA-FOTOS-NO-SISTEMA-NOVO_2024-05-23_11-35-28_jpg_2024-05-23_11-35-28.webp.webp?fit=1200%2C675&ssl=1&resize=350%2C200","width":350,"height":200,"srcset":"https:\/\/i0.wp.com\/ismaelcolosi.com.br\/wp-content\/uploads\/2024\/05\/Copia-de-Copia-de-TAMANHO-EXATO-PARA-FOTOS-NO-SISTEMA-NOVO_2024-05-23_11-35-28_jpg_2024-05-23_11-35-28.webp.webp?fit=1200%2C675&ssl=1&resize=350%2C200 1x, https:\/\/i0.wp.com\/ismaelcolosi.com.br\/wp-content\/uploads\/2024\/05\/Copia-de-Copia-de-TAMANHO-EXATO-PARA-FOTOS-NO-SISTEMA-NOVO_2024-05-23_11-35-28_jpg_2024-05-23_11-35-28.webp.webp?fit=1200%2C675&ssl=1&resize=525%2C300 1.5x, https:\/\/i0.wp.com\/ismaelcolosi.com.br\/wp-content\/uploads\/2024\/05\/Copia-de-Copia-de-TAMANHO-EXATO-PARA-FOTOS-NO-SISTEMA-NOVO_2024-05-23_11-35-28_jpg_2024-05-23_11-35-28.webp.webp?fit=1200%2C675&ssl=1&resize=700%2C400 2x, https:\/\/i0.wp.com\/ismaelcolosi.com.br\/wp-content\/uploads\/2024\/05\/Copia-de-Copia-de-TAMANHO-EXATO-PARA-FOTOS-NO-SISTEMA-NOVO_2024-05-23_11-35-28_jpg_2024-05-23_11-35-28.webp.webp?fit=1200%2C675&ssl=1&resize=1050%2C600 3x"},"classes":[]}],"jetpack_sharing_enabled":true,"jetpack_shortlink":"https:\/\/wp.me\/pfMlyK-fwu","_links":{"self":[{"href":"https:\/\/ismaelcolosi.com.br\/index.php\/wp-json\/wp\/v2\/posts\/59674","targetHints":{"allow":["GET"]}}],"collection":[{"href":"https:\/\/ismaelcolosi.com.br\/index.php\/wp-json\/wp\/v2\/posts"}],"about":[{"href":"https:\/\/ismaelcolosi.com.br\/index.php\/wp-json\/wp\/v2\/types\/post"}],"author":[{"embeddable":true,"href":"https:\/\/ismaelcolosi.com.br\/index.php\/wp-json\/wp\/v2\/users\/1"}],"replies":[{"embeddable":true,"href":"https:\/\/ismaelcolosi.com.br\/index.php\/wp-json\/wp\/v2\/comments?post=59674"}],"version-history":[{"count":0,"href":"https:\/\/ismaelcolosi.com.br\/index.php\/wp-json\/wp\/v2\/posts\/59674\/revisions"}],"wp:featuredmedia":[{"embeddable":true,"href":"https:\/\/ismaelcolosi.com.br\/index.php\/wp-json\/wp\/v2\/media\/59675"}],"wp:attachment":[{"href":"https:\/\/ismaelcolosi.com.br\/index.php\/wp-json\/wp\/v2\/media?parent=59674"}],"wp:term":[{"taxonomy":"category","embeddable":true,"href":"https:\/\/ismaelcolosi.com.br\/index.php\/wp-json\/wp\/v2\/categories?post=59674"},{"taxonomy":"post_tag","embeddable":true,"href":"https:\/\/ismaelcolosi.com.br\/index.php\/wp-json\/wp\/v2\/tags?post=59674"}],"curies":[{"name":"wp","href":"https:\/\/api.w.org\/{rel}","templated":true}]}}