{"id":59668,"date":"2024-08-10T18:29:56","date_gmt":"2024-08-10T21:29:56","guid":{"rendered":"https:\/\/ismaelcolosi.com.br\/index.php\/2024\/08\/10\/ribeirao-preto-recebe-tradicional-salao-de-arte-com-premios-de-r-10-mil\/"},"modified":"2024-08-10T18:29:56","modified_gmt":"2024-08-10T21:29:56","slug":"ribeirao-preto-recebe-tradicional-salao-de-arte-com-premios-de-r-10-mil","status":"publish","type":"post","link":"https:\/\/ismaelcolosi.com.br\/index.php\/2024\/08\/10\/ribeirao-preto-recebe-tradicional-salao-de-arte-com-premios-de-r-10-mil\/","title":{"rendered":"Ribeir\u00e3o Preto recebe tradicional Sal\u00e3o de Arte com pr\u00eamios de R$ 10 mil"},"content":{"rendered":"<p> <br \/>\n<\/p>\n<div data-td-block-uid=\"tdi_106\">\n<div class=\"tdb-block-inner td-fix-index\">\n<p>Come\u00e7ou na \u00faltima sexta-feira (9) a 49\u00aa edi\u00e7\u00e3o do <strong>SARP (Sal\u00e3o de Arte de Ribeir\u00e3o Preto Nacional-Contempor\u00e2neo)<\/strong>, considerado um dos mais tradicionais e importantes sal\u00f5es de artes do Brasil.<\/p>\n<p><mark style=\"background-color:#fcb900\" class=\"has-inline-color has-black-color\">O evento \u00e9 realizado pelo <strong>Marp (Museu de Arte de Ribeir\u00e3o Preto Pedro Manuel-Gismondi)<\/strong>, e segue at\u00e9 o dia 26 de outubro. <\/mark>Para a edi\u00e7\u00e3o deste ano, foram selecionados 29 artistas, com 69 obras de arte em exposi\u00e7\u00e3o.<\/p>\n<p>Tr\u00eas artistas selecionados v\u00e3o receber pr\u00eamios de R$ 10 mil, cada um \u2013 L\u00e9a Juliana (Salvador-BA), Luiza Poeiras (Belo Horizonte-MG) e Nita Monteiro (Volta Redonda-RJ), e ter\u00e3o suas obras como integrantes fixas do acervo do Marp.<\/p>\n<h4 class=\"wp-block-heading\"><strong>Entre os principais sal\u00f5es de arte do Pa\u00eds<\/strong><\/h4>\n<p>A primeira edi\u00e7\u00e3o do Sal\u00e3o de Arte de Ribeir\u00e3o Preto Nacional-Contempor\u00e2neo foi realizada em 1975 e a cada ano, publica um edital para as inscri\u00e7\u00f5es dos artistas em \u00e2mbito nacional e realiza um processo de sele\u00e7\u00e3o das obras inscritas, com premia\u00e7\u00e3o a tr\u00eas artistas.<\/p>\n<p>As obras selecionadas podem ser conferidas no Marp, que fica na rua Bar\u00e3o do Amazonas, 323, no Centro de Ribeir\u00e3o Preto. O museu est\u00e1 aberto para visita\u00e7\u00e3o de ter\u00e7a \u00e0 sexta-feira, das 9h30 \u00e0s 12h, e das 13h \u00e0s 17h30. Nos s\u00e1bados (31\/8, 21\/9, 5\/10 e 26\/10), o Marp abre das 9h \u00e0s 15h.<\/p>\n<p>SAIBA MAIS<br \/>Sesc Ribeir\u00e3o Preto toma posse da sede da Recra nesta semana<\/p>\n<h4 class=\"wp-block-heading\"><strong>FIQUE ON<\/strong><\/h4>\n<p>Fique ligado em tudo que acontece em Ribeir\u00e3o Preto e regi\u00e3o. Siga os perfis do <strong>acidade on <\/strong>no <a href=\"https:\/\/www.instagram.com\/acidadeonribeirao\/\" target=\"_blank\" rel=\"noreferrer noopener nofollow\">Instagram<\/a> e no <a href=\"https:\/\/www.facebook.com\/acidadeonribeirao\/\" target=\"_blank\" rel=\"noreferrer noopener nofollow\">Facebook<\/a>.<\/p>\n<p>Receba not\u00edcias do <strong>acidade on<\/strong> no WhatsApp. <a href=\"https:\/\/chat.whatsapp.com\/Dtv9mxhy6V5BJBotM2OQ5k\" target=\"_blank\" rel=\"noreferrer noopener nofollow\">Para entrar no grupo, basta clicar aqui.<\/a><\/p>\n<p>Fa\u00e7a uma den\u00fancia ou sugira uma reportagem sobre Ribeir\u00e3o Preto e regi\u00e3o pelo WhatsApp: 16 99117 7802.<\/p>\n<p>VEJA TAMB\u00c9M<br \/>Por que Muse Maya foi desclassificada do \u2018Estrela da Casa\u2019?<\/p>\n<p><!-- CONTENT END 1 -->\n<\/div>\n<\/div>\n<p><script async src=\"\/\/www.instagram.com\/embed.js\"><\/script><br \/>\n<br \/><br \/>\n<br \/><a href=\"https:\/\/www.acidadeon.com\/ribeiraopreto\/lazer-e-cultura\/ribeirao-preto-recebe-tradicional-salao-de-arte-com-premios-de-r-10-mil\/\">Source link <\/a><\/p>\n","protected":false},"excerpt":{"rendered":"<p>Come\u00e7ou na \u00faltima sexta-feira (9) a 49\u00aa edi\u00e7\u00e3o do SARP (Sal\u00e3o de Arte de Ribeir\u00e3o Preto Nacional-Contempor\u00e2neo), considerado um dos mais tradicionais e importantes sal\u00f5es&#8230;<\/p>\n","protected":false},"author":1,"featured_media":59669,"comment_status":"open","ping_status":"open","sticky":false,"template":"","format":"standard","meta":{"_uag_custom_page_level_css":"","advanced_seo_description":"","jetpack_seo_html_title":"","jetpack_seo_noindex":false,"jetpack_post_was_ever_published":false,"_jetpack_newsletter_access":"","_jetpack_dont_email_post_to_subs":false,"_jetpack_newsletter_tier_id":0,"_jetpack_memberships_contains_paywalled_content":false,"_jetpack_memberships_contains_paid_content":false,"footnotes":"","jetpack_publicize_message":"","jetpack_publicize_feature_enabled":true,"jetpack_social_post_already_shared":true,"jetpack_social_options":{"image_generator_settings":{"template":"highway","default_image_id":0,"font":"","enabled":false},"version":2}},"categories":[11],"tags":[],"class_list":["post-59668","post","type-post","status-publish","format-standard","has-post-thumbnail","hentry","category-noticias-de-ribeirao-preto-sp-e-regiao-ismael-colosi"],"jetpack_publicize_connections":[],"jetpack_featured_media_url":"https:\/\/i0.wp.com\/ismaelcolosi.com.br\/wp-content\/uploads\/2024\/08\/marp_2024-08-10_21-10-15_png_2024-08-10_21-10-15.webp.webp?fit=1092%2C733&ssl=1","uagb_featured_image_src":{"full":["https:\/\/i0.wp.com\/ismaelcolosi.com.br\/wp-content\/uploads\/2024\/08\/marp_2024-08-10_21-10-15_png_2024-08-10_21-10-15.webp.webp?fit=1092%2C733&ssl=1",1092,733,false],"thumbnail":["https:\/\/i0.wp.com\/ismaelcolosi.com.br\/wp-content\/uploads\/2024\/08\/marp_2024-08-10_21-10-15_png_2024-08-10_21-10-15.webp.webp?resize=150%2C150&ssl=1",150,150,true],"medium":["https:\/\/i0.wp.com\/ismaelcolosi.com.br\/wp-content\/uploads\/2024\/08\/marp_2024-08-10_21-10-15_png_2024-08-10_21-10-15.webp.webp?fit=300%2C201&ssl=1",300,201,true],"medium_large":["https:\/\/i0.wp.com\/ismaelcolosi.com.br\/wp-content\/uploads\/2024\/08\/marp_2024-08-10_21-10-15_png_2024-08-10_21-10-15.webp.webp?fit=768%2C516&ssl=1",768,516,true],"large":["https:\/\/i0.wp.com\/ismaelcolosi.com.br\/wp-content\/uploads\/2024\/08\/marp_2024-08-10_21-10-15_png_2024-08-10_21-10-15.webp.webp?fit=1024%2C687&ssl=1",1024,687,true],"1536x1536":["https:\/\/i0.wp.com\/ismaelcolosi.com.br\/wp-content\/uploads\/2024\/08\/marp_2024-08-10_21-10-15_png_2024-08-10_21-10-15.webp.webp?fit=1092%2C733&ssl=1",1092,733,true],"2048x2048":["https:\/\/i0.wp.com\/ismaelcolosi.com.br\/wp-content\/uploads\/2024\/08\/marp_2024-08-10_21-10-15_png_2024-08-10_21-10-15.webp.webp?fit=1092%2C733&ssl=1",1092,733,true],"really-simple-thumb":["https:\/\/i0.wp.com\/ismaelcolosi.com.br\/wp-content\/uploads\/2024\/08\/marp_2024-08-10_21-10-15_png_2024-08-10_21-10-15.webp.webp?resize=370%2C247&ssl=1",370,247,true]},"uagb_author_info":{"display_name":"ismaelcolosi.com.br","author_link":"https:\/\/ismaelcolosi.com.br\/index.php\/author\/vidareal-online\/"},"uagb_comment_info":0,"uagb_excerpt":"Come\u00e7ou na \u00faltima sexta-feira (9) a 49\u00aa edi\u00e7\u00e3o do SARP (Sal\u00e3o de Arte de Ribeir\u00e3o Preto Nacional-Contempor\u00e2neo), considerado um dos mais tradicionais e importantes sal\u00f5es...","jetpack-related-posts":[{"id":34324,"url":"https:\/\/ismaelcolosi.com.br\/index.php\/2024\/02\/01\/cultura-de-ribeirao-preto-premia-artistas-para-expor-no-marp\/","url_meta":{"origin":59668,"position":0},"title":"Cultura de Ribeir\u00e3o Preto premia artistas para expor no Marp","author":"ismaelcolosi.com.br","date":"1 de February de 2024","format":false,"excerpt":"A Secretaria da Cultura e Turismo de Ribeir\u00e3o Preto est\u00e1 selecionando artistas de todo pa\u00eds para participarem do \u201cPrograma Exposi\u00e7\u00e3o 2024\u201d, no Marp (Museu de Arte de Ribeir\u00e3o Preto). Ao todo, ser\u00e3o selecionados 25 artistas e cada um ir\u00e1 receber R$ 400 como premia\u00e7\u00e3o. As inscri\u00e7\u00f5es s\u00e3o gratuitas e podem\u2026","rel":"","context":"In &quot;Not\u00edcias de Ribeir\u00e3o Preto-SP e Regi\u00e3o&quot;","block_context":{"text":"Not\u00edcias de Ribeir\u00e3o Preto-SP e Regi\u00e3o","link":"https:\/\/ismaelcolosi.com.br\/index.php\/category\/noticias-de-ribeirao-preto-sp-e-regiao-ismael-colosi\/"},"img":{"alt_text":"","src":"https:\/\/i0.wp.com\/ismaelcolosi.com.br\/wp-content\/uploads\/2024\/02\/1.jpg?fit=1200%2C675&ssl=1&resize=350%2C200","width":350,"height":200,"srcset":"https:\/\/i0.wp.com\/ismaelcolosi.com.br\/wp-content\/uploads\/2024\/02\/1.jpg?fit=1200%2C675&ssl=1&resize=350%2C200 1x, https:\/\/i0.wp.com\/ismaelcolosi.com.br\/wp-content\/uploads\/2024\/02\/1.jpg?fit=1200%2C675&ssl=1&resize=525%2C300 1.5x, https:\/\/i0.wp.com\/ismaelcolosi.com.br\/wp-content\/uploads\/2024\/02\/1.jpg?fit=1200%2C675&ssl=1&resize=700%2C400 2x, https:\/\/i0.wp.com\/ismaelcolosi.com.br\/wp-content\/uploads\/2024\/02\/1.jpg?fit=1200%2C675&ssl=1&resize=1050%2C600 3x"},"classes":[]},{"id":42049,"url":"https:\/\/ismaelcolosi.com.br\/index.php\/2024\/03\/12\/familia-mestriner-doa-obras-a-rp\/","url_meta":{"origin":59668,"position":1},"title":"Fam\u00edlia Mestriner\u00a0doa obras a RP","author":"ismaelcolosi.com.br","date":"12 de March de 2024","format":false,"excerpt":"12 de mar\u00e7o de 2024 | 17:0012 de mar\u00e7o de 2024 | 10:18 0A prefeitura de Ribeir\u00e3o Preto, por meio da Secretaria da Cultura e Turismo, realizou na sexta-feira, 8 de mar\u00e7o, no Centro Administrativo Prefeito Jos\u00e9 de Magalh\u00e3es, a cerim\u00f4nia de entrega de duas obras da artista pl\u00e1stica Odilla\u2026","rel":"","context":"In &quot;Not\u00edcias de Ribeir\u00e3o Preto-SP e Regi\u00e3o&quot;","block_context":{"text":"Not\u00edcias de Ribeir\u00e3o Preto-SP e Regi\u00e3o","link":"https:\/\/ismaelcolosi.com.br\/index.php\/category\/noticias-de-ribeirao-preto-sp-e-regiao-ismael-colosi\/"},"img":{"alt_text":"","src":"https:\/\/i0.wp.com\/ismaelcolosi.com.br\/wp-content\/uploads\/2024\/03\/Odilla-Tel-Guilherme-Sircili-scaled.jpg?fit=967%2C645&ssl=1&resize=350%2C200","width":350,"height":200,"srcset":"https:\/\/i0.wp.com\/ismaelcolosi.com.br\/wp-content\/uploads\/2024\/03\/Odilla-Tel-Guilherme-Sircili-scaled.jpg?fit=967%2C645&ssl=1&resize=350%2C200 1x, https:\/\/i0.wp.com\/ismaelcolosi.com.br\/wp-content\/uploads\/2024\/03\/Odilla-Tel-Guilherme-Sircili-scaled.jpg?fit=967%2C645&ssl=1&resize=525%2C300 1.5x, https:\/\/i0.wp.com\/ismaelcolosi.com.br\/wp-content\/uploads\/2024\/03\/Odilla-Tel-Guilherme-Sircili-scaled.jpg?fit=967%2C645&ssl=1&resize=700%2C400 2x"},"classes":[]},{"id":34675,"url":"https:\/\/ismaelcolosi.com.br\/index.php\/2024\/02\/02\/obra-de-restauro-do-palacio-rio-branco-custara-r-6-milhoes\/","url_meta":{"origin":59668,"position":2},"title":"Obra de restauro do Pal\u00e1cio Rio Branco custar\u00e1 R$ 6 milh\u00f5es","author":"ismaelcolosi.com.br","date":"2 de February de 2024","format":false,"excerpt":"2 de fevereiro de 2024 | 15:302 de fevereiro de 2024 | 10:49 0O prefeito Duarte Nogueira (PSDB) e o secret\u00e1rio municipal da Cultura e Turismo, Pedro Le\u00e3o, assinaram nesta quinta-feira, 1\u00ba de fevereiro, o documento que autoriza a abertura de licita\u00e7\u00e3o para as obras de restaura\u00e7\u00e3o do Pal\u00e1cio Rio\u2026","rel":"","context":"In &quot;Not\u00edcias de Ribeir\u00e3o Preto-SP e Regi\u00e3o&quot;","block_context":{"text":"Not\u00edcias de Ribeir\u00e3o Preto-SP e Regi\u00e3o","link":"https:\/\/ismaelcolosi.com.br\/index.php\/category\/noticias-de-ribeirao-preto-sp-e-regiao-ismael-colosi\/"},"img":{"alt_text":"","src":"https:\/\/i0.wp.com\/ismaelcolosi.com.br\/wp-content\/uploads\/2024\/02\/PalacioRP-Pal-Alfredo-Risk-scaled.jpg?fit=967%2C645&ssl=1&resize=350%2C200","width":350,"height":200,"srcset":"https:\/\/i0.wp.com\/ismaelcolosi.com.br\/wp-content\/uploads\/2024\/02\/PalacioRP-Pal-Alfredo-Risk-scaled.jpg?fit=967%2C645&ssl=1&resize=350%2C200 1x, https:\/\/i0.wp.com\/ismaelcolosi.com.br\/wp-content\/uploads\/2024\/02\/PalacioRP-Pal-Alfredo-Risk-scaled.jpg?fit=967%2C645&ssl=1&resize=525%2C300 1.5x, https:\/\/i0.wp.com\/ismaelcolosi.com.br\/wp-content\/uploads\/2024\/02\/PalacioRP-Pal-Alfredo-Risk-scaled.jpg?fit=967%2C645&ssl=1&resize=700%2C400 2x"},"classes":[]},{"id":74991,"url":"https:\/\/ismaelcolosi.com.br\/index.php\/2024\/11\/04\/mostra-no-marp-valoriza-a-mulher\/","url_meta":{"origin":59668,"position":3},"title":"Mostra no Marp\u00a0valoriza a mulher\u00a0","author":"ismaelcolosi.com.br","date":"4 de November de 2024","format":false,"excerpt":"\u2018Exposi\u00e7\u00e3o \u201cAmanh\u00e3 Serei Raiz\u201dconta com 13 obras do coletivo 1MULHERporM2 cujo objetivo \u00e9 resgatar o feminino e a ancestralidade\u00a0 4 de novembro de 20243 de novembro de 202411 Compartilhar0 A partir de 8 de novembro, segunda sexta-feira do m\u00eas, o Museu de Arte de Ribeir\u00e3o Preto Pedro Manuel-Gismondi (MArp) abrigar\u00e1\u2026","rel":"","context":"In &quot;Not\u00edcias de Ribeir\u00e3o Preto-SP e Regi\u00e3o&quot;","block_context":{"text":"Not\u00edcias de Ribeir\u00e3o Preto-SP e Regi\u00e3o","link":"https:\/\/ismaelcolosi.com.br\/index.php\/category\/noticias-de-ribeirao-preto-sp-e-regiao-ismael-colosi\/"},"img":{"alt_text":"","src":"https:\/\/i0.wp.com\/ismaelcolosi.com.br\/wp-content\/uploads\/2024\/11\/Marp-Tin-Tina-Leme-Scott-scaled.jpg?fit=800%2C800&ssl=1&resize=350%2C200","width":350,"height":200,"srcset":"https:\/\/i0.wp.com\/ismaelcolosi.com.br\/wp-content\/uploads\/2024\/11\/Marp-Tin-Tina-Leme-Scott-scaled.jpg?fit=800%2C800&ssl=1&resize=350%2C200 1x, https:\/\/i0.wp.com\/ismaelcolosi.com.br\/wp-content\/uploads\/2024\/11\/Marp-Tin-Tina-Leme-Scott-scaled.jpg?fit=800%2C800&ssl=1&resize=525%2C300 1.5x, https:\/\/i0.wp.com\/ismaelcolosi.com.br\/wp-content\/uploads\/2024\/11\/Marp-Tin-Tina-Leme-Scott-scaled.jpg?fit=800%2C800&ssl=1&resize=700%2C400 2x"},"classes":[]},{"id":72440,"url":"https:\/\/ismaelcolosi.com.br\/index.php\/2024\/10\/21\/museu-de-arte-de-ribeirao-preto-recebe-exposicao-amanha-serei-raiz\/","url_meta":{"origin":59668,"position":4},"title":"Museu de Arte de Ribeir\u00e3o Preto recebe exposi\u00e7\u00e3o \u201cAmanh\u00e3 Serei Raiz\u201d","author":"ismaelcolosi.com.br","date":"21 de October de 2024","format":false,"excerpt":"O Marp (Museu de Arte de Ribeir\u00e3o Preto Pedro Manuel-Gismondi) recebe a partir do dia 8 de novembro a exposi\u00e7\u00e3o \u201cAmanh\u00e3 Serei Raiz\u201d, que conta com 13 obras do coletivo 1MULHERporM2 e tem o objetivo de resgatar o feminino e a ancestralidade. A mostra conta com trabalhos que promovem uma\u2026","rel":"","context":"In &quot;Not\u00edcias de Ribeir\u00e3o Preto-SP e Regi\u00e3o&quot;","block_context":{"text":"Not\u00edcias de Ribeir\u00e3o Preto-SP e Regi\u00e3o","link":"https:\/\/ismaelcolosi.com.br\/index.php\/category\/noticias-de-ribeirao-preto-sp-e-regiao-ismael-colosi\/"},"img":{"alt_text":"","src":"https:\/\/i0.wp.com\/ismaelcolosi.com.br\/wp-content\/uploads\/2024\/10\/Copia-de-Copia-de-Copia-de-TAMANHO-EXATO-PARA-FOTOS-NO-SISTEMA-NOVO-18_2024-10-21_13-59-08_jpg_2024-10-21_13-59-08.webp.webp?fit=1200%2C675&ssl=1&resize=350%2C200","width":350,"height":200,"srcset":"https:\/\/i0.wp.com\/ismaelcolosi.com.br\/wp-content\/uploads\/2024\/10\/Copia-de-Copia-de-Copia-de-TAMANHO-EXATO-PARA-FOTOS-NO-SISTEMA-NOVO-18_2024-10-21_13-59-08_jpg_2024-10-21_13-59-08.webp.webp?fit=1200%2C675&ssl=1&resize=350%2C200 1x, https:\/\/i0.wp.com\/ismaelcolosi.com.br\/wp-content\/uploads\/2024\/10\/Copia-de-Copia-de-Copia-de-TAMANHO-EXATO-PARA-FOTOS-NO-SISTEMA-NOVO-18_2024-10-21_13-59-08_jpg_2024-10-21_13-59-08.webp.webp?fit=1200%2C675&ssl=1&resize=525%2C300 1.5x, https:\/\/i0.wp.com\/ismaelcolosi.com.br\/wp-content\/uploads\/2024\/10\/Copia-de-Copia-de-Copia-de-TAMANHO-EXATO-PARA-FOTOS-NO-SISTEMA-NOVO-18_2024-10-21_13-59-08_jpg_2024-10-21_13-59-08.webp.webp?fit=1200%2C675&ssl=1&resize=700%2C400 2x, https:\/\/i0.wp.com\/ismaelcolosi.com.br\/wp-content\/uploads\/2024\/10\/Copia-de-Copia-de-Copia-de-TAMANHO-EXATO-PARA-FOTOS-NO-SISTEMA-NOVO-18_2024-10-21_13-59-08_jpg_2024-10-21_13-59-08.webp.webp?fit=1200%2C675&ssl=1&resize=1050%2C600 3x"},"classes":[]},{"id":77129,"url":"https:\/\/ismaelcolosi.com.br\/index.php\/2024\/11\/21\/iguatemi-rp-reune-obras-de-10-artistas-em-exposicao-de-arte-do-gallery-mall-art\/","url_meta":{"origin":59668,"position":5},"title":"Iguatemi RP re\u00fane obras de 10 artistas em exposi\u00e7\u00e3o de arte do Gallery Mall Art","author":"ismaelcolosi.com.br","date":"21 de November de 2024","format":false,"excerpt":"Depois do sucesso da \u00faltima edi\u00e7\u00e3o, a Gallery Mall Art retorna ao Iguatemi Ribeir\u00e3o Preto a partir desta quinta-feira, 21\/11, para uma nova exposi\u00e7\u00e3o que celebra a arte, a moda e a cultura em suas diversidades. As obras ficar\u00e3o dispon\u00edveis para visita\u00e7\u00e3o at\u00e9 este s\u00e1bado, 23\/11, gratuitamente, no Piso Superior,\u2026","rel":"","context":"In &quot;Not\u00edcias de Ribeir\u00e3o Preto-SP e Regi\u00e3o&quot;","block_context":{"text":"Not\u00edcias de Ribeir\u00e3o Preto-SP e Regi\u00e3o","link":"https:\/\/ismaelcolosi.com.br\/index.php\/category\/noticias-de-ribeirao-preto-sp-e-regiao-ismael-colosi\/"},"img":{"alt_text":"","src":"","width":0,"height":0},"classes":[]}],"jetpack_sharing_enabled":true,"jetpack_shortlink":"https:\/\/wp.me\/pfMlyK-fwo","_links":{"self":[{"href":"https:\/\/ismaelcolosi.com.br\/index.php\/wp-json\/wp\/v2\/posts\/59668","targetHints":{"allow":["GET"]}}],"collection":[{"href":"https:\/\/ismaelcolosi.com.br\/index.php\/wp-json\/wp\/v2\/posts"}],"about":[{"href":"https:\/\/ismaelcolosi.com.br\/index.php\/wp-json\/wp\/v2\/types\/post"}],"author":[{"embeddable":true,"href":"https:\/\/ismaelcolosi.com.br\/index.php\/wp-json\/wp\/v2\/users\/1"}],"replies":[{"embeddable":true,"href":"https:\/\/ismaelcolosi.com.br\/index.php\/wp-json\/wp\/v2\/comments?post=59668"}],"version-history":[{"count":0,"href":"https:\/\/ismaelcolosi.com.br\/index.php\/wp-json\/wp\/v2\/posts\/59668\/revisions"}],"wp:featuredmedia":[{"embeddable":true,"href":"https:\/\/ismaelcolosi.com.br\/index.php\/wp-json\/wp\/v2\/media\/59669"}],"wp:attachment":[{"href":"https:\/\/ismaelcolosi.com.br\/index.php\/wp-json\/wp\/v2\/media?parent=59668"}],"wp:term":[{"taxonomy":"category","embeddable":true,"href":"https:\/\/ismaelcolosi.com.br\/index.php\/wp-json\/wp\/v2\/categories?post=59668"},{"taxonomy":"post_tag","embeddable":true,"href":"https:\/\/ismaelcolosi.com.br\/index.php\/wp-json\/wp\/v2\/tags?post=59668"}],"curies":[{"name":"wp","href":"https:\/\/api.w.org\/{rel}","templated":true}]}}