{"id":59666,"date":"2024-08-10T17:58:20","date_gmt":"2024-08-10T20:58:20","guid":{"rendered":"https:\/\/ismaelcolosi.com.br\/index.php\/2024\/08\/10\/mpt-abre-investigacao-contra-voepass-apos-acidente-aereo-em-vinhedo\/"},"modified":"2024-08-10T17:58:20","modified_gmt":"2024-08-10T20:58:20","slug":"mpt-abre-investigacao-contra-voepass-apos-acidente-aereo-em-vinhedo","status":"publish","type":"post","link":"https:\/\/ismaelcolosi.com.br\/index.php\/2024\/08\/10\/mpt-abre-investigacao-contra-voepass-apos-acidente-aereo-em-vinhedo\/","title":{"rendered":"MPT abre investiga\u00e7\u00e3o contra Voepass ap\u00f3s acidente a\u00e9reo em Vinhedo"},"content":{"rendered":"<p> <br \/>\n<\/p>\n<div>\n<p>O <strong><a href=\"https:\/\/www.prt2.mpt.mp.br\/\" target=\"_blank\" rel=\"noreferrer noopener nofollow\">MPT (Minist\u00e9rio P\u00fablico do Trabalho) <\/a><\/strong>informou que abriu um procedimento para investigar a responsabilidade da empres<strong>a Voepass Linhas A\u00e9reas<\/strong>, que tem sede em <strong>Ribeir\u00e3o Preto<\/strong>, no acidente a\u00e9reo que vitimou quatro trabalhadores da empresa, al\u00e9m de 58 passageiros, na \u00faltima sexta-feira (9), em Vinhedo, no interior de S\u00e3o Paulo.<\/p>\n<p>Os tripulantes do avi\u00e3o ATR-72 que perderam a vida s\u00e3o o piloto<strong> Danilo Santos Romano<\/strong>, o copiloto<strong> Humberto de Campos Alencar e Silva<\/strong>, e as comiss\u00e1rias de bordo<strong> D\u00e9bora Soper \u00c1vila <\/strong>e <strong>Rubia Silva de Lima<\/strong>, natural de <strong>Ribeir\u00e3o Preto<\/strong>.<\/p>\n<p>A investiga\u00e7\u00e3o foi aberta pelo procurador Marcus Vin\u00edcius Gon\u00e7alves. Ele alega que \u201c\u00e9 evidente a les\u00e3o a direitos sociais indispon\u00edveis ligados \u00e0 seguran\u00e7a no meio ambiente de trabalho\u201d.<\/p>\n<p>Ainda segundo o procurador, o MPT pretende \u201cverificar a extens\u00e3o dos fatos denunciados, apurar as devidas responsabilidades e adotar medidas que contribuam para obstar novos acidentes como o ora investigado\u201d.<\/p>\n<h4 class=\"wp-block-heading\"><strong>Notifica\u00e7\u00e3o<\/strong><\/h4>\n<p>O procurador determinou a expedi\u00e7\u00e3o de of\u00edcio \u00e0 Voepass-Passaredo, para que a empresa apresente as CATs (Comunica\u00e7\u00f5es de Acidente de Trabalho) e os contratos de trabalho dos tripulantes que perderam a vida.<\/p>\n<p>Tamb\u00e9m foram notificados a Pol\u00edcia Federal de Campinas, a FAB (For\u00e7a A\u00e9rea Brasileira) e a Anac (Ag\u00eancia Nacional de Avia\u00e7\u00e3o Civil), para que informem o que foi apurado sobre o acidente at\u00e9 o momento.<\/p>\n<p>Um procedimento deve ser instaurado em Campinas, onde est\u00e1 localizada a sede do MPT na 15\u00aa Regi\u00e3o, em cuja \u00e1rea de circunscri\u00e7\u00e3o encontra-se a cidade de Vinhedo, local do acidente a\u00e9reo.<\/p>\n<h4 class=\"wp-block-heading\"><strong>Outro lado<\/strong><\/h4>\n<p>A reportagem do <strong>acidade on Ribeir\u00e3o<\/strong> procurou a Voepass na tarde deste s\u00e1bado (10), mas n\u00e3o obteve retorno at\u00e9 a publica\u00e7\u00e3o da mat\u00e9ria.<\/p>\n<p>Em coletiva de imprensa realizada na noite de sexta-feira (9), o diretor de opera\u00e7\u00f5es da Voepass, Marcelo Moura, e o CEO da companhia, Eduardo Busch, disseram que o avi\u00e3o \u201cestava perfeitamente naveg\u00e1vel\u201d e que a prioridade \u00e9 o apoio \u00e0s fam\u00edlias e agilidade da apura\u00e7\u00e3o.<\/p>\n<p>SAIBA MAIS<br \/>Sesc Ribeir\u00e3o Preto toma posse da sede da Recra nesta semana<\/p>\n<h4 class=\"wp-block-heading\"><strong>FIQUE ON<\/strong><\/h4>\n<p>Fique ligado em tudo que acontece em Ribeir\u00e3o Preto e regi\u00e3o. Siga os perfis do<strong> acidade on<\/strong> no<a href=\"https:\/\/www.instagram.com\/acidadeonribeirao\/\" target=\"_blank\" rel=\"noreferrer noopener nofollow\"> Instagram<\/a> e no <a href=\"https:\/\/www.facebook.com\/acidadeonribeirao\/\" target=\"_blank\" rel=\"noreferrer noopener nofollow\">Facebook<\/a>.<\/p>\n<p>Receba not\u00edcias do <strong>acidade on<\/strong> no WhatsApp. <a href=\"https:\/\/chat.whatsapp.com\/Dtv9mxhy6V5BJBotM2OQ5k\" target=\"_blank\" rel=\"noreferrer noopener nofollow\">Para entrar no grupo, basta clicar aqui.<\/a><\/p>\n<p>Fa\u00e7a uma den\u00fancia ou sugira uma reportagem sobre Ribeir\u00e3o Preto e regi\u00e3o pelo WhatsApp: 16 99117 7802.<\/p>\n<p>VEJA TAMB\u00c9M<br \/>Quem estava no avi\u00e3o ATR-72 que caiu em Vinhedo?<\/p>\n<p><!-- CONTENT END 1 -->\n<\/div>\n<p><script async src=\"\/\/www.instagram.com\/embed.js\"><\/script><br \/>\n<br \/><br \/>\n<br \/><a href=\"https:\/\/www.acidadeon.com\/ribeiraopreto\/cotidiano\/mpt-abre-investigacao-contra-voepass-apos-acidente-aereo-vinhedo\/\">Source link <\/a><\/p>\n","protected":false},"excerpt":{"rendered":"<p>O MPT (Minist\u00e9rio P\u00fablico do Trabalho) informou que abriu um procedimento para investigar a responsabilidade da empresa Voepass Linhas A\u00e9reas, que tem sede em Ribeir\u00e3o&#8230;<\/p>\n","protected":false},"author":1,"featured_media":59667,"comment_status":"open","ping_status":"open","sticky":false,"template":"","format":"standard","meta":{"_uag_custom_page_level_css":"","advanced_seo_description":"","jetpack_seo_html_title":"","jetpack_seo_noindex":false,"jetpack_post_was_ever_published":false,"_jetpack_newsletter_access":"","_jetpack_dont_email_post_to_subs":false,"_jetpack_newsletter_tier_id":0,"_jetpack_memberships_contains_paywalled_content":false,"_jetpack_memberships_contains_paid_content":false,"footnotes":"","jetpack_publicize_message":"","jetpack_publicize_feature_enabled":true,"jetpack_social_post_already_shared":true,"jetpack_social_options":{"image_generator_settings":{"template":"highway","default_image_id":0,"font":"","enabled":false},"version":2}},"categories":[11],"tags":[],"class_list":["post-59666","post","type-post","status-publish","format-standard","has-post-thumbnail","hentry","category-noticias-de-ribeirao-preto-sp-e-regiao-ismael-colosi"],"jetpack_publicize_connections":[],"jetpack_featured_media_url":"https:\/\/i0.wp.com\/ismaelcolosi.com.br\/wp-content\/uploads\/2024\/08\/aviao-voepass_2024-08-10_20-33-39_jpg_2024-08-10_20-33-39.webp.webp?fit=952%2C528&ssl=1","uagb_featured_image_src":{"full":["https:\/\/i0.wp.com\/ismaelcolosi.com.br\/wp-content\/uploads\/2024\/08\/aviao-voepass_2024-08-10_20-33-39_jpg_2024-08-10_20-33-39.webp.webp?fit=952%2C528&ssl=1",952,528,false],"thumbnail":["https:\/\/i0.wp.com\/ismaelcolosi.com.br\/wp-content\/uploads\/2024\/08\/aviao-voepass_2024-08-10_20-33-39_jpg_2024-08-10_20-33-39.webp.webp?resize=150%2C150&ssl=1",150,150,true],"medium":["https:\/\/i0.wp.com\/ismaelcolosi.com.br\/wp-content\/uploads\/2024\/08\/aviao-voepass_2024-08-10_20-33-39_jpg_2024-08-10_20-33-39.webp.webp?fit=300%2C166&ssl=1",300,166,true],"medium_large":["https:\/\/i0.wp.com\/ismaelcolosi.com.br\/wp-content\/uploads\/2024\/08\/aviao-voepass_2024-08-10_20-33-39_jpg_2024-08-10_20-33-39.webp.webp?fit=768%2C426&ssl=1",768,426,true],"large":["https:\/\/i0.wp.com\/ismaelcolosi.com.br\/wp-content\/uploads\/2024\/08\/aviao-voepass_2024-08-10_20-33-39_jpg_2024-08-10_20-33-39.webp.webp?fit=952%2C528&ssl=1",952,528,true],"1536x1536":["https:\/\/i0.wp.com\/ismaelcolosi.com.br\/wp-content\/uploads\/2024\/08\/aviao-voepass_2024-08-10_20-33-39_jpg_2024-08-10_20-33-39.webp.webp?fit=952%2C528&ssl=1",952,528,true],"2048x2048":["https:\/\/i0.wp.com\/ismaelcolosi.com.br\/wp-content\/uploads\/2024\/08\/aviao-voepass_2024-08-10_20-33-39_jpg_2024-08-10_20-33-39.webp.webp?fit=952%2C528&ssl=1",952,528,true],"really-simple-thumb":["https:\/\/i0.wp.com\/ismaelcolosi.com.br\/wp-content\/uploads\/2024\/08\/aviao-voepass_2024-08-10_20-33-39_jpg_2024-08-10_20-33-39.webp.webp?resize=370%2C247&ssl=1",370,247,true]},"uagb_author_info":{"display_name":"ismaelcolosi.com.br","author_link":"https:\/\/ismaelcolosi.com.br\/index.php\/author\/vidareal-online\/"},"uagb_comment_info":0,"uagb_excerpt":"O MPT (Minist\u00e9rio P\u00fablico do Trabalho) informou que abriu um procedimento para investigar a responsabilidade da empresa Voepass Linhas A\u00e9reas, que tem sede em Ribeir\u00e3o...","jetpack-related-posts":[{"id":59611,"url":"https:\/\/ismaelcolosi.com.br\/index.php\/2024\/08\/09\/governo-de-sp-decreta-luto-de-tres-dias-por-causa-de-acidente-aereo-no-interior\/","url_meta":{"origin":59666,"position":0},"title":"Governo de SP decreta luto de tr\u00eas dias por causa de acidente a\u00e9reo no interior","author":"ismaelcolosi.com.br","date":"9 de August de 2024","format":false,"excerpt":"O governador do Estado de S\u00e3o Paulo, Tarc\u00edsio de Freitas, decretou luto de tr\u00eas dias em homenagem \u00e0s v\u00edtimas do acidente a\u00e9reo em Vinhedo, no interior de S\u00e3o Paulo, nesta sexta-feira (9). O avi\u00e3o era da Voepass, antiga Passaredo, empresa que tem sede em Ribeir\u00e3o Preto. Conforme anunciado anteriormente pelo\u2026","rel":"","context":"In &quot;Not\u00edcias de Ribeir\u00e3o Preto-SP e Regi\u00e3o&quot;","block_context":{"text":"Not\u00edcias de Ribeir\u00e3o Preto-SP e Regi\u00e3o","link":"https:\/\/ismaelcolosi.com.br\/index.php\/category\/noticias-de-ribeirao-preto-sp-e-regiao-ismael-colosi\/"},"img":{"alt_text":"","src":"https:\/\/i0.wp.com\/ismaelcolosi.com.br\/wp-content\/uploads\/2024\/08\/denny_cesare_codigo_19_272915_2024-08-09_21-14-55_jpg_2024-08-09_21-14-55-1068x712-1_2024-08-09_23-42-09.webp.webp?fit=1068%2C712&ssl=1&resize=350%2C200","width":350,"height":200,"srcset":"https:\/\/i0.wp.com\/ismaelcolosi.com.br\/wp-content\/uploads\/2024\/08\/denny_cesare_codigo_19_272915_2024-08-09_21-14-55_jpg_2024-08-09_21-14-55-1068x712-1_2024-08-09_23-42-09.webp.webp?fit=1068%2C712&ssl=1&resize=350%2C200 1x, https:\/\/i0.wp.com\/ismaelcolosi.com.br\/wp-content\/uploads\/2024\/08\/denny_cesare_codigo_19_272915_2024-08-09_21-14-55_jpg_2024-08-09_21-14-55-1068x712-1_2024-08-09_23-42-09.webp.webp?fit=1068%2C712&ssl=1&resize=525%2C300 1.5x, https:\/\/i0.wp.com\/ismaelcolosi.com.br\/wp-content\/uploads\/2024\/08\/denny_cesare_codigo_19_272915_2024-08-09_21-14-55_jpg_2024-08-09_21-14-55-1068x712-1_2024-08-09_23-42-09.webp.webp?fit=1068%2C712&ssl=1&resize=700%2C400 2x, https:\/\/i0.wp.com\/ismaelcolosi.com.br\/wp-content\/uploads\/2024\/08\/denny_cesare_codigo_19_272915_2024-08-09_21-14-55_jpg_2024-08-09_21-14-55-1068x712-1_2024-08-09_23-42-09.webp.webp?fit=1068%2C712&ssl=1&resize=1050%2C600 3x"},"classes":[]},{"id":59613,"url":"https:\/\/ismaelcolosi.com.br\/index.php\/2024\/08\/09\/governo-de-sp-decreta-luto-de-tres-dias-por-causa-de-acidente-aereo-no-interior-2\/","url_meta":{"origin":59666,"position":1},"title":"Governo de SP decreta luto de tr\u00eas dias por causa de acidente a\u00e9reo no interior","author":"ismaelcolosi.com.br","date":"9 de August de 2024","format":false,"excerpt":"O governador do Estado de S\u00e3o Paulo, Tarc\u00edsio de Freitas, decretou luto de tr\u00eas dias em homenagem \u00e0s v\u00edtimas do acidente a\u00e9reo em Vinhedo, no interior de S\u00e3o Paulo, nesta sexta-feira (9). O avi\u00e3o era da Voepass, antiga Passaredo, empresa que tem sede em Ribeir\u00e3o Preto. Conforme anunciado anteriormente pelo\u2026","rel":"","context":"In &quot;Not\u00edcias de Ribeir\u00e3o Preto-SP e Regi\u00e3o&quot;","block_context":{"text":"Not\u00edcias de Ribeir\u00e3o Preto-SP e Regi\u00e3o","link":"https:\/\/ismaelcolosi.com.br\/index.php\/category\/noticias-de-ribeirao-preto-sp-e-regiao-ismael-colosi\/"},"img":{"alt_text":"","src":"https:\/\/i0.wp.com\/ismaelcolosi.com.br\/wp-content\/uploads\/2024\/08\/denny_cesare_codigo_19_272915_2024-08-09_21-14-55_jpg_2024-08-09_21-14-55-1068x712-1_2024-08-09_23-42-09.webp.webp?fit=1068%2C712&ssl=1&resize=350%2C200","width":350,"height":200,"srcset":"https:\/\/i0.wp.com\/ismaelcolosi.com.br\/wp-content\/uploads\/2024\/08\/denny_cesare_codigo_19_272915_2024-08-09_21-14-55_jpg_2024-08-09_21-14-55-1068x712-1_2024-08-09_23-42-09.webp.webp?fit=1068%2C712&ssl=1&resize=350%2C200 1x, https:\/\/i0.wp.com\/ismaelcolosi.com.br\/wp-content\/uploads\/2024\/08\/denny_cesare_codigo_19_272915_2024-08-09_21-14-55_jpg_2024-08-09_21-14-55-1068x712-1_2024-08-09_23-42-09.webp.webp?fit=1068%2C712&ssl=1&resize=525%2C300 1.5x, https:\/\/i0.wp.com\/ismaelcolosi.com.br\/wp-content\/uploads\/2024\/08\/denny_cesare_codigo_19_272915_2024-08-09_21-14-55_jpg_2024-08-09_21-14-55-1068x712-1_2024-08-09_23-42-09.webp.webp?fit=1068%2C712&ssl=1&resize=700%2C400 2x, https:\/\/i0.wp.com\/ismaelcolosi.com.br\/wp-content\/uploads\/2024\/08\/denny_cesare_codigo_19_272915_2024-08-09_21-14-55_jpg_2024-08-09_21-14-55-1068x712-1_2024-08-09_23-42-09.webp.webp?fit=1068%2C712&ssl=1&resize=1050%2C600 3x"},"classes":[]},{"id":59848,"url":"https:\/\/ismaelcolosi.com.br\/index.php\/2024\/08\/12\/ela-era-uma-pessoa-de-muita-luz-diz-escola-de-aviacao-sobre-comissaria-de-ribeirao-preto\/","url_meta":{"origin":59666,"position":2},"title":"&#8216;Ela era uma pessoa de muita luz&#8217; diz escola de avia\u00e7\u00e3o sobre comiss\u00e1ria de Ribeir\u00e3o Preto","author":"ismaelcolosi.com.br","date":"12 de August de 2024","format":false,"excerpt":"\u201cEla era uma pessoa de muita luz. Aonde ela chegava, iluminava todos. Uma pessoa incr\u00edvel\u201d. \u00c9 assim que Rubia Silva de Lima, v\u00edtima da queda de um avi\u00e3o da Voepass, ser\u00e1 lembrada pelo propriet\u00e1rio da escola de avia\u00e7\u00e3o em que se formou. A comiss\u00e1ria de bordo morreu ap\u00f3s a aeronave\u2026","rel":"","context":"In &quot;Not\u00edcias de Ribeir\u00e3o Preto-SP e Regi\u00e3o&quot;","block_context":{"text":"Not\u00edcias de Ribeir\u00e3o Preto-SP e Regi\u00e3o","link":"https:\/\/ismaelcolosi.com.br\/index.php\/category\/noticias-de-ribeirao-preto-sp-e-regiao-ismael-colosi\/"},"img":{"alt_text":"","src":"https:\/\/i0.wp.com\/ismaelcolosi.com.br\/wp-content\/uploads\/2024\/08\/Copia-de-Copia-de-TAMANHO-EXATO-PARA-FOTOS-NO-SISTEMA-NOVO-2024-08-12T193923.220_2024-08-12_22-39-31_png_2024-08-12_22-39-31.webp.webp?fit=1200%2C675&ssl=1&resize=350%2C200","width":350,"height":200,"srcset":"https:\/\/i0.wp.com\/ismaelcolosi.com.br\/wp-content\/uploads\/2024\/08\/Copia-de-Copia-de-TAMANHO-EXATO-PARA-FOTOS-NO-SISTEMA-NOVO-2024-08-12T193923.220_2024-08-12_22-39-31_png_2024-08-12_22-39-31.webp.webp?fit=1200%2C675&ssl=1&resize=350%2C200 1x, https:\/\/i0.wp.com\/ismaelcolosi.com.br\/wp-content\/uploads\/2024\/08\/Copia-de-Copia-de-TAMANHO-EXATO-PARA-FOTOS-NO-SISTEMA-NOVO-2024-08-12T193923.220_2024-08-12_22-39-31_png_2024-08-12_22-39-31.webp.webp?fit=1200%2C675&ssl=1&resize=525%2C300 1.5x, https:\/\/i0.wp.com\/ismaelcolosi.com.br\/wp-content\/uploads\/2024\/08\/Copia-de-Copia-de-TAMANHO-EXATO-PARA-FOTOS-NO-SISTEMA-NOVO-2024-08-12T193923.220_2024-08-12_22-39-31_png_2024-08-12_22-39-31.webp.webp?fit=1200%2C675&ssl=1&resize=700%2C400 2x, https:\/\/i0.wp.com\/ismaelcolosi.com.br\/wp-content\/uploads\/2024\/08\/Copia-de-Copia-de-TAMANHO-EXATO-PARA-FOTOS-NO-SISTEMA-NOVO-2024-08-12T193923.220_2024-08-12_22-39-31_png_2024-08-12_22-39-31.webp.webp?fit=1200%2C675&ssl=1&resize=1050%2C600 3x"},"classes":[]},{"id":60557,"url":"https:\/\/ismaelcolosi.com.br\/index.php\/2024\/08\/16\/queda-de-aviao-no-interior-de-sp-completa-uma-semana-veja-o-que-se-sabe-ate-agora\/","url_meta":{"origin":59666,"position":3},"title":"Queda de avi\u00e3o no interior de SP completa uma semana; Veja o que se sabe at\u00e9 agora","author":"ismaelcolosi.com.br","date":"16 de August de 2024","format":false,"excerpt":"O acidente a\u00e9reo com o avi\u00e3o da Voepass em Vinhedo, no interior de S\u00e3o Paulo, completa nesta sexta-feira (16) uma semana. A queda da aeronave deixou 62 pessoas mortas e o caso segue sob investiga\u00e7\u00e3o do Centro de Investiga\u00e7\u00e3o e Preven\u00e7\u00e3o de Acidentes Aeron\u00e1uticos, da For\u00e7a A\u00e9rea Brasileira (FAB), e\u2026","rel":"","context":"In &quot;Not\u00edcias de Ribeir\u00e3o Preto-SP e Regi\u00e3o&quot;","block_context":{"text":"Not\u00edcias de Ribeir\u00e3o Preto-SP e Regi\u00e3o","link":"https:\/\/ismaelcolosi.com.br\/index.php\/category\/noticias-de-ribeirao-preto-sp-e-regiao-ismael-colosi\/"},"img":{"alt_text":"","src":"https:\/\/i0.wp.com\/ismaelcolosi.com.br\/wp-content\/uploads\/2024\/08\/voepass_gru01_2024-08-16_17-12-18_jpg_2024-08-16_17-12-18.webp.webp?fit=1200%2C731&ssl=1&resize=350%2C200","width":350,"height":200,"srcset":"https:\/\/i0.wp.com\/ismaelcolosi.com.br\/wp-content\/uploads\/2024\/08\/voepass_gru01_2024-08-16_17-12-18_jpg_2024-08-16_17-12-18.webp.webp?fit=1200%2C731&ssl=1&resize=350%2C200 1x, https:\/\/i0.wp.com\/ismaelcolosi.com.br\/wp-content\/uploads\/2024\/08\/voepass_gru01_2024-08-16_17-12-18_jpg_2024-08-16_17-12-18.webp.webp?fit=1200%2C731&ssl=1&resize=525%2C300 1.5x, https:\/\/i0.wp.com\/ismaelcolosi.com.br\/wp-content\/uploads\/2024\/08\/voepass_gru01_2024-08-16_17-12-18_jpg_2024-08-16_17-12-18.webp.webp?fit=1200%2C731&ssl=1&resize=700%2C400 2x, https:\/\/i0.wp.com\/ismaelcolosi.com.br\/wp-content\/uploads\/2024\/08\/voepass_gru01_2024-08-16_17-12-18_jpg_2024-08-16_17-12-18.webp.webp?fit=1200%2C731&ssl=1&resize=1050%2C600 3x"},"classes":[]},{"id":60176,"url":"https:\/\/ismaelcolosi.com.br\/index.php\/2024\/08\/14\/destrocos-do-aviao-que-caiu-em-vinhedo-serao-encaminhados-para-ribeirao-preto\/","url_meta":{"origin":59666,"position":4},"title":"Destro\u00e7os do avi\u00e3o que caiu em Vinhedo ser\u00e3o encaminhados para Ribeir\u00e3o Preto","author":"ismaelcolosi.com.br","date":"14 de August de 2024","format":false,"excerpt":"Os objetos pessoais das v\u00edtimas e parte dos destro\u00e7os do avi\u00e3o que caiu em Vinhedo, na \u00faltima sexta-feira (9), ser\u00e3o encaminhados para Ribeir\u00e3o Preto, cidade sede da Voepass, companhia a\u00e9rea respons\u00e1vel pela aeronave ATR-72. De acordo com a empresa, ap\u00f3s o processo de limpeza espec\u00edfico, o material ficar\u00e1 armazenado na\u2026","rel":"","context":"In &quot;Not\u00edcias de Ribeir\u00e3o Preto-SP e Regi\u00e3o&quot;","block_context":{"text":"Not\u00edcias de Ribeir\u00e3o Preto-SP e Regi\u00e3o","link":"https:\/\/ismaelcolosi.com.br\/index.php\/category\/noticias-de-ribeirao-preto-sp-e-regiao-ismael-colosi\/"},"img":{"alt_text":"","src":"https:\/\/i0.wp.com\/ismaelcolosi.com.br\/wp-content\/uploads\/2024\/08\/aviaoqueda_2024-08-10_13-32-48_jpeg_2024-08-10_13-32-48-1068x601-1_2024-08-14_19-27-26.webp.webp?fit=1068%2C601&ssl=1&resize=350%2C200","width":350,"height":200,"srcset":"https:\/\/i0.wp.com\/ismaelcolosi.com.br\/wp-content\/uploads\/2024\/08\/aviaoqueda_2024-08-10_13-32-48_jpeg_2024-08-10_13-32-48-1068x601-1_2024-08-14_19-27-26.webp.webp?fit=1068%2C601&ssl=1&resize=350%2C200 1x, https:\/\/i0.wp.com\/ismaelcolosi.com.br\/wp-content\/uploads\/2024\/08\/aviaoqueda_2024-08-10_13-32-48_jpeg_2024-08-10_13-32-48-1068x601-1_2024-08-14_19-27-26.webp.webp?fit=1068%2C601&ssl=1&resize=525%2C300 1.5x, https:\/\/i0.wp.com\/ismaelcolosi.com.br\/wp-content\/uploads\/2024\/08\/aviaoqueda_2024-08-10_13-32-48_jpeg_2024-08-10_13-32-48-1068x601-1_2024-08-14_19-27-26.webp.webp?fit=1068%2C601&ssl=1&resize=700%2C400 2x, https:\/\/i0.wp.com\/ismaelcolosi.com.br\/wp-content\/uploads\/2024\/08\/aviaoqueda_2024-08-10_13-32-48_jpeg_2024-08-10_13-32-48-1068x601-1_2024-08-14_19-27-26.webp.webp?fit=1068%2C601&ssl=1&resize=1050%2C600 3x"},"classes":[]},{"id":59759,"url":"https:\/\/ismaelcolosi.com.br\/index.php\/2024\/08\/12\/o-que-se-sabe-sobre-a-situacao-do-aviao-que-caiu-no-interior-de-sp\/","url_meta":{"origin":59666,"position":5},"title":"O que se sabe sobre a situa\u00e7\u00e3o do avi\u00e3o que caiu no interior de SP","author":"ismaelcolosi.com.br","date":"12 de August de 2024","format":false,"excerpt":"O avi\u00e3o ATR-72-500, da Voepass, que caiu em Vinhedo, no interior de S\u00e3o Paulo, na \u00faltima sexta-feira (9), havia passado por manuten\u00e7\u00e3o ap\u00f3s \u201cdano estrutural\u201d, cinco meses antes do acidente. Ao todo, 62 pessoas morreram na trag\u00e9dia, entre passageiros e tripulantes da aeronave. Segundo reportagem do Fant\u00e1stico, da TV Globo\/EPTV,\u2026","rel":"","context":"In &quot;Not\u00edcias de Ribeir\u00e3o Preto-SP e Regi\u00e3o&quot;","block_context":{"text":"Not\u00edcias de Ribeir\u00e3o Preto-SP e Regi\u00e3o","link":"https:\/\/ismaelcolosi.com.br\/index.php\/category\/noticias-de-ribeirao-preto-sp-e-regiao-ismael-colosi\/"},"img":{"alt_text":"","src":"https:\/\/i0.wp.com\/ismaelcolosi.com.br\/wp-content\/uploads\/2024\/08\/aviao-atr-72-500_2024-08-12_15-17-56_jpg_2024-08-12_15-17-57.webp.webp?fit=1200%2C668&ssl=1&resize=350%2C200","width":350,"height":200,"srcset":"https:\/\/i0.wp.com\/ismaelcolosi.com.br\/wp-content\/uploads\/2024\/08\/aviao-atr-72-500_2024-08-12_15-17-56_jpg_2024-08-12_15-17-57.webp.webp?fit=1200%2C668&ssl=1&resize=350%2C200 1x, https:\/\/i0.wp.com\/ismaelcolosi.com.br\/wp-content\/uploads\/2024\/08\/aviao-atr-72-500_2024-08-12_15-17-56_jpg_2024-08-12_15-17-57.webp.webp?fit=1200%2C668&ssl=1&resize=525%2C300 1.5x, https:\/\/i0.wp.com\/ismaelcolosi.com.br\/wp-content\/uploads\/2024\/08\/aviao-atr-72-500_2024-08-12_15-17-56_jpg_2024-08-12_15-17-57.webp.webp?fit=1200%2C668&ssl=1&resize=700%2C400 2x, https:\/\/i0.wp.com\/ismaelcolosi.com.br\/wp-content\/uploads\/2024\/08\/aviao-atr-72-500_2024-08-12_15-17-56_jpg_2024-08-12_15-17-57.webp.webp?fit=1200%2C668&ssl=1&resize=1050%2C600 3x"},"classes":[]}],"jetpack_sharing_enabled":true,"jetpack_shortlink":"https:\/\/wp.me\/pfMlyK-fwm","_links":{"self":[{"href":"https:\/\/ismaelcolosi.com.br\/index.php\/wp-json\/wp\/v2\/posts\/59666","targetHints":{"allow":["GET"]}}],"collection":[{"href":"https:\/\/ismaelcolosi.com.br\/index.php\/wp-json\/wp\/v2\/posts"}],"about":[{"href":"https:\/\/ismaelcolosi.com.br\/index.php\/wp-json\/wp\/v2\/types\/post"}],"author":[{"embeddable":true,"href":"https:\/\/ismaelcolosi.com.br\/index.php\/wp-json\/wp\/v2\/users\/1"}],"replies":[{"embeddable":true,"href":"https:\/\/ismaelcolosi.com.br\/index.php\/wp-json\/wp\/v2\/comments?post=59666"}],"version-history":[{"count":0,"href":"https:\/\/ismaelcolosi.com.br\/index.php\/wp-json\/wp\/v2\/posts\/59666\/revisions"}],"wp:featuredmedia":[{"embeddable":true,"href":"https:\/\/ismaelcolosi.com.br\/index.php\/wp-json\/wp\/v2\/media\/59667"}],"wp:attachment":[{"href":"https:\/\/ismaelcolosi.com.br\/index.php\/wp-json\/wp\/v2\/media?parent=59666"}],"wp:term":[{"taxonomy":"category","embeddable":true,"href":"https:\/\/ismaelcolosi.com.br\/index.php\/wp-json\/wp\/v2\/categories?post=59666"},{"taxonomy":"post_tag","embeddable":true,"href":"https:\/\/ismaelcolosi.com.br\/index.php\/wp-json\/wp\/v2\/tags?post=59666"}],"curies":[{"name":"wp","href":"https:\/\/api.w.org\/{rel}","templated":true}]}}