{"id":59663,"date":"2024-08-10T16:21:53","date_gmt":"2024-08-10T19:21:53","guid":{"rendered":"https:\/\/ismaelcolosi.com.br\/index.php\/2024\/08\/10\/mulher-morre-apos-ser-agredida-e-mantida-em-carcere-privado-na-regiao-marido-e-suspeito\/"},"modified":"2024-08-10T16:21:53","modified_gmt":"2024-08-10T19:21:53","slug":"mulher-morre-apos-ser-agredida-e-mantida-em-carcere-privado-na-regiao-marido-e-suspeito","status":"publish","type":"post","link":"https:\/\/ismaelcolosi.com.br\/index.php\/2024\/08\/10\/mulher-morre-apos-ser-agredida-e-mantida-em-carcere-privado-na-regiao-marido-e-suspeito\/","title":{"rendered":"Mulher morre ap\u00f3s ser agredida e mantida em c\u00e1rcere privado na regi\u00e3o; marido \u00e9 suspeito"},"content":{"rendered":"<p> <br \/>\n<\/p>\n<div data-td-block-uid=\"tdi_106\">\n<div class=\"tdb-block-inner td-fix-index\">\n<p>Uma mulher de 47 anos morreu na \u00faltima sexta-feira (9) ap\u00f3s ser agredida e mantida em c\u00e1rcere privado em uma fazenda em <strong>Aramina<\/strong>, na regi\u00e3o de <strong>Ribeir\u00e3o Preto<\/strong>. O marido da v\u00edtima \u00e9 o suspeito.<\/p>\n<p>De acordo com apura\u00e7\u00e3o da <strong>EPTV<\/strong>,<mark style=\"background-color:#fcb900\" class=\"has-inline-color has-black-color\"> Marlete Maria de Oliveira chegou a ser encaminhada para a Santa Casa de Igarapava pelo suspeito do crime.<\/mark><\/p>\n<p>O irm\u00e3o da v\u00edtima afirma que o marido de Marlete havia dito que o casal havia sofrido um acidente de tr\u00e2nsito. Por\u00e9m, a v\u00edtima revelou aos m\u00e9dicos que havia sido violentada durante toda a madrugada de sexta-feira.<\/p>\n<p>Com a chegada de um familiar no hospital, o suspeito fugiu. As pol\u00edcias Civil e Militar iniciaram buscas, mas o acusado n\u00e3o foi encontrado.<\/p>\n<p>O corpo de Marlete foi encaminhado para o <strong>IML (Instituto M\u00e9dico Legal) de Franca<\/strong> e sepultado neste s\u00e1bado em Igarapava. O caso \u00e9 investigado pela<strong> Pol\u00edcia Civil <\/strong>(com informa\u00e7\u00f5es EPTV).<\/p>\n<p>SAIBA MAIS<br \/>C\u00e2mara no interior de SP abre concurso p\u00fablico com sal\u00e1rios de R$ 4 mil<\/p>\n<h4 class=\"wp-block-heading\"><strong>FIQUE ON<\/strong><\/h4>\n<p>Fique ligado em tudo que acontece em Ribeir\u00e3o Preto e regi\u00e3o. Siga os perfis do <strong>acidade on<\/strong> no <a href=\"https:\/\/www.instagram.com\/acidadeonribeirao\/\" target=\"_blank\" rel=\"noreferrer noopener nofollow\">Instagram<\/a> e no <a href=\"https:\/\/www.facebook.com\/acidadeonribeirao\/\" target=\"_blank\" rel=\"noreferrer noopener nofollow\">Facebook<\/a>.<\/p>\n<p>Receba not\u00edcias do<strong> acidade on <\/strong>no WhatsApp. <a href=\"https:\/\/chat.whatsapp.com\/Dtv9mxhy6V5BJBotM2OQ5k\" target=\"_blank\" rel=\"noreferrer noopener nofollow\">Para entrar no grupo, basta clicar aqui.<\/a><\/p>\n<p>Fa\u00e7a uma den\u00fancia ou sugira uma reportagem sobre Ribeir\u00e3o Preto e regi\u00e3o pelo WhatsApp: 16 99117 7802.<\/p>\n<p>VEJA TAMB\u00c9M<br \/>Quem s\u00e3o os participantes do \u201cEstrela da Casa\u201d?<\/p>\n<p><!-- CONTENT END 1 -->\n<\/div>\n<\/div>\n<p><script async src=\"\/\/www.instagram.com\/embed.js\"><\/script><br \/>\n<br \/><br \/>\n<br \/><a href=\"https:\/\/www.acidadeon.com\/ribeiraopreto\/cotidiano\/mulher-morre-apos-ser-agredida-e-mantida-em-carcere-privado-na-regiao-marido-e-suspeito\/\">Source link <\/a><\/p>\n","protected":false},"excerpt":{"rendered":"<p>Uma mulher de 47 anos morreu na \u00faltima sexta-feira (9) ap\u00f3s ser agredida e mantida em c\u00e1rcere privado em uma fazenda em Aramina, na regi\u00e3o&#8230;<\/p>\n","protected":false},"author":1,"featured_media":59664,"comment_status":"open","ping_status":"open","sticky":false,"template":"","format":"standard","meta":{"_uag_custom_page_level_css":"","advanced_seo_description":"","jetpack_seo_html_title":"","jetpack_seo_noindex":false,"jetpack_post_was_ever_published":false,"_jetpack_newsletter_access":"","_jetpack_dont_email_post_to_subs":false,"_jetpack_newsletter_tier_id":0,"_jetpack_memberships_contains_paywalled_content":false,"_jetpack_memberships_contains_paid_content":false,"footnotes":"","jetpack_publicize_message":"","jetpack_publicize_feature_enabled":true,"jetpack_social_post_already_shared":true,"jetpack_social_options":{"image_generator_settings":{"template":"highway","default_image_id":0,"font":"","enabled":false},"version":2}},"categories":[11],"tags":[],"class_list":["post-59663","post","type-post","status-publish","format-standard","has-post-thumbnail","hentry","category-noticias-de-ribeirao-preto-sp-e-regiao-ismael-colosi"],"jetpack_publicize_connections":[],"jetpack_featured_media_url":"https:\/\/i0.wp.com\/ismaelcolosi.com.br\/wp-content\/uploads\/2024\/08\/marlete_2024-08-10_18-56-10_jpeg_2024-08-10_18-56-10.webp.webp?fit=1920%2C1079&ssl=1","uagb_featured_image_src":{"full":["https:\/\/i0.wp.com\/ismaelcolosi.com.br\/wp-content\/uploads\/2024\/08\/marlete_2024-08-10_18-56-10_jpeg_2024-08-10_18-56-10.webp.webp?fit=1920%2C1079&ssl=1",1920,1079,false],"thumbnail":["https:\/\/i0.wp.com\/ismaelcolosi.com.br\/wp-content\/uploads\/2024\/08\/marlete_2024-08-10_18-56-10_jpeg_2024-08-10_18-56-10.webp.webp?resize=150%2C150&ssl=1",150,150,true],"medium":["https:\/\/i0.wp.com\/ismaelcolosi.com.br\/wp-content\/uploads\/2024\/08\/marlete_2024-08-10_18-56-10_jpeg_2024-08-10_18-56-10.webp.webp?fit=300%2C169&ssl=1",300,169,true],"medium_large":["https:\/\/i0.wp.com\/ismaelcolosi.com.br\/wp-content\/uploads\/2024\/08\/marlete_2024-08-10_18-56-10_jpeg_2024-08-10_18-56-10.webp.webp?fit=768%2C432&ssl=1",768,432,true],"large":["https:\/\/i0.wp.com\/ismaelcolosi.com.br\/wp-content\/uploads\/2024\/08\/marlete_2024-08-10_18-56-10_jpeg_2024-08-10_18-56-10.webp.webp?fit=1024%2C575&ssl=1",1024,575,true],"1536x1536":["https:\/\/i0.wp.com\/ismaelcolosi.com.br\/wp-content\/uploads\/2024\/08\/marlete_2024-08-10_18-56-10_jpeg_2024-08-10_18-56-10.webp.webp?fit=1536%2C863&ssl=1",1536,863,true],"2048x2048":["https:\/\/i0.wp.com\/ismaelcolosi.com.br\/wp-content\/uploads\/2024\/08\/marlete_2024-08-10_18-56-10_jpeg_2024-08-10_18-56-10.webp.webp?fit=1920%2C1079&ssl=1",1920,1079,true],"really-simple-thumb":["https:\/\/i0.wp.com\/ismaelcolosi.com.br\/wp-content\/uploads\/2024\/08\/marlete_2024-08-10_18-56-10_jpeg_2024-08-10_18-56-10.webp.webp?resize=370%2C247&ssl=1",370,247,true]},"uagb_author_info":{"display_name":"ismaelcolosi.com.br","author_link":"https:\/\/ismaelcolosi.com.br\/index.php\/author\/vidareal-online\/"},"uagb_comment_info":0,"uagb_excerpt":"Uma mulher de 47 anos morreu na \u00faltima sexta-feira (9) ap\u00f3s ser agredida e mantida em c\u00e1rcere privado em uma fazenda em Aramina, na regi\u00e3o...","jetpack-related-posts":[{"id":68384,"url":"https:\/\/ismaelcolosi.com.br\/index.php\/2024\/09\/29\/mulher-morre-apos-ser-agredida-na-regiao-de-ribeirao-preto-marido-e-suspeito\/","url_meta":{"origin":59663,"position":0},"title":"Mulher morre ap\u00f3s ser agredida na regi\u00e3o de Ribeir\u00e3o Preto; Marido \u00e9 suspeito","author":"ismaelcolosi.com.br","date":"29 de September de 2024","format":false,"excerpt":"Uma mulher morreu neste s\u00e1bado (28) ap\u00f3s ser agredida em Santa Rosa de Viterbo, cidade na regi\u00e3o de Ribeir\u00e3o Preto. O marido da v\u00edtima \u00e9 o suspeito e foi preso. De acordo com apura\u00e7\u00e3o da EPTV, Josiane Aparecida Martins foi encontrada sem vida em um quarto da resid\u00eancia em que\u2026","rel":"","context":"In &quot;Not\u00edcias de Ribeir\u00e3o Preto-SP e Regi\u00e3o&quot;","block_context":{"text":"Not\u00edcias de Ribeir\u00e3o Preto-SP e Regi\u00e3o","link":"https:\/\/ismaelcolosi.com.br\/index.php\/category\/noticias-de-ribeirao-preto-sp-e-regiao-ismael-colosi\/"},"img":{"alt_text":"","src":"https:\/\/i0.wp.com\/ismaelcolosi.com.br\/wp-content\/uploads\/2024\/09\/Copia-de-Copia-de-Copia-de-TAMANHO-EXATO-PARA-FOTOS-NO-SISTEMA-NOVO-80_2024-09-29_19-28-13_png_2024-09-29_19-28-14.webp.webp?fit=1200%2C675&ssl=1&resize=350%2C200","width":350,"height":200,"srcset":"https:\/\/i0.wp.com\/ismaelcolosi.com.br\/wp-content\/uploads\/2024\/09\/Copia-de-Copia-de-Copia-de-TAMANHO-EXATO-PARA-FOTOS-NO-SISTEMA-NOVO-80_2024-09-29_19-28-13_png_2024-09-29_19-28-14.webp.webp?fit=1200%2C675&ssl=1&resize=350%2C200 1x, https:\/\/i0.wp.com\/ismaelcolosi.com.br\/wp-content\/uploads\/2024\/09\/Copia-de-Copia-de-Copia-de-TAMANHO-EXATO-PARA-FOTOS-NO-SISTEMA-NOVO-80_2024-09-29_19-28-13_png_2024-09-29_19-28-14.webp.webp?fit=1200%2C675&ssl=1&resize=525%2C300 1.5x, https:\/\/i0.wp.com\/ismaelcolosi.com.br\/wp-content\/uploads\/2024\/09\/Copia-de-Copia-de-Copia-de-TAMANHO-EXATO-PARA-FOTOS-NO-SISTEMA-NOVO-80_2024-09-29_19-28-13_png_2024-09-29_19-28-14.webp.webp?fit=1200%2C675&ssl=1&resize=700%2C400 2x, https:\/\/i0.wp.com\/ismaelcolosi.com.br\/wp-content\/uploads\/2024\/09\/Copia-de-Copia-de-Copia-de-TAMANHO-EXATO-PARA-FOTOS-NO-SISTEMA-NOVO-80_2024-09-29_19-28-13_png_2024-09-29_19-28-14.webp.webp?fit=1200%2C675&ssl=1&resize=1050%2C600 3x"},"classes":[]},{"id":15899,"url":"https:\/\/ismaelcolosi.com.br\/index.php\/2023\/12\/14\/mulher-mantida-em-carcere-privado-jogou-bilhete-pela-janela-pedindo-socorro-ja-apanhei-tanto\/","url_meta":{"origin":59663,"position":1},"title":"Mulher mantida em c\u00e1rcere privado jogou bilhete pela janela pedindo socorro: &#8216;J\u00e1 apanhei tanto&#8217;","author":"ismaelcolosi.com.br","date":"14 de December de 2023","format":false,"excerpt":"Este caso ganhou uma enorme repercuss\u00e3o nas redes sociais e se tornou destaque nos principais portais de not\u00edcias do Brasil. O caso ocorreu no setor Tr\u00eas Poderes, em Araguatins.Uma mulher de 28 anos, que foi mantida em cativeiro com seu filho de 2 anos pelo parceiro, conseguiu enviar um pedido\u2026","rel":"","context":"In &quot;Blog&quot;","block_context":{"text":"Blog","link":"https:\/\/ismaelcolosi.com.br\/index.php\/category\/blog\/"},"img":{"alt_text":"","src":"https:\/\/i0.wp.com\/ismaelcolosi.com.br\/wp-content\/uploads\/2023\/12\/postimg-657b4152c37fa2698.jpg?fit=1200%2C628&ssl=1&resize=350%2C200","width":350,"height":200,"srcset":"https:\/\/i0.wp.com\/ismaelcolosi.com.br\/wp-content\/uploads\/2023\/12\/postimg-657b4152c37fa2698.jpg?fit=1200%2C628&ssl=1&resize=350%2C200 1x, https:\/\/i0.wp.com\/ismaelcolosi.com.br\/wp-content\/uploads\/2023\/12\/postimg-657b4152c37fa2698.jpg?fit=1200%2C628&ssl=1&resize=525%2C300 1.5x, https:\/\/i0.wp.com\/ismaelcolosi.com.br\/wp-content\/uploads\/2023\/12\/postimg-657b4152c37fa2698.jpg?fit=1200%2C628&ssl=1&resize=700%2C400 2x, https:\/\/i0.wp.com\/ismaelcolosi.com.br\/wp-content\/uploads\/2023\/12\/postimg-657b4152c37fa2698.jpg?fit=1200%2C628&ssl=1&resize=1050%2C600 3x"},"classes":[]},{"id":43770,"url":"https:\/\/ismaelcolosi.com.br\/index.php\/2024\/03\/23\/mulher-fica-ferida-apos-ser-agredida-por-vizinho-em-ribeirao-preto\/","url_meta":{"origin":59663,"position":2},"title":"Mulher fica ferida ap\u00f3s ser agredida por vizinho em Ribeir\u00e3o Preto","author":"ismaelcolosi.com.br","date":"23 de March de 2024","format":false,"excerpt":"Uma mulher de 47 anos ficou ferida ap\u00f3s ter sido agredida por um vizinho no Planalto Verde, na zona Oeste de Ribeir\u00e3o Preto, na noite da \u00faltima sexta-feira (22). O acusado teria utilizado uma faca para atingir a v\u00edtima, que sofreu ferimentos no pesco\u00e7o. De acordo com o B.O. (boletim\u2026","rel":"","context":"In &quot;Not\u00edcias de Ribeir\u00e3o Preto-SP e Regi\u00e3o&quot;","block_context":{"text":"Not\u00edcias de Ribeir\u00e3o Preto-SP e Regi\u00e3o","link":"https:\/\/ismaelcolosi.com.br\/index.php\/category\/noticias-de-ribeirao-preto-sp-e-regiao-ismael-colosi\/"},"img":{"alt_text":"","src":"https:\/\/i0.wp.com\/ismaelcolosi.com.br\/wp-content\/uploads\/2024\/03\/cpj_1024x576_04082020121137.jpg?fit=1024%2C575&ssl=1&resize=350%2C200","width":350,"height":200,"srcset":"https:\/\/i0.wp.com\/ismaelcolosi.com.br\/wp-content\/uploads\/2024\/03\/cpj_1024x576_04082020121137.jpg?fit=1024%2C575&ssl=1&resize=350%2C200 1x, https:\/\/i0.wp.com\/ismaelcolosi.com.br\/wp-content\/uploads\/2024\/03\/cpj_1024x576_04082020121137.jpg?fit=1024%2C575&ssl=1&resize=525%2C300 1.5x, https:\/\/i0.wp.com\/ismaelcolosi.com.br\/wp-content\/uploads\/2024\/03\/cpj_1024x576_04082020121137.jpg?fit=1024%2C575&ssl=1&resize=700%2C400 2x"},"classes":[]},{"id":29997,"url":"https:\/\/ismaelcolosi.com.br\/index.php\/2024\/01\/19\/mulher-cai-em-emboscada-e-atacada-com-cutelo-mas-antes-de-falecer-consegue-apontar-o-autor-do-crime\/","url_meta":{"origin":59663,"position":3},"title":"Mulher cai em emboscada \u00e9 atacada com cutelo, mas antes de falecer consegue apontar o autor do crime","author":"ismaelcolosi.com.br","date":"19 de January de 2024","format":false,"excerpt":"Uma mulher de 43 anos perdeu a vida ap\u00f3s ser v\u00edtima de uma emboscada com facadas no Alto da Boa Vista, localizado na zona norte do Rio de Janeiro, na sexta-feira (19).Mesmo ap\u00f3s ser conduzida para uma unidade hospitalar, na Barra da Tijuca, zona oeste, e submeter-se a uma interven\u00e7\u00e3o\u2026","rel":"","context":"In &quot;Blog&quot;","block_context":{"text":"Blog","link":"https:\/\/ismaelcolosi.com.br\/index.php\/category\/blog\/"},"img":{"alt_text":"","src":"https:\/\/i0.wp.com\/ismaelcolosi.com.br\/wp-content\/uploads\/2024\/01\/postimg-65ab006590b5f9818.jpg?fit=1200%2C628&ssl=1&resize=350%2C200","width":350,"height":200,"srcset":"https:\/\/i0.wp.com\/ismaelcolosi.com.br\/wp-content\/uploads\/2024\/01\/postimg-65ab006590b5f9818.jpg?fit=1200%2C628&ssl=1&resize=350%2C200 1x, https:\/\/i0.wp.com\/ismaelcolosi.com.br\/wp-content\/uploads\/2024\/01\/postimg-65ab006590b5f9818.jpg?fit=1200%2C628&ssl=1&resize=525%2C300 1.5x, https:\/\/i0.wp.com\/ismaelcolosi.com.br\/wp-content\/uploads\/2024\/01\/postimg-65ab006590b5f9818.jpg?fit=1200%2C628&ssl=1&resize=700%2C400 2x, https:\/\/i0.wp.com\/ismaelcolosi.com.br\/wp-content\/uploads\/2024\/01\/postimg-65ab006590b5f9818.jpg?fit=1200%2C628&ssl=1&resize=1050%2C600 3x"},"classes":[]},{"id":53225,"url":"https:\/\/ismaelcolosi.com.br\/index.php\/2024\/06\/14\/idosa-e-socorrida-apos-ter-corpo-queimado-na-regiao-de-ribeirao-principal-suspeito-e-o-ex-marido\/","url_meta":{"origin":59663,"position":4},"title":"Idosa \u00e9 socorrida ap\u00f3s ter corpo queimado na regi\u00e3o de Ribeir\u00e3o; Principal suspeito \u00e9 o ex-marido","author":"ismaelcolosi.com.br","date":"14 de June de 2024","format":false,"excerpt":"Uma mulher de 64 anos foi socorrida ap\u00f3s ter o corpo queimado nesta quinta-feira (14), em Pontal, munic\u00edpio a aproximadamente 38 quil\u00f4metros de Ribeir\u00e3o Preto. O ex-marido da idosa \u00e9 o principal suspeito de ter ateado fogo nela. De acordo com o boletim de ocorr\u00eancia registrado, um vizinho da v\u00edtima\u2026","rel":"","context":"In &quot;Not\u00edcias de Ribeir\u00e3o Preto-SP e Regi\u00e3o&quot;","block_context":{"text":"Not\u00edcias de Ribeir\u00e3o Preto-SP e Regi\u00e3o","link":"https:\/\/ismaelcolosi.com.br\/index.php\/category\/noticias-de-ribeirao-preto-sp-e-regiao-ismael-colosi\/"},"img":{"alt_text":"","src":"https:\/\/i0.wp.com\/ismaelcolosi.com.br\/wp-content\/uploads\/2024\/06\/Copia-de-Copia-de-TAMANHO-EXATO-PARA-FOTOS-NO-SISTEMA-NOVO-79_2024-06-14_18-01-11_png_2024-06-14_18-01-12.webp.webp?fit=1200%2C675&ssl=1&resize=350%2C200","width":350,"height":200,"srcset":"https:\/\/i0.wp.com\/ismaelcolosi.com.br\/wp-content\/uploads\/2024\/06\/Copia-de-Copia-de-TAMANHO-EXATO-PARA-FOTOS-NO-SISTEMA-NOVO-79_2024-06-14_18-01-11_png_2024-06-14_18-01-12.webp.webp?fit=1200%2C675&ssl=1&resize=350%2C200 1x, https:\/\/i0.wp.com\/ismaelcolosi.com.br\/wp-content\/uploads\/2024\/06\/Copia-de-Copia-de-TAMANHO-EXATO-PARA-FOTOS-NO-SISTEMA-NOVO-79_2024-06-14_18-01-11_png_2024-06-14_18-01-12.webp.webp?fit=1200%2C675&ssl=1&resize=525%2C300 1.5x, https:\/\/i0.wp.com\/ismaelcolosi.com.br\/wp-content\/uploads\/2024\/06\/Copia-de-Copia-de-TAMANHO-EXATO-PARA-FOTOS-NO-SISTEMA-NOVO-79_2024-06-14_18-01-11_png_2024-06-14_18-01-12.webp.webp?fit=1200%2C675&ssl=1&resize=700%2C400 2x, https:\/\/i0.wp.com\/ismaelcolosi.com.br\/wp-content\/uploads\/2024\/06\/Copia-de-Copia-de-TAMANHO-EXATO-PARA-FOTOS-NO-SISTEMA-NOVO-79_2024-06-14_18-01-11_png_2024-06-14_18-01-12.webp.webp?fit=1200%2C675&ssl=1&resize=1050%2C600 3x"},"classes":[]},{"id":4164,"url":"https:\/\/ismaelcolosi.com.br\/index.php\/2023\/11\/20\/utm_sourcerssutm_mediumrssutm_campaignfamilia-encontra-mulher-que-estava-desaparecida-a-mulher-estava-sendo-mantida-em-carcere-em-um-motel\/","url_meta":{"origin":59663,"position":5},"title":"Fam\u00edlia encontra mulher que estava desaparecida; a mulher estava sendo mantida em c\u00e1rcere em um motel \u2013 X Tudo Ribeir\u00e3o","author":"ismaelcolosi.com.br","date":"20 de November de 2023","format":false,"excerpt":"Foi encontrada nesta segunda-feira (20\/11), a mulher de 57 anos, que estava desaparecida desde a \u00faltima quinta-feira, ap\u00f3s sair de moto com o ex-ficante no bairro Ipiranga, na zona Norte e Ribeir\u00e3o Preto.\u00a0 Segundo informa\u00e7\u00f5es da fam\u00edlia ao Portal X Tudo Ribeir\u00e3o, as filhas receberam uma liga\u00e7\u00e3o da m\u00e3e identificada\u2026","rel":"","context":"In &quot;Not\u00edcias de Ribeir\u00e3o Preto-SP e Regi\u00e3o&quot;","block_context":{"text":"Not\u00edcias de Ribeir\u00e3o Preto-SP e Regi\u00e3o","link":"https:\/\/ismaelcolosi.com.br\/index.php\/category\/noticias-de-ribeirao-preto-sp-e-regiao-ismael-colosi\/"},"img":{"alt_text":"","src":"https:\/\/i0.wp.com\/ismaelcolosi.com.br\/wp-content\/uploads\/2023\/11\/1700535143_WhatsApp-Image-2023-11-19-at-22.26.36.jpeg?fit=757%2C755&ssl=1&resize=350%2C200","width":350,"height":200,"srcset":"https:\/\/i0.wp.com\/ismaelcolosi.com.br\/wp-content\/uploads\/2023\/11\/1700535143_WhatsApp-Image-2023-11-19-at-22.26.36.jpeg?fit=757%2C755&ssl=1&resize=350%2C200 1x, https:\/\/i0.wp.com\/ismaelcolosi.com.br\/wp-content\/uploads\/2023\/11\/1700535143_WhatsApp-Image-2023-11-19-at-22.26.36.jpeg?fit=757%2C755&ssl=1&resize=525%2C300 1.5x, https:\/\/i0.wp.com\/ismaelcolosi.com.br\/wp-content\/uploads\/2023\/11\/1700535143_WhatsApp-Image-2023-11-19-at-22.26.36.jpeg?fit=757%2C755&ssl=1&resize=700%2C400 2x"},"classes":[]}],"jetpack_sharing_enabled":true,"jetpack_shortlink":"https:\/\/wp.me\/pfMlyK-fwj","_links":{"self":[{"href":"https:\/\/ismaelcolosi.com.br\/index.php\/wp-json\/wp\/v2\/posts\/59663","targetHints":{"allow":["GET"]}}],"collection":[{"href":"https:\/\/ismaelcolosi.com.br\/index.php\/wp-json\/wp\/v2\/posts"}],"about":[{"href":"https:\/\/ismaelcolosi.com.br\/index.php\/wp-json\/wp\/v2\/types\/post"}],"author":[{"embeddable":true,"href":"https:\/\/ismaelcolosi.com.br\/index.php\/wp-json\/wp\/v2\/users\/1"}],"replies":[{"embeddable":true,"href":"https:\/\/ismaelcolosi.com.br\/index.php\/wp-json\/wp\/v2\/comments?post=59663"}],"version-history":[{"count":0,"href":"https:\/\/ismaelcolosi.com.br\/index.php\/wp-json\/wp\/v2\/posts\/59663\/revisions"}],"wp:featuredmedia":[{"embeddable":true,"href":"https:\/\/ismaelcolosi.com.br\/index.php\/wp-json\/wp\/v2\/media\/59664"}],"wp:attachment":[{"href":"https:\/\/ismaelcolosi.com.br\/index.php\/wp-json\/wp\/v2\/media?parent=59663"}],"wp:term":[{"taxonomy":"category","embeddable":true,"href":"https:\/\/ismaelcolosi.com.br\/index.php\/wp-json\/wp\/v2\/categories?post=59663"},{"taxonomy":"post_tag","embeddable":true,"href":"https:\/\/ismaelcolosi.com.br\/index.php\/wp-json\/wp\/v2\/tags?post=59663"}],"curies":[{"name":"wp","href":"https:\/\/api.w.org\/{rel}","templated":true}]}}