{"id":59657,"date":"2024-08-10T15:15:21","date_gmt":"2024-08-10T18:15:21","guid":{"rendered":"https:\/\/ismaelcolosi.com.br\/index.php\/2024\/08\/10\/quanto-ganham-os-ceos-dos-maiores-bancos-do-brasil-listados-na-b3\/"},"modified":"2024-08-10T15:15:21","modified_gmt":"2024-08-10T18:15:21","slug":"quanto-ganham-os-ceos-dos-maiores-bancos-do-brasil-listados-na-b3","status":"publish","type":"post","link":"https:\/\/ismaelcolosi.com.br\/index.php\/2024\/08\/10\/quanto-ganham-os-ceos-dos-maiores-bancos-do-brasil-listados-na-b3\/","title":{"rendered":"Quanto ganham os CEOs dos maiores bancos do Brasil listados na B3"},"content":{"rendered":"<p> <br \/>\n<\/p>\n<div id=\"\">\n<div class=\"content-infos\">\n<div class=\"texts\">\n<p class=\"author tooltip-comp\"> Da reda\u00e7\u00e3o<span class=\"icon-i\">i<\/span><span class=\"tooltiptext\"> <span class=\"author\"><span>Da reda\u00e7\u00e3o<\/span> <\/span><span class=\"desc\"\/> <\/span><\/p>\n<p>10\/08\/2024 &#8211; 15:00<\/p>\n<\/div>\n<div id=\"share-modal\" class=\"share-modal\"> <button class=\"box-close btn-share\"> <img decoding=\"async\" src=\"https:\/\/istoedinheiro.com.br\/wp-content\/themes\/dinheiro-wp-theme\/assets\/img\/svg\/closeIcon.svg?x46096\" alt=\"Close icon\" class=\"close-btn lazy\"\/> <\/button><\/div>\n<\/p><\/div>\n<p>Os CEOs de grandes empresas s\u00e3o geralmente refer\u00eancia quando o assunto \u00e9 uma boa remunera\u00e7\u00e3o, at\u00e9 porque, al\u00e9m de sal\u00e1rio, eles recebem outros proventos como b\u00f4nus, participa\u00e7\u00e3o nos lucros ou outros benef\u00edcios.<\/p>\n<p><strong>+ Quem s\u00e3o os CEOs que recebem os maiores sal\u00e1rios no Brasil; veja ranking<\/strong><\/p>\n<p>No caso das lideran\u00e7as de grandes bancos n\u00e3o seria diferente. Um deles est\u00e1 no topo do ranking das maiores remunera\u00e7\u00f5es entre CEOs de empresas de capital aberto no Brasil.<\/p>\n<p>A pedido de <strong>Isto\u00c9 Dinheiro<\/strong>, o especialista em Governan\u00e7a Corpostaiva Renato Chaves compartilhou um levantamento com os sal\u00e1rios recebidos pelos CEOs dos maiores bancos listados na B3, a bolsa brasileira, em 2023. Eles variam de R$ 1 milh\u00e3o a perto de R$ 70 milh\u00f5es, conforme presta\u00e7\u00e3o de contas das institui\u00e7\u00f5es para a Comiss\u00e3o de Valores Mobili\u00e1rios (CVM).<\/p>\n<p><img data-recalc-dims=\"1\" loading=\"lazy\" decoding=\"async\" class=\"aligncenter wp-image-3211529 size-full lazy\" src=\"https:\/\/i0.wp.com\/istoedinheiro.com.br\/wp-content\/uploads\/sites\/17\/2024\/08\/captura-de-tela-2024-08-09-202352.png?resize=609%2C205&#038;ssl=1\" alt=\"\" width=\"609\" height=\"205\"\/><\/p>\n<h3>Resultados<\/h3>\n<p>Os quatro maiores bancos brasileiros listados na B3 \u2014 Banco do Brasil, Bradesco, Ita\u00fa Unibanco e Santander \u2014 alcan\u00e7aram, no segundo trimestre de 2024, o maior lucro trimestral consolidado j\u00e1 registrado em valores nominais. Com um lucro total de R$ 26,8 bilh\u00f5es, o desempenho superou o recorde anterior de R$ 26,1 bilh\u00f5es, registrado no segundo trimestre de 2022.<\/p>\n<p>\u201cEsse resultado reflete a resili\u00eancia e a capacidade de adapta\u00e7\u00e3o dessas institui\u00e7\u00f5es, especialmente quando comparado ao lucro de R$ 12,1 bilh\u00f5es no segundo trimestre de 2020, durante o \u00e1pice da pandemia da Covid-19. A diferen\u00e7a entre os per\u00edodos destaca a recupera\u00e7\u00e3o robusta do setor banc\u00e1rio, que, em um per\u00edodo de apenas quatro anos, mais do que dobrou seus resultados trimestrais\u201d, avalia Einar Rivero, s\u00f3cio da Consultoria Elos Ayta.<\/p>\n<p>Conforme dados compilados por Rivero, a m\u00e9dia do lucro l\u00edquido entre 2010 e 2024 foi de aproximadamente R$ 15,78 bilh\u00f5es.<\/p>\n<p><img data-recalc-dims=\"1\" loading=\"lazy\" decoding=\"async\" class=\"aligncenter wp-image-3211385 size-full lazy\" src=\"https:\/\/i0.wp.com\/istoedinheiro.com.br\/wp-content\/uploads\/sites\/17\/2024\/08\/whatsapp-image-2024-08-09-at-101548.jpeg?resize=1200%2C750&#038;ssl=1\" alt=\"\" width=\"1200\" height=\"750\"\/><\/p>\n<div id=\"share-modal\" class=\"share-modal\"> <button class=\"box-close btn-share\"> <img decoding=\"async\" src=\"https:\/\/istoedinheiro.com.br\/wp-content\/themes\/dinheiro-wp-theme\/assets\/img\/svg\/closeIcon.svg?x46096\" alt=\"Close icon\" class=\"close-btn lazy\"\/> <\/button><\/div>\n<\/p><\/div>\n<p><script>!function(f,b,e,v,n,t,s){if(f.fbq)return;n=f.fbq=function(){n.callMethod?n.callMethod.apply(n,arguments):n.queue.push(arguments)};if(!f._fbq)f._fbq=n;n.push=n;n.loaded=!0;n.version='2.0';n.queue=[];t=b.createElement(e);t.async=!0;t.src=v;s=b.getElementsByTagName(e)[0];s.parentNode.insertBefore(t,s)}(window,document,'script','<\/script><br \/>\n<br \/><br \/>\n<br \/><a href=\"https:\/\/istoedinheiro.com.br\/quanto-ganham-os-ceos-dos-maiores-bancos-do-brasil-listados-na-b3\/\">Source link <\/a><\/p>\n<div class='code-block code-block-4' style='margin: 8px auto 8px 0; text-align: left; display: block; clear: both;'>\n\ud83d\udce2 Aviso Legal\n\nO site ismaelcolosi.com.br atua apenas como um canal de divulga\u00e7\u00e3o de oportunidades de emprego e n\u00e3o se responsabiliza pelo processo seletivo, contrata\u00e7\u00e3o ou qualquer outra etapa relacionada \u00e0s vagas publicadas. Todas as informa\u00e7\u00f5es s\u00e3o de responsabilidade dos anunciantes.\n\n\u26a0\ufe0f Aten\u00e7\u00e3o! Nunca pague por promessas de emprego nem compre cursos que garantam contrata\u00e7\u00e3o. Desconfie de qualquer cobran\u00e7a para participar de sele\u00e7\u00f5es.\n\n\n\n<\/div>\n<!-- CONTENT END 1 -->\n","protected":false},"excerpt":{"rendered":"<p>Da reda\u00e7\u00e3oi Da reda\u00e7\u00e3o 10\/08\/2024 &#8211; 15:00 Os CEOs de grandes empresas s\u00e3o geralmente refer\u00eancia quando o assunto \u00e9 uma boa remunera\u00e7\u00e3o, at\u00e9 porque, al\u00e9m&#8230;<\/p>\n","protected":false},"author":1,"featured_media":59658,"comment_status":"open","ping_status":"open","sticky":false,"template":"","format":"standard","meta":{"_uag_custom_page_level_css":"","advanced_seo_description":"","jetpack_seo_html_title":"","jetpack_seo_noindex":false,"jetpack_post_was_ever_published":false,"_jetpack_newsletter_access":"","_jetpack_dont_email_post_to_subs":false,"_jetpack_newsletter_tier_id":0,"_jetpack_memberships_contains_paywalled_content":false,"_jetpack_memberships_contains_paid_content":false,"footnotes":"","jetpack_publicize_message":"","jetpack_publicize_feature_enabled":true,"jetpack_social_post_already_shared":true,"jetpack_social_options":{"image_generator_settings":{"template":"highway","default_image_id":0,"font":"","enabled":false},"version":2}},"categories":[3598],"tags":[],"class_list":["post-59657","post","type-post","status-publish","format-standard","has-post-thumbnail","hentry","category-empregos-classificados-vagas-trabalho"],"jetpack_publicize_connections":[],"jetpack_featured_media_url":"https:\/\/i0.wp.com\/ismaelcolosi.com.br\/wp-content\/uploads\/2024\/08\/46-1.jpg?fit=1024%2C576&ssl=1","uagb_featured_image_src":{"full":["https:\/\/i0.wp.com\/ismaelcolosi.com.br\/wp-content\/uploads\/2024\/08\/46-1.jpg?fit=1024%2C576&ssl=1",1024,576,false],"thumbnail":["https:\/\/i0.wp.com\/ismaelcolosi.com.br\/wp-content\/uploads\/2024\/08\/46-1.jpg?resize=150%2C150&ssl=1",150,150,true],"medium":["https:\/\/i0.wp.com\/ismaelcolosi.com.br\/wp-content\/uploads\/2024\/08\/46-1.jpg?fit=300%2C169&ssl=1",300,169,true],"medium_large":["https:\/\/i0.wp.com\/ismaelcolosi.com.br\/wp-content\/uploads\/2024\/08\/46-1.jpg?fit=768%2C432&ssl=1",768,432,true],"large":["https:\/\/i0.wp.com\/ismaelcolosi.com.br\/wp-content\/uploads\/2024\/08\/46-1.jpg?fit=1024%2C576&ssl=1",1024,576,true],"1536x1536":["https:\/\/i0.wp.com\/ismaelcolosi.com.br\/wp-content\/uploads\/2024\/08\/46-1.jpg?fit=1024%2C576&ssl=1",1024,576,true],"2048x2048":["https:\/\/i0.wp.com\/ismaelcolosi.com.br\/wp-content\/uploads\/2024\/08\/46-1.jpg?fit=1024%2C576&ssl=1",1024,576,true],"really-simple-thumb":["https:\/\/i0.wp.com\/ismaelcolosi.com.br\/wp-content\/uploads\/2024\/08\/46-1.jpg?resize=370%2C247&ssl=1",370,247,true]},"uagb_author_info":{"display_name":"ismaelcolosi.com.br","author_link":"https:\/\/ismaelcolosi.com.br\/index.php\/author\/vidareal-online\/"},"uagb_comment_info":0,"uagb_excerpt":"Da reda\u00e7\u00e3oi Da reda\u00e7\u00e3o 10\/08\/2024 &#8211; 15:00 Os CEOs de grandes empresas s\u00e3o geralmente refer\u00eancia quando o assunto \u00e9 uma boa remunera\u00e7\u00e3o, at\u00e9 porque, al\u00e9m...","jetpack-related-posts":[{"id":66535,"url":"https:\/\/ismaelcolosi.com.br\/index.php\/2024\/09\/18\/quanto-ganham-os-ceos-no-brasil\/","url_meta":{"origin":59657,"position":0},"title":"Quanto ganham os CEOs no Brasil?","author":"ismaelcolosi.com.br","date":"18 de September de 2024","format":false,"excerpt":"\u00a0 Acessibilidade L L A- A+ \u25d0 \u00a0 A remunera\u00e7\u00e3o m\u00e9dia anual de um CEO no Brasil \u00e9 de aproximadamente R$ 15,36 milh\u00f5es em 2024 (ou R$ 1,28 milh\u00e3o mensais), segundo pesquisa realizada pela consultoria Vila Nova Partners. O valor representa cerca de 2,8 vezes o sal\u00e1rio m\u00e9dio dos demais\u2026","rel":"","context":"In &quot;Carreira e Sucesso&quot;","block_context":{"text":"Carreira e Sucesso","link":"https:\/\/ismaelcolosi.com.br\/index.php\/category\/carreira-e-sucesso-dicas-para-carreira\/"},"img":{"alt_text":"","src":"https:\/\/i0.wp.com\/ismaelcolosi.com.br\/wp-content\/uploads\/2024\/09\/ceos-lideranca-carreira-1024x683.jpg?fit=1024%2C683&ssl=1&resize=350%2C200","width":350,"height":200,"srcset":"https:\/\/i0.wp.com\/ismaelcolosi.com.br\/wp-content\/uploads\/2024\/09\/ceos-lideranca-carreira-1024x683.jpg?fit=1024%2C683&ssl=1&resize=350%2C200 1x, https:\/\/i0.wp.com\/ismaelcolosi.com.br\/wp-content\/uploads\/2024\/09\/ceos-lideranca-carreira-1024x683.jpg?fit=1024%2C683&ssl=1&resize=525%2C300 1.5x, https:\/\/i0.wp.com\/ismaelcolosi.com.br\/wp-content\/uploads\/2024\/09\/ceos-lideranca-carreira-1024x683.jpg?fit=1024%2C683&ssl=1&resize=700%2C400 2x"},"classes":[]},{"id":67056,"url":"https:\/\/ismaelcolosi.com.br\/index.php\/2024\/09\/20\/50-lideres-das-maiores-empresas-do-mundo\/","url_meta":{"origin":59657,"position":1},"title":"50 l\u00edderes das maiores empresas do mundo","author":"ismaelcolosi.com.br","date":"20 de September de 2024","format":false,"excerpt":"Arte: Pedro BandeiraT\u00e2nia Cosentino, da Microsoft, Paula Lindenberg, da Diageo, Cristina Betts, do Iguatemi, e Tarciana Medeiros, do Banco do Brasil, s\u00e3o algumas das maiores CEOs do Brasil Acessibilidade L L A- A+ \u25d0 H\u00e1 apenas alguns anos, reunir 50 CEOs mulheres em uma lista poderia ser um desafio. Apesar\u2026","rel":"","context":"In &quot;Carreira e Sucesso&quot;","block_context":{"text":"Carreira e Sucesso","link":"https:\/\/ismaelcolosi.com.br\/index.php\/category\/carreira-e-sucesso-dicas-para-carreira\/"},"img":{"alt_text":"","src":"https:\/\/i0.wp.com\/ismaelcolosi.com.br\/wp-content\/uploads\/2024\/09\/CEOs_2-1024x683.png?fit=1024%2C683&ssl=1&resize=350%2C200","width":350,"height":200,"srcset":"https:\/\/i0.wp.com\/ismaelcolosi.com.br\/wp-content\/uploads\/2024\/09\/CEOs_2-1024x683.png?fit=1024%2C683&ssl=1&resize=350%2C200 1x, https:\/\/i0.wp.com\/ismaelcolosi.com.br\/wp-content\/uploads\/2024\/09\/CEOs_2-1024x683.png?fit=1024%2C683&ssl=1&resize=525%2C300 1.5x, https:\/\/i0.wp.com\/ismaelcolosi.com.br\/wp-content\/uploads\/2024\/09\/CEOs_2-1024x683.png?fit=1024%2C683&ssl=1&resize=700%2C400 2x"},"classes":[]},{"id":67062,"url":"https:\/\/ismaelcolosi.com.br\/index.php\/2024\/09\/20\/50-lideres-das-maiores-empresas-do-mundo-2\/","url_meta":{"origin":59657,"position":2},"title":"50 l\u00edderes das maiores empresas do mundo","author":"ismaelcolosi.com.br","date":"20 de September de 2024","format":false,"excerpt":"Arte: Pedro BandeiraT\u00e2nia Cosentino, da Microsoft, Paula Lindenberg, da Diageo, Cristina Betts, do Iguatemi, e Tarciana Medeiros, do Banco do Brasil, s\u00e3o algumas das maiores CEOs do Brasil Acessibilidade L L A- A+ \u25d0 H\u00e1 apenas alguns anos, reunir 50 CEOs mulheres em uma lista poderia ser um desafio. Apesar\u2026","rel":"","context":"In &quot;Carreira e Sucesso&quot;","block_context":{"text":"Carreira e Sucesso","link":"https:\/\/ismaelcolosi.com.br\/index.php\/category\/carreira-e-sucesso-dicas-para-carreira\/"},"img":{"alt_text":"","src":"https:\/\/i0.wp.com\/ismaelcolosi.com.br\/wp-content\/uploads\/2024\/09\/1726857972_CEOs_2-1024x683.png?fit=1024%2C683&ssl=1&resize=350%2C200","width":350,"height":200,"srcset":"https:\/\/i0.wp.com\/ismaelcolosi.com.br\/wp-content\/uploads\/2024\/09\/1726857972_CEOs_2-1024x683.png?fit=1024%2C683&ssl=1&resize=350%2C200 1x, https:\/\/i0.wp.com\/ismaelcolosi.com.br\/wp-content\/uploads\/2024\/09\/1726857972_CEOs_2-1024x683.png?fit=1024%2C683&ssl=1&resize=525%2C300 1.5x, https:\/\/i0.wp.com\/ismaelcolosi.com.br\/wp-content\/uploads\/2024\/09\/1726857972_CEOs_2-1024x683.png?fit=1024%2C683&ssl=1&resize=700%2C400 2x"},"classes":[]},{"id":87926,"url":"https:\/\/ismaelcolosi.com.br\/index.php\/2025\/10\/14\/forbes-reune-liderancas-e-premia-melhores-ceos-do-brasil\/","url_meta":{"origin":59657,"position":3},"title":"Forbes Re\u00fane Lideran\u00e7as e Premia Melhores CEOs do Brasil","author":"ismaelcolosi.com.br","date":"14 de October de 2025","format":false,"excerpt":"\r Jo\u00e3o Sal\r Antonio e Katarina Camarotti (ao centro) com os homenageados da lista Forbes Melhores CEOs 2025 durante evento em S\u00e3o Paulo\r A Forbes reuniu lideran\u00e7as de diferentes segmentos para celebrar os homenageados da lista anual dos Melhores CEOs do Brasil nesta ter\u00e7a-feira (14). O almo\u00e7o no Pal\u00e1cio Tangar\u00e1\u2026","rel":"","context":"In &quot;Carreira e Sucesso&quot;","block_context":{"text":"Carreira e Sucesso","link":"https:\/\/ismaelcolosi.com.br\/index.php\/category\/carreira-e-sucesso-dicas-para-carreira\/"},"img":{"alt_text":"","src":"https:\/\/i0.wp.com\/ismaelcolosi.com.br\/wp-content\/uploads\/2025\/10\/forbes-melhores-ceos-2025-1200x675.jpg?fit=1200%2C675&ssl=1&resize=350%2C200","width":350,"height":200,"srcset":"https:\/\/i0.wp.com\/ismaelcolosi.com.br\/wp-content\/uploads\/2025\/10\/forbes-melhores-ceos-2025-1200x675.jpg?fit=1200%2C675&ssl=1&resize=350%2C200 1x, https:\/\/i0.wp.com\/ismaelcolosi.com.br\/wp-content\/uploads\/2025\/10\/forbes-melhores-ceos-2025-1200x675.jpg?fit=1200%2C675&ssl=1&resize=525%2C300 1.5x, https:\/\/i0.wp.com\/ismaelcolosi.com.br\/wp-content\/uploads\/2025\/10\/forbes-melhores-ceos-2025-1200x675.jpg?fit=1200%2C675&ssl=1&resize=700%2C400 2x, https:\/\/i0.wp.com\/ismaelcolosi.com.br\/wp-content\/uploads\/2025\/10\/forbes-melhores-ceos-2025-1200x675.jpg?fit=1200%2C675&ssl=1&resize=1050%2C600 3x"},"classes":[]},{"id":75217,"url":"https:\/\/ismaelcolosi.com.br\/index.php\/2024\/11\/05\/salario-de-ceo-no-brasil-pode-passar-de-r-200-mil\/","url_meta":{"origin":59657,"position":4},"title":"Sal\u00e1rio de CEO no Brasil Pode Passar de R$ 200 Mil","author":"ismaelcolosi.com.br","date":"5 de November de 2024","format":false,"excerpt":"\u00a0 Acessibilidade \r L\r L\r A-\r A+\r \r \u25d0\r \r \u00a0 No Brasil, o sal\u00e1rio de um CEO \u00e9, em m\u00e9dia, R$ 98.000. A remunera\u00e7\u00e3o pode variar de R$ 69.500 at\u00e9 R$ 215.000, a depender do setor e tamanho da companhia, segundo nova pesquisa do FESA Group, ecossistema de RH,\u2026","rel":"","context":"In &quot;Carreira e Sucesso&quot;","block_context":{"text":"Carreira e Sucesso","link":"https:\/\/ismaelcolosi.com.br\/index.php\/category\/carreira-e-sucesso-dicas-para-carreira\/"},"img":{"alt_text":"","src":"https:\/\/i0.wp.com\/ismaelcolosi.com.br\/wp-content\/uploads\/2024\/11\/ceos-carreira-lideranca-1200x675.jpg?fit=1200%2C675&ssl=1&resize=350%2C200","width":350,"height":200,"srcset":"https:\/\/i0.wp.com\/ismaelcolosi.com.br\/wp-content\/uploads\/2024\/11\/ceos-carreira-lideranca-1200x675.jpg?fit=1200%2C675&ssl=1&resize=350%2C200 1x, https:\/\/i0.wp.com\/ismaelcolosi.com.br\/wp-content\/uploads\/2024\/11\/ceos-carreira-lideranca-1200x675.jpg?fit=1200%2C675&ssl=1&resize=525%2C300 1.5x, https:\/\/i0.wp.com\/ismaelcolosi.com.br\/wp-content\/uploads\/2024\/11\/ceos-carreira-lideranca-1200x675.jpg?fit=1200%2C675&ssl=1&resize=700%2C400 2x, https:\/\/i0.wp.com\/ismaelcolosi.com.br\/wp-content\/uploads\/2024\/11\/ceos-carreira-lideranca-1200x675.jpg?fit=1200%2C675&ssl=1&resize=1050%2C600 3x"},"classes":[]},{"id":48045,"url":"https:\/\/ismaelcolosi.com.br\/index.php\/2024\/04\/30\/presidente-do-bb-ganha-944-menos-que-outros-ceos\/","url_meta":{"origin":59657,"position":5},"title":"Presidente do BB ganha 94,4% menos que outros CEOs","author":"ismaelcolosi.com.br","date":"30 de April de 2024","format":false,"excerpt":"Nilton Fukuda\/Ag\u00eancia PerspectivaTarciana Medeiros \u00e9 a primeira\u00a0mulher a presidir o Banco do Brasil A Assembleia Geral de Acionistas do Banco do Brasil rejeitou o aumento de 56,7% para a presidente do banco, Tarciana Medeiros, e demais membros da diretoria. De acordo com o documento da reuni\u00e3o, que aconteceu na \u00faltima\u2026","rel":"","context":"In &quot;Carreira e Sucesso&quot;","block_context":{"text":"Carreira e Sucesso","link":"https:\/\/ismaelcolosi.com.br\/index.php\/category\/carreira-e-sucesso-dicas-para-carreira\/"},"img":{"alt_text":"","src":"https:\/\/i0.wp.com\/ismaelcolosi.com.br\/wp-content\/uploads\/2024\/04\/Tarciana-Medeiros-1024x683.png?fit=1024%2C683&ssl=1&resize=350%2C200","width":350,"height":200,"srcset":"https:\/\/i0.wp.com\/ismaelcolosi.com.br\/wp-content\/uploads\/2024\/04\/Tarciana-Medeiros-1024x683.png?fit=1024%2C683&ssl=1&resize=350%2C200 1x, https:\/\/i0.wp.com\/ismaelcolosi.com.br\/wp-content\/uploads\/2024\/04\/Tarciana-Medeiros-1024x683.png?fit=1024%2C683&ssl=1&resize=525%2C300 1.5x, https:\/\/i0.wp.com\/ismaelcolosi.com.br\/wp-content\/uploads\/2024\/04\/Tarciana-Medeiros-1024x683.png?fit=1024%2C683&ssl=1&resize=700%2C400 2x"},"classes":[]}],"jetpack_sharing_enabled":true,"jetpack_shortlink":"https:\/\/wp.me\/pfMlyK-fwd","_links":{"self":[{"href":"https:\/\/ismaelcolosi.com.br\/index.php\/wp-json\/wp\/v2\/posts\/59657","targetHints":{"allow":["GET"]}}],"collection":[{"href":"https:\/\/ismaelcolosi.com.br\/index.php\/wp-json\/wp\/v2\/posts"}],"about":[{"href":"https:\/\/ismaelcolosi.com.br\/index.php\/wp-json\/wp\/v2\/types\/post"}],"author":[{"embeddable":true,"href":"https:\/\/ismaelcolosi.com.br\/index.php\/wp-json\/wp\/v2\/users\/1"}],"replies":[{"embeddable":true,"href":"https:\/\/ismaelcolosi.com.br\/index.php\/wp-json\/wp\/v2\/comments?post=59657"}],"version-history":[{"count":0,"href":"https:\/\/ismaelcolosi.com.br\/index.php\/wp-json\/wp\/v2\/posts\/59657\/revisions"}],"wp:featuredmedia":[{"embeddable":true,"href":"https:\/\/ismaelcolosi.com.br\/index.php\/wp-json\/wp\/v2\/media\/59658"}],"wp:attachment":[{"href":"https:\/\/ismaelcolosi.com.br\/index.php\/wp-json\/wp\/v2\/media?parent=59657"}],"wp:term":[{"taxonomy":"category","embeddable":true,"href":"https:\/\/ismaelcolosi.com.br\/index.php\/wp-json\/wp\/v2\/categories?post=59657"},{"taxonomy":"post_tag","embeddable":true,"href":"https:\/\/ismaelcolosi.com.br\/index.php\/wp-json\/wp\/v2\/tags?post=59657"}],"curies":[{"name":"wp","href":"https:\/\/api.w.org\/{rel}","templated":true}]}}