{"id":59649,"date":"2024-08-10T14:10:09","date_gmt":"2024-08-10T17:10:09","guid":{"rendered":"https:\/\/ismaelcolosi.com.br\/index.php\/2024\/08\/10\/botafogo-perde-para-o-america-mg-fora-de-casa\/"},"modified":"2024-08-10T14:10:09","modified_gmt":"2024-08-10T17:10:09","slug":"botafogo-perde-para-o-america-mg-fora-de-casa","status":"publish","type":"post","link":"https:\/\/ismaelcolosi.com.br\/index.php\/2024\/08\/10\/botafogo-perde-para-o-america-mg-fora-de-casa\/","title":{"rendered":"Botafogo perde para o Am\u00e9rica-MG fora de casa"},"content":{"rendered":"<p> <br \/>\n<\/p>\n<div data-td-block-uid=\"tdi_106\">\n<div class=\"tdb-block-inner td-fix-index\">\n<p>O <strong>Botafogo<\/strong> perdeu para o <strong>Am\u00e9rica-MG<\/strong>, na<strong> Arena Independ\u00eancia<\/strong>, em <strong>Belo Horizonte<\/strong>, pela <strong>20\u00aa rodada<\/strong> do <strong>Campeonato Brasileiro<\/strong>, a primeira do returno. O confronto foi realizado na noite desta sexta-feira (9).<\/p>\n<p>Os gols do <strong>Am\u00e9rica-MG<\/strong> foram marcados por <strong>Marlon<\/strong>, <strong>Fabinho<\/strong> e <strong>Daniel J\u00fanior<\/strong>. J\u00e1 <strong>Alexandre de Jesus anotou o gol do Pantera<\/strong> \u2013 o jogador teve outros dois gols anulados por impedimento.<\/p>\n<p>Com o resultado, o<strong> Tricolor<\/strong> segue na<strong> 16\u00aa coloca\u00e7\u00e3o<\/strong>, com <strong>22 pontos<\/strong>. <\/p>\n<h4 class=\"wp-block-heading\"><strong>Pr\u00f3ximos jogos<\/strong><\/h4>\n<p>O Botafogo volta a campo pela competi\u00e7\u00e3o nacional no pr\u00f3ximo dia <strong>18 de agosto<\/strong>, quando enfrenta o <strong>Paysandu no Est\u00e1dio Santa Cruz\/ Arena Nicnet<\/strong>, \u00e0s 18h30.<\/p>\n<p>Antes, a equipe define o seu futuro na<strong> Copa Paulista<\/strong>. Na <strong>segunda-feira (12)<\/strong>, disputa o cl\u00e1ssico <strong>Come-Fogo<\/strong>, \u00e0s <strong>20h<\/strong>, no <strong>est\u00e1dio Palma Travassos<\/strong>. <\/p>\n<p>No dia<strong> 17 de agosto<\/strong>, o confronto ser\u00e1 diante da <strong>Francana<\/strong>, \u00e0s <strong>15h<\/strong>, no <strong>est\u00e1dio Santa Cruz\/Arena Nicnet<\/strong>, <mark style=\"background-color:#fcb900\" class=\"has-inline-color has-black-color\">pela \u00faltima rodada da primeira fase do torneio estadual.<\/mark><\/p>\n<p>SAIBA MAIS<br \/>Sesc Ribeir\u00e3o Preto toma posse da sede da Recra nesta semana<\/p>\n<h4 class=\"wp-block-heading\"><strong>FIQUE ON<\/strong><\/h4>\n<p>Fique ligado em tudo que acontece em Ribeir\u00e3o Preto e regi\u00e3o. Siga os perfis do <strong>acidade on <\/strong>no <a href=\"https:\/\/www.instagram.com\/acidadeonribeirao\" target=\"_blank\" rel=\"noreferrer noopener\">Instagram<\/a> e no <a href=\"https:\/\/www.facebook.com\/acidadeonribeirao\" target=\"_blank\" rel=\"noreferrer noopener\">Facebook<\/a>.<\/p>\n<p>Receba not\u00edcias do acidade on no WhatsApp. Para entrar no grupo, basta <a href=\"https:\/\/chat.whatsapp.com\/Dtv9mxhy6V5BJBotM2OQ5k\" target=\"_blank\" rel=\"noreferrer noopener\">clicar aqui<\/a>.<\/p>\n<p>Fa\u00e7a uma den\u00fancia ou sugira uma reportagem sobre Ribeir\u00e3o Preto e regi\u00e3o pelo WhatsApp: 16 99117 7802.<\/p>\n<p>VEJA TAMB\u00c9M<br \/>Por que Muse Maya foi desclassificada do \u2018Estrela da Casa\u2019?<\/p>\n<p><!-- CONTENT END 1 -->\n<\/div>\n<\/div>\n<p><script async src=\"\/\/www.instagram.com\/embed.js\"><\/script><br \/>\n<br \/><br \/>\n<br \/><a href=\"https:\/\/www.acidadeon.com\/ribeiraopreto\/esportes\/botafogo-perde-para-o-america-mg-fora-de-casa\/\">Source link <\/a><\/p>\n","protected":false},"excerpt":{"rendered":"<p>O Botafogo perdeu para o Am\u00e9rica-MG, na Arena Independ\u00eancia, em Belo Horizonte, pela 20\u00aa rodada do Campeonato Brasileiro, a primeira do returno. O confronto foi&#8230;<\/p>\n","protected":false},"author":1,"featured_media":59650,"comment_status":"open","ping_status":"open","sticky":false,"template":"","format":"standard","meta":{"_uag_custom_page_level_css":"","advanced_seo_description":"","jetpack_seo_html_title":"","jetpack_seo_noindex":false,"jetpack_post_was_ever_published":false,"_jetpack_newsletter_access":"","_jetpack_dont_email_post_to_subs":false,"_jetpack_newsletter_tier_id":0,"_jetpack_memberships_contains_paywalled_content":false,"_jetpack_memberships_contains_paid_content":false,"footnotes":"","jetpack_publicize_message":"","jetpack_publicize_feature_enabled":true,"jetpack_social_post_already_shared":true,"jetpack_social_options":{"image_generator_settings":{"template":"highway","default_image_id":0,"font":"","enabled":false},"version":2}},"categories":[11],"tags":[],"class_list":["post-59649","post","type-post","status-publish","format-standard","has-post-thumbnail","hentry","category-noticias-de-ribeirao-preto-sp-e-regiao-ismael-colosi"],"jetpack_publicize_connections":[],"jetpack_featured_media_url":"https:\/\/i0.wp.com\/ismaelcolosi.com.br\/wp-content\/uploads\/2024\/08\/53913249191_f046a4469d_k_2024-08-10_17-00-56_jpg_2024-08-10_17-00-56.webp.webp?fit=2048%2C1638&ssl=1","uagb_featured_image_src":{"full":["https:\/\/i0.wp.com\/ismaelcolosi.com.br\/wp-content\/uploads\/2024\/08\/53913249191_f046a4469d_k_2024-08-10_17-00-56_jpg_2024-08-10_17-00-56.webp.webp?fit=2048%2C1638&ssl=1",2048,1638,false],"thumbnail":["https:\/\/i0.wp.com\/ismaelcolosi.com.br\/wp-content\/uploads\/2024\/08\/53913249191_f046a4469d_k_2024-08-10_17-00-56_jpg_2024-08-10_17-00-56.webp.webp?resize=150%2C150&ssl=1",150,150,true],"medium":["https:\/\/i0.wp.com\/ismaelcolosi.com.br\/wp-content\/uploads\/2024\/08\/53913249191_f046a4469d_k_2024-08-10_17-00-56_jpg_2024-08-10_17-00-56.webp.webp?fit=300%2C240&ssl=1",300,240,true],"medium_large":["https:\/\/i0.wp.com\/ismaelcolosi.com.br\/wp-content\/uploads\/2024\/08\/53913249191_f046a4469d_k_2024-08-10_17-00-56_jpg_2024-08-10_17-00-56.webp.webp?fit=768%2C614&ssl=1",768,614,true],"large":["https:\/\/i0.wp.com\/ismaelcolosi.com.br\/wp-content\/uploads\/2024\/08\/53913249191_f046a4469d_k_2024-08-10_17-00-56_jpg_2024-08-10_17-00-56.webp.webp?fit=1024%2C819&ssl=1",1024,819,true],"1536x1536":["https:\/\/i0.wp.com\/ismaelcolosi.com.br\/wp-content\/uploads\/2024\/08\/53913249191_f046a4469d_k_2024-08-10_17-00-56_jpg_2024-08-10_17-00-56.webp.webp?fit=1536%2C1229&ssl=1",1536,1229,true],"2048x2048":["https:\/\/i0.wp.com\/ismaelcolosi.com.br\/wp-content\/uploads\/2024\/08\/53913249191_f046a4469d_k_2024-08-10_17-00-56_jpg_2024-08-10_17-00-56.webp.webp?fit=2048%2C1638&ssl=1",2048,1638,true],"really-simple-thumb":["https:\/\/i0.wp.com\/ismaelcolosi.com.br\/wp-content\/uploads\/2024\/08\/53913249191_f046a4469d_k_2024-08-10_17-00-56_jpg_2024-08-10_17-00-56.webp.webp?resize=370%2C247&ssl=1",370,247,true]},"uagb_author_info":{"display_name":"ismaelcolosi.com.br","author_link":"https:\/\/ismaelcolosi.com.br\/index.php\/author\/vidareal-online\/"},"uagb_comment_info":0,"uagb_excerpt":"O Botafogo perdeu para o Am\u00e9rica-MG, na Arena Independ\u00eancia, em Belo Horizonte, pela 20\u00aa rodada do Campeonato Brasileiro, a primeira do returno. O confronto foi...","jetpack-related-posts":[{"id":26691,"url":"https:\/\/ismaelcolosi.com.br\/index.php\/2024\/01\/10\/botafogo-vence-por-7-a-1-e-garante-a-classificacao-na-copa-sp\/","url_meta":{"origin":59649,"position":0},"title":"Botafogo vence por 7 a 1 e garante a classifica\u00e7\u00e3o na Copa SP","author":"ismaelcolosi.com.br","date":"10 de January de 2024","format":false,"excerpt":"O Botafogo venceu o Fast Clube por 7 a 1, nesta quarta-feira (10), no Est\u00e1dio Amadeu Mosca, em Salto, pela terceira rodada do Grupo 17 da Copa S\u00e3o Paulo de Futebol J\u00fanior. A equipe de Ribeir\u00e3o Preto garantiu a classifica\u00e7\u00e3o para a segunda fase da competi\u00e7\u00e3o. O Pantera chegou a\u2026","rel":"","context":"In &quot;Not\u00edcias de Ribeir\u00e3o Preto-SP e Regi\u00e3o&quot;","block_context":{"text":"Not\u00edcias de Ribeir\u00e3o Preto-SP e Regi\u00e3o","link":"https:\/\/ismaelcolosi.com.br\/index.php\/category\/noticias-de-ribeirao-preto-sp-e-regiao-ismael-colosi\/"},"img":{"alt_text":"","src":"https:\/\/i0.wp.com\/ismaelcolosi.com.br\/wp-content\/uploads\/2024\/01\/WhatsApp-Image-2024-01-10-at-13.53.29.jpeg?fit=1200%2C800&ssl=1&resize=350%2C200","width":350,"height":200,"srcset":"https:\/\/i0.wp.com\/ismaelcolosi.com.br\/wp-content\/uploads\/2024\/01\/WhatsApp-Image-2024-01-10-at-13.53.29.jpeg?fit=1200%2C800&ssl=1&resize=350%2C200 1x, https:\/\/i0.wp.com\/ismaelcolosi.com.br\/wp-content\/uploads\/2024\/01\/WhatsApp-Image-2024-01-10-at-13.53.29.jpeg?fit=1200%2C800&ssl=1&resize=525%2C300 1.5x, https:\/\/i0.wp.com\/ismaelcolosi.com.br\/wp-content\/uploads\/2024\/01\/WhatsApp-Image-2024-01-10-at-13.53.29.jpeg?fit=1200%2C800&ssl=1&resize=700%2C400 2x, https:\/\/i0.wp.com\/ismaelcolosi.com.br\/wp-content\/uploads\/2024\/01\/WhatsApp-Image-2024-01-10-at-13.53.29.jpeg?fit=1200%2C800&ssl=1&resize=1050%2C600 3x"},"classes":[]},{"id":60837,"url":"https:\/\/ismaelcolosi.com.br\/index.php\/2024\/08\/18\/em-ribeirao-preto-botafogo-empata-com-o-paysandu-pelo-brasileiro-da-serie-b\/","url_meta":{"origin":59649,"position":1},"title":"Em Ribeir\u00e3o Preto, Botafogo empata com o Paysandu pelo Brasileiro da S\u00e9rie B","author":"ismaelcolosi.com.br","date":"18 de August de 2024","format":false,"excerpt":"O Botafogo empatou em 1 a 1 com o Paysandu na noite deste domingo (18), pela 21\u00aa do Campeonato Brasileiro da S\u00e9rie B. O confronto foi realizado no est\u00e1dio Santa Cruz\/Arena Nicnet, em Ribeir\u00e3o Preto. Os gols O Paysandu abriu o placar aos 13 minutos de partida com Borasi. J\u00e1\u2026","rel":"","context":"In &quot;Not\u00edcias de Ribeir\u00e3o Preto-SP e Regi\u00e3o&quot;","block_context":{"text":"Not\u00edcias de Ribeir\u00e3o Preto-SP e Regi\u00e3o","link":"https:\/\/ismaelcolosi.com.br\/index.php\/category\/noticias-de-ribeirao-preto-sp-e-regiao-ismael-colosi\/"},"img":{"alt_text":"","src":"https:\/\/i0.wp.com\/ismaelcolosi.com.br\/wp-content\/uploads\/2024\/08\/botafogo-paysandu_2024-08-18_23-18-15_jpg_2024-08-18_23-18-16.webp.webp?fit=799%2C533&ssl=1&resize=350%2C200","width":350,"height":200,"srcset":"https:\/\/i0.wp.com\/ismaelcolosi.com.br\/wp-content\/uploads\/2024\/08\/botafogo-paysandu_2024-08-18_23-18-15_jpg_2024-08-18_23-18-16.webp.webp?fit=799%2C533&ssl=1&resize=350%2C200 1x, https:\/\/i0.wp.com\/ismaelcolosi.com.br\/wp-content\/uploads\/2024\/08\/botafogo-paysandu_2024-08-18_23-18-15_jpg_2024-08-18_23-18-16.webp.webp?fit=799%2C533&ssl=1&resize=525%2C300 1.5x, https:\/\/i0.wp.com\/ismaelcolosi.com.br\/wp-content\/uploads\/2024\/08\/botafogo-paysandu_2024-08-18_23-18-15_jpg_2024-08-18_23-18-16.webp.webp?fit=799%2C533&ssl=1&resize=700%2C400 2x"},"classes":[]},{"id":60705,"url":"https:\/\/ismaelcolosi.com.br\/index.php\/2024\/08\/17\/botafogo-perde-em-ribeirao-preto-e-esta-eliminado-da-copa-paulista\/","url_meta":{"origin":59649,"position":2},"title":"Botafogo perde em Ribeir\u00e3o Preto e est\u00e1 eliminado da Copa Paulista","author":"ismaelcolosi.com.br","date":"17 de August de 2024","format":false,"excerpt":"O Botafogo perdeu por 3 a 1 para a Francana, na tarde deste s\u00e1bado (17), pela \u00faltima rodada da primeira fase da Copa Paulista. O confronto foi realizado no est\u00e1dio Santa Cruz\/Arena Nicnet, em Ribeir\u00e3o Preto. Com o resultado, o Pantera est\u00e1 eliminado da disputa. Os gols Os gols da\u2026","rel":"","context":"In &quot;Not\u00edcias de Ribeir\u00e3o Preto-SP e Regi\u00e3o&quot;","block_context":{"text":"Not\u00edcias de Ribeir\u00e3o Preto-SP e Regi\u00e3o","link":"https:\/\/ismaelcolosi.com.br\/index.php\/category\/noticias-de-ribeirao-preto-sp-e-regiao-ismael-colosi\/"},"img":{"alt_text":"","src":"https:\/\/i0.wp.com\/ismaelcolosi.com.br\/wp-content\/uploads\/2024\/08\/botafogo-francana_2024-08-17_19-47-16_jpg_2024-08-17_19-47-16.webp.webp?fit=1200%2C799&ssl=1&resize=350%2C200","width":350,"height":200,"srcset":"https:\/\/i0.wp.com\/ismaelcolosi.com.br\/wp-content\/uploads\/2024\/08\/botafogo-francana_2024-08-17_19-47-16_jpg_2024-08-17_19-47-16.webp.webp?fit=1200%2C799&ssl=1&resize=350%2C200 1x, https:\/\/i0.wp.com\/ismaelcolosi.com.br\/wp-content\/uploads\/2024\/08\/botafogo-francana_2024-08-17_19-47-16_jpg_2024-08-17_19-47-16.webp.webp?fit=1200%2C799&ssl=1&resize=525%2C300 1.5x, https:\/\/i0.wp.com\/ismaelcolosi.com.br\/wp-content\/uploads\/2024\/08\/botafogo-francana_2024-08-17_19-47-16_jpg_2024-08-17_19-47-16.webp.webp?fit=1200%2C799&ssl=1&resize=700%2C400 2x, https:\/\/i0.wp.com\/ismaelcolosi.com.br\/wp-content\/uploads\/2024\/08\/botafogo-francana_2024-08-17_19-47-16_jpg_2024-08-17_19-47-16.webp.webp?fit=1200%2C799&ssl=1&resize=1050%2C600 3x"},"classes":[]},{"id":36350,"url":"https:\/\/ismaelcolosi.com.br\/index.php\/2024\/02\/09\/botafogo-lanca-terceiro-uniforme-em-homenagem-a-socrates\/","url_meta":{"origin":59649,"position":3},"title":"Botafogo lan\u00e7a terceiro uniforme em homenagem a S\u00f3crates\u00a0\u00a0","author":"ismaelcolosi.com.br","date":"9 de February de 2024","format":false,"excerpt":"Em homenagem a S\u00f3crates, que completa 70 anos no pr\u00f3ximo dia 19, o Botafogo lan\u00e7ar\u00e1 o seu terceiro uniforme para a temporada 2024. Com listras brancas e vermelhas e detalhes em preto, a pe\u00e7a remete \u00e0 d\u00e9cada de 70, quando o Doutor iniciou sua carreira no Tricolor.\u00a0Na vers\u00e3o de goleiro,\u2026","rel":"","context":"In &quot;Not\u00edcias de Ribeir\u00e3o Preto-SP e Regi\u00e3o&quot;","block_context":{"text":"Not\u00edcias de Ribeir\u00e3o Preto-SP e Regi\u00e3o","link":"https:\/\/ismaelcolosi.com.br\/index.php\/category\/noticias-de-ribeirao-preto-sp-e-regiao-ismael-colosi\/"},"img":{"alt_text":"","src":"https:\/\/i0.wp.com\/ismaelcolosi.com.br\/wp-content\/uploads\/2024\/02\/Botafogo-2.png?fit=600%2C539&ssl=1&resize=350%2C200","width":350,"height":200,"srcset":"https:\/\/i0.wp.com\/ismaelcolosi.com.br\/wp-content\/uploads\/2024\/02\/Botafogo-2.png?fit=600%2C539&ssl=1&resize=350%2C200 1x, https:\/\/i0.wp.com\/ismaelcolosi.com.br\/wp-content\/uploads\/2024\/02\/Botafogo-2.png?fit=600%2C539&ssl=1&resize=525%2C300 1.5x"},"classes":[]},{"id":61469,"url":"https:\/\/ismaelcolosi.com.br\/index.php\/2024\/08\/21\/de-virada-botafogo-vence-mirassol-fora-de-casa-pela-serie-b\/","url_meta":{"origin":59649,"position":4},"title":"De virada: Botafogo vence Mirassol fora de casa pela S\u00e9rie B","author":"ismaelcolosi.com.br","date":"21 de August de 2024","format":false,"excerpt":"O Botafogo venceu o Mirassol, de virada, por 2 a 1, na noite desta quarta-feira (21), pela 22\u00aa rodada do Campeonato Brasileiro da S\u00e9rie B. A partida foi realizada no est\u00e1dio Jos\u00e9 Maria de Campos Maia, em Mirassol. Os gols O Mirassol abriu o placar com Fernandinho, aos 15 minutos\u2026","rel":"","context":"In &quot;Not\u00edcias de Ribeir\u00e3o Preto-SP e Regi\u00e3o&quot;","block_context":{"text":"Not\u00edcias de Ribeir\u00e3o Preto-SP e Regi\u00e3o","link":"https:\/\/ismaelcolosi.com.br\/index.php\/category\/noticias-de-ribeirao-preto-sp-e-regiao-ismael-colosi\/"},"img":{"alt_text":"","src":"https:\/\/i0.wp.com\/ismaelcolosi.com.br\/wp-content\/uploads\/2024\/08\/botafogo-mirassol_2024-08-21_23-49-08_jpeg_2024-08-21_23-49-09.webp.webp?fit=1200%2C800&ssl=1&resize=350%2C200","width":350,"height":200,"srcset":"https:\/\/i0.wp.com\/ismaelcolosi.com.br\/wp-content\/uploads\/2024\/08\/botafogo-mirassol_2024-08-21_23-49-08_jpeg_2024-08-21_23-49-09.webp.webp?fit=1200%2C800&ssl=1&resize=350%2C200 1x, https:\/\/i0.wp.com\/ismaelcolosi.com.br\/wp-content\/uploads\/2024\/08\/botafogo-mirassol_2024-08-21_23-49-08_jpeg_2024-08-21_23-49-09.webp.webp?fit=1200%2C800&ssl=1&resize=525%2C300 1.5x, https:\/\/i0.wp.com\/ismaelcolosi.com.br\/wp-content\/uploads\/2024\/08\/botafogo-mirassol_2024-08-21_23-49-08_jpeg_2024-08-21_23-49-09.webp.webp?fit=1200%2C800&ssl=1&resize=700%2C400 2x, https:\/\/i0.wp.com\/ismaelcolosi.com.br\/wp-content\/uploads\/2024\/08\/botafogo-mirassol_2024-08-21_23-49-08_jpeg_2024-08-21_23-49-09.webp.webp?fit=1200%2C800&ssl=1&resize=1050%2C600 3x"},"classes":[]},{"id":59089,"url":"https:\/\/ismaelcolosi.com.br\/index.php\/2024\/08\/06\/botafogo-vence-barretos-antes-do-classico-come-fogo-em-ribeirao-preto\/","url_meta":{"origin":59649,"position":5},"title":"Botafogo vence Barretos antes do cl\u00e1ssico Come-Fogo em Ribeir\u00e3o Preto","author":"ismaelcolosi.com.br","date":"6 de August de 2024","format":false,"excerpt":"Com um gol marcado pelo lateral esquerdo Jean Victor, o Botafogo venceu o Barretos por 1 a 0, nesta segunda-feira (5), pela oitava rodada da Copa Paulista. A partida aconteceu no est\u00e1dio Santa Cruz\/Arena Nicnet, em Ribeir\u00e3o Preto. O gol marcado pelo camisa seis ocorreu em cobran\u00e7a de p\u00eanalti, aos\u2026","rel":"","context":"In &quot;Not\u00edcias de Ribeir\u00e3o Preto-SP e Regi\u00e3o&quot;","block_context":{"text":"Not\u00edcias de Ribeir\u00e3o Preto-SP e Regi\u00e3o","link":"https:\/\/ismaelcolosi.com.br\/index.php\/category\/noticias-de-ribeirao-preto-sp-e-regiao-ismael-colosi\/"},"img":{"alt_text":"","src":"https:\/\/i0.wp.com\/ismaelcolosi.com.br\/wp-content\/uploads\/2024\/08\/botafogo-barretos_2024-08-06_10-44-53_jpg_2024-08-06_10-44-53.webp.webp?fit=1200%2C799&ssl=1&resize=350%2C200","width":350,"height":200,"srcset":"https:\/\/i0.wp.com\/ismaelcolosi.com.br\/wp-content\/uploads\/2024\/08\/botafogo-barretos_2024-08-06_10-44-53_jpg_2024-08-06_10-44-53.webp.webp?fit=1200%2C799&ssl=1&resize=350%2C200 1x, https:\/\/i0.wp.com\/ismaelcolosi.com.br\/wp-content\/uploads\/2024\/08\/botafogo-barretos_2024-08-06_10-44-53_jpg_2024-08-06_10-44-53.webp.webp?fit=1200%2C799&ssl=1&resize=525%2C300 1.5x, https:\/\/i0.wp.com\/ismaelcolosi.com.br\/wp-content\/uploads\/2024\/08\/botafogo-barretos_2024-08-06_10-44-53_jpg_2024-08-06_10-44-53.webp.webp?fit=1200%2C799&ssl=1&resize=700%2C400 2x, https:\/\/i0.wp.com\/ismaelcolosi.com.br\/wp-content\/uploads\/2024\/08\/botafogo-barretos_2024-08-06_10-44-53_jpg_2024-08-06_10-44-53.webp.webp?fit=1200%2C799&ssl=1&resize=1050%2C600 3x"},"classes":[]}],"jetpack_sharing_enabled":true,"jetpack_shortlink":"https:\/\/wp.me\/pfMlyK-fw5","_links":{"self":[{"href":"https:\/\/ismaelcolosi.com.br\/index.php\/wp-json\/wp\/v2\/posts\/59649","targetHints":{"allow":["GET"]}}],"collection":[{"href":"https:\/\/ismaelcolosi.com.br\/index.php\/wp-json\/wp\/v2\/posts"}],"about":[{"href":"https:\/\/ismaelcolosi.com.br\/index.php\/wp-json\/wp\/v2\/types\/post"}],"author":[{"embeddable":true,"href":"https:\/\/ismaelcolosi.com.br\/index.php\/wp-json\/wp\/v2\/users\/1"}],"replies":[{"embeddable":true,"href":"https:\/\/ismaelcolosi.com.br\/index.php\/wp-json\/wp\/v2\/comments?post=59649"}],"version-history":[{"count":0,"href":"https:\/\/ismaelcolosi.com.br\/index.php\/wp-json\/wp\/v2\/posts\/59649\/revisions"}],"wp:featuredmedia":[{"embeddable":true,"href":"https:\/\/ismaelcolosi.com.br\/index.php\/wp-json\/wp\/v2\/media\/59650"}],"wp:attachment":[{"href":"https:\/\/ismaelcolosi.com.br\/index.php\/wp-json\/wp\/v2\/media?parent=59649"}],"wp:term":[{"taxonomy":"category","embeddable":true,"href":"https:\/\/ismaelcolosi.com.br\/index.php\/wp-json\/wp\/v2\/categories?post=59649"},{"taxonomy":"post_tag","embeddable":true,"href":"https:\/\/ismaelcolosi.com.br\/index.php\/wp-json\/wp\/v2\/tags?post=59649"}],"curies":[{"name":"wp","href":"https:\/\/api.w.org\/{rel}","templated":true}]}}