{"id":59643,"date":"2024-08-10T13:40:11","date_gmt":"2024-08-10T16:40:11","guid":{"rendered":"https:\/\/ismaelcolosi.com.br\/index.php\/2024\/08\/10\/sesc-ribeirao-preto-toma-posse-da-sede-da-recra-nesta-semana\/"},"modified":"2024-08-10T13:40:11","modified_gmt":"2024-08-10T16:40:11","slug":"sesc-ribeirao-preto-toma-posse-da-sede-da-recra-nesta-semana","status":"publish","type":"post","link":"https:\/\/ismaelcolosi.com.br\/index.php\/2024\/08\/10\/sesc-ribeirao-preto-toma-posse-da-sede-da-recra-nesta-semana\/","title":{"rendered":"Sesc Ribeir\u00e3o Preto toma posse da sede da Recra nesta semana"},"content":{"rendered":"<p> <br \/>\n<\/p>\n<div data-td-block-uid=\"tdi_106\">\n<div class=\"tdb-block-inner td-fix-index\">\n<p>O<strong> Sesc<\/strong> toma posse da sede da <strong>Sociedade Recreativa e de Esportes de Ribeir\u00e3o Preto<\/strong>, na avenida Nove de Julho, na pr\u00f3xima <strong>ter\u00e7a-feira (13)<\/strong>, \u00e0s <strong>10h<\/strong>. <mark style=\"background-color:#fcb900\" class=\"has-inline-color has-black-color\">A atual unidade <strong>Sesc<\/strong> permanecer\u00e1 em funcionamento.<\/mark><\/p>\n<p>Ap\u00f3s a aprova\u00e7\u00e3o do acordo pela Justi\u00e7a, a compra do im\u00f3vel foi finalizada. O<strong> Sesc Ribeir\u00e3o<\/strong> realizou o pagamento de <strong>R$ 44 milh\u00f5es <\/strong>nesta <strong>sexta-feira (9)<\/strong>.<\/p>\n<p>Em nota \u00e0 imprensa, assinada por <strong>Luiz Deoclecio Massaro Galina<\/strong>, diretor regional do <strong>Sesc S\u00e3o Paulo<\/strong>, foi informado que ainda est\u00e1 sendo realizado um estudo sobre aproveitamento estrutural do espa\u00e7o.<\/p>\n<p>O intuito \u00e9 atender mais usu\u00e1rios e manter a preserva\u00e7\u00e3o do patrim\u00f4nio cultural da cidade. A unidade do <strong>Sesc<\/strong> em <strong>Ribeir\u00e3o Preto<\/strong> est\u00e1 localizado na <strong>rua Tibiri\u00e7\u00e1<\/strong>,<strong> no Centro<\/strong>, desde<strong> 1962<\/strong>.<\/p>\n<p>SAIBA MAIS<br \/>Cohab de Ribeir\u00e3o Preto coloca \u00e0 venda 14 lotes; Veja como participar<\/p>\n<h4 class=\"wp-block-heading\"><strong>FIQUE ON<\/strong><\/h4>\n<p>Fique ligado em tudo que acontece em Ribeir\u00e3o Preto e regi\u00e3o. Siga os perfis do <strong>acidade on <\/strong>no <a href=\"https:\/\/www.instagram.com\/acidadeonribeirao\" target=\"_blank\" rel=\"noreferrer noopener\">Instagram<\/a> e no <a href=\"https:\/\/www.facebook.com\/acidadeonribeirao\" target=\"_blank\" rel=\"noreferrer noopener\">Facebook<\/a>.<\/p>\n<p>Receba not\u00edcias do<strong> acidade on<\/strong> no WhatsApp. Para entrar no grupo, basta <a href=\"https:\/\/chat.whatsapp.com\/Dtv9mxhy6V5BJBotM2OQ5k\" target=\"_blank\" rel=\"noreferrer noopener\">clicar aqui<\/a>.<\/p>\n<p>Fa\u00e7a uma den\u00fancia ou sugira uma reportagem sobre Ribeir\u00e3o Preto e regi\u00e3o pelo WhatsApp: 16 99117 7802.<\/p>\n<p>VEJA TAMB\u00c9M<br \/>Por que Muse Maya foi desclassificada do \u2018Estrela da Casa\u2019?<\/p>\n<p><!-- CONTENT END 1 -->\n<\/div>\n<\/div>\n<p><script async src=\"\/\/www.instagram.com\/embed.js\"><\/script><br \/>\n<br \/><br \/>\n<br \/><a href=\"https:\/\/www.acidadeon.com\/ribeiraopreto\/cotidiano\/sesc-ribeirao-preto-toma-posse-da-sede-da-recra-nesta-semana\/\">Source link <\/a><\/p>\n","protected":false},"excerpt":{"rendered":"<p>O Sesc toma posse da sede da Sociedade Recreativa e de Esportes de Ribeir\u00e3o Preto, na avenida Nove de Julho, na pr\u00f3xima ter\u00e7a-feira (13), \u00e0s&#8230;<\/p>\n","protected":false},"author":1,"featured_media":59644,"comment_status":"open","ping_status":"open","sticky":false,"template":"","format":"standard","meta":{"_uag_custom_page_level_css":"","advanced_seo_description":"","jetpack_seo_html_title":"","jetpack_seo_noindex":false,"jetpack_post_was_ever_published":false,"_jetpack_newsletter_access":"","_jetpack_dont_email_post_to_subs":false,"_jetpack_newsletter_tier_id":0,"_jetpack_memberships_contains_paywalled_content":false,"_jetpack_memberships_contains_paid_content":false,"footnotes":"","jetpack_publicize_message":"","jetpack_publicize_feature_enabled":true,"jetpack_social_post_already_shared":true,"jetpack_social_options":{"image_generator_settings":{"template":"highway","default_image_id":0,"font":"","enabled":false},"version":2}},"categories":[11],"tags":[],"class_list":["post-59643","post","type-post","status-publish","format-standard","has-post-thumbnail","hentry","category-noticias-de-ribeirao-preto-sp-e-regiao-ismael-colosi"],"jetpack_publicize_connections":[],"jetpack_featured_media_url":"https:\/\/i0.wp.com\/ismaelcolosi.com.br\/wp-content\/uploads\/2024\/08\/recreativa.jpg?fit=767%2C480&ssl=1","uagb_featured_image_src":{"full":["https:\/\/i0.wp.com\/ismaelcolosi.com.br\/wp-content\/uploads\/2024\/08\/recreativa.jpg?fit=767%2C480&ssl=1",767,480,false],"thumbnail":["https:\/\/i0.wp.com\/ismaelcolosi.com.br\/wp-content\/uploads\/2024\/08\/recreativa.jpg?resize=150%2C150&ssl=1",150,150,true],"medium":["https:\/\/i0.wp.com\/ismaelcolosi.com.br\/wp-content\/uploads\/2024\/08\/recreativa.jpg?fit=300%2C188&ssl=1",300,188,true],"medium_large":["https:\/\/i0.wp.com\/ismaelcolosi.com.br\/wp-content\/uploads\/2024\/08\/recreativa.jpg?fit=767%2C480&ssl=1",767,480,true],"large":["https:\/\/i0.wp.com\/ismaelcolosi.com.br\/wp-content\/uploads\/2024\/08\/recreativa.jpg?fit=767%2C480&ssl=1",767,480,true],"1536x1536":["https:\/\/i0.wp.com\/ismaelcolosi.com.br\/wp-content\/uploads\/2024\/08\/recreativa.jpg?fit=767%2C480&ssl=1",767,480,true],"2048x2048":["https:\/\/i0.wp.com\/ismaelcolosi.com.br\/wp-content\/uploads\/2024\/08\/recreativa.jpg?fit=767%2C480&ssl=1",767,480,true],"really-simple-thumb":["https:\/\/i0.wp.com\/ismaelcolosi.com.br\/wp-content\/uploads\/2024\/08\/recreativa.jpg?resize=370%2C247&ssl=1",370,247,true]},"uagb_author_info":{"display_name":"ismaelcolosi.com.br","author_link":"https:\/\/ismaelcolosi.com.br\/index.php\/author\/vidareal-online\/"},"uagb_comment_info":0,"uagb_excerpt":"O Sesc toma posse da sede da Sociedade Recreativa e de Esportes de Ribeir\u00e3o Preto, na avenida Nove de Julho, na pr\u00f3xima ter\u00e7a-feira (13), \u00e0s...","jetpack-related-posts":[{"id":58557,"url":"https:\/\/ismaelcolosi.com.br\/index.php\/2024\/07\/31\/sesc-conclui-compra-da-sede-da-recra-em-ribeirao-preto\/","url_meta":{"origin":59643,"position":0},"title":"Sesc conclui compra da sede da Recra em Ribeir\u00e3o Preto","author":"ismaelcolosi.com.br","date":"31 de July de 2024","format":false,"excerpt":"A Justi\u00e7a homologou nesta quarta-feira (31) a compra da sede da Sociedade Recreativa e de Esportes de Ribeir\u00e3o Preto, a Recra, pelo Sesc. A opera\u00e7\u00e3o ser\u00e1 concretizada por R$ 44 milh\u00f5es. De acordo com a Vegas Leil\u00f5es, o pagamento seria pago \u00e0 vista em at\u00e9 cinco dias ap\u00f3s a homologa\u00e7\u00e3o\u2026","rel":"","context":"In &quot;Not\u00edcias de Ribeir\u00e3o Preto-SP e Regi\u00e3o&quot;","block_context":{"text":"Not\u00edcias de Ribeir\u00e3o Preto-SP e Regi\u00e3o","link":"https:\/\/ismaelcolosi.com.br\/index.php\/category\/noticias-de-ribeirao-preto-sp-e-regiao-ismael-colosi\/"},"img":{"alt_text":"","src":"https:\/\/i0.wp.com\/ismaelcolosi.com.br\/wp-content\/uploads\/2024\/07\/recreativa.jpg?fit=767%2C480&ssl=1&resize=350%2C200","width":350,"height":200,"srcset":"https:\/\/i0.wp.com\/ismaelcolosi.com.br\/wp-content\/uploads\/2024\/07\/recreativa.jpg?fit=767%2C480&ssl=1&resize=350%2C200 1x, https:\/\/i0.wp.com\/ismaelcolosi.com.br\/wp-content\/uploads\/2024\/07\/recreativa.jpg?fit=767%2C480&ssl=1&resize=525%2C300 1.5x, https:\/\/i0.wp.com\/ismaelcolosi.com.br\/wp-content\/uploads\/2024\/07\/recreativa.jpg?fit=767%2C480&ssl=1&resize=700%2C400 2x"},"classes":[]},{"id":72585,"url":"https:\/\/ismaelcolosi.com.br\/index.php\/2024\/10\/22\/alessandra-maestrini-le-cronicas-de-rubem-alves-no-sesc-ribeirao\/","url_meta":{"origin":59643,"position":1},"title":"Alessandra Maestrini l\u00ea cr\u00f4nicas de Rubem Alves no Sesc Ribeir\u00e3o","author":"ismaelcolosi.com.br","date":"22 de October de 2024","format":false,"excerpt":"A atriz Alessandra Maestrini participa do projeto O verbo em cena, no Sesc Ribeir\u00e3o Preto, na quarta-feira (30), \u00e0s 20h. No evento, ela ir\u00e1 ler as cr\u00f4nicas de Rubem Alves. O projeto conta com uma s\u00e9rie de leituras de textos da dramaturgia brasileira feitas por interpretes renomados, seguidas de debate\u2026","rel":"","context":"In &quot;Not\u00edcias de Ribeir\u00e3o Preto-SP e Regi\u00e3o&quot;","block_context":{"text":"Not\u00edcias de Ribeir\u00e3o Preto-SP e Regi\u00e3o","link":"https:\/\/ismaelcolosi.com.br\/index.php\/category\/noticias-de-ribeirao-preto-sp-e-regiao-ismael-colosi\/"},"img":{"alt_text":"","src":"https:\/\/i0.wp.com\/ismaelcolosi.com.br\/wp-content\/uploads\/2024\/10\/Copia-de-Copia-de-Copia-de-TAMANHO-EXATO-PARA-FOTOS-NO-SISTEMA-NOVO-17_2024-10-22_12-56-22_jpg_2024-10-22_12-56-22.webp.webp?fit=1200%2C675&ssl=1&resize=350%2C200","width":350,"height":200,"srcset":"https:\/\/i0.wp.com\/ismaelcolosi.com.br\/wp-content\/uploads\/2024\/10\/Copia-de-Copia-de-Copia-de-TAMANHO-EXATO-PARA-FOTOS-NO-SISTEMA-NOVO-17_2024-10-22_12-56-22_jpg_2024-10-22_12-56-22.webp.webp?fit=1200%2C675&ssl=1&resize=350%2C200 1x, https:\/\/i0.wp.com\/ismaelcolosi.com.br\/wp-content\/uploads\/2024\/10\/Copia-de-Copia-de-Copia-de-TAMANHO-EXATO-PARA-FOTOS-NO-SISTEMA-NOVO-17_2024-10-22_12-56-22_jpg_2024-10-22_12-56-22.webp.webp?fit=1200%2C675&ssl=1&resize=525%2C300 1.5x, https:\/\/i0.wp.com\/ismaelcolosi.com.br\/wp-content\/uploads\/2024\/10\/Copia-de-Copia-de-Copia-de-TAMANHO-EXATO-PARA-FOTOS-NO-SISTEMA-NOVO-17_2024-10-22_12-56-22_jpg_2024-10-22_12-56-22.webp.webp?fit=1200%2C675&ssl=1&resize=700%2C400 2x, https:\/\/i0.wp.com\/ismaelcolosi.com.br\/wp-content\/uploads\/2024\/10\/Copia-de-Copia-de-Copia-de-TAMANHO-EXATO-PARA-FOTOS-NO-SISTEMA-NOVO-17_2024-10-22_12-56-22_jpg_2024-10-22_12-56-22.webp.webp?fit=1200%2C675&ssl=1&resize=1050%2C600 3x"},"classes":[]},{"id":41305,"url":"https:\/\/ismaelcolosi.com.br\/index.php\/2024\/03\/07\/banda-balaco-se-apresenta-gratuitamente-no-sesc-ribeirao-preto-saiba-a-data\/","url_meta":{"origin":59643,"position":2},"title":"Banda Balaco se apresenta gratuitamente no Sesc Ribeir\u00e3o Preto; Saiba a data","author":"ismaelcolosi.com.br","date":"7 de March de 2024","format":false,"excerpt":"A Banda Balaco faz show gratuito nesta sexta-feira (8), \u00e0s 20h, no Sesc Ribeir\u00e3o Preto. A apresenta\u00e7\u00e3o acontece no gin\u00e1sio da unidade, que conta com at\u00e9 1.300 lugares e n\u00e3o \u00e9 necess\u00e1rio fazer reservas de ingressos antecipadamente. A banda surgiu h\u00e1 24 anos e conta com oito m\u00fasicos que fazem\u2026","rel":"","context":"In &quot;Not\u00edcias de Ribeir\u00e3o Preto-SP e Regi\u00e3o&quot;","block_context":{"text":"Not\u00edcias de Ribeir\u00e3o Preto-SP e Regi\u00e3o","link":"https:\/\/ismaelcolosi.com.br\/index.php\/category\/noticias-de-ribeirao-preto-sp-e-regiao-ismael-colosi\/"},"img":{"alt_text":"","src":"https:\/\/i0.wp.com\/ismaelcolosi.com.br\/wp-content\/uploads\/2024\/03\/03.2024-Musica-Balaco-664x332-1.png?fit=664%2C332&ssl=1&resize=350%2C200","width":350,"height":200,"srcset":"https:\/\/i0.wp.com\/ismaelcolosi.com.br\/wp-content\/uploads\/2024\/03\/03.2024-Musica-Balaco-664x332-1.png?fit=664%2C332&ssl=1&resize=350%2C200 1x, https:\/\/i0.wp.com\/ismaelcolosi.com.br\/wp-content\/uploads\/2024\/03\/03.2024-Musica-Balaco-664x332-1.png?fit=664%2C332&ssl=1&resize=525%2C300 1.5x"},"classes":[]},{"id":54483,"url":"https:\/\/ismaelcolosi.com.br\/index.php\/2024\/06\/25\/veja-como-esta-a-situacao-da-possivel-venda-da-recreativa-de-ribeirao-preto-para-o-sesc\/","url_meta":{"origin":59643,"position":3},"title":"Veja como est\u00e1 a situa\u00e7\u00e3o da poss\u00edvel venda da Recreativa de Ribeir\u00e3o Preto para o Sesc","author":"ismaelcolosi.com.br","date":"25 de June de 2024","format":false,"excerpt":"O Sesc informou que n\u00e3o descartou a possibilidade de compra do im\u00f3vel onde funciona a sede cidade da Sociedade Recreativa e de Esportes de Ribeir\u00e3o Preto, a Recra. Em abril deste ano, a institui\u00e7\u00e3o anunciou um estudo sobre o local, localizado na avenida Nove de Julho, no Centro do munic\u00edpio,\u2026","rel":"","context":"In &quot;Not\u00edcias de Ribeir\u00e3o Preto-SP e Regi\u00e3o&quot;","block_context":{"text":"Not\u00edcias de Ribeir\u00e3o Preto-SP e Regi\u00e3o","link":"https:\/\/ismaelcolosi.com.br\/index.php\/category\/noticias-de-ribeirao-preto-sp-e-regiao-ismael-colosi\/"},"img":{"alt_text":"","src":"https:\/\/i0.wp.com\/ismaelcolosi.com.br\/wp-content\/uploads\/2024\/06\/12642819_952681848155743_1560950669454002895_n_2024-06-25_19-06-53_jpg_2024-06-25_19-06-53.webp.webp?fit=800%2C533&ssl=1&resize=350%2C200","width":350,"height":200,"srcset":"https:\/\/i0.wp.com\/ismaelcolosi.com.br\/wp-content\/uploads\/2024\/06\/12642819_952681848155743_1560950669454002895_n_2024-06-25_19-06-53_jpg_2024-06-25_19-06-53.webp.webp?fit=800%2C533&ssl=1&resize=350%2C200 1x, https:\/\/i0.wp.com\/ismaelcolosi.com.br\/wp-content\/uploads\/2024\/06\/12642819_952681848155743_1560950669454002895_n_2024-06-25_19-06-53_jpg_2024-06-25_19-06-53.webp.webp?fit=800%2C533&ssl=1&resize=525%2C300 1.5x, https:\/\/i0.wp.com\/ismaelcolosi.com.br\/wp-content\/uploads\/2024\/06\/12642819_952681848155743_1560950669454002895_n_2024-06-25_19-06-53_jpg_2024-06-25_19-06-53.webp.webp?fit=800%2C533&ssl=1&resize=700%2C400 2x"},"classes":[]},{"id":58034,"url":"https:\/\/ismaelcolosi.com.br\/index.php\/2024\/07\/26\/sesc-oferece-r-44-milhoes-para-compra-da-sede-da-recra-em-ribeirao-preto\/","url_meta":{"origin":59643,"position":4},"title":"Sesc oferece R$ 44 milh\u00f5es para compra da sede da Recra em Ribeir\u00e3o Preto","author":"ismaelcolosi.com.br","date":"26 de July de 2024","format":false,"excerpt":"O Sesc ofereceu R$ 44 milh\u00f5es para compra da sede da Sociedade Recreativa e de Esportes de Ribeir\u00e3o Preto, a Recra, na avenida Nove de Julho. De acordo com a Vegas Leil\u00f5es, o pagamento seria pago \u00e0 vista em at\u00e9 cinco dias ap\u00f3s a homologa\u00e7\u00e3o da proposta pela Justi\u00e7a. A\u2026","rel":"","context":"In &quot;Not\u00edcias de Ribeir\u00e3o Preto-SP e Regi\u00e3o&quot;","block_context":{"text":"Not\u00edcias de Ribeir\u00e3o Preto-SP e Regi\u00e3o","link":"https:\/\/ismaelcolosi.com.br\/index.php\/category\/noticias-de-ribeirao-preto-sp-e-regiao-ismael-colosi\/"},"img":{"alt_text":"","src":"https:\/\/i0.wp.com\/ismaelcolosi.com.br\/wp-content\/uploads\/2024\/06\/12642819_952681848155743_1560950669454002895_n_2024-06-25_19-06-53_jpg_2024-06-25_19-06-53.webp.webp?fit=800%2C533&ssl=1&resize=350%2C200","width":350,"height":200,"srcset":"https:\/\/i0.wp.com\/ismaelcolosi.com.br\/wp-content\/uploads\/2024\/06\/12642819_952681848155743_1560950669454002895_n_2024-06-25_19-06-53_jpg_2024-06-25_19-06-53.webp.webp?fit=800%2C533&ssl=1&resize=350%2C200 1x, https:\/\/i0.wp.com\/ismaelcolosi.com.br\/wp-content\/uploads\/2024\/06\/12642819_952681848155743_1560950669454002895_n_2024-06-25_19-06-53_jpg_2024-06-25_19-06-53.webp.webp?fit=800%2C533&ssl=1&resize=525%2C300 1.5x, https:\/\/i0.wp.com\/ismaelcolosi.com.br\/wp-content\/uploads\/2024\/06\/12642819_952681848155743_1560950669454002895_n_2024-06-25_19-06-53_jpg_2024-06-25_19-06-53.webp.webp?fit=800%2C533&ssl=1&resize=700%2C400 2x"},"classes":[]},{"id":59386,"url":"https:\/\/ismaelcolosi.com.br\/index.php\/2024\/08\/08\/unidade-do-sesc-na-regiao-de-ribeirao-tem-11-vagas-de-emprego-inscricoes-vao-ate-amanha\/","url_meta":{"origin":59643,"position":5},"title":"Unidade do Sesc na regi\u00e3o de Ribeir\u00e3o tem 11 vagas de emprego; Inscri\u00e7\u00f5es v\u00e3o at\u00e9 amanh\u00e3","author":"ismaelcolosi.com.br","date":"8 de August de 2024","format":false,"excerpt":"A unidade do Sesc em Franca, na regi\u00e3o de Ribeir\u00e3o Preto, est\u00e1 com processo seletivo aberto para vagas de emprego at\u00e9 esta sexta-feira (9), \u00e0s 18h. As inscri\u00e7\u00f5es podem ser feitas on-line e ao todo s\u00e3o 11 oportunidades de emprego. As oportunidades s\u00e3o para n\u00edvel m\u00e9dio e t\u00e9cnico nas seguintes\u2026","rel":"","context":"In &quot;Not\u00edcias de Ribeir\u00e3o Preto-SP e Regi\u00e3o&quot;","block_context":{"text":"Not\u00edcias de Ribeir\u00e3o Preto-SP e Regi\u00e3o","link":"https:\/\/ismaelcolosi.com.br\/index.php\/category\/noticias-de-ribeirao-preto-sp-e-regiao-ismael-colosi\/"},"img":{"alt_text":"","src":"https:\/\/i0.wp.com\/ismaelcolosi.com.br\/wp-content\/uploads\/2024\/08\/Copia-de-Copia-de-TAMANHO-EXATO-PARA-FOTOS-NO-SISTEMA-NOVO-35_2024-08-08_12-54-13_jpg_2024-08-08_12-54-14.webp.webp?fit=1200%2C675&ssl=1&resize=350%2C200","width":350,"height":200,"srcset":"https:\/\/i0.wp.com\/ismaelcolosi.com.br\/wp-content\/uploads\/2024\/08\/Copia-de-Copia-de-TAMANHO-EXATO-PARA-FOTOS-NO-SISTEMA-NOVO-35_2024-08-08_12-54-13_jpg_2024-08-08_12-54-14.webp.webp?fit=1200%2C675&ssl=1&resize=350%2C200 1x, https:\/\/i0.wp.com\/ismaelcolosi.com.br\/wp-content\/uploads\/2024\/08\/Copia-de-Copia-de-TAMANHO-EXATO-PARA-FOTOS-NO-SISTEMA-NOVO-35_2024-08-08_12-54-13_jpg_2024-08-08_12-54-14.webp.webp?fit=1200%2C675&ssl=1&resize=525%2C300 1.5x, https:\/\/i0.wp.com\/ismaelcolosi.com.br\/wp-content\/uploads\/2024\/08\/Copia-de-Copia-de-TAMANHO-EXATO-PARA-FOTOS-NO-SISTEMA-NOVO-35_2024-08-08_12-54-13_jpg_2024-08-08_12-54-14.webp.webp?fit=1200%2C675&ssl=1&resize=700%2C400 2x, https:\/\/i0.wp.com\/ismaelcolosi.com.br\/wp-content\/uploads\/2024\/08\/Copia-de-Copia-de-TAMANHO-EXATO-PARA-FOTOS-NO-SISTEMA-NOVO-35_2024-08-08_12-54-13_jpg_2024-08-08_12-54-14.webp.webp?fit=1200%2C675&ssl=1&resize=1050%2C600 3x"},"classes":[]}],"jetpack_sharing_enabled":true,"jetpack_shortlink":"https:\/\/wp.me\/pfMlyK-fvZ","_links":{"self":[{"href":"https:\/\/ismaelcolosi.com.br\/index.php\/wp-json\/wp\/v2\/posts\/59643","targetHints":{"allow":["GET"]}}],"collection":[{"href":"https:\/\/ismaelcolosi.com.br\/index.php\/wp-json\/wp\/v2\/posts"}],"about":[{"href":"https:\/\/ismaelcolosi.com.br\/index.php\/wp-json\/wp\/v2\/types\/post"}],"author":[{"embeddable":true,"href":"https:\/\/ismaelcolosi.com.br\/index.php\/wp-json\/wp\/v2\/users\/1"}],"replies":[{"embeddable":true,"href":"https:\/\/ismaelcolosi.com.br\/index.php\/wp-json\/wp\/v2\/comments?post=59643"}],"version-history":[{"count":0,"href":"https:\/\/ismaelcolosi.com.br\/index.php\/wp-json\/wp\/v2\/posts\/59643\/revisions"}],"wp:featuredmedia":[{"embeddable":true,"href":"https:\/\/ismaelcolosi.com.br\/index.php\/wp-json\/wp\/v2\/media\/59644"}],"wp:attachment":[{"href":"https:\/\/ismaelcolosi.com.br\/index.php\/wp-json\/wp\/v2\/media?parent=59643"}],"wp:term":[{"taxonomy":"category","embeddable":true,"href":"https:\/\/ismaelcolosi.com.br\/index.php\/wp-json\/wp\/v2\/categories?post=59643"},{"taxonomy":"post_tag","embeddable":true,"href":"https:\/\/ismaelcolosi.com.br\/index.php\/wp-json\/wp\/v2\/tags?post=59643"}],"curies":[{"name":"wp","href":"https:\/\/api.w.org\/{rel}","templated":true}]}}