{"id":59638,"date":"2024-08-10T12:14:09","date_gmt":"2024-08-10T15:14:09","guid":{"rendered":"https:\/\/ismaelcolosi.com.br\/index.php\/2024\/08\/10\/medica-que-morreu-em-queda-de-aviao-em-vinhedo-atuou-na-rede-municipal-de-ribeirao-preto\/"},"modified":"2024-08-10T12:14:09","modified_gmt":"2024-08-10T15:14:09","slug":"medica-que-morreu-em-queda-de-aviao-em-vinhedo-atuou-na-rede-municipal-de-ribeirao-preto","status":"publish","type":"post","link":"https:\/\/ismaelcolosi.com.br\/index.php\/2024\/08\/10\/medica-que-morreu-em-queda-de-aviao-em-vinhedo-atuou-na-rede-municipal-de-ribeirao-preto\/","title":{"rendered":"M\u00e9dica que morreu em queda de avi\u00e3o em Vinhedo atuou na rede municipal de Ribeir\u00e3o Preto"},"content":{"rendered":"<p> <br \/>\n<\/p>\n<div data-td-block-uid=\"tdi_106\">\n<div class=\"tdb-block-inner td-fix-index\">\n<p>A m\u00e9dica pediatra <strong>Sarah Sella Langer<\/strong>, que morreu na queda do avi\u00e3o da <strong>Voepass<\/strong>, em <strong>Vinhedo<\/strong>, no <strong>interior de S\u00e3o Paulo<\/strong>, na \u00faltima<strong> sexta-feira (9)<\/strong>, atuou na <strong>rede municipal de Sa\u00fade de Ribeir\u00e3o Preto<\/strong> entre os anos de <strong>2017<\/strong> e <strong>2021<\/strong>.<\/p>\n<p>A pediatra era natural de<strong> Cascavel, no Paran\u00e1<\/strong>. <strong>Sarah<\/strong> tinha <strong>35 anos<\/strong> e recebeu o t\u00edtulo de <strong>Alergia e Imunologia <\/strong>em <strong>2017<\/strong>. Fez resid\u00eancia em <strong>Alergia e Imunologia Pedi\u00e1trica pelo Hospital das Cl\u00ednicas de Ribeir\u00e3o Preto<\/strong> e passou por <strong>est\u00e1gios<\/strong> no <strong>Hospital da Crian\u00e7a Concei\u00e7\u00e3o, em Porto Alegre<\/strong>. <\/p>\n<p>Ela tamb\u00e9m possu\u00eda ainda doutorado em <strong>Ci\u00eancias na Faculdade de Medicina de Ribeir\u00e3o Preto da USP (Universidade de S\u00e3o Paulo)<\/strong>.<\/p>\n<p>Na rede municipal de<strong> Ribeir\u00e3o Preto<\/strong> atuou em unidades como a <strong>UBDS<\/strong> da <strong>Vila Virg\u00ednia<\/strong> e <strong>UBS<\/strong> do <strong>Parque Ribeir\u00e3o.<\/strong><\/p>\n<h4 class=\"wp-block-heading\"><strong>Luto oficial<\/strong><\/h4>\n<p>Neste <strong>s\u00e1bado (10)<\/strong>, a <strong>Prefeitura de Ribeir\u00e3o Preto<\/strong> decretou <strong>luto oficial de tr\u00eas dias<\/strong> em respeito \u00e0s v\u00edtimas do desastre a\u00e9reo, que vitimou <strong>62 pessoas<\/strong>, sendo <strong>58 passageiros<\/strong> e <strong>quatro tripulantes<\/strong> da aeronave operada pela <strong>Voepass<\/strong>. O voo, que fazia a rota entre <strong>Cascavel-PR<\/strong> e <strong>Guarulhos<\/strong>.<\/p>\n<p>Entre as v\u00edtimas, estavam a comiss\u00e1ria de bordo<a href=\"http:\/\/Quem era a v\u00edtima de Ribeir\u00e3o Preto que morreu em acidente de avi\u00e3o no interior de SP\" target=\"_blank\" rel=\"noreferrer noopener\"> <strong>Rubia Silva de Lima<\/strong>, natural de <strong>Ribeir\u00e3o Preto<\/strong><\/a>, al\u00e9m da m\u00e9dica <strong>Sarah Sella Langer<\/strong>. \u201cPerdas que representam profunda dor para nossa cidade\u201d, afirma o prefeito.<\/p>\n<p>SAIBA MAIS<br \/>Veja at\u00e9 quando a chuva e o frio continuam no interior de SP<\/p>\n<h4 class=\"wp-block-heading\"><strong>FIQUE ON<\/strong><\/h4>\n<p>Fique ligado em tudo que acontece em Ribeir\u00e3o Preto e regi\u00e3o. Siga os perfis do <strong>acidade on <\/strong>no <a href=\"https:\/\/www.instagram.com\/acidadeonribeirao\" target=\"_blank\" rel=\"noreferrer noopener\">Instagram<\/a> e no <a href=\"https:\/\/www.facebook.com\/acidadeonribeirao\" target=\"_blank\" rel=\"noreferrer noopener\">Facebook<\/a>.<\/p>\n<p>Receba not\u00edcias do acidade on no WhatsApp. Para entrar no grupo, basta <a href=\"https:\/\/chat.whatsapp.com\/Dtv9mxhy6V5BJBotM2OQ5k\" target=\"_blank\" rel=\"noreferrer noopener\">clicar aqui<\/a>.<\/p>\n<p>Fa\u00e7a uma den\u00fancia ou sugira uma reportagem sobre Ribeir\u00e3o Preto e regi\u00e3o pelo WhatsApp: 16 99117 7802.<\/p>\n<p>VEJA TAMB\u00c9M<br \/>Quem \u00e9 Gabz em \u2018Mania de Voc\u00ea\u2019?<\/p>\n<p><!-- CONTENT END 1 -->\n<\/div>\n<\/div>\n<p><script async src=\"\/\/www.instagram.com\/embed.js\"><\/script><br \/>\n<br \/><br \/>\n<br \/><a href=\"https:\/\/www.acidadeon.com\/ribeiraopreto\/cotidiano\/medica-que-morreu-em-queda-de-aviao-em-vinhedo-atuou-na-rede-municipal-de-ribeirao-preto\/\">Source link <\/a><\/p>\n","protected":false},"excerpt":{"rendered":"<p>A m\u00e9dica pediatra Sarah Sella Langer, que morreu na queda do avi\u00e3o da Voepass, em Vinhedo, no interior de S\u00e3o Paulo, na \u00faltima sexta-feira (9),&#8230;<\/p>\n","protected":false},"author":1,"featured_media":59639,"comment_status":"open","ping_status":"open","sticky":false,"template":"","format":"standard","meta":{"_uag_custom_page_level_css":"","advanced_seo_description":"","jetpack_seo_html_title":"","jetpack_seo_noindex":false,"jetpack_post_was_ever_published":false,"_jetpack_newsletter_access":"","_jetpack_dont_email_post_to_subs":false,"_jetpack_newsletter_tier_id":0,"_jetpack_memberships_contains_paywalled_content":false,"_jetpack_memberships_contains_paid_content":false,"footnotes":"","jetpack_publicize_message":"","jetpack_publicize_feature_enabled":true,"jetpack_social_post_already_shared":true,"jetpack_social_options":{"image_generator_settings":{"template":"highway","default_image_id":0,"font":"","enabled":false},"version":2}},"categories":[11],"tags":[],"class_list":["post-59638","post","type-post","status-publish","format-standard","has-post-thumbnail","hentry","category-noticias-de-ribeirao-preto-sp-e-regiao-ismael-colosi"],"jetpack_publicize_connections":[],"jetpack_featured_media_url":"https:\/\/i0.wp.com\/ismaelcolosi.com.br\/wp-content\/uploads\/2024\/08\/Copia-de-Copia-de-TAMANHO-EXATO-PARA-FOTOS-NO-SISTEMA-NOVO-41_2024-08-10_14-39-38_jpg_2024-08-10_14-39-38.webp.webp?fit=1200%2C675&ssl=1","uagb_featured_image_src":{"full":["https:\/\/i0.wp.com\/ismaelcolosi.com.br\/wp-content\/uploads\/2024\/08\/Copia-de-Copia-de-TAMANHO-EXATO-PARA-FOTOS-NO-SISTEMA-NOVO-41_2024-08-10_14-39-38_jpg_2024-08-10_14-39-38.webp.webp?fit=1200%2C675&ssl=1",1200,675,false],"thumbnail":["https:\/\/i0.wp.com\/ismaelcolosi.com.br\/wp-content\/uploads\/2024\/08\/Copia-de-Copia-de-TAMANHO-EXATO-PARA-FOTOS-NO-SISTEMA-NOVO-41_2024-08-10_14-39-38_jpg_2024-08-10_14-39-38.webp.webp?resize=150%2C150&ssl=1",150,150,true],"medium":["https:\/\/i0.wp.com\/ismaelcolosi.com.br\/wp-content\/uploads\/2024\/08\/Copia-de-Copia-de-TAMANHO-EXATO-PARA-FOTOS-NO-SISTEMA-NOVO-41_2024-08-10_14-39-38_jpg_2024-08-10_14-39-38.webp.webp?fit=300%2C169&ssl=1",300,169,true],"medium_large":["https:\/\/i0.wp.com\/ismaelcolosi.com.br\/wp-content\/uploads\/2024\/08\/Copia-de-Copia-de-TAMANHO-EXATO-PARA-FOTOS-NO-SISTEMA-NOVO-41_2024-08-10_14-39-38_jpg_2024-08-10_14-39-38.webp.webp?fit=768%2C432&ssl=1",768,432,true],"large":["https:\/\/i0.wp.com\/ismaelcolosi.com.br\/wp-content\/uploads\/2024\/08\/Copia-de-Copia-de-TAMANHO-EXATO-PARA-FOTOS-NO-SISTEMA-NOVO-41_2024-08-10_14-39-38_jpg_2024-08-10_14-39-38.webp.webp?fit=1024%2C576&ssl=1",1024,576,true],"1536x1536":["https:\/\/i0.wp.com\/ismaelcolosi.com.br\/wp-content\/uploads\/2024\/08\/Copia-de-Copia-de-TAMANHO-EXATO-PARA-FOTOS-NO-SISTEMA-NOVO-41_2024-08-10_14-39-38_jpg_2024-08-10_14-39-38.webp.webp?fit=1200%2C675&ssl=1",1200,675,true],"2048x2048":["https:\/\/i0.wp.com\/ismaelcolosi.com.br\/wp-content\/uploads\/2024\/08\/Copia-de-Copia-de-TAMANHO-EXATO-PARA-FOTOS-NO-SISTEMA-NOVO-41_2024-08-10_14-39-38_jpg_2024-08-10_14-39-38.webp.webp?fit=1200%2C675&ssl=1",1200,675,true],"really-simple-thumb":["https:\/\/i0.wp.com\/ismaelcolosi.com.br\/wp-content\/uploads\/2024\/08\/Copia-de-Copia-de-TAMANHO-EXATO-PARA-FOTOS-NO-SISTEMA-NOVO-41_2024-08-10_14-39-38_jpg_2024-08-10_14-39-38.webp.webp?resize=370%2C247&ssl=1",370,247,true]},"uagb_author_info":{"display_name":"ismaelcolosi.com.br","author_link":"https:\/\/ismaelcolosi.com.br\/index.php\/author\/vidareal-online\/"},"uagb_comment_info":0,"uagb_excerpt":"A m\u00e9dica pediatra Sarah Sella Langer, que morreu na queda do avi\u00e3o da Voepass, em Vinhedo, no interior de S\u00e3o Paulo, na \u00faltima sexta-feira (9),...","jetpack-related-posts":[{"id":59848,"url":"https:\/\/ismaelcolosi.com.br\/index.php\/2024\/08\/12\/ela-era-uma-pessoa-de-muita-luz-diz-escola-de-aviacao-sobre-comissaria-de-ribeirao-preto\/","url_meta":{"origin":59638,"position":0},"title":"&#8216;Ela era uma pessoa de muita luz&#8217; diz escola de avia\u00e7\u00e3o sobre comiss\u00e1ria de Ribeir\u00e3o Preto","author":"ismaelcolosi.com.br","date":"12 de August de 2024","format":false,"excerpt":"\u201cEla era uma pessoa de muita luz. Aonde ela chegava, iluminava todos. Uma pessoa incr\u00edvel\u201d. \u00c9 assim que Rubia Silva de Lima, v\u00edtima da queda de um avi\u00e3o da Voepass, ser\u00e1 lembrada pelo propriet\u00e1rio da escola de avia\u00e7\u00e3o em que se formou. A comiss\u00e1ria de bordo morreu ap\u00f3s a aeronave\u2026","rel":"","context":"In &quot;Not\u00edcias de Ribeir\u00e3o Preto-SP e Regi\u00e3o&quot;","block_context":{"text":"Not\u00edcias de Ribeir\u00e3o Preto-SP e Regi\u00e3o","link":"https:\/\/ismaelcolosi.com.br\/index.php\/category\/noticias-de-ribeirao-preto-sp-e-regiao-ismael-colosi\/"},"img":{"alt_text":"","src":"https:\/\/i0.wp.com\/ismaelcolosi.com.br\/wp-content\/uploads\/2024\/08\/Copia-de-Copia-de-TAMANHO-EXATO-PARA-FOTOS-NO-SISTEMA-NOVO-2024-08-12T193923.220_2024-08-12_22-39-31_png_2024-08-12_22-39-31.webp.webp?fit=1200%2C675&ssl=1&resize=350%2C200","width":350,"height":200,"srcset":"https:\/\/i0.wp.com\/ismaelcolosi.com.br\/wp-content\/uploads\/2024\/08\/Copia-de-Copia-de-TAMANHO-EXATO-PARA-FOTOS-NO-SISTEMA-NOVO-2024-08-12T193923.220_2024-08-12_22-39-31_png_2024-08-12_22-39-31.webp.webp?fit=1200%2C675&ssl=1&resize=350%2C200 1x, https:\/\/i0.wp.com\/ismaelcolosi.com.br\/wp-content\/uploads\/2024\/08\/Copia-de-Copia-de-TAMANHO-EXATO-PARA-FOTOS-NO-SISTEMA-NOVO-2024-08-12T193923.220_2024-08-12_22-39-31_png_2024-08-12_22-39-31.webp.webp?fit=1200%2C675&ssl=1&resize=525%2C300 1.5x, https:\/\/i0.wp.com\/ismaelcolosi.com.br\/wp-content\/uploads\/2024\/08\/Copia-de-Copia-de-TAMANHO-EXATO-PARA-FOTOS-NO-SISTEMA-NOVO-2024-08-12T193923.220_2024-08-12_22-39-31_png_2024-08-12_22-39-31.webp.webp?fit=1200%2C675&ssl=1&resize=700%2C400 2x, https:\/\/i0.wp.com\/ismaelcolosi.com.br\/wp-content\/uploads\/2024\/08\/Copia-de-Copia-de-TAMANHO-EXATO-PARA-FOTOS-NO-SISTEMA-NOVO-2024-08-12T193923.220_2024-08-12_22-39-31_png_2024-08-12_22-39-31.webp.webp?fit=1200%2C675&ssl=1&resize=1050%2C600 3x"},"classes":[]},{"id":49228,"url":"https:\/\/ismaelcolosi.com.br\/index.php\/2024\/05\/09\/medica-do-hospital-das-clinicas-de-ribeirao-preto-morre-em-acidente-na-regiao\/","url_meta":{"origin":59638,"position":1},"title":"M\u00e9dica do Hospital das Cl\u00ednicas de Ribeir\u00e3o Preto morre em acidente na regi\u00e3o","author":"ismaelcolosi.com.br","date":"9 de May de 2024","format":false,"excerpt":"A m\u00e9dica residente do departamento de Alergia e Imunologia do Hospital das Cl\u00ednicas de Ribeir\u00e3o Preto, Mayara Malaman Cavaretti, de 30 anos, morreu na tarde de quarta-feira (8) em um acidente na rodovia Engenheiro Thales de Lorena Peixoto Junior, em S\u00e3o Carlos, cidade a 100 quil\u00f4metros de Ribeir\u00e3o Preto. De\u2026","rel":"","context":"In &quot;Not\u00edcias de Ribeir\u00e3o Preto-SP e Regi\u00e3o&quot;","block_context":{"text":"Not\u00edcias de Ribeir\u00e3o Preto-SP e Regi\u00e3o","link":"https:\/\/ismaelcolosi.com.br\/index.php\/category\/noticias-de-ribeirao-preto-sp-e-regiao-ismael-colosi\/"},"img":{"alt_text":"","src":"https:\/\/i0.wp.com\/ismaelcolosi.com.br\/wp-content\/uploads\/2024\/05\/Capturar_2024-05-09_15-01-14_jpg_2024-05-09_15-01-14.webp.webp?fit=760%2C519&ssl=1&resize=350%2C200","width":350,"height":200,"srcset":"https:\/\/i0.wp.com\/ismaelcolosi.com.br\/wp-content\/uploads\/2024\/05\/Capturar_2024-05-09_15-01-14_jpg_2024-05-09_15-01-14.webp.webp?fit=760%2C519&ssl=1&resize=350%2C200 1x, https:\/\/i0.wp.com\/ismaelcolosi.com.br\/wp-content\/uploads\/2024\/05\/Capturar_2024-05-09_15-01-14_jpg_2024-05-09_15-01-14.webp.webp?fit=760%2C519&ssl=1&resize=525%2C300 1.5x, https:\/\/i0.wp.com\/ismaelcolosi.com.br\/wp-content\/uploads\/2024\/05\/Capturar_2024-05-09_15-01-14_jpg_2024-05-09_15-01-14.webp.webp?fit=760%2C519&ssl=1&resize=700%2C400 2x"},"classes":[]},{"id":59661,"url":"https:\/\/ismaelcolosi.com.br\/index.php\/2024\/08\/10\/venezuelanos-e-portuguesa-estao-entre-as-vitimas-de-queda-de-aviao\/","url_meta":{"origin":59638,"position":2},"title":"Venezuelanos e portuguesa est\u00e3o entre as v\u00edtimas de queda de avi\u00e3o","author":"ismaelcolosi.com.br","date":"10 de August de 2024","format":false,"excerpt":"A Voepass informou neste s\u00e1bado (10) que entre os 58 passageiros que morreram na queda do avi\u00e3o na \u00faltima sexta-feira (9), em Vinhedo, no interior de S\u00e3o Paulo, quatro eram estrangeiros, sendo tr\u00eas venezuelanos e uma portuguesa. Segundo a empresa, que tem sede em Ribeir\u00e3o Preto, todos os passageiros a\u2026","rel":"","context":"In &quot;Not\u00edcias de Ribeir\u00e3o Preto-SP e Regi\u00e3o&quot;","block_context":{"text":"Not\u00edcias de Ribeir\u00e3o Preto-SP e Regi\u00e3o","link":"https:\/\/ismaelcolosi.com.br\/index.php\/category\/noticias-de-ribeirao-preto-sp-e-regiao-ismael-colosi\/"},"img":{"alt_text":"","src":"https:\/\/i0.wp.com\/ismaelcolosi.com.br\/wp-content\/uploads\/2024\/08\/EmpresaareaanuncianovosvoosparaoaeroportodeRibeiroPreto_Tamanho_2_image.jpg?fit=1200%2C900&ssl=1&resize=350%2C200","width":350,"height":200,"srcset":"https:\/\/i0.wp.com\/ismaelcolosi.com.br\/wp-content\/uploads\/2024\/08\/EmpresaareaanuncianovosvoosparaoaeroportodeRibeiroPreto_Tamanho_2_image.jpg?fit=1200%2C900&ssl=1&resize=350%2C200 1x, https:\/\/i0.wp.com\/ismaelcolosi.com.br\/wp-content\/uploads\/2024\/08\/EmpresaareaanuncianovosvoosparaoaeroportodeRibeiroPreto_Tamanho_2_image.jpg?fit=1200%2C900&ssl=1&resize=525%2C300 1.5x, https:\/\/i0.wp.com\/ismaelcolosi.com.br\/wp-content\/uploads\/2024\/08\/EmpresaareaanuncianovosvoosparaoaeroportodeRibeiroPreto_Tamanho_2_image.jpg?fit=1200%2C900&ssl=1&resize=700%2C400 2x, https:\/\/i0.wp.com\/ismaelcolosi.com.br\/wp-content\/uploads\/2024\/08\/EmpresaareaanuncianovosvoosparaoaeroportodeRibeiroPreto_Tamanho_2_image.jpg?fit=1200%2C900&ssl=1&resize=1050%2C600 3x"},"classes":[]},{"id":59609,"url":"https:\/\/ismaelcolosi.com.br\/index.php\/2024\/08\/09\/estava-perfeitamente-navegavel-diz-voepass-sobre-aviao-que-caiu-em-vinhedo\/","url_meta":{"origin":59638,"position":3},"title":"&#8216;Estava perfeitamente naveg\u00e1vel&#8217;, diz Voepass sobre avi\u00e3o que caiu em Vinhedo","author":"ismaelcolosi.com.br","date":"9 de August de 2024","format":false,"excerpt":"A Voespass informou que o avi\u00e3o que caiu em Vinhedo, na tarde desta sexta-feira (9), \u201cestava perfeitamente naveg\u00e1vel\u201d. Contudo, informou que os avi\u00f5es modelo ATR-72, o mesmo que sofreu o acidente, \u00e9 mais sens\u00edvel \u00e0 situa\u00e7\u00e3o de gelo, uma das hip\u00f3teses para causa da queda. \u201cO ATR [modelo do avi\u00e3o]\u2026","rel":"","context":"In &quot;Not\u00edcias de Ribeir\u00e3o Preto-SP e Regi\u00e3o&quot;","block_context":{"text":"Not\u00edcias de Ribeir\u00e3o Preto-SP e Regi\u00e3o","link":"https:\/\/ismaelcolosi.com.br\/index.php\/category\/noticias-de-ribeirao-preto-sp-e-regiao-ismael-colosi\/"},"img":{"alt_text":"","src":"https:\/\/i0.wp.com\/ismaelcolosi.com.br\/wp-content\/uploads\/2024\/08\/voepass_2024-08-09_23-43-39_jpg_2024-08-09_23-43-39.webp.webp?fit=1200%2C503&ssl=1&resize=350%2C200","width":350,"height":200,"srcset":"https:\/\/i0.wp.com\/ismaelcolosi.com.br\/wp-content\/uploads\/2024\/08\/voepass_2024-08-09_23-43-39_jpg_2024-08-09_23-43-39.webp.webp?fit=1200%2C503&ssl=1&resize=350%2C200 1x, https:\/\/i0.wp.com\/ismaelcolosi.com.br\/wp-content\/uploads\/2024\/08\/voepass_2024-08-09_23-43-39_jpg_2024-08-09_23-43-39.webp.webp?fit=1200%2C503&ssl=1&resize=525%2C300 1.5x, https:\/\/i0.wp.com\/ismaelcolosi.com.br\/wp-content\/uploads\/2024\/08\/voepass_2024-08-09_23-43-39_jpg_2024-08-09_23-43-39.webp.webp?fit=1200%2C503&ssl=1&resize=700%2C400 2x, https:\/\/i0.wp.com\/ismaelcolosi.com.br\/wp-content\/uploads\/2024\/08\/voepass_2024-08-09_23-43-39_jpg_2024-08-09_23-43-39.webp.webp?fit=1200%2C503&ssl=1&resize=1050%2C600 3x"},"classes":[]},{"id":59607,"url":"https:\/\/ismaelcolosi.com.br\/index.php\/2024\/08\/09\/quem-era-a-vitima-de-ribeirao-preto-que-morreu-em-acidente-de-aviao-no-interior-de-sp\/","url_meta":{"origin":59638,"position":4},"title":"Quem era a v\u00edtima de Ribeir\u00e3o Preto que morreu em acidente de avi\u00e3o no interior de SP","author":"ismaelcolosi.com.br","date":"9 de August de 2024","format":false,"excerpt":"A comiss\u00e1ria de bordo Rubia Silva de Lima, de Ribeir\u00e3o Preto, \u00e9 uma das v\u00edtimas da queda de um avi\u00e3o da Voepass, antiga Passaredo, que aconteceu em Vinhedo, interior de SP, nesta sexta-feira (9). Nas redes sociais, a mulher de 41 anos publicava diversas fotos de viagens que realizou. Em\u2026","rel":"","context":"In &quot;Not\u00edcias de Ribeir\u00e3o Preto-SP e Regi\u00e3o&quot;","block_context":{"text":"Not\u00edcias de Ribeir\u00e3o Preto-SP e Regi\u00e3o","link":"https:\/\/ismaelcolosi.com.br\/index.php\/category\/noticias-de-ribeirao-preto-sp-e-regiao-ismael-colosi\/"},"img":{"alt_text":"","src":"https:\/\/i0.wp.com\/ismaelcolosi.com.br\/wp-content\/uploads\/2024\/08\/Copia-de-Copia-de-TAMANHO-EXATO-PARA-FOTOS-NO-SISTEMA-NOVO-2024-08-09T195802.137_2024-08-09_23-10-34_png_2024-08-09_23-10-34.webp.webp?fit=1200%2C675&ssl=1&resize=350%2C200","width":350,"height":200,"srcset":"https:\/\/i0.wp.com\/ismaelcolosi.com.br\/wp-content\/uploads\/2024\/08\/Copia-de-Copia-de-TAMANHO-EXATO-PARA-FOTOS-NO-SISTEMA-NOVO-2024-08-09T195802.137_2024-08-09_23-10-34_png_2024-08-09_23-10-34.webp.webp?fit=1200%2C675&ssl=1&resize=350%2C200 1x, https:\/\/i0.wp.com\/ismaelcolosi.com.br\/wp-content\/uploads\/2024\/08\/Copia-de-Copia-de-TAMANHO-EXATO-PARA-FOTOS-NO-SISTEMA-NOVO-2024-08-09T195802.137_2024-08-09_23-10-34_png_2024-08-09_23-10-34.webp.webp?fit=1200%2C675&ssl=1&resize=525%2C300 1.5x, https:\/\/i0.wp.com\/ismaelcolosi.com.br\/wp-content\/uploads\/2024\/08\/Copia-de-Copia-de-TAMANHO-EXATO-PARA-FOTOS-NO-SISTEMA-NOVO-2024-08-09T195802.137_2024-08-09_23-10-34_png_2024-08-09_23-10-34.webp.webp?fit=1200%2C675&ssl=1&resize=700%2C400 2x, https:\/\/i0.wp.com\/ismaelcolosi.com.br\/wp-content\/uploads\/2024\/08\/Copia-de-Copia-de-TAMANHO-EXATO-PARA-FOTOS-NO-SISTEMA-NOVO-2024-08-09T195802.137_2024-08-09_23-10-34_png_2024-08-09_23-10-34.webp.webp?fit=1200%2C675&ssl=1&resize=1050%2C600 3x"},"classes":[]},{"id":21314,"url":"https:\/\/ismaelcolosi.com.br\/index.php\/2023\/12\/27\/morre-isac-jorge-filho-medico-e-ex-vereador-de-ribeirao-preto\/","url_meta":{"origin":59638,"position":5},"title":"Morre Isac Jorge Filho, m\u00e9dico e ex-vereador de Ribeir\u00e3o Preto","author":"ismaelcolosi.com.br","date":"27 de December de 2023","format":false,"excerpt":"Morreu nesta quarta-feira (27), aos 81 anos, o m\u00e9dico e ex-vereador de Ribeir\u00e3o Preto, Isac Jorge Filho. Formado pela USP de Ribeir\u00e3o Preto e doutorado em Cirurgia pela Faculdade de Ci\u00eancias M\u00e9dicas da Santa Casa de S\u00e3o Paulo, foi presidente do Cremesp (Conselho Regional de Medicina do Estado de S\u00e3o\u2026","rel":"","context":"In &quot;Not\u00edcias de Ribeir\u00e3o Preto-SP e Regi\u00e3o&quot;","block_context":{"text":"Not\u00edcias de Ribeir\u00e3o Preto-SP e Regi\u00e3o","link":"https:\/\/ismaelcolosi.com.br\/index.php\/category\/noticias-de-ribeirao-preto-sp-e-regiao-ismael-colosi\/"},"img":{"alt_text":"","src":"https:\/\/i0.wp.com\/ismaelcolosi.com.br\/wp-content\/uploads\/2023\/12\/Copia-de-Copia-de-TAMANHO-EXATO-PARA-FOTOS-NO-SISTEMA-NOVO-27.png?fit=1200%2C675&ssl=1&resize=350%2C200","width":350,"height":200,"srcset":"https:\/\/i0.wp.com\/ismaelcolosi.com.br\/wp-content\/uploads\/2023\/12\/Copia-de-Copia-de-TAMANHO-EXATO-PARA-FOTOS-NO-SISTEMA-NOVO-27.png?fit=1200%2C675&ssl=1&resize=350%2C200 1x, https:\/\/i0.wp.com\/ismaelcolosi.com.br\/wp-content\/uploads\/2023\/12\/Copia-de-Copia-de-TAMANHO-EXATO-PARA-FOTOS-NO-SISTEMA-NOVO-27.png?fit=1200%2C675&ssl=1&resize=525%2C300 1.5x, https:\/\/i0.wp.com\/ismaelcolosi.com.br\/wp-content\/uploads\/2023\/12\/Copia-de-Copia-de-TAMANHO-EXATO-PARA-FOTOS-NO-SISTEMA-NOVO-27.png?fit=1200%2C675&ssl=1&resize=700%2C400 2x, https:\/\/i0.wp.com\/ismaelcolosi.com.br\/wp-content\/uploads\/2023\/12\/Copia-de-Copia-de-TAMANHO-EXATO-PARA-FOTOS-NO-SISTEMA-NOVO-27.png?fit=1200%2C675&ssl=1&resize=1050%2C600 3x"},"classes":[]}],"jetpack_sharing_enabled":true,"jetpack_shortlink":"https:\/\/wp.me\/pfMlyK-fvU","_links":{"self":[{"href":"https:\/\/ismaelcolosi.com.br\/index.php\/wp-json\/wp\/v2\/posts\/59638","targetHints":{"allow":["GET"]}}],"collection":[{"href":"https:\/\/ismaelcolosi.com.br\/index.php\/wp-json\/wp\/v2\/posts"}],"about":[{"href":"https:\/\/ismaelcolosi.com.br\/index.php\/wp-json\/wp\/v2\/types\/post"}],"author":[{"embeddable":true,"href":"https:\/\/ismaelcolosi.com.br\/index.php\/wp-json\/wp\/v2\/users\/1"}],"replies":[{"embeddable":true,"href":"https:\/\/ismaelcolosi.com.br\/index.php\/wp-json\/wp\/v2\/comments?post=59638"}],"version-history":[{"count":0,"href":"https:\/\/ismaelcolosi.com.br\/index.php\/wp-json\/wp\/v2\/posts\/59638\/revisions"}],"wp:featuredmedia":[{"embeddable":true,"href":"https:\/\/ismaelcolosi.com.br\/index.php\/wp-json\/wp\/v2\/media\/59639"}],"wp:attachment":[{"href":"https:\/\/ismaelcolosi.com.br\/index.php\/wp-json\/wp\/v2\/media?parent=59638"}],"wp:term":[{"taxonomy":"category","embeddable":true,"href":"https:\/\/ismaelcolosi.com.br\/index.php\/wp-json\/wp\/v2\/categories?post=59638"},{"taxonomy":"post_tag","embeddable":true,"href":"https:\/\/ismaelcolosi.com.br\/index.php\/wp-json\/wp\/v2\/tags?post=59638"}],"curies":[{"name":"wp","href":"https:\/\/api.w.org\/{rel}","templated":true}]}}