{"id":59636,"date":"2024-08-10T12:01:35","date_gmt":"2024-08-10T15:01:35","guid":{"rendered":"https:\/\/ismaelcolosi.com.br\/index.php\/2024\/08\/10\/motorista-morre-em-colisao-entre-dois-carros-na-rodovia-anhanguera\/"},"modified":"2024-08-10T12:01:35","modified_gmt":"2024-08-10T15:01:35","slug":"motorista-morre-em-colisao-entre-dois-carros-na-rodovia-anhanguera","status":"publish","type":"post","link":"https:\/\/ismaelcolosi.com.br\/index.php\/2024\/08\/10\/motorista-morre-em-colisao-entre-dois-carros-na-rodovia-anhanguera\/","title":{"rendered":"Motorista morre em colis\u00e3o entre dois carros na rodovia Anhanguera"},"content":{"rendered":"<p> <br \/>\n<\/p>\n<div data-td-block-uid=\"tdi_106\">\n<div class=\"tdb-block-inner td-fix-index\">\n<p>Uma pessoa morreu ap\u00f3s dois carros baterem de frente na madrugada deste s\u00e1bado (10), na <strong>rodovia Anhanguera<\/strong>, em <strong>Sales Oliveira<\/strong>, na regi\u00e3o de <strong>Ribeir\u00e3o Preto<\/strong>. <mark style=\"background-color:#fcb900\" class=\"has-inline-color has-black-color\">O acidente aconteceu na altura do quil\u00f4metro 359.<\/mark><\/p>\n<p>Segundo as primeiras informa\u00e7\u00f5es, <mark style=\"background-color:#fcb900\" class=\"has-inline-color has-black-color\">um carro com cinco pessoas viajava no sentido interior quando se chocou com outro carro, que vinha na contram\u00e3o.<\/mark><\/p>\n<p>A motorista do carro que estava na contram\u00e3o morreu no local, enquanto que a outra motorista foi socorrida com ferimentos graves. Mais ningu\u00e9m ficou ferido.<\/p>\n<p>Equipes do <strong>Corpo de Bombeiros de Orl\u00e2ndia<\/strong>, da concession\u00e1ria<strong> Entrevias <\/strong>e da <strong>Pol\u00edcia Militar Rodovi\u00e1ria<\/strong> atenderam a ocorr\u00eancia. Duas faixas precisaram ser interditadas.<\/p>\n<p>SAIBA MAIS<br \/>Veja at\u00e9 quando a chuva e o frio continuam no interior de SP<\/p>\n<h4 class=\"wp-block-heading\"><strong>FIQUE ON<\/strong><\/h4>\n<p>Fique ligado em tudo que acontece em Ribeir\u00e3o Preto e regi\u00e3o. Siga os perfis do\u00a0<strong>acidade on\u00a0<\/strong>no\u00a0<a href=\"https:\/\/www.instagram.com\/acidadeonribeirao\" target=\"_blank\" rel=\"noreferrer noopener\">Instagram<\/a>\u00a0e no\u00a0<a href=\"https:\/\/www.facebook.com\/acidadeonribeirao\" target=\"_blank\" rel=\"noreferrer noopener\">Facebook<\/a>.<\/p>\n<p>Receba not\u00edcias do <strong>acidade on<\/strong> no WhatsApp. Para entrar no grupo, basta\u00a0<a href=\"https:\/\/chat.whatsapp.com\/Dtv9mxhy6V5BJBotM2OQ5k\" target=\"_blank\" rel=\"noreferrer noopener\">clicar aqui<\/a>.<\/p>\n<p>Fa\u00e7a uma den\u00fancia ou sugira uma reportagem sobre Ribeir\u00e3o Preto e regi\u00e3o pelo WhatsApp: 16 99117 7802.<\/p>\n<p>VEJA TAMB\u00c9M<br \/>Quem \u00e9 Gabz em \u2018Mania de Voc\u00ea\u2019?<\/p>\n<p><!-- CONTENT END 1 -->\n<\/div>\n<\/div>\n<p><script async src=\"\/\/www.instagram.com\/embed.js\"><\/script><br \/>\n<br \/><br \/>\n<br \/><a href=\"https:\/\/www.acidadeon.com\/ribeiraopreto\/cotidiano\/motorista-morre-em-colisao-entre-dois-carros-na-rodovia-anhanguera\/\">Source link <\/a><\/p>\n","protected":false},"excerpt":{"rendered":"<p>Uma pessoa morreu ap\u00f3s dois carros baterem de frente na madrugada deste s\u00e1bado (10), na rodovia Anhanguera, em Sales Oliveira, na regi\u00e3o de Ribeir\u00e3o Preto&#8230;.<\/p>\n","protected":false},"author":1,"featured_media":59637,"comment_status":"open","ping_status":"open","sticky":false,"template":"","format":"standard","meta":{"_uag_custom_page_level_css":"","advanced_seo_description":"","jetpack_seo_html_title":"","jetpack_seo_noindex":false,"jetpack_post_was_ever_published":false,"_jetpack_newsletter_access":"","_jetpack_dont_email_post_to_subs":false,"_jetpack_newsletter_tier_id":0,"_jetpack_memberships_contains_paywalled_content":false,"_jetpack_memberships_contains_paid_content":false,"footnotes":"","jetpack_publicize_message":"","jetpack_publicize_feature_enabled":true,"jetpack_social_post_already_shared":true,"jetpack_social_options":{"image_generator_settings":{"template":"highway","default_image_id":0,"font":"","enabled":false},"version":2}},"categories":[11],"tags":[],"class_list":["post-59636","post","type-post","status-publish","format-standard","has-post-thumbnail","hentry","category-noticias-de-ribeirao-preto-sp-e-regiao-ismael-colosi"],"jetpack_publicize_connections":[],"jetpack_featured_media_url":"https:\/\/i0.wp.com\/ismaelcolosi.com.br\/wp-content\/uploads\/2024\/08\/acidente-anhanguera-3_2024-08-10_14-55-54_jpeg_2024-08-10_14-55-54.webp.webp?fit=1600%2C900&ssl=1","uagb_featured_image_src":{"full":["https:\/\/i0.wp.com\/ismaelcolosi.com.br\/wp-content\/uploads\/2024\/08\/acidente-anhanguera-3_2024-08-10_14-55-54_jpeg_2024-08-10_14-55-54.webp.webp?fit=1600%2C900&ssl=1",1600,900,false],"thumbnail":["https:\/\/i0.wp.com\/ismaelcolosi.com.br\/wp-content\/uploads\/2024\/08\/acidente-anhanguera-3_2024-08-10_14-55-54_jpeg_2024-08-10_14-55-54.webp.webp?resize=150%2C150&ssl=1",150,150,true],"medium":["https:\/\/i0.wp.com\/ismaelcolosi.com.br\/wp-content\/uploads\/2024\/08\/acidente-anhanguera-3_2024-08-10_14-55-54_jpeg_2024-08-10_14-55-54.webp.webp?fit=300%2C169&ssl=1",300,169,true],"medium_large":["https:\/\/i0.wp.com\/ismaelcolosi.com.br\/wp-content\/uploads\/2024\/08\/acidente-anhanguera-3_2024-08-10_14-55-54_jpeg_2024-08-10_14-55-54.webp.webp?fit=768%2C432&ssl=1",768,432,true],"large":["https:\/\/i0.wp.com\/ismaelcolosi.com.br\/wp-content\/uploads\/2024\/08\/acidente-anhanguera-3_2024-08-10_14-55-54_jpeg_2024-08-10_14-55-54.webp.webp?fit=1024%2C576&ssl=1",1024,576,true],"1536x1536":["https:\/\/i0.wp.com\/ismaelcolosi.com.br\/wp-content\/uploads\/2024\/08\/acidente-anhanguera-3_2024-08-10_14-55-54_jpeg_2024-08-10_14-55-54.webp.webp?fit=1536%2C864&ssl=1",1536,864,true],"2048x2048":["https:\/\/i0.wp.com\/ismaelcolosi.com.br\/wp-content\/uploads\/2024\/08\/acidente-anhanguera-3_2024-08-10_14-55-54_jpeg_2024-08-10_14-55-54.webp.webp?fit=1600%2C900&ssl=1",1600,900,true],"really-simple-thumb":["https:\/\/i0.wp.com\/ismaelcolosi.com.br\/wp-content\/uploads\/2024\/08\/acidente-anhanguera-3_2024-08-10_14-55-54_jpeg_2024-08-10_14-55-54.webp.webp?resize=370%2C247&ssl=1",370,247,true]},"uagb_author_info":{"display_name":"ismaelcolosi.com.br","author_link":"https:\/\/ismaelcolosi.com.br\/index.php\/author\/vidareal-online\/"},"uagb_comment_info":0,"uagb_excerpt":"Uma pessoa morreu ap\u00f3s dois carros baterem de frente na madrugada deste s\u00e1bado (10), na rodovia Anhanguera, em Sales Oliveira, na regi\u00e3o de Ribeir\u00e3o Preto....","jetpack-related-posts":[{"id":49754,"url":"https:\/\/ismaelcolosi.com.br\/index.php\/2024\/05\/13\/professor-e-preso-por-embriaguez-apos-dirigir-na-contramao-no-centro-de-ribeirao-preto\/","url_meta":{"origin":59636,"position":0},"title":"Professor \u00e9 preso por embriaguez ap\u00f3s dirigir na contram\u00e3o no Centro de Ribeir\u00e3o Preto","author":"ismaelcolosi.com.br","date":"13 de May de 2024","format":false,"excerpt":"Na madrugada de domingo (12), um professor de 55 anos foi preso por embriaguez ao volante ap\u00f3s dirigir na contram\u00e3o na rua Bar\u00e3o do Amazonas, no Centro de Ribeir\u00e3o Preto. Segundo o BO (boletim de ocorr\u00eancia),\u00a0os policiais militares foram acionados e quando chegaram no local, encontraram o motorista dentro do\u2026","rel":"","context":"In &quot;Not\u00edcias de Ribeir\u00e3o Preto-SP e Regi\u00e3o&quot;","block_context":{"text":"Not\u00edcias de Ribeir\u00e3o Preto-SP e Regi\u00e3o","link":"https:\/\/ismaelcolosi.com.br\/index.php\/category\/noticias-de-ribeirao-preto-sp-e-regiao-ismael-colosi\/"},"img":{"alt_text":"","src":"https:\/\/i0.wp.com\/ismaelcolosi.com.br\/wp-content\/uploads\/2024\/05\/WhatsApp-Image-2023-12-23-at-12.01.31.jpeg?fit=480%2C245&ssl=1&resize=350%2C200","width":350,"height":200},"classes":[]},{"id":52146,"url":"https:\/\/ismaelcolosi.com.br\/index.php\/2024\/06\/04\/homem-morre-atropelado-na-rodovia-anhanguera-em-ribeirao-preto\/","url_meta":{"origin":59636,"position":1},"title":"Homem morre atropelado na rodovia Anhanguera em Ribeir\u00e3o Preto","author":"ismaelcolosi.com.br","date":"4 de June de 2024","format":false,"excerpt":"Um homem, ainda n\u00e3o identificado, morreu na noite desta segunda-feira (3), ap\u00f3s ser atropelado no quil\u00f4metro 18 da rodovia Anhanguera (SP-330), em Ribeir\u00e3o Preto. Um carro e um caminh\u00e3o, que seguiam atr\u00e1s, bateram ao tentar desviar do corpo. Segundo o\u00a0Boletim de Ocorr\u00eancia (B.O.), o motorista do carro que se envolveu\u2026","rel":"","context":"In &quot;Not\u00edcias de Ribeir\u00e3o Preto-SP e Regi\u00e3o&quot;","block_context":{"text":"Not\u00edcias de Ribeir\u00e3o Preto-SP e Regi\u00e3o","link":"https:\/\/ismaelcolosi.com.br\/index.php\/category\/noticias-de-ribeirao-preto-sp-e-regiao-ismael-colosi\/"},"img":{"alt_text":"","src":"https:\/\/i0.wp.com\/ismaelcolosi.com.br\/wp-content\/uploads\/2024\/06\/policia_militar_1024x576_17072021134619.jpg?fit=1024%2C576&ssl=1&resize=350%2C200","width":350,"height":200,"srcset":"https:\/\/i0.wp.com\/ismaelcolosi.com.br\/wp-content\/uploads\/2024\/06\/policia_militar_1024x576_17072021134619.jpg?fit=1024%2C576&ssl=1&resize=350%2C200 1x, https:\/\/i0.wp.com\/ismaelcolosi.com.br\/wp-content\/uploads\/2024\/06\/policia_militar_1024x576_17072021134619.jpg?fit=1024%2C576&ssl=1&resize=525%2C300 1.5x, https:\/\/i0.wp.com\/ismaelcolosi.com.br\/wp-content\/uploads\/2024\/06\/policia_militar_1024x576_17072021134619.jpg?fit=1024%2C576&ssl=1&resize=700%2C400 2x"},"classes":[]},{"id":64437,"url":"https:\/\/ismaelcolosi.com.br\/index.php\/2024\/09\/07\/anhanguera-e-interditada-apos-acidente-na-regiao-de-ribeirao-uma-pessoa-morreu\/","url_meta":{"origin":59636,"position":2},"title":"Anhanguera \u00e9 interditada ap\u00f3s acidente na regi\u00e3o de Ribeir\u00e3o; uma pessoa morreu","author":"ismaelcolosi.com.br","date":"7 de September de 2024","format":false,"excerpt":"Uma pessoa morreu em um acidente na rodovia Anhanguera, na altura de Ituverava, na regi\u00e3o de Ribeir\u00e3o Preto, no final da manh\u00e3 deste s\u00e1bado (7). Por conta do acidente, a Anhanguera precisou ser interditada. O bloqueio aconteceu na altura do quil\u00f4metro 426, em Buritizal, no sentido Ribeir\u00e3o Preto, e na\u2026","rel":"","context":"In &quot;Not\u00edcias de Ribeir\u00e3o Preto-SP e Regi\u00e3o&quot;","block_context":{"text":"Not\u00edcias de Ribeir\u00e3o Preto-SP e Regi\u00e3o","link":"https:\/\/ismaelcolosi.com.br\/index.php\/category\/noticias-de-ribeirao-preto-sp-e-regiao-ismael-colosi\/"},"img":{"alt_text":"","src":"https:\/\/i0.wp.com\/ismaelcolosi.com.br\/wp-content\/uploads\/2024\/09\/ACIDENTE-ANHANGUERA_2024-09-07_16-53-46_jpg_2024-09-07_16-53-46.webp.webp?fit=896%2C541&ssl=1&resize=350%2C200","width":350,"height":200,"srcset":"https:\/\/i0.wp.com\/ismaelcolosi.com.br\/wp-content\/uploads\/2024\/09\/ACIDENTE-ANHANGUERA_2024-09-07_16-53-46_jpg_2024-09-07_16-53-46.webp.webp?fit=896%2C541&ssl=1&resize=350%2C200 1x, https:\/\/i0.wp.com\/ismaelcolosi.com.br\/wp-content\/uploads\/2024\/09\/ACIDENTE-ANHANGUERA_2024-09-07_16-53-46_jpg_2024-09-07_16-53-46.webp.webp?fit=896%2C541&ssl=1&resize=525%2C300 1.5x, https:\/\/i0.wp.com\/ismaelcolosi.com.br\/wp-content\/uploads\/2024\/09\/ACIDENTE-ANHANGUERA_2024-09-07_16-53-46_jpg_2024-09-07_16-53-46.webp.webp?fit=896%2C541&ssl=1&resize=700%2C400 2x"},"classes":[]},{"id":40408,"url":"https:\/\/ismaelcolosi.com.br\/index.php\/2024\/03\/03\/homem-morre-em-acidente-em-vicinal-da-regiao-de-ribeirao-preto\/","url_meta":{"origin":59636,"position":3},"title":"Homem morre em acidente em vicinal da regi\u00e3o de Ribeir\u00e3o Preto","author":"ismaelcolosi.com.br","date":"3 de March de 2024","format":false,"excerpt":"Um homem morreu e outras duas pessoas ficaram feridas ap\u00f3s um acidente entre dois carros na vicinal Alc\u00eddio Balbo, que liga Sert\u00e3ozinho ao distrito de Cruz das Posses, na noite de s\u00e1bado (3). Segundo informa\u00e7\u00f5es apuradas pelo portal acidadeon Ribeir\u00e3o, os ve\u00edculos seguiam em sentidos opostos quando por motivos ainda\u2026","rel":"","context":"In &quot;Not\u00edcias de Ribeir\u00e3o Preto-SP e Regi\u00e3o&quot;","block_context":{"text":"Not\u00edcias de Ribeir\u00e3o Preto-SP e Regi\u00e3o","link":"https:\/\/ismaelcolosi.com.br\/index.php\/category\/noticias-de-ribeirao-preto-sp-e-regiao-ismael-colosi\/"},"img":{"alt_text":"","src":"https:\/\/i0.wp.com\/ismaelcolosi.com.br\/wp-content\/uploads\/2024\/03\/PMR-3.jpg?fit=1200%2C907&ssl=1&resize=350%2C200","width":350,"height":200,"srcset":"https:\/\/i0.wp.com\/ismaelcolosi.com.br\/wp-content\/uploads\/2024\/03\/PMR-3.jpg?fit=1200%2C907&ssl=1&resize=350%2C200 1x, https:\/\/i0.wp.com\/ismaelcolosi.com.br\/wp-content\/uploads\/2024\/03\/PMR-3.jpg?fit=1200%2C907&ssl=1&resize=525%2C300 1.5x, https:\/\/i0.wp.com\/ismaelcolosi.com.br\/wp-content\/uploads\/2024\/03\/PMR-3.jpg?fit=1200%2C907&ssl=1&resize=700%2C400 2x, https:\/\/i0.wp.com\/ismaelcolosi.com.br\/wp-content\/uploads\/2024\/03\/PMR-3.jpg?fit=1200%2C907&ssl=1&resize=1050%2C600 3x"},"classes":[]},{"id":55015,"url":"https:\/\/ismaelcolosi.com.br\/index.php\/2024\/06\/29\/identificado-jovem-que-morreu-apos-acidente-em-rodovia-da-regiao-de-ribeirao-preto\/","url_meta":{"origin":59636,"position":4},"title":"Identificado jovem que morreu ap\u00f3s acidente em rodovia da regi\u00e3o de Ribeir\u00e3o Preto","author":"ismaelcolosi.com.br","date":"29 de June de 2024","format":false,"excerpt":"O jovem que morreu em um acidente no quil\u00f4metro 211 da rodovia Deputado Cunha Bueno (SP-253), em Jaboticabal, na regi\u00e3o de Ribeir\u00e3o Preto, foi identificado como Renan Izildo Antonio, de 28 anos. O acidente ocorreu na tarde de sexta-feira (28). Renan era de Monte Alto, cursava engenharia agron\u00f4mica e, de\u2026","rel":"","context":"In &quot;Not\u00edcias de Ribeir\u00e3o Preto-SP e Regi\u00e3o&quot;","block_context":{"text":"Not\u00edcias de Ribeir\u00e3o Preto-SP e Regi\u00e3o","link":"https:\/\/ismaelcolosi.com.br\/index.php\/category\/noticias-de-ribeirao-preto-sp-e-regiao-ismael-colosi\/"},"img":{"alt_text":"","src":"https:\/\/i0.wp.com\/ismaelcolosi.com.br\/wp-content\/uploads\/2024\/06\/Copia-de-Copia-de-TAMANHO-EXATO-PARA-FOTOS-NO-SISTEMA-NOVO-27_2024-06-29_15-51-24_jpg_2024-06-29_15-51-25.webp.webp?fit=1200%2C675&ssl=1&resize=350%2C200","width":350,"height":200,"srcset":"https:\/\/i0.wp.com\/ismaelcolosi.com.br\/wp-content\/uploads\/2024\/06\/Copia-de-Copia-de-TAMANHO-EXATO-PARA-FOTOS-NO-SISTEMA-NOVO-27_2024-06-29_15-51-24_jpg_2024-06-29_15-51-25.webp.webp?fit=1200%2C675&ssl=1&resize=350%2C200 1x, https:\/\/i0.wp.com\/ismaelcolosi.com.br\/wp-content\/uploads\/2024\/06\/Copia-de-Copia-de-TAMANHO-EXATO-PARA-FOTOS-NO-SISTEMA-NOVO-27_2024-06-29_15-51-24_jpg_2024-06-29_15-51-25.webp.webp?fit=1200%2C675&ssl=1&resize=525%2C300 1.5x, https:\/\/i0.wp.com\/ismaelcolosi.com.br\/wp-content\/uploads\/2024\/06\/Copia-de-Copia-de-TAMANHO-EXATO-PARA-FOTOS-NO-SISTEMA-NOVO-27_2024-06-29_15-51-24_jpg_2024-06-29_15-51-25.webp.webp?fit=1200%2C675&ssl=1&resize=700%2C400 2x, https:\/\/i0.wp.com\/ismaelcolosi.com.br\/wp-content\/uploads\/2024\/06\/Copia-de-Copia-de-TAMANHO-EXATO-PARA-FOTOS-NO-SISTEMA-NOVO-27_2024-06-29_15-51-24_jpg_2024-06-29_15-51-25.webp.webp?fit=1200%2C675&ssl=1&resize=1050%2C600 3x"},"classes":[]},{"id":58080,"url":"https:\/\/ismaelcolosi.com.br\/index.php\/2024\/07\/26\/motorista-morre-depois-de-bater-em-traseira-de-caminhao-em-rodovia-da-regiao-de-ribeirao\/","url_meta":{"origin":59636,"position":5},"title":"Motorista morre depois de bater em traseira de caminh\u00e3o em rodovia da regi\u00e3o de Ribeir\u00e3o","author":"ismaelcolosi.com.br","date":"26 de July de 2024","format":false,"excerpt":"Um motorista morreu, ap\u00f3s bater o carro na traseira de um caminh\u00e3o, no quil\u00f4metro 267 da rodovia Anhanguera (SP-330) em S\u00e3o Sim\u00e3o. A batida foi na tarde desta sexta-feira (26). De acordo com a Arteris\/ViaPaulista, uma mulher de 24 anos foi socorrida em estado grave e duas crian\u00e7as, de cinco\u2026","rel":"","context":"In &quot;Not\u00edcias de Ribeir\u00e3o Preto-SP e Regi\u00e3o&quot;","block_context":{"text":"Not\u00edcias de Ribeir\u00e3o Preto-SP e Regi\u00e3o","link":"https:\/\/ismaelcolosi.com.br\/index.php\/category\/noticias-de-ribeirao-preto-sp-e-regiao-ismael-colosi\/"},"img":{"alt_text":"","src":"https:\/\/i0.wp.com\/ismaelcolosi.com.br\/wp-content\/uploads\/2024\/07\/Copia-de-Copia-de-TAMANHO-EXATO-PARA-FOTOS-NO-SISTEMA-NOVO-2_2024-07-26_21-32-36_png_2024-07-26_21-32-36.webp.webp?fit=1200%2C675&ssl=1&resize=350%2C200","width":350,"height":200,"srcset":"https:\/\/i0.wp.com\/ismaelcolosi.com.br\/wp-content\/uploads\/2024\/07\/Copia-de-Copia-de-TAMANHO-EXATO-PARA-FOTOS-NO-SISTEMA-NOVO-2_2024-07-26_21-32-36_png_2024-07-26_21-32-36.webp.webp?fit=1200%2C675&ssl=1&resize=350%2C200 1x, https:\/\/i0.wp.com\/ismaelcolosi.com.br\/wp-content\/uploads\/2024\/07\/Copia-de-Copia-de-TAMANHO-EXATO-PARA-FOTOS-NO-SISTEMA-NOVO-2_2024-07-26_21-32-36_png_2024-07-26_21-32-36.webp.webp?fit=1200%2C675&ssl=1&resize=525%2C300 1.5x, https:\/\/i0.wp.com\/ismaelcolosi.com.br\/wp-content\/uploads\/2024\/07\/Copia-de-Copia-de-TAMANHO-EXATO-PARA-FOTOS-NO-SISTEMA-NOVO-2_2024-07-26_21-32-36_png_2024-07-26_21-32-36.webp.webp?fit=1200%2C675&ssl=1&resize=700%2C400 2x, https:\/\/i0.wp.com\/ismaelcolosi.com.br\/wp-content\/uploads\/2024\/07\/Copia-de-Copia-de-TAMANHO-EXATO-PARA-FOTOS-NO-SISTEMA-NOVO-2_2024-07-26_21-32-36_png_2024-07-26_21-32-36.webp.webp?fit=1200%2C675&ssl=1&resize=1050%2C600 3x"},"classes":[]}],"jetpack_sharing_enabled":true,"jetpack_shortlink":"https:\/\/wp.me\/pfMlyK-fvS","_links":{"self":[{"href":"https:\/\/ismaelcolosi.com.br\/index.php\/wp-json\/wp\/v2\/posts\/59636","targetHints":{"allow":["GET"]}}],"collection":[{"href":"https:\/\/ismaelcolosi.com.br\/index.php\/wp-json\/wp\/v2\/posts"}],"about":[{"href":"https:\/\/ismaelcolosi.com.br\/index.php\/wp-json\/wp\/v2\/types\/post"}],"author":[{"embeddable":true,"href":"https:\/\/ismaelcolosi.com.br\/index.php\/wp-json\/wp\/v2\/users\/1"}],"replies":[{"embeddable":true,"href":"https:\/\/ismaelcolosi.com.br\/index.php\/wp-json\/wp\/v2\/comments?post=59636"}],"version-history":[{"count":0,"href":"https:\/\/ismaelcolosi.com.br\/index.php\/wp-json\/wp\/v2\/posts\/59636\/revisions"}],"wp:featuredmedia":[{"embeddable":true,"href":"https:\/\/ismaelcolosi.com.br\/index.php\/wp-json\/wp\/v2\/media\/59637"}],"wp:attachment":[{"href":"https:\/\/ismaelcolosi.com.br\/index.php\/wp-json\/wp\/v2\/media?parent=59636"}],"wp:term":[{"taxonomy":"category","embeddable":true,"href":"https:\/\/ismaelcolosi.com.br\/index.php\/wp-json\/wp\/v2\/categories?post=59636"},{"taxonomy":"post_tag","embeddable":true,"href":"https:\/\/ismaelcolosi.com.br\/index.php\/wp-json\/wp\/v2\/tags?post=59636"}],"curies":[{"name":"wp","href":"https:\/\/api.w.org\/{rel}","templated":true}]}}