{"id":59634,"date":"2024-08-10T11:35:04","date_gmt":"2024-08-10T14:35:04","guid":{"rendered":"https:\/\/ismaelcolosi.com.br\/index.php\/2024\/08\/10\/circo-magico-do-chaves-chega-a-ribeirao-preto\/"},"modified":"2024-08-10T11:35:04","modified_gmt":"2024-08-10T14:35:04","slug":"circo-magico-do-chaves-chega-a-ribeirao-preto","status":"publish","type":"post","link":"https:\/\/ismaelcolosi.com.br\/index.php\/2024\/08\/10\/circo-magico-do-chaves-chega-a-ribeirao-preto\/","title":{"rendered":"Circo M\u00e1gico do Chaves chega a Ribeir\u00e3o Preto"},"content":{"rendered":"<p> <br \/>\n<\/p>\n<div data-td-block-uid=\"tdi_106\">\n<div class=\"tdb-block-inner td-fix-index\">\n<p>O <strong>Circo M\u00e1gico do Chaves<\/strong> chega a <strong>Ribeir\u00e3o Preto<\/strong> para uma nova temporada, no <strong>pr\u00f3ximo dia 16 de agosto<\/strong>. A estrutura ser\u00e1 montada no estacionamento do <strong>Ribeir\u00e3o Shopping<\/strong>, na <strong>zona Sul<\/strong>.<\/p>\n<p>A estrutura conta com <strong>espa\u00e7os para fotos<\/strong>,<strong> lanchonete tem\u00e1tica<\/strong> e a <strong>reprodu\u00e7\u00e3o de diversos ambientes do seriado<\/strong>.<\/p>\n<p>Em sua <strong>programa\u00e7\u00e3o<\/strong>, o <strong>circo<\/strong> apresentar\u00e1 um espet\u00e1culo com todos os personagens da vila, shows de m\u00e1gica, malabarismos, acrobacias, canto e dan\u00e7a. Ao todo, s\u00e3o <strong>25 artistas<\/strong> entre cantores, atores e profissionais de circo que comp\u00f5e a equipe.<\/p>\n<h4 class=\"wp-block-heading\"><strong>Ingressos e sess\u00f5es<\/strong><\/h4>\n<p>Os<strong> ingressos<\/strong> podem ser comprados <strong>on-line<\/strong> (<a href=\"https:\/\/www.ticketson.com.br\/Chaves.html\" target=\"_blank\" rel=\"noreferrer noopener\">clique aqui)<\/a>, tamb\u00e9m \u00e9 poss\u00edvel ver mapa de lugares no site. Os valores variam entre os setores, veja:<\/p>\n<ul>\n<li>Cadeira Lateral | R$ 25 (meia-entrada) R$ 50 (inteira)<\/li>\n<li>Cadeira Central | R$ 35 (meia-entrada) R$ 70 (inteira)<\/li>\n<li>Cadeira Camarote | R$ 60 (meia-entrada) R$ 120 (inteira)<\/li>\n<\/ul>\n<p><mark style=\"background-color:#fcb900\" class=\"has-inline-color has-black-color\">Crian\u00e7as de at\u00e9 12 anos podem garantir meia-entrada.<\/mark><\/p>\n<p>As <strong>sess\u00f5es<\/strong> acontecem de <strong>quinta-feira a domingo<\/strong>, sendo as <strong>quintas e sextas-feiras<\/strong>, \u00e0s <strong>19h30<\/strong>, aos <strong>s\u00e1bados <\/strong>\u00e0s <strong>16h30 <\/strong>e<strong> 19h30<\/strong> e aos <strong>domingos<\/strong> \u00e0s <strong>15h e 18h<\/strong>.<\/p>\n<h4 class=\"wp-block-heading\"><strong>Servi\u00e7o<\/strong><\/h4>\n<p><strong>Circo M\u00e1gico do Chaves<\/strong><\/p>\n<p><strong>Estreia:<\/strong> 16 de agosto, sexta-feira<br \/><strong>Hor\u00e1rio: <\/strong>Quintas e sexta-feira: \u00e0s 19h30 | s\u00e1bados \u00e0s 16h30 e 19h30 | domingos \u00e0s 15h e 18h<br \/><strong>Local:<\/strong> Estacionamento do Ribeir\u00e3o Shopping<br \/><strong>Ingressos: <\/strong>A partir de R$ 25, podem ser adquiridos on-line (<a href=\"https:\/\/www.ticketson.com.br\/Chaves.html\" target=\"_blank\" rel=\"noreferrer noopener\">clique aqui)<\/a><\/p>\n<p>SAIBA MAIS<br \/>Veja at\u00e9 quando a chuva e o frio continuam no interior de SP<\/p>\n<h4 class=\"wp-block-heading\"><strong>FIQUE ON<\/strong><\/h4>\n<p>Fique ligado em tudo que acontece em Ribeir\u00e3o Preto e regi\u00e3o. Siga os perfis do <strong>acidade on <\/strong>no <a href=\"https:\/\/www.instagram.com\/acidadeonribeirao\" target=\"_blank\" rel=\"noreferrer noopener\">Instagram<\/a> e no <a href=\"https:\/\/www.facebook.com\/acidadeonribeirao\" target=\"_blank\" rel=\"noreferrer noopener\">Facebook<\/a>.<\/p>\n<p>Receba not\u00edcias do acidade on no WhatsApp. Para entrar no grupo, basta <a href=\"https:\/\/chat.whatsapp.com\/Dtv9mxhy6V5BJBotM2OQ5k\" target=\"_blank\" rel=\"noreferrer noopener\">clicar aqui<\/a>.<\/p>\n<p>Fa\u00e7a uma den\u00fancia ou sugira uma reportagem sobre Ribeir\u00e3o Preto e regi\u00e3o pelo WhatsApp: 16 99117 7802.<\/p>\n<p>VEJA TAMB\u00c9M<br \/>Quem s\u00e3o os participantes do \u201cEstrela da Casa\u201d?<\/p>\n<p><!-- CONTENT END 1 -->\n<\/div>\n<\/div>\n<p><script async src=\"\/\/www.instagram.com\/embed.js\"><\/script><br \/>\n<br \/><br \/>\n<br \/><a href=\"https:\/\/www.acidadeon.com\/ribeiraopreto\/lazer-e-cultura\/circo-magico-do-chaves-chega-a-ribeirao-preto\/\">Source link <\/a><\/p>\n","protected":false},"excerpt":{"rendered":"<p>O Circo M\u00e1gico do Chaves chega a Ribeir\u00e3o Preto para uma nova temporada, no pr\u00f3ximo dia 16 de agosto. A estrutura ser\u00e1 montada no estacionamento&#8230;<\/p>\n","protected":false},"author":1,"featured_media":59635,"comment_status":"open","ping_status":"open","sticky":false,"template":"","format":"standard","meta":{"_uag_custom_page_level_css":"","advanced_seo_description":"","jetpack_seo_html_title":"","jetpack_seo_noindex":false,"jetpack_post_was_ever_published":false,"_jetpack_newsletter_access":"","_jetpack_dont_email_post_to_subs":false,"_jetpack_newsletter_tier_id":0,"_jetpack_memberships_contains_paywalled_content":false,"_jetpack_memberships_contains_paid_content":false,"footnotes":"","jetpack_publicize_message":"","jetpack_publicize_feature_enabled":true,"jetpack_social_post_already_shared":true,"jetpack_social_options":{"image_generator_settings":{"template":"highway","default_image_id":0,"font":"","enabled":false},"version":2}},"categories":[11],"tags":[],"class_list":["post-59634","post","type-post","status-publish","format-standard","has-post-thumbnail","hentry","category-noticias-de-ribeirao-preto-sp-e-regiao-ismael-colosi"],"jetpack_publicize_connections":[],"jetpack_featured_media_url":"https:\/\/i0.wp.com\/ismaelcolosi.com.br\/wp-content\/uploads\/2024\/08\/WhatsApp-Image-2024-08-08-at-18.28.56-1-_2024-08-10_13-51-52_jpg_2024-08-10_13-51-52.webp.webp?fit=1600%2C1000&ssl=1","uagb_featured_image_src":{"full":["https:\/\/i0.wp.com\/ismaelcolosi.com.br\/wp-content\/uploads\/2024\/08\/WhatsApp-Image-2024-08-08-at-18.28.56-1-_2024-08-10_13-51-52_jpg_2024-08-10_13-51-52.webp.webp?fit=1600%2C1000&ssl=1",1600,1000,false],"thumbnail":["https:\/\/i0.wp.com\/ismaelcolosi.com.br\/wp-content\/uploads\/2024\/08\/WhatsApp-Image-2024-08-08-at-18.28.56-1-_2024-08-10_13-51-52_jpg_2024-08-10_13-51-52.webp.webp?resize=150%2C150&ssl=1",150,150,true],"medium":["https:\/\/i0.wp.com\/ismaelcolosi.com.br\/wp-content\/uploads\/2024\/08\/WhatsApp-Image-2024-08-08-at-18.28.56-1-_2024-08-10_13-51-52_jpg_2024-08-10_13-51-52.webp.webp?fit=300%2C188&ssl=1",300,188,true],"medium_large":["https:\/\/i0.wp.com\/ismaelcolosi.com.br\/wp-content\/uploads\/2024\/08\/WhatsApp-Image-2024-08-08-at-18.28.56-1-_2024-08-10_13-51-52_jpg_2024-08-10_13-51-52.webp.webp?fit=768%2C480&ssl=1",768,480,true],"large":["https:\/\/i0.wp.com\/ismaelcolosi.com.br\/wp-content\/uploads\/2024\/08\/WhatsApp-Image-2024-08-08-at-18.28.56-1-_2024-08-10_13-51-52_jpg_2024-08-10_13-51-52.webp.webp?fit=1024%2C640&ssl=1",1024,640,true],"1536x1536":["https:\/\/i0.wp.com\/ismaelcolosi.com.br\/wp-content\/uploads\/2024\/08\/WhatsApp-Image-2024-08-08-at-18.28.56-1-_2024-08-10_13-51-52_jpg_2024-08-10_13-51-52.webp.webp?fit=1536%2C960&ssl=1",1536,960,true],"2048x2048":["https:\/\/i0.wp.com\/ismaelcolosi.com.br\/wp-content\/uploads\/2024\/08\/WhatsApp-Image-2024-08-08-at-18.28.56-1-_2024-08-10_13-51-52_jpg_2024-08-10_13-51-52.webp.webp?fit=1600%2C1000&ssl=1",1600,1000,true],"really-simple-thumb":["https:\/\/i0.wp.com\/ismaelcolosi.com.br\/wp-content\/uploads\/2024\/08\/WhatsApp-Image-2024-08-08-at-18.28.56-1-_2024-08-10_13-51-52_jpg_2024-08-10_13-51-52.webp.webp?resize=370%2C247&ssl=1",370,247,true]},"uagb_author_info":{"display_name":"ismaelcolosi.com.br","author_link":"https:\/\/ismaelcolosi.com.br\/index.php\/author\/vidareal-online\/"},"uagb_comment_info":0,"uagb_excerpt":"O Circo M\u00e1gico do Chaves chega a Ribeir\u00e3o Preto para uma nova temporada, no pr\u00f3ximo dia 16 de agosto. A estrutura ser\u00e1 montada no estacionamento...","jetpack-related-posts":[{"id":66778,"url":"https:\/\/ismaelcolosi.com.br\/index.php\/2024\/09\/19\/veja-ate-quando-o-circo-magico-do-chaves-fica-em-ribeirao-preto\/","url_meta":{"origin":59634,"position":0},"title":"Veja at\u00e9 quando o Circo M\u00e1gico do Chaves fica em Ribeir\u00e3o Preto","author":"ismaelcolosi.com.br","date":"19 de September de 2024","format":false,"excerpt":"A temporada do Circo M\u00e1gico do Chaves em Ribeir\u00e3o Preto est\u00e1 nos \u00faltimos dias. O espet\u00e1culo estreou em 16 de agosto, no estacionamento do Ribeir\u00e3o Shopping, na zona Sul da cidade, traz a magia e a nostalgia do seriado que marcou gera\u00e7\u00f5es. As apresenta\u00e7\u00f5es contam com personagens da vila, malabarismos,\u2026","rel":"","context":"In &quot;Not\u00edcias de Ribeir\u00e3o Preto-SP e Regi\u00e3o&quot;","block_context":{"text":"Not\u00edcias de Ribeir\u00e3o Preto-SP e Regi\u00e3o","link":"https:\/\/ismaelcolosi.com.br\/index.php\/category\/noticias-de-ribeirao-preto-sp-e-regiao-ismael-colosi\/"},"img":{"alt_text":"","src":"https:\/\/i0.wp.com\/ismaelcolosi.com.br\/wp-content\/uploads\/2024\/08\/WhatsApp-Image-2024-08-08-at-18.28.56-1-_2024-08-10_13-51-52_jpg_2024-08-10_13-51-52.webp.webp?fit=1200%2C750&ssl=1&resize=350%2C200","width":350,"height":200,"srcset":"https:\/\/i0.wp.com\/ismaelcolosi.com.br\/wp-content\/uploads\/2024\/08\/WhatsApp-Image-2024-08-08-at-18.28.56-1-_2024-08-10_13-51-52_jpg_2024-08-10_13-51-52.webp.webp?fit=1200%2C750&ssl=1&resize=350%2C200 1x, https:\/\/i0.wp.com\/ismaelcolosi.com.br\/wp-content\/uploads\/2024\/08\/WhatsApp-Image-2024-08-08-at-18.28.56-1-_2024-08-10_13-51-52_jpg_2024-08-10_13-51-52.webp.webp?fit=1200%2C750&ssl=1&resize=525%2C300 1.5x, https:\/\/i0.wp.com\/ismaelcolosi.com.br\/wp-content\/uploads\/2024\/08\/WhatsApp-Image-2024-08-08-at-18.28.56-1-_2024-08-10_13-51-52_jpg_2024-08-10_13-51-52.webp.webp?fit=1200%2C750&ssl=1&resize=700%2C400 2x, https:\/\/i0.wp.com\/ismaelcolosi.com.br\/wp-content\/uploads\/2024\/08\/WhatsApp-Image-2024-08-08-at-18.28.56-1-_2024-08-10_13-51-52_jpg_2024-08-10_13-51-52.webp.webp?fit=1200%2C750&ssl=1&resize=1050%2C600 3x"},"classes":[]},{"id":40821,"url":"https:\/\/ismaelcolosi.com.br\/index.php\/2024\/03\/05\/circo-do-ator-marcos-frota-chega-a-ribeirao-preto\/","url_meta":{"origin":59634,"position":1},"title":"Circo do ator Marcos Frota chega a Ribeir\u00e3o Preto","author":"ismaelcolosi.com.br","date":"5 de March de 2024","format":false,"excerpt":"O circo do ator Marcos Frota, inspirado nos cassinos de Las Vegas, chega a Ribeir\u00e3o Preto no dia 29 de mar\u00e7o. A estrutura ser\u00e1 montada na rodovia Anhanguera, em frente ao Novo Shopping, na zona Leste da cidade. Segundo a organiza\u00e7\u00e3o, este \u00e9 considerado o maior circo da Am\u00e9rica Latina,\u2026","rel":"","context":"In &quot;Not\u00edcias de Ribeir\u00e3o Preto-SP e Regi\u00e3o&quot;","block_context":{"text":"Not\u00edcias de Ribeir\u00e3o Preto-SP e Regi\u00e3o","link":"https:\/\/ismaelcolosi.com.br\/index.php\/category\/noticias-de-ribeirao-preto-sp-e-regiao-ismael-colosi\/"},"img":{"alt_text":"","src":"https:\/\/i0.wp.com\/ismaelcolosi.com.br\/wp-content\/uploads\/2024\/03\/Copia-de-Copia-de-TAMANHO-EXATO-PARA-FOTOS-NO-SISTEMA-NOVO-30.jpg?fit=1200%2C675&ssl=1&resize=350%2C200","width":350,"height":200,"srcset":"https:\/\/i0.wp.com\/ismaelcolosi.com.br\/wp-content\/uploads\/2024\/03\/Copia-de-Copia-de-TAMANHO-EXATO-PARA-FOTOS-NO-SISTEMA-NOVO-30.jpg?fit=1200%2C675&ssl=1&resize=350%2C200 1x, https:\/\/i0.wp.com\/ismaelcolosi.com.br\/wp-content\/uploads\/2024\/03\/Copia-de-Copia-de-TAMANHO-EXATO-PARA-FOTOS-NO-SISTEMA-NOVO-30.jpg?fit=1200%2C675&ssl=1&resize=525%2C300 1.5x, https:\/\/i0.wp.com\/ismaelcolosi.com.br\/wp-content\/uploads\/2024\/03\/Copia-de-Copia-de-TAMANHO-EXATO-PARA-FOTOS-NO-SISTEMA-NOVO-30.jpg?fit=1200%2C675&ssl=1&resize=700%2C400 2x, https:\/\/i0.wp.com\/ismaelcolosi.com.br\/wp-content\/uploads\/2024\/03\/Copia-de-Copia-de-TAMANHO-EXATO-PARA-FOTOS-NO-SISTEMA-NOVO-30.jpg?fit=1200%2C675&ssl=1&resize=1050%2C600 3x"},"classes":[]},{"id":44259,"url":"https:\/\/ismaelcolosi.com.br\/index.php\/2024\/03\/26\/mirage-circus-estrutura-com-mais-de-800-toneladas-de-equipamentos-chega-a-ribeirao\/","url_meta":{"origin":59634,"position":2},"title":"Mirage Circus: Estrutura com mais de 800 toneladas de equipamentos chega a Ribeir\u00e3o","author":"ismaelcolosi.com.br","date":"26 de March de 2024","format":false,"excerpt":"A estrutura do Mirage Circus, inspirado nos casinos de Las Vegas, com mais de 800 toneladas de equipamentos chega a Ribeir\u00e3o Preto na tarde de quinta-feira (28). Ao todo, 20 caminh\u00f5es puxando aproximadamente 32 carretas seguir\u00e3o em comboio at\u00e9 o local onde o circo ser\u00e1 montado, na rodovia Ant\u00f4nio Duarte\u2026","rel":"","context":"In &quot;Not\u00edcias de Ribeir\u00e3o Preto-SP e Regi\u00e3o&quot;","block_context":{"text":"Not\u00edcias de Ribeir\u00e3o Preto-SP e Regi\u00e3o","link":"https:\/\/ismaelcolosi.com.br\/index.php\/category\/noticias-de-ribeirao-preto-sp-e-regiao-ismael-colosi\/"},"img":{"alt_text":"","src":"https:\/\/i0.wp.com\/ismaelcolosi.com.br\/wp-content\/uploads\/2024\/03\/Copia-de-Copia-de-TAMANHO-EXATO-PARA-FOTOS-NO-SISTEMA-NOVO-86.jpg?fit=1200%2C675&ssl=1&resize=350%2C200","width":350,"height":200,"srcset":"https:\/\/i0.wp.com\/ismaelcolosi.com.br\/wp-content\/uploads\/2024\/03\/Copia-de-Copia-de-TAMANHO-EXATO-PARA-FOTOS-NO-SISTEMA-NOVO-86.jpg?fit=1200%2C675&ssl=1&resize=350%2C200 1x, https:\/\/i0.wp.com\/ismaelcolosi.com.br\/wp-content\/uploads\/2024\/03\/Copia-de-Copia-de-TAMANHO-EXATO-PARA-FOTOS-NO-SISTEMA-NOVO-86.jpg?fit=1200%2C675&ssl=1&resize=525%2C300 1.5x, https:\/\/i0.wp.com\/ismaelcolosi.com.br\/wp-content\/uploads\/2024\/03\/Copia-de-Copia-de-TAMANHO-EXATO-PARA-FOTOS-NO-SISTEMA-NOVO-86.jpg?fit=1200%2C675&ssl=1&resize=700%2C400 2x, https:\/\/i0.wp.com\/ismaelcolosi.com.br\/wp-content\/uploads\/2024\/03\/Copia-de-Copia-de-TAMANHO-EXATO-PARA-FOTOS-NO-SISTEMA-NOVO-86.jpg?fit=1200%2C675&ssl=1&resize=1050%2C600 3x"},"classes":[]},{"id":60491,"url":"https:\/\/ismaelcolosi.com.br\/index.php\/2024\/08\/16\/festa-do-peao-teatro-e-zeca-pagodinho-veja-as-opcoes-para-o-fim-de-semana-em-ribeirao-e-regiao\/","url_meta":{"origin":59634,"position":3},"title":"Festa do Pe\u00e3o, teatro e Zeca Pagodinho: Veja as op\u00e7\u00f5es para o fim de semana em Ribeir\u00e3o e regi\u00e3o","author":"ismaelcolosi.com.br","date":"16 de August de 2024","format":false,"excerpt":"A programa\u00e7\u00e3o deste fim de semana em Ribeir\u00e3o Preto e regi\u00e3o conta com diversas atividades culturais com entrada paga e gratuita para quem n\u00e3o quer ficar parado. Entre as op\u00e7\u00f5es, est\u00e3o pe\u00e7as de teatro com Samuel de Assis, Festa do Pe\u00e3o de Barretos e show do Zeca Pagodinho. Confira: E\u2026","rel":"","context":"In &quot;Not\u00edcias de Ribeir\u00e3o Preto-SP e Regi\u00e3o&quot;","block_context":{"text":"Not\u00edcias de Ribeir\u00e3o Preto-SP e Regi\u00e3o","link":"https:\/\/ismaelcolosi.com.br\/index.php\/category\/noticias-de-ribeirao-preto-sp-e-regiao-ismael-colosi\/"},"img":{"alt_text":"","src":"https:\/\/i0.wp.com\/ismaelcolosi.com.br\/wp-content\/uploads\/2024\/08\/Copia-de-Copia-de-Copia-de-TAMANHO-EXATO-PARA-FOTOS-NO-SISTEMA-NOVO-3_2024-08-16_11-59-49_jpg_2024-08-16_11-59-49.webp.webp?fit=1200%2C675&ssl=1&resize=350%2C200","width":350,"height":200,"srcset":"https:\/\/i0.wp.com\/ismaelcolosi.com.br\/wp-content\/uploads\/2024\/08\/Copia-de-Copia-de-Copia-de-TAMANHO-EXATO-PARA-FOTOS-NO-SISTEMA-NOVO-3_2024-08-16_11-59-49_jpg_2024-08-16_11-59-49.webp.webp?fit=1200%2C675&ssl=1&resize=350%2C200 1x, https:\/\/i0.wp.com\/ismaelcolosi.com.br\/wp-content\/uploads\/2024\/08\/Copia-de-Copia-de-Copia-de-TAMANHO-EXATO-PARA-FOTOS-NO-SISTEMA-NOVO-3_2024-08-16_11-59-49_jpg_2024-08-16_11-59-49.webp.webp?fit=1200%2C675&ssl=1&resize=525%2C300 1.5x, https:\/\/i0.wp.com\/ismaelcolosi.com.br\/wp-content\/uploads\/2024\/08\/Copia-de-Copia-de-Copia-de-TAMANHO-EXATO-PARA-FOTOS-NO-SISTEMA-NOVO-3_2024-08-16_11-59-49_jpg_2024-08-16_11-59-49.webp.webp?fit=1200%2C675&ssl=1&resize=700%2C400 2x, https:\/\/i0.wp.com\/ismaelcolosi.com.br\/wp-content\/uploads\/2024\/08\/Copia-de-Copia-de-Copia-de-TAMANHO-EXATO-PARA-FOTOS-NO-SISTEMA-NOVO-3_2024-08-16_11-59-49_jpg_2024-08-16_11-59-49.webp.webp?fit=1200%2C675&ssl=1&resize=1050%2C600 3x"},"classes":[]},{"id":47663,"url":"https:\/\/ismaelcolosi.com.br\/index.php\/2024\/04\/26\/veja-ate-quando-o-circo-do-ator-marcos-frota-vai-ficar-em-ribeirao-preto\/","url_meta":{"origin":59634,"position":4},"title":"Veja at\u00e9 quando o circo do ator Marcos Frota vai ficar em Ribeir\u00e3o Preto","author":"ismaelcolosi.com.br","date":"26 de April de 2024","format":false,"excerpt":"O Mirage Circus, do ator Marcos Frota, instalado na rodovia Ant\u00f4nio Duarte Nogueira, pr\u00f3ximo ao Novo Shopping Center, na zona Leste de Ribeir\u00e3o Preto, anunciou suas \u00faltimas semanas na cidade. Com estrutura inspirada nos cassinos de Las Vegas, o circo oferece ao p\u00fablico espet\u00e1culos com dura\u00e7\u00e3o de aproximadamente 1h45 e\u2026","rel":"","context":"In &quot;Not\u00edcias de Ribeir\u00e3o Preto-SP e Regi\u00e3o&quot;","block_context":{"text":"Not\u00edcias de Ribeir\u00e3o Preto-SP e Regi\u00e3o","link":"https:\/\/ismaelcolosi.com.br\/index.php\/category\/noticias-de-ribeirao-preto-sp-e-regiao-ismael-colosi\/"},"img":{"alt_text":"","src":"https:\/\/i0.wp.com\/ismaelcolosi.com.br\/wp-content\/uploads\/2024\/03\/AnyConv.com__dd940c175d667b6d3d811b7e234990e8.webp.webp?fit=1200%2C675&ssl=1&resize=350%2C200","width":350,"height":200,"srcset":"https:\/\/i0.wp.com\/ismaelcolosi.com.br\/wp-content\/uploads\/2024\/03\/AnyConv.com__dd940c175d667b6d3d811b7e234990e8.webp.webp?fit=1200%2C675&ssl=1&resize=350%2C200 1x, https:\/\/i0.wp.com\/ismaelcolosi.com.br\/wp-content\/uploads\/2024\/03\/AnyConv.com__dd940c175d667b6d3d811b7e234990e8.webp.webp?fit=1200%2C675&ssl=1&resize=525%2C300 1.5x, https:\/\/i0.wp.com\/ismaelcolosi.com.br\/wp-content\/uploads\/2024\/03\/AnyConv.com__dd940c175d667b6d3d811b7e234990e8.webp.webp?fit=1200%2C675&ssl=1&resize=700%2C400 2x, https:\/\/i0.wp.com\/ismaelcolosi.com.br\/wp-content\/uploads\/2024\/03\/AnyConv.com__dd940c175d667b6d3d811b7e234990e8.webp.webp?fit=1200%2C675&ssl=1&resize=1050%2C600 3x"},"classes":[]},{"id":46547,"url":"https:\/\/ismaelcolosi.com.br\/index.php\/2024\/04\/12\/saiba-tudo-sobre-o-mirage-circus-em-ribeirao-preto\/","url_meta":{"origin":59634,"position":5},"title":"Saiba tudo sobre o Mirage Circus em Ribeir\u00e3o Preto","author":"ismaelcolosi.com.br","date":"12 de April de 2024","format":false,"excerpt":"O\u00a0circo\u00a0do ator Marcos Frota, o Mirage Circus, inspirado nos\u00a0cassinos\u00a0de\u00a0Las Vegas,\u00a0chegou\u00a0a\u00a0Ribeir\u00e3o Preto\u00a0no dia 5\u00a0de abril. A estrutura est\u00e1 montada na\u00a0rodovia Ant\u00f4nio Duarte Nogueira, pr\u00f3ximo ao Novo Shopping Center, na\u00a0zona Leste da cidade. Segundo a organiza\u00e7\u00e3o, este \u00e9\u00a0considerado\u00a0o\u00a0maior circo\u00a0da\u00a0Am\u00e9rica Latina, com mais de 800 toneladas de equipamentos, som, luz e painel de\u2026","rel":"","context":"In &quot;Not\u00edcias de Ribeir\u00e3o Preto-SP e Regi\u00e3o&quot;","block_context":{"text":"Not\u00edcias de Ribeir\u00e3o Preto-SP e Regi\u00e3o","link":"https:\/\/ismaelcolosi.com.br\/index.php\/category\/noticias-de-ribeirao-preto-sp-e-regiao-ismael-colosi\/"},"img":{"alt_text":"","src":"https:\/\/i0.wp.com\/ismaelcolosi.com.br\/wp-content\/uploads\/2024\/04\/1712936565_CIRCO.jpg?fit=1200%2C800&ssl=1&resize=350%2C200","width":350,"height":200,"srcset":"https:\/\/i0.wp.com\/ismaelcolosi.com.br\/wp-content\/uploads\/2024\/04\/1712936565_CIRCO.jpg?fit=1200%2C800&ssl=1&resize=350%2C200 1x, https:\/\/i0.wp.com\/ismaelcolosi.com.br\/wp-content\/uploads\/2024\/04\/1712936565_CIRCO.jpg?fit=1200%2C800&ssl=1&resize=525%2C300 1.5x, https:\/\/i0.wp.com\/ismaelcolosi.com.br\/wp-content\/uploads\/2024\/04\/1712936565_CIRCO.jpg?fit=1200%2C800&ssl=1&resize=700%2C400 2x, https:\/\/i0.wp.com\/ismaelcolosi.com.br\/wp-content\/uploads\/2024\/04\/1712936565_CIRCO.jpg?fit=1200%2C800&ssl=1&resize=1050%2C600 3x"},"classes":[]}],"jetpack_sharing_enabled":true,"jetpack_shortlink":"https:\/\/wp.me\/pfMlyK-fvQ","_links":{"self":[{"href":"https:\/\/ismaelcolosi.com.br\/index.php\/wp-json\/wp\/v2\/posts\/59634","targetHints":{"allow":["GET"]}}],"collection":[{"href":"https:\/\/ismaelcolosi.com.br\/index.php\/wp-json\/wp\/v2\/posts"}],"about":[{"href":"https:\/\/ismaelcolosi.com.br\/index.php\/wp-json\/wp\/v2\/types\/post"}],"author":[{"embeddable":true,"href":"https:\/\/ismaelcolosi.com.br\/index.php\/wp-json\/wp\/v2\/users\/1"}],"replies":[{"embeddable":true,"href":"https:\/\/ismaelcolosi.com.br\/index.php\/wp-json\/wp\/v2\/comments?post=59634"}],"version-history":[{"count":0,"href":"https:\/\/ismaelcolosi.com.br\/index.php\/wp-json\/wp\/v2\/posts\/59634\/revisions"}],"wp:featuredmedia":[{"embeddable":true,"href":"https:\/\/ismaelcolosi.com.br\/index.php\/wp-json\/wp\/v2\/media\/59635"}],"wp:attachment":[{"href":"https:\/\/ismaelcolosi.com.br\/index.php\/wp-json\/wp\/v2\/media?parent=59634"}],"wp:term":[{"taxonomy":"category","embeddable":true,"href":"https:\/\/ismaelcolosi.com.br\/index.php\/wp-json\/wp\/v2\/categories?post=59634"},{"taxonomy":"post_tag","embeddable":true,"href":"https:\/\/ismaelcolosi.com.br\/index.php\/wp-json\/wp\/v2\/tags?post=59634"}],"curies":[{"name":"wp","href":"https:\/\/api.w.org\/{rel}","templated":true}]}}