{"id":59622,"date":"2024-08-10T09:59:20","date_gmt":"2024-08-10T12:59:20","guid":{"rendered":"https:\/\/ismaelcolosi.com.br\/index.php\/2024\/08\/10\/veja-ate-quando-a-chuva-e-o-frio-continuam-no-interior-de-sp\/"},"modified":"2024-08-10T09:59:20","modified_gmt":"2024-08-10T12:59:20","slug":"veja-ate-quando-a-chuva-e-o-frio-continuam-no-interior-de-sp","status":"publish","type":"post","link":"https:\/\/ismaelcolosi.com.br\/index.php\/2024\/08\/10\/veja-ate-quando-a-chuva-e-o-frio-continuam-no-interior-de-sp\/","title":{"rendered":"Veja at\u00e9 quando a chuva e o frio continuam no interior de SP"},"content":{"rendered":"<p> <br \/>\n<\/p>\n<div>\n<p>O dia amanheceu <strong>gelado<\/strong> no<strong> interior de S\u00e3o Paulo<\/strong> e, de acordo com a <strong><a href=\"https:\/\/www.climatempo.com.br\/previsao-do-tempo\/15-dias\/cidade\/530\/ribeiraopreto-sp\" target=\"_blank\" rel=\"noreferrer noopener nofollow\">Climatempo<\/a><\/strong><mark style=\"background-color:#fcb900\" class=\"has-inline-color has-black-color\">, as temperaturas devem seguir baixas at\u00e9 a pr\u00f3xima quarta-feira (14)<\/mark>. Em <strong>Ribeir\u00e3o Preto<\/strong>, o s\u00e1bado (10) come\u00e7ou com chuva e os term\u00f4metros com temperaturas pr\u00f3ximas dos 10\u00b0C.<\/p>\n<p>Segundo os meteorologistas, Ribeir\u00e3o Preto deve ter pancadas de chuva pela manh\u00e3 e muitas nuvens no per\u00edodo da tarde. No per\u00edodo da noite, o tempo deve permanecer firme. <mark style=\"background-color:#fcb900\" class=\"has-inline-color has-black-color\">Os term\u00f4metros podem registrar a m\u00e1xima de 22\u00b0C, com m\u00ednima de 12\u00b0C.<\/mark><\/p>\n<p>No domingo (11), as temperaturas devem ficar entre 9\u00b0C e 26\u00b0C. O c\u00e9u deve ter algumas nuvens e n\u00e3o chove.<\/p>\n<p>J\u00e1 segunda-feira (12) deve ter temperaturas entre 10\u00b0C e 26\u00b0C. O dia deve ser de sol e o tempo permanece aberto \u00e0 noite.<\/p>\n<p>Previs\u00e3o parecida com ter\u00e7a-feira (13), quando a m\u00ednima prevista \u00e9 de 9\u00b0C. N\u00e3o h\u00e1 previs\u00e3o de chuva. J\u00e1 na quarta-feira (14), o dia deve come\u00e7ar frio, com m\u00ednima de 10\u00b0C, mas deve esquentar e a m\u00e1xima prevista \u00e9 de 31\u00b0C. N\u00e3o h\u00e1 previs\u00e3o de chuva.<\/p>\n<h4 class=\"wp-block-heading\"><strong>Ciclone refor\u00e7a frio no Brasil<\/strong><\/h4>\n<p><a href=\"https:\/\/www.climatempo.com.br\/noticia\/2024\/08\/09\/novo-ciclone-extratropical-reforcara-o-frio-no-brasil-5976\" target=\"_blank\" rel=\"noreferrer noopener nofollow\">A Climatempo informa que, a partir da pr\u00f3xima semana, o Brasil dever\u00e1 enfrentar um novo e intenso per\u00edodo de frio devido \u00e0 forma\u00e7\u00e3o de um ciclone extratropical em alto mar<\/a>, com influ\u00eancia significativa, especialmente no Sul do Pa\u00eds.<\/p>\n<p>De acordo com o mapa meteorol\u00f3gico, as temperaturas em Mato Grosso do Sul, oeste de S\u00e3o Paulo, Paran\u00e1, Santa Catarina e Rio Grande do Sul poder\u00e3o ficar at\u00e9 5\u00b0C abaixo da m\u00e9dia para o m\u00eas.<\/p>\n<p>SAIBA MAIS<br \/>Confira a programa\u00e7\u00e3o da Feira do Livro de Ribeir\u00e3o Preto neste s\u00e1bado<\/p>\n<h4 class=\"wp-block-heading\"><strong>FIQUE ON<\/strong><\/h4>\n<p>Fique ligado em tudo que acontece em Ribeir\u00e3o Preto e regi\u00e3o. Siga os perfis do <strong>acidade on <\/strong>no <a href=\"https:\/\/www.instagram.com\/acidadeonribeirao\" target=\"_blank\" rel=\"noreferrer noopener nofollow\">Instagram<\/a> e no <a href=\"https:\/\/www.facebook.com\/acidadeonribeirao\/\" target=\"_blank\" rel=\"noreferrer noopener nofollow\">Facebook<\/a>.<\/p>\n<p>Receba not\u00edcias do<strong> acidade on <\/strong>no WhatsApp. <a href=\"https:\/\/chat.whatsapp.com\/Dtv9mxhy6V5BJBotM2OQ5k\" target=\"_blank\" rel=\"noreferrer noopener nofollow\">Para entrar no grupo, basta clicar aqui.<\/a><\/p>\n<p>Fa\u00e7a uma den\u00fancia ou sugira uma reportagem sobre Ribeir\u00e3o Preto e regi\u00e3o pelo WhatsApp: 16 99117 7802.<\/p>\n<p>VEJA TAMB\u00c9M<br \/>Futebol masculino: quem ganhou a medalha de ouro?<\/p>\n<p><!-- CONTENT END 1 -->\n<\/div>\n<p><script async src=\"\/\/www.instagram.com\/embed.js\"><\/script><br \/>\n<br \/><br \/>\n<br \/><a href=\"https:\/\/www.acidadeon.com\/ribeiraopreto\/cotidiano\/veja-ate-quando-a-chuva-e-o-frio-continuam-no-interior-de-sp\/\">Source link <\/a><\/p>\n","protected":false},"excerpt":{"rendered":"<p>O dia amanheceu gelado no interior de S\u00e3o Paulo e, de acordo com a Climatempo, as temperaturas devem seguir baixas at\u00e9 a pr\u00f3xima quarta-feira (14)&#8230;.<\/p>\n","protected":false},"author":1,"featured_media":59623,"comment_status":"open","ping_status":"open","sticky":false,"template":"","format":"standard","meta":{"_uag_custom_page_level_css":"","advanced_seo_description":"","jetpack_seo_html_title":"","jetpack_seo_noindex":false,"jetpack_post_was_ever_published":false,"_jetpack_newsletter_access":"","_jetpack_dont_email_post_to_subs":false,"_jetpack_newsletter_tier_id":0,"_jetpack_memberships_contains_paywalled_content":false,"_jetpack_memberships_contains_paid_content":false,"footnotes":"","jetpack_publicize_message":"","jetpack_publicize_feature_enabled":true,"jetpack_social_post_already_shared":true,"jetpack_social_options":{"image_generator_settings":{"template":"highway","default_image_id":0,"font":"","enabled":false},"version":2}},"categories":[11],"tags":[],"class_list":["post-59622","post","type-post","status-publish","format-standard","has-post-thumbnail","hentry","category-noticias-de-ribeirao-preto-sp-e-regiao-ismael-colosi"],"jetpack_publicize_connections":[],"jetpack_featured_media_url":"https:\/\/i0.wp.com\/ismaelcolosi.com.br\/wp-content\/uploads\/2024\/08\/ceu-nublado_2024-08-10_12-38-56_jpeg_2024-08-10_12-38-56.webp.webp?fit=1280%2C963&ssl=1","uagb_featured_image_src":{"full":["https:\/\/i0.wp.com\/ismaelcolosi.com.br\/wp-content\/uploads\/2024\/08\/ceu-nublado_2024-08-10_12-38-56_jpeg_2024-08-10_12-38-56.webp.webp?fit=1280%2C963&ssl=1",1280,963,false],"thumbnail":["https:\/\/i0.wp.com\/ismaelcolosi.com.br\/wp-content\/uploads\/2024\/08\/ceu-nublado_2024-08-10_12-38-56_jpeg_2024-08-10_12-38-56.webp.webp?resize=150%2C150&ssl=1",150,150,true],"medium":["https:\/\/i0.wp.com\/ismaelcolosi.com.br\/wp-content\/uploads\/2024\/08\/ceu-nublado_2024-08-10_12-38-56_jpeg_2024-08-10_12-38-56.webp.webp?fit=300%2C226&ssl=1",300,226,true],"medium_large":["https:\/\/i0.wp.com\/ismaelcolosi.com.br\/wp-content\/uploads\/2024\/08\/ceu-nublado_2024-08-10_12-38-56_jpeg_2024-08-10_12-38-56.webp.webp?fit=768%2C578&ssl=1",768,578,true],"large":["https:\/\/i0.wp.com\/ismaelcolosi.com.br\/wp-content\/uploads\/2024\/08\/ceu-nublado_2024-08-10_12-38-56_jpeg_2024-08-10_12-38-56.webp.webp?fit=1024%2C770&ssl=1",1024,770,true],"1536x1536":["https:\/\/i0.wp.com\/ismaelcolosi.com.br\/wp-content\/uploads\/2024\/08\/ceu-nublado_2024-08-10_12-38-56_jpeg_2024-08-10_12-38-56.webp.webp?fit=1280%2C963&ssl=1",1280,963,true],"2048x2048":["https:\/\/i0.wp.com\/ismaelcolosi.com.br\/wp-content\/uploads\/2024\/08\/ceu-nublado_2024-08-10_12-38-56_jpeg_2024-08-10_12-38-56.webp.webp?fit=1280%2C963&ssl=1",1280,963,true],"really-simple-thumb":["https:\/\/i0.wp.com\/ismaelcolosi.com.br\/wp-content\/uploads\/2024\/08\/ceu-nublado_2024-08-10_12-38-56_jpeg_2024-08-10_12-38-56.webp.webp?resize=370%2C247&ssl=1",370,247,true]},"uagb_author_info":{"display_name":"ismaelcolosi.com.br","author_link":"https:\/\/ismaelcolosi.com.br\/index.php\/author\/vidareal-online\/"},"uagb_comment_info":0,"uagb_excerpt":"O dia amanheceu gelado no interior de S\u00e3o Paulo e, de acordo com a Climatempo, as temperaturas devem seguir baixas at\u00e9 a pr\u00f3xima quarta-feira (14)....","jetpack-related-posts":[{"id":58946,"url":"https:\/\/ismaelcolosi.com.br\/index.php\/2024\/08\/05\/veja-quando-a-nova-frente-fria-chega-ao-interior-de-sp-ha-previsao-de-chuva\/","url_meta":{"origin":59622,"position":0},"title":"Veja quando a nova frente fria chega ao interior de SP; h\u00e1 previs\u00e3o de chuva","author":"ismaelcolosi.com.br","date":"5 de August de 2024","format":false,"excerpt":"A primeira frente fria do m\u00eas de agosto deve chegar ao interior de S\u00e3o Paulo na pr\u00f3xima sexta-feira (9), de acordo com a Climatempo. As temperaturas podem cair at\u00e9 2,5\u00b0C, em rela\u00e7\u00e3o \u00e0 m\u00e9dia, na maior parte do estado \u2013 em, algumas regi\u00f5es a queda ser\u00e1 de 5\u00b0C. Os meteorologistas\u2026","rel":"","context":"In &quot;Not\u00edcias de Ribeir\u00e3o Preto-SP e Regi\u00e3o&quot;","block_context":{"text":"Not\u00edcias de Ribeir\u00e3o Preto-SP e Regi\u00e3o","link":"https:\/\/ismaelcolosi.com.br\/index.php\/category\/noticias-de-ribeirao-preto-sp-e-regiao-ismael-colosi\/"},"img":{"alt_text":"","src":"https:\/\/i0.wp.com\/ismaelcolosi.com.br\/wp-content\/uploads\/2024\/04\/AnyConv.com__WhatsApp-Image-2024-04-05-at-15.03.28.webp.webp?fit=1200%2C553&ssl=1&resize=350%2C200","width":350,"height":200,"srcset":"https:\/\/i0.wp.com\/ismaelcolosi.com.br\/wp-content\/uploads\/2024\/04\/AnyConv.com__WhatsApp-Image-2024-04-05-at-15.03.28.webp.webp?fit=1200%2C553&ssl=1&resize=350%2C200 1x, https:\/\/i0.wp.com\/ismaelcolosi.com.br\/wp-content\/uploads\/2024\/04\/AnyConv.com__WhatsApp-Image-2024-04-05-at-15.03.28.webp.webp?fit=1200%2C553&ssl=1&resize=525%2C300 1.5x, https:\/\/i0.wp.com\/ismaelcolosi.com.br\/wp-content\/uploads\/2024\/04\/AnyConv.com__WhatsApp-Image-2024-04-05-at-15.03.28.webp.webp?fit=1200%2C553&ssl=1&resize=700%2C400 2x, https:\/\/i0.wp.com\/ismaelcolosi.com.br\/wp-content\/uploads\/2024\/04\/AnyConv.com__WhatsApp-Image-2024-04-05-at-15.03.28.webp.webp?fit=1200%2C553&ssl=1&resize=1050%2C600 3x"},"classes":[]},{"id":50613,"url":"https:\/\/ismaelcolosi.com.br\/index.php\/2024\/05\/17\/vai-chover-no-interior-de-sp-nos-proximos-dias-confira-a-previsao-do-tempo\/","url_meta":{"origin":59622,"position":1},"title":"Vai chover no interior de SP nos pr\u00f3ximos dias? Confira a previs\u00e3o do tempo","author":"ismaelcolosi.com.br","date":"17 de May de 2024","format":false,"excerpt":"O deslocamento de uma frente fria pode trazer chuva a parte do interior de S\u00e3o Paulo no pr\u00f3ximo domingo (19). Segundo a Climatempo, a chuva est\u00e1 prevista para Campinas e n\u00e3o mais em Ribeir\u00e3o Preto, conforme apontava a meteorologia. Na segunda-feira (20) tamb\u00e9m n\u00e3o h\u00e1 expectativa de chuva em Ribeir\u00e3o.\u2026","rel":"","context":"In &quot;Not\u00edcias de Ribeir\u00e3o Preto-SP e Regi\u00e3o&quot;","block_context":{"text":"Not\u00edcias de Ribeir\u00e3o Preto-SP e Regi\u00e3o","link":"https:\/\/ismaelcolosi.com.br\/index.php\/category\/noticias-de-ribeirao-preto-sp-e-regiao-ismael-colosi\/"},"img":{"alt_text":"","src":"https:\/\/i0.wp.com\/ismaelcolosi.com.br\/wp-content\/uploads\/2024\/05\/RIBEIRAO-PRETO-1.jpg?fit=1200%2C656&ssl=1&resize=350%2C200","width":350,"height":200,"srcset":"https:\/\/i0.wp.com\/ismaelcolosi.com.br\/wp-content\/uploads\/2024\/05\/RIBEIRAO-PRETO-1.jpg?fit=1200%2C656&ssl=1&resize=350%2C200 1x, https:\/\/i0.wp.com\/ismaelcolosi.com.br\/wp-content\/uploads\/2024\/05\/RIBEIRAO-PRETO-1.jpg?fit=1200%2C656&ssl=1&resize=525%2C300 1.5x, https:\/\/i0.wp.com\/ismaelcolosi.com.br\/wp-content\/uploads\/2024\/05\/RIBEIRAO-PRETO-1.jpg?fit=1200%2C656&ssl=1&resize=700%2C400 2x, https:\/\/i0.wp.com\/ismaelcolosi.com.br\/wp-content\/uploads\/2024\/05\/RIBEIRAO-PRETO-1.jpg?fit=1200%2C656&ssl=1&resize=1050%2C600 3x"},"classes":[]},{"id":59499,"url":"https:\/\/ismaelcolosi.com.br\/index.php\/2024\/08\/09\/vai-esfriar-confira-a-previsao-do-tempo-para-ribeirao-preto-no-fim-de-semana\/","url_meta":{"origin":59622,"position":2},"title":"Vai esfriar? Confira a previs\u00e3o do tempo para Ribeir\u00e3o Preto no fim de semana","author":"ismaelcolosi.com.br","date":"9 de August de 2024","format":false,"excerpt":"A chegada de uma frente fria promete derrubar as temperaturas em Ribeir\u00e3o Preto neste fim de semana. De acordo com a Climatempo, os term\u00f4metros n\u00e3o devem passar dos 27\u00b0C em Ribeir\u00e3o Preto nesta sexta-feira (9). Os meteorologistas ainda informam que h\u00e1 possibilidade de chuva, com acumulado previsto de at\u00e9 5\u2026","rel":"","context":"In &quot;Not\u00edcias de Ribeir\u00e3o Preto-SP e Regi\u00e3o&quot;","block_context":{"text":"Not\u00edcias de Ribeir\u00e3o Preto-SP e Regi\u00e3o","link":"https:\/\/ismaelcolosi.com.br\/index.php\/category\/noticias-de-ribeirao-preto-sp-e-regiao-ismael-colosi\/"},"img":{"alt_text":"","src":"https:\/\/i0.wp.com\/ismaelcolosi.com.br\/wp-content\/uploads\/2024\/06\/frio-2_2024-06-26_20-08-46_jpg_2024-06-26_20-08-47.webp.webp?fit=1200%2C800&ssl=1&resize=350%2C200","width":350,"height":200,"srcset":"https:\/\/i0.wp.com\/ismaelcolosi.com.br\/wp-content\/uploads\/2024\/06\/frio-2_2024-06-26_20-08-46_jpg_2024-06-26_20-08-47.webp.webp?fit=1200%2C800&ssl=1&resize=350%2C200 1x, https:\/\/i0.wp.com\/ismaelcolosi.com.br\/wp-content\/uploads\/2024\/06\/frio-2_2024-06-26_20-08-46_jpg_2024-06-26_20-08-47.webp.webp?fit=1200%2C800&ssl=1&resize=525%2C300 1.5x, https:\/\/i0.wp.com\/ismaelcolosi.com.br\/wp-content\/uploads\/2024\/06\/frio-2_2024-06-26_20-08-46_jpg_2024-06-26_20-08-47.webp.webp?fit=1200%2C800&ssl=1&resize=700%2C400 2x, https:\/\/i0.wp.com\/ismaelcolosi.com.br\/wp-content\/uploads\/2024\/06\/frio-2_2024-06-26_20-08-46_jpg_2024-06-26_20-08-47.webp.webp?fit=1200%2C800&ssl=1&resize=1050%2C600 3x"},"classes":[]},{"id":55362,"url":"https:\/\/ismaelcolosi.com.br\/index.php\/2024\/07\/02\/frio-vai-embora-do-interior-de-sp-e-calor-vai-voltar-veja-a-previsao-do-tempo\/","url_meta":{"origin":59622,"position":3},"title":"Frio vai embora do interior de SP e calor vai voltar; Veja a previs\u00e3o do tempo","author":"ismaelcolosi.com.br","date":"2 de July de 2024","format":false,"excerpt":"O frio registrado no interior de S\u00e3o Paulo nos \u00faltimos dias e as temperaturas j\u00e1 come\u00e7am a aumentar. Em Ribeir\u00e3o Preto, os term\u00f4metros alcan\u00e7aram os 29\u00b0C no in\u00edcio da tarde desta ter\u00e7a-feira (2), depois de registrarem 11\u00b0C pela manh\u00e3. Segundo a Climatempo, o ar polar intenso j\u00e1 est\u00e1 sobre o\u2026","rel":"","context":"In &quot;Not\u00edcias de Ribeir\u00e3o Preto-SP e Regi\u00e3o&quot;","block_context":{"text":"Not\u00edcias de Ribeir\u00e3o Preto-SP e Regi\u00e3o","link":"https:\/\/ismaelcolosi.com.br\/index.php\/category\/noticias-de-ribeirao-preto-sp-e-regiao-ismael-colosi\/"},"img":{"alt_text":"","src":"https:\/\/i0.wp.com\/ismaelcolosi.com.br\/wp-content\/uploads\/2024\/07\/WhatsApp-Image-2023-09-21-at-16.23.12.jpeg?fit=1200%2C675&ssl=1&resize=350%2C200","width":350,"height":200,"srcset":"https:\/\/i0.wp.com\/ismaelcolosi.com.br\/wp-content\/uploads\/2024\/07\/WhatsApp-Image-2023-09-21-at-16.23.12.jpeg?fit=1200%2C675&ssl=1&resize=350%2C200 1x, https:\/\/i0.wp.com\/ismaelcolosi.com.br\/wp-content\/uploads\/2024\/07\/WhatsApp-Image-2023-09-21-at-16.23.12.jpeg?fit=1200%2C675&ssl=1&resize=525%2C300 1.5x, https:\/\/i0.wp.com\/ismaelcolosi.com.br\/wp-content\/uploads\/2024\/07\/WhatsApp-Image-2023-09-21-at-16.23.12.jpeg?fit=1200%2C675&ssl=1&resize=700%2C400 2x, https:\/\/i0.wp.com\/ismaelcolosi.com.br\/wp-content\/uploads\/2024\/07\/WhatsApp-Image-2023-09-21-at-16.23.12.jpeg?fit=1200%2C675&ssl=1&resize=1050%2C600 3x"},"classes":[]},{"id":16087,"url":"https:\/\/ismaelcolosi.com.br\/index.php\/2023\/12\/14\/veja-ate-quando-deve-durar-a-onda-de-calor-com-temperaturas-de-ate-40oc-no-interior-de-sp\/","url_meta":{"origin":59622,"position":4},"title":"Veja at\u00e9 quando deve durar a onda de calor com temperaturas de at\u00e9 40\u00baC no interior de SP","author":"ismaelcolosi.com.br","date":"14 de December de 2023","format":false,"excerpt":"Uma nova onda de calor chegou ao interior de S\u00e3o Paulo, nesta quinta-feira (14), e promete elevar as temperaturas entre 3\u00baC e 5\u00baC. Isso acontece devido \u00e0 atua\u00e7\u00e3o de uma \u00e1rea de alta press\u00e3o, o que deixa o ar mais seco. Em Ribeir\u00e3o Preto, Barretos e Franca, a previs\u00e3o, de\u2026","rel":"","context":"In &quot;Not\u00edcias de Ribeir\u00e3o Preto-SP e Regi\u00e3o&quot;","block_context":{"text":"Not\u00edcias de Ribeir\u00e3o Preto-SP e Regi\u00e3o","link":"https:\/\/ismaelcolosi.com.br\/index.php\/category\/noticias-de-ribeirao-preto-sp-e-regiao-ismael-colosi\/"},"img":{"alt_text":"","src":"https:\/\/i0.wp.com\/ismaelcolosi.com.br\/wp-content\/uploads\/2023\/12\/trbr5837.png?fit=1170%2C700&ssl=1&resize=350%2C200","width":350,"height":200,"srcset":"https:\/\/i0.wp.com\/ismaelcolosi.com.br\/wp-content\/uploads\/2023\/12\/trbr5837.png?fit=1170%2C700&ssl=1&resize=350%2C200 1x, https:\/\/i0.wp.com\/ismaelcolosi.com.br\/wp-content\/uploads\/2023\/12\/trbr5837.png?fit=1170%2C700&ssl=1&resize=525%2C300 1.5x, https:\/\/i0.wp.com\/ismaelcolosi.com.br\/wp-content\/uploads\/2023\/12\/trbr5837.png?fit=1170%2C700&ssl=1&resize=700%2C400 2x, https:\/\/i0.wp.com\/ismaelcolosi.com.br\/wp-content\/uploads\/2023\/12\/trbr5837.png?fit=1170%2C700&ssl=1&resize=1050%2C600 3x"},"classes":[]},{"id":11821,"url":"https:\/\/ismaelcolosi.com.br\/index.php\/2023\/12\/06\/estado-de-sp-segue-sob-alerta-amarelo-do-inmet-veja-a-previsao-para-os-proximos-10-dias\/","url_meta":{"origin":59622,"position":5},"title":"Estado de SP segue sob alerta amarelo do Inmet; Veja a previs\u00e3o para os pr\u00f3ximos 10 dias","author":"ismaelcolosi.com.br","date":"6 de December de 2023","format":false,"excerpt":"O Estado de S\u00e3o Paulo est\u00e1 sob alerta amarelo de chuvas intensas do Inmet (Instituto Nacional de Meteorologia), at\u00e9 \u00e0s 10h desta quinta-feira (7). De acordo com a plataforma Climatempo, um sistema pr\u00e9-frontal, que atua antes da chegada de uma frente fria, deve manter as temperaturas elevadas em parte do\u2026","rel":"","context":"In &quot;Not\u00edcias de Ribeir\u00e3o Preto-SP e Regi\u00e3o&quot;","block_context":{"text":"Not\u00edcias de Ribeir\u00e3o Preto-SP e Regi\u00e3o","link":"https:\/\/ismaelcolosi.com.br\/index.php\/category\/noticias-de-ribeirao-preto-sp-e-regiao-ismael-colosi\/"},"img":{"alt_text":"","src":"https:\/\/i0.wp.com\/ismaelcolosi.com.br\/wp-content\/uploads\/2023\/12\/chuva-no-interior.jpeg?fit=1200%2C903&ssl=1&resize=350%2C200","width":350,"height":200,"srcset":"https:\/\/i0.wp.com\/ismaelcolosi.com.br\/wp-content\/uploads\/2023\/12\/chuva-no-interior.jpeg?fit=1200%2C903&ssl=1&resize=350%2C200 1x, https:\/\/i0.wp.com\/ismaelcolosi.com.br\/wp-content\/uploads\/2023\/12\/chuva-no-interior.jpeg?fit=1200%2C903&ssl=1&resize=525%2C300 1.5x, https:\/\/i0.wp.com\/ismaelcolosi.com.br\/wp-content\/uploads\/2023\/12\/chuva-no-interior.jpeg?fit=1200%2C903&ssl=1&resize=700%2C400 2x, https:\/\/i0.wp.com\/ismaelcolosi.com.br\/wp-content\/uploads\/2023\/12\/chuva-no-interior.jpeg?fit=1200%2C903&ssl=1&resize=1050%2C600 3x"},"classes":[]}],"jetpack_sharing_enabled":true,"jetpack_shortlink":"https:\/\/wp.me\/pfMlyK-fvE","_links":{"self":[{"href":"https:\/\/ismaelcolosi.com.br\/index.php\/wp-json\/wp\/v2\/posts\/59622","targetHints":{"allow":["GET"]}}],"collection":[{"href":"https:\/\/ismaelcolosi.com.br\/index.php\/wp-json\/wp\/v2\/posts"}],"about":[{"href":"https:\/\/ismaelcolosi.com.br\/index.php\/wp-json\/wp\/v2\/types\/post"}],"author":[{"embeddable":true,"href":"https:\/\/ismaelcolosi.com.br\/index.php\/wp-json\/wp\/v2\/users\/1"}],"replies":[{"embeddable":true,"href":"https:\/\/ismaelcolosi.com.br\/index.php\/wp-json\/wp\/v2\/comments?post=59622"}],"version-history":[{"count":0,"href":"https:\/\/ismaelcolosi.com.br\/index.php\/wp-json\/wp\/v2\/posts\/59622\/revisions"}],"wp:featuredmedia":[{"embeddable":true,"href":"https:\/\/ismaelcolosi.com.br\/index.php\/wp-json\/wp\/v2\/media\/59623"}],"wp:attachment":[{"href":"https:\/\/ismaelcolosi.com.br\/index.php\/wp-json\/wp\/v2\/media?parent=59622"}],"wp:term":[{"taxonomy":"category","embeddable":true,"href":"https:\/\/ismaelcolosi.com.br\/index.php\/wp-json\/wp\/v2\/categories?post=59622"},{"taxonomy":"post_tag","embeddable":true,"href":"https:\/\/ismaelcolosi.com.br\/index.php\/wp-json\/wp\/v2\/tags?post=59622"}],"curies":[{"name":"wp","href":"https:\/\/api.w.org\/{rel}","templated":true}]}}