{"id":59620,"date":"2024-08-10T08:15:45","date_gmt":"2024-08-10T11:15:45","guid":{"rendered":"https:\/\/ismaelcolosi.com.br\/index.php\/2024\/08\/10\/confira-a-programacao-da-feira-do-livro-de-ribeirao-preto-neste-sabado-2\/"},"modified":"2024-08-10T08:15:45","modified_gmt":"2024-08-10T11:15:45","slug":"confira-a-programacao-da-feira-do-livro-de-ribeirao-preto-neste-sabado-2","status":"publish","type":"post","link":"https:\/\/ismaelcolosi.com.br\/index.php\/2024\/08\/10\/confira-a-programacao-da-feira-do-livro-de-ribeirao-preto-neste-sabado-2\/","title":{"rendered":"Confira a programa\u00e7\u00e3o da Feira do Livro de Ribeir\u00e3o Preto neste s\u00e1bado"},"content":{"rendered":"<p> <br \/>\n<\/p>\n<div data-td-block-uid=\"tdi_106\">\n<div class=\"tdb-block-inner td-fix-index\">\n<p>O pen\u00faltimo dia da <strong>23\u00aa Feira Internacional do Livro<\/strong> acontece neste <strong>s\u00e1bado (10)<\/strong>, com programa\u00e7\u00f5es a partir das <strong>8h30<\/strong>,<strong> totalmente gratuita<\/strong>, no <strong>Centro<\/strong> de <strong>Ribeir\u00e3o Preto<\/strong>.<\/p>\n<p>O tema central da\u00a0<strong>Feira<\/strong>\u00a0este ano \u00e9: \u201c<strong>Cotidianos po\u00e9ticos: Do \u00e9pico de Cam\u00f5es \u00e0s batalhas de rua<\/strong>\u201d. Cinco autores s\u00e3o homenageados: eles Ferreira Gullar, Carlos de Assump\u00e7\u00e3o, Perce Polegatto, Sueli Carneiro e Jana\u00edna Tokitaka. O secret\u00e1rio estadual de Desenvolvimento Econ\u00f4mico, Jorge Lima, \u00e9 o patrono do evento.<\/p>\n<h4 class=\"wp-block-heading\"><strong>Confira a programa\u00e7\u00e3o da Feira do Livro neste s\u00e1bado:<\/strong><\/h4>\n<ul>\n<li><strong>8h30 | 10h: Palestra: Lixo eletr\u00f4nico \u2013 Oportunidades e riscos para a favela<\/strong> <strong>\u2013 <\/strong>A atividade apresenta dados recentes e orienta\u00e7\u00f5es para poss\u00edveis solu\u00e7\u00f5es e medidas preventivas sobre um dos grandes desafios do planeta: o lixo eletr\u00f4nico. A conversa tamb\u00e9m aborda oportunidades de gera\u00e7\u00e3o de renda que surgem com o e-lixo.<br \/><strong>Local:\u00a0<\/strong>CUFA \u2013 Espa\u00e7o Favela \u00b7 Coreto \u2013 Pra\u00e7a XV de Novembro<\/li>\n<\/ul>\n<ul>\n<li><strong>8h30 | 10h:\u00a0Interven\u00e7\u00e3o: Intera\u00e7\u00e3o no mundo dos games \u2013 Games Educativos<\/strong> <strong>\u2013 <\/strong>A atividade explora conceitos de matem\u00e1tica, hist\u00f3ria e ci\u00eancias de maneira pr\u00e1tica e l\u00fadica, dentro do universo dos jogos eletr\u00f4nicos.<br \/><strong>Local:\u00a0<\/strong>CUFA \u2013 Espa\u00e7o Favela \u00b7 Coreto \u2013 Pra\u00e7a XV de Novembro<\/li>\n<\/ul>\n<ul>\n<li><strong>9h:\u00a0Conta\u00e7\u00e3o de Hist\u00f3ria: Contos Africanos com M\u00e1rcia Domingos \u2013 <\/strong>Contos africanos, para crian\u00e7as de 7 a 12 anos, exploram as narrativas que celebram a cultura afrobrasileira.<strong><br \/>Local:\u00a0<\/strong>CUFA \u2013 Espa\u00e7o Favela \u00b7 Coreto \u2013 Pra\u00e7a XV de Novembro<\/li>\n<\/ul>\n<ul>\n<li><strong>9h:\u00a0Oficina: Inicia\u00e7\u00e3o \u00e0 conta\u00e7\u00e3o de hist\u00f3rias com Monalisa Machado \u2013 <\/strong>Atividade realizada pela Secretaria Municipal da Cultura e Turismo em parceria com Projeto Ang\u00e1.<br \/><strong>Local:\u00a0<\/strong>Estande da Prefeitura de Ribeir\u00e3o Preto \u00b7 Pra\u00e7a XV de Novembro<\/li>\n<\/ul>\n<ul>\n<li><strong>9h: Doa\u00e7\u00e3o de mudas<\/strong> <strong>\u2013 <\/strong>Entrega de mudas de \u00e1rvores frut\u00edferas e ornamentais. Atividade realizada pela Secretaria Municipal do Meio Ambiente.<br \/><strong>Local:\u00a0<\/strong>Centro de Progress\u00e3o Penitenci\u00e1ria de Jardin\u00f3polis<\/li>\n<\/ul>\n<ul>\n<li><strong>9h:\u00a0Abertura Exposi\u00e7\u00e3o: Cores em Festa com Marina Dias \u2013 <\/strong>Mostra com ilustra\u00e7\u00f5es do livro \u201cCores em Festa\u201d, que ter\u00e1 lan\u00e7amento na FIL. O objetivo da autora \u00e9 a promo\u00e7\u00e3o da leitura e da literatura infantil.<br \/><strong>Local:\u00a0<\/strong>Biblioteca Sinh\u00e1 Junqueira \u00b7 Espa\u00e7o Infantil<\/li>\n<\/ul>\n<ul>\n<li><strong>10h:\u00a0Roda de Conversa: Transtorno do Espectro Autista com Funda\u00e7\u00e3o Panda \u2013 <\/strong>Um bate-papo sobre o Transtorno do Espectro Autista e como lidar de maneira inclusiva.<strong><br \/>Local:\u00a0<\/strong>Pra\u00e7a XV de Novembro<\/li>\n<\/ul>\n<ul>\n<li><strong>10h:\u00a0Oficina: Percuss\u00e3o com Alex Coelho \u2013 <\/strong>Atividade realizada pela Secretaria Municipal da Cultura e Turismo em parceria com Ang\u00e1.<br \/><strong>Local:\u00a0<\/strong>Estande da Prefeitura de Ribeir\u00e3o Preto \u00b7 Pra\u00e7a XV de Novembro<\/li>\n<\/ul>\n<ul>\n<li><strong>10h:\u00a0Oficina: Configura\u00e7\u00e3o das m\u00e3os com ASRP (Associa\u00e7\u00e3o de Surdos de Ribeir\u00e3o Preto)<\/strong> <strong>\u2013 <\/strong>Atividade pr\u00e1tica sobre as configura\u00e7\u00f5es de m\u00e3o que comp\u00f5em a L\u00edngua Brasileira de Sinais (Libras).<strong><br \/>Local:\u00a0<\/strong>Estande Diversidade \u00b7 Pra\u00e7a XV de Novembro<\/li>\n<\/ul>\n<ul>\n<li><strong>10h:\u00a0Capoeira e a diversidade LGBTQIAP+ e simpatizantes<\/strong> \u2013 Atividade realizada pela Secretaria Municipal da Cultura e Turismo em parceria com professor Padre e Mestra Saru\u00ea.<strong><br \/>Local:\u00a0<\/strong>Centro Cultural Palace \u00b7 Sala Multiuso<\/li>\n<\/ul>\n<ul>\n<li><strong>10h:\u00a0Interven\u00e7\u00e3o: Vibrafone encontra a poesia de Ferreira Gullar com Rafaella Rimole e Teus Ara\u00fajo \u2013 <\/strong>Mesclando m\u00fasica, palavra e dan\u00e7a, esta atividade po\u00e9tica une o vibrafonista Teus Ara\u00fajo apresentando composi\u00e7\u00f5es autorais e de outros compositores, e a poeta Rafaella R\u00edmoli, que l\u00ea poemas autorais e de Ferreira Gullar. \u00b7 <strong>Local:<\/strong> Centro Cultural Palace \u00b7 Sala Multiuso<\/li>\n<\/ul>\n<ul>\n<li><strong>10h:\u00a0Visita Mediada<\/strong> <strong>\u2013 <\/strong>Atividade guiada por monitores que contam a hist\u00f3ria do antigo palacete da era cafeeira.<br \/><strong>Local:\u00a0<\/strong>Biblioteca Sinh\u00e1 Junqueira<\/li>\n<\/ul>\n<ul>\n<li><strong>10h30:\u00a0Circo: De Lucca Circus Show \u2013 <\/strong>Repleto de t\u00e9cnicas circenses como equilibrismo, monociclo girafa, escada acrob\u00e1tica e malabarismo, o espet\u00e1culo diverte e encanta crian\u00e7as e adultos. O ator, m\u00fasico e artista circense Lucas Santarosa, fundador da companhia, promove ampla intera\u00e7\u00e3o com o p\u00fablico, que se sente parte da apresenta\u00e7\u00e3o.<br \/><strong>Local:\u00a0<\/strong>Espa\u00e7o Usina do Saber \u00b7 Pra\u00e7a XV de Novembro<\/li>\n<\/ul>\n<ul>\n<li><strong>11h:\u00a0Trupe das Hist\u00f3rias \u00b7 Instituto do Livro<\/strong> <strong>\u2013 <\/strong>Os contadores de hist\u00f3rias encantam adultos e crian\u00e7as. Levam momentos de alegria e despertam o gosto pela leitura.<br \/><strong>Local:\u00a0<\/strong>Estande da Prefeitura de Ribeir\u00e3o Preto \u00b7 Pra\u00e7a XV de Novembro<\/li>\n<\/ul>\n<ul>\n<li><strong>11h:\u00a0Oficina: Fazendo teatro com Ferreira Gullar com Beatriz Vilas Boas<\/strong> <strong>\u2013 <\/strong>Os poemas de Ferreira Gullar \u2014 autor homenageado pela 23\u00aa FIL \u2014, s\u00e3o a base desta oficina, aberta para p\u00fablico a partir de 12 anos. De forma criativa e divertida, os participantes desenvolvem a espontaneidade, expressividade, comunica\u00e7\u00e3o, concentra\u00e7\u00e3o, multifoco e coletividade.<br \/><strong>Local:\u00a0<\/strong>Biblioteca Sinh\u00e1 Junqueira \u00b7 Audit\u00f3rio<\/li>\n<\/ul>\n<ul>\n<li><strong>11h:\u00a0Leitura Dram\u00e1tica Poema Sujo, de Ferreira Gullar com Eme Barbassa e participa\u00e7\u00e3o especial Aline Neli<\/strong> <strong>\u2013 <\/strong>Considerado texto central na obra de Ferreira Gullar, \u201cPoema Sujo\u201d ganha uma releitura das artistas Eme Barbassa e Aline Nel\u00ed. Escrito durante o ex\u00edlio do escritor na Argentina, o poema \u00e9 uma esp\u00e9cie de autobiografia cr\u00edtico-afetiva, considerado uma obra-prima da literatura universal.<br \/><strong>Local:\u00a0<\/strong>Theatro Pedro II \u00b7 Audit\u00f3rio Meira J\u00fanior<\/li>\n<\/ul>\n<ul>\n<li><strong>11h30 | 14h:\u00a0Sesc na FIL \u00b7 A Sanfon\u00e1stica Mulher Lona com L\u00edvia Mattos<\/strong> <strong>\u2013 <\/strong>Nesta interven\u00e7\u00e3o, a multiartista L\u00edvia Mattos veste seu pr\u00f3prio picadeiro e entrega ao p\u00fablico um miniconcerto ambulante. A narrativa acontece por meio dos sons do seu acorde\u00e3o, mergulhados no universo po\u00e9tico do fant\u00e1stico. Pesquisadora sobre m\u00fasica nos circos brasileiros, L\u00edvia tamb\u00e9m \u00e9 compositora e soci\u00f3loga.<br \/><strong>Local:\u00a0<\/strong>Esplanada Theatro Pedro II<\/li>\n<\/ul>\n<ul>\n<li><strong>12h:\u00a0Oficina: Personifica\u00e7\u00e3o de brinquedo de madeira<\/strong> <strong>\u2013 <\/strong>Atividade realizada pela Secretaria Municipal da Cultura e Turismo em parceria com Vov\u00f3 Geppetta Brinquedos.<br \/><strong>Local:\u00a0<\/strong>Estande da Prefeitura de Ribeir\u00e3o Preto \u00b7 Pra\u00e7a XV de Novembro<\/li>\n<\/ul>\n<ul>\n<li><strong>12h:\u00a0Sesc na FIL \u00b7 Sarau: Encontr\u00e3o Po\u00e9tico \u00b7 Poesia resist\u00eancia e afeto com Betto Souza, Emaye Natalia Marques e convidados \u2013 <\/strong>O p\u00fablico \u00e9 convidado a participar deste espa\u00e7o de livre manifesta\u00e7\u00e3o po\u00e9tica. Vale declama\u00e7\u00e3o de poemas autorais ou n\u00e3o. O importante \u00e9 ningu\u00e9m ficar sem poesia.<br \/><strong>Local:\u00a0<\/strong>Tenda Sesc \u00b7 Esplanada Theatro Pedro II<\/li>\n<\/ul>\n<ul>\n<li><strong>13h:\u00a0Apresenta\u00e7\u00e3o de esportes com disco \u00b7 ultimate frisbee e disc golf com tima de Ultimate Frisbee Rayas de Ribeir\u00e3o Preto e AJED (Associa\u00e7\u00e3o dos Jogadores de Esportes com Disco)<\/strong> <strong>\u2013 <\/strong>Atividade realizada pela Secretaria Municipal do Esporte<br \/><strong>Local:\u00a0<\/strong>Estande da Prefeitura de Ribeir\u00e3o Preto \u00b7 Pra\u00e7a XV de Novembro<\/li>\n<\/ul>\n<ul>\n<li><strong>14h:\u00a0M\u00fasica: Coral Afaban com Regente Carla Alyria \u2013 <\/strong>Apresenta\u00e7\u00e3o de m\u00fasicas brasileiras, populares e eruditas com o coral da Associa\u00e7\u00e3o dos Aposentados e Pensionistas do Banespa. Reg\u00eancia da pianista Carla Alyria e acompanhamento de Gilberto Gomide (percuss\u00e3o) e Matheus Hernani (contrabaixo)<br \/><strong>Local:<\/strong> Centro Cultural Palace \u00b7 Audit\u00f3rio Pedro Paulo da Silva<\/li>\n<\/ul>\n<ul>\n<li><strong>14h:\u00a0Viajando com as Hist\u00f3rias<\/strong> <strong>\u2013 <\/strong>Atividade realizada pela Secretaria Municipal da Cultura e Turismo.<br \/><strong>Local:\u00a0<\/strong>Estande da Prefeitura de Ribeir\u00e3o Preto \u00b7 Pra\u00e7a XV de Novembro<\/li>\n<\/ul>\n<ul>\n<li><strong>14h30:\u00a0Conta\u00e7\u00e3o de Hist\u00f3ria \u00b7 Lan\u00e7amento do Livro Infantil: Cores em Festa, de Marina Dias<\/strong> <strong>\u2013 <\/strong>A conta\u00e7\u00e3o celebra o lan\u00e7amento do livro \u201cCores em Festa\u201d, com distribui\u00e7\u00e3o gratuita de 100 exemplares.<br \/><strong>Local:\u00a0<\/strong>Biblioteca Sinh\u00e1 Junqueira \u00b7 Espa\u00e7o Infantil<\/li>\n<\/ul>\n<ul>\n<li><strong>15h:\u00a0Lan\u00e7amento de livros e sess\u00e3o coletiva de aut\u00f3grafos com autores da casa (Gabriel Pereira, Daniela Bertoldo, Vilma Denise Gimenes, Luiz Fran\u00e7a, Rafael Nolli, Juliana Judice, Bianca Lana e Carol Diniz Bernades<\/strong> <strong>\u2013 <\/strong>Lan\u00e7amento de livros de nove autores de Ribeir\u00e3o Preto e regi\u00e3o, que recebem o p\u00fablico para sess\u00e3o coletiva de aut\u00f3grafos.<br \/><strong>Local:\u00a0<\/strong>Biblioteca Sinh\u00e1 Junqueira \u00b7 Quintal<\/li>\n<\/ul>\n<ul>\n<li><strong>15h:\u00a0Sesc na FIL \u00b7 Bate-Papo: True crime, um g\u00eanero em ascens\u00e3o com Raphael Montes \u2013 <\/strong>Conversa aborda o que \u00e9 o g\u00eanero liter\u00e1rio true crime e qual fasc\u00ednio ele exerce nos leitores. Datado de 1550, o estilo voltou a ganhar destaque por conta do surgimento de podcasts, s\u00e9ries e filmes que adotam essa narrativa.<br \/><strong>Local:\u00a0<\/strong>Tenda Sesc \u00b7 Esplanada Theatro Pedro II<\/li>\n<\/ul>\n<ul>\n<li><strong>15h:\u00a0Bate-papo e Lan\u00e7amento do Livro: Democracia e fake News com Luiz Eugenio Scarpino Junior \u2013 <\/strong>Ap\u00f3s defender uma tese de doutorado de dupla titula\u00e7\u00e3o entre Brasil e It\u00e1lia, focada em Fake News e Democracia nas \u00e1reas de Direito e Comunica\u00e7\u00e3o, o professor Luiz Eugenio Scarpino Junior, que \u00e9 advogado e doutor em Direito e Comunica\u00e7\u00e3o, aborda em sua obra a resili\u00eancia das democracias na gest\u00e3o da desinforma\u00e7\u00e3o eleitoral. O tema ser\u00e1 debatido em forma de mesa redonda por especialistas, pois ainda continua desafiando as institui\u00e7\u00f5es, especialmente com o avan\u00e7o da Intelig\u00eancia Artificial.<br \/><strong>Local:\u00a0<\/strong>Biblioteca Sinh\u00e1 Junqueira \u00b7 Audit\u00f3rio<\/li>\n<\/ul>\n<ul>\n<li><strong>15h:\u00a0M\u00fasica: Coral O Canto da Alma<\/strong> <strong>\u2013 <\/strong>Apresenta\u00e7\u00e3o dos alunos da Academia Livre de M\u00fasica e Artes de Ribeir\u00e3o Preto (Alma), com repert\u00f3rio de pe\u00e7as cl\u00e1ssicas de compositores nacionais e vers\u00f5es para coral de m\u00fasica popular brasileira. Acompanhamento do pianista Ju Hi Soon.<br \/><strong>Local:\u00a0<\/strong>Espa\u00e7o Usina do Saber \u00b7 Pra\u00e7a XV de Novembro<\/li>\n<\/ul>\n<ul>\n<li><strong>15h:\u00a0Batalha de Drags<\/strong> <strong>\u2013 <\/strong>Moda, m\u00fasica e poesia est\u00e3o reunidas nesta atividade art\u00edstica repleta de energia e cor da diversidade de g\u00eanero, democratizando tanto a express\u00e3o como o acesso popular a diferentes formas de arte, em suas diferentes linguagens.<br \/><strong>Local:\u00a0<\/strong>Teatro Municipal<\/li>\n<\/ul>\n<ul>\n<li><strong>15h:\u00a0M\u00fasica: Ensemble Alma e convidados<\/strong> <strong>\u2013 <\/strong>Recital em homenagem aos 150 anos da imigra\u00e7\u00e3o italiana ao Brasil. Alunos da Academia Livre de M\u00fasica e Artes (Alma) e convidados do conv\u00eanio Brasil-It\u00e1lia executam pe\u00e7as de renomados compositores italianos e brasileiros.<br \/><strong>Local:\u00a0<\/strong>Theatro Pedro II \u00b7 Audit\u00f3rio Meira J\u00fanior<\/li>\n<\/ul>\n<ul>\n<li><strong>15h:\u00a0Aula aberta de dan\u00e7a afro-brasileira \u2013 <\/strong>A atividade proporciona um mergulho na cultura das tradi\u00e7\u00f5es africanas no Brasil atrav\u00e9s de uma aula de dan\u00e7a afro-brasileira. O objetivo \u00e9 explorar os ritmos pulsantes e movimentos expressivos que celebram a diversidade cultural dessa arte.<br \/><strong>Local:\u00a0<\/strong>Centro Cultural Palace \u00b7 Sala Multiuso<\/li>\n<\/ul>\n<ul>\n<li><strong>15h:\u00a0Roda de Conversa: Voc\u00ea j\u00e1 ouviu alguma voz que outras pessoas n\u00e3o ouvem? com Grupo De Ouvidores De Vozes \u2013 <\/strong>Com ouvidores de vozes sobre estrat\u00e9gias diferentes e possiveis de cuidado. Atividade realizada pela Secretaria Municipal da Sa\u00fade.<br \/><strong>Local:\u00a0<\/strong>Estande da Prefeitura de Ribeir\u00e3o Preto \u00b7 Pra\u00e7a XV de Novembro<\/li>\n<\/ul>\n<ul>\n<li><strong>15h: Recrea\u00e7\u00e3o: Pintura Facial<\/strong> <strong>\u2013 <\/strong>Atividade realizada pela Secretaria Municipal da Cultura e Turismo em parceria com Por\u00e3o \u2013 Produ\u00e7\u00f5es Culturais.<br \/><strong>Local:\u00a0<\/strong>Estande da Prefeitura de Ribeir\u00e3o Preto \u00b7 Pra\u00e7a XV de Novembro<\/li>\n<\/ul>\n<ul>\n<li><strong>16h:<\/strong> <strong>Interven\u00e7\u00e3o: Quem canta um livro encanta<\/strong> <strong>com G.U.T.E \u2013 Grupo Urutau De Teatro Experimental<\/strong> \u2013 Dois mediadores percorrem espa\u00e7os com uma mala cheia de livros e instrumentos, convidando o p\u00fablico para uma media\u00e7\u00e3o de leitura cantada. Os livros s\u00e3o interpretados na \u00edntegra, transformando as palavras em melodias encantadoras. Al\u00e9m dos livros, cantigas populares tamb\u00e9m s\u00e3o apresentadas, envolvendo todos os participantes.<br \/><strong>Local:<\/strong> Espa\u00e7o Ambient de Leitura \u00b7 Esplanada Theatro Pedro II<\/li>\n<li><strong>16h:\u00a0Intera\u00e7\u00e3o: Dr. C\u00e3opaix\u00e3o (C\u00e3es de Terapia)<\/strong> <strong>\u2013 <\/strong>Adestradores da ONG C\u00e3o Paix\u00e3o conversam com o p\u00fablico sobre o trabalho realizado por c\u00e3es terapeutas que auxiliam na intera\u00e7\u00e3o social e coordena\u00e7\u00e3o motora de pessoas com defici\u00eancia.<br \/><strong>Local:\u00a0<\/strong>Estande Diversidade \u00b7 Pra\u00e7a XV de Novembro<\/li>\n<\/ul>\n<ul>\n<li><strong>16h:\u00a0M\u00fasica: Samba de Coco com Chap\u00e9u De Sol- <\/strong>Apresenta\u00e7\u00e3o da aut\u00eantica manifesta\u00e7\u00e3o cultural brasileira que combina m\u00fasica de ritmos cativantes, dan\u00e7a e poesia. O samba de coco \u00e9 uma celebra\u00e7\u00e3o da vida, da comunidade e das tradi\u00e7\u00f5es culturais afrobrasileiras.<br \/><strong>Local:\u00a0<\/strong>CUFA \u2013 Espa\u00e7o Favela \u00b7 Coreto \u2013 Pra\u00e7a XV de Novembro<\/li>\n<\/ul>\n<ul>\n<li><strong>16h:\u00a0Palestra: Sou professor, mais respeito, por favor com Aline Mori, Lucimar Polo E Rafael Gil De Castro<\/strong> <strong>\u2013 <\/strong>A palestra aborda a quest\u00e3o da sa\u00fade mental e emocional dos professores frente \u00e0s lacunas de sua forma\u00e7\u00e3o inicial. A tem\u00e1tica baliza a pesquisa de Aline Mori, uma das palestrantes.<br \/><strong>Local:\u00a0<\/strong>Centro Cultural Palace \u00b7 Audit\u00f3rio Pedro Paulo da Silva<\/li>\n<\/ul>\n<ul>\n<li><strong>16h:\u00a0Sesc na FIL \u00b7 Oficina: Urban Sketchers<\/strong> <strong>\u2013 <\/strong>Atividade explica como funciona a comunidade de desenhadores urbanos (urban sketchers) \u2013 pessoas que praticam a arte de desenhar diretamente nos locais retratados \u2013 t\u00e9cnicas utilizadas, materiais adequados e como participar do grupo.<br \/><strong>Local:\u00a0<\/strong>Esplanada Theatro Pedro II<\/li>\n<\/ul>\n<ul>\n<li><strong>16h30:\u00a0Sesc na FIL \u00b7 Bate-papo: Literatura YA: o despertar da paix\u00e3o dos jovens pela leitura com Pedro Rhuas E Paula Pimenta Media\u00e7\u00e3o De Tiago Valente<\/strong> <strong>\u2013 <\/strong>Nunca a literatura esteve t\u00e3o perto dos jovens, os personagens t\u00e3o parecidos com eles pr\u00f3prios, como se estivessem vendo suas hist\u00f3rias serem escritas. E muitas vezes s\u00e3o. Com o advento do Wattpad, muitos jovens se descobriram autores e s\u00e3o sucesso de vendas. Por tudo isso, muitos jovens se redescobriram leitores e s\u00e3o apaixonados por esta literatura, tema deste bate-papo.<br \/><strong>Local:\u00a0<\/strong>Tenda Sesc \u00b7 Esplanada Theatro Pedro II<\/li>\n<\/ul>\n<ul>\n<li><strong>17h:\u00a0Palestra e Lan\u00e7amento do Livro: Cama de Girass\u00f3is com Luiz Puntel<\/strong> <strong>\u2013 <\/strong>Cama de Girass\u00f3is \u00e9 o 15\u00ba livro do escritor ribeir\u00e3o-pretano Luiz Puntel, autor de romances juvenis, paradid\u00e1ticos e livros de cr\u00f4nicas. A hist\u00f3ria gira em torno do enterro de Maria, cujas circunst\u00e2ncias levantam quest\u00f5es sobre o tratamento dado \u00e0 personagem, incluindo a recusa do padre em rezar por ela e a proibi\u00e7\u00e3o de seu enterro ser realizado no cemit\u00e9rio da Igreja, apesar de sua bondade com dois velhos inv\u00e1lidos.<br \/><strong>Local:\u00a0<\/strong>Biblioteca Sinh\u00e1 Junqueira \u00b7 Audit\u00f3rio<\/li>\n<\/ul>\n<ul>\n<li><strong>17h30:\u00a0M\u00fasica: Banda Marcial de Guar\u00e1<\/strong> <strong>\u2013 <\/strong>Fundada em 2008, a Banda Marcial de Guar\u00e1 \u00e9 composta por 70 integrantes e 20 alunos iniciantes e tem como parceira a Usina Alta Mogiana atrav\u00e9s do CMDCA (Conselho Municipal da Crian\u00e7a e do Adolescente). Filiada \u00e0 FFABESP e \u00e0 Associa\u00e7\u00e3o Regional de Bandas de Ribeir\u00e3o Preto, oferece conhecimento musical e cidadania, destacando-se com premia\u00e7\u00f5es estaduais e nacionais sob a reg\u00eancia dos maestros Artur Nery e Everson Nol\u00e1cio e coordena\u00e7\u00e3o de Eliana Pinheiro.<strong><br \/>Local:\u00a0<\/strong>Espa\u00e7o Usina do Saber \u00b7Pra\u00e7a XV de Novembro<\/li>\n<\/ul>\n<p><strong>18h:\u00a0<\/strong><strong>Bate-papo: A saga do escritor independente nacional: como vivem, onde moram, do que se alimentam? Com Fabiana Ferraz, Cacau Braga e Fl\u00e1vio Karras<\/strong> <strong>\u2013 <\/strong>Uma conversa sobre a realidade dos autores brasileiros que optam pela publica\u00e7\u00e3o independente de obras liter\u00e1rias no Brasil. Ser\u00e3o explorados os desafios e as oportunidades que essa jornada oferece, desde a escrita e edi\u00e7\u00e3o do livro at\u00e9 a divulga\u00e7\u00e3o e venda.<strong><br \/>Local:\u00a0<\/strong>Centro Cultural Palace \u00b7 Audit\u00f3rio Pedro Paulo da Silva<\/p>\n<ul>\n<li><strong>18h:\u00a0Lan\u00e7amento do Livro Infantil: A Casa que Queria Ser Museu com Adriana Silva E M\u00f4nica Oliveira<\/strong> <strong>\u2013 <\/strong>Esta 2\u00aa Edi\u00e7\u00e3o do projeto Museu Liter\u00e1rio tem, na abertura, a apresenta\u00e7\u00e3o \u201cFiato Al Brasile\u201d, da Academia Livre M\u00fasica e Artes (Alma). O livro em lan\u00e7amento \u2014 A Casa que Queria Ser Museu \u2014 conta a hist\u00f3ria sobre uma casa que desejava ser lembrada, mesmo com o passar do tempo. Depois de existir por 90 anos, seu desejo se torna realidade e uma nova forma de vida come\u00e7a habitar sua estrutura. Voltado para a primeira inf\u00e2ncia, o livro discute quest\u00f5es como sonhos, projeto de vida, identidade, vida e morte; e aproxima o p\u00fablico infantil do universo dos museus.<br \/><strong>Local:\u00a0<\/strong>Museu Casa da Mem\u00f3ria Italiana<\/li>\n<\/ul>\n<ul>\n<li><strong>18h:\u00a0Show: Analogia de Quebrada com Vinicius Preto<\/strong> <strong>\u2013 <\/strong>Apresenta\u00e7\u00e3o musical com o rapper, historiador e produtor cultural Vinicius Preto, fundador do grupo Zamba Rap Clube e da produtora Coisa de Preto Produ\u00e7\u00f5es, ambas em S\u00e3o Paulo.<br \/><strong>Local:\u00a0<\/strong>Biblioteca Sinh\u00e1 Junqueira \u00b7 Quintal<\/li>\n<\/ul>\n<ul>\n<li><strong>18h30:\u00a0M\u00fasica: Bloco do Fub\u00e1<\/strong> <strong>\u2013 <\/strong>Atividade realizada pela Secretaria Municipal da Cultura e Turismo em parceria com Bloco do Fub\u00e1.<br \/><strong>Local:\u00a0<\/strong>Estande da Prefeitura de Ribeir\u00e3o Preto \u00b7 Pra\u00e7a XV de Novembro<\/li>\n<\/ul>\n<ul>\n<li><strong>19h:\u00a0Sesc na FIL \u00b7 Espet\u00e1culo: Os Mequetrefe com Parlapat\u00f5es- <\/strong>Espet\u00e1culo inspirado na obra do poeta e ilustrador ingl\u00eas Edward Lear, revela como a desconstru\u00e7\u00e3o 19H da l\u00f3gica cotidiana pode abrir espa\u00e7o para outras maneiras de encarar a vida. No roteiro, estruturado na viv\u00eancia de situa\u00e7\u00f5es bem comuns, os personagens provocam uma s\u00e9rie de confus\u00f5es que s\u00e3o tanto hil\u00e1rias, como po\u00e9ticas. Para p\u00fablico de todas as idades.<br \/><strong>Local:\u00a0<\/strong>Theatro Pedro II \u00b7 Sala Principal<\/li>\n<\/ul>\n<p>SAIBA MAIS<br \/>Homens armados invadem e rendem funcion\u00e1rios de f\u00e1brica de sucos na zona Norte de Ribeir\u00e3o<\/p>\n<h4 class=\"wp-block-heading\"><strong>FIQUE ON<\/strong><\/h4>\n<p>Fique ligado em tudo que acontece em Ribeir\u00e3o Preto e regi\u00e3o. Siga os perfis do <strong>acidade on <\/strong>no <a href=\"https:\/\/www.instagram.com\/acidadeonribeirao\" target=\"_blank\" rel=\"noreferrer noopener\">Instagram<\/a> e no <a href=\"https:\/\/www.facebook.com\/acidadeonribeirao\" target=\"_blank\" rel=\"noreferrer noopener\">Facebook<\/a>.<\/p>\n<p>Receba not\u00edcias do acidade on no WhatsApp. Para entrar no grupo, basta <a href=\"https:\/\/chat.whatsapp.com\/Dtv9mxhy6V5BJBotM2OQ5k\" target=\"_blank\" rel=\"noreferrer noopener\">clicar aqui<\/a>.<\/p>\n<p>Fa\u00e7a uma den\u00fancia ou sugira uma reportagem sobre Ribeir\u00e3o Preto e regi\u00e3o pelo WhatsApp: 16 99117 7802.<\/p>\n<p>VEJA TAMB\u00c9M<br \/>Quem s\u00e3o os participantes do \u201cEstrela da Casa\u201d?<\/p>\n<p><!-- CONTENT END 1 -->\n<\/div>\n<\/div>\n<p><script async src=\"\/\/www.instagram.com\/embed.js\"><\/script><br \/>\n<br \/><br \/>\n<br \/><a href=\"https:\/\/www.acidadeon.com\/ribeiraopreto\/lazer-e-cultura\/confira-a-programacao-da-feira-do-livro-de-ribeirao-preto-neste-sabado-2\/\">Source link <\/a><\/p>\n","protected":false},"excerpt":{"rendered":"<p>O pen\u00faltimo dia da 23\u00aa Feira Internacional do Livro acontece neste s\u00e1bado (10), com programa\u00e7\u00f5es a partir das 8h30, totalmente gratuita, no Centro de Ribeir\u00e3o&#8230;<\/p>\n","protected":false},"author":1,"featured_media":59621,"comment_status":"open","ping_status":"open","sticky":false,"template":"","format":"standard","meta":{"_uag_custom_page_level_css":"","advanced_seo_description":"","jetpack_seo_html_title":"","jetpack_seo_noindex":false,"jetpack_post_was_ever_published":false,"_jetpack_newsletter_access":"","_jetpack_dont_email_post_to_subs":false,"_jetpack_newsletter_tier_id":0,"_jetpack_memberships_contains_paywalled_content":false,"_jetpack_memberships_contains_paid_content":false,"footnotes":"","jetpack_publicize_message":"","jetpack_publicize_feature_enabled":true,"jetpack_social_post_already_shared":true,"jetpack_social_options":{"image_generator_settings":{"template":"highway","default_image_id":0,"font":"","enabled":false},"version":2}},"categories":[11],"tags":[],"class_list":["post-59620","post","type-post","status-publish","format-standard","has-post-thumbnail","hentry","category-noticias-de-ribeirao-preto-sp-e-regiao-ismael-colosi"],"jetpack_publicize_connections":[],"jetpack_featured_media_url":"https:\/\/i0.wp.com\/ismaelcolosi.com.br\/wp-content\/uploads\/2024\/08\/fil_2024-08-09_16-23-15_jpg_2024-08-09_16-23-15.webp.webp?fit=716%2C474&ssl=1","uagb_featured_image_src":{"full":["https:\/\/i0.wp.com\/ismaelcolosi.com.br\/wp-content\/uploads\/2024\/08\/fil_2024-08-09_16-23-15_jpg_2024-08-09_16-23-15.webp.webp?fit=716%2C474&ssl=1",716,474,false],"thumbnail":["https:\/\/i0.wp.com\/ismaelcolosi.com.br\/wp-content\/uploads\/2024\/08\/fil_2024-08-09_16-23-15_jpg_2024-08-09_16-23-15.webp.webp?resize=150%2C150&ssl=1",150,150,true],"medium":["https:\/\/i0.wp.com\/ismaelcolosi.com.br\/wp-content\/uploads\/2024\/08\/fil_2024-08-09_16-23-15_jpg_2024-08-09_16-23-15.webp.webp?fit=300%2C199&ssl=1",300,199,true],"medium_large":["https:\/\/i0.wp.com\/ismaelcolosi.com.br\/wp-content\/uploads\/2024\/08\/fil_2024-08-09_16-23-15_jpg_2024-08-09_16-23-15.webp.webp?fit=716%2C474&ssl=1",716,474,true],"large":["https:\/\/i0.wp.com\/ismaelcolosi.com.br\/wp-content\/uploads\/2024\/08\/fil_2024-08-09_16-23-15_jpg_2024-08-09_16-23-15.webp.webp?fit=716%2C474&ssl=1",716,474,true],"1536x1536":["https:\/\/i0.wp.com\/ismaelcolosi.com.br\/wp-content\/uploads\/2024\/08\/fil_2024-08-09_16-23-15_jpg_2024-08-09_16-23-15.webp.webp?fit=716%2C474&ssl=1",716,474,true],"2048x2048":["https:\/\/i0.wp.com\/ismaelcolosi.com.br\/wp-content\/uploads\/2024\/08\/fil_2024-08-09_16-23-15_jpg_2024-08-09_16-23-15.webp.webp?fit=716%2C474&ssl=1",716,474,true],"really-simple-thumb":["https:\/\/i0.wp.com\/ismaelcolosi.com.br\/wp-content\/uploads\/2024\/08\/fil_2024-08-09_16-23-15_jpg_2024-08-09_16-23-15.webp.webp?resize=370%2C247&ssl=1",370,247,true]},"uagb_author_info":{"display_name":"ismaelcolosi.com.br","author_link":"https:\/\/ismaelcolosi.com.br\/index.php\/author\/vidareal-online\/"},"uagb_comment_info":0,"uagb_excerpt":"O pen\u00faltimo dia da 23\u00aa Feira Internacional do Livro acontece neste s\u00e1bado (10), com programa\u00e7\u00f5es a partir das 8h30, totalmente gratuita, no Centro de Ribeir\u00e3o...","jetpack-related-posts":[{"id":58743,"url":"https:\/\/ismaelcolosi.com.br\/index.php\/2024\/08\/02\/mv-bill-candlelight-e-dori-caymmi-confira-o-que-fazer-no-fim-de-semana-em-ribeirao-preto\/","url_meta":{"origin":59620,"position":0},"title":"MV Bill, \u2018Candlelight\u2019 e Dori Caymmi: Confira o que fazer no fim de semana em Ribeir\u00e3o Preto","author":"ismaelcolosi.com.br","date":"2 de August de 2024","format":false,"excerpt":"Sextou! O primeiro fim de semana de agosto come\u00e7ou e Ribeir\u00e3o Preto conta com diversas atividades culturais para quem n\u00e3o gosta de ficar parado. Entre as op\u00e7\u00f5es est\u00e3o a programa\u00e7\u00e3o da 23\u00aa Feira Internacional do Livro de Ribeir\u00e3o Preto, shows e circo digital. Confira o que fazer neste fim de\u2026","rel":"","context":"In &quot;Not\u00edcias de Ribeir\u00e3o Preto-SP e Regi\u00e3o&quot;","block_context":{"text":"Not\u00edcias de Ribeir\u00e3o Preto-SP e Regi\u00e3o","link":"https:\/\/ismaelcolosi.com.br\/index.php\/category\/noticias-de-ribeirao-preto-sp-e-regiao-ismael-colosi\/"},"img":{"alt_text":"","src":"https:\/\/i0.wp.com\/ismaelcolosi.com.br\/wp-content\/uploads\/2024\/08\/Copia-de-Copia-de-TAMANHO-EXATO-PARA-FOTOS-NO-SISTEMA-NOVO-24_2024-08-02_12-31-16_jpg_2024-08-02_12-31-16.webp.webp?fit=1200%2C675&ssl=1&resize=350%2C200","width":350,"height":200,"srcset":"https:\/\/i0.wp.com\/ismaelcolosi.com.br\/wp-content\/uploads\/2024\/08\/Copia-de-Copia-de-TAMANHO-EXATO-PARA-FOTOS-NO-SISTEMA-NOVO-24_2024-08-02_12-31-16_jpg_2024-08-02_12-31-16.webp.webp?fit=1200%2C675&ssl=1&resize=350%2C200 1x, https:\/\/i0.wp.com\/ismaelcolosi.com.br\/wp-content\/uploads\/2024\/08\/Copia-de-Copia-de-TAMANHO-EXATO-PARA-FOTOS-NO-SISTEMA-NOVO-24_2024-08-02_12-31-16_jpg_2024-08-02_12-31-16.webp.webp?fit=1200%2C675&ssl=1&resize=525%2C300 1.5x, https:\/\/i0.wp.com\/ismaelcolosi.com.br\/wp-content\/uploads\/2024\/08\/Copia-de-Copia-de-TAMANHO-EXATO-PARA-FOTOS-NO-SISTEMA-NOVO-24_2024-08-02_12-31-16_jpg_2024-08-02_12-31-16.webp.webp?fit=1200%2C675&ssl=1&resize=700%2C400 2x, https:\/\/i0.wp.com\/ismaelcolosi.com.br\/wp-content\/uploads\/2024\/08\/Copia-de-Copia-de-TAMANHO-EXATO-PARA-FOTOS-NO-SISTEMA-NOVO-24_2024-08-02_12-31-16_jpg_2024-08-02_12-31-16.webp.webp?fit=1200%2C675&ssl=1&resize=1050%2C600 3x"},"classes":[]},{"id":44239,"url":"https:\/\/ismaelcolosi.com.br\/index.php\/2024\/03\/26\/musica-teatro-e-troca-de-livros-confira-a-programacao-do-sesi-ribeirao-preto\/","url_meta":{"origin":59620,"position":1},"title":"M\u00fasica, teatro e troca de livros: Confira a programa\u00e7\u00e3o do Sesi Ribeir\u00e3o Preto","author":"ismaelcolosi.com.br","date":"26 de March de 2024","format":false,"excerpt":"Neste fim de semana, o Sesi Ribeir\u00e3o Preto conta com uma programa\u00e7\u00e3o para toda fam\u00edlia. Entre as atra\u00e7\u00f5es est\u00e3o m\u00fasica, teatro \u201clambe-lambe\u201d, feira de troca de livros e at\u00e9 hora do lanche para o p\u00fablico. No s\u00e1bado (30), das 9h \u00e0s 16h acontece \u00e0 quarta edi\u00e7\u00e3o da \u201cLivro por Livro\u201d\u2026","rel":"","context":"In &quot;Not\u00edcias de Ribeir\u00e3o Preto-SP e Regi\u00e3o&quot;","block_context":{"text":"Not\u00edcias de Ribeir\u00e3o Preto-SP e Regi\u00e3o","link":"https:\/\/ismaelcolosi.com.br\/index.php\/category\/noticias-de-ribeirao-preto-sp-e-regiao-ismael-colosi\/"},"img":{"alt_text":"","src":"https:\/\/i0.wp.com\/ismaelcolosi.com.br\/wp-content\/uploads\/2024\/03\/Copia-de-Copia-de-TAMANHO-EXATO-PARA-FOTOS-NO-SISTEMA-NOVO-5-1.jpg?fit=1200%2C675&ssl=1&resize=350%2C200","width":350,"height":200,"srcset":"https:\/\/i0.wp.com\/ismaelcolosi.com.br\/wp-content\/uploads\/2024\/03\/Copia-de-Copia-de-TAMANHO-EXATO-PARA-FOTOS-NO-SISTEMA-NOVO-5-1.jpg?fit=1200%2C675&ssl=1&resize=350%2C200 1x, https:\/\/i0.wp.com\/ismaelcolosi.com.br\/wp-content\/uploads\/2024\/03\/Copia-de-Copia-de-TAMANHO-EXATO-PARA-FOTOS-NO-SISTEMA-NOVO-5-1.jpg?fit=1200%2C675&ssl=1&resize=525%2C300 1.5x, https:\/\/i0.wp.com\/ismaelcolosi.com.br\/wp-content\/uploads\/2024\/03\/Copia-de-Copia-de-TAMANHO-EXATO-PARA-FOTOS-NO-SISTEMA-NOVO-5-1.jpg?fit=1200%2C675&ssl=1&resize=700%2C400 2x, https:\/\/i0.wp.com\/ismaelcolosi.com.br\/wp-content\/uploads\/2024\/03\/Copia-de-Copia-de-TAMANHO-EXATO-PARA-FOTOS-NO-SISTEMA-NOVO-5-1.jpg?fit=1200%2C675&ssl=1&resize=1050%2C600 3x"},"classes":[]},{"id":5926,"url":"https:\/\/ismaelcolosi.com.br\/index.php\/2023\/11\/24\/daniel-sandy-e-amazing-tenors-veja-o-que-curtir-no-fim-de-semana-em-ribeirao\/","url_meta":{"origin":59620,"position":2},"title":"Daniel, Sandy e Amazing Tenors:\u00a0Veja o que curtir no fim de semana em Ribeir\u00e3o","author":"ismaelcolosi.com.br","date":"24 de November de 2023","format":false,"excerpt":"O fim de semana em Ribeir\u00e3o Preto est\u00e1 repleto de op\u00e7\u00f5es musicais para todos os gostos e todas as idades.\u00a0 Tem show sertanejo, espet\u00e1culo de Natal, festivais de m\u00fasica, orquestra em igreja, apresenta\u00e7\u00f5es em teatros e, al\u00e9m disso, feira gratuita com troca de livro. \u00a0 Confira a programa\u00e7\u00e3o FESTIVAL SUPERNOVA\u00a0\u2026","rel":"","context":"In &quot;Not\u00edcias de Ribeir\u00e3o Preto-SP e Regi\u00e3o&quot;","block_context":{"text":"Not\u00edcias de Ribeir\u00e3o Preto-SP e Regi\u00e3o","link":"https:\/\/ismaelcolosi.com.br\/index.php\/category\/noticias-de-ribeirao-preto-sp-e-regiao-ismael-colosi\/"},"img":{"alt_text":"","src":"https:\/\/i0.wp.com\/ismaelcolosi.com.br\/wp-content\/uploads\/2023\/11\/393998239_18392266828052536_6057001647339248478_n.jpg?fit=1080%2C722&ssl=1&resize=350%2C200","width":350,"height":200,"srcset":"https:\/\/i0.wp.com\/ismaelcolosi.com.br\/wp-content\/uploads\/2023\/11\/393998239_18392266828052536_6057001647339248478_n.jpg?fit=1080%2C722&ssl=1&resize=350%2C200 1x, https:\/\/i0.wp.com\/ismaelcolosi.com.br\/wp-content\/uploads\/2023\/11\/393998239_18392266828052536_6057001647339248478_n.jpg?fit=1080%2C722&ssl=1&resize=525%2C300 1.5x, https:\/\/i0.wp.com\/ismaelcolosi.com.br\/wp-content\/uploads\/2023\/11\/393998239_18392266828052536_6057001647339248478_n.jpg?fit=1080%2C722&ssl=1&resize=700%2C400 2x, https:\/\/i0.wp.com\/ismaelcolosi.com.br\/wp-content\/uploads\/2023\/11\/393998239_18392266828052536_6057001647339248478_n.jpg?fit=1080%2C722&ssl=1&resize=1050%2C600 3x"},"classes":[]},{"id":32817,"url":"https:\/\/ismaelcolosi.com.br\/index.php\/2024\/01\/26\/ribeirao-preto-tera-feira-de-troca-de-livros-neste-sabado-veja-como-participar\/","url_meta":{"origin":59620,"position":3},"title":"Ribeir\u00e3o Preto ter\u00e1 Feira de Troca de Livros neste s\u00e1bado; Veja como participar","author":"ismaelcolosi.com.br","date":"26 de January de 2024","format":false,"excerpt":"A segunda edi\u00e7\u00e3o da Feira de Troca de Livros \u201cLivro por Livro\u201d acontece neste s\u00e1bado (27), em frente ao Teatro do Sesi, no bairro Jardim Castelo Branco em Ribeir\u00e3o Preto. O evento, que \u00e9 de gra\u00e7a e aberto ao p\u00fablico, acontece das 9h \u00e0s 13h. Os interessados em participar podem\u2026","rel":"","context":"In &quot;Not\u00edcias de Ribeir\u00e3o Preto-SP e Regi\u00e3o&quot;","block_context":{"text":"Not\u00edcias de Ribeir\u00e3o Preto-SP e Regi\u00e3o","link":"https:\/\/ismaelcolosi.com.br\/index.php\/category\/noticias-de-ribeirao-preto-sp-e-regiao-ismael-colosi\/"},"img":{"alt_text":"","src":"https:\/\/i0.wp.com\/ismaelcolosi.com.br\/wp-content\/uploads\/2024\/01\/estudantes-segurando-livros-parque-scaled.jpg?fit=1200%2C801&ssl=1&resize=350%2C200","width":350,"height":200,"srcset":"https:\/\/i0.wp.com\/ismaelcolosi.com.br\/wp-content\/uploads\/2024\/01\/estudantes-segurando-livros-parque-scaled.jpg?fit=1200%2C801&ssl=1&resize=350%2C200 1x, https:\/\/i0.wp.com\/ismaelcolosi.com.br\/wp-content\/uploads\/2024\/01\/estudantes-segurando-livros-parque-scaled.jpg?fit=1200%2C801&ssl=1&resize=525%2C300 1.5x, https:\/\/i0.wp.com\/ismaelcolosi.com.br\/wp-content\/uploads\/2024\/01\/estudantes-segurando-livros-parque-scaled.jpg?fit=1200%2C801&ssl=1&resize=700%2C400 2x, https:\/\/i0.wp.com\/ismaelcolosi.com.br\/wp-content\/uploads\/2024\/01\/estudantes-segurando-livros-parque-scaled.jpg?fit=1200%2C801&ssl=1&resize=1050%2C600 3x"},"classes":[]},{"id":51092,"url":"https:\/\/ismaelcolosi.com.br\/index.php\/2024\/05\/23\/feira-do-livro-na-regiao-de-ribeirao-tem-oficinas-e-shows-veja-a-programacao\/","url_meta":{"origin":59620,"position":4},"title":"Feira do Livro na regi\u00e3o de Ribeir\u00e3o tem oficinas e shows; Veja a programa\u00e7\u00e3o","author":"ismaelcolosi.com.br","date":"23 de May de 2024","format":false,"excerpt":"A 5\u00aa Feira do Livro de Ipu\u00e3 (Fecodi), cidade a aproximadamente 100 quil\u00f4metros de Ribeir\u00e3o Preto, inicia nesta quinta-feira (23) e segue at\u00e9 s\u00e1bado (25). A edi\u00e7\u00e3o homenageia o cartunista Mauricio de Sousa. Confira a programa\u00e7\u00e3o completa abaixo. O evento ter\u00e1 atividades di\u00e1rias no Parque de Exposi\u00e7\u00f5es Oswaldo Ribeiro de\u2026","rel":"","context":"In &quot;Not\u00edcias de Ribeir\u00e3o Preto-SP e Regi\u00e3o&quot;","block_context":{"text":"Not\u00edcias de Ribeir\u00e3o Preto-SP e Regi\u00e3o","link":"https:\/\/ismaelcolosi.com.br\/index.php\/category\/noticias-de-ribeirao-preto-sp-e-regiao-ismael-colosi\/"},"img":{"alt_text":"","src":"https:\/\/i0.wp.com\/ismaelcolosi.com.br\/wp-content\/uploads\/2024\/05\/Copia-de-Copia-de-TAMANHO-EXATO-PARA-FOTOS-NO-SISTEMA-NOVO_2024-05-23_11-35-28_jpg_2024-05-23_11-35-28.webp.webp?fit=1200%2C675&ssl=1&resize=350%2C200","width":350,"height":200,"srcset":"https:\/\/i0.wp.com\/ismaelcolosi.com.br\/wp-content\/uploads\/2024\/05\/Copia-de-Copia-de-TAMANHO-EXATO-PARA-FOTOS-NO-SISTEMA-NOVO_2024-05-23_11-35-28_jpg_2024-05-23_11-35-28.webp.webp?fit=1200%2C675&ssl=1&resize=350%2C200 1x, https:\/\/i0.wp.com\/ismaelcolosi.com.br\/wp-content\/uploads\/2024\/05\/Copia-de-Copia-de-TAMANHO-EXATO-PARA-FOTOS-NO-SISTEMA-NOVO_2024-05-23_11-35-28_jpg_2024-05-23_11-35-28.webp.webp?fit=1200%2C675&ssl=1&resize=525%2C300 1.5x, https:\/\/i0.wp.com\/ismaelcolosi.com.br\/wp-content\/uploads\/2024\/05\/Copia-de-Copia-de-TAMANHO-EXATO-PARA-FOTOS-NO-SISTEMA-NOVO_2024-05-23_11-35-28_jpg_2024-05-23_11-35-28.webp.webp?fit=1200%2C675&ssl=1&resize=700%2C400 2x, https:\/\/i0.wp.com\/ismaelcolosi.com.br\/wp-content\/uploads\/2024\/05\/Copia-de-Copia-de-TAMANHO-EXATO-PARA-FOTOS-NO-SISTEMA-NOVO_2024-05-23_11-35-28_jpg_2024-05-23_11-35-28.webp.webp?fit=1200%2C675&ssl=1&resize=1050%2C600 3x"},"classes":[]},{"id":42711,"url":"https:\/\/ismaelcolosi.com.br\/index.php\/2024\/03\/16\/fundacao-do-livro-e-leitura-tem-programacao-gratuita-saiba-mais\/","url_meta":{"origin":59620,"position":5},"title":"Funda\u00e7\u00e3o do Livro e Leitura tem programa\u00e7\u00e3o gratuita; Saiba mais","author":"ismaelcolosi.com.br","date":"16 de March de 2024","format":false,"excerpt":"A Funda\u00e7\u00e3o do Livro e Leitura conta com uma programa\u00e7\u00e3o especial neste m\u00eas de mar\u00e7o com op\u00e7\u00f5es de cultura, lazer e di\u00e1logo para a popula\u00e7\u00e3o de\u00a0Ribeir\u00e3o Preto e regi\u00e3o. Confira: S\u00c1BADO, DIA 16 Neste s\u00e1bado (16), \u00e0s 15h, a quadrinista ribeir\u00e3o-pretana Luana Cristini realiza um bate-papo sobre \u201cOs desafios da\u2026","rel":"","context":"In &quot;Not\u00edcias de Ribeir\u00e3o Preto-SP e Regi\u00e3o&quot;","block_context":{"text":"Not\u00edcias de Ribeir\u00e3o Preto-SP e Regi\u00e3o","link":"https:\/\/ismaelcolosi.com.br\/index.php\/category\/noticias-de-ribeirao-preto-sp-e-regiao-ismael-colosi\/"},"img":{"alt_text":"","src":"https:\/\/i0.wp.com\/ismaelcolosi.com.br\/wp-content\/uploads\/2024\/03\/WhatsApp-Image-2024-03-16-at-10.57.42.jpeg?fit=1200%2C675&ssl=1&resize=350%2C200","width":350,"height":200,"srcset":"https:\/\/i0.wp.com\/ismaelcolosi.com.br\/wp-content\/uploads\/2024\/03\/WhatsApp-Image-2024-03-16-at-10.57.42.jpeg?fit=1200%2C675&ssl=1&resize=350%2C200 1x, https:\/\/i0.wp.com\/ismaelcolosi.com.br\/wp-content\/uploads\/2024\/03\/WhatsApp-Image-2024-03-16-at-10.57.42.jpeg?fit=1200%2C675&ssl=1&resize=525%2C300 1.5x, https:\/\/i0.wp.com\/ismaelcolosi.com.br\/wp-content\/uploads\/2024\/03\/WhatsApp-Image-2024-03-16-at-10.57.42.jpeg?fit=1200%2C675&ssl=1&resize=700%2C400 2x, https:\/\/i0.wp.com\/ismaelcolosi.com.br\/wp-content\/uploads\/2024\/03\/WhatsApp-Image-2024-03-16-at-10.57.42.jpeg?fit=1200%2C675&ssl=1&resize=1050%2C600 3x"},"classes":[]}],"jetpack_sharing_enabled":true,"jetpack_shortlink":"https:\/\/wp.me\/pfMlyK-fvC","_links":{"self":[{"href":"https:\/\/ismaelcolosi.com.br\/index.php\/wp-json\/wp\/v2\/posts\/59620","targetHints":{"allow":["GET"]}}],"collection":[{"href":"https:\/\/ismaelcolosi.com.br\/index.php\/wp-json\/wp\/v2\/posts"}],"about":[{"href":"https:\/\/ismaelcolosi.com.br\/index.php\/wp-json\/wp\/v2\/types\/post"}],"author":[{"embeddable":true,"href":"https:\/\/ismaelcolosi.com.br\/index.php\/wp-json\/wp\/v2\/users\/1"}],"replies":[{"embeddable":true,"href":"https:\/\/ismaelcolosi.com.br\/index.php\/wp-json\/wp\/v2\/comments?post=59620"}],"version-history":[{"count":0,"href":"https:\/\/ismaelcolosi.com.br\/index.php\/wp-json\/wp\/v2\/posts\/59620\/revisions"}],"wp:featuredmedia":[{"embeddable":true,"href":"https:\/\/ismaelcolosi.com.br\/index.php\/wp-json\/wp\/v2\/media\/59621"}],"wp:attachment":[{"href":"https:\/\/ismaelcolosi.com.br\/index.php\/wp-json\/wp\/v2\/media?parent=59620"}],"wp:term":[{"taxonomy":"category","embeddable":true,"href":"https:\/\/ismaelcolosi.com.br\/index.php\/wp-json\/wp\/v2\/categories?post=59620"},{"taxonomy":"post_tag","embeddable":true,"href":"https:\/\/ismaelcolosi.com.br\/index.php\/wp-json\/wp\/v2\/tags?post=59620"}],"curies":[{"name":"wp","href":"https:\/\/api.w.org\/{rel}","templated":true}]}}