{"id":59613,"date":"2024-08-09T21:25:35","date_gmt":"2024-08-10T00:25:35","guid":{"rendered":"https:\/\/ismaelcolosi.com.br\/index.php\/2024\/08\/09\/governo-de-sp-decreta-luto-de-tres-dias-por-causa-de-acidente-aereo-no-interior-2\/"},"modified":"2024-08-09T21:25:35","modified_gmt":"2024-08-10T00:25:35","slug":"governo-de-sp-decreta-luto-de-tres-dias-por-causa-de-acidente-aereo-no-interior-2","status":"publish","type":"post","link":"https:\/\/ismaelcolosi.com.br\/index.php\/2024\/08\/09\/governo-de-sp-decreta-luto-de-tres-dias-por-causa-de-acidente-aereo-no-interior-2\/","title":{"rendered":"Governo de SP decreta luto de tr\u00eas dias por causa de acidente a\u00e9reo no interior"},"content":{"rendered":"<p> <br \/>\n<\/p>\n<div>\n<p><strong>O governador do Estado de S\u00e3o Paulo, Tarc\u00edsio de Freitas, decretou luto de tr\u00eas dias em homenagem \u00e0s v\u00edtimas do acidente a\u00e9reo em Vinhedo, no interior de S\u00e3o Paulo, nesta sexta-feira (9)<\/strong>. <mark style=\"background-color:#fcb900\" class=\"has-inline-color\">O avi\u00e3o era da <strong><a href=\"https:\/\/www.voepass.com.br\/empresa\/site\/passaredods.html\" target=\"_blank\" rel=\"noreferrer noopener\">Voepass<\/a><\/strong>, antiga <strong>Passaredo<\/strong>, empresa que tem sede em <strong>Ribeir\u00e3o Preto<\/strong>.<\/mark><\/p>\n<p>Conforme anunciado anteriormente pelo governador, um <strong>gabinete de crise<\/strong> foi instalado no local para acompanhar e auxiliar nos trabalhos.<\/p>\n<p>Conforme a <strong>Defesa Civil do Estado de S\u00e3o Paulo<\/strong>, ser\u00e1 montada uma equipe para apoiar as fam\u00edlias das v\u00edtimas na Capital paulista. <strong>O trabalho para remo\u00e7\u00e3o dos corpos j\u00e1 foram iniciados.<\/strong> O <strong>Instituto M\u00e9dico Legal (IML) Central<\/strong> ser\u00e1 fechado para um trabalho exclusivo \u00e0s v\u00edtimas do acidente.<\/p>\n<figure class=\"wp-block-pullquote\">\n<blockquote>\n<p>O estado vai disponibilizar acomoda\u00e7\u00f5es para as pessoas e temos o trabalho de assistentes sociais e psic\u00f3logos para dar todo o suporte para as fam\u00edlias. \u00c9 nosso objetivo no momento<\/p>\n<p><cite>afirmou Tarc\u00edsio<\/cite><\/p><\/blockquote>\n<\/figure>\n<h3 class=\"wp-block-heading\"><strong>Quem s\u00e3o as v\u00edtimas do acidente a\u00e9reo?<\/strong><\/h3>\n<p>A <strong>Voepass <\/strong>divulgou a lista dos passageiros que estavam na aeronave. Ao todo, 61 pessoas estavam no avi\u00e3o, sendo <strong>57 passageiros<\/strong> e <strong>quatro tripulantes<\/strong>. Ningu\u00e9m sobreviveu.<\/p>\n<p>A comiss\u00e1ria de bordo<strong> <\/strong><strong>Rubia Silva de Lima<\/strong>, de Bonfim Paulista, distrito de Ribeir\u00e3o Preto, \u00e9 uma das v\u00edtimas da queda de um avi\u00e3o.<\/p>\n<h4 class=\"wp-block-heading\"><strong>O que aconteceu?<\/strong><\/h4>\n<p>O avi\u00e3o que caiu em <strong>Vinhedo<\/strong>, no interior de <strong>S\u00e3o Paulo<\/strong>, saiu de Cascavel-PR, \u00e0s 11h40 desta sexta-feira, e tinha como destino o aeroporto Internacional de Guarulhos. <\/p>\n<p>Em nota, a <strong>Voepass <\/strong>afirmou que acionou todos os meios para apoiar os envolvidos. \u201cN\u00e3o h\u00e1 ainda confirma\u00e7\u00e3o de como ocorreu o acidente e nem da situa\u00e7\u00e3o atual das pessoas que estavam a bordo\u201d, informa.<\/p>\n<p>Conforme a <strong>Ag\u00eancia Nacional de Avia\u00e7\u00e3o Civil (<a href=\"https:\/\/www.gov.br\/anac\/pt-br\" target=\"_blank\" rel=\"noreferrer noopener\">Anac<\/a>)<\/strong>, a aeronave ATR-72, foi fabricada em 2010 e se encontrava em <strong>condi\u00e7\u00e3o regular para operar<\/strong>, com certificados de matr\u00edcula e de aeronavegabilidade v\u00e1lidos.<\/p>\n<p>Durante coletiva de imprensa, o <strong>Centro de Investiga\u00e7\u00e3o e Preven\u00e7\u00e3o de Acidentes Aeron\u00e1uticos (<a href=\"https:\/\/www2.fab.mil.br\/cenipa\/\" target=\"_blank\" rel=\"noreferrer noopener\">Cenippa<\/a>)<\/strong> afirmou que ainda \u201c\u00e9 muito prematuro\u201d afirmar o que causou o acidente.<\/p>\n<hr class=\"wp-block-separator has-alpha-channel-opacity\"\/>\n<p>SAIBA MAIS<\/p>\n<p>Quem era a v\u00edtima de Ribeir\u00e3o Preto que morreu em acidente de avi\u00e3o no interior de SP<\/p>\n<h4 class=\"wp-block-heading\"><strong>FIQUE ON<\/strong><\/h4>\n<p>Fique ligado em tudo que acontece em Ribeir\u00e3o Preto e regi\u00e3o. Siga os perfis do<strong>\u00a0acidade on\u00a0<\/strong>no<a href=\"https:\/\/www.instagram.com\/acidadeonribeirao\/\" target=\"_blank\" rel=\"noreferrer noopener\">\u00a0Instagram<\/a>\u00a0e no\u00a0<a href=\"https:\/\/www.facebook.com\/acidadeonribeirao\/\" target=\"_blank\" rel=\"noreferrer noopener\">Facebook<\/a>.<\/p>\n<p>Receba not\u00edcias do<strong>\u00a0acidade on<\/strong>\u00a0no WhatsApp.<a href=\"https:\/\/chat.whatsapp.com\/Dtv9mxhy6V5BJBotM2OQ5k\" target=\"_blank\" rel=\"noreferrer noopener\">\u00a0Para entrar no grupo, basta clicar aqui.<\/a><\/p>\n<p>Fa\u00e7a uma den\u00fancia ou sugira uma reportagem sobre Ribeir\u00e3o Preto e regi\u00e3o pelo WhatsApp: 16 99117 7802.<\/p>\n<p>VEJA TAMB\u00c9M<\/p>\n<p>Quantos ATR-72 tem no Brasil?<\/p>\n<p><!-- CONTENT END 1 -->\n<\/div>\n<p><script async src=\"\/\/www.instagram.com\/embed.js\"><\/script><br \/>\n<br \/><br \/>\n<br \/><a href=\"https:\/\/www.acidadeon.com\/ribeiraopreto\/cotidiano\/governo-de-sp-decreta-luto-de-tres-dias-por-causa-de-acidente-aereo-no-interior\/\">Source link <\/a><\/p>\n","protected":false},"excerpt":{"rendered":"<p>O governador do Estado de S\u00e3o Paulo, Tarc\u00edsio de Freitas, decretou luto de tr\u00eas dias em homenagem \u00e0s v\u00edtimas do acidente a\u00e9reo em Vinhedo, no&#8230;<\/p>\n","protected":false},"author":1,"featured_media":59612,"comment_status":"open","ping_status":"open","sticky":false,"template":"","format":"standard","meta":{"_uag_custom_page_level_css":"","advanced_seo_description":"","jetpack_seo_html_title":"","jetpack_seo_noindex":false,"jetpack_post_was_ever_published":false,"_jetpack_newsletter_access":"","_jetpack_dont_email_post_to_subs":false,"_jetpack_newsletter_tier_id":0,"_jetpack_memberships_contains_paywalled_content":false,"_jetpack_memberships_contains_paid_content":false,"footnotes":"","jetpack_publicize_message":"","jetpack_publicize_feature_enabled":true,"jetpack_social_post_already_shared":true,"jetpack_social_options":{"image_generator_settings":{"template":"highway","default_image_id":0,"font":"","enabled":false},"version":2}},"categories":[11],"tags":[],"class_list":["post-59613","post","type-post","status-publish","format-standard","has-post-thumbnail","hentry","category-noticias-de-ribeirao-preto-sp-e-regiao-ismael-colosi"],"jetpack_publicize_connections":[],"jetpack_featured_media_url":"https:\/\/i0.wp.com\/ismaelcolosi.com.br\/wp-content\/uploads\/2024\/08\/denny_cesare_codigo_19_272915_2024-08-09_21-14-55_jpg_2024-08-09_21-14-55-1068x712-1_2024-08-09_23-42-09.webp.webp?fit=1068%2C712&ssl=1","uagb_featured_image_src":{"full":["https:\/\/i0.wp.com\/ismaelcolosi.com.br\/wp-content\/uploads\/2024\/08\/denny_cesare_codigo_19_272915_2024-08-09_21-14-55_jpg_2024-08-09_21-14-55-1068x712-1_2024-08-09_23-42-09.webp.webp?fit=1068%2C712&ssl=1",1068,712,false],"thumbnail":["https:\/\/i0.wp.com\/ismaelcolosi.com.br\/wp-content\/uploads\/2024\/08\/denny_cesare_codigo_19_272915_2024-08-09_21-14-55_jpg_2024-08-09_21-14-55-1068x712-1_2024-08-09_23-42-09.webp.webp?resize=150%2C150&ssl=1",150,150,true],"medium":["https:\/\/i0.wp.com\/ismaelcolosi.com.br\/wp-content\/uploads\/2024\/08\/denny_cesare_codigo_19_272915_2024-08-09_21-14-55_jpg_2024-08-09_21-14-55-1068x712-1_2024-08-09_23-42-09.webp.webp?fit=300%2C200&ssl=1",300,200,true],"medium_large":["https:\/\/i0.wp.com\/ismaelcolosi.com.br\/wp-content\/uploads\/2024\/08\/denny_cesare_codigo_19_272915_2024-08-09_21-14-55_jpg_2024-08-09_21-14-55-1068x712-1_2024-08-09_23-42-09.webp.webp?fit=768%2C512&ssl=1",768,512,true],"large":["https:\/\/i0.wp.com\/ismaelcolosi.com.br\/wp-content\/uploads\/2024\/08\/denny_cesare_codigo_19_272915_2024-08-09_21-14-55_jpg_2024-08-09_21-14-55-1068x712-1_2024-08-09_23-42-09.webp.webp?fit=1024%2C683&ssl=1",1024,683,true],"1536x1536":["https:\/\/i0.wp.com\/ismaelcolosi.com.br\/wp-content\/uploads\/2024\/08\/denny_cesare_codigo_19_272915_2024-08-09_21-14-55_jpg_2024-08-09_21-14-55-1068x712-1_2024-08-09_23-42-09.webp.webp?fit=1068%2C712&ssl=1",1068,712,true],"2048x2048":["https:\/\/i0.wp.com\/ismaelcolosi.com.br\/wp-content\/uploads\/2024\/08\/denny_cesare_codigo_19_272915_2024-08-09_21-14-55_jpg_2024-08-09_21-14-55-1068x712-1_2024-08-09_23-42-09.webp.webp?fit=1068%2C712&ssl=1",1068,712,true],"really-simple-thumb":["https:\/\/i0.wp.com\/ismaelcolosi.com.br\/wp-content\/uploads\/2024\/08\/denny_cesare_codigo_19_272915_2024-08-09_21-14-55_jpg_2024-08-09_21-14-55-1068x712-1_2024-08-09_23-42-09.webp.webp?resize=370%2C247&ssl=1",370,247,true]},"uagb_author_info":{"display_name":"ismaelcolosi.com.br","author_link":"https:\/\/ismaelcolosi.com.br\/index.php\/author\/vidareal-online\/"},"uagb_comment_info":0,"uagb_excerpt":"O governador do Estado de S\u00e3o Paulo, Tarc\u00edsio de Freitas, decretou luto de tr\u00eas dias em homenagem \u00e0s v\u00edtimas do acidente a\u00e9reo em Vinhedo, no...","jetpack-related-posts":[{"id":59611,"url":"https:\/\/ismaelcolosi.com.br\/index.php\/2024\/08\/09\/governo-de-sp-decreta-luto-de-tres-dias-por-causa-de-acidente-aereo-no-interior\/","url_meta":{"origin":59613,"position":0},"title":"Governo de SP decreta luto de tr\u00eas dias por causa de acidente a\u00e9reo no interior","author":"ismaelcolosi.com.br","date":"9 de August de 2024","format":false,"excerpt":"O governador do Estado de S\u00e3o Paulo, Tarc\u00edsio de Freitas, decretou luto de tr\u00eas dias em homenagem \u00e0s v\u00edtimas do acidente a\u00e9reo em Vinhedo, no interior de S\u00e3o Paulo, nesta sexta-feira (9). O avi\u00e3o era da Voepass, antiga Passaredo, empresa que tem sede em Ribeir\u00e3o Preto. Conforme anunciado anteriormente pelo\u2026","rel":"","context":"In &quot;Not\u00edcias de Ribeir\u00e3o Preto-SP e Regi\u00e3o&quot;","block_context":{"text":"Not\u00edcias de Ribeir\u00e3o Preto-SP e Regi\u00e3o","link":"https:\/\/ismaelcolosi.com.br\/index.php\/category\/noticias-de-ribeirao-preto-sp-e-regiao-ismael-colosi\/"},"img":{"alt_text":"","src":"https:\/\/i0.wp.com\/ismaelcolosi.com.br\/wp-content\/uploads\/2024\/08\/denny_cesare_codigo_19_272915_2024-08-09_21-14-55_jpg_2024-08-09_21-14-55-1068x712-1_2024-08-09_23-42-09.webp.webp?fit=1068%2C712&ssl=1&resize=350%2C200","width":350,"height":200,"srcset":"https:\/\/i0.wp.com\/ismaelcolosi.com.br\/wp-content\/uploads\/2024\/08\/denny_cesare_codigo_19_272915_2024-08-09_21-14-55_jpg_2024-08-09_21-14-55-1068x712-1_2024-08-09_23-42-09.webp.webp?fit=1068%2C712&ssl=1&resize=350%2C200 1x, https:\/\/i0.wp.com\/ismaelcolosi.com.br\/wp-content\/uploads\/2024\/08\/denny_cesare_codigo_19_272915_2024-08-09_21-14-55_jpg_2024-08-09_21-14-55-1068x712-1_2024-08-09_23-42-09.webp.webp?fit=1068%2C712&ssl=1&resize=525%2C300 1.5x, https:\/\/i0.wp.com\/ismaelcolosi.com.br\/wp-content\/uploads\/2024\/08\/denny_cesare_codigo_19_272915_2024-08-09_21-14-55_jpg_2024-08-09_21-14-55-1068x712-1_2024-08-09_23-42-09.webp.webp?fit=1068%2C712&ssl=1&resize=700%2C400 2x, https:\/\/i0.wp.com\/ismaelcolosi.com.br\/wp-content\/uploads\/2024\/08\/denny_cesare_codigo_19_272915_2024-08-09_21-14-55_jpg_2024-08-09_21-14-55-1068x712-1_2024-08-09_23-42-09.webp.webp?fit=1068%2C712&ssl=1&resize=1050%2C600 3x"},"classes":[]},{"id":20014,"url":"https:\/\/ismaelcolosi.com.br\/index.php\/2023\/12\/23\/quem-sao-as-vitimas-da-mesma-familia-que-perderam-a-vida-em-acidente-aereo-no-interior-de-sp\/","url_meta":{"origin":59613,"position":1},"title":"Quem s\u00e3o as v\u00edtimas da mesma fam\u00edlia que perderam a vida em acidente a\u00e9reo no interior de SP","author":"ismaelcolosi.com.br","date":"23 de December de 2023","format":false,"excerpt":"Cinco indiv\u00edduos que perderam a vida no acidente envolvendo a queda de uma aeronave de pequeno porte na manh\u00e3 deste s\u00e1bado (23) em uma pra\u00e7a da cidade de Jaboticabal, localizada no interior do estado de S\u00e3o Paulo, compunham uma \u00fanica fam\u00edlia. As v\u00edtimas incluem tr\u00eas adultos, uma crian\u00e7a e uma\u2026","rel":"","context":"In &quot;Blog&quot;","block_context":{"text":"Blog","link":"https:\/\/ismaelcolosi.com.br\/index.php\/category\/blog\/"},"img":{"alt_text":"","src":"https:\/\/i0.wp.com\/ismaelcolosi.com.br\/wp-content\/uploads\/2023\/12\/postimg-65876a61b440f5075.jpg?fit=1200%2C628&ssl=1&resize=350%2C200","width":350,"height":200,"srcset":"https:\/\/i0.wp.com\/ismaelcolosi.com.br\/wp-content\/uploads\/2023\/12\/postimg-65876a61b440f5075.jpg?fit=1200%2C628&ssl=1&resize=350%2C200 1x, https:\/\/i0.wp.com\/ismaelcolosi.com.br\/wp-content\/uploads\/2023\/12\/postimg-65876a61b440f5075.jpg?fit=1200%2C628&ssl=1&resize=525%2C300 1.5x, https:\/\/i0.wp.com\/ismaelcolosi.com.br\/wp-content\/uploads\/2023\/12\/postimg-65876a61b440f5075.jpg?fit=1200%2C628&ssl=1&resize=700%2C400 2x, https:\/\/i0.wp.com\/ismaelcolosi.com.br\/wp-content\/uploads\/2023\/12\/postimg-65876a61b440f5075.jpg?fit=1200%2C628&ssl=1&resize=1050%2C600 3x"},"classes":[]},{"id":59686,"url":"https:\/\/ismaelcolosi.com.br\/index.php\/2024\/08\/11\/equipes-concluem-retirada-de-corpos-das-vitimas-de-acidente-aereo-no-interior-de-sp\/","url_meta":{"origin":59613,"position":2},"title":"Equipes concluem retirada de corpos das v\u00edtimas de acidente a\u00e9reo no interior de SP","author":"ismaelcolosi.com.br","date":"11 de August de 2024","format":false,"excerpt":"O Governo do Estado de S\u00e3o Paulo confirmou que os corpos das 62 v\u00edtimas do acidente com avi\u00e3o da Voepass, em Vinhedo, no interior paulista, foram retirados do local neste s\u00e1bado (10). A empresa a\u00e9rea tem sede em Ribeir\u00e3o Preto. Conforme a nota, as equipes do Corpo de Bombeiros finalizaram\u2026","rel":"","context":"In &quot;Not\u00edcias de Ribeir\u00e3o Preto-SP e Regi\u00e3o&quot;","block_context":{"text":"Not\u00edcias de Ribeir\u00e3o Preto-SP e Regi\u00e3o","link":"https:\/\/ismaelcolosi.com.br\/index.php\/category\/noticias-de-ribeirao-preto-sp-e-regiao-ismael-colosi\/"},"img":{"alt_text":"","src":"https:\/\/i0.wp.com\/ismaelcolosi.com.br\/wp-content\/uploads\/2024\/08\/aviao-voepass_2024-08-10_20-33-39_jpg_2024-08-10_20-33-39.webp.webp?fit=952%2C528&ssl=1&resize=350%2C200","width":350,"height":200,"srcset":"https:\/\/i0.wp.com\/ismaelcolosi.com.br\/wp-content\/uploads\/2024\/08\/aviao-voepass_2024-08-10_20-33-39_jpg_2024-08-10_20-33-39.webp.webp?fit=952%2C528&ssl=1&resize=350%2C200 1x, https:\/\/i0.wp.com\/ismaelcolosi.com.br\/wp-content\/uploads\/2024\/08\/aviao-voepass_2024-08-10_20-33-39_jpg_2024-08-10_20-33-39.webp.webp?fit=952%2C528&ssl=1&resize=525%2C300 1.5x, https:\/\/i0.wp.com\/ismaelcolosi.com.br\/wp-content\/uploads\/2024\/08\/aviao-voepass_2024-08-10_20-33-39_jpg_2024-08-10_20-33-39.webp.webp?fit=952%2C528&ssl=1&resize=700%2C400 2x"},"classes":[]},{"id":59582,"url":"https:\/\/ismaelcolosi.com.br\/index.php\/2024\/08\/09\/lula-e-tarcisio-lamentam-queda-de-aviao-no-interior-de-sp\/","url_meta":{"origin":59613,"position":3},"title":"Lula e Tarc\u00edsio lamentam queda de avi\u00e3o no interior de SP","author":"ismaelcolosi.com.br","date":"9 de August de 2024","format":false,"excerpt":"O presidente Luiz In\u00e1cio Lula da Silva pediu um minuto de sil\u00eancio para as v\u00edtimas da queda do avi\u00e3o com 58 passageiros e quatro tripulantes em Vinhedo, operado pela Voepass, com sede em Ribeir\u00e3o Preto, nesta sexta-feira (9). Queria que todos se colocassem de p\u00e9 para que a gente fizesse\u2026","rel":"","context":"In &quot;Not\u00edcias de Ribeir\u00e3o Preto-SP e Regi\u00e3o&quot;","block_context":{"text":"Not\u00edcias de Ribeir\u00e3o Preto-SP e Regi\u00e3o","link":"https:\/\/ismaelcolosi.com.br\/index.php\/category\/noticias-de-ribeirao-preto-sp-e-regiao-ismael-colosi\/"},"img":{"alt_text":"","src":"https:\/\/i0.wp.com\/ismaelcolosi.com.br\/wp-content\/uploads\/2024\/08\/Copia-de-Copia-de-TAMANHO-EXATO-PARA-FOTOS-NO-SISTEMA-NOVO-2024-08-09T162854.895_2024-08-09_19-29-00_png_2024-08-09_19-29-00.webp.webp?fit=1200%2C675&ssl=1&resize=350%2C200","width":350,"height":200,"srcset":"https:\/\/i0.wp.com\/ismaelcolosi.com.br\/wp-content\/uploads\/2024\/08\/Copia-de-Copia-de-TAMANHO-EXATO-PARA-FOTOS-NO-SISTEMA-NOVO-2024-08-09T162854.895_2024-08-09_19-29-00_png_2024-08-09_19-29-00.webp.webp?fit=1200%2C675&ssl=1&resize=350%2C200 1x, https:\/\/i0.wp.com\/ismaelcolosi.com.br\/wp-content\/uploads\/2024\/08\/Copia-de-Copia-de-TAMANHO-EXATO-PARA-FOTOS-NO-SISTEMA-NOVO-2024-08-09T162854.895_2024-08-09_19-29-00_png_2024-08-09_19-29-00.webp.webp?fit=1200%2C675&ssl=1&resize=525%2C300 1.5x, https:\/\/i0.wp.com\/ismaelcolosi.com.br\/wp-content\/uploads\/2024\/08\/Copia-de-Copia-de-TAMANHO-EXATO-PARA-FOTOS-NO-SISTEMA-NOVO-2024-08-09T162854.895_2024-08-09_19-29-00_png_2024-08-09_19-29-00.webp.webp?fit=1200%2C675&ssl=1&resize=700%2C400 2x, https:\/\/i0.wp.com\/ismaelcolosi.com.br\/wp-content\/uploads\/2024\/08\/Copia-de-Copia-de-TAMANHO-EXATO-PARA-FOTOS-NO-SISTEMA-NOVO-2024-08-09T162854.895_2024-08-09_19-29-00_png_2024-08-09_19-29-00.webp.webp?fit=1200%2C675&ssl=1&resize=1050%2C600 3x"},"classes":[]},{"id":59598,"url":"https:\/\/ismaelcolosi.com.br\/index.php\/2024\/08\/09\/lula-e-tarcisio-lamentam-queda-de-aviao-no-interior-de-sp-2\/","url_meta":{"origin":59613,"position":4},"title":"Lula e Tarc\u00edsio lamentam queda de avi\u00e3o no interior de SP","author":"ismaelcolosi.com.br","date":"9 de August de 2024","format":false,"excerpt":"O presidente Luiz In\u00e1cio Lula da Silva pediu um minuto de sil\u00eancio para as v\u00edtimas da queda do avi\u00e3o com 58 passageiros e quatro tripulantes em Vinhedo, operado pela Voepass, com sede em Ribeir\u00e3o Preto, nesta sexta-feira (9). Queria que todos se colocassem de p\u00e9 para que a gente fizesse\u2026","rel":"","context":"In &quot;Not\u00edcias de Ribeir\u00e3o Preto-SP e Regi\u00e3o&quot;","block_context":{"text":"Not\u00edcias de Ribeir\u00e3o Preto-SP e Regi\u00e3o","link":"https:\/\/ismaelcolosi.com.br\/index.php\/category\/noticias-de-ribeirao-preto-sp-e-regiao-ismael-colosi\/"},"img":{"alt_text":"","src":"https:\/\/i0.wp.com\/ismaelcolosi.com.br\/wp-content\/uploads\/2024\/08\/Copia-de-Copia-de-TAMANHO-EXATO-PARA-FOTOS-NO-SISTEMA-NOVO-2024-08-09T162854.895_2024-08-09_19-29-00_png_2024-08-09_19-29-00.webp.webp?fit=1200%2C675&ssl=1&resize=350%2C200","width":350,"height":200,"srcset":"https:\/\/i0.wp.com\/ismaelcolosi.com.br\/wp-content\/uploads\/2024\/08\/Copia-de-Copia-de-TAMANHO-EXATO-PARA-FOTOS-NO-SISTEMA-NOVO-2024-08-09T162854.895_2024-08-09_19-29-00_png_2024-08-09_19-29-00.webp.webp?fit=1200%2C675&ssl=1&resize=350%2C200 1x, https:\/\/i0.wp.com\/ismaelcolosi.com.br\/wp-content\/uploads\/2024\/08\/Copia-de-Copia-de-TAMANHO-EXATO-PARA-FOTOS-NO-SISTEMA-NOVO-2024-08-09T162854.895_2024-08-09_19-29-00_png_2024-08-09_19-29-00.webp.webp?fit=1200%2C675&ssl=1&resize=525%2C300 1.5x, https:\/\/i0.wp.com\/ismaelcolosi.com.br\/wp-content\/uploads\/2024\/08\/Copia-de-Copia-de-TAMANHO-EXATO-PARA-FOTOS-NO-SISTEMA-NOVO-2024-08-09T162854.895_2024-08-09_19-29-00_png_2024-08-09_19-29-00.webp.webp?fit=1200%2C675&ssl=1&resize=700%2C400 2x, https:\/\/i0.wp.com\/ismaelcolosi.com.br\/wp-content\/uploads\/2024\/08\/Copia-de-Copia-de-TAMANHO-EXATO-PARA-FOTOS-NO-SISTEMA-NOVO-2024-08-09T162854.895_2024-08-09_19-29-00_png_2024-08-09_19-29-00.webp.webp?fit=1200%2C675&ssl=1&resize=1050%2C600 3x"},"classes":[]},{"id":59934,"url":"https:\/\/ismaelcolosi.com.br\/index.php\/2024\/08\/13\/vitimas-da-queda-de-aviao-no-interior-de-sp-morreram-por-politraumatismo\/","url_meta":{"origin":59613,"position":5},"title":"V\u00edtimas da queda de avi\u00e3o no interior de SP morreram por politraumatismo","author":"ismaelcolosi.com.br","date":"13 de August de 2024","format":false,"excerpt":"O IML (Instituto M\u00e9dico-Legal) concluiu que as v\u00edtimas do acidente com o avi\u00e3o da Voepass, em Vinhedo, no interior de S\u00e3o Paulo, na sexta-feira (9), morreram de politraumatismo. O acidente deixou 62 mortos \u2013 sendo 58 passageiros e quatro tripulantes. A aeronave despencou mais de 4 mil metros de altura\u2026","rel":"","context":"In &quot;Not\u00edcias de Ribeir\u00e3o Preto-SP e Regi\u00e3o&quot;","block_context":{"text":"Not\u00edcias de Ribeir\u00e3o Preto-SP e Regi\u00e3o","link":"https:\/\/ismaelcolosi.com.br\/index.php\/category\/noticias-de-ribeirao-preto-sp-e-regiao-ismael-colosi\/"},"img":{"alt_text":"","src":"https:\/\/i0.wp.com\/ismaelcolosi.com.br\/wp-content\/uploads\/2024\/08\/bombeiros_2024-08-13_16-00-44_jpeg_2024-08-13_16-00-44.webp.webp?fit=800%2C600&ssl=1&resize=350%2C200","width":350,"height":200,"srcset":"https:\/\/i0.wp.com\/ismaelcolosi.com.br\/wp-content\/uploads\/2024\/08\/bombeiros_2024-08-13_16-00-44_jpeg_2024-08-13_16-00-44.webp.webp?fit=800%2C600&ssl=1&resize=350%2C200 1x, https:\/\/i0.wp.com\/ismaelcolosi.com.br\/wp-content\/uploads\/2024\/08\/bombeiros_2024-08-13_16-00-44_jpeg_2024-08-13_16-00-44.webp.webp?fit=800%2C600&ssl=1&resize=525%2C300 1.5x, https:\/\/i0.wp.com\/ismaelcolosi.com.br\/wp-content\/uploads\/2024\/08\/bombeiros_2024-08-13_16-00-44_jpeg_2024-08-13_16-00-44.webp.webp?fit=800%2C600&ssl=1&resize=700%2C400 2x"},"classes":[]}],"jetpack_sharing_enabled":true,"jetpack_shortlink":"https:\/\/wp.me\/pfMlyK-fvv","_links":{"self":[{"href":"https:\/\/ismaelcolosi.com.br\/index.php\/wp-json\/wp\/v2\/posts\/59613","targetHints":{"allow":["GET"]}}],"collection":[{"href":"https:\/\/ismaelcolosi.com.br\/index.php\/wp-json\/wp\/v2\/posts"}],"about":[{"href":"https:\/\/ismaelcolosi.com.br\/index.php\/wp-json\/wp\/v2\/types\/post"}],"author":[{"embeddable":true,"href":"https:\/\/ismaelcolosi.com.br\/index.php\/wp-json\/wp\/v2\/users\/1"}],"replies":[{"embeddable":true,"href":"https:\/\/ismaelcolosi.com.br\/index.php\/wp-json\/wp\/v2\/comments?post=59613"}],"version-history":[{"count":0,"href":"https:\/\/ismaelcolosi.com.br\/index.php\/wp-json\/wp\/v2\/posts\/59613\/revisions"}],"wp:featuredmedia":[{"embeddable":true,"href":"https:\/\/ismaelcolosi.com.br\/index.php\/wp-json\/wp\/v2\/media\/59612"}],"wp:attachment":[{"href":"https:\/\/ismaelcolosi.com.br\/index.php\/wp-json\/wp\/v2\/media?parent=59613"}],"wp:term":[{"taxonomy":"category","embeddable":true,"href":"https:\/\/ismaelcolosi.com.br\/index.php\/wp-json\/wp\/v2\/categories?post=59613"},{"taxonomy":"post_tag","embeddable":true,"href":"https:\/\/ismaelcolosi.com.br\/index.php\/wp-json\/wp\/v2\/tags?post=59613"}],"curies":[{"name":"wp","href":"https:\/\/api.w.org\/{rel}","templated":true}]}}