{"id":59609,"date":"2024-08-09T20:59:37","date_gmt":"2024-08-09T23:59:37","guid":{"rendered":"https:\/\/ismaelcolosi.com.br\/index.php\/2024\/08\/09\/estava-perfeitamente-navegavel-diz-voepass-sobre-aviao-que-caiu-em-vinhedo\/"},"modified":"2024-08-09T20:59:37","modified_gmt":"2024-08-09T23:59:37","slug":"estava-perfeitamente-navegavel-diz-voepass-sobre-aviao-que-caiu-em-vinhedo","status":"publish","type":"post","link":"https:\/\/ismaelcolosi.com.br\/index.php\/2024\/08\/09\/estava-perfeitamente-navegavel-diz-voepass-sobre-aviao-que-caiu-em-vinhedo\/","title":{"rendered":"&#8216;Estava perfeitamente naveg\u00e1vel&#8217;, diz Voepass sobre avi\u00e3o que caiu em Vinhedo"},"content":{"rendered":"<p> <br \/>\n<\/p>\n<div>\n<p>A <strong>Voespass<\/strong> informou que o avi\u00e3o que caiu em Vinhedo, na tarde desta sexta-feira (9), \u201cestava perfeitamente naveg\u00e1vel\u201d. Contudo, informou que os avi\u00f5es modelo <strong>ATR-72<\/strong>, o mesmo que sofreu o acidente, <mark style=\"background-color:#fcb900\" class=\"has-inline-color has-black-color\">\u00e9 mais sens\u00edvel \u00e0 situa\u00e7\u00e3o de gelo<\/mark>, uma das hip\u00f3teses para causa da queda.<\/p>\n<p>\u201cO ATR [modelo do avi\u00e3o] tem uma sensibilidade um pouco maior a situa\u00e7\u00e3o de gelo, ela n\u00e3o est\u00e1 descartada. Como nenhuma hip\u00f3tese \u00e9 descartada neste momento\u201d, disse Marcel Moura, diretor de opera\u00e7\u00f5es Voepass, em coletiva realizada em um hotel na zona Sul de Ribeir\u00e3o Preto.<\/p>\n<p>O diretor de opera\u00e7\u00f5es negou problemas t\u00e9cnicos na aeronave e que era previsto o gelo, mas dentro das caracter\u00edsticas aceit\u00e1veis para o voo.\u201dUma vez que ela est\u00e1 naveg\u00e1vel, ela est\u00e1 de acordo com a navega\u00e7\u00e3o\u201d, destacou.<\/p>\n<p><strong>Tripula\u00e7\u00e3o experiente<\/strong><\/p>\n<p>Os representantes da Voepass afirmaram que a tripula\u00e7\u00e3o do avi\u00e3o era experiente e que \u201cnesse momento, a prioridade \u00e9 o apoio \u00e0s fam\u00edlias e o apoio na agilidade da apura\u00e7\u00e3o de todos os fatos\u201d, disse Eduardo Busch, CEO da Voepass.<\/p>\n<p><strong>O acidente<\/strong><\/p>\n<p>O avi\u00e3o que caiu em Vinhedo, no interior de S\u00e3o Paulo, saiu de Cascavel-PR, \u00e0s 11h40 desta sexta-feira (9), e tinha como destino o aeroporto Internacional de Guarulhos. O avi\u00e3o era da Voepass, empresa que tem sede em Ribeir\u00e3o Preto.<\/p>\n<p>Segundo a empresa, estavam no avi\u00e3o 57 passageiros, al\u00e9m de quatro tripulantes. O avi\u00e3o \u00e9 bimotor, modelo ATR-72. A queda aconteceu na regi\u00e3o do bairro Capela, em Vinhedo.<\/p>\n<p>Em nota, a Voepass afirmou que acionou todos os meios para apoiar os envolvidos. \u201cN\u00e3o h\u00e1 ainda confirma\u00e7\u00e3o de como ocorreu o acidente e nem da situa\u00e7\u00e3o atual das pessoas que estavam a bordo\u201d, informa.<\/p>\n<p>\u201cA Companhia est\u00e1 prestando, pelo telefone 0800 9419712, dispon\u00edvel 24h, informa\u00e7\u00f5es a todos os seus passageiros, familiares e colaboradores\u201d, completa.<\/p>\n<p>SAIBA MAIS<br \/>Quem era a v\u00edtima de Ribeir\u00e3o Preto que morreu em acidente de avi\u00e3o no interior de SP<\/p>\n<h4 class=\"wp-block-heading\"><strong>FIQUE ON<\/strong><\/h4>\n<p>Fique ligado em tudo que acontece em Ribeir\u00e3o Preto e regi\u00e3o. Siga os perfis do<strong> acidade on<\/strong> no Instagram e no Facebook.<\/p>\n<p>Receba not\u00edcias do<strong> acidade on<\/strong> no WhatsApp.<a href=\"https:\/\/chat.whatsapp.com\/Dtv9mxhy6V5BJBotM2OQ5k\" target=\"_blank\" rel=\"noreferrer noopener nofollow\"> Para entrar no grupo, basta clicar aqui.<\/a><\/p>\n<p>Fa\u00e7a uma den\u00fancia ou sugira uma reportagem sobre Ribeir\u00e3o Preto e regi\u00e3o pelo WhatsApp: 16 99117 7802.<\/p>\n<p>VEJA TAMB\u00c9M<br \/>Onde fica a cidade de Vinhedo?<\/p>\n<p><!-- CONTENT END 1 -->\n<\/div>\n<p><br \/>\n<br \/><a href=\"https:\/\/www.acidadeon.com\/ribeiraopreto\/cotidiano\/estava-perfeitamente-navegavel-diz-voepass-sobre-aviao-que-caiu-em-vinhedo\/\">Source link <\/a><\/p>\n","protected":false},"excerpt":{"rendered":"<p>A Voespass informou que o avi\u00e3o que caiu em Vinhedo, na tarde desta sexta-feira (9), \u201cestava perfeitamente naveg\u00e1vel\u201d. Contudo, informou que os avi\u00f5es modelo ATR-72,&#8230;<\/p>\n","protected":false},"author":1,"featured_media":59610,"comment_status":"open","ping_status":"open","sticky":false,"template":"","format":"standard","meta":{"_uag_custom_page_level_css":"","advanced_seo_description":"","jetpack_seo_html_title":"","jetpack_seo_noindex":false,"jetpack_post_was_ever_published":false,"_jetpack_newsletter_access":"","_jetpack_dont_email_post_to_subs":false,"_jetpack_newsletter_tier_id":0,"_jetpack_memberships_contains_paywalled_content":false,"_jetpack_memberships_contains_paid_content":false,"footnotes":"","jetpack_publicize_message":"","jetpack_publicize_feature_enabled":true,"jetpack_social_post_already_shared":true,"jetpack_social_options":{"image_generator_settings":{"template":"highway","default_image_id":0,"font":"","enabled":false},"version":2}},"categories":[11],"tags":[],"class_list":["post-59609","post","type-post","status-publish","format-standard","has-post-thumbnail","hentry","category-noticias-de-ribeirao-preto-sp-e-regiao-ismael-colosi"],"jetpack_publicize_connections":[],"jetpack_featured_media_url":"https:\/\/i0.wp.com\/ismaelcolosi.com.br\/wp-content\/uploads\/2024\/08\/voepass_2024-08-09_23-43-39_jpg_2024-08-09_23-43-39.webp.webp?fit=1750%2C734&ssl=1","uagb_featured_image_src":{"full":["https:\/\/i0.wp.com\/ismaelcolosi.com.br\/wp-content\/uploads\/2024\/08\/voepass_2024-08-09_23-43-39_jpg_2024-08-09_23-43-39.webp.webp?fit=1750%2C734&ssl=1",1750,734,false],"thumbnail":["https:\/\/i0.wp.com\/ismaelcolosi.com.br\/wp-content\/uploads\/2024\/08\/voepass_2024-08-09_23-43-39_jpg_2024-08-09_23-43-39.webp.webp?resize=150%2C150&ssl=1",150,150,true],"medium":["https:\/\/i0.wp.com\/ismaelcolosi.com.br\/wp-content\/uploads\/2024\/08\/voepass_2024-08-09_23-43-39_jpg_2024-08-09_23-43-39.webp.webp?fit=300%2C126&ssl=1",300,126,true],"medium_large":["https:\/\/i0.wp.com\/ismaelcolosi.com.br\/wp-content\/uploads\/2024\/08\/voepass_2024-08-09_23-43-39_jpg_2024-08-09_23-43-39.webp.webp?fit=768%2C322&ssl=1",768,322,true],"large":["https:\/\/i0.wp.com\/ismaelcolosi.com.br\/wp-content\/uploads\/2024\/08\/voepass_2024-08-09_23-43-39_jpg_2024-08-09_23-43-39.webp.webp?fit=1024%2C429&ssl=1",1024,429,true],"1536x1536":["https:\/\/i0.wp.com\/ismaelcolosi.com.br\/wp-content\/uploads\/2024\/08\/voepass_2024-08-09_23-43-39_jpg_2024-08-09_23-43-39.webp.webp?fit=1536%2C644&ssl=1",1536,644,true],"2048x2048":["https:\/\/i0.wp.com\/ismaelcolosi.com.br\/wp-content\/uploads\/2024\/08\/voepass_2024-08-09_23-43-39_jpg_2024-08-09_23-43-39.webp.webp?fit=1750%2C734&ssl=1",1750,734,true],"really-simple-thumb":["https:\/\/i0.wp.com\/ismaelcolosi.com.br\/wp-content\/uploads\/2024\/08\/voepass_2024-08-09_23-43-39_jpg_2024-08-09_23-43-39.webp.webp?resize=370%2C247&ssl=1",370,247,true]},"uagb_author_info":{"display_name":"ismaelcolosi.com.br","author_link":"https:\/\/ismaelcolosi.com.br\/index.php\/author\/vidareal-online\/"},"uagb_comment_info":0,"uagb_excerpt":"A Voespass informou que o avi\u00e3o que caiu em Vinhedo, na tarde desta sexta-feira (9), \u201cestava perfeitamente naveg\u00e1vel\u201d. Contudo, informou que os avi\u00f5es modelo ATR-72,...","jetpack-related-posts":[{"id":59848,"url":"https:\/\/ismaelcolosi.com.br\/index.php\/2024\/08\/12\/ela-era-uma-pessoa-de-muita-luz-diz-escola-de-aviacao-sobre-comissaria-de-ribeirao-preto\/","url_meta":{"origin":59609,"position":0},"title":"&#8216;Ela era uma pessoa de muita luz&#8217; diz escola de avia\u00e7\u00e3o sobre comiss\u00e1ria de Ribeir\u00e3o Preto","author":"ismaelcolosi.com.br","date":"12 de August de 2024","format":false,"excerpt":"\u201cEla era uma pessoa de muita luz. Aonde ela chegava, iluminava todos. Uma pessoa incr\u00edvel\u201d. \u00c9 assim que Rubia Silva de Lima, v\u00edtima da queda de um avi\u00e3o da Voepass, ser\u00e1 lembrada pelo propriet\u00e1rio da escola de avia\u00e7\u00e3o em que se formou. A comiss\u00e1ria de bordo morreu ap\u00f3s a aeronave\u2026","rel":"","context":"In &quot;Not\u00edcias de Ribeir\u00e3o Preto-SP e Regi\u00e3o&quot;","block_context":{"text":"Not\u00edcias de Ribeir\u00e3o Preto-SP e Regi\u00e3o","link":"https:\/\/ismaelcolosi.com.br\/index.php\/category\/noticias-de-ribeirao-preto-sp-e-regiao-ismael-colosi\/"},"img":{"alt_text":"","src":"https:\/\/i0.wp.com\/ismaelcolosi.com.br\/wp-content\/uploads\/2024\/08\/Copia-de-Copia-de-TAMANHO-EXATO-PARA-FOTOS-NO-SISTEMA-NOVO-2024-08-12T193923.220_2024-08-12_22-39-31_png_2024-08-12_22-39-31.webp.webp?fit=1200%2C675&ssl=1&resize=350%2C200","width":350,"height":200,"srcset":"https:\/\/i0.wp.com\/ismaelcolosi.com.br\/wp-content\/uploads\/2024\/08\/Copia-de-Copia-de-TAMANHO-EXATO-PARA-FOTOS-NO-SISTEMA-NOVO-2024-08-12T193923.220_2024-08-12_22-39-31_png_2024-08-12_22-39-31.webp.webp?fit=1200%2C675&ssl=1&resize=350%2C200 1x, https:\/\/i0.wp.com\/ismaelcolosi.com.br\/wp-content\/uploads\/2024\/08\/Copia-de-Copia-de-TAMANHO-EXATO-PARA-FOTOS-NO-SISTEMA-NOVO-2024-08-12T193923.220_2024-08-12_22-39-31_png_2024-08-12_22-39-31.webp.webp?fit=1200%2C675&ssl=1&resize=525%2C300 1.5x, https:\/\/i0.wp.com\/ismaelcolosi.com.br\/wp-content\/uploads\/2024\/08\/Copia-de-Copia-de-TAMANHO-EXATO-PARA-FOTOS-NO-SISTEMA-NOVO-2024-08-12T193923.220_2024-08-12_22-39-31_png_2024-08-12_22-39-31.webp.webp?fit=1200%2C675&ssl=1&resize=700%2C400 2x, https:\/\/i0.wp.com\/ismaelcolosi.com.br\/wp-content\/uploads\/2024\/08\/Copia-de-Copia-de-TAMANHO-EXATO-PARA-FOTOS-NO-SISTEMA-NOVO-2024-08-12T193923.220_2024-08-12_22-39-31_png_2024-08-12_22-39-31.webp.webp?fit=1200%2C675&ssl=1&resize=1050%2C600 3x"},"classes":[]},{"id":60176,"url":"https:\/\/ismaelcolosi.com.br\/index.php\/2024\/08\/14\/destrocos-do-aviao-que-caiu-em-vinhedo-serao-encaminhados-para-ribeirao-preto\/","url_meta":{"origin":59609,"position":1},"title":"Destro\u00e7os do avi\u00e3o que caiu em Vinhedo ser\u00e3o encaminhados para Ribeir\u00e3o Preto","author":"ismaelcolosi.com.br","date":"14 de August de 2024","format":false,"excerpt":"Os objetos pessoais das v\u00edtimas e parte dos destro\u00e7os do avi\u00e3o que caiu em Vinhedo, na \u00faltima sexta-feira (9), ser\u00e3o encaminhados para Ribeir\u00e3o Preto, cidade sede da Voepass, companhia a\u00e9rea respons\u00e1vel pela aeronave ATR-72. De acordo com a empresa, ap\u00f3s o processo de limpeza espec\u00edfico, o material ficar\u00e1 armazenado na\u2026","rel":"","context":"In &quot;Not\u00edcias de Ribeir\u00e3o Preto-SP e Regi\u00e3o&quot;","block_context":{"text":"Not\u00edcias de Ribeir\u00e3o Preto-SP e Regi\u00e3o","link":"https:\/\/ismaelcolosi.com.br\/index.php\/category\/noticias-de-ribeirao-preto-sp-e-regiao-ismael-colosi\/"},"img":{"alt_text":"","src":"https:\/\/i0.wp.com\/ismaelcolosi.com.br\/wp-content\/uploads\/2024\/08\/aviaoqueda_2024-08-10_13-32-48_jpeg_2024-08-10_13-32-48-1068x601-1_2024-08-14_19-27-26.webp.webp?fit=1068%2C601&ssl=1&resize=350%2C200","width":350,"height":200,"srcset":"https:\/\/i0.wp.com\/ismaelcolosi.com.br\/wp-content\/uploads\/2024\/08\/aviaoqueda_2024-08-10_13-32-48_jpeg_2024-08-10_13-32-48-1068x601-1_2024-08-14_19-27-26.webp.webp?fit=1068%2C601&ssl=1&resize=350%2C200 1x, https:\/\/i0.wp.com\/ismaelcolosi.com.br\/wp-content\/uploads\/2024\/08\/aviaoqueda_2024-08-10_13-32-48_jpeg_2024-08-10_13-32-48-1068x601-1_2024-08-14_19-27-26.webp.webp?fit=1068%2C601&ssl=1&resize=525%2C300 1.5x, https:\/\/i0.wp.com\/ismaelcolosi.com.br\/wp-content\/uploads\/2024\/08\/aviaoqueda_2024-08-10_13-32-48_jpeg_2024-08-10_13-32-48-1068x601-1_2024-08-14_19-27-26.webp.webp?fit=1068%2C601&ssl=1&resize=700%2C400 2x, https:\/\/i0.wp.com\/ismaelcolosi.com.br\/wp-content\/uploads\/2024\/08\/aviaoqueda_2024-08-10_13-32-48_jpeg_2024-08-10_13-32-48-1068x601-1_2024-08-14_19-27-26.webp.webp?fit=1068%2C601&ssl=1&resize=1050%2C600 3x"},"classes":[]},{"id":60017,"url":"https:\/\/ismaelcolosi.com.br\/index.php\/2024\/08\/13\/presidente-da-voepass-se-pronuncia-pela-1a-vez-apos-queda-de-aviao-em-vinhedo\/","url_meta":{"origin":59609,"position":2},"title":"Presidente da Voepass se pronuncia pela 1\u00aa vez ap\u00f3s queda de avi\u00e3o em Vinhedo","author":"ismaelcolosi.com.br","date":"13 de August de 2024","format":false,"excerpt":"O presidente e co-fundador da Voepass, comandante Jos\u00e9 Luiz Fel\u00edcio Filho, se manifestou pela primeira vez na noite desta ter\u00e7a-feira (13), ap\u00f3s a queda de um avi\u00e3o da empresa que deixou 62 mortos em Vinhedo, no interior de SP. No pronunciamento, Jos\u00e9 Luiz lamentou o ocorrido e informou que a\u2026","rel":"","context":"In &quot;Not\u00edcias de Ribeir\u00e3o Preto-SP e Regi\u00e3o&quot;","block_context":{"text":"Not\u00edcias de Ribeir\u00e3o Preto-SP e Regi\u00e3o","link":"https:\/\/ismaelcolosi.com.br\/index.php\/category\/noticias-de-ribeirao-preto-sp-e-regiao-ismael-colosi\/"},"img":{"alt_text":"","src":"https:\/\/i0.wp.com\/ismaelcolosi.com.br\/wp-content\/uploads\/2024\/08\/Copia-de-Copia-de-Copia-de-TAMANHO-EXATO-PARA-FOTOS-NO-SISTEMA-NOVO-1_2024-08-14_00-10-41_png_2024-08-14_00-10-41.webp.webp?fit=1200%2C675&ssl=1&resize=350%2C200","width":350,"height":200,"srcset":"https:\/\/i0.wp.com\/ismaelcolosi.com.br\/wp-content\/uploads\/2024\/08\/Copia-de-Copia-de-Copia-de-TAMANHO-EXATO-PARA-FOTOS-NO-SISTEMA-NOVO-1_2024-08-14_00-10-41_png_2024-08-14_00-10-41.webp.webp?fit=1200%2C675&ssl=1&resize=350%2C200 1x, https:\/\/i0.wp.com\/ismaelcolosi.com.br\/wp-content\/uploads\/2024\/08\/Copia-de-Copia-de-Copia-de-TAMANHO-EXATO-PARA-FOTOS-NO-SISTEMA-NOVO-1_2024-08-14_00-10-41_png_2024-08-14_00-10-41.webp.webp?fit=1200%2C675&ssl=1&resize=525%2C300 1.5x, https:\/\/i0.wp.com\/ismaelcolosi.com.br\/wp-content\/uploads\/2024\/08\/Copia-de-Copia-de-Copia-de-TAMANHO-EXATO-PARA-FOTOS-NO-SISTEMA-NOVO-1_2024-08-14_00-10-41_png_2024-08-14_00-10-41.webp.webp?fit=1200%2C675&ssl=1&resize=700%2C400 2x, https:\/\/i0.wp.com\/ismaelcolosi.com.br\/wp-content\/uploads\/2024\/08\/Copia-de-Copia-de-Copia-de-TAMANHO-EXATO-PARA-FOTOS-NO-SISTEMA-NOVO-1_2024-08-14_00-10-41_png_2024-08-14_00-10-41.webp.webp?fit=1200%2C675&ssl=1&resize=1050%2C600 3x"},"classes":[]},{"id":59666,"url":"https:\/\/ismaelcolosi.com.br\/index.php\/2024\/08\/10\/mpt-abre-investigacao-contra-voepass-apos-acidente-aereo-em-vinhedo\/","url_meta":{"origin":59609,"position":3},"title":"MPT abre investiga\u00e7\u00e3o contra Voepass ap\u00f3s acidente a\u00e9reo em Vinhedo","author":"ismaelcolosi.com.br","date":"10 de August de 2024","format":false,"excerpt":"O MPT (Minist\u00e9rio P\u00fablico do Trabalho) informou que abriu um procedimento para investigar a responsabilidade da empresa Voepass Linhas A\u00e9reas, que tem sede em Ribeir\u00e3o Preto, no acidente a\u00e9reo que vitimou quatro trabalhadores da empresa, al\u00e9m de 58 passageiros, na \u00faltima sexta-feira (9), em Vinhedo, no interior de S\u00e3o Paulo.\u2026","rel":"","context":"In &quot;Not\u00edcias de Ribeir\u00e3o Preto-SP e Regi\u00e3o&quot;","block_context":{"text":"Not\u00edcias de Ribeir\u00e3o Preto-SP e Regi\u00e3o","link":"https:\/\/ismaelcolosi.com.br\/index.php\/category\/noticias-de-ribeirao-preto-sp-e-regiao-ismael-colosi\/"},"img":{"alt_text":"","src":"https:\/\/i0.wp.com\/ismaelcolosi.com.br\/wp-content\/uploads\/2024\/08\/aviao-voepass_2024-08-10_20-33-39_jpg_2024-08-10_20-33-39.webp.webp?fit=952%2C528&ssl=1&resize=350%2C200","width":350,"height":200,"srcset":"https:\/\/i0.wp.com\/ismaelcolosi.com.br\/wp-content\/uploads\/2024\/08\/aviao-voepass_2024-08-10_20-33-39_jpg_2024-08-10_20-33-39.webp.webp?fit=952%2C528&ssl=1&resize=350%2C200 1x, https:\/\/i0.wp.com\/ismaelcolosi.com.br\/wp-content\/uploads\/2024\/08\/aviao-voepass_2024-08-10_20-33-39_jpg_2024-08-10_20-33-39.webp.webp?fit=952%2C528&ssl=1&resize=525%2C300 1.5x, https:\/\/i0.wp.com\/ismaelcolosi.com.br\/wp-content\/uploads\/2024\/08\/aviao-voepass_2024-08-10_20-33-39_jpg_2024-08-10_20-33-39.webp.webp?fit=952%2C528&ssl=1&resize=700%2C400 2x"},"classes":[]},{"id":60557,"url":"https:\/\/ismaelcolosi.com.br\/index.php\/2024\/08\/16\/queda-de-aviao-no-interior-de-sp-completa-uma-semana-veja-o-que-se-sabe-ate-agora\/","url_meta":{"origin":59609,"position":4},"title":"Queda de avi\u00e3o no interior de SP completa uma semana; Veja o que se sabe at\u00e9 agora","author":"ismaelcolosi.com.br","date":"16 de August de 2024","format":false,"excerpt":"O acidente a\u00e9reo com o avi\u00e3o da Voepass em Vinhedo, no interior de S\u00e3o Paulo, completa nesta sexta-feira (16) uma semana. A queda da aeronave deixou 62 pessoas mortas e o caso segue sob investiga\u00e7\u00e3o do Centro de Investiga\u00e7\u00e3o e Preven\u00e7\u00e3o de Acidentes Aeron\u00e1uticos, da For\u00e7a A\u00e9rea Brasileira (FAB), e\u2026","rel":"","context":"In &quot;Not\u00edcias de Ribeir\u00e3o Preto-SP e Regi\u00e3o&quot;","block_context":{"text":"Not\u00edcias de Ribeir\u00e3o Preto-SP e Regi\u00e3o","link":"https:\/\/ismaelcolosi.com.br\/index.php\/category\/noticias-de-ribeirao-preto-sp-e-regiao-ismael-colosi\/"},"img":{"alt_text":"","src":"https:\/\/i0.wp.com\/ismaelcolosi.com.br\/wp-content\/uploads\/2024\/08\/voepass_gru01_2024-08-16_17-12-18_jpg_2024-08-16_17-12-18.webp.webp?fit=1200%2C731&ssl=1&resize=350%2C200","width":350,"height":200,"srcset":"https:\/\/i0.wp.com\/ismaelcolosi.com.br\/wp-content\/uploads\/2024\/08\/voepass_gru01_2024-08-16_17-12-18_jpg_2024-08-16_17-12-18.webp.webp?fit=1200%2C731&ssl=1&resize=350%2C200 1x, https:\/\/i0.wp.com\/ismaelcolosi.com.br\/wp-content\/uploads\/2024\/08\/voepass_gru01_2024-08-16_17-12-18_jpg_2024-08-16_17-12-18.webp.webp?fit=1200%2C731&ssl=1&resize=525%2C300 1.5x, https:\/\/i0.wp.com\/ismaelcolosi.com.br\/wp-content\/uploads\/2024\/08\/voepass_gru01_2024-08-16_17-12-18_jpg_2024-08-16_17-12-18.webp.webp?fit=1200%2C731&ssl=1&resize=700%2C400 2x, https:\/\/i0.wp.com\/ismaelcolosi.com.br\/wp-content\/uploads\/2024\/08\/voepass_gru01_2024-08-16_17-12-18_jpg_2024-08-16_17-12-18.webp.webp?fit=1200%2C731&ssl=1&resize=1050%2C600 3x"},"classes":[]},{"id":59759,"url":"https:\/\/ismaelcolosi.com.br\/index.php\/2024\/08\/12\/o-que-se-sabe-sobre-a-situacao-do-aviao-que-caiu-no-interior-de-sp\/","url_meta":{"origin":59609,"position":5},"title":"O que se sabe sobre a situa\u00e7\u00e3o do avi\u00e3o que caiu no interior de SP","author":"ismaelcolosi.com.br","date":"12 de August de 2024","format":false,"excerpt":"O avi\u00e3o ATR-72-500, da Voepass, que caiu em Vinhedo, no interior de S\u00e3o Paulo, na \u00faltima sexta-feira (9), havia passado por manuten\u00e7\u00e3o ap\u00f3s \u201cdano estrutural\u201d, cinco meses antes do acidente. Ao todo, 62 pessoas morreram na trag\u00e9dia, entre passageiros e tripulantes da aeronave. Segundo reportagem do Fant\u00e1stico, da TV Globo\/EPTV,\u2026","rel":"","context":"In &quot;Not\u00edcias de Ribeir\u00e3o Preto-SP e Regi\u00e3o&quot;","block_context":{"text":"Not\u00edcias de Ribeir\u00e3o Preto-SP e Regi\u00e3o","link":"https:\/\/ismaelcolosi.com.br\/index.php\/category\/noticias-de-ribeirao-preto-sp-e-regiao-ismael-colosi\/"},"img":{"alt_text":"","src":"https:\/\/i0.wp.com\/ismaelcolosi.com.br\/wp-content\/uploads\/2024\/08\/aviao-atr-72-500_2024-08-12_15-17-56_jpg_2024-08-12_15-17-57.webp.webp?fit=1200%2C668&ssl=1&resize=350%2C200","width":350,"height":200,"srcset":"https:\/\/i0.wp.com\/ismaelcolosi.com.br\/wp-content\/uploads\/2024\/08\/aviao-atr-72-500_2024-08-12_15-17-56_jpg_2024-08-12_15-17-57.webp.webp?fit=1200%2C668&ssl=1&resize=350%2C200 1x, https:\/\/i0.wp.com\/ismaelcolosi.com.br\/wp-content\/uploads\/2024\/08\/aviao-atr-72-500_2024-08-12_15-17-56_jpg_2024-08-12_15-17-57.webp.webp?fit=1200%2C668&ssl=1&resize=525%2C300 1.5x, https:\/\/i0.wp.com\/ismaelcolosi.com.br\/wp-content\/uploads\/2024\/08\/aviao-atr-72-500_2024-08-12_15-17-56_jpg_2024-08-12_15-17-57.webp.webp?fit=1200%2C668&ssl=1&resize=700%2C400 2x, https:\/\/i0.wp.com\/ismaelcolosi.com.br\/wp-content\/uploads\/2024\/08\/aviao-atr-72-500_2024-08-12_15-17-56_jpg_2024-08-12_15-17-57.webp.webp?fit=1200%2C668&ssl=1&resize=1050%2C600 3x"},"classes":[]}],"jetpack_sharing_enabled":true,"jetpack_shortlink":"https:\/\/wp.me\/pfMlyK-fvr","_links":{"self":[{"href":"https:\/\/ismaelcolosi.com.br\/index.php\/wp-json\/wp\/v2\/posts\/59609","targetHints":{"allow":["GET"]}}],"collection":[{"href":"https:\/\/ismaelcolosi.com.br\/index.php\/wp-json\/wp\/v2\/posts"}],"about":[{"href":"https:\/\/ismaelcolosi.com.br\/index.php\/wp-json\/wp\/v2\/types\/post"}],"author":[{"embeddable":true,"href":"https:\/\/ismaelcolosi.com.br\/index.php\/wp-json\/wp\/v2\/users\/1"}],"replies":[{"embeddable":true,"href":"https:\/\/ismaelcolosi.com.br\/index.php\/wp-json\/wp\/v2\/comments?post=59609"}],"version-history":[{"count":0,"href":"https:\/\/ismaelcolosi.com.br\/index.php\/wp-json\/wp\/v2\/posts\/59609\/revisions"}],"wp:featuredmedia":[{"embeddable":true,"href":"https:\/\/ismaelcolosi.com.br\/index.php\/wp-json\/wp\/v2\/media\/59610"}],"wp:attachment":[{"href":"https:\/\/ismaelcolosi.com.br\/index.php\/wp-json\/wp\/v2\/media?parent=59609"}],"wp:term":[{"taxonomy":"category","embeddable":true,"href":"https:\/\/ismaelcolosi.com.br\/index.php\/wp-json\/wp\/v2\/categories?post=59609"},{"taxonomy":"post_tag","embeddable":true,"href":"https:\/\/ismaelcolosi.com.br\/index.php\/wp-json\/wp\/v2\/tags?post=59609"}],"curies":[{"name":"wp","href":"https:\/\/api.w.org\/{rel}","templated":true}]}}