{"id":59607,"date":"2024-08-09T20:18:11","date_gmt":"2024-08-09T23:18:11","guid":{"rendered":"https:\/\/ismaelcolosi.com.br\/index.php\/2024\/08\/09\/quem-era-a-vitima-de-ribeirao-preto-que-morreu-em-acidente-de-aviao-no-interior-de-sp\/"},"modified":"2024-08-09T20:18:11","modified_gmt":"2024-08-09T23:18:11","slug":"quem-era-a-vitima-de-ribeirao-preto-que-morreu-em-acidente-de-aviao-no-interior-de-sp","status":"publish","type":"post","link":"https:\/\/ismaelcolosi.com.br\/index.php\/2024\/08\/09\/quem-era-a-vitima-de-ribeirao-preto-que-morreu-em-acidente-de-aviao-no-interior-de-sp\/","title":{"rendered":"Quem era a v\u00edtima de Ribeir\u00e3o Preto que morreu em acidente de avi\u00e3o no interior de SP"},"content":{"rendered":"<p> <br \/>\n<\/p>\n<div>\n<p>A comiss\u00e1ria de bordo <strong>Rubia Silva de Lima<\/strong>, de <strong>Ribeir\u00e3o Preto<\/strong>, \u00e9 uma das v\u00edtimas da queda de um avi\u00e3o da Voepass, antiga Passaredo, que aconteceu em Vinhedo, interior de SP, nesta <strong>sexta-feira (9)<\/strong>.<\/p>\n<p>Nas redes sociais, a mulher de 41 anos publicava<strong> diversas fotos de viagens que realizou<\/strong>. Em um dos registros, Rubia aparece tocando a m\u00e3o do Cristo Redentor, no Rio de Janeiro-RJ.<\/p>\n<p>Uma equipe da <strong><em>EPTV <\/em><\/strong>esteve na casa onde a v\u00edtima morava com os pais e dois irm\u00e3os, em <strong>Bonfim Paulista<\/strong>, distrito de <strong>Ribeir\u00e3o<\/strong>. <mark style=\"background-color:#fcb900\" class=\"has-inline-color\"><strong>Na ocasi\u00e3o, a m\u00e3e de Rubia se limitou a dizer que n\u00e3o estava preparada para falar sobre o que aconteceu.<\/strong><\/mark><\/p>\n<p>De acordo com as informa\u00e7\u00f5es, ela trabalhava h\u00e1 14 anos na <strong>Voepass <\/strong>e tamb\u00e9m era guia de turismo. Familiares e amigos prestaram homenagens \u00e0 mulher atrav\u00e9s das redes sociais.<\/p>\n<h3 class=\"wp-block-heading\"><strong>Passageiros desistiram de voar ap\u00f3s acidente<\/strong><\/h3>\n<p>Ap\u00f3s o acidente, <strong>passageiros que aguardavam no aeroporto estadual Doutor Leite Lopes, em Ribeir\u00e3o Preto, desistiram de viajar nesta sexta-feira<\/strong>. Essas pessoas aguardavam o embarque para diferentes destinos do pa\u00eds.<\/p>\n<p><mark style=\"background-color:#fcb900\" class=\"has-inline-color\">Conforme apura\u00e7\u00e3o da <strong><em>EPTV<\/em><\/strong>, um piloto e um copiloto da empresa envolvida no acidente tamb\u00e9m desistiram de voar e houve atraso na decolagem de uma aeronave para S\u00e3o Paulo.<\/mark><\/p>\n<p>A assessora pedag\u00f3gica Fabiana Santana estava aguardando um voo para <strong>retornar a S\u00e3o Paulo<\/strong>, no entanto, a profissional preferiu voltar de carro para a capital.<\/p>\n<figure class=\"wp-block-pullquote\">\n<blockquote>\n<p>Tentei antecipar [o voo] para \u00e0s 17h, mas todo mundo est\u00e1 em p\u00e2nico, porque, querendo ou n\u00e3o, a gente n\u00e3o sabe os motivos que a aeronave caiu. Eu iria embora, acabei de fazer meu check-in, mas meu esposo est\u00e1 desesperado para que eu n\u00e3o v\u00e1. Ent\u00e3o os colegas ofereceram carona e eu resolvi aceitar at\u00e9 para conforto da fam\u00edlia, porque est\u00e1 todo mundo bem preocupado e, por n\u00e3o saber os motivos, se \u00e9 algo clim\u00e1tico, se \u00e9 da aeronave, a gente fica com esse receio<\/p>\n<p><cite>Fabiana Santana<\/cite><\/p><\/blockquote>\n<\/figure>\n<p>Conforme a <strong>Voepass<\/strong>, neste momento a companhia \u201cprioriza prestar irrestrita assist\u00eancia \u00e0s fam\u00edlias das v\u00edtimas e colabora efetivamente com as autoridades para apura\u00e7\u00e3o das causas do acidente\u201d.<\/p>\n<h4 class=\"wp-block-heading\"><strong>O acidente<\/strong><\/h4>\n<p>O avi\u00e3o que caiu em <strong>Vinhedo<\/strong>, no <strong>interior de S\u00e3o Paulo<\/strong>, saiu de<strong> Cascavel-PR<\/strong>, \u00e0s 11h40 desta sexta-feira, e tinha como destino o aeroporto Internacional de Guarulhos. <strong>O avi\u00e3o era da Voepass, empresa que tem sede em Ribeir\u00e3o Preto.<\/strong><\/p>\n<p>Segundo a empresa, estavam no avi\u00e3o<strong> 57 passageiros<\/strong>, al\u00e9m de <strong>quatro tripulantes<\/strong>. O avi\u00e3o \u00e9 bimotor, modelo ATR-72 \u2013 clique aqui e veja quem s\u00e3o as v\u00edtimas.<\/p>\n<p>Em nota, a <strong>Voepass <\/strong>afirmou que acionou todos os meios para apoiar os envolvidos. \u201cN\u00e3o h\u00e1 ainda confirma\u00e7\u00e3o de como ocorreu o acidente e nem da situa\u00e7\u00e3o atual das pessoas que estavam a bordo\u201d, informa.<\/p>\n<hr class=\"wp-block-separator has-alpha-channel-opacity\"\/>\n<p>SAIBA MAIS<\/p>\n<p>Especialista diz que avi\u00e3o da Voepass entrou em \u2018parafuso chato\u2019; Entenda<\/p>\n<h4 class=\"wp-block-heading\"><strong>FIQUE ON<\/strong><\/h4>\n<p>Fique ligado em tudo que acontece em Ribeir\u00e3o Preto e regi\u00e3o. Siga os perfis do<strong>\u00a0acidade on\u00a0<\/strong>no<a href=\"https:\/\/www.instagram.com\/acidadeonribeirao\/\" target=\"_blank\" rel=\"noreferrer noopener\">\u00a0Instagram<\/a>\u00a0e no\u00a0<a href=\"https:\/\/www.facebook.com\/acidadeonribeirao\/\" target=\"_blank\" rel=\"noreferrer noopener\">Facebook<\/a>.<\/p>\n<p>Receba not\u00edcias do<strong>\u00a0acidade on<\/strong>\u00a0no WhatsApp.<a href=\"https:\/\/chat.whatsapp.com\/Dtv9mxhy6V5BJBotM2OQ5k\" target=\"_blank\" rel=\"noreferrer noopener\">\u00a0Para entrar no grupo, basta clicar aqui.<\/a><\/p>\n<p>Fa\u00e7a uma den\u00fancia ou sugira uma reportagem sobre Ribeir\u00e3o Preto e regi\u00e3o pelo WhatsApp: 16 99117 7802.<\/p>\n<p>VEJA TAMB\u00c9M<\/p>\n<p>Quais os maiores acidentes a\u00e9reos do Brasil?<\/p>\n<p><!-- CONTENT END 1 -->\n<\/div>\n<p><script async src=\"\/\/www.instagram.com\/embed.js\"><\/script><br \/>\n<br \/><br \/>\n<br \/><a href=\"https:\/\/www.acidadeon.com\/ribeiraopreto\/cotidiano\/quem-era-a-vitima-de-ribeirao-preto-que-morreu-em-acidente-de-aviao-no-interior-de-sp\/\">Source link <\/a><\/p>\n","protected":false},"excerpt":{"rendered":"<p>A comiss\u00e1ria de bordo Rubia Silva de Lima, de Ribeir\u00e3o Preto, \u00e9 uma das v\u00edtimas da queda de um avi\u00e3o da Voepass, antiga Passaredo, que&#8230;<\/p>\n","protected":false},"author":1,"featured_media":59608,"comment_status":"open","ping_status":"open","sticky":false,"template":"","format":"standard","meta":{"_uag_custom_page_level_css":"","advanced_seo_description":"","jetpack_seo_html_title":"","jetpack_seo_noindex":false,"jetpack_post_was_ever_published":false,"_jetpack_newsletter_access":"","_jetpack_dont_email_post_to_subs":false,"_jetpack_newsletter_tier_id":0,"_jetpack_memberships_contains_paywalled_content":false,"_jetpack_memberships_contains_paid_content":false,"footnotes":"","jetpack_publicize_message":"","jetpack_publicize_feature_enabled":true,"jetpack_social_post_already_shared":true,"jetpack_social_options":{"image_generator_settings":{"template":"highway","default_image_id":0,"font":"","enabled":false},"version":2}},"categories":[11],"tags":[],"class_list":["post-59607","post","type-post","status-publish","format-standard","has-post-thumbnail","hentry","category-noticias-de-ribeirao-preto-sp-e-regiao-ismael-colosi"],"jetpack_publicize_connections":[],"jetpack_featured_media_url":"https:\/\/i0.wp.com\/ismaelcolosi.com.br\/wp-content\/uploads\/2024\/08\/Copia-de-Copia-de-TAMANHO-EXATO-PARA-FOTOS-NO-SISTEMA-NOVO-2024-08-09T195802.137_2024-08-09_23-10-34_png_2024-08-09_23-10-34.webp.webp?fit=1200%2C675&ssl=1","uagb_featured_image_src":{"full":["https:\/\/i0.wp.com\/ismaelcolosi.com.br\/wp-content\/uploads\/2024\/08\/Copia-de-Copia-de-TAMANHO-EXATO-PARA-FOTOS-NO-SISTEMA-NOVO-2024-08-09T195802.137_2024-08-09_23-10-34_png_2024-08-09_23-10-34.webp.webp?fit=1200%2C675&ssl=1",1200,675,false],"thumbnail":["https:\/\/i0.wp.com\/ismaelcolosi.com.br\/wp-content\/uploads\/2024\/08\/Copia-de-Copia-de-TAMANHO-EXATO-PARA-FOTOS-NO-SISTEMA-NOVO-2024-08-09T195802.137_2024-08-09_23-10-34_png_2024-08-09_23-10-34.webp.webp?resize=150%2C150&ssl=1",150,150,true],"medium":["https:\/\/i0.wp.com\/ismaelcolosi.com.br\/wp-content\/uploads\/2024\/08\/Copia-de-Copia-de-TAMANHO-EXATO-PARA-FOTOS-NO-SISTEMA-NOVO-2024-08-09T195802.137_2024-08-09_23-10-34_png_2024-08-09_23-10-34.webp.webp?fit=300%2C169&ssl=1",300,169,true],"medium_large":["https:\/\/i0.wp.com\/ismaelcolosi.com.br\/wp-content\/uploads\/2024\/08\/Copia-de-Copia-de-TAMANHO-EXATO-PARA-FOTOS-NO-SISTEMA-NOVO-2024-08-09T195802.137_2024-08-09_23-10-34_png_2024-08-09_23-10-34.webp.webp?fit=768%2C432&ssl=1",768,432,true],"large":["https:\/\/i0.wp.com\/ismaelcolosi.com.br\/wp-content\/uploads\/2024\/08\/Copia-de-Copia-de-TAMANHO-EXATO-PARA-FOTOS-NO-SISTEMA-NOVO-2024-08-09T195802.137_2024-08-09_23-10-34_png_2024-08-09_23-10-34.webp.webp?fit=1024%2C576&ssl=1",1024,576,true],"1536x1536":["https:\/\/i0.wp.com\/ismaelcolosi.com.br\/wp-content\/uploads\/2024\/08\/Copia-de-Copia-de-TAMANHO-EXATO-PARA-FOTOS-NO-SISTEMA-NOVO-2024-08-09T195802.137_2024-08-09_23-10-34_png_2024-08-09_23-10-34.webp.webp?fit=1200%2C675&ssl=1",1200,675,true],"2048x2048":["https:\/\/i0.wp.com\/ismaelcolosi.com.br\/wp-content\/uploads\/2024\/08\/Copia-de-Copia-de-TAMANHO-EXATO-PARA-FOTOS-NO-SISTEMA-NOVO-2024-08-09T195802.137_2024-08-09_23-10-34_png_2024-08-09_23-10-34.webp.webp?fit=1200%2C675&ssl=1",1200,675,true],"really-simple-thumb":["https:\/\/i0.wp.com\/ismaelcolosi.com.br\/wp-content\/uploads\/2024\/08\/Copia-de-Copia-de-TAMANHO-EXATO-PARA-FOTOS-NO-SISTEMA-NOVO-2024-08-09T195802.137_2024-08-09_23-10-34_png_2024-08-09_23-10-34.webp.webp?resize=370%2C247&ssl=1",370,247,true]},"uagb_author_info":{"display_name":"ismaelcolosi.com.br","author_link":"https:\/\/ismaelcolosi.com.br\/index.php\/author\/vidareal-online\/"},"uagb_comment_info":0,"uagb_excerpt":"A comiss\u00e1ria de bordo Rubia Silva de Lima, de Ribeir\u00e3o Preto, \u00e9 uma das v\u00edtimas da queda de um avi\u00e3o da Voepass, antiga Passaredo, que...","jetpack-related-posts":[{"id":60607,"url":"https:\/\/ismaelcolosi.com.br\/index.php\/2024\/08\/16\/velorio-e-sepultamento-de-comissaria-serao-neste-sabado-em-ribeirao-preto\/","url_meta":{"origin":59607,"position":0},"title":"Vel\u00f3rio e sepultamento de comiss\u00e1ria ser\u00e3o neste s\u00e1bado em Ribeir\u00e3o Preto","author":"ismaelcolosi.com.br","date":"16 de August de 2024","format":false,"excerpt":"O corpo da comiss\u00e1ria de bordo Rubia Silva de Lima ser\u00e1 velado neste s\u00e1bado (17), a partir das 9h, ao lado cemit\u00e9rio Bom Pastor, em Ribeir\u00e3o Preto. O enterro est\u00e1 previsto para acontecer \u00e0s 16h30. Rubia tinha 41 anos \u00e9 foi uma das 62 v\u00edtimas de um acidente com avi\u00e3o\u2026","rel":"","context":"In &quot;Not\u00edcias de Ribeir\u00e3o Preto-SP e Regi\u00e3o&quot;","block_context":{"text":"Not\u00edcias de Ribeir\u00e3o Preto-SP e Regi\u00e3o","link":"https:\/\/ismaelcolosi.com.br\/index.php\/category\/noticias-de-ribeirao-preto-sp-e-regiao-ismael-colosi\/"},"img":{"alt_text":"","src":"https:\/\/i0.wp.com\/ismaelcolosi.com.br\/wp-content\/uploads\/2024\/08\/Copia-de-Copia-de-TAMANHO-EXATO-PARA-FOTOS-NO-SISTEMA-NOVO-2024-08-09T195802.137_2024-08-09_23-10-34_png_2024-08-09_23-10-34.webp.webp?fit=1200%2C675&ssl=1&resize=350%2C200","width":350,"height":200,"srcset":"https:\/\/i0.wp.com\/ismaelcolosi.com.br\/wp-content\/uploads\/2024\/08\/Copia-de-Copia-de-TAMANHO-EXATO-PARA-FOTOS-NO-SISTEMA-NOVO-2024-08-09T195802.137_2024-08-09_23-10-34_png_2024-08-09_23-10-34.webp.webp?fit=1200%2C675&ssl=1&resize=350%2C200 1x, https:\/\/i0.wp.com\/ismaelcolosi.com.br\/wp-content\/uploads\/2024\/08\/Copia-de-Copia-de-TAMANHO-EXATO-PARA-FOTOS-NO-SISTEMA-NOVO-2024-08-09T195802.137_2024-08-09_23-10-34_png_2024-08-09_23-10-34.webp.webp?fit=1200%2C675&ssl=1&resize=525%2C300 1.5x, https:\/\/i0.wp.com\/ismaelcolosi.com.br\/wp-content\/uploads\/2024\/08\/Copia-de-Copia-de-TAMANHO-EXATO-PARA-FOTOS-NO-SISTEMA-NOVO-2024-08-09T195802.137_2024-08-09_23-10-34_png_2024-08-09_23-10-34.webp.webp?fit=1200%2C675&ssl=1&resize=700%2C400 2x, https:\/\/i0.wp.com\/ismaelcolosi.com.br\/wp-content\/uploads\/2024\/08\/Copia-de-Copia-de-TAMANHO-EXATO-PARA-FOTOS-NO-SISTEMA-NOVO-2024-08-09T195802.137_2024-08-09_23-10-34_png_2024-08-09_23-10-34.webp.webp?fit=1200%2C675&ssl=1&resize=1050%2C600 3x"},"classes":[]},{"id":59848,"url":"https:\/\/ismaelcolosi.com.br\/index.php\/2024\/08\/12\/ela-era-uma-pessoa-de-muita-luz-diz-escola-de-aviacao-sobre-comissaria-de-ribeirao-preto\/","url_meta":{"origin":59607,"position":1},"title":"&#8216;Ela era uma pessoa de muita luz&#8217; diz escola de avia\u00e7\u00e3o sobre comiss\u00e1ria de Ribeir\u00e3o Preto","author":"ismaelcolosi.com.br","date":"12 de August de 2024","format":false,"excerpt":"\u201cEla era uma pessoa de muita luz. Aonde ela chegava, iluminava todos. Uma pessoa incr\u00edvel\u201d. \u00c9 assim que Rubia Silva de Lima, v\u00edtima da queda de um avi\u00e3o da Voepass, ser\u00e1 lembrada pelo propriet\u00e1rio da escola de avia\u00e7\u00e3o em que se formou. A comiss\u00e1ria de bordo morreu ap\u00f3s a aeronave\u2026","rel":"","context":"In &quot;Not\u00edcias de Ribeir\u00e3o Preto-SP e Regi\u00e3o&quot;","block_context":{"text":"Not\u00edcias de Ribeir\u00e3o Preto-SP e Regi\u00e3o","link":"https:\/\/ismaelcolosi.com.br\/index.php\/category\/noticias-de-ribeirao-preto-sp-e-regiao-ismael-colosi\/"},"img":{"alt_text":"","src":"https:\/\/i0.wp.com\/ismaelcolosi.com.br\/wp-content\/uploads\/2024\/08\/Copia-de-Copia-de-TAMANHO-EXATO-PARA-FOTOS-NO-SISTEMA-NOVO-2024-08-12T193923.220_2024-08-12_22-39-31_png_2024-08-12_22-39-31.webp.webp?fit=1200%2C675&ssl=1&resize=350%2C200","width":350,"height":200,"srcset":"https:\/\/i0.wp.com\/ismaelcolosi.com.br\/wp-content\/uploads\/2024\/08\/Copia-de-Copia-de-TAMANHO-EXATO-PARA-FOTOS-NO-SISTEMA-NOVO-2024-08-12T193923.220_2024-08-12_22-39-31_png_2024-08-12_22-39-31.webp.webp?fit=1200%2C675&ssl=1&resize=350%2C200 1x, https:\/\/i0.wp.com\/ismaelcolosi.com.br\/wp-content\/uploads\/2024\/08\/Copia-de-Copia-de-TAMANHO-EXATO-PARA-FOTOS-NO-SISTEMA-NOVO-2024-08-12T193923.220_2024-08-12_22-39-31_png_2024-08-12_22-39-31.webp.webp?fit=1200%2C675&ssl=1&resize=525%2C300 1.5x, https:\/\/i0.wp.com\/ismaelcolosi.com.br\/wp-content\/uploads\/2024\/08\/Copia-de-Copia-de-TAMANHO-EXATO-PARA-FOTOS-NO-SISTEMA-NOVO-2024-08-12T193923.220_2024-08-12_22-39-31_png_2024-08-12_22-39-31.webp.webp?fit=1200%2C675&ssl=1&resize=700%2C400 2x, https:\/\/i0.wp.com\/ismaelcolosi.com.br\/wp-content\/uploads\/2024\/08\/Copia-de-Copia-de-TAMANHO-EXATO-PARA-FOTOS-NO-SISTEMA-NOVO-2024-08-12T193923.220_2024-08-12_22-39-31_png_2024-08-12_22-39-31.webp.webp?fit=1200%2C675&ssl=1&resize=1050%2C600 3x"},"classes":[]},{"id":59611,"url":"https:\/\/ismaelcolosi.com.br\/index.php\/2024\/08\/09\/governo-de-sp-decreta-luto-de-tres-dias-por-causa-de-acidente-aereo-no-interior\/","url_meta":{"origin":59607,"position":2},"title":"Governo de SP decreta luto de tr\u00eas dias por causa de acidente a\u00e9reo no interior","author":"ismaelcolosi.com.br","date":"9 de August de 2024","format":false,"excerpt":"O governador do Estado de S\u00e3o Paulo, Tarc\u00edsio de Freitas, decretou luto de tr\u00eas dias em homenagem \u00e0s v\u00edtimas do acidente a\u00e9reo em Vinhedo, no interior de S\u00e3o Paulo, nesta sexta-feira (9). O avi\u00e3o era da Voepass, antiga Passaredo, empresa que tem sede em Ribeir\u00e3o Preto. Conforme anunciado anteriormente pelo\u2026","rel":"","context":"In &quot;Not\u00edcias de Ribeir\u00e3o Preto-SP e Regi\u00e3o&quot;","block_context":{"text":"Not\u00edcias de Ribeir\u00e3o Preto-SP e Regi\u00e3o","link":"https:\/\/ismaelcolosi.com.br\/index.php\/category\/noticias-de-ribeirao-preto-sp-e-regiao-ismael-colosi\/"},"img":{"alt_text":"","src":"https:\/\/i0.wp.com\/ismaelcolosi.com.br\/wp-content\/uploads\/2024\/08\/denny_cesare_codigo_19_272915_2024-08-09_21-14-55_jpg_2024-08-09_21-14-55-1068x712-1_2024-08-09_23-42-09.webp.webp?fit=1068%2C712&ssl=1&resize=350%2C200","width":350,"height":200,"srcset":"https:\/\/i0.wp.com\/ismaelcolosi.com.br\/wp-content\/uploads\/2024\/08\/denny_cesare_codigo_19_272915_2024-08-09_21-14-55_jpg_2024-08-09_21-14-55-1068x712-1_2024-08-09_23-42-09.webp.webp?fit=1068%2C712&ssl=1&resize=350%2C200 1x, https:\/\/i0.wp.com\/ismaelcolosi.com.br\/wp-content\/uploads\/2024\/08\/denny_cesare_codigo_19_272915_2024-08-09_21-14-55_jpg_2024-08-09_21-14-55-1068x712-1_2024-08-09_23-42-09.webp.webp?fit=1068%2C712&ssl=1&resize=525%2C300 1.5x, https:\/\/i0.wp.com\/ismaelcolosi.com.br\/wp-content\/uploads\/2024\/08\/denny_cesare_codigo_19_272915_2024-08-09_21-14-55_jpg_2024-08-09_21-14-55-1068x712-1_2024-08-09_23-42-09.webp.webp?fit=1068%2C712&ssl=1&resize=700%2C400 2x, https:\/\/i0.wp.com\/ismaelcolosi.com.br\/wp-content\/uploads\/2024\/08\/denny_cesare_codigo_19_272915_2024-08-09_21-14-55_jpg_2024-08-09_21-14-55-1068x712-1_2024-08-09_23-42-09.webp.webp?fit=1068%2C712&ssl=1&resize=1050%2C600 3x"},"classes":[]},{"id":59613,"url":"https:\/\/ismaelcolosi.com.br\/index.php\/2024\/08\/09\/governo-de-sp-decreta-luto-de-tres-dias-por-causa-de-acidente-aereo-no-interior-2\/","url_meta":{"origin":59607,"position":3},"title":"Governo de SP decreta luto de tr\u00eas dias por causa de acidente a\u00e9reo no interior","author":"ismaelcolosi.com.br","date":"9 de August de 2024","format":false,"excerpt":"O governador do Estado de S\u00e3o Paulo, Tarc\u00edsio de Freitas, decretou luto de tr\u00eas dias em homenagem \u00e0s v\u00edtimas do acidente a\u00e9reo em Vinhedo, no interior de S\u00e3o Paulo, nesta sexta-feira (9). O avi\u00e3o era da Voepass, antiga Passaredo, empresa que tem sede em Ribeir\u00e3o Preto. Conforme anunciado anteriormente pelo\u2026","rel":"","context":"In &quot;Not\u00edcias de Ribeir\u00e3o Preto-SP e Regi\u00e3o&quot;","block_context":{"text":"Not\u00edcias de Ribeir\u00e3o Preto-SP e Regi\u00e3o","link":"https:\/\/ismaelcolosi.com.br\/index.php\/category\/noticias-de-ribeirao-preto-sp-e-regiao-ismael-colosi\/"},"img":{"alt_text":"","src":"https:\/\/i0.wp.com\/ismaelcolosi.com.br\/wp-content\/uploads\/2024\/08\/denny_cesare_codigo_19_272915_2024-08-09_21-14-55_jpg_2024-08-09_21-14-55-1068x712-1_2024-08-09_23-42-09.webp.webp?fit=1068%2C712&ssl=1&resize=350%2C200","width":350,"height":200,"srcset":"https:\/\/i0.wp.com\/ismaelcolosi.com.br\/wp-content\/uploads\/2024\/08\/denny_cesare_codigo_19_272915_2024-08-09_21-14-55_jpg_2024-08-09_21-14-55-1068x712-1_2024-08-09_23-42-09.webp.webp?fit=1068%2C712&ssl=1&resize=350%2C200 1x, https:\/\/i0.wp.com\/ismaelcolosi.com.br\/wp-content\/uploads\/2024\/08\/denny_cesare_codigo_19_272915_2024-08-09_21-14-55_jpg_2024-08-09_21-14-55-1068x712-1_2024-08-09_23-42-09.webp.webp?fit=1068%2C712&ssl=1&resize=525%2C300 1.5x, https:\/\/i0.wp.com\/ismaelcolosi.com.br\/wp-content\/uploads\/2024\/08\/denny_cesare_codigo_19_272915_2024-08-09_21-14-55_jpg_2024-08-09_21-14-55-1068x712-1_2024-08-09_23-42-09.webp.webp?fit=1068%2C712&ssl=1&resize=700%2C400 2x, https:\/\/i0.wp.com\/ismaelcolosi.com.br\/wp-content\/uploads\/2024\/08\/denny_cesare_codigo_19_272915_2024-08-09_21-14-55_jpg_2024-08-09_21-14-55-1068x712-1_2024-08-09_23-42-09.webp.webp?fit=1068%2C712&ssl=1&resize=1050%2C600 3x"},"classes":[]},{"id":60557,"url":"https:\/\/ismaelcolosi.com.br\/index.php\/2024\/08\/16\/queda-de-aviao-no-interior-de-sp-completa-uma-semana-veja-o-que-se-sabe-ate-agora\/","url_meta":{"origin":59607,"position":4},"title":"Queda de avi\u00e3o no interior de SP completa uma semana; Veja o que se sabe at\u00e9 agora","author":"ismaelcolosi.com.br","date":"16 de August de 2024","format":false,"excerpt":"O acidente a\u00e9reo com o avi\u00e3o da Voepass em Vinhedo, no interior de S\u00e3o Paulo, completa nesta sexta-feira (16) uma semana. A queda da aeronave deixou 62 pessoas mortas e o caso segue sob investiga\u00e7\u00e3o do Centro de Investiga\u00e7\u00e3o e Preven\u00e7\u00e3o de Acidentes Aeron\u00e1uticos, da For\u00e7a A\u00e9rea Brasileira (FAB), e\u2026","rel":"","context":"In &quot;Not\u00edcias de Ribeir\u00e3o Preto-SP e Regi\u00e3o&quot;","block_context":{"text":"Not\u00edcias de Ribeir\u00e3o Preto-SP e Regi\u00e3o","link":"https:\/\/ismaelcolosi.com.br\/index.php\/category\/noticias-de-ribeirao-preto-sp-e-regiao-ismael-colosi\/"},"img":{"alt_text":"","src":"https:\/\/i0.wp.com\/ismaelcolosi.com.br\/wp-content\/uploads\/2024\/08\/voepass_gru01_2024-08-16_17-12-18_jpg_2024-08-16_17-12-18.webp.webp?fit=1200%2C731&ssl=1&resize=350%2C200","width":350,"height":200,"srcset":"https:\/\/i0.wp.com\/ismaelcolosi.com.br\/wp-content\/uploads\/2024\/08\/voepass_gru01_2024-08-16_17-12-18_jpg_2024-08-16_17-12-18.webp.webp?fit=1200%2C731&ssl=1&resize=350%2C200 1x, https:\/\/i0.wp.com\/ismaelcolosi.com.br\/wp-content\/uploads\/2024\/08\/voepass_gru01_2024-08-16_17-12-18_jpg_2024-08-16_17-12-18.webp.webp?fit=1200%2C731&ssl=1&resize=525%2C300 1.5x, https:\/\/i0.wp.com\/ismaelcolosi.com.br\/wp-content\/uploads\/2024\/08\/voepass_gru01_2024-08-16_17-12-18_jpg_2024-08-16_17-12-18.webp.webp?fit=1200%2C731&ssl=1&resize=700%2C400 2x, https:\/\/i0.wp.com\/ismaelcolosi.com.br\/wp-content\/uploads\/2024\/08\/voepass_gru01_2024-08-16_17-12-18_jpg_2024-08-16_17-12-18.webp.webp?fit=1200%2C731&ssl=1&resize=1050%2C600 3x"},"classes":[]},{"id":59638,"url":"https:\/\/ismaelcolosi.com.br\/index.php\/2024\/08\/10\/medica-que-morreu-em-queda-de-aviao-em-vinhedo-atuou-na-rede-municipal-de-ribeirao-preto\/","url_meta":{"origin":59607,"position":5},"title":"M\u00e9dica que morreu em queda de avi\u00e3o em Vinhedo atuou na rede municipal de Ribeir\u00e3o Preto","author":"ismaelcolosi.com.br","date":"10 de August de 2024","format":false,"excerpt":"A m\u00e9dica pediatra Sarah Sella Langer, que morreu na queda do avi\u00e3o da Voepass, em Vinhedo, no interior de S\u00e3o Paulo, na \u00faltima sexta-feira (9), atuou na rede municipal de Sa\u00fade de Ribeir\u00e3o Preto entre os anos de 2017 e 2021. A pediatra era natural de Cascavel, no Paran\u00e1. Sarah\u2026","rel":"","context":"In &quot;Not\u00edcias de Ribeir\u00e3o Preto-SP e Regi\u00e3o&quot;","block_context":{"text":"Not\u00edcias de Ribeir\u00e3o Preto-SP e Regi\u00e3o","link":"https:\/\/ismaelcolosi.com.br\/index.php\/category\/noticias-de-ribeirao-preto-sp-e-regiao-ismael-colosi\/"},"img":{"alt_text":"","src":"https:\/\/i0.wp.com\/ismaelcolosi.com.br\/wp-content\/uploads\/2024\/08\/Copia-de-Copia-de-TAMANHO-EXATO-PARA-FOTOS-NO-SISTEMA-NOVO-41_2024-08-10_14-39-38_jpg_2024-08-10_14-39-38.webp.webp?fit=1200%2C675&ssl=1&resize=350%2C200","width":350,"height":200,"srcset":"https:\/\/i0.wp.com\/ismaelcolosi.com.br\/wp-content\/uploads\/2024\/08\/Copia-de-Copia-de-TAMANHO-EXATO-PARA-FOTOS-NO-SISTEMA-NOVO-41_2024-08-10_14-39-38_jpg_2024-08-10_14-39-38.webp.webp?fit=1200%2C675&ssl=1&resize=350%2C200 1x, https:\/\/i0.wp.com\/ismaelcolosi.com.br\/wp-content\/uploads\/2024\/08\/Copia-de-Copia-de-TAMANHO-EXATO-PARA-FOTOS-NO-SISTEMA-NOVO-41_2024-08-10_14-39-38_jpg_2024-08-10_14-39-38.webp.webp?fit=1200%2C675&ssl=1&resize=525%2C300 1.5x, https:\/\/i0.wp.com\/ismaelcolosi.com.br\/wp-content\/uploads\/2024\/08\/Copia-de-Copia-de-TAMANHO-EXATO-PARA-FOTOS-NO-SISTEMA-NOVO-41_2024-08-10_14-39-38_jpg_2024-08-10_14-39-38.webp.webp?fit=1200%2C675&ssl=1&resize=700%2C400 2x, https:\/\/i0.wp.com\/ismaelcolosi.com.br\/wp-content\/uploads\/2024\/08\/Copia-de-Copia-de-TAMANHO-EXATO-PARA-FOTOS-NO-SISTEMA-NOVO-41_2024-08-10_14-39-38_jpg_2024-08-10_14-39-38.webp.webp?fit=1200%2C675&ssl=1&resize=1050%2C600 3x"},"classes":[]}],"jetpack_sharing_enabled":true,"jetpack_shortlink":"https:\/\/wp.me\/pfMlyK-fvp","_links":{"self":[{"href":"https:\/\/ismaelcolosi.com.br\/index.php\/wp-json\/wp\/v2\/posts\/59607","targetHints":{"allow":["GET"]}}],"collection":[{"href":"https:\/\/ismaelcolosi.com.br\/index.php\/wp-json\/wp\/v2\/posts"}],"about":[{"href":"https:\/\/ismaelcolosi.com.br\/index.php\/wp-json\/wp\/v2\/types\/post"}],"author":[{"embeddable":true,"href":"https:\/\/ismaelcolosi.com.br\/index.php\/wp-json\/wp\/v2\/users\/1"}],"replies":[{"embeddable":true,"href":"https:\/\/ismaelcolosi.com.br\/index.php\/wp-json\/wp\/v2\/comments?post=59607"}],"version-history":[{"count":0,"href":"https:\/\/ismaelcolosi.com.br\/index.php\/wp-json\/wp\/v2\/posts\/59607\/revisions"}],"wp:featuredmedia":[{"embeddable":true,"href":"https:\/\/ismaelcolosi.com.br\/index.php\/wp-json\/wp\/v2\/media\/59608"}],"wp:attachment":[{"href":"https:\/\/ismaelcolosi.com.br\/index.php\/wp-json\/wp\/v2\/media?parent=59607"}],"wp:term":[{"taxonomy":"category","embeddable":true,"href":"https:\/\/ismaelcolosi.com.br\/index.php\/wp-json\/wp\/v2\/categories?post=59607"},{"taxonomy":"post_tag","embeddable":true,"href":"https:\/\/ismaelcolosi.com.br\/index.php\/wp-json\/wp\/v2\/tags?post=59607"}],"curies":[{"name":"wp","href":"https:\/\/api.w.org\/{rel}","templated":true}]}}