{"id":59603,"date":"2024-08-09T19:24:24","date_gmt":"2024-08-09T22:24:24","guid":{"rendered":"https:\/\/ismaelcolosi.com.br\/index.php\/2024\/08\/09\/frente-fria-interior-de-sp-tem-alerta-para-chuvas-intensas-veja-cidades-afetadas\/"},"modified":"2024-08-09T19:24:24","modified_gmt":"2024-08-09T22:24:24","slug":"frente-fria-interior-de-sp-tem-alerta-para-chuvas-intensas-veja-cidades-afetadas","status":"publish","type":"post","link":"https:\/\/ismaelcolosi.com.br\/index.php\/2024\/08\/09\/frente-fria-interior-de-sp-tem-alerta-para-chuvas-intensas-veja-cidades-afetadas\/","title":{"rendered":"Frente fria: interior de SP tem alerta para chuvas intensas; Veja cidades afetadas"},"content":{"rendered":"<p> <br \/>\n<\/p>\n<div>\n<p>Uma forte <strong>frente fria<\/strong> come\u00e7ou a atuar sobre <strong>interior do Estado de S\u00e3o Paulo<\/strong> nesta sexta-feira (9) e promete deixar as <strong>temperaturas mais baixas neste final de semana<\/strong>.<\/p>\n<p>Por conta desse cen\u00e1rio, o <strong>Instituto de Meteorologia (Inmet)<\/strong> emitiu um alerta de <strong>perigo potencial para chuvas intensas <\/strong>em diversas regi\u00f5es, inclusive em <strong>Ribeir\u00e3o Preto<\/strong>.<\/p>\n<h2 class=\"wp-block-heading\"><strong>O que diz o alerta de chuva?<\/strong><\/h2>\n<p>Conforme o <strong>alerta amarelo<\/strong>, os riscos s\u00e3o de chuva entre 20 e 30 mil\u00edmetros por hora ou at\u00e9 50 mil\u00edmetros por dia, al\u00e9m de ventos intensos entre 40 e 60 km\/h.<\/p>\n<p>Apesar de baixo, h\u00e1 tamb\u00e9m risco de corte de energia el\u00e9trica, queda de galhos de \u00e1rvores, alagamentos e de descargas el\u00e9tricas. <strong><mark style=\"background-color:#fcb900\" class=\"has-inline-color\">O alerta \u00e9 v\u00e1lido at\u00e9 este s\u00e1bado (10).<\/mark><\/strong><\/p>\n<h3 class=\"wp-block-heading\"><strong>\u00c1reas afetadas pelo alerta de chuvas intensas<\/strong><\/h3>\n<p>Grande parte do <strong>interior de S\u00e3o Paulo<\/strong> aparece no <strong>alerta de chuvas intensas<\/strong> do <strong>Inmet<\/strong>, contudo, as regi\u00f5es em destaque s\u00e3o:<\/p>\n<h4 class=\"wp-block-heading\"><strong>Recomenda\u00e7\u00f5es para o alerta de chuvas intensas<\/strong><\/h4>\n<p>Devido ao <strong>alerta de perigo potencial para chuvas intensas<\/strong> no <strong>interior do estado de S\u00e3o Paulo<\/strong>, o <strong>Inmet <\/strong>recomenda que em caso de rajadas de vento, as pessoas n\u00e3o se abriguem debaixo de \u00e1rvores, pois h\u00e1 risco de queda e descargas el\u00e9tricas.<\/p>\n<p>Al\u00e9m disso, n\u00e3o \u00e9 recomendado estacionar ve\u00edculos pr\u00f3ximos a torres de transmiss\u00e3o e placas de propaganda. Se poss\u00edvel, \u00e9 importante desligar aparelhos el\u00e9tricos e quadro geral de energia.<\/p>\n<hr class=\"wp-block-separator has-alpha-channel-opacity\"\/>\n<p>SAIBA MAIS<\/p>\n<p>Alison dos Santos \u00e9 bronze nos 400 metros com barreiras nas Olimp\u00edadas de Paris <mark style=\"background-color:#ffffff\" class=\"has-inline-color has-white-color\">contudo, <\/mark><\/p>\n<h4 class=\"wp-block-heading\"><strong>FIQUE ON<\/strong><\/h4>\n<p>Fique ligado em tudo que acontece em Ribeir\u00e3o Preto e regi\u00e3o. Siga os perfis do\u00a0<strong>acidade on<\/strong>\u00a0no\u00a0<a href=\"https:\/\/www.instagram.com\/acidadeonribeirao\/\" target=\"_blank\" rel=\"noreferrer noopener\">Instagram\u00a0<\/a>e no\u00a0<a href=\"https:\/\/www.facebook.com\/acidadeonribeirao\/\" target=\"_blank\" rel=\"noreferrer noopener\">Facebook<\/a>.<\/p>\n<p>Receba not\u00edcias do\u00a0<strong>acidade on<\/strong>\u00a0no WhatsApp.\u00a0<a href=\"https:\/\/chat.whatsapp.com\/Dtv9mxhy6V5BJBotM2OQ5k\" target=\"_blank\" rel=\"noreferrer noopener\">Para entrar no grupo, basta clicar aqui.<\/a><\/p>\n<p>Fa\u00e7a uma den\u00fancia ou sugira uma reportagem sobre Ribeir\u00e3o Preto e regi\u00e3o pelo WhatsApp: 16 99117 7802.<\/p>\n<p>VEJA TAMB\u00c9M<\/p>\n<p>Instagram libera at\u00e9 20 fotos ou v\u00eddeos em um post carrossel <mark style=\"background-color:#ffffff\" class=\"has-inline-color has-white-color\">contudo, <\/mark><\/p>\n<p><!-- CONTENT END 1 -->\n<\/div>\n<p><script async src=\"\/\/www.instagram.com\/embed.js\"><\/script><br \/>\n<br \/><br \/>\n<br \/><a href=\"https:\/\/www.acidadeon.com\/ribeiraopreto\/cotidiano\/frente-fria-interior-de-sp-tem-alerta-para-chuvas-intensas-veja-cidades-afetadas\/\">Source link <\/a><\/p>\n","protected":false},"excerpt":{"rendered":"<p>Uma forte frente fria come\u00e7ou a atuar sobre interior do Estado de S\u00e3o Paulo nesta sexta-feira (9) e promete deixar as temperaturas mais baixas neste&#8230;<\/p>\n","protected":false},"author":1,"featured_media":59604,"comment_status":"open","ping_status":"open","sticky":false,"template":"","format":"standard","meta":{"_uag_custom_page_level_css":"","advanced_seo_description":"","jetpack_seo_html_title":"","jetpack_seo_noindex":false,"jetpack_post_was_ever_published":false,"_jetpack_newsletter_access":"","_jetpack_dont_email_post_to_subs":false,"_jetpack_newsletter_tier_id":0,"_jetpack_memberships_contains_paywalled_content":false,"_jetpack_memberships_contains_paid_content":false,"footnotes":"","jetpack_publicize_message":"","jetpack_publicize_feature_enabled":true,"jetpack_social_post_already_shared":true,"jetpack_social_options":{"image_generator_settings":{"template":"highway","default_image_id":0,"font":"","enabled":false},"version":2}},"categories":[11],"tags":[],"class_list":["post-59603","post","type-post","status-publish","format-standard","has-post-thumbnail","hentry","category-noticias-de-ribeirao-preto-sp-e-regiao-ismael-colosi"],"jetpack_publicize_connections":[],"jetpack_featured_media_url":"https:\/\/i0.wp.com\/ismaelcolosi.com.br\/wp-content\/uploads\/2024\/08\/CicloneextratropicalgrandeeintensoprovocaalertaVejaaprevisodotempo_Tamanho_2_image.jpg?fit=1200%2C900&ssl=1","uagb_featured_image_src":{"full":["https:\/\/i0.wp.com\/ismaelcolosi.com.br\/wp-content\/uploads\/2024\/08\/CicloneextratropicalgrandeeintensoprovocaalertaVejaaprevisodotempo_Tamanho_2_image.jpg?fit=1200%2C900&ssl=1",1200,900,false],"thumbnail":["https:\/\/i0.wp.com\/ismaelcolosi.com.br\/wp-content\/uploads\/2024\/08\/CicloneextratropicalgrandeeintensoprovocaalertaVejaaprevisodotempo_Tamanho_2_image.jpg?resize=150%2C150&ssl=1",150,150,true],"medium":["https:\/\/i0.wp.com\/ismaelcolosi.com.br\/wp-content\/uploads\/2024\/08\/CicloneextratropicalgrandeeintensoprovocaalertaVejaaprevisodotempo_Tamanho_2_image.jpg?fit=300%2C225&ssl=1",300,225,true],"medium_large":["https:\/\/i0.wp.com\/ismaelcolosi.com.br\/wp-content\/uploads\/2024\/08\/CicloneextratropicalgrandeeintensoprovocaalertaVejaaprevisodotempo_Tamanho_2_image.jpg?fit=768%2C576&ssl=1",768,576,true],"large":["https:\/\/i0.wp.com\/ismaelcolosi.com.br\/wp-content\/uploads\/2024\/08\/CicloneextratropicalgrandeeintensoprovocaalertaVejaaprevisodotempo_Tamanho_2_image.jpg?fit=1024%2C768&ssl=1",1024,768,true],"1536x1536":["https:\/\/i0.wp.com\/ismaelcolosi.com.br\/wp-content\/uploads\/2024\/08\/CicloneextratropicalgrandeeintensoprovocaalertaVejaaprevisodotempo_Tamanho_2_image.jpg?fit=1200%2C900&ssl=1",1200,900,true],"2048x2048":["https:\/\/i0.wp.com\/ismaelcolosi.com.br\/wp-content\/uploads\/2024\/08\/CicloneextratropicalgrandeeintensoprovocaalertaVejaaprevisodotempo_Tamanho_2_image.jpg?fit=1200%2C900&ssl=1",1200,900,true],"really-simple-thumb":["https:\/\/i0.wp.com\/ismaelcolosi.com.br\/wp-content\/uploads\/2024\/08\/CicloneextratropicalgrandeeintensoprovocaalertaVejaaprevisodotempo_Tamanho_2_image.jpg?resize=370%2C247&ssl=1",370,247,true]},"uagb_author_info":{"display_name":"ismaelcolosi.com.br","author_link":"https:\/\/ismaelcolosi.com.br\/index.php\/author\/vidareal-online\/"},"uagb_comment_info":0,"uagb_excerpt":"Uma forte frente fria come\u00e7ou a atuar sobre interior do Estado de S\u00e3o Paulo nesta sexta-feira (9) e promete deixar as temperaturas mais baixas neste...","jetpack-related-posts":[{"id":29511,"url":"https:\/\/ismaelcolosi.com.br\/index.php\/2024\/01\/18\/interior-de-sp-tem-alerta-de-chuvas-intensas-veja-os-locais-afetados\/","url_meta":{"origin":59603,"position":0},"title":"Interior de SP tem alerta de chuvas intensas; Veja os locais afetados","author":"ismaelcolosi.com.br","date":"18 de January de 2024","format":false,"excerpt":"O Inmet (Instituto Nacional de Meteorologia) publicou nesta quinta-feira (18) um alerta de chuvas intensas para o interior de S\u00e3o Paulo. O aviso \u00e9 v\u00e1lido at\u00e9 as 10h desta sexta-feira (19). De acordo com o \u00f3rg\u00e3o, pode chover o acumulado de at\u00e9 50 mil\u00edmetros no per\u00edodo de um dia e\u2026","rel":"","context":"In &quot;Not\u00edcias de Ribeir\u00e3o Preto-SP e Regi\u00e3o&quot;","block_context":{"text":"Not\u00edcias de Ribeir\u00e3o Preto-SP e Regi\u00e3o","link":"https:\/\/ismaelcolosi.com.br\/index.php\/category\/noticias-de-ribeirao-preto-sp-e-regiao-ismael-colosi\/"},"img":{"alt_text":"","src":"https:\/\/i0.wp.com\/ismaelcolosi.com.br\/wp-content\/uploads\/2024\/01\/chuva-no-interior.jpeg?fit=1200%2C903&ssl=1&resize=350%2C200","width":350,"height":200,"srcset":"https:\/\/i0.wp.com\/ismaelcolosi.com.br\/wp-content\/uploads\/2024\/01\/chuva-no-interior.jpeg?fit=1200%2C903&ssl=1&resize=350%2C200 1x, https:\/\/i0.wp.com\/ismaelcolosi.com.br\/wp-content\/uploads\/2024\/01\/chuva-no-interior.jpeg?fit=1200%2C903&ssl=1&resize=525%2C300 1.5x, https:\/\/i0.wp.com\/ismaelcolosi.com.br\/wp-content\/uploads\/2024\/01\/chuva-no-interior.jpeg?fit=1200%2C903&ssl=1&resize=700%2C400 2x, https:\/\/i0.wp.com\/ismaelcolosi.com.br\/wp-content\/uploads\/2024\/01\/chuva-no-interior.jpeg?fit=1200%2C903&ssl=1&resize=1050%2C600 3x"},"classes":[]},{"id":43004,"url":"https:\/\/ismaelcolosi.com.br\/index.php\/2024\/03\/18\/frente-fria-vai-trazer-chuva-para-o-interior-de-sp-veja-as-regioes-afetadas\/","url_meta":{"origin":59603,"position":1},"title":"Frente fria vai trazer chuva para o interior de SP; Veja as regi\u00f5es afetadas","author":"ismaelcolosi.com.br","date":"18 de March de 2024","format":false,"excerpt":"O interior do Estado de S\u00e3o Paulo recebeu um novo alerta de perigo potencial para chuvas intensas, nesta segunda-feira (18). O alerta foi emitido poucos dias antes da primeira frente fria do outono, que tem previs\u00e3o de mudar o tempo e encerrar a onda de calor, no estado, com previs\u00e3o\u2026","rel":"","context":"In &quot;Not\u00edcias de Ribeir\u00e3o Preto-SP e Regi\u00e3o&quot;","block_context":{"text":"Not\u00edcias de Ribeir\u00e3o Preto-SP e Regi\u00e3o","link":"https:\/\/ismaelcolosi.com.br\/index.php\/category\/noticias-de-ribeirao-preto-sp-e-regiao-ismael-colosi\/"},"img":{"alt_text":"","src":"https:\/\/i0.wp.com\/ismaelcolosi.com.br\/wp-content\/uploads\/2024\/03\/1710791582_Capturar-3.jpg?fit=739%2C452&ssl=1&resize=350%2C200","width":350,"height":200,"srcset":"https:\/\/i0.wp.com\/ismaelcolosi.com.br\/wp-content\/uploads\/2024\/03\/1710791582_Capturar-3.jpg?fit=739%2C452&ssl=1&resize=350%2C200 1x, https:\/\/i0.wp.com\/ismaelcolosi.com.br\/wp-content\/uploads\/2024\/03\/1710791582_Capturar-3.jpg?fit=739%2C452&ssl=1&resize=525%2C300 1.5x, https:\/\/i0.wp.com\/ismaelcolosi.com.br\/wp-content\/uploads\/2024\/03\/1710791582_Capturar-3.jpg?fit=739%2C452&ssl=1&resize=700%2C400 2x"},"classes":[]},{"id":45890,"url":"https:\/\/ismaelcolosi.com.br\/index.php\/2024\/04\/08\/alerta-de-chuvas-intensas-e-emitido-para-o-interior-de-sp-veja-os-municipios\/","url_meta":{"origin":59603,"position":2},"title":"Alerta de chuvas intensas \u00e9 emitido para o interior de SP; Veja os munic\u00edpios","author":"ismaelcolosi.com.br","date":"8 de April de 2024","format":false,"excerpt":"O interior do Estado de S\u00e3o Paulo recebeu um novo alerta de perigo potencial para chuvas intensas, nesta segunda-feira (8). Uma nova frente fria deve se deslocar nesta semana em dire\u00e7\u00e3o ao estado e aumentar a condi\u00e7\u00e3o para chuva e queda de temperatura no pr\u00f3ximo fim de semana, de acordo\u2026","rel":"","context":"In &quot;Not\u00edcias de Ribeir\u00e3o Preto-SP e Regi\u00e3o&quot;","block_context":{"text":"Not\u00edcias de Ribeir\u00e3o Preto-SP e Regi\u00e3o","link":"https:\/\/ismaelcolosi.com.br\/index.php\/category\/noticias-de-ribeirao-preto-sp-e-regiao-ismael-colosi\/"},"img":{"alt_text":"","src":"https:\/\/i0.wp.com\/ismaelcolosi.com.br\/wp-content\/uploads\/2024\/04\/20220922_134335-scaled.jpg?fit=1200%2C675&ssl=1&resize=350%2C200","width":350,"height":200,"srcset":"https:\/\/i0.wp.com\/ismaelcolosi.com.br\/wp-content\/uploads\/2024\/04\/20220922_134335-scaled.jpg?fit=1200%2C675&ssl=1&resize=350%2C200 1x, https:\/\/i0.wp.com\/ismaelcolosi.com.br\/wp-content\/uploads\/2024\/04\/20220922_134335-scaled.jpg?fit=1200%2C675&ssl=1&resize=525%2C300 1.5x, https:\/\/i0.wp.com\/ismaelcolosi.com.br\/wp-content\/uploads\/2024\/04\/20220922_134335-scaled.jpg?fit=1200%2C675&ssl=1&resize=700%2C400 2x, https:\/\/i0.wp.com\/ismaelcolosi.com.br\/wp-content\/uploads\/2024\/04\/20220922_134335-scaled.jpg?fit=1200%2C675&ssl=1&resize=1050%2C600 3x"},"classes":[]},{"id":22118,"url":"https:\/\/ismaelcolosi.com.br\/index.php\/2023\/12\/29\/litoral-e-interior-de-sp-tem-alerta-de-chuvas-intensas-veja-ate-quando\/","url_meta":{"origin":59603,"position":3},"title":"Litoral e interior de SP t\u00eam alerta de chuvas intensas; Veja at\u00e9 quando","author":"ismaelcolosi.com.br","date":"29 de December de 2023","format":false,"excerpt":"O Inmet (Instituto Nacional de Meteorologia) publicou um alerta de \u201cperigo potencial\u201d para chuvas intensas para o litoral e interior de S\u00e3o Paulo. O aviso tem in\u00edcio \u00e0s 10h desta sexta-feira (29) e \u00e9 v\u00e1lido at\u00e9 12h do dia 31. Segundo o \u00f3rg\u00e3o, pode chover o acumulado entre 20 mil\u00edmetros\u2026","rel":"","context":"In &quot;Not\u00edcias de Ribeir\u00e3o Preto-SP e Regi\u00e3o&quot;","block_context":{"text":"Not\u00edcias de Ribeir\u00e3o Preto-SP e Regi\u00e3o","link":"https:\/\/ismaelcolosi.com.br\/index.php\/category\/noticias-de-ribeirao-preto-sp-e-regiao-ismael-colosi\/"},"img":{"alt_text":"","src":"https:\/\/i0.wp.com\/ismaelcolosi.com.br\/wp-content\/uploads\/2023\/12\/chuva-2.jpg?fit=1200%2C800&ssl=1&resize=350%2C200","width":350,"height":200,"srcset":"https:\/\/i0.wp.com\/ismaelcolosi.com.br\/wp-content\/uploads\/2023\/12\/chuva-2.jpg?fit=1200%2C800&ssl=1&resize=350%2C200 1x, https:\/\/i0.wp.com\/ismaelcolosi.com.br\/wp-content\/uploads\/2023\/12\/chuva-2.jpg?fit=1200%2C800&ssl=1&resize=525%2C300 1.5x, https:\/\/i0.wp.com\/ismaelcolosi.com.br\/wp-content\/uploads\/2023\/12\/chuva-2.jpg?fit=1200%2C800&ssl=1&resize=700%2C400 2x, https:\/\/i0.wp.com\/ismaelcolosi.com.br\/wp-content\/uploads\/2023\/12\/chuva-2.jpg?fit=1200%2C800&ssl=1&resize=1050%2C600 3x"},"classes":[]},{"id":43537,"url":"https:\/\/ismaelcolosi.com.br\/index.php\/2024\/03\/21\/o-que-se-sabe-sobre-a-frente-fria-e-o-alerta-de-chuva-no-interior-de-sp\/","url_meta":{"origin":59603,"position":4},"title":"O que se sabe sobre a frente fria e o alerta de chuva no interior de SP","author":"ismaelcolosi.com.br","date":"21 de March de 2024","format":false,"excerpt":"A chegada do outono trouxe para o interior de S\u00e3o Paulo um novo alerta de chuvas intensas, nesta quinta-feira (21), dessa vez, com maior grau de severidade, de acordo com o Instituto Nacional de Meteorologia (Inmet). O deslocamento de uma frente fria deve trazer linhas de instabilidades, que, combinadas com\u2026","rel":"","context":"In &quot;Not\u00edcias de Ribeir\u00e3o Preto-SP e Regi\u00e3o&quot;","block_context":{"text":"Not\u00edcias de Ribeir\u00e3o Preto-SP e Regi\u00e3o","link":"https:\/\/ismaelcolosi.com.br\/index.php\/category\/noticias-de-ribeirao-preto-sp-e-regiao-ismael-colosi\/"},"img":{"alt_text":"","src":"https:\/\/i0.wp.com\/ismaelcolosi.com.br\/wp-content\/uploads\/2024\/03\/WhatsApp-Image-2024-03-19-at-16.42.46-1.jpeg?fit=578%2C434&ssl=1&resize=350%2C200","width":350,"height":200,"srcset":"https:\/\/i0.wp.com\/ismaelcolosi.com.br\/wp-content\/uploads\/2024\/03\/WhatsApp-Image-2024-03-19-at-16.42.46-1.jpeg?fit=578%2C434&ssl=1&resize=350%2C200 1x, https:\/\/i0.wp.com\/ismaelcolosi.com.br\/wp-content\/uploads\/2024\/03\/WhatsApp-Image-2024-03-19-at-16.42.46-1.jpeg?fit=578%2C434&ssl=1&resize=525%2C300 1.5x"},"classes":[]},{"id":72815,"url":"https:\/\/ismaelcolosi.com.br\/index.php\/2024\/10\/23\/alerta-de-perigo-potencial-e-emitido-para-o-interior-de-sp-veja-regioes-afetadas-2\/","url_meta":{"origin":59603,"position":5},"title":"Alerta de perigo potencial \u00e9 emitido para o interior de SP; Veja regi\u00f5es afetadas","author":"ismaelcolosi.com.br","date":"23 de October de 2024","format":false,"excerpt":"Uma nova frente fria se aproxima do interior de S\u00e3o Paulo e aumenta as condi\u00e7\u00f5es para chuva, a partir desta quarta-feira (23). Por conta deste cen\u00e1rio, o Inmet (Instituto Nacional de Meteorologia) emitiu um novo alerta de perigo potencial. De acordo com o \u00f3rg\u00e3o, esse sistema deve favorecer a forma\u00e7\u00e3o\u2026","rel":"","context":"In &quot;Not\u00edcias de Ribeir\u00e3o Preto-SP e Regi\u00e3o&quot;","block_context":{"text":"Not\u00edcias de Ribeir\u00e3o Preto-SP e Regi\u00e3o","link":"https:\/\/ismaelcolosi.com.br\/index.php\/category\/noticias-de-ribeirao-preto-sp-e-regiao-ismael-colosi\/"},"img":{"alt_text":"","src":"https:\/\/i0.wp.com\/ismaelcolosi.com.br\/wp-content\/uploads\/2024\/10\/chuva-forte.jpg?fit=1200%2C765&ssl=1&resize=350%2C200","width":350,"height":200,"srcset":"https:\/\/i0.wp.com\/ismaelcolosi.com.br\/wp-content\/uploads\/2024\/10\/chuva-forte.jpg?fit=1200%2C765&ssl=1&resize=350%2C200 1x, https:\/\/i0.wp.com\/ismaelcolosi.com.br\/wp-content\/uploads\/2024\/10\/chuva-forte.jpg?fit=1200%2C765&ssl=1&resize=525%2C300 1.5x, https:\/\/i0.wp.com\/ismaelcolosi.com.br\/wp-content\/uploads\/2024\/10\/chuva-forte.jpg?fit=1200%2C765&ssl=1&resize=700%2C400 2x, https:\/\/i0.wp.com\/ismaelcolosi.com.br\/wp-content\/uploads\/2024\/10\/chuva-forte.jpg?fit=1200%2C765&ssl=1&resize=1050%2C600 3x"},"classes":[]}],"jetpack_sharing_enabled":true,"jetpack_shortlink":"https:\/\/wp.me\/pfMlyK-fvl","_links":{"self":[{"href":"https:\/\/ismaelcolosi.com.br\/index.php\/wp-json\/wp\/v2\/posts\/59603","targetHints":{"allow":["GET"]}}],"collection":[{"href":"https:\/\/ismaelcolosi.com.br\/index.php\/wp-json\/wp\/v2\/posts"}],"about":[{"href":"https:\/\/ismaelcolosi.com.br\/index.php\/wp-json\/wp\/v2\/types\/post"}],"author":[{"embeddable":true,"href":"https:\/\/ismaelcolosi.com.br\/index.php\/wp-json\/wp\/v2\/users\/1"}],"replies":[{"embeddable":true,"href":"https:\/\/ismaelcolosi.com.br\/index.php\/wp-json\/wp\/v2\/comments?post=59603"}],"version-history":[{"count":0,"href":"https:\/\/ismaelcolosi.com.br\/index.php\/wp-json\/wp\/v2\/posts\/59603\/revisions"}],"wp:featuredmedia":[{"embeddable":true,"href":"https:\/\/ismaelcolosi.com.br\/index.php\/wp-json\/wp\/v2\/media\/59604"}],"wp:attachment":[{"href":"https:\/\/ismaelcolosi.com.br\/index.php\/wp-json\/wp\/v2\/media?parent=59603"}],"wp:term":[{"taxonomy":"category","embeddable":true,"href":"https:\/\/ismaelcolosi.com.br\/index.php\/wp-json\/wp\/v2\/categories?post=59603"},{"taxonomy":"post_tag","embeddable":true,"href":"https:\/\/ismaelcolosi.com.br\/index.php\/wp-json\/wp\/v2\/tags?post=59603"}],"curies":[{"name":"wp","href":"https:\/\/api.w.org\/{rel}","templated":true}]}}