{"id":59598,"date":"2024-08-09T18:15:02","date_gmt":"2024-08-09T21:15:02","guid":{"rendered":"https:\/\/ismaelcolosi.com.br\/index.php\/2024\/08\/09\/lula-e-tarcisio-lamentam-queda-de-aviao-no-interior-de-sp-2\/"},"modified":"2024-08-09T18:15:02","modified_gmt":"2024-08-09T21:15:02","slug":"lula-e-tarcisio-lamentam-queda-de-aviao-no-interior-de-sp-2","status":"publish","type":"post","link":"https:\/\/ismaelcolosi.com.br\/index.php\/2024\/08\/09\/lula-e-tarcisio-lamentam-queda-de-aviao-no-interior-de-sp-2\/","title":{"rendered":"Lula e Tarc\u00edsio lamentam queda de avi\u00e3o no interior de SP"},"content":{"rendered":"<p> <br \/>\n<\/p>\n<div>\n<p>O <strong>presidente Luiz In\u00e1cio Lula da Silva<\/strong> pediu um minuto de sil\u00eancio para as <strong>v\u00edtimas da queda do avi\u00e3o com 58 passageiros e quatro tripulantes em Vinhedo<\/strong>, operado pela <strong>Voepass<\/strong>, com sede em <strong>Ribeir\u00e3o Preto<\/strong>, nesta sexta-feira (9).<\/p>\n<figure class=\"wp-block-pullquote\">\n<blockquote>\n<p>Queria que todos se colocassem de p\u00e9 para que a gente fizesse um minuto de sil\u00eancio porque acaba de cair um avi\u00e3o na cidade de Vinhedo, em S\u00e3o Paulo<\/p>\n<p><cite>Luiz In\u00e1cio Lula da Silva<\/cite><\/p><\/blockquote>\n<\/figure>\n<p>O presidente demostrou solidariedade durante cerim\u00f4nia de lan\u00e7amento da Fragata Tamandar\u00e9, em Itaja\u00ed (SC) \u2013 veja o v\u00eddeo abaixo.<\/p>\n<p>Atrav\u00e9s das redes sociais,<strong> Tarc\u00edsio de Freitas<\/strong>, <strong>governador do Estado de S\u00e3o Paulo<\/strong> tamb\u00e9m demostrou solidariedade as v\u00edtimas do ocorrido.<\/p>\n<figure class=\"wp-block-pullquote\">\n<blockquote>\n<p>O Governo de S\u00e3o Paulo vai prestar todo o suporte e divulgar todas as informa\u00e7\u00f5es necess\u00e1rias. Minha solidariedade a todas as v\u00edtimas e afetados por essa trag\u00e9dia<\/p>\n<\/blockquote>\n<\/figure>\n<p>Al\u00e9m das autoridades, o <strong>secret\u00e1rio de Turismo e Viagens do Estado de S\u00e3o Paulo<\/strong> tamb\u00e9m se manifestou sobre a trag\u00e9dia.\u00a0 \u201cMe causa grande consterna\u00e7\u00e3o e tristeza. Minha solidariedade e sentimentos aos familiares e entes queridos das v\u00edtimas\u201d, disse <strong>Roberto de Lucena<\/strong>.<\/p>\n<h3 class=\"wp-block-heading\"><strong>Gabinete de crise<\/strong><\/h3>\n<p>O <strong>governador Tarc\u00edsio de Freitas<\/strong> anunciou a cria\u00e7\u00e3o de um <strong>gabinete de crise<\/strong> em Vinhedo para o suporte das equipes mobilizadas na ocorr\u00eancia do acidente com a aeronave da<strong> Voepass Linhas A\u00e9reas<\/strong>, ocorrido no in\u00edcio da tarde desta sexta-feira (9). <\/p>\n<p>O<strong> secret\u00e1rio de Seguran\u00e7a P\u00fablica, Guilherme Derrite<\/strong>, e os comandantes das <strong>for\u00e7as de seguran\u00e7a do estado <\/strong>e da <strong>Defesa Civil<\/strong> est\u00e3o no munic\u00edpio para auxiliar no trabalho. <mark style=\"background-color:#fcb900\" class=\"has-inline-color\">Al\u00e9m das equipes estaduais, tamb\u00e9m comp\u00f5e o gabinete de crise o <strong>Minist\u00e9rio de Portos e Aeroportos<\/strong>, a <strong>Ag\u00eancia Nacional de Avia\u00e7\u00e3o Civil (Anac)<\/strong>, o <strong>Governo do Estado do Paran\u00e1<\/strong> e <strong>profissionais de assist\u00eancia social<\/strong>.<\/mark><\/p>\n<p><strong>Um posto de comando avan\u00e7ado foi montado a aproximadamente 100 metros da ocorr\u00eancia<\/strong>. O combate \u00e0s chamas do local da queda foi finalizado. O <strong>Instituto de Medicina Social e Criminologia do Estado de S\u00e3o Paulo (IMESC)<\/strong> tamb\u00e9m vai auxiliar na identifica\u00e7\u00e3o dos corpos.<\/p>\n<p>O <strong>Instituto M\u00e9dico Legal (IML) de Campinas <\/strong>est\u00e1 sendo preparado para recep\u00e7\u00e3o e identifica\u00e7\u00e3o das v\u00edtimas.<\/p>\n<h4 class=\"wp-block-heading\"><strong>O acidente<\/strong><\/h4>\n<p>O avi\u00e3o que caiu em Vinhedo, no interior de S\u00e3o Paulo, saiu de Cascavel-PR, \u00e0s 11h40, e tinha como destino o aeroporto Internacional de Guarulhos. O avi\u00e3o era da Voepass, empresa que tem sede em Ribeir\u00e3o Preto.<\/p>\n<p>Segundo a empresa, estavam no avi\u00e3o 57 passageiros, al\u00e9m de quatro tripulantes. O avi\u00e3o \u00e9 bimotor, modelo ATR-72.\u00a0 A queda aconteceu na regi\u00e3o do bairro Capela, em Vinhedo. A prefeitura da cidade informou que n\u00e3o h\u00e1 sobreviventes.<\/p>\n<blockquote class=\"twitter-tweet\" data-media-max-width=\"560\">\n<p lang=\"pt\" dir=\"ltr\">Uma not\u00edcia muito triste. Toda minha solidariedade aos familiares e amigos das v\u00edtimas. <a href=\"https:\/\/t.co\/eb47itDbe8\">pic.twitter.com\/eb47itDbe8<\/a><\/p>\n<p>\u2014 Lula (@LulaOficial) <a href=\"https:\/\/twitter.com\/LulaOficial\/status\/1821967069421904206?ref_src=twsrc%5Etfw\">August 9, 2024<\/a><\/p><\/blockquote>\n<hr class=\"wp-block-separator has-alpha-channel-opacity\"\/>\n<p>SAIBA MAIS<\/p>\n<p>Avi\u00e3o que caiu no interior de SP era de empresa de Ribeir\u00e3o Preto<\/p>\n<p>Fique ligado em tudo que acontece em Ribeir\u00e3o Preto e regi\u00e3o. Siga os perfis do\u00a0<strong>acidade on<\/strong>\u00a0no\u00a0<a href=\"https:\/\/www.instagram.com\/acidadeonribeirao\/\" target=\"_blank\" rel=\"noreferrer noopener\">Instagram<\/a>\u00a0e no\u00a0<a href=\"https:\/\/www.facebook.com\/acidadeonribeirao\/\" target=\"_blank\" rel=\"noreferrer noopener\">Facebook<\/a>.<\/p>\n<p>Receba not\u00edcias do\u00a0<strong>acidade on\u00a0<\/strong>no WhatsApp.\u00a0<a href=\"https:\/\/chat.whatsapp.com\/Dtv9mxhy6V5BJBotM2OQ5k\" target=\"_blank\" rel=\"noreferrer noopener\">Para entrar no grupo, basta clicar aqui.<\/a><\/p>\n<p>Fa\u00e7a uma den\u00fancia ou sugira uma reportagem sobre Ribeir\u00e3o Preto e regi\u00e3o pelo WhatsApp: 16 99117 7802.<\/p>\n<p>VEJA TAMB\u00c9M<\/p>\n<p>Qual a m\u00fasica de abertura de \u2018Mania de Voc\u00ea\u2019?<\/p>\n<p><!-- CONTENT END 1 -->\n<\/div>\n<p><script async src=\"\/\/platform.twitter.com\/widgets.js\" charset=\"utf-8\"><\/script><script async src=\"\/\/www.instagram.com\/embed.js\"><\/script><br \/>\n<br \/><br \/>\n<br \/><a href=\"https:\/\/www.acidadeon.com\/ribeiraopreto\/politica\/lula-e-tarcisio-lamentam-queda-de-aviao-no-interior-de-sp\/\">Source link <\/a><\/p>\n","protected":false},"excerpt":{"rendered":"<p>O presidente Luiz In\u00e1cio Lula da Silva pediu um minuto de sil\u00eancio para as v\u00edtimas da queda do avi\u00e3o com 58 passageiros e quatro tripulantes&#8230;<\/p>\n","protected":false},"author":1,"featured_media":59583,"comment_status":"open","ping_status":"open","sticky":false,"template":"","format":"standard","meta":{"_uag_custom_page_level_css":"","advanced_seo_description":"","jetpack_seo_html_title":"","jetpack_seo_noindex":false,"jetpack_post_was_ever_published":false,"_jetpack_newsletter_access":"","_jetpack_dont_email_post_to_subs":false,"_jetpack_newsletter_tier_id":0,"_jetpack_memberships_contains_paywalled_content":false,"_jetpack_memberships_contains_paid_content":false,"footnotes":"","jetpack_publicize_message":"","jetpack_publicize_feature_enabled":true,"jetpack_social_post_already_shared":true,"jetpack_social_options":{"image_generator_settings":{"template":"highway","default_image_id":0,"font":"","enabled":false},"version":2}},"categories":[11],"tags":[],"class_list":["post-59598","post","type-post","status-publish","format-standard","has-post-thumbnail","hentry","category-noticias-de-ribeirao-preto-sp-e-regiao-ismael-colosi"],"jetpack_publicize_connections":[],"jetpack_featured_media_url":"https:\/\/i0.wp.com\/ismaelcolosi.com.br\/wp-content\/uploads\/2024\/08\/Copia-de-Copia-de-TAMANHO-EXATO-PARA-FOTOS-NO-SISTEMA-NOVO-2024-08-09T162854.895_2024-08-09_19-29-00_png_2024-08-09_19-29-00.webp.webp?fit=1200%2C675&ssl=1","uagb_featured_image_src":{"full":["https:\/\/i0.wp.com\/ismaelcolosi.com.br\/wp-content\/uploads\/2024\/08\/Copia-de-Copia-de-TAMANHO-EXATO-PARA-FOTOS-NO-SISTEMA-NOVO-2024-08-09T162854.895_2024-08-09_19-29-00_png_2024-08-09_19-29-00.webp.webp?fit=1200%2C675&ssl=1",1200,675,false],"thumbnail":["https:\/\/i0.wp.com\/ismaelcolosi.com.br\/wp-content\/uploads\/2024\/08\/Copia-de-Copia-de-TAMANHO-EXATO-PARA-FOTOS-NO-SISTEMA-NOVO-2024-08-09T162854.895_2024-08-09_19-29-00_png_2024-08-09_19-29-00.webp.webp?resize=150%2C150&ssl=1",150,150,true],"medium":["https:\/\/i0.wp.com\/ismaelcolosi.com.br\/wp-content\/uploads\/2024\/08\/Copia-de-Copia-de-TAMANHO-EXATO-PARA-FOTOS-NO-SISTEMA-NOVO-2024-08-09T162854.895_2024-08-09_19-29-00_png_2024-08-09_19-29-00.webp.webp?fit=300%2C169&ssl=1",300,169,true],"medium_large":["https:\/\/i0.wp.com\/ismaelcolosi.com.br\/wp-content\/uploads\/2024\/08\/Copia-de-Copia-de-TAMANHO-EXATO-PARA-FOTOS-NO-SISTEMA-NOVO-2024-08-09T162854.895_2024-08-09_19-29-00_png_2024-08-09_19-29-00.webp.webp?fit=768%2C432&ssl=1",768,432,true],"large":["https:\/\/i0.wp.com\/ismaelcolosi.com.br\/wp-content\/uploads\/2024\/08\/Copia-de-Copia-de-TAMANHO-EXATO-PARA-FOTOS-NO-SISTEMA-NOVO-2024-08-09T162854.895_2024-08-09_19-29-00_png_2024-08-09_19-29-00.webp.webp?fit=1024%2C576&ssl=1",1024,576,true],"1536x1536":["https:\/\/i0.wp.com\/ismaelcolosi.com.br\/wp-content\/uploads\/2024\/08\/Copia-de-Copia-de-TAMANHO-EXATO-PARA-FOTOS-NO-SISTEMA-NOVO-2024-08-09T162854.895_2024-08-09_19-29-00_png_2024-08-09_19-29-00.webp.webp?fit=1200%2C675&ssl=1",1200,675,true],"2048x2048":["https:\/\/i0.wp.com\/ismaelcolosi.com.br\/wp-content\/uploads\/2024\/08\/Copia-de-Copia-de-TAMANHO-EXATO-PARA-FOTOS-NO-SISTEMA-NOVO-2024-08-09T162854.895_2024-08-09_19-29-00_png_2024-08-09_19-29-00.webp.webp?fit=1200%2C675&ssl=1",1200,675,true],"really-simple-thumb":["https:\/\/i0.wp.com\/ismaelcolosi.com.br\/wp-content\/uploads\/2024\/08\/Copia-de-Copia-de-TAMANHO-EXATO-PARA-FOTOS-NO-SISTEMA-NOVO-2024-08-09T162854.895_2024-08-09_19-29-00_png_2024-08-09_19-29-00.webp.webp?resize=370%2C247&ssl=1",370,247,true]},"uagb_author_info":{"display_name":"ismaelcolosi.com.br","author_link":"https:\/\/ismaelcolosi.com.br\/index.php\/author\/vidareal-online\/"},"uagb_comment_info":0,"uagb_excerpt":"O presidente Luiz In\u00e1cio Lula da Silva pediu um minuto de sil\u00eancio para as v\u00edtimas da queda do avi\u00e3o com 58 passageiros e quatro tripulantes...","jetpack-related-posts":[{"id":59582,"url":"https:\/\/ismaelcolosi.com.br\/index.php\/2024\/08\/09\/lula-e-tarcisio-lamentam-queda-de-aviao-no-interior-de-sp\/","url_meta":{"origin":59598,"position":0},"title":"Lula e Tarc\u00edsio lamentam queda de avi\u00e3o no interior de SP","author":"ismaelcolosi.com.br","date":"9 de August de 2024","format":false,"excerpt":"O presidente Luiz In\u00e1cio Lula da Silva pediu um minuto de sil\u00eancio para as v\u00edtimas da queda do avi\u00e3o com 58 passageiros e quatro tripulantes em Vinhedo, operado pela Voepass, com sede em Ribeir\u00e3o Preto, nesta sexta-feira (9). Queria que todos se colocassem de p\u00e9 para que a gente fizesse\u2026","rel":"","context":"In &quot;Not\u00edcias de Ribeir\u00e3o Preto-SP e Regi\u00e3o&quot;","block_context":{"text":"Not\u00edcias de Ribeir\u00e3o Preto-SP e Regi\u00e3o","link":"https:\/\/ismaelcolosi.com.br\/index.php\/category\/noticias-de-ribeirao-preto-sp-e-regiao-ismael-colosi\/"},"img":{"alt_text":"","src":"https:\/\/i0.wp.com\/ismaelcolosi.com.br\/wp-content\/uploads\/2024\/08\/Copia-de-Copia-de-TAMANHO-EXATO-PARA-FOTOS-NO-SISTEMA-NOVO-2024-08-09T162854.895_2024-08-09_19-29-00_png_2024-08-09_19-29-00.webp.webp?fit=1200%2C675&ssl=1&resize=350%2C200","width":350,"height":200,"srcset":"https:\/\/i0.wp.com\/ismaelcolosi.com.br\/wp-content\/uploads\/2024\/08\/Copia-de-Copia-de-TAMANHO-EXATO-PARA-FOTOS-NO-SISTEMA-NOVO-2024-08-09T162854.895_2024-08-09_19-29-00_png_2024-08-09_19-29-00.webp.webp?fit=1200%2C675&ssl=1&resize=350%2C200 1x, https:\/\/i0.wp.com\/ismaelcolosi.com.br\/wp-content\/uploads\/2024\/08\/Copia-de-Copia-de-TAMANHO-EXATO-PARA-FOTOS-NO-SISTEMA-NOVO-2024-08-09T162854.895_2024-08-09_19-29-00_png_2024-08-09_19-29-00.webp.webp?fit=1200%2C675&ssl=1&resize=525%2C300 1.5x, https:\/\/i0.wp.com\/ismaelcolosi.com.br\/wp-content\/uploads\/2024\/08\/Copia-de-Copia-de-TAMANHO-EXATO-PARA-FOTOS-NO-SISTEMA-NOVO-2024-08-09T162854.895_2024-08-09_19-29-00_png_2024-08-09_19-29-00.webp.webp?fit=1200%2C675&ssl=1&resize=700%2C400 2x, https:\/\/i0.wp.com\/ismaelcolosi.com.br\/wp-content\/uploads\/2024\/08\/Copia-de-Copia-de-TAMANHO-EXATO-PARA-FOTOS-NO-SISTEMA-NOVO-2024-08-09T162854.895_2024-08-09_19-29-00_png_2024-08-09_19-29-00.webp.webp?fit=1200%2C675&ssl=1&resize=1050%2C600 3x"},"classes":[]},{"id":60017,"url":"https:\/\/ismaelcolosi.com.br\/index.php\/2024\/08\/13\/presidente-da-voepass-se-pronuncia-pela-1a-vez-apos-queda-de-aviao-em-vinhedo\/","url_meta":{"origin":59598,"position":1},"title":"Presidente da Voepass se pronuncia pela 1\u00aa vez ap\u00f3s queda de avi\u00e3o em Vinhedo","author":"ismaelcolosi.com.br","date":"13 de August de 2024","format":false,"excerpt":"O presidente e co-fundador da Voepass, comandante Jos\u00e9 Luiz Fel\u00edcio Filho, se manifestou pela primeira vez na noite desta ter\u00e7a-feira (13), ap\u00f3s a queda de um avi\u00e3o da empresa que deixou 62 mortos em Vinhedo, no interior de SP. No pronunciamento, Jos\u00e9 Luiz lamentou o ocorrido e informou que a\u2026","rel":"","context":"In &quot;Not\u00edcias de Ribeir\u00e3o Preto-SP e Regi\u00e3o&quot;","block_context":{"text":"Not\u00edcias de Ribeir\u00e3o Preto-SP e Regi\u00e3o","link":"https:\/\/ismaelcolosi.com.br\/index.php\/category\/noticias-de-ribeirao-preto-sp-e-regiao-ismael-colosi\/"},"img":{"alt_text":"","src":"https:\/\/i0.wp.com\/ismaelcolosi.com.br\/wp-content\/uploads\/2024\/08\/Copia-de-Copia-de-Copia-de-TAMANHO-EXATO-PARA-FOTOS-NO-SISTEMA-NOVO-1_2024-08-14_00-10-41_png_2024-08-14_00-10-41.webp.webp?fit=1200%2C675&ssl=1&resize=350%2C200","width":350,"height":200,"srcset":"https:\/\/i0.wp.com\/ismaelcolosi.com.br\/wp-content\/uploads\/2024\/08\/Copia-de-Copia-de-Copia-de-TAMANHO-EXATO-PARA-FOTOS-NO-SISTEMA-NOVO-1_2024-08-14_00-10-41_png_2024-08-14_00-10-41.webp.webp?fit=1200%2C675&ssl=1&resize=350%2C200 1x, https:\/\/i0.wp.com\/ismaelcolosi.com.br\/wp-content\/uploads\/2024\/08\/Copia-de-Copia-de-Copia-de-TAMANHO-EXATO-PARA-FOTOS-NO-SISTEMA-NOVO-1_2024-08-14_00-10-41_png_2024-08-14_00-10-41.webp.webp?fit=1200%2C675&ssl=1&resize=525%2C300 1.5x, https:\/\/i0.wp.com\/ismaelcolosi.com.br\/wp-content\/uploads\/2024\/08\/Copia-de-Copia-de-Copia-de-TAMANHO-EXATO-PARA-FOTOS-NO-SISTEMA-NOVO-1_2024-08-14_00-10-41_png_2024-08-14_00-10-41.webp.webp?fit=1200%2C675&ssl=1&resize=700%2C400 2x, https:\/\/i0.wp.com\/ismaelcolosi.com.br\/wp-content\/uploads\/2024\/08\/Copia-de-Copia-de-Copia-de-TAMANHO-EXATO-PARA-FOTOS-NO-SISTEMA-NOVO-1_2024-08-14_00-10-41_png_2024-08-14_00-10-41.webp.webp?fit=1200%2C675&ssl=1&resize=1050%2C600 3x"},"classes":[]},{"id":59611,"url":"https:\/\/ismaelcolosi.com.br\/index.php\/2024\/08\/09\/governo-de-sp-decreta-luto-de-tres-dias-por-causa-de-acidente-aereo-no-interior\/","url_meta":{"origin":59598,"position":2},"title":"Governo de SP decreta luto de tr\u00eas dias por causa de acidente a\u00e9reo no interior","author":"ismaelcolosi.com.br","date":"9 de August de 2024","format":false,"excerpt":"O governador do Estado de S\u00e3o Paulo, Tarc\u00edsio de Freitas, decretou luto de tr\u00eas dias em homenagem \u00e0s v\u00edtimas do acidente a\u00e9reo em Vinhedo, no interior de S\u00e3o Paulo, nesta sexta-feira (9). O avi\u00e3o era da Voepass, antiga Passaredo, empresa que tem sede em Ribeir\u00e3o Preto. Conforme anunciado anteriormente pelo\u2026","rel":"","context":"In &quot;Not\u00edcias de Ribeir\u00e3o Preto-SP e Regi\u00e3o&quot;","block_context":{"text":"Not\u00edcias de Ribeir\u00e3o Preto-SP e Regi\u00e3o","link":"https:\/\/ismaelcolosi.com.br\/index.php\/category\/noticias-de-ribeirao-preto-sp-e-regiao-ismael-colosi\/"},"img":{"alt_text":"","src":"https:\/\/i0.wp.com\/ismaelcolosi.com.br\/wp-content\/uploads\/2024\/08\/denny_cesare_codigo_19_272915_2024-08-09_21-14-55_jpg_2024-08-09_21-14-55-1068x712-1_2024-08-09_23-42-09.webp.webp?fit=1068%2C712&ssl=1&resize=350%2C200","width":350,"height":200,"srcset":"https:\/\/i0.wp.com\/ismaelcolosi.com.br\/wp-content\/uploads\/2024\/08\/denny_cesare_codigo_19_272915_2024-08-09_21-14-55_jpg_2024-08-09_21-14-55-1068x712-1_2024-08-09_23-42-09.webp.webp?fit=1068%2C712&ssl=1&resize=350%2C200 1x, https:\/\/i0.wp.com\/ismaelcolosi.com.br\/wp-content\/uploads\/2024\/08\/denny_cesare_codigo_19_272915_2024-08-09_21-14-55_jpg_2024-08-09_21-14-55-1068x712-1_2024-08-09_23-42-09.webp.webp?fit=1068%2C712&ssl=1&resize=525%2C300 1.5x, https:\/\/i0.wp.com\/ismaelcolosi.com.br\/wp-content\/uploads\/2024\/08\/denny_cesare_codigo_19_272915_2024-08-09_21-14-55_jpg_2024-08-09_21-14-55-1068x712-1_2024-08-09_23-42-09.webp.webp?fit=1068%2C712&ssl=1&resize=700%2C400 2x, https:\/\/i0.wp.com\/ismaelcolosi.com.br\/wp-content\/uploads\/2024\/08\/denny_cesare_codigo_19_272915_2024-08-09_21-14-55_jpg_2024-08-09_21-14-55-1068x712-1_2024-08-09_23-42-09.webp.webp?fit=1068%2C712&ssl=1&resize=1050%2C600 3x"},"classes":[]},{"id":59613,"url":"https:\/\/ismaelcolosi.com.br\/index.php\/2024\/08\/09\/governo-de-sp-decreta-luto-de-tres-dias-por-causa-de-acidente-aereo-no-interior-2\/","url_meta":{"origin":59598,"position":3},"title":"Governo de SP decreta luto de tr\u00eas dias por causa de acidente a\u00e9reo no interior","author":"ismaelcolosi.com.br","date":"9 de August de 2024","format":false,"excerpt":"O governador do Estado de S\u00e3o Paulo, Tarc\u00edsio de Freitas, decretou luto de tr\u00eas dias em homenagem \u00e0s v\u00edtimas do acidente a\u00e9reo em Vinhedo, no interior de S\u00e3o Paulo, nesta sexta-feira (9). O avi\u00e3o era da Voepass, antiga Passaredo, empresa que tem sede em Ribeir\u00e3o Preto. Conforme anunciado anteriormente pelo\u2026","rel":"","context":"In &quot;Not\u00edcias de Ribeir\u00e3o Preto-SP e Regi\u00e3o&quot;","block_context":{"text":"Not\u00edcias de Ribeir\u00e3o Preto-SP e Regi\u00e3o","link":"https:\/\/ismaelcolosi.com.br\/index.php\/category\/noticias-de-ribeirao-preto-sp-e-regiao-ismael-colosi\/"},"img":{"alt_text":"","src":"https:\/\/i0.wp.com\/ismaelcolosi.com.br\/wp-content\/uploads\/2024\/08\/denny_cesare_codigo_19_272915_2024-08-09_21-14-55_jpg_2024-08-09_21-14-55-1068x712-1_2024-08-09_23-42-09.webp.webp?fit=1068%2C712&ssl=1&resize=350%2C200","width":350,"height":200,"srcset":"https:\/\/i0.wp.com\/ismaelcolosi.com.br\/wp-content\/uploads\/2024\/08\/denny_cesare_codigo_19_272915_2024-08-09_21-14-55_jpg_2024-08-09_21-14-55-1068x712-1_2024-08-09_23-42-09.webp.webp?fit=1068%2C712&ssl=1&resize=350%2C200 1x, https:\/\/i0.wp.com\/ismaelcolosi.com.br\/wp-content\/uploads\/2024\/08\/denny_cesare_codigo_19_272915_2024-08-09_21-14-55_jpg_2024-08-09_21-14-55-1068x712-1_2024-08-09_23-42-09.webp.webp?fit=1068%2C712&ssl=1&resize=525%2C300 1.5x, https:\/\/i0.wp.com\/ismaelcolosi.com.br\/wp-content\/uploads\/2024\/08\/denny_cesare_codigo_19_272915_2024-08-09_21-14-55_jpg_2024-08-09_21-14-55-1068x712-1_2024-08-09_23-42-09.webp.webp?fit=1068%2C712&ssl=1&resize=700%2C400 2x, https:\/\/i0.wp.com\/ismaelcolosi.com.br\/wp-content\/uploads\/2024\/08\/denny_cesare_codigo_19_272915_2024-08-09_21-14-55_jpg_2024-08-09_21-14-55-1068x712-1_2024-08-09_23-42-09.webp.webp?fit=1068%2C712&ssl=1&resize=1050%2C600 3x"},"classes":[]},{"id":59661,"url":"https:\/\/ismaelcolosi.com.br\/index.php\/2024\/08\/10\/venezuelanos-e-portuguesa-estao-entre-as-vitimas-de-queda-de-aviao\/","url_meta":{"origin":59598,"position":4},"title":"Venezuelanos e portuguesa est\u00e3o entre as v\u00edtimas de queda de avi\u00e3o","author":"ismaelcolosi.com.br","date":"10 de August de 2024","format":false,"excerpt":"A Voepass informou neste s\u00e1bado (10) que entre os 58 passageiros que morreram na queda do avi\u00e3o na \u00faltima sexta-feira (9), em Vinhedo, no interior de S\u00e3o Paulo, quatro eram estrangeiros, sendo tr\u00eas venezuelanos e uma portuguesa. Segundo a empresa, que tem sede em Ribeir\u00e3o Preto, todos os passageiros a\u2026","rel":"","context":"In &quot;Not\u00edcias de Ribeir\u00e3o Preto-SP e Regi\u00e3o&quot;","block_context":{"text":"Not\u00edcias de Ribeir\u00e3o Preto-SP e Regi\u00e3o","link":"https:\/\/ismaelcolosi.com.br\/index.php\/category\/noticias-de-ribeirao-preto-sp-e-regiao-ismael-colosi\/"},"img":{"alt_text":"","src":"https:\/\/i0.wp.com\/ismaelcolosi.com.br\/wp-content\/uploads\/2024\/08\/EmpresaareaanuncianovosvoosparaoaeroportodeRibeiroPreto_Tamanho_2_image.jpg?fit=1200%2C900&ssl=1&resize=350%2C200","width":350,"height":200,"srcset":"https:\/\/i0.wp.com\/ismaelcolosi.com.br\/wp-content\/uploads\/2024\/08\/EmpresaareaanuncianovosvoosparaoaeroportodeRibeiroPreto_Tamanho_2_image.jpg?fit=1200%2C900&ssl=1&resize=350%2C200 1x, https:\/\/i0.wp.com\/ismaelcolosi.com.br\/wp-content\/uploads\/2024\/08\/EmpresaareaanuncianovosvoosparaoaeroportodeRibeiroPreto_Tamanho_2_image.jpg?fit=1200%2C900&ssl=1&resize=525%2C300 1.5x, https:\/\/i0.wp.com\/ismaelcolosi.com.br\/wp-content\/uploads\/2024\/08\/EmpresaareaanuncianovosvoosparaoaeroportodeRibeiroPreto_Tamanho_2_image.jpg?fit=1200%2C900&ssl=1&resize=700%2C400 2x, https:\/\/i0.wp.com\/ismaelcolosi.com.br\/wp-content\/uploads\/2024\/08\/EmpresaareaanuncianovosvoosparaoaeroportodeRibeiroPreto_Tamanho_2_image.jpg?fit=1200%2C900&ssl=1&resize=1050%2C600 3x"},"classes":[]},{"id":59594,"url":"https:\/\/ismaelcolosi.com.br\/index.php\/2024\/08\/09\/especialista-diz-que-aviao-da-voepass-entrou-em-parafuso-chato-entenda\/","url_meta":{"origin":59598,"position":5},"title":"Especialista diz que avi\u00e3o da Voepass entrou em \u2018parafuso chato\u2019; Entenda","author":"ismaelcolosi.com.br","date":"9 de August de 2024","format":false,"excerpt":"O youtuber e especialista em avia\u00e7\u00e3o Lito Sousa, do canal Avi\u00f5es e M\u00fasicas, disse que o avi\u00e3o da Voepass que caiu em Vinhedo, no interior de S\u00e3o Paulo, entrou em uma situa\u00e7\u00e3o de voo chamada \u201cflat spin\u201d ou \u201cparafuso chato\u201d. Ao todo, 61 pessoas estavam no avi\u00e3o, sendo 57 passageiros\u2026","rel":"","context":"In &quot;Not\u00edcias de Ribeir\u00e3o Preto-SP e Regi\u00e3o&quot;","block_context":{"text":"Not\u00edcias de Ribeir\u00e3o Preto-SP e Regi\u00e3o","link":"https:\/\/ismaelcolosi.com.br\/index.php\/category\/noticias-de-ribeirao-preto-sp-e-regiao-ismael-colosi\/"},"img":{"alt_text":"","src":"https:\/\/i0.wp.com\/ismaelcolosi.com.br\/wp-content\/uploads\/2024\/08\/parafuso-chato_2024-08-09_20-04-25_jpg_2024-08-09_20-04-25.webp.webp?fit=1200%2C757&ssl=1&resize=350%2C200","width":350,"height":200,"srcset":"https:\/\/i0.wp.com\/ismaelcolosi.com.br\/wp-content\/uploads\/2024\/08\/parafuso-chato_2024-08-09_20-04-25_jpg_2024-08-09_20-04-25.webp.webp?fit=1200%2C757&ssl=1&resize=350%2C200 1x, https:\/\/i0.wp.com\/ismaelcolosi.com.br\/wp-content\/uploads\/2024\/08\/parafuso-chato_2024-08-09_20-04-25_jpg_2024-08-09_20-04-25.webp.webp?fit=1200%2C757&ssl=1&resize=525%2C300 1.5x, https:\/\/i0.wp.com\/ismaelcolosi.com.br\/wp-content\/uploads\/2024\/08\/parafuso-chato_2024-08-09_20-04-25_jpg_2024-08-09_20-04-25.webp.webp?fit=1200%2C757&ssl=1&resize=700%2C400 2x, https:\/\/i0.wp.com\/ismaelcolosi.com.br\/wp-content\/uploads\/2024\/08\/parafuso-chato_2024-08-09_20-04-25_jpg_2024-08-09_20-04-25.webp.webp?fit=1200%2C757&ssl=1&resize=1050%2C600 3x"},"classes":[]}],"jetpack_sharing_enabled":true,"jetpack_shortlink":"https:\/\/wp.me\/pfMlyK-fvg","_links":{"self":[{"href":"https:\/\/ismaelcolosi.com.br\/index.php\/wp-json\/wp\/v2\/posts\/59598","targetHints":{"allow":["GET"]}}],"collection":[{"href":"https:\/\/ismaelcolosi.com.br\/index.php\/wp-json\/wp\/v2\/posts"}],"about":[{"href":"https:\/\/ismaelcolosi.com.br\/index.php\/wp-json\/wp\/v2\/types\/post"}],"author":[{"embeddable":true,"href":"https:\/\/ismaelcolosi.com.br\/index.php\/wp-json\/wp\/v2\/users\/1"}],"replies":[{"embeddable":true,"href":"https:\/\/ismaelcolosi.com.br\/index.php\/wp-json\/wp\/v2\/comments?post=59598"}],"version-history":[{"count":0,"href":"https:\/\/ismaelcolosi.com.br\/index.php\/wp-json\/wp\/v2\/posts\/59598\/revisions"}],"wp:featuredmedia":[{"embeddable":true,"href":"https:\/\/ismaelcolosi.com.br\/index.php\/wp-json\/wp\/v2\/media\/59583"}],"wp:attachment":[{"href":"https:\/\/ismaelcolosi.com.br\/index.php\/wp-json\/wp\/v2\/media?parent=59598"}],"wp:term":[{"taxonomy":"category","embeddable":true,"href":"https:\/\/ismaelcolosi.com.br\/index.php\/wp-json\/wp\/v2\/categories?post=59598"},{"taxonomy":"post_tag","embeddable":true,"href":"https:\/\/ismaelcolosi.com.br\/index.php\/wp-json\/wp\/v2\/tags?post=59598"}],"curies":[{"name":"wp","href":"https:\/\/api.w.org\/{rel}","templated":true}]}}