{"id":59594,"date":"2024-08-09T18:00:15","date_gmt":"2024-08-09T21:00:15","guid":{"rendered":"https:\/\/ismaelcolosi.com.br\/index.php\/2024\/08\/09\/especialista-diz-que-aviao-da-voepass-entrou-em-parafuso-chato-entenda\/"},"modified":"2024-08-09T18:00:15","modified_gmt":"2024-08-09T21:00:15","slug":"especialista-diz-que-aviao-da-voepass-entrou-em-parafuso-chato-entenda","status":"publish","type":"post","link":"https:\/\/ismaelcolosi.com.br\/index.php\/2024\/08\/09\/especialista-diz-que-aviao-da-voepass-entrou-em-parafuso-chato-entenda\/","title":{"rendered":"Especialista diz que avi\u00e3o da Voepass entrou em \u2018parafuso chato\u2019; Entenda"},"content":{"rendered":"<p> <br \/>\n<\/p>\n<div>\n<p>O <em>youtuber <\/em>e especialista em avia\u00e7\u00e3o<strong> Lito Sousa<\/strong>, do canal Avi\u00f5es e M\u00fasicas, disse que o avi\u00e3o da <strong>Voepass <\/strong>que caiu em <strong>Vinhedo<\/strong>, no <strong>interior de S\u00e3o Paulo<\/strong>, entrou em uma situa\u00e7\u00e3o de voo chamada \u201cflat spin\u201d ou \u201cparafuso chato\u201d. <mark style=\"background-color:#fcb900\" class=\"has-inline-color has-black-color\">Ao todo, 61 pessoas estavam no avi\u00e3o, sendo 57 passageiros e quatro tripulantes. Ningu\u00e9m sobreviveu.<\/mark><\/p>\n<p>Em<em> live <\/em>publicada no YouTube, Lito explicou que o <mark style=\"background-color:#fcb900\" class=\"has-inline-color has-black-color\">\u201cparafuso chato\u201d \u00e9 uma condi\u00e7\u00e3o de voo perigosa.<\/mark> \u201c\u00c9 dif\u00edcil de recuperar se voc\u00ea n\u00e3o estiver em alta altitude\u201d, explica. Ele acredita que no momento do acidente o voo estivesse em uma altura de 4 mil p\u00e9s, que \u00e9 considerada baixa, j\u00e1 que o avi\u00e3o se preparava para pousar.<\/p>\n<p>\u201cDiversas coisas podem levar a um avi\u00e3o entrar em \u2018parafuso chato\u2019. N\u00e3o vou especular quais s\u00e3o essas coisas. Meteorologia pode ser um fator, operacional pode ser um fator, perda de motor pode ser um fator, nada disso se sabe\u201d, disse.<\/p>\n<h4 class=\"wp-block-heading\"><strong>O acidente<\/strong><\/h4>\n<p>O avi\u00e3o que caiu em Vinhedo, no interior de S\u00e3o Paulo, saiu de Cascavel-PR, \u00e0s 11h40 desta sexta-feira (9), e tinha como destino o aeroporto Internacional de Guarulhos. O avi\u00e3o era da Voepass, empresa que tem sede em Ribeir\u00e3o Preto.<\/p>\n<p>Segundo a empresa, estavam no avi\u00e3o 58 passageiros, al\u00e9m de quatro tripulantes. O avi\u00e3o \u00e9 bimotor, modelo ATR-72.\u00a0 A queda aconteceu na regi\u00e3o do bairro Capela, em Vinhedo.<\/p>\n<p>Em nota, a Voepass afirmou que acionou todos os meios para apoiar os envolvidos. \u201cN\u00e3o h\u00e1 ainda confirma\u00e7\u00e3o de como ocorreu o acidente e nem da situa\u00e7\u00e3o atual das pessoas que estavam a bordo\u201d, informa.<\/p>\n<p>\u201cA Companhia est\u00e1 prestando, pelo telefone 0800 9419712, dispon\u00edvel 24h, informa\u00e7\u00f5es a todos os seus passageiros, familiares e colaboradores\u201d, completa.<\/p>\n<p>SAIBA MAIS<br \/>Lula e Tarc\u00edsio lamentam queda de avi\u00e3o no interior de SP<\/p>\n<h4 class=\"wp-block-heading\"><strong>FIQUE ON<\/strong><\/h4>\n<p>Fique ligado em tudo que acontece em Ribeir\u00e3o Preto e regi\u00e3o. Siga os perfis do<strong> acidade on <\/strong>no<a href=\"https:\/\/www.instagram.com\/acidadeonribeirao\/\" target=\"_blank\" rel=\"noreferrer noopener nofollow\"> Instagram<\/a> e no <a href=\"https:\/\/www.facebook.com\/acidadeonribeirao\/\" target=\"_blank\" rel=\"noreferrer noopener nofollow\">Facebook<\/a>.<\/p>\n<p>Receba not\u00edcias do<strong> acidade on<\/strong> no WhatsApp.<a href=\"https:\/\/chat.whatsapp.com\/Dtv9mxhy6V5BJBotM2OQ5k\" target=\"_blank\" rel=\"noreferrer noopener nofollow\"> Para entrar no grupo, basta clicar aqui.<\/a><\/p>\n<p>Fa\u00e7a uma den\u00fancia ou sugira uma reportagem sobre Ribeir\u00e3o Preto e regi\u00e3o pelo WhatsApp: 16 99117 7802.<\/p>\n<p>VEJA TAMB\u00c9M<br \/>Quantos lugares t\u00eam no ATR-72?<\/p>\n<p><!-- CONTENT END 1 -->\n<\/div>\n<p><script async src=\"\/\/www.instagram.com\/embed.js\"><\/script><br \/>\n<br \/><br \/>\n<br \/><a href=\"https:\/\/www.acidadeon.com\/ribeiraopreto\/cotidiano\/especialista-diz-que-aviao-da-voepass-entrou-em-parafuso-chato-entenda\/\">Source link <\/a><\/p>\n","protected":false},"excerpt":{"rendered":"<p>O youtuber e especialista em avia\u00e7\u00e3o Lito Sousa, do canal Avi\u00f5es e M\u00fasicas, disse que o avi\u00e3o da Voepass que caiu em Vinhedo, no interior&#8230;<\/p>\n","protected":false},"author":1,"featured_media":59595,"comment_status":"open","ping_status":"open","sticky":false,"template":"","format":"standard","meta":{"_uag_custom_page_level_css":"","advanced_seo_description":"","jetpack_seo_html_title":"","jetpack_seo_noindex":false,"jetpack_post_was_ever_published":false,"_jetpack_newsletter_access":"","_jetpack_dont_email_post_to_subs":false,"_jetpack_newsletter_tier_id":0,"_jetpack_memberships_contains_paywalled_content":false,"_jetpack_memberships_contains_paid_content":false,"footnotes":"","jetpack_publicize_message":"","jetpack_publicize_feature_enabled":true,"jetpack_social_post_already_shared":true,"jetpack_social_options":{"image_generator_settings":{"template":"highway","default_image_id":0,"font":"","enabled":false},"version":2}},"categories":[11],"tags":[],"class_list":["post-59594","post","type-post","status-publish","format-standard","has-post-thumbnail","hentry","category-noticias-de-ribeirao-preto-sp-e-regiao-ismael-colosi"],"jetpack_publicize_connections":[],"jetpack_featured_media_url":"https:\/\/i0.wp.com\/ismaelcolosi.com.br\/wp-content\/uploads\/2024\/08\/parafuso-chato_2024-08-09_20-04-25_jpg_2024-08-09_20-04-25.webp.webp?fit=1200%2C757&ssl=1","uagb_featured_image_src":{"full":["https:\/\/i0.wp.com\/ismaelcolosi.com.br\/wp-content\/uploads\/2024\/08\/parafuso-chato_2024-08-09_20-04-25_jpg_2024-08-09_20-04-25.webp.webp?fit=1200%2C757&ssl=1",1200,757,false],"thumbnail":["https:\/\/i0.wp.com\/ismaelcolosi.com.br\/wp-content\/uploads\/2024\/08\/parafuso-chato_2024-08-09_20-04-25_jpg_2024-08-09_20-04-25.webp.webp?resize=150%2C150&ssl=1",150,150,true],"medium":["https:\/\/i0.wp.com\/ismaelcolosi.com.br\/wp-content\/uploads\/2024\/08\/parafuso-chato_2024-08-09_20-04-25_jpg_2024-08-09_20-04-25.webp.webp?fit=300%2C189&ssl=1",300,189,true],"medium_large":["https:\/\/i0.wp.com\/ismaelcolosi.com.br\/wp-content\/uploads\/2024\/08\/parafuso-chato_2024-08-09_20-04-25_jpg_2024-08-09_20-04-25.webp.webp?fit=768%2C484&ssl=1",768,484,true],"large":["https:\/\/i0.wp.com\/ismaelcolosi.com.br\/wp-content\/uploads\/2024\/08\/parafuso-chato_2024-08-09_20-04-25_jpg_2024-08-09_20-04-25.webp.webp?fit=1024%2C646&ssl=1",1024,646,true],"1536x1536":["https:\/\/i0.wp.com\/ismaelcolosi.com.br\/wp-content\/uploads\/2024\/08\/parafuso-chato_2024-08-09_20-04-25_jpg_2024-08-09_20-04-25.webp.webp?fit=1200%2C757&ssl=1",1200,757,true],"2048x2048":["https:\/\/i0.wp.com\/ismaelcolosi.com.br\/wp-content\/uploads\/2024\/08\/parafuso-chato_2024-08-09_20-04-25_jpg_2024-08-09_20-04-25.webp.webp?fit=1200%2C757&ssl=1",1200,757,true],"really-simple-thumb":["https:\/\/i0.wp.com\/ismaelcolosi.com.br\/wp-content\/uploads\/2024\/08\/parafuso-chato_2024-08-09_20-04-25_jpg_2024-08-09_20-04-25.webp.webp?resize=370%2C247&ssl=1",370,247,true]},"uagb_author_info":{"display_name":"ismaelcolosi.com.br","author_link":"https:\/\/ismaelcolosi.com.br\/index.php\/author\/vidareal-online\/"},"uagb_comment_info":0,"uagb_excerpt":"O youtuber e especialista em avia\u00e7\u00e3o Lito Sousa, do canal Avi\u00f5es e M\u00fasicas, disse que o avi\u00e3o da Voepass que caiu em Vinhedo, no interior...","jetpack-related-posts":[{"id":59607,"url":"https:\/\/ismaelcolosi.com.br\/index.php\/2024\/08\/09\/quem-era-a-vitima-de-ribeirao-preto-que-morreu-em-acidente-de-aviao-no-interior-de-sp\/","url_meta":{"origin":59594,"position":0},"title":"Quem era a v\u00edtima de Ribeir\u00e3o Preto que morreu em acidente de avi\u00e3o no interior de SP","author":"ismaelcolosi.com.br","date":"9 de August de 2024","format":false,"excerpt":"A comiss\u00e1ria de bordo Rubia Silva de Lima, de Ribeir\u00e3o Preto, \u00e9 uma das v\u00edtimas da queda de um avi\u00e3o da Voepass, antiga Passaredo, que aconteceu em Vinhedo, interior de SP, nesta sexta-feira (9). Nas redes sociais, a mulher de 41 anos publicava diversas fotos de viagens que realizou. Em\u2026","rel":"","context":"In &quot;Not\u00edcias de Ribeir\u00e3o Preto-SP e Regi\u00e3o&quot;","block_context":{"text":"Not\u00edcias de Ribeir\u00e3o Preto-SP e Regi\u00e3o","link":"https:\/\/ismaelcolosi.com.br\/index.php\/category\/noticias-de-ribeirao-preto-sp-e-regiao-ismael-colosi\/"},"img":{"alt_text":"","src":"https:\/\/i0.wp.com\/ismaelcolosi.com.br\/wp-content\/uploads\/2024\/08\/Copia-de-Copia-de-TAMANHO-EXATO-PARA-FOTOS-NO-SISTEMA-NOVO-2024-08-09T195802.137_2024-08-09_23-10-34_png_2024-08-09_23-10-34.webp.webp?fit=1200%2C675&ssl=1&resize=350%2C200","width":350,"height":200,"srcset":"https:\/\/i0.wp.com\/ismaelcolosi.com.br\/wp-content\/uploads\/2024\/08\/Copia-de-Copia-de-TAMANHO-EXATO-PARA-FOTOS-NO-SISTEMA-NOVO-2024-08-09T195802.137_2024-08-09_23-10-34_png_2024-08-09_23-10-34.webp.webp?fit=1200%2C675&ssl=1&resize=350%2C200 1x, https:\/\/i0.wp.com\/ismaelcolosi.com.br\/wp-content\/uploads\/2024\/08\/Copia-de-Copia-de-TAMANHO-EXATO-PARA-FOTOS-NO-SISTEMA-NOVO-2024-08-09T195802.137_2024-08-09_23-10-34_png_2024-08-09_23-10-34.webp.webp?fit=1200%2C675&ssl=1&resize=525%2C300 1.5x, https:\/\/i0.wp.com\/ismaelcolosi.com.br\/wp-content\/uploads\/2024\/08\/Copia-de-Copia-de-TAMANHO-EXATO-PARA-FOTOS-NO-SISTEMA-NOVO-2024-08-09T195802.137_2024-08-09_23-10-34_png_2024-08-09_23-10-34.webp.webp?fit=1200%2C675&ssl=1&resize=700%2C400 2x, https:\/\/i0.wp.com\/ismaelcolosi.com.br\/wp-content\/uploads\/2024\/08\/Copia-de-Copia-de-TAMANHO-EXATO-PARA-FOTOS-NO-SISTEMA-NOVO-2024-08-09T195802.137_2024-08-09_23-10-34_png_2024-08-09_23-10-34.webp.webp?fit=1200%2C675&ssl=1&resize=1050%2C600 3x"},"classes":[]},{"id":59601,"url":"https:\/\/ismaelcolosi.com.br\/index.php\/2024\/08\/09\/veja-quem-sao-as-vitimas-de-aviao-que-caiu-no-interior-de-sp\/","url_meta":{"origin":59594,"position":1},"title":"Veja quem s\u00e3o as v\u00edtimas de avi\u00e3o que caiu no interior de SP","author":"ismaelcolosi.com.br","date":"9 de August de 2024","format":false,"excerpt":"A Voepass, antiga Passaredo, que tem sede em Ribeir\u00e3o Preto, divulgou a lista dos passageiros que estavam em um avi\u00e3o que caiu nesta sexta-feira (9), em Vinhedo, cidade no interior de S\u00e3o Paulo. O voo 2283 havia decolado de Cascavel, no Paran\u00e1, com destino ao aeroporto Internacional de Guarulhos. Ao\u2026","rel":"","context":"In &quot;Not\u00edcias de Ribeir\u00e3o Preto-SP e Regi\u00e3o&quot;","block_context":{"text":"Not\u00edcias de Ribeir\u00e3o Preto-SP e Regi\u00e3o","link":"https:\/\/ismaelcolosi.com.br\/index.php\/category\/noticias-de-ribeirao-preto-sp-e-regiao-ismael-colosi\/"},"img":{"alt_text":"","src":"https:\/\/i0.wp.com\/ismaelcolosi.com.br\/wp-content\/uploads\/2024\/08\/aviao-que-caiu-em-vinhedo_2024-08-09_18-44-00_jpeg_2024-08-09_18-44-00-1068x530-1_2024-08-09_21-17-33.webp.webp?fit=1068%2C530&ssl=1&resize=350%2C200","width":350,"height":200,"srcset":"https:\/\/i0.wp.com\/ismaelcolosi.com.br\/wp-content\/uploads\/2024\/08\/aviao-que-caiu-em-vinhedo_2024-08-09_18-44-00_jpeg_2024-08-09_18-44-00-1068x530-1_2024-08-09_21-17-33.webp.webp?fit=1068%2C530&ssl=1&resize=350%2C200 1x, https:\/\/i0.wp.com\/ismaelcolosi.com.br\/wp-content\/uploads\/2024\/08\/aviao-que-caiu-em-vinhedo_2024-08-09_18-44-00_jpeg_2024-08-09_18-44-00-1068x530-1_2024-08-09_21-17-33.webp.webp?fit=1068%2C530&ssl=1&resize=525%2C300 1.5x, https:\/\/i0.wp.com\/ismaelcolosi.com.br\/wp-content\/uploads\/2024\/08\/aviao-que-caiu-em-vinhedo_2024-08-09_18-44-00_jpeg_2024-08-09_18-44-00-1068x530-1_2024-08-09_21-17-33.webp.webp?fit=1068%2C530&ssl=1&resize=700%2C400 2x, https:\/\/i0.wp.com\/ismaelcolosi.com.br\/wp-content\/uploads\/2024\/08\/aviao-que-caiu-em-vinhedo_2024-08-09_18-44-00_jpeg_2024-08-09_18-44-00-1068x530-1_2024-08-09_21-17-33.webp.webp?fit=1068%2C530&ssl=1&resize=1050%2C600 3x"},"classes":[]},{"id":64349,"url":"https:\/\/ismaelcolosi.com.br\/index.php\/2024\/09\/06\/veja-o-que-o-cenipa-disse-no-relatorio-preliminar-sobre-o-acidente-da-voepass\/","url_meta":{"origin":59594,"position":2},"title":"Veja o que o Cenipa disse no relat\u00f3rio preliminar sobre o acidente da Voepass","author":"ismaelcolosi.com.br","date":"6 de September de 2024","format":false,"excerpt":"O Cenipa (Centro de Investiga\u00e7\u00e3o e Preven\u00e7\u00e3o de Acidentes Aeron\u00e1uticos) divulgou nesta sexta-feira (6) o relat\u00f3rio preliminar sobre a queda do avi\u00e3o da Voepass. Segundo o \u00f3rg\u00e3o, a equipe de investiga\u00e7\u00e3o verificou que a manuten\u00e7\u00e3o estava atualizada e que a aeronave estava dentro dos padr\u00f5es exigidos para operar. O acidente\u2026","rel":"","context":"In &quot;Not\u00edcias de Ribeir\u00e3o Preto-SP e Regi\u00e3o&quot;","block_context":{"text":"Not\u00edcias de Ribeir\u00e3o Preto-SP e Regi\u00e3o","link":"https:\/\/ismaelcolosi.com.br\/index.php\/category\/noticias-de-ribeirao-preto-sp-e-regiao-ismael-colosi\/"},"img":{"alt_text":"","src":"https:\/\/i0.wp.com\/ismaelcolosi.com.br\/wp-content\/uploads\/2024\/09\/coletiva-cenipa-voepass_2024-09-06_21-02-12_jpeg_2024-09-06_21-02-12.webp.webp?fit=1200%2C675&ssl=1&resize=350%2C200","width":350,"height":200,"srcset":"https:\/\/i0.wp.com\/ismaelcolosi.com.br\/wp-content\/uploads\/2024\/09\/coletiva-cenipa-voepass_2024-09-06_21-02-12_jpeg_2024-09-06_21-02-12.webp.webp?fit=1200%2C675&ssl=1&resize=350%2C200 1x, https:\/\/i0.wp.com\/ismaelcolosi.com.br\/wp-content\/uploads\/2024\/09\/coletiva-cenipa-voepass_2024-09-06_21-02-12_jpeg_2024-09-06_21-02-12.webp.webp?fit=1200%2C675&ssl=1&resize=525%2C300 1.5x, https:\/\/i0.wp.com\/ismaelcolosi.com.br\/wp-content\/uploads\/2024\/09\/coletiva-cenipa-voepass_2024-09-06_21-02-12_jpeg_2024-09-06_21-02-12.webp.webp?fit=1200%2C675&ssl=1&resize=700%2C400 2x, https:\/\/i0.wp.com\/ismaelcolosi.com.br\/wp-content\/uploads\/2024\/09\/coletiva-cenipa-voepass_2024-09-06_21-02-12_jpeg_2024-09-06_21-02-12.webp.webp?fit=1200%2C675&ssl=1&resize=1050%2C600 3x"},"classes":[]},{"id":60557,"url":"https:\/\/ismaelcolosi.com.br\/index.php\/2024\/08\/16\/queda-de-aviao-no-interior-de-sp-completa-uma-semana-veja-o-que-se-sabe-ate-agora\/","url_meta":{"origin":59594,"position":3},"title":"Queda de avi\u00e3o no interior de SP completa uma semana; Veja o que se sabe at\u00e9 agora","author":"ismaelcolosi.com.br","date":"16 de August de 2024","format":false,"excerpt":"O acidente a\u00e9reo com o avi\u00e3o da Voepass em Vinhedo, no interior de S\u00e3o Paulo, completa nesta sexta-feira (16) uma semana. A queda da aeronave deixou 62 pessoas mortas e o caso segue sob investiga\u00e7\u00e3o do Centro de Investiga\u00e7\u00e3o e Preven\u00e7\u00e3o de Acidentes Aeron\u00e1uticos, da For\u00e7a A\u00e9rea Brasileira (FAB), e\u2026","rel":"","context":"In &quot;Not\u00edcias de Ribeir\u00e3o Preto-SP e Regi\u00e3o&quot;","block_context":{"text":"Not\u00edcias de Ribeir\u00e3o Preto-SP e Regi\u00e3o","link":"https:\/\/ismaelcolosi.com.br\/index.php\/category\/noticias-de-ribeirao-preto-sp-e-regiao-ismael-colosi\/"},"img":{"alt_text":"","src":"https:\/\/i0.wp.com\/ismaelcolosi.com.br\/wp-content\/uploads\/2024\/08\/voepass_gru01_2024-08-16_17-12-18_jpg_2024-08-16_17-12-18.webp.webp?fit=1200%2C731&ssl=1&resize=350%2C200","width":350,"height":200,"srcset":"https:\/\/i0.wp.com\/ismaelcolosi.com.br\/wp-content\/uploads\/2024\/08\/voepass_gru01_2024-08-16_17-12-18_jpg_2024-08-16_17-12-18.webp.webp?fit=1200%2C731&ssl=1&resize=350%2C200 1x, https:\/\/i0.wp.com\/ismaelcolosi.com.br\/wp-content\/uploads\/2024\/08\/voepass_gru01_2024-08-16_17-12-18_jpg_2024-08-16_17-12-18.webp.webp?fit=1200%2C731&ssl=1&resize=525%2C300 1.5x, https:\/\/i0.wp.com\/ismaelcolosi.com.br\/wp-content\/uploads\/2024\/08\/voepass_gru01_2024-08-16_17-12-18_jpg_2024-08-16_17-12-18.webp.webp?fit=1200%2C731&ssl=1&resize=700%2C400 2x, https:\/\/i0.wp.com\/ismaelcolosi.com.br\/wp-content\/uploads\/2024\/08\/voepass_gru01_2024-08-16_17-12-18_jpg_2024-08-16_17-12-18.webp.webp?fit=1200%2C731&ssl=1&resize=1050%2C600 3x"},"classes":[]},{"id":59759,"url":"https:\/\/ismaelcolosi.com.br\/index.php\/2024\/08\/12\/o-que-se-sabe-sobre-a-situacao-do-aviao-que-caiu-no-interior-de-sp\/","url_meta":{"origin":59594,"position":4},"title":"O que se sabe sobre a situa\u00e7\u00e3o do avi\u00e3o que caiu no interior de SP","author":"ismaelcolosi.com.br","date":"12 de August de 2024","format":false,"excerpt":"O avi\u00e3o ATR-72-500, da Voepass, que caiu em Vinhedo, no interior de S\u00e3o Paulo, na \u00faltima sexta-feira (9), havia passado por manuten\u00e7\u00e3o ap\u00f3s \u201cdano estrutural\u201d, cinco meses antes do acidente. Ao todo, 62 pessoas morreram na trag\u00e9dia, entre passageiros e tripulantes da aeronave. Segundo reportagem do Fant\u00e1stico, da TV Globo\/EPTV,\u2026","rel":"","context":"In &quot;Not\u00edcias de Ribeir\u00e3o Preto-SP e Regi\u00e3o&quot;","block_context":{"text":"Not\u00edcias de Ribeir\u00e3o Preto-SP e Regi\u00e3o","link":"https:\/\/ismaelcolosi.com.br\/index.php\/category\/noticias-de-ribeirao-preto-sp-e-regiao-ismael-colosi\/"},"img":{"alt_text":"","src":"https:\/\/i0.wp.com\/ismaelcolosi.com.br\/wp-content\/uploads\/2024\/08\/aviao-atr-72-500_2024-08-12_15-17-56_jpg_2024-08-12_15-17-57.webp.webp?fit=1200%2C668&ssl=1&resize=350%2C200","width":350,"height":200,"srcset":"https:\/\/i0.wp.com\/ismaelcolosi.com.br\/wp-content\/uploads\/2024\/08\/aviao-atr-72-500_2024-08-12_15-17-56_jpg_2024-08-12_15-17-57.webp.webp?fit=1200%2C668&ssl=1&resize=350%2C200 1x, https:\/\/i0.wp.com\/ismaelcolosi.com.br\/wp-content\/uploads\/2024\/08\/aviao-atr-72-500_2024-08-12_15-17-56_jpg_2024-08-12_15-17-57.webp.webp?fit=1200%2C668&ssl=1&resize=525%2C300 1.5x, https:\/\/i0.wp.com\/ismaelcolosi.com.br\/wp-content\/uploads\/2024\/08\/aviao-atr-72-500_2024-08-12_15-17-56_jpg_2024-08-12_15-17-57.webp.webp?fit=1200%2C668&ssl=1&resize=700%2C400 2x, https:\/\/i0.wp.com\/ismaelcolosi.com.br\/wp-content\/uploads\/2024\/08\/aviao-atr-72-500_2024-08-12_15-17-56_jpg_2024-08-12_15-17-57.webp.webp?fit=1200%2C668&ssl=1&resize=1050%2C600 3x"},"classes":[]},{"id":59934,"url":"https:\/\/ismaelcolosi.com.br\/index.php\/2024\/08\/13\/vitimas-da-queda-de-aviao-no-interior-de-sp-morreram-por-politraumatismo\/","url_meta":{"origin":59594,"position":5},"title":"V\u00edtimas da queda de avi\u00e3o no interior de SP morreram por politraumatismo","author":"ismaelcolosi.com.br","date":"13 de August de 2024","format":false,"excerpt":"O IML (Instituto M\u00e9dico-Legal) concluiu que as v\u00edtimas do acidente com o avi\u00e3o da Voepass, em Vinhedo, no interior de S\u00e3o Paulo, na sexta-feira (9), morreram de politraumatismo. O acidente deixou 62 mortos \u2013 sendo 58 passageiros e quatro tripulantes. A aeronave despencou mais de 4 mil metros de altura\u2026","rel":"","context":"In &quot;Not\u00edcias de Ribeir\u00e3o Preto-SP e Regi\u00e3o&quot;","block_context":{"text":"Not\u00edcias de Ribeir\u00e3o Preto-SP e Regi\u00e3o","link":"https:\/\/ismaelcolosi.com.br\/index.php\/category\/noticias-de-ribeirao-preto-sp-e-regiao-ismael-colosi\/"},"img":{"alt_text":"","src":"https:\/\/i0.wp.com\/ismaelcolosi.com.br\/wp-content\/uploads\/2024\/08\/bombeiros_2024-08-13_16-00-44_jpeg_2024-08-13_16-00-44.webp.webp?fit=800%2C600&ssl=1&resize=350%2C200","width":350,"height":200,"srcset":"https:\/\/i0.wp.com\/ismaelcolosi.com.br\/wp-content\/uploads\/2024\/08\/bombeiros_2024-08-13_16-00-44_jpeg_2024-08-13_16-00-44.webp.webp?fit=800%2C600&ssl=1&resize=350%2C200 1x, https:\/\/i0.wp.com\/ismaelcolosi.com.br\/wp-content\/uploads\/2024\/08\/bombeiros_2024-08-13_16-00-44_jpeg_2024-08-13_16-00-44.webp.webp?fit=800%2C600&ssl=1&resize=525%2C300 1.5x, https:\/\/i0.wp.com\/ismaelcolosi.com.br\/wp-content\/uploads\/2024\/08\/bombeiros_2024-08-13_16-00-44_jpeg_2024-08-13_16-00-44.webp.webp?fit=800%2C600&ssl=1&resize=700%2C400 2x"},"classes":[]}],"jetpack_sharing_enabled":true,"jetpack_shortlink":"https:\/\/wp.me\/pfMlyK-fvc","_links":{"self":[{"href":"https:\/\/ismaelcolosi.com.br\/index.php\/wp-json\/wp\/v2\/posts\/59594","targetHints":{"allow":["GET"]}}],"collection":[{"href":"https:\/\/ismaelcolosi.com.br\/index.php\/wp-json\/wp\/v2\/posts"}],"about":[{"href":"https:\/\/ismaelcolosi.com.br\/index.php\/wp-json\/wp\/v2\/types\/post"}],"author":[{"embeddable":true,"href":"https:\/\/ismaelcolosi.com.br\/index.php\/wp-json\/wp\/v2\/users\/1"}],"replies":[{"embeddable":true,"href":"https:\/\/ismaelcolosi.com.br\/index.php\/wp-json\/wp\/v2\/comments?post=59594"}],"version-history":[{"count":0,"href":"https:\/\/ismaelcolosi.com.br\/index.php\/wp-json\/wp\/v2\/posts\/59594\/revisions"}],"wp:featuredmedia":[{"embeddable":true,"href":"https:\/\/ismaelcolosi.com.br\/index.php\/wp-json\/wp\/v2\/media\/59595"}],"wp:attachment":[{"href":"https:\/\/ismaelcolosi.com.br\/index.php\/wp-json\/wp\/v2\/media?parent=59594"}],"wp:term":[{"taxonomy":"category","embeddable":true,"href":"https:\/\/ismaelcolosi.com.br\/index.php\/wp-json\/wp\/v2\/categories?post=59594"},{"taxonomy":"post_tag","embeddable":true,"href":"https:\/\/ismaelcolosi.com.br\/index.php\/wp-json\/wp\/v2\/tags?post=59594"}],"curies":[{"name":"wp","href":"https:\/\/api.w.org\/{rel}","templated":true}]}}