{"id":59593,"date":"2024-08-09T17:45:02","date_gmt":"2024-08-09T20:45:02","guid":{"rendered":"https:\/\/ismaelcolosi.com.br\/index.php\/2024\/08\/09\/alison-dos-santos-e-bronze-nos-400-metros-com-barreiras-nas-olimpiadas-de-paris\/"},"modified":"2024-08-09T17:45:02","modified_gmt":"2024-08-09T20:45:02","slug":"alison-dos-santos-e-bronze-nos-400-metros-com-barreiras-nas-olimpiadas-de-paris","status":"publish","type":"post","link":"https:\/\/ismaelcolosi.com.br\/index.php\/2024\/08\/09\/alison-dos-santos-e-bronze-nos-400-metros-com-barreiras-nas-olimpiadas-de-paris\/","title":{"rendered":"Alison dos Santos \u00e9 bronze nos 400 metros com barreiras nas Olimp\u00edadas de Paris"},"content":{"rendered":"<p> <br \/>\n<\/p>\n<div data-td-block-uid=\"tdi_106\">\n<div class=\"tdb-block-inner td-fix-index\">\n<p><strong>Alison dos Santos<\/strong>, o <strong>Piu<\/strong>, ficou em terceiro lugar e <strong>garantiu medalha de bronze<\/strong> na final dos <strong>400 metros com barreiras<\/strong>, nos <strong>Jogos Ol\u00edmpicos de Paris 2024<\/strong>, nesta sexta-feira (9). <mark style=\"background-color:#fcb900\" class=\"has-inline-color\">O atleta \u00e9 nascido em <strong>S\u00e3o Joaquim da Barra<\/strong>, na <strong>regi\u00e3o de Ribeir\u00e3o Preto<\/strong> e era um dos favoritos na competi\u00e7\u00e3o.<\/mark><\/p>\n<p><strong>Piu <\/strong>completou a prova em 47s26. O norte americano <strong>Rai Benjamin<\/strong> garantiu a medalha de ouro (46s46) e o noruegu\u00eas <strong>Karsten Warholm<\/strong> ficou em segundo lugar (47s06).<\/p>\n<p>Essa \u00e9 a <strong>segunda vez que Alison dos Santos conquista uma medalha ol\u00edmpica<\/strong>. <mark style=\"background-color:#fcb900\" class=\"has-inline-color\">Nos <strong>jogos de T\u00f3quio<\/strong>, o brasileiro tamb\u00e9m foi bronze na prova dos 400 metros com barreiras.<\/mark><\/p>\n<p>Atualmente, o atleta mora na Fl\u00f3rida, nos Estados Unidos, e mant\u00e9m em S\u00e3o Joaquim da Barra o <strong>Instituto Vencendo Barreiras com Alison Santos<\/strong>, em que apoia jovens que pretendem se dedicar ao esporte \u2013 <strong>conhe\u00e7a a hist\u00f3ria do Piu clicando aqui.<\/strong><\/p>\n<hr class=\"wp-block-separator has-alpha-channel-opacity\"\/>\n<p>SAIBA MAIS<\/p>\n<p>Veja como comprar ingressos para Corinthians e Red Bull Bragantino em Ribeir\u00e3o Preto <mark style=\"background-color:#ffffff\" class=\"has-inline-color has-white-color\">contudo, <\/mark><\/p>\n<h4 class=\"wp-block-heading\"><strong>FIQUE ON<\/strong><\/h4>\n<p>Fique ligado em tudo que acontece em Ribeir\u00e3o Preto e regi\u00e3o. Siga os perfis do\u00a0<strong>acidade on<\/strong>\u00a0no\u00a0<a href=\"https:\/\/www.instagram.com\/acidadeonribeirao\/\" target=\"_blank\" rel=\"noreferrer noopener\">Instagram\u00a0<\/a>e no\u00a0<a href=\"https:\/\/www.facebook.com\/acidadeonribeirao\/\" target=\"_blank\" rel=\"noreferrer noopener\">Facebook<\/a>.<\/p>\n<p>Receba not\u00edcias do\u00a0<strong>acidade on<\/strong>\u00a0no WhatsApp.\u00a0<a href=\"https:\/\/chat.whatsapp.com\/Dtv9mxhy6V5BJBotM2OQ5k\" target=\"_blank\" rel=\"noreferrer noopener\">Para entrar no grupo, basta clicar aqui.<\/a><\/p>\n<p>Fa\u00e7a uma den\u00fancia ou sugira uma reportagem sobre Ribeir\u00e3o Preto e regi\u00e3o pelo WhatsApp: 16 99117 7802.<\/p>\n<p>VEJA TAMB\u00c9M<\/p>\n<p>O filme \u2018\u00c9 assim que acaba\u2019 foi inspirado em que hist\u00f3ria? <mark style=\"background-color:#ffffff\" class=\"has-inline-color has-white-color\">entretanto,<\/mark><\/p>\n<p><!-- CONTENT END 1 -->\n<\/div>\n<\/div>\n<p><script async src=\"\/\/www.instagram.com\/embed.js\"><\/script><br \/>\n<br \/><br \/>\n<br \/><a href=\"https:\/\/www.acidadeon.com\/ribeiraopreto\/esportes\/alison-dos-santos-e-bronze-nos-400-metros-com-barreiras-nas-olimpiadas-de-paris\/\">Source link <\/a><\/p>\n","protected":false},"excerpt":{"rendered":"<p>Alison dos Santos, o Piu, ficou em terceiro lugar e garantiu medalha de bronze na final dos 400 metros com barreiras, nos Jogos Ol\u00edmpicos de&#8230;<\/p>\n","protected":false},"author":1,"featured_media":59464,"comment_status":"open","ping_status":"open","sticky":false,"template":"","format":"standard","meta":{"_uag_custom_page_level_css":"","advanced_seo_description":"","jetpack_seo_html_title":"","jetpack_seo_noindex":false,"jetpack_post_was_ever_published":false,"_jetpack_newsletter_access":"","_jetpack_dont_email_post_to_subs":false,"_jetpack_newsletter_tier_id":0,"_jetpack_memberships_contains_paywalled_content":false,"_jetpack_memberships_contains_paid_content":false,"footnotes":"","jetpack_publicize_message":"","jetpack_publicize_feature_enabled":true,"jetpack_social_post_already_shared":true,"jetpack_social_options":{"image_generator_settings":{"template":"highway","default_image_id":0,"font":"","enabled":false},"version":2}},"categories":[11],"tags":[],"class_list":["post-59593","post","type-post","status-publish","format-standard","has-post-thumbnail","hentry","category-noticias-de-ribeirao-preto-sp-e-regiao-ismael-colosi"],"jetpack_publicize_connections":[],"jetpack_featured_media_url":"https:\/\/i0.wp.com\/ismaelcolosi.com.br\/wp-content\/uploads\/2024\/08\/alison-dos-santos-piu_2024-08-08_19-02-19_jpg_2024-08-08_19-02-19.webp.webp?fit=1080%2C717&ssl=1","uagb_featured_image_src":{"full":["https:\/\/i0.wp.com\/ismaelcolosi.com.br\/wp-content\/uploads\/2024\/08\/alison-dos-santos-piu_2024-08-08_19-02-19_jpg_2024-08-08_19-02-19.webp.webp?fit=1080%2C717&ssl=1",1080,717,false],"thumbnail":["https:\/\/i0.wp.com\/ismaelcolosi.com.br\/wp-content\/uploads\/2024\/08\/alison-dos-santos-piu_2024-08-08_19-02-19_jpg_2024-08-08_19-02-19.webp.webp?resize=150%2C150&ssl=1",150,150,true],"medium":["https:\/\/i0.wp.com\/ismaelcolosi.com.br\/wp-content\/uploads\/2024\/08\/alison-dos-santos-piu_2024-08-08_19-02-19_jpg_2024-08-08_19-02-19.webp.webp?fit=300%2C199&ssl=1",300,199,true],"medium_large":["https:\/\/i0.wp.com\/ismaelcolosi.com.br\/wp-content\/uploads\/2024\/08\/alison-dos-santos-piu_2024-08-08_19-02-19_jpg_2024-08-08_19-02-19.webp.webp?fit=768%2C510&ssl=1",768,510,true],"large":["https:\/\/i0.wp.com\/ismaelcolosi.com.br\/wp-content\/uploads\/2024\/08\/alison-dos-santos-piu_2024-08-08_19-02-19_jpg_2024-08-08_19-02-19.webp.webp?fit=1024%2C680&ssl=1",1024,680,true],"1536x1536":["https:\/\/i0.wp.com\/ismaelcolosi.com.br\/wp-content\/uploads\/2024\/08\/alison-dos-santos-piu_2024-08-08_19-02-19_jpg_2024-08-08_19-02-19.webp.webp?fit=1080%2C717&ssl=1",1080,717,true],"2048x2048":["https:\/\/i0.wp.com\/ismaelcolosi.com.br\/wp-content\/uploads\/2024\/08\/alison-dos-santos-piu_2024-08-08_19-02-19_jpg_2024-08-08_19-02-19.webp.webp?fit=1080%2C717&ssl=1",1080,717,true],"really-simple-thumb":["https:\/\/i0.wp.com\/ismaelcolosi.com.br\/wp-content\/uploads\/2024\/08\/alison-dos-santos-piu_2024-08-08_19-02-19_jpg_2024-08-08_19-02-19.webp.webp?resize=370%2C247&ssl=1",370,247,true]},"uagb_author_info":{"display_name":"ismaelcolosi.com.br","author_link":"https:\/\/ismaelcolosi.com.br\/index.php\/author\/vidareal-online\/"},"uagb_comment_info":0,"uagb_excerpt":"Alison dos Santos, o Piu, ficou em terceiro lugar e garantiu medalha de bronze na final dos 400 metros com barreiras, nos Jogos Ol\u00edmpicos de...","jetpack-related-posts":[{"id":45332,"url":"https:\/\/ismaelcolosi.com.br\/index.php\/2024\/04\/03\/atleta-da-regiao-de-ribeirao-preto-sonha-com-a-medalha-de-ouro-nos-jogos-de-paris-2024\/","url_meta":{"origin":59593,"position":0},"title":"Atleta da regi\u00e3o de Ribeir\u00e3o Preto sonha com a medalha de ouro nos Jogos de Paris 2024","author":"ismaelcolosi.com.br","date":"3 de April de 2024","format":false,"excerpt":"O atleta Alisson dos Santos, o Piu, de S\u00e3o Joaquim da Barra, na regi\u00e3o de Ribeir\u00e3o Preto, sonha com a medalha de ouro nos Jogos Ol\u00edmpicos de Paris 2024. Em T\u00f3quio 2020, ele foi bronze na prova dos 400 metros com barreiras. Piu \u00e9 o terceiro melhor atleta do mundo\u2026","rel":"","context":"In &quot;Not\u00edcias de Ribeir\u00e3o Preto-SP e Regi\u00e3o&quot;","block_context":{"text":"Not\u00edcias de Ribeir\u00e3o Preto-SP e Regi\u00e3o","link":"https:\/\/ismaelcolosi.com.br\/index.php\/category\/noticias-de-ribeirao-preto-sp-e-regiao-ismael-colosi\/"},"img":{"alt_text":"","src":"https:\/\/i0.wp.com\/ismaelcolosi.com.br\/wp-content\/uploads\/2024\/04\/5dd3c926-f759-44b3-852f-8bc8a2a45920.jpeg?fit=760%2C507&ssl=1&resize=350%2C200","width":350,"height":200,"srcset":"https:\/\/i0.wp.com\/ismaelcolosi.com.br\/wp-content\/uploads\/2024\/04\/5dd3c926-f759-44b3-852f-8bc8a2a45920.jpeg?fit=760%2C507&ssl=1&resize=350%2C200 1x, https:\/\/i0.wp.com\/ismaelcolosi.com.br\/wp-content\/uploads\/2024\/04\/5dd3c926-f759-44b3-852f-8bc8a2a45920.jpeg?fit=760%2C507&ssl=1&resize=525%2C300 1.5x, https:\/\/i0.wp.com\/ismaelcolosi.com.br\/wp-content\/uploads\/2024\/04\/5dd3c926-f759-44b3-852f-8bc8a2a45920.jpeg?fit=760%2C507&ssl=1&resize=700%2C400 2x"},"classes":[]},{"id":59463,"url":"https:\/\/ismaelcolosi.com.br\/index.php\/2024\/08\/08\/conheca-alison-dos-santos-o-piu-atleta-que-disputa-final-olimpica-em-paris\/","url_meta":{"origin":59593,"position":1},"title":"Conhe\u00e7a Alison dos Santos, o Piu, atleta que disputa final ol\u00edmpica em Paris","author":"ismaelcolosi.com.br","date":"8 de August de 2024","format":false,"excerpt":"Nesta sexta-feira (9), o atleta Alison dos Santos, o Piu, disputa a final dos 400 metros com barreiras, nos Jogos Ol\u00edmpicos de Paris 2024. O corredor, que \u00e9 nascido em S\u00e3o Joaquim da Barra, na regi\u00e3o de Ribeir\u00e3o Preto, \u00e9 um dos cotados ao p\u00f3dio na prova, que acontece \u00e0s\u2026","rel":"","context":"In &quot;Not\u00edcias de Ribeir\u00e3o Preto-SP e Regi\u00e3o&quot;","block_context":{"text":"Not\u00edcias de Ribeir\u00e3o Preto-SP e Regi\u00e3o","link":"https:\/\/ismaelcolosi.com.br\/index.php\/category\/noticias-de-ribeirao-preto-sp-e-regiao-ismael-colosi\/"},"img":{"alt_text":"","src":"https:\/\/i0.wp.com\/ismaelcolosi.com.br\/wp-content\/uploads\/2024\/08\/alison-dos-santos-piu_2024-08-08_19-02-19_jpg_2024-08-08_19-02-19.webp.webp?fit=1080%2C717&ssl=1&resize=350%2C200","width":350,"height":200,"srcset":"https:\/\/i0.wp.com\/ismaelcolosi.com.br\/wp-content\/uploads\/2024\/08\/alison-dos-santos-piu_2024-08-08_19-02-19_jpg_2024-08-08_19-02-19.webp.webp?fit=1080%2C717&ssl=1&resize=350%2C200 1x, https:\/\/i0.wp.com\/ismaelcolosi.com.br\/wp-content\/uploads\/2024\/08\/alison-dos-santos-piu_2024-08-08_19-02-19_jpg_2024-08-08_19-02-19.webp.webp?fit=1080%2C717&ssl=1&resize=525%2C300 1.5x, https:\/\/i0.wp.com\/ismaelcolosi.com.br\/wp-content\/uploads\/2024\/08\/alison-dos-santos-piu_2024-08-08_19-02-19_jpg_2024-08-08_19-02-19.webp.webp?fit=1080%2C717&ssl=1&resize=700%2C400 2x, https:\/\/i0.wp.com\/ismaelcolosi.com.br\/wp-content\/uploads\/2024\/08\/alison-dos-santos-piu_2024-08-08_19-02-19_jpg_2024-08-08_19-02-19.webp.webp?fit=1080%2C717&ssl=1&resize=1050%2C600 3x"},"classes":[]},{"id":51763,"url":"https:\/\/ismaelcolosi.com.br\/index.php\/2024\/05\/30\/atleta-da-regiao-de-ribeirao-preto-faz-melhor-tempo-do-ano-em-prova-de-atletismo\/","url_meta":{"origin":59593,"position":2},"title":"Atleta da regi\u00e3o de Ribeir\u00e3o Preto faz melhor tempo do ano em prova de atletismo","author":"ismaelcolosi.com.br","date":"30 de May de 2024","format":false,"excerpt":"O atleta Alison dos Santos, conhecido como Piu, que \u00e9 de S\u00e3o Joaquim da Barra, na regi\u00e3o de Ribeir\u00e3o Preto, venceu os 400 metros com barreiras da etapa Oslo da Diamond League de atletismo, que aconteceu na Noruega. A disputa contra o noruegu\u00eas Karsten Warholm, que era favorito, aconteceu nesta\u2026","rel":"","context":"In &quot;Not\u00edcias de Ribeir\u00e3o Preto-SP e Regi\u00e3o&quot;","block_context":{"text":"Not\u00edcias de Ribeir\u00e3o Preto-SP e Regi\u00e3o","link":"https:\/\/ismaelcolosi.com.br\/index.php\/category\/noticias-de-ribeirao-preto-sp-e-regiao-ismael-colosi\/"},"img":{"alt_text":"","src":"https:\/\/i0.wp.com\/ismaelcolosi.com.br\/wp-content\/uploads\/2024\/05\/Copia-de-Copia-de-TAMANHO-EXATO-PARA-FOTOS-NO-SISTEMA-NOVO-70_2024-05-30_21-28-54_jpg_2024-05-30_21-28-54.webp.webp?fit=1200%2C675&ssl=1&resize=350%2C200","width":350,"height":200,"srcset":"https:\/\/i0.wp.com\/ismaelcolosi.com.br\/wp-content\/uploads\/2024\/05\/Copia-de-Copia-de-TAMANHO-EXATO-PARA-FOTOS-NO-SISTEMA-NOVO-70_2024-05-30_21-28-54_jpg_2024-05-30_21-28-54.webp.webp?fit=1200%2C675&ssl=1&resize=350%2C200 1x, https:\/\/i0.wp.com\/ismaelcolosi.com.br\/wp-content\/uploads\/2024\/05\/Copia-de-Copia-de-TAMANHO-EXATO-PARA-FOTOS-NO-SISTEMA-NOVO-70_2024-05-30_21-28-54_jpg_2024-05-30_21-28-54.webp.webp?fit=1200%2C675&ssl=1&resize=525%2C300 1.5x, https:\/\/i0.wp.com\/ismaelcolosi.com.br\/wp-content\/uploads\/2024\/05\/Copia-de-Copia-de-TAMANHO-EXATO-PARA-FOTOS-NO-SISTEMA-NOVO-70_2024-05-30_21-28-54_jpg_2024-05-30_21-28-54.webp.webp?fit=1200%2C675&ssl=1&resize=700%2C400 2x, https:\/\/i0.wp.com\/ismaelcolosi.com.br\/wp-content\/uploads\/2024\/05\/Copia-de-Copia-de-TAMANHO-EXATO-PARA-FOTOS-NO-SISTEMA-NOVO-70_2024-05-30_21-28-54_jpg_2024-05-30_21-28-54.webp.webp?fit=1200%2C675&ssl=1&resize=1050%2C600 3x"},"classes":[]},{"id":57388,"url":"https:\/\/ismaelcolosi.com.br\/index.php\/2024\/07\/20\/atleta-da-regiao-de-ribeirao-vence-ultimo-desafio-antes-dos-jogos-olimpicos-de-paris\/","url_meta":{"origin":59593,"position":3},"title":"Atleta da regi\u00e3o de Ribeir\u00e3o vence \u00faltimo desafio antes dos Jogos Ol\u00edmpicos de Paris","author":"ismaelcolosi.com.br","date":"20 de July de 2024","format":false,"excerpt":"O corredor Alison dos Santos, o Piu, venceu a prova dos 400 metros com barreiras, neste s\u00e1bado (20), na etapa de Londres da Diamond League \u2013 veja o v\u00eddeo abaixo. \u00a0Esse \u00e9 o \u00faltimo compromisso de Piu antes dos Jogos Ol\u00edmpicos de Paris. O atleta, que \u00e9 natural de S\u00e3o\u2026","rel":"","context":"In &quot;Not\u00edcias de Ribeir\u00e3o Preto-SP e Regi\u00e3o&quot;","block_context":{"text":"Not\u00edcias de Ribeir\u00e3o Preto-SP e Regi\u00e3o","link":"https:\/\/ismaelcolosi.com.br\/index.php\/category\/noticias-de-ribeirao-preto-sp-e-regiao-ismael-colosi\/"},"img":{"alt_text":"","src":"https:\/\/i0.wp.com\/ismaelcolosi.com.br\/wp-content\/uploads\/2024\/07\/alison-dos-santos_2024-07-07_16-55-12_jpg_2024-07-07_16-55-13.webp.webp?fit=1200%2C828&ssl=1&resize=350%2C200","width":350,"height":200,"srcset":"https:\/\/i0.wp.com\/ismaelcolosi.com.br\/wp-content\/uploads\/2024\/07\/alison-dos-santos_2024-07-07_16-55-12_jpg_2024-07-07_16-55-13.webp.webp?fit=1200%2C828&ssl=1&resize=350%2C200 1x, https:\/\/i0.wp.com\/ismaelcolosi.com.br\/wp-content\/uploads\/2024\/07\/alison-dos-santos_2024-07-07_16-55-12_jpg_2024-07-07_16-55-13.webp.webp?fit=1200%2C828&ssl=1&resize=525%2C300 1.5x, https:\/\/i0.wp.com\/ismaelcolosi.com.br\/wp-content\/uploads\/2024\/07\/alison-dos-santos_2024-07-07_16-55-12_jpg_2024-07-07_16-55-13.webp.webp?fit=1200%2C828&ssl=1&resize=700%2C400 2x, https:\/\/i0.wp.com\/ismaelcolosi.com.br\/wp-content\/uploads\/2024\/07\/alison-dos-santos_2024-07-07_16-55-12_jpg_2024-07-07_16-55-13.webp.webp?fit=1200%2C828&ssl=1&resize=1050%2C600 3x"},"classes":[]},{"id":16781,"url":"https:\/\/ismaelcolosi.com.br\/index.php\/2023\/12\/16\/atleta-da-regiao-de-ribeirao-e-um-dos-vencedores-do-premio-brasil-olimpico\/","url_meta":{"origin":59593,"position":4},"title":"Atleta da regi\u00e3o de Ribeir\u00e3o \u00e9 um dos vencedores do Pr\u00eamio Brasil Ol\u00edmpico","author":"ismaelcolosi.com.br","date":"16 de December de 2023","format":false,"excerpt":"O corredor Alison dos Santos, o Piu, que \u00e9 natural de S\u00e3o Joaquim da Barra, na regi\u00e3o de Ribeir\u00e3o Preto, foi o vencedor do Pr\u00eamio Retorno do Ano, do Pr\u00eamio Brasil Ol\u00edmpico 2023, realizado na \u00faltima sexta-feira (15), no Rio de Janeiro. O medalhista de bronze nos Jogos Ol\u00edmpicos de\u2026","rel":"","context":"In &quot;Not\u00edcias de Ribeir\u00e3o Preto-SP e Regi\u00e3o&quot;","block_context":{"text":"Not\u00edcias de Ribeir\u00e3o Preto-SP e Regi\u00e3o","link":"https:\/\/ismaelcolosi.com.br\/index.php\/category\/noticias-de-ribeirao-preto-sp-e-regiao-ismael-colosi\/"},"img":{"alt_text":"","src":"https:\/\/i0.wp.com\/ismaelcolosi.com.br\/wp-content\/uploads\/2023\/12\/alison-dos-santos.jpg?fit=1200%2C800&ssl=1&resize=350%2C200","width":350,"height":200,"srcset":"https:\/\/i0.wp.com\/ismaelcolosi.com.br\/wp-content\/uploads\/2023\/12\/alison-dos-santos.jpg?fit=1200%2C800&ssl=1&resize=350%2C200 1x, https:\/\/i0.wp.com\/ismaelcolosi.com.br\/wp-content\/uploads\/2023\/12\/alison-dos-santos.jpg?fit=1200%2C800&ssl=1&resize=525%2C300 1.5x, https:\/\/i0.wp.com\/ismaelcolosi.com.br\/wp-content\/uploads\/2023\/12\/alison-dos-santos.jpg?fit=1200%2C800&ssl=1&resize=700%2C400 2x, https:\/\/i0.wp.com\/ismaelcolosi.com.br\/wp-content\/uploads\/2023\/12\/alison-dos-santos.jpg?fit=1200%2C800&ssl=1&resize=1050%2C600 3x"},"classes":[]},{"id":57698,"url":"https:\/\/ismaelcolosi.com.br\/index.php\/2024\/07\/23\/ex-jogador-rai-natural-de-ribeirao-preto-conduz-tocha-olimpica-na-franca\/","url_meta":{"origin":59593,"position":5},"title":"Ex-jogador Ra\u00ed, natural de Ribeir\u00e3o Preto, conduz tocha ol\u00edmpica na Fran\u00e7a","author":"ismaelcolosi.com.br","date":"23 de July de 2024","format":false,"excerpt":"O ex-jogador Ra\u00ed, que \u00e9 nascido em Ribeir\u00e3o Preto, conduziu a tocha ol\u00edmpica nesta ter\u00e7a-feira (23) em Versalhes, na Fran\u00e7a, a tr\u00eas dias do in\u00edcio dos Jogos de Paris 2024. Ra\u00ed \u00e9 \u00eddolo do PSG, principal clube da capital francesa. Nesta ter\u00e7a-feira, o revezamento da tocha ol\u00edmpica percorreu o trecho\u2026","rel":"","context":"In &quot;Not\u00edcias de Ribeir\u00e3o Preto-SP e Regi\u00e3o&quot;","block_context":{"text":"Not\u00edcias de Ribeir\u00e3o Preto-SP e Regi\u00e3o","link":"https:\/\/ismaelcolosi.com.br\/index.php\/category\/noticias-de-ribeirao-preto-sp-e-regiao-ismael-colosi\/"},"img":{"alt_text":"","src":"https:\/\/i0.wp.com\/ismaelcolosi.com.br\/wp-content\/uploads\/2024\/07\/rai-tocha_2024-07-23_20-35-15_jpeg_2024-07-23_20-35-15.webp.webp?fit=1200%2C675&ssl=1&resize=350%2C200","width":350,"height":200,"srcset":"https:\/\/i0.wp.com\/ismaelcolosi.com.br\/wp-content\/uploads\/2024\/07\/rai-tocha_2024-07-23_20-35-15_jpeg_2024-07-23_20-35-15.webp.webp?fit=1200%2C675&ssl=1&resize=350%2C200 1x, https:\/\/i0.wp.com\/ismaelcolosi.com.br\/wp-content\/uploads\/2024\/07\/rai-tocha_2024-07-23_20-35-15_jpeg_2024-07-23_20-35-15.webp.webp?fit=1200%2C675&ssl=1&resize=525%2C300 1.5x, https:\/\/i0.wp.com\/ismaelcolosi.com.br\/wp-content\/uploads\/2024\/07\/rai-tocha_2024-07-23_20-35-15_jpeg_2024-07-23_20-35-15.webp.webp?fit=1200%2C675&ssl=1&resize=700%2C400 2x, https:\/\/i0.wp.com\/ismaelcolosi.com.br\/wp-content\/uploads\/2024\/07\/rai-tocha_2024-07-23_20-35-15_jpeg_2024-07-23_20-35-15.webp.webp?fit=1200%2C675&ssl=1&resize=1050%2C600 3x"},"classes":[]}],"jetpack_sharing_enabled":true,"jetpack_shortlink":"https:\/\/wp.me\/pfMlyK-fvb","_links":{"self":[{"href":"https:\/\/ismaelcolosi.com.br\/index.php\/wp-json\/wp\/v2\/posts\/59593","targetHints":{"allow":["GET"]}}],"collection":[{"href":"https:\/\/ismaelcolosi.com.br\/index.php\/wp-json\/wp\/v2\/posts"}],"about":[{"href":"https:\/\/ismaelcolosi.com.br\/index.php\/wp-json\/wp\/v2\/types\/post"}],"author":[{"embeddable":true,"href":"https:\/\/ismaelcolosi.com.br\/index.php\/wp-json\/wp\/v2\/users\/1"}],"replies":[{"embeddable":true,"href":"https:\/\/ismaelcolosi.com.br\/index.php\/wp-json\/wp\/v2\/comments?post=59593"}],"version-history":[{"count":0,"href":"https:\/\/ismaelcolosi.com.br\/index.php\/wp-json\/wp\/v2\/posts\/59593\/revisions"}],"wp:featuredmedia":[{"embeddable":true,"href":"https:\/\/ismaelcolosi.com.br\/index.php\/wp-json\/wp\/v2\/media\/59464"}],"wp:attachment":[{"href":"https:\/\/ismaelcolosi.com.br\/index.php\/wp-json\/wp\/v2\/media?parent=59593"}],"wp:term":[{"taxonomy":"category","embeddable":true,"href":"https:\/\/ismaelcolosi.com.br\/index.php\/wp-json\/wp\/v2\/categories?post=59593"},{"taxonomy":"post_tag","embeddable":true,"href":"https:\/\/ismaelcolosi.com.br\/index.php\/wp-json\/wp\/v2\/tags?post=59593"}],"curies":[{"name":"wp","href":"https:\/\/api.w.org\/{rel}","templated":true}]}}