{"id":59579,"date":"2024-08-09T16:18:31","date_gmt":"2024-08-09T19:18:31","guid":{"rendered":"https:\/\/ismaelcolosi.com.br\/index.php\/2024\/08\/09\/vaga-para-estagio-financeiro-em-ribeirao-preto-spha-23-horas\/"},"modified":"2024-08-09T16:18:31","modified_gmt":"2024-08-09T19:18:31","slug":"vaga-para-estagio-financeiro-em-ribeirao-preto-spha-23-horas","status":"publish","type":"post","link":"https:\/\/ismaelcolosi.com.br\/index.php\/2024\/08\/09\/vaga-para-estagio-financeiro-em-ribeirao-preto-spha-23-horas\/","title":{"rendered":"Vaga para Est\u00e1gio Financeiro em Ribeir\u00e3o Preto &#8211; SPh\u00e1 23 horas"},"content":{"rendered":"<div class=\"box\"><span class=\"marker\"><\/span><a href=\"https:\/\/eventosrh.selecty.com.br\/vaga\/1775\/vaga-para-assistente-administrativo-temporario-em-ribeirao-preto\"><span>Vaga para <strong>Assistente Administrativo (tempor\u00e1rio)<\/strong> em Ribeir\u00e3o Preto<\/span><\/a><\/div>\n<div class=\"box\"><span class=\"marker\"><\/span><a href=\"https:\/\/eventosrh.selecty.com.br\/vaga\/2045\/vaga-para-tecnico-em-manutencao-eletrica-em-ribeirao-preto-sp\"><span>Vaga para <strong>T\u00e9cnico em Manuten\u00e7\u00e3o El\u00e9trica<\/strong> em Ribeir\u00e3o Preto &#8211; SP<\/span><\/a><\/div>\n<div class=\"box\"><span class=\"marker\"><\/span><a href=\"https:\/\/eventosrh.selecty.com.br\/vaga\/2127\/vaga-para-estagio-financeiro-em-ribeirao-preto-sp\"><span>Vaga para <strong>Est\u00e1gio Financeiro<\/strong> em Ribeir\u00e3o Preto &#8211; SP<\/span><small title=\"08\/08\/2024 16:23:27\">h\u00e1 23 horas<\/small><\/a><\/div>\n<div class=\"box\"><span class=\"marker\"><\/span><a href=\"https:\/\/eventosrh.selecty.com.br\/vaga\/2125\/vaga-para-balconista-em-ribeirao-preto-sp\"><span>Vaga para <strong>Balconista<\/strong> em Ribeir\u00e3o Preto &#8211; SP<\/span><small title=\"08\/08\/2024 15:55:07\">h\u00e1 1 dia<\/small><\/a><\/div>\n<div class=\"box\"><span class=\"marker\"><\/span><a href=\"https:\/\/eventosrh.selecty.com.br\/vaga\/2126\/vaga-para-eletricista-em-monte-alto\"><span>Vaga para <strong>Eletricista<\/strong> em Monte Alto<\/span><\/a><\/div>\n<div class=\"box\"><span class=\"marker\"><\/span><a href=\"https:\/\/eventosrh.selecty.com.br\/vaga\/2012\/vaga-para-ajudante-geral-em-sumare-sp\"><span>Vaga para <strong>Ajudante Geral<\/strong> em Sumar\u00e9 &#8211; SP<\/span><\/a><\/div>\n<div class=\"box\"><span class=\"marker\"><\/span><a href=\"https:\/\/eventosrh.selecty.com.br\/vaga\/2124\/vaga-para-estagio-administrativo-em-ribeirao-preto-sp\"><span>Vaga para <strong>Est\u00e1gio Administrativo<\/strong> em Ribeir\u00e3o Preto &#8211; SP<\/span><small title=\"07\/08\/2024 13:02:45\">h\u00e1 2 dias<\/small><\/a><\/div>\n<div class='code-block code-block-4' style='margin: 8px auto 8px 0; text-align: left; display: block; clear: both;'>\n\ud83d\udce2 Aviso Legal\n\nO site ismaelcolosi.com.br atua apenas como um canal de divulga\u00e7\u00e3o de oportunidades de emprego e n\u00e3o se responsabiliza pelo processo seletivo, contrata\u00e7\u00e3o ou qualquer outra etapa relacionada \u00e0s vagas publicadas. Todas as informa\u00e7\u00f5es s\u00e3o de responsabilidade dos anunciantes.\n\n\u26a0\ufe0f Aten\u00e7\u00e3o! Nunca pague por promessas de emprego nem compre cursos que garantam contrata\u00e7\u00e3o. Desconfie de qualquer cobran\u00e7a para participar de sele\u00e7\u00f5es.\n\n\n\n<\/div>\n<!-- CONTENT END 1 -->\n","protected":false},"excerpt":{"rendered":"<p>Vaga para Assistente Administrativo (tempor\u00e1rio) em Ribeir\u00e3o Preto Vaga para T\u00e9cnico em Manuten\u00e7\u00e3o El\u00e9trica em Ribeir\u00e3o Preto &#8211; SP Vaga para Est\u00e1gio Financeiro em Ribeir\u00e3o&#8230;<\/p>\n","protected":false},"author":1,"featured_media":0,"comment_status":"open","ping_status":"open","sticky":false,"template":"","format":"standard","meta":{"_uag_custom_page_level_css":"","advanced_seo_description":"","jetpack_seo_html_title":"","jetpack_seo_noindex":false,"jetpack_post_was_ever_published":false,"_jetpack_newsletter_access":"","_jetpack_dont_email_post_to_subs":false,"_jetpack_newsletter_tier_id":0,"_jetpack_memberships_contains_paywalled_content":false,"_jetpack_memberships_contains_paid_content":false,"footnotes":"","jetpack_publicize_message":"","jetpack_publicize_feature_enabled":true,"jetpack_social_post_already_shared":true,"jetpack_social_options":{"image_generator_settings":{"template":"highway","default_image_id":0,"font":"","enabled":false},"version":2}},"categories":[7],"tags":[],"class_list":["post-59579","post","type-post","status-publish","format-standard","hentry","category-vagas-de-empregos-em-ribeirao-preto-regiao-brasil"],"jetpack_publicize_connections":[],"jetpack_featured_media_url":"","uagb_featured_image_src":{"full":false,"thumbnail":false,"medium":false,"medium_large":false,"large":false,"1536x1536":false,"2048x2048":false,"really-simple-thumb":false},"uagb_author_info":{"display_name":"ismaelcolosi.com.br","author_link":"https:\/\/ismaelcolosi.com.br\/index.php\/author\/vidareal-online\/"},"uagb_comment_info":0,"uagb_excerpt":"Vaga para Assistente Administrativo (tempor\u00e1rio) em Ribeir\u00e3o Preto Vaga para T\u00e9cnico em Manuten\u00e7\u00e3o El\u00e9trica em Ribeir\u00e3o Preto &#8211; SP Vaga para Est\u00e1gio Financeiro em Ribeir\u00e3o...","jetpack-related-posts":[{"id":20870,"url":"https:\/\/ismaelcolosi.com.br\/index.php\/2023\/12\/26\/vaga-para-analista-operacional-de-riscos-em-ribeirao-preto-spha-4-dias\/","url_meta":{"origin":59579,"position":0},"title":"Vaga para Analista Operacional de Riscos em Ribeir\u00e3o Preto &#8211; SPh\u00e1 4 dias","author":"ismaelcolosi.com.br","date":"26 de December de 2023","format":false,"excerpt":"1 vaga para Vendedora Externa em Sert\u00e3ozinhoh\u00e1 7 horas Vaga para Assistente de Vendas J\u00fanior em Ribeir\u00e3o Pretoh\u00e1 4 dias Vaga para Analista Operacional de Riscos em Ribeir\u00e3o Preto - SPh\u00e1 4 dias Vaga para Assistente Financeiro PCD em Ribeir\u00e3o Preto Vaga para Recepcionista em Ribeir\u00e3o Preto Vaga para Motorista\u2026","rel":"","context":"In &quot;Vagas de Emprego em Ribeir\u00e3o Preto-SP&quot;","block_context":{"text":"Vagas de Emprego em Ribeir\u00e3o Preto-SP","link":"https:\/\/ismaelcolosi.com.br\/index.php\/category\/empregos-classificados-vagas-trabalho\/vagas-de-empregos-em-ribeirao-preto-regiao-brasil\/"},"img":{"alt_text":"","src":"","width":0,"height":0},"classes":[]},{"id":19922,"url":"https:\/\/ismaelcolosi.com.br\/index.php\/2023\/12\/23\/vaga-para-analista-operacional-de-riscos-em-ribeirao-preto-spha-1-dia\/","url_meta":{"origin":59579,"position":1},"title":"Vaga para Analista Operacional de Riscos em Ribeir\u00e3o Preto &#8211; SPh\u00e1 1 dia","author":"ismaelcolosi.com.br","date":"23 de December de 2023","format":false,"excerpt":"Vaga para Assistente de Vendas J\u00fanior em Ribeir\u00e3o Pretoh\u00e1 1 dia 1 vaga para Vendedora Externa em Sert\u00e3ozinho - SPh\u00e1 1 dia Vaga para Analista Operacional de Riscos em Ribeir\u00e3o Preto - SPh\u00e1 1 dia Vaga para Assistente Financeiro PCD em Ribeir\u00e3o Preto Vaga para Recepcionista em Ribeir\u00e3o Preto Vaga\u2026","rel":"","context":"In &quot;Vagas de Emprego em Ribeir\u00e3o Preto-SP&quot;","block_context":{"text":"Vagas de Emprego em Ribeir\u00e3o Preto-SP","link":"https:\/\/ismaelcolosi.com.br\/index.php\/category\/empregos-classificados-vagas-trabalho\/vagas-de-empregos-em-ribeirao-preto-regiao-brasil\/"},"img":{"alt_text":"","src":"","width":0,"height":0},"classes":[]},{"id":19923,"url":"https:\/\/ismaelcolosi.com.br\/index.php\/2023\/12\/23\/1-vaga-para-vendedora-externa-em-sertaozinho-spha-1-dia\/","url_meta":{"origin":59579,"position":2},"title":"1 vaga para Vendedora Externa em Sert\u00e3ozinho &#8211; SPh\u00e1 1 dia","author":"ismaelcolosi.com.br","date":"23 de December de 2023","format":false,"excerpt":"Vaga para Assistente de Vendas J\u00fanior em Ribeir\u00e3o Pretoh\u00e1 1 dia 1 vaga para Vendedora Externa em Sert\u00e3ozinho - SPh\u00e1 1 dia Vaga para Analista Operacional de Riscos em Ribeir\u00e3o Preto - SPh\u00e1 1 dia Vaga para Assistente Financeiro PCD em Ribeir\u00e3o Preto Vaga para Recepcionista em Ribeir\u00e3o Preto Vaga\u2026","rel":"","context":"In &quot;Vagas de Emprego em Ribeir\u00e3o Preto-SP&quot;","block_context":{"text":"Vagas de Emprego em Ribeir\u00e3o Preto-SP","link":"https:\/\/ismaelcolosi.com.br\/index.php\/category\/empregos-classificados-vagas-trabalho\/vagas-de-empregos-em-ribeirao-preto-regiao-brasil\/"},"img":{"alt_text":"","src":"","width":0,"height":0},"classes":[]},{"id":56570,"url":"https:\/\/ismaelcolosi.com.br\/index.php\/2024\/07\/12\/1-vaga-para-motorista-entregador-em-ribeirao-preto-spha-6-horas\/","url_meta":{"origin":59579,"position":3},"title":"1 vaga para Motorista Entregador em Ribeir\u00e3o Preto &#8211; SPh\u00e1 6 horas","author":"ismaelcolosi.com.br","date":"12 de July de 2024","format":false,"excerpt":"Vaga para Operador de Arrecada\u00e7\u00e3o Vaga para Inspetor de Tr\u00e2nsito 1 vaga para Motorista Entregador em Ribeir\u00e3o Preto - SPh\u00e1 6 horas Vaga para Auxiliar de Produ\u00e7\u00e3o - PCD em Ribeir\u00e3o Preto - SP 1 vaga para Vendedor Externo em Ribeir\u00e3o Preto - SPh\u00e1 3 dias Vaga para Auxiliar de\u2026","rel":"","context":"In &quot;Vagas de Emprego em Ribeir\u00e3o Preto-SP&quot;","block_context":{"text":"Vagas de Emprego em Ribeir\u00e3o Preto-SP","link":"https:\/\/ismaelcolosi.com.br\/index.php\/category\/empregos-classificados-vagas-trabalho\/vagas-de-empregos-em-ribeirao-preto-regiao-brasil\/"},"img":{"alt_text":"","src":"","width":0,"height":0},"classes":[]},{"id":27224,"url":"https:\/\/ismaelcolosi.com.br\/index.php\/2024\/01\/11\/1-vaga-para-lavador-automotivo-em-ribeirao-preto-spha-8-horas\/","url_meta":{"origin":59579,"position":4},"title":"1 vaga para Lavador Automotivo em Ribeir\u00e3o Preto &#8211; SPh\u00e1 8 horas","author":"ismaelcolosi.com.br","date":"11 de January de 2024","format":false,"excerpt":"1 vaga para Lavador Automotivo em Ribeir\u00e3o Preto - SPh\u00e1 8 horas Vaga para Assistente Comercial em Ribeir\u00e3o Preto Vaga para Vendedor Interno Vaga para Auxiliar de Expedi\u00e7\u00e3o em Ribeir\u00e3o Preto 1 vaga para T\u00e9cnico em Equipamento Eletr\u00f4nico em Ribeir\u00e3o Preto - SPh\u00e1 1 dia Vaga para Assistente Financeiro em\u2026","rel":"","context":"In &quot;Vagas de Emprego em Ribeir\u00e3o Preto-SP&quot;","block_context":{"text":"Vagas de Emprego em Ribeir\u00e3o Preto-SP","link":"https:\/\/ismaelcolosi.com.br\/index.php\/category\/empregos-classificados-vagas-trabalho\/vagas-de-empregos-em-ribeirao-preto-regiao-brasil\/"},"img":{"alt_text":"","src":"","width":0,"height":0},"classes":[]},{"id":22346,"url":"https:\/\/ismaelcolosi.com.br\/index.php\/2023\/12\/29\/vaga-para-atendente-de-vendas-em-ribeirao-preto-spha-8-horas\/","url_meta":{"origin":59579,"position":5},"title":"Vaga para Atendente de Vendas em Ribeir\u00e3o Preto &#8211; SPh\u00e1 8 horas","author":"ismaelcolosi.com.br","date":"29 de December de 2023","format":false,"excerpt":"Vaga para Assistente Operacional em Ribeir\u00e3o Preto 1 vaga para Analista de Recursos Humanos em Ribeir\u00e3o Preto - SPh\u00e1 3 horas Vaga para Atendente de Vendas em Ribeir\u00e3o Preto - SPh\u00e1 8 horas 1 vaga para Vendedora Externa em Sert\u00e3ozinhoh\u00e1 2 dias Vaga para Assistente de Vendas J\u00fanior em Ribeir\u00e3o\u2026","rel":"","context":"In &quot;Vagas de Emprego em Ribeir\u00e3o Preto-SP&quot;","block_context":{"text":"Vagas de Emprego em Ribeir\u00e3o Preto-SP","link":"https:\/\/ismaelcolosi.com.br\/index.php\/category\/empregos-classificados-vagas-trabalho\/vagas-de-empregos-em-ribeirao-preto-regiao-brasil\/"},"img":{"alt_text":"","src":"","width":0,"height":0},"classes":[]}],"jetpack_sharing_enabled":true,"jetpack_shortlink":"https:\/\/wp.me\/pfMlyK-fuX","_links":{"self":[{"href":"https:\/\/ismaelcolosi.com.br\/index.php\/wp-json\/wp\/v2\/posts\/59579","targetHints":{"allow":["GET"]}}],"collection":[{"href":"https:\/\/ismaelcolosi.com.br\/index.php\/wp-json\/wp\/v2\/posts"}],"about":[{"href":"https:\/\/ismaelcolosi.com.br\/index.php\/wp-json\/wp\/v2\/types\/post"}],"author":[{"embeddable":true,"href":"https:\/\/ismaelcolosi.com.br\/index.php\/wp-json\/wp\/v2\/users\/1"}],"replies":[{"embeddable":true,"href":"https:\/\/ismaelcolosi.com.br\/index.php\/wp-json\/wp\/v2\/comments?post=59579"}],"version-history":[{"count":0,"href":"https:\/\/ismaelcolosi.com.br\/index.php\/wp-json\/wp\/v2\/posts\/59579\/revisions"}],"wp:attachment":[{"href":"https:\/\/ismaelcolosi.com.br\/index.php\/wp-json\/wp\/v2\/media?parent=59579"}],"wp:term":[{"taxonomy":"category","embeddable":true,"href":"https:\/\/ismaelcolosi.com.br\/index.php\/wp-json\/wp\/v2\/categories?post=59579"},{"taxonomy":"post_tag","embeddable":true,"href":"https:\/\/ismaelcolosi.com.br\/index.php\/wp-json\/wp\/v2\/tags?post=59579"}],"curies":[{"name":"wp","href":"https:\/\/api.w.org\/{rel}","templated":true}]}}