{"id":59578,"date":"2024-08-09T16:15:12","date_gmt":"2024-08-09T19:15:12","guid":{"rendered":"https:\/\/ismaelcolosi.com.br\/index.php\/2024\/08\/09\/ribeirao-preto-tem-mais-de-700-vagas-em-cursos-livres-gratuitos-veja-como-participar\/"},"modified":"2024-08-09T16:15:12","modified_gmt":"2024-08-09T19:15:12","slug":"ribeirao-preto-tem-mais-de-700-vagas-em-cursos-livres-gratuitos-veja-como-participar","status":"publish","type":"post","link":"https:\/\/ismaelcolosi.com.br\/index.php\/2024\/08\/09\/ribeirao-preto-tem-mais-de-700-vagas-em-cursos-livres-gratuitos-veja-como-participar\/","title":{"rendered":"Ribeir\u00e3o Preto tem mais de 700 vagas em cursos livres gratuitos; Veja como participar"},"content":{"rendered":"<p> <br \/>\n<\/p>\n<div data-td-block-uid=\"tdi_106\">\n<div class=\"tdb-block-inner td-fix-index\">\n<p>O<strong> Senac de Ribeir\u00e3o Preto<\/strong> est\u00e1 oferecendo mais de <strong>700 de bolsas<\/strong> de estudo <strong>100% gratuitas<\/strong> para o segundo semestre do ano.<\/p>\n<p>As vagas fazem parte do <strong>Programa Senac de Gratuidade<\/strong> e devem ser solicitadas a partir de 20 dias antes do in\u00edcio de cada curso \u2013 para acompanhar as datas, basta acessar o site (<a href=\"https:\/\/www.sp.senac.br\/senac-ribeirao-preto\" target=\"_blank\" rel=\"noreferrer noopener\">clique aqui<\/a>).<\/p>\n<figure class=\"wp-block-pullquote\">\n<blockquote>\n<p>\u00a0O Senac Ribeir\u00e3o Preto est\u00e1 comprometido com a inclus\u00e3o e a capacita\u00e7\u00e3o profissional de todos os indiv\u00edduos<\/p>\n<p><cite>Leandro D\u2019Arco, gerente do Senac Ribeir\u00e3o Preto<\/cite><\/p><\/blockquote>\n<\/figure>\n<h3 class=\"wp-block-heading\"><strong>Quem pode se inscrever?<\/strong><\/h3>\n<p>Os interessados devem ter <strong>renda familiar per capita de at\u00e9 dois sal\u00e1rios m\u00ednimos federais<\/strong>, n\u00e3o estar matriculado ou participando de outros processos de bolsas na institui\u00e7\u00e3o e n\u00e3o ter abandonado outro curso como bolsista nos \u00faltimos seis meses.<\/p>\n<h3 class=\"wp-block-heading\"><strong>Oportunidades<\/strong><\/h3>\n<p>Entre as oportunidades de qualifica\u00e7\u00e3o, destaca-se o<strong> Programa Educa\u00e7\u00e3o para o Trabalho (PET)<\/strong> <strong>Trampolim<\/strong>, uma iniciativa que <strong><mark style=\"background-color:#fcb900\" class=\"has-inline-color\">capacita pessoas com defici\u00eancia intelectual para o mercado de trabalho.<\/mark><\/strong><\/p>\n<p>Os interessados tamb\u00e9m podem se inscrever para os cursos livres de <strong>Radialista \u2013 Locu\u00e7\u00e3o<\/strong>, <strong>Cozinha Vegetariana<\/strong>, <strong>Cria\u00e7\u00e3o de Conte\u00fados para M\u00eddias Digitais<\/strong> e <strong>Associate Cloud Enginner Powered By Google Cloud<\/strong>.<\/p>\n<p>Vale ressaltar que, a matr\u00edcula para o <strong>PET <\/strong>precisa ser feita na pr\u00f3pria unidade do <strong>Senac Ribeir\u00e3o Preto<\/strong>, al\u00e9m disso, os pais ou respons\u00e1veis passam por uma entrevista de apresenta\u00e7\u00e3o do programa.<\/p>\n<h4 class=\"wp-block-heading\"><strong>Servi\u00e7o<\/strong><\/h4>\n<p><em>Senac Ribeir\u00e3o Preto<\/em><\/p>\n<p>Endere\u00e7o: Rua Capit\u00e3o Salom\u00e3o, 2.133 \u2013 Jardim Mosteiro \u2013 Ribeir\u00e3o Preto\/ SP<\/p>\n<p>Site: www.sp.senac.br\/senac-ribeirao-preto<\/p>\n<hr class=\"wp-block-separator has-alpha-channel-opacity\"\/>\n<p>SAIBA MAIS<\/p>\n<p>Equipe de Ciclismo de Ribeir\u00e3o Preto realiza seletiva para categorias de base<\/p>\n<h4 class=\"wp-block-heading\"><strong>FIQUE ON<\/strong><\/h4>\n<p>Fique ligado em tudo que acontece em Ribeir\u00e3o Preto e regi\u00e3o. Siga os perfis do\u00a0<strong>acidade on\u00a0<\/strong>no\u00a0<a href=\"https:\/\/www.instagram.com\/acidadeonribeirao\" target=\"_blank\" rel=\"noreferrer noopener\">Instagram<\/a>\u00a0e no\u00a0<a href=\"https:\/\/www.facebook.com\/acidadeonribeirao\" target=\"_blank\" rel=\"noreferrer noopener\">Facebook<\/a>.<\/p>\n<p>Receba not\u00edcias do acidade on no WhatsApp. Para entrar no grupo, basta\u00a0<a href=\"https:\/\/chat.whatsapp.com\/Dtv9mxhy6V5BJBotM2OQ5k\" target=\"_blank\" rel=\"noreferrer noopener\">clicar aqui<\/a>.<\/p>\n<p>Fa\u00e7a uma den\u00fancia ou sugira uma reportagem sobre Ribeir\u00e3o Preto e regi\u00e3o pelo WhatsApp: 16 99117 7802.<\/p>\n<p>VEJA TAMB\u00c9M<\/p>\n<p>O filme \u2018\u00c9 assim que acaba\u2019 foi inspirado em que hist\u00f3ria?<\/p>\n<p><!-- CONTENT END 1 -->\n<\/div>\n<\/div>\n<p><script async src=\"\/\/www.instagram.com\/embed.js\"><\/script><br \/>\n<br \/><br \/>\n<br \/><a href=\"https:\/\/www.acidadeon.com\/ribeiraopreto\/economia\/ribeirao-preto-tem-mais-de-700-vagas-em-cursos-livres-gratuitos-veja-como-participar\/\">Source link <\/a><\/p>\n","protected":false},"excerpt":{"rendered":"<p>O Senac de Ribeir\u00e3o Preto est\u00e1 oferecendo mais de 700 de bolsas de estudo 100% gratuitas para o segundo semestre do ano. As vagas fazem&#8230;<\/p>\n","protected":false},"author":1,"featured_media":58021,"comment_status":"open","ping_status":"open","sticky":false,"template":"","format":"standard","meta":{"_uag_custom_page_level_css":"","advanced_seo_description":"","jetpack_seo_html_title":"","jetpack_seo_noindex":false,"jetpack_post_was_ever_published":false,"_jetpack_newsletter_access":"","_jetpack_dont_email_post_to_subs":false,"_jetpack_newsletter_tier_id":0,"_jetpack_memberships_contains_paywalled_content":false,"_jetpack_memberships_contains_paid_content":false,"footnotes":"","jetpack_publicize_message":"","jetpack_publicize_feature_enabled":true,"jetpack_social_post_already_shared":true,"jetpack_social_options":{"image_generator_settings":{"template":"highway","default_image_id":0,"font":"","enabled":false},"version":2}},"categories":[11],"tags":[],"class_list":["post-59578","post","type-post","status-publish","format-standard","has-post-thumbnail","hentry","category-noticias-de-ribeirao-preto-sp-e-regiao-ismael-colosi"],"jetpack_publicize_connections":[],"jetpack_featured_media_url":"https:\/\/i0.wp.com\/ismaelcolosi.com.br\/wp-content\/uploads\/2024\/07\/senac-ribeirao-preto_2024-07-26_14-17-16_jpg_2024-07-26_14-17-16.webp.webp?fit=1200%2C800&ssl=1","uagb_featured_image_src":{"full":["https:\/\/i0.wp.com\/ismaelcolosi.com.br\/wp-content\/uploads\/2024\/07\/senac-ribeirao-preto_2024-07-26_14-17-16_jpg_2024-07-26_14-17-16.webp.webp?fit=1200%2C800&ssl=1",1200,800,false],"thumbnail":["https:\/\/i0.wp.com\/ismaelcolosi.com.br\/wp-content\/uploads\/2024\/07\/senac-ribeirao-preto_2024-07-26_14-17-16_jpg_2024-07-26_14-17-16.webp.webp?resize=150%2C150&ssl=1",150,150,true],"medium":["https:\/\/i0.wp.com\/ismaelcolosi.com.br\/wp-content\/uploads\/2024\/07\/senac-ribeirao-preto_2024-07-26_14-17-16_jpg_2024-07-26_14-17-16.webp.webp?fit=300%2C200&ssl=1",300,200,true],"medium_large":["https:\/\/i0.wp.com\/ismaelcolosi.com.br\/wp-content\/uploads\/2024\/07\/senac-ribeirao-preto_2024-07-26_14-17-16_jpg_2024-07-26_14-17-16.webp.webp?fit=768%2C512&ssl=1",768,512,true],"large":["https:\/\/i0.wp.com\/ismaelcolosi.com.br\/wp-content\/uploads\/2024\/07\/senac-ribeirao-preto_2024-07-26_14-17-16_jpg_2024-07-26_14-17-16.webp.webp?fit=1024%2C683&ssl=1",1024,683,true],"1536x1536":["https:\/\/i0.wp.com\/ismaelcolosi.com.br\/wp-content\/uploads\/2024\/07\/senac-ribeirao-preto_2024-07-26_14-17-16_jpg_2024-07-26_14-17-16.webp.webp?fit=1200%2C800&ssl=1",1200,800,true],"2048x2048":["https:\/\/i0.wp.com\/ismaelcolosi.com.br\/wp-content\/uploads\/2024\/07\/senac-ribeirao-preto_2024-07-26_14-17-16_jpg_2024-07-26_14-17-16.webp.webp?fit=1200%2C800&ssl=1",1200,800,true],"really-simple-thumb":["https:\/\/i0.wp.com\/ismaelcolosi.com.br\/wp-content\/uploads\/2024\/07\/senac-ribeirao-preto_2024-07-26_14-17-16_jpg_2024-07-26_14-17-16.webp.webp?resize=370%2C247&ssl=1",370,247,true]},"uagb_author_info":{"display_name":"ismaelcolosi.com.br","author_link":"https:\/\/ismaelcolosi.com.br\/index.php\/author\/vidareal-online\/"},"uagb_comment_info":0,"uagb_excerpt":"O Senac de Ribeir\u00e3o Preto est\u00e1 oferecendo mais de 700 de bolsas de estudo 100% gratuitas para o segundo semestre do ano. As vagas fazem...","jetpack-related-posts":[{"id":64296,"url":"https:\/\/ismaelcolosi.com.br\/index.php\/2024\/09\/06\/ribeirao-preto-tem-mais-de-900-vagas-para-cursos-tecnicos-e-livres-gratuitos\/","url_meta":{"origin":59578,"position":0},"title":"Ribeir\u00e3o Preto tem mais de 900 vagas para cursos t\u00e9cnicos e livres gratuitos","author":"ismaelcolosi.com.br","date":"6 de September de 2024","format":false,"excerpt":"O Senac de Ribeir\u00e3o Preto est\u00e1 oferecendo mais de 900 bolsas de estudos 100% gratuitas para cursos t\u00e9cnicos e livres at\u00e9 o fim de 2024. As vagas fazem parte do Programa Senac de Gratuidade e devem ser solicitadas 20 dias antes do in\u00edcio do curso desejado \u2013 para acompanhar as\u2026","rel":"","context":"In &quot;Not\u00edcias de Ribeir\u00e3o Preto-SP e Regi\u00e3o&quot;","block_context":{"text":"Not\u00edcias de Ribeir\u00e3o Preto-SP e Regi\u00e3o","link":"https:\/\/ismaelcolosi.com.br\/index.php\/category\/noticias-de-ribeirao-preto-sp-e-regiao-ismael-colosi\/"},"img":{"alt_text":"","src":"https:\/\/i0.wp.com\/ismaelcolosi.com.br\/wp-content\/uploads\/2024\/09\/Copia-de-Copia-de-Copia-de-TAMANHO-EXATO-PARA-FOTOS-NO-SISTEMA-NOVO-34_2024-09-06_18-18-08_png_2024-09-06_18-18-08.webp.webp?fit=1200%2C675&ssl=1&resize=350%2C200","width":350,"height":200,"srcset":"https:\/\/i0.wp.com\/ismaelcolosi.com.br\/wp-content\/uploads\/2024\/09\/Copia-de-Copia-de-Copia-de-TAMANHO-EXATO-PARA-FOTOS-NO-SISTEMA-NOVO-34_2024-09-06_18-18-08_png_2024-09-06_18-18-08.webp.webp?fit=1200%2C675&ssl=1&resize=350%2C200 1x, https:\/\/i0.wp.com\/ismaelcolosi.com.br\/wp-content\/uploads\/2024\/09\/Copia-de-Copia-de-Copia-de-TAMANHO-EXATO-PARA-FOTOS-NO-SISTEMA-NOVO-34_2024-09-06_18-18-08_png_2024-09-06_18-18-08.webp.webp?fit=1200%2C675&ssl=1&resize=525%2C300 1.5x, https:\/\/i0.wp.com\/ismaelcolosi.com.br\/wp-content\/uploads\/2024\/09\/Copia-de-Copia-de-Copia-de-TAMANHO-EXATO-PARA-FOTOS-NO-SISTEMA-NOVO-34_2024-09-06_18-18-08_png_2024-09-06_18-18-08.webp.webp?fit=1200%2C675&ssl=1&resize=700%2C400 2x, https:\/\/i0.wp.com\/ismaelcolosi.com.br\/wp-content\/uploads\/2024\/09\/Copia-de-Copia-de-Copia-de-TAMANHO-EXATO-PARA-FOTOS-NO-SISTEMA-NOVO-34_2024-09-06_18-18-08_png_2024-09-06_18-18-08.webp.webp?fit=1200%2C675&ssl=1&resize=1050%2C600 3x"},"classes":[]},{"id":48798,"url":"https:\/\/ismaelcolosi.com.br\/index.php\/2024\/05\/06\/ribeirao-tem-mais-de-850-bolsas-de-estudo-100-gratuitas-em-cursos-tecnicos-e-livres\/","url_meta":{"origin":59578,"position":1},"title":"Ribeir\u00e3o tem mais de 850 bolsas de estudo 100% gratuitas em cursos t\u00e9cnicos e livres","author":"ismaelcolosi.com.br","date":"6 de May de 2024","format":false,"excerpt":"O Senac de Ribeir\u00e3o Preto est\u00e1 com mais de 850 bolsas de estudo 100% gratuitas dispon\u00edveis para os cursos livres e t\u00e9cnicos, v\u00e1lidas para os meses de maio e junho. As vagas fazem parte do Programa Senac de Gratuidade e devem ser solicitadas a partir de 20 dias antes do\u2026","rel":"","context":"In &quot;Not\u00edcias de Ribeir\u00e3o Preto-SP e Regi\u00e3o&quot;","block_context":{"text":"Not\u00edcias de Ribeir\u00e3o Preto-SP e Regi\u00e3o","link":"https:\/\/ismaelcolosi.com.br\/index.php\/category\/noticias-de-ribeirao-preto-sp-e-regiao-ismael-colosi\/"},"img":{"alt_text":"","src":"https:\/\/i0.wp.com\/ismaelcolosi.com.br\/wp-content\/uploads\/2024\/05\/senac-ribeirao.jpg?fit=1200%2C674&ssl=1&resize=350%2C200","width":350,"height":200,"srcset":"https:\/\/i0.wp.com\/ismaelcolosi.com.br\/wp-content\/uploads\/2024\/05\/senac-ribeirao.jpg?fit=1200%2C674&ssl=1&resize=350%2C200 1x, https:\/\/i0.wp.com\/ismaelcolosi.com.br\/wp-content\/uploads\/2024\/05\/senac-ribeirao.jpg?fit=1200%2C674&ssl=1&resize=525%2C300 1.5x, https:\/\/i0.wp.com\/ismaelcolosi.com.br\/wp-content\/uploads\/2024\/05\/senac-ribeirao.jpg?fit=1200%2C674&ssl=1&resize=700%2C400 2x, https:\/\/i0.wp.com\/ismaelcolosi.com.br\/wp-content\/uploads\/2024\/05\/senac-ribeirao.jpg?fit=1200%2C674&ssl=1&resize=1050%2C600 3x"},"classes":[]},{"id":28943,"url":"https:\/\/ismaelcolosi.com.br\/index.php\/2024\/01\/17\/senac-oferta-mais-de-2-300-bolsas-gratuitas\/","url_meta":{"origin":59578,"position":2},"title":"Senac oferta mais de 2.300 bolsas gratuitas\u00a0","author":"ismaelcolosi.com.br","date":"17 de January de 2024","format":false,"excerpt":"16 de janeiro de 2024 | 15:0016 de janeiro de 2024 | 9:18 0In\u00edcio de ano \u00e9 sempre tempo de renova\u00e7\u00e3o e busca de aprimoramento pessoal e profissional. A realiza\u00e7\u00e3o no trabalho exige, cada vez mais, aprimoramento t\u00e9cnico, dedica\u00e7\u00e3o e compet\u00eancias sociais. Tanto que, para o in\u00edcio de 2024, o\u2026","rel":"","context":"In &quot;Not\u00edcias de Ribeir\u00e3o Preto-SP e Regi\u00e3o&quot;","block_context":{"text":"Not\u00edcias de Ribeir\u00e3o Preto-SP e Regi\u00e3o","link":"https:\/\/ismaelcolosi.com.br\/index.php\/category\/noticias-de-ribeirao-preto-sp-e-regiao-ismael-colosi\/"},"img":{"alt_text":"","src":"https:\/\/i0.wp.com\/ismaelcolosi.com.br\/wp-content\/uploads\/2024\/01\/Senac-Alfredo-Risk-scaled.jpg?fit=967%2C645&ssl=1&resize=350%2C200","width":350,"height":200,"srcset":"https:\/\/i0.wp.com\/ismaelcolosi.com.br\/wp-content\/uploads\/2024\/01\/Senac-Alfredo-Risk-scaled.jpg?fit=967%2C645&ssl=1&resize=350%2C200 1x, https:\/\/i0.wp.com\/ismaelcolosi.com.br\/wp-content\/uploads\/2024\/01\/Senac-Alfredo-Risk-scaled.jpg?fit=967%2C645&ssl=1&resize=525%2C300 1.5x, https:\/\/i0.wp.com\/ismaelcolosi.com.br\/wp-content\/uploads\/2024\/01\/Senac-Alfredo-Risk-scaled.jpg?fit=967%2C645&ssl=1&resize=700%2C400 2x"},"classes":[]},{"id":58020,"url":"https:\/\/ismaelcolosi.com.br\/index.php\/2024\/07\/26\/ribeirao-preto-conta-com-700-vagas-em-cursos-tecnicos-gratuitos-veja-como-participar\/","url_meta":{"origin":59578,"position":3},"title":"Ribeir\u00e3o Preto conta com 700 vagas em cursos t\u00e9cnicos gratuitos; Veja como participar","author":"ismaelcolosi.com.br","date":"26 de July de 2024","format":false,"excerpt":"O Senac de Ribeir\u00e3o Preto oferece quase 700 bolsas de estudos gratuitas para cursos t\u00e9cnicos no segundo semestre de 2024. Entre as op\u00e7\u00f5es, est\u00e3o os cursos t\u00e9cnicos em restaurante e bar e internet das coisas. Al\u00e9m destes t\u00edtulos, tamb\u00e9m s\u00e3o oferecidas bolsas nos cursos t\u00e9cnicos a seguir: T\u00e9cnico em Administra\u00e7\u00e3o;\u2026","rel":"","context":"In &quot;Not\u00edcias de Ribeir\u00e3o Preto-SP e Regi\u00e3o&quot;","block_context":{"text":"Not\u00edcias de Ribeir\u00e3o Preto-SP e Regi\u00e3o","link":"https:\/\/ismaelcolosi.com.br\/index.php\/category\/noticias-de-ribeirao-preto-sp-e-regiao-ismael-colosi\/"},"img":{"alt_text":"","src":"https:\/\/i0.wp.com\/ismaelcolosi.com.br\/wp-content\/uploads\/2024\/07\/senac-ribeirao-preto_2024-07-26_14-17-16_jpg_2024-07-26_14-17-16.webp.webp?fit=1200%2C800&ssl=1&resize=350%2C200","width":350,"height":200,"srcset":"https:\/\/i0.wp.com\/ismaelcolosi.com.br\/wp-content\/uploads\/2024\/07\/senac-ribeirao-preto_2024-07-26_14-17-16_jpg_2024-07-26_14-17-16.webp.webp?fit=1200%2C800&ssl=1&resize=350%2C200 1x, https:\/\/i0.wp.com\/ismaelcolosi.com.br\/wp-content\/uploads\/2024\/07\/senac-ribeirao-preto_2024-07-26_14-17-16_jpg_2024-07-26_14-17-16.webp.webp?fit=1200%2C800&ssl=1&resize=525%2C300 1.5x, https:\/\/i0.wp.com\/ismaelcolosi.com.br\/wp-content\/uploads\/2024\/07\/senac-ribeirao-preto_2024-07-26_14-17-16_jpg_2024-07-26_14-17-16.webp.webp?fit=1200%2C800&ssl=1&resize=700%2C400 2x, https:\/\/i0.wp.com\/ismaelcolosi.com.br\/wp-content\/uploads\/2024\/07\/senac-ribeirao-preto_2024-07-26_14-17-16_jpg_2024-07-26_14-17-16.webp.webp?fit=1200%2C800&ssl=1&resize=1050%2C600 3x"},"classes":[]},{"id":44077,"url":"https:\/\/ismaelcolosi.com.br\/index.php\/2024\/03\/25\/ribeirao-e-regiao-tem-mais-de-mil-bolsas-de-estudos-100-gratuitas-para-cursos-tecnicos-e-livres\/","url_meta":{"origin":59578,"position":4},"title":"Ribeir\u00e3o e regi\u00e3o tem mais de mil bolsas de estudos 100% gratuitas para cursos t\u00e9cnicos e livres","author":"ismaelcolosi.com.br","date":"25 de March de 2024","format":false,"excerpt":"Al\u00e9m das 960 vagas que o Senac est\u00e1 oferecendo em Ribeir\u00e3o Preto, a institui\u00e7\u00e3o tamb\u00e9m est\u00e1 com oportunidades para as unidades de Barretos, Bebedouro, Franca e Jaboticabal, totalizando mais de mil bolsas de estudo gratuitas nas cinco unidades. As oportunidades s\u00e3o v\u00e1lidas para os meses de mar\u00e7o, abril e maio\u2026","rel":"","context":"In &quot;Not\u00edcias de Ribeir\u00e3o Preto-SP e Regi\u00e3o&quot;","block_context":{"text":"Not\u00edcias de Ribeir\u00e3o Preto-SP e Regi\u00e3o","link":"https:\/\/ismaelcolosi.com.br\/index.php\/category\/noticias-de-ribeirao-preto-sp-e-regiao-ismael-colosi\/"},"img":{"alt_text":"","src":"","width":0,"height":0},"classes":[]},{"id":45676,"url":"https:\/\/ismaelcolosi.com.br\/index.php\/2024\/04\/05\/ribeirao-preto-recebe-oficina-para-auxiliar-contribuintes-a-realizar-declaracao-do-irpf\/","url_meta":{"origin":59578,"position":5},"title":"Ribeir\u00e3o Preto recebe oficina para auxiliar contribuintes a realizar declara\u00e7\u00e3o do IRPF","author":"ismaelcolosi.com.br","date":"5 de April de 2024","format":false,"excerpt":"O Senac de Ribeir\u00e3o Preto, realiza nesta sexta-feira (5) e no s\u00e1bado (06), a 2\u00aa Jornada do Imposto de Renda, evento que busca auxiliar os contribuintes a realizarem suas declara\u00e7\u00f5es, que devem ser entregues at\u00e9 o dia 31 de maio. As oficinas gratuitas acontecem na avenida Capit\u00e3o Salom\u00e3o, 2.133, no\u2026","rel":"","context":"In &quot;Not\u00edcias de Ribeir\u00e3o Preto-SP e Regi\u00e3o&quot;","block_context":{"text":"Not\u00edcias de Ribeir\u00e3o Preto-SP e Regi\u00e3o","link":"https:\/\/ismaelcolosi.com.br\/index.php\/category\/noticias-de-ribeirao-preto-sp-e-regiao-ismael-colosi\/"},"img":{"alt_text":"","src":"https:\/\/i0.wp.com\/ismaelcolosi.com.br\/wp-content\/uploads\/2024\/04\/imposto-de-renda.jpg?fit=1170%2C700&ssl=1&resize=350%2C200","width":350,"height":200,"srcset":"https:\/\/i0.wp.com\/ismaelcolosi.com.br\/wp-content\/uploads\/2024\/04\/imposto-de-renda.jpg?fit=1170%2C700&ssl=1&resize=350%2C200 1x, https:\/\/i0.wp.com\/ismaelcolosi.com.br\/wp-content\/uploads\/2024\/04\/imposto-de-renda.jpg?fit=1170%2C700&ssl=1&resize=525%2C300 1.5x, https:\/\/i0.wp.com\/ismaelcolosi.com.br\/wp-content\/uploads\/2024\/04\/imposto-de-renda.jpg?fit=1170%2C700&ssl=1&resize=700%2C400 2x, https:\/\/i0.wp.com\/ismaelcolosi.com.br\/wp-content\/uploads\/2024\/04\/imposto-de-renda.jpg?fit=1170%2C700&ssl=1&resize=1050%2C600 3x"},"classes":[]}],"jetpack_sharing_enabled":true,"jetpack_shortlink":"https:\/\/wp.me\/pfMlyK-fuW","_links":{"self":[{"href":"https:\/\/ismaelcolosi.com.br\/index.php\/wp-json\/wp\/v2\/posts\/59578","targetHints":{"allow":["GET"]}}],"collection":[{"href":"https:\/\/ismaelcolosi.com.br\/index.php\/wp-json\/wp\/v2\/posts"}],"about":[{"href":"https:\/\/ismaelcolosi.com.br\/index.php\/wp-json\/wp\/v2\/types\/post"}],"author":[{"embeddable":true,"href":"https:\/\/ismaelcolosi.com.br\/index.php\/wp-json\/wp\/v2\/users\/1"}],"replies":[{"embeddable":true,"href":"https:\/\/ismaelcolosi.com.br\/index.php\/wp-json\/wp\/v2\/comments?post=59578"}],"version-history":[{"count":0,"href":"https:\/\/ismaelcolosi.com.br\/index.php\/wp-json\/wp\/v2\/posts\/59578\/revisions"}],"wp:featuredmedia":[{"embeddable":true,"href":"https:\/\/ismaelcolosi.com.br\/index.php\/wp-json\/wp\/v2\/media\/58021"}],"wp:attachment":[{"href":"https:\/\/ismaelcolosi.com.br\/index.php\/wp-json\/wp\/v2\/media?parent=59578"}],"wp:term":[{"taxonomy":"category","embeddable":true,"href":"https:\/\/ismaelcolosi.com.br\/index.php\/wp-json\/wp\/v2\/categories?post=59578"},{"taxonomy":"post_tag","embeddable":true,"href":"https:\/\/ismaelcolosi.com.br\/index.php\/wp-json\/wp\/v2\/tags?post=59578"}],"curies":[{"name":"wp","href":"https:\/\/api.w.org\/{rel}","templated":true}]}}