{"id":59574,"date":"2024-08-09T15:30:00","date_gmt":"2024-08-09T18:30:00","guid":{"rendered":"https:\/\/ismaelcolosi.com.br\/index.php\/2024\/08\/09\/o-que-se-sabe-sobre-a-queda-de-aviao-no-interior-de-sao-paulo\/"},"modified":"2024-08-09T15:30:00","modified_gmt":"2024-08-09T18:30:00","slug":"o-que-se-sabe-sobre-a-queda-de-aviao-no-interior-de-sao-paulo","status":"publish","type":"post","link":"https:\/\/ismaelcolosi.com.br\/index.php\/2024\/08\/09\/o-que-se-sabe-sobre-a-queda-de-aviao-no-interior-de-sao-paulo\/","title":{"rendered":"O que se sabe sobre a queda de avi\u00e3o no interior de S\u00e3o Paulo"},"content":{"rendered":"<p> <br \/>\n<\/p>\n<div>\n<p>O avi\u00e3o que caiu em<strong> Vinhedo<\/strong>, no<strong> interior de S\u00e3o Paulo<\/strong>, saiu de <strong>Cascavel-PR<\/strong>, \u00e0s 11h40, e tinha como destino o<strong> aeroporto Internacional de Guarulhos<\/strong>. <mark style=\"background-color:#fcb900\" class=\"has-inline-color has-black-color\">O avi\u00e3o era da<strong> Voepass<\/strong>, empresa que tem sede em <strong>Ribeir\u00e3o Preto<\/strong>.<\/mark><\/p>\n<p>Segundo a empresa,<mark style=\"background-color:#fcb900\" class=\"has-inline-color has-black-color\"> estavam no avi\u00e3o 58 passageiros, al\u00e9m de quatro tripulantes<\/mark>. O avi\u00e3o \u00e9 bimotor, modelo ATR-72. \u00a0A queda aconteceu na regi\u00e3o do bairro Capela, em Vinhedo.<\/p>\n<p>De acordo com o<strong> Governo de S\u00e3o Paulo<\/strong>, equipes do <strong>Corpo de Bombeiros<\/strong>, da <strong>Pol\u00edcia Militar<\/strong> e da <strong>Defesa Civil<\/strong> do estado est\u00e3o no local, um condom\u00ednio, no bairro Capela, para o atendimento da ocorr\u00eancia.<\/p>\n<p>As equipes do<strong> Hospital das Cl\u00ednicas da Unicamp <\/strong>e o <strong>Hospital Estadual de Sumar\u00e9 <\/strong>est\u00e3o preparadas para o atendimento de eventuais pacientes que forem encaminhados.<\/p>\n<h4 class=\"wp-block-heading\"><strong>Governador vai ao local<\/strong><\/h4>\n<p>O governador <strong>Tarc\u00edsio de Freitas (REP)<\/strong>, que estava em Vit\u00f3ria \u2013ES, para reuni\u00f5es do Cons\u00f3rcio de Integra\u00e7\u00e3o Sul e Sudeste, est\u00e1 retornando para o Estado de S\u00e3o Paulo e vai para o munic\u00edpio de Vinhedo acompanhar os trabalhos das equipes.<\/p>\n<p>O <strong>Cenipa (Centro de Investiga\u00e7\u00e3o e Preven\u00e7\u00e3o de Acidentes Aeron\u00e1uticos)<\/strong> informou que a<strong> For\u00e7a A\u00e9rea Brasileira<\/strong> foi acionada para atuar na ocorr\u00eancia e que investigadores do \u00f3rg\u00e3o e do Quarto Servi\u00e7o Regional de Investiga\u00e7\u00e3o e Preven\u00e7\u00e3o de Acidentes Aeron\u00e1uticos j\u00e1 est\u00e3o a caminho para realizar a A\u00e7\u00e3o Inicial da ocorr\u00eancia.<\/p>\n<h4 class=\"wp-block-heading\"><strong>O que diz a Voepass?<\/strong><\/h4>\n<p><em>A VOEPASS Linhas A\u00e9reas informa a ocorr\u00eancia de um acidente envolvendo o voo 2283- avi\u00e3o PS \u2013 VPB, nesta ter\u00e7a-feira, dia 09 de agosto, na regi\u00e3o de Vinhedo\/SP. A aeronave decolou de Cascavel\/PR com destino ao Aeroporto de Guarulhos, com 58 passageiros e 4 tripulantes a bordo.<\/em><\/p>\n<p><em>A VOEPASS acionou todos os meios para apoiar os envolvidos. N\u00e3o h\u00e1 ainda confirma\u00e7\u00e3o de como ocorreu o acidente e nem da situa\u00e7\u00e3o atual das pessoas que estavam a bordo.<\/em><\/p>\n<p><em>A Companhia est\u00e1 prestando, pelo telefone 0800 9419712, dispon\u00edvel 24h, informa\u00e7\u00f5es a todos os seus passageiros, familiares e colaboradores.<\/em><\/p>\n<p>J\u00e1 a <strong>Latam<\/strong>, que atua em parceria Codesahre com a Voepass, informou que n\u00e3o vai se manifestar sobre o caso.<\/p>\n<blockquote class=\"instagram-media\" data-instgrm-permalink=\"https:\/\/www.instagram.com\/reel\/C-dSYAxue-s\/?utm_source=ig_embed&amp;utm_campaign=loading\" data-instgrm-version=\"14\" style=\" background:#FFF; border:0; border-radius:3px; box-shadow:0 0 1px 0 rgba(0,0,0,0.5),0 1px 10px 0 rgba(0,0,0,0.15); margin: 1px; max-width:540px; min-width:326px; padding:0; width:99.375%; width:-webkit-calc(100% - 2px); width:calc(100% - 2px);\"\/>\n<p>SAIBA MAIS<br \/>USP Ribeir\u00e3o Preto tem concurso p\u00fablico com sal\u00e1rios de R$ 15 mil<\/p>\n<h4 class=\"wp-block-heading\"><strong>FIQUE ON<\/strong><\/h4>\n<p>Fique ligado em tudo que acontece em Ribeir\u00e3o Preto e regi\u00e3o. Siga os perfis do\u00a0<strong>acidade on<\/strong>\u00a0no\u00a0<a href=\"https:\/\/www.instagram.com\/acidadeonribeirao\/\" target=\"_blank\" rel=\"noreferrer noopener\">Instagram<\/a>\u00a0e no\u00a0<a href=\"https:\/\/www.facebook.com\/acidadeonribeirao\/\" target=\"_blank\" rel=\"noreferrer noopener\">Facebook<\/a>.<\/p>\n<p>Receba not\u00edcias do\u00a0<strong>acidade on\u00a0<\/strong>no WhatsApp.\u00a0<a href=\"https:\/\/chat.whatsapp.com\/Dtv9mxhy6V5BJBotM2OQ5k\" target=\"_blank\" rel=\"noreferrer noopener\">Para entrar no grupo, basta clicar aqui.<\/a><\/p>\n<p>Fa\u00e7a uma den\u00fancia ou sugira uma reportagem sobre Ribeir\u00e3o Preto e regi\u00e3o pelo WhatsApp: 16 99117 7802.<\/p>\n<p>VEJA TAMB\u00c9M<br \/>Elei\u00e7\u00f5es 2024: como denunciar fake news ao TSE?<\/p>\n<p><!-- CONTENT END 1 -->\n<\/div>\n<p><script async src=\"\/\/www.instagram.com\/embed.js\"><\/script><br \/>\n<br \/><br \/>\n<br \/><a href=\"https:\/\/www.acidadeon.com\/ribeiraopreto\/cotidiano\/o-que-se-sabe-sobre-a-queda-de-aviao-no-interior-de-sao-paulo\/\">Source link <\/a><\/p>\n","protected":false},"excerpt":{"rendered":"<p>O avi\u00e3o que caiu em Vinhedo, no interior de S\u00e3o Paulo, saiu de Cascavel-PR, \u00e0s 11h40, e tinha como destino o aeroporto Internacional de Guarulhos&#8230;.<\/p>\n","protected":false},"author":1,"featured_media":59575,"comment_status":"open","ping_status":"open","sticky":false,"template":"","format":"standard","meta":{"_uag_custom_page_level_css":"","advanced_seo_description":"","jetpack_seo_html_title":"","jetpack_seo_noindex":false,"jetpack_post_was_ever_published":false,"_jetpack_newsletter_access":"","_jetpack_dont_email_post_to_subs":false,"_jetpack_newsletter_tier_id":0,"_jetpack_memberships_contains_paywalled_content":false,"_jetpack_memberships_contains_paid_content":false,"footnotes":"","jetpack_publicize_message":"","jetpack_publicize_feature_enabled":true,"jetpack_social_post_already_shared":true,"jetpack_social_options":{"image_generator_settings":{"template":"highway","default_image_id":0,"font":"","enabled":false},"version":2}},"categories":[11],"tags":[],"class_list":["post-59574","post","type-post","status-publish","format-standard","has-post-thumbnail","hentry","category-noticias-de-ribeirao-preto-sp-e-regiao-ismael-colosi"],"jetpack_publicize_connections":[],"jetpack_featured_media_url":"https:\/\/i0.wp.com\/ismaelcolosi.com.br\/wp-content\/uploads\/2024\/08\/queda-de-aviao_2024-08-09_18-21-00_jpeg_2024-08-09_18-21-00.webp.webp?fit=1200%2C675&ssl=1","uagb_featured_image_src":{"full":["https:\/\/i0.wp.com\/ismaelcolosi.com.br\/wp-content\/uploads\/2024\/08\/queda-de-aviao_2024-08-09_18-21-00_jpeg_2024-08-09_18-21-00.webp.webp?fit=1200%2C675&ssl=1",1200,675,false],"thumbnail":["https:\/\/i0.wp.com\/ismaelcolosi.com.br\/wp-content\/uploads\/2024\/08\/queda-de-aviao_2024-08-09_18-21-00_jpeg_2024-08-09_18-21-00.webp.webp?resize=150%2C150&ssl=1",150,150,true],"medium":["https:\/\/i0.wp.com\/ismaelcolosi.com.br\/wp-content\/uploads\/2024\/08\/queda-de-aviao_2024-08-09_18-21-00_jpeg_2024-08-09_18-21-00.webp.webp?fit=300%2C169&ssl=1",300,169,true],"medium_large":["https:\/\/i0.wp.com\/ismaelcolosi.com.br\/wp-content\/uploads\/2024\/08\/queda-de-aviao_2024-08-09_18-21-00_jpeg_2024-08-09_18-21-00.webp.webp?fit=768%2C432&ssl=1",768,432,true],"large":["https:\/\/i0.wp.com\/ismaelcolosi.com.br\/wp-content\/uploads\/2024\/08\/queda-de-aviao_2024-08-09_18-21-00_jpeg_2024-08-09_18-21-00.webp.webp?fit=1024%2C576&ssl=1",1024,576,true],"1536x1536":["https:\/\/i0.wp.com\/ismaelcolosi.com.br\/wp-content\/uploads\/2024\/08\/queda-de-aviao_2024-08-09_18-21-00_jpeg_2024-08-09_18-21-00.webp.webp?fit=1200%2C675&ssl=1",1200,675,true],"2048x2048":["https:\/\/i0.wp.com\/ismaelcolosi.com.br\/wp-content\/uploads\/2024\/08\/queda-de-aviao_2024-08-09_18-21-00_jpeg_2024-08-09_18-21-00.webp.webp?fit=1200%2C675&ssl=1",1200,675,true],"really-simple-thumb":["https:\/\/i0.wp.com\/ismaelcolosi.com.br\/wp-content\/uploads\/2024\/08\/queda-de-aviao_2024-08-09_18-21-00_jpeg_2024-08-09_18-21-00.webp.webp?resize=370%2C247&ssl=1",370,247,true]},"uagb_author_info":{"display_name":"ismaelcolosi.com.br","author_link":"https:\/\/ismaelcolosi.com.br\/index.php\/author\/vidareal-online\/"},"uagb_comment_info":0,"uagb_excerpt":"O avi\u00e3o que caiu em Vinhedo, no interior de S\u00e3o Paulo, saiu de Cascavel-PR, \u00e0s 11h40, e tinha como destino o aeroporto Internacional de Guarulhos....","jetpack-related-posts":[{"id":59568,"url":"https:\/\/ismaelcolosi.com.br\/index.php\/2024\/08\/09\/aviao-cai-no-interior-de-sp\/","url_meta":{"origin":59574,"position":0},"title":"Avi\u00e3o cai no interior de SP","author":"ismaelcolosi.com.br","date":"9 de August de 2024","format":false,"excerpt":"Um avi\u00e3o caiu no come\u00e7o da tarde desta sexta-feira (9), na regi\u00e3o do bairro Capela, em Vinhedo, interior de S\u00e3o Paulo. De acordo com as primeiras informa\u00e7\u00f5es, a aeronave possui capacidade para 68 passageiros e caiu na rua Jo\u00e3o Edueta, altura do n\u00famero 500, na regi\u00e3o do bairro Capela, pr\u00f3ximo\u2026","rel":"","context":"In &quot;Not\u00edcias de Ribeir\u00e3o Preto-SP e Regi\u00e3o&quot;","block_context":{"text":"Not\u00edcias de Ribeir\u00e3o Preto-SP e Regi\u00e3o","link":"https:\/\/ismaelcolosi.com.br\/index.php\/category\/noticias-de-ribeirao-preto-sp-e-regiao-ismael-colosi\/"},"img":{"alt_text":"","src":"https:\/\/i0.wp.com\/ismaelcolosi.com.br\/wp-content\/uploads\/2024\/08\/quedaaviao_2024-08-09_16-44-05_jpg_2024-08-09_16-44-05_2024-08-09_17-08-34.webp.webp?fit=371%2C243&ssl=1&resize=350%2C200","width":350,"height":200},"classes":[]},{"id":59582,"url":"https:\/\/ismaelcolosi.com.br\/index.php\/2024\/08\/09\/lula-e-tarcisio-lamentam-queda-de-aviao-no-interior-de-sp\/","url_meta":{"origin":59574,"position":1},"title":"Lula e Tarc\u00edsio lamentam queda de avi\u00e3o no interior de SP","author":"ismaelcolosi.com.br","date":"9 de August de 2024","format":false,"excerpt":"O presidente Luiz In\u00e1cio Lula da Silva pediu um minuto de sil\u00eancio para as v\u00edtimas da queda do avi\u00e3o com 58 passageiros e quatro tripulantes em Vinhedo, operado pela Voepass, com sede em Ribeir\u00e3o Preto, nesta sexta-feira (9). Queria que todos se colocassem de p\u00e9 para que a gente fizesse\u2026","rel":"","context":"In &quot;Not\u00edcias de Ribeir\u00e3o Preto-SP e Regi\u00e3o&quot;","block_context":{"text":"Not\u00edcias de Ribeir\u00e3o Preto-SP e Regi\u00e3o","link":"https:\/\/ismaelcolosi.com.br\/index.php\/category\/noticias-de-ribeirao-preto-sp-e-regiao-ismael-colosi\/"},"img":{"alt_text":"","src":"https:\/\/i0.wp.com\/ismaelcolosi.com.br\/wp-content\/uploads\/2024\/08\/Copia-de-Copia-de-TAMANHO-EXATO-PARA-FOTOS-NO-SISTEMA-NOVO-2024-08-09T162854.895_2024-08-09_19-29-00_png_2024-08-09_19-29-00.webp.webp?fit=1200%2C675&ssl=1&resize=350%2C200","width":350,"height":200,"srcset":"https:\/\/i0.wp.com\/ismaelcolosi.com.br\/wp-content\/uploads\/2024\/08\/Copia-de-Copia-de-TAMANHO-EXATO-PARA-FOTOS-NO-SISTEMA-NOVO-2024-08-09T162854.895_2024-08-09_19-29-00_png_2024-08-09_19-29-00.webp.webp?fit=1200%2C675&ssl=1&resize=350%2C200 1x, https:\/\/i0.wp.com\/ismaelcolosi.com.br\/wp-content\/uploads\/2024\/08\/Copia-de-Copia-de-TAMANHO-EXATO-PARA-FOTOS-NO-SISTEMA-NOVO-2024-08-09T162854.895_2024-08-09_19-29-00_png_2024-08-09_19-29-00.webp.webp?fit=1200%2C675&ssl=1&resize=525%2C300 1.5x, https:\/\/i0.wp.com\/ismaelcolosi.com.br\/wp-content\/uploads\/2024\/08\/Copia-de-Copia-de-TAMANHO-EXATO-PARA-FOTOS-NO-SISTEMA-NOVO-2024-08-09T162854.895_2024-08-09_19-29-00_png_2024-08-09_19-29-00.webp.webp?fit=1200%2C675&ssl=1&resize=700%2C400 2x, https:\/\/i0.wp.com\/ismaelcolosi.com.br\/wp-content\/uploads\/2024\/08\/Copia-de-Copia-de-TAMANHO-EXATO-PARA-FOTOS-NO-SISTEMA-NOVO-2024-08-09T162854.895_2024-08-09_19-29-00_png_2024-08-09_19-29-00.webp.webp?fit=1200%2C675&ssl=1&resize=1050%2C600 3x"},"classes":[]},{"id":59598,"url":"https:\/\/ismaelcolosi.com.br\/index.php\/2024\/08\/09\/lula-e-tarcisio-lamentam-queda-de-aviao-no-interior-de-sp-2\/","url_meta":{"origin":59574,"position":2},"title":"Lula e Tarc\u00edsio lamentam queda de avi\u00e3o no interior de SP","author":"ismaelcolosi.com.br","date":"9 de August de 2024","format":false,"excerpt":"O presidente Luiz In\u00e1cio Lula da Silva pediu um minuto de sil\u00eancio para as v\u00edtimas da queda do avi\u00e3o com 58 passageiros e quatro tripulantes em Vinhedo, operado pela Voepass, com sede em Ribeir\u00e3o Preto, nesta sexta-feira (9). Queria que todos se colocassem de p\u00e9 para que a gente fizesse\u2026","rel":"","context":"In &quot;Not\u00edcias de Ribeir\u00e3o Preto-SP e Regi\u00e3o&quot;","block_context":{"text":"Not\u00edcias de Ribeir\u00e3o Preto-SP e Regi\u00e3o","link":"https:\/\/ismaelcolosi.com.br\/index.php\/category\/noticias-de-ribeirao-preto-sp-e-regiao-ismael-colosi\/"},"img":{"alt_text":"","src":"https:\/\/i0.wp.com\/ismaelcolosi.com.br\/wp-content\/uploads\/2024\/08\/Copia-de-Copia-de-TAMANHO-EXATO-PARA-FOTOS-NO-SISTEMA-NOVO-2024-08-09T162854.895_2024-08-09_19-29-00_png_2024-08-09_19-29-00.webp.webp?fit=1200%2C675&ssl=1&resize=350%2C200","width":350,"height":200,"srcset":"https:\/\/i0.wp.com\/ismaelcolosi.com.br\/wp-content\/uploads\/2024\/08\/Copia-de-Copia-de-TAMANHO-EXATO-PARA-FOTOS-NO-SISTEMA-NOVO-2024-08-09T162854.895_2024-08-09_19-29-00_png_2024-08-09_19-29-00.webp.webp?fit=1200%2C675&ssl=1&resize=350%2C200 1x, https:\/\/i0.wp.com\/ismaelcolosi.com.br\/wp-content\/uploads\/2024\/08\/Copia-de-Copia-de-TAMANHO-EXATO-PARA-FOTOS-NO-SISTEMA-NOVO-2024-08-09T162854.895_2024-08-09_19-29-00_png_2024-08-09_19-29-00.webp.webp?fit=1200%2C675&ssl=1&resize=525%2C300 1.5x, https:\/\/i0.wp.com\/ismaelcolosi.com.br\/wp-content\/uploads\/2024\/08\/Copia-de-Copia-de-TAMANHO-EXATO-PARA-FOTOS-NO-SISTEMA-NOVO-2024-08-09T162854.895_2024-08-09_19-29-00_png_2024-08-09_19-29-00.webp.webp?fit=1200%2C675&ssl=1&resize=700%2C400 2x, https:\/\/i0.wp.com\/ismaelcolosi.com.br\/wp-content\/uploads\/2024\/08\/Copia-de-Copia-de-TAMANHO-EXATO-PARA-FOTOS-NO-SISTEMA-NOVO-2024-08-09T162854.895_2024-08-09_19-29-00_png_2024-08-09_19-29-00.webp.webp?fit=1200%2C675&ssl=1&resize=1050%2C600 3x"},"classes":[]},{"id":59594,"url":"https:\/\/ismaelcolosi.com.br\/index.php\/2024\/08\/09\/especialista-diz-que-aviao-da-voepass-entrou-em-parafuso-chato-entenda\/","url_meta":{"origin":59574,"position":3},"title":"Especialista diz que avi\u00e3o da Voepass entrou em \u2018parafuso chato\u2019; Entenda","author":"ismaelcolosi.com.br","date":"9 de August de 2024","format":false,"excerpt":"O youtuber e especialista em avia\u00e7\u00e3o Lito Sousa, do canal Avi\u00f5es e M\u00fasicas, disse que o avi\u00e3o da Voepass que caiu em Vinhedo, no interior de S\u00e3o Paulo, entrou em uma situa\u00e7\u00e3o de voo chamada \u201cflat spin\u201d ou \u201cparafuso chato\u201d. Ao todo, 61 pessoas estavam no avi\u00e3o, sendo 57 passageiros\u2026","rel":"","context":"In &quot;Not\u00edcias de Ribeir\u00e3o Preto-SP e Regi\u00e3o&quot;","block_context":{"text":"Not\u00edcias de Ribeir\u00e3o Preto-SP e Regi\u00e3o","link":"https:\/\/ismaelcolosi.com.br\/index.php\/category\/noticias-de-ribeirao-preto-sp-e-regiao-ismael-colosi\/"},"img":{"alt_text":"","src":"https:\/\/i0.wp.com\/ismaelcolosi.com.br\/wp-content\/uploads\/2024\/08\/parafuso-chato_2024-08-09_20-04-25_jpg_2024-08-09_20-04-25.webp.webp?fit=1200%2C757&ssl=1&resize=350%2C200","width":350,"height":200,"srcset":"https:\/\/i0.wp.com\/ismaelcolosi.com.br\/wp-content\/uploads\/2024\/08\/parafuso-chato_2024-08-09_20-04-25_jpg_2024-08-09_20-04-25.webp.webp?fit=1200%2C757&ssl=1&resize=350%2C200 1x, https:\/\/i0.wp.com\/ismaelcolosi.com.br\/wp-content\/uploads\/2024\/08\/parafuso-chato_2024-08-09_20-04-25_jpg_2024-08-09_20-04-25.webp.webp?fit=1200%2C757&ssl=1&resize=525%2C300 1.5x, https:\/\/i0.wp.com\/ismaelcolosi.com.br\/wp-content\/uploads\/2024\/08\/parafuso-chato_2024-08-09_20-04-25_jpg_2024-08-09_20-04-25.webp.webp?fit=1200%2C757&ssl=1&resize=700%2C400 2x, https:\/\/i0.wp.com\/ismaelcolosi.com.br\/wp-content\/uploads\/2024\/08\/parafuso-chato_2024-08-09_20-04-25_jpg_2024-08-09_20-04-25.webp.webp?fit=1200%2C757&ssl=1&resize=1050%2C600 3x"},"classes":[]},{"id":59609,"url":"https:\/\/ismaelcolosi.com.br\/index.php\/2024\/08\/09\/estava-perfeitamente-navegavel-diz-voepass-sobre-aviao-que-caiu-em-vinhedo\/","url_meta":{"origin":59574,"position":4},"title":"&#8216;Estava perfeitamente naveg\u00e1vel&#8217;, diz Voepass sobre avi\u00e3o que caiu em Vinhedo","author":"ismaelcolosi.com.br","date":"9 de August de 2024","format":false,"excerpt":"A Voespass informou que o avi\u00e3o que caiu em Vinhedo, na tarde desta sexta-feira (9), \u201cestava perfeitamente naveg\u00e1vel\u201d. Contudo, informou que os avi\u00f5es modelo ATR-72, o mesmo que sofreu o acidente, \u00e9 mais sens\u00edvel \u00e0 situa\u00e7\u00e3o de gelo, uma das hip\u00f3teses para causa da queda. \u201cO ATR [modelo do avi\u00e3o]\u2026","rel":"","context":"In &quot;Not\u00edcias de Ribeir\u00e3o Preto-SP e Regi\u00e3o&quot;","block_context":{"text":"Not\u00edcias de Ribeir\u00e3o Preto-SP e Regi\u00e3o","link":"https:\/\/ismaelcolosi.com.br\/index.php\/category\/noticias-de-ribeirao-preto-sp-e-regiao-ismael-colosi\/"},"img":{"alt_text":"","src":"https:\/\/i0.wp.com\/ismaelcolosi.com.br\/wp-content\/uploads\/2024\/08\/voepass_2024-08-09_23-43-39_jpg_2024-08-09_23-43-39.webp.webp?fit=1200%2C503&ssl=1&resize=350%2C200","width":350,"height":200,"srcset":"https:\/\/i0.wp.com\/ismaelcolosi.com.br\/wp-content\/uploads\/2024\/08\/voepass_2024-08-09_23-43-39_jpg_2024-08-09_23-43-39.webp.webp?fit=1200%2C503&ssl=1&resize=350%2C200 1x, https:\/\/i0.wp.com\/ismaelcolosi.com.br\/wp-content\/uploads\/2024\/08\/voepass_2024-08-09_23-43-39_jpg_2024-08-09_23-43-39.webp.webp?fit=1200%2C503&ssl=1&resize=525%2C300 1.5x, https:\/\/i0.wp.com\/ismaelcolosi.com.br\/wp-content\/uploads\/2024\/08\/voepass_2024-08-09_23-43-39_jpg_2024-08-09_23-43-39.webp.webp?fit=1200%2C503&ssl=1&resize=700%2C400 2x, https:\/\/i0.wp.com\/ismaelcolosi.com.br\/wp-content\/uploads\/2024\/08\/voepass_2024-08-09_23-43-39_jpg_2024-08-09_23-43-39.webp.webp?fit=1200%2C503&ssl=1&resize=1050%2C600 3x"},"classes":[]},{"id":72988,"url":"https:\/\/ismaelcolosi.com.br\/index.php\/2024\/10\/24\/cinco-pessoas-morrem-em-queda-de-aviao-no-interior-de-sp\/","url_meta":{"origin":59574,"position":5},"title":"Cinco pessoas morrem em queda de avi\u00e3o no interior de SP","author":"ismaelcolosi.com.br","date":"24 de October de 2024","format":false,"excerpt":"Cinco pessoas morreram na queda de um avi\u00e3o de pequeno porte na noite da \u00faltima quarta-feira (23), em Paraibuna, no interior de S\u00e3o Paulo. Segundo o Corpo de Bombeiros, a aeronave sobrevoava a regi\u00e3o em um per\u00edodo de forte tempestade e teria se chocado contra um morro e pegado fogo\u2026","rel":"","context":"In &quot;Not\u00edcias de Ribeir\u00e3o Preto-SP e Regi\u00e3o&quot;","block_context":{"text":"Not\u00edcias de Ribeir\u00e3o Preto-SP e Regi\u00e3o","link":"https:\/\/ismaelcolosi.com.br\/index.php\/category\/noticias-de-ribeirao-preto-sp-e-regiao-ismael-colosi\/"},"img":{"alt_text":"","src":"https:\/\/i0.wp.com\/ismaelcolosi.com.br\/wp-content\/uploads\/2024\/10\/represa-paraibuna.jpeg?fit=1200%2C539&ssl=1&resize=350%2C200","width":350,"height":200,"srcset":"https:\/\/i0.wp.com\/ismaelcolosi.com.br\/wp-content\/uploads\/2024\/10\/represa-paraibuna.jpeg?fit=1200%2C539&ssl=1&resize=350%2C200 1x, https:\/\/i0.wp.com\/ismaelcolosi.com.br\/wp-content\/uploads\/2024\/10\/represa-paraibuna.jpeg?fit=1200%2C539&ssl=1&resize=525%2C300 1.5x, https:\/\/i0.wp.com\/ismaelcolosi.com.br\/wp-content\/uploads\/2024\/10\/represa-paraibuna.jpeg?fit=1200%2C539&ssl=1&resize=700%2C400 2x, https:\/\/i0.wp.com\/ismaelcolosi.com.br\/wp-content\/uploads\/2024\/10\/represa-paraibuna.jpeg?fit=1200%2C539&ssl=1&resize=1050%2C600 3x"},"classes":[]}],"jetpack_sharing_enabled":true,"jetpack_shortlink":"https:\/\/wp.me\/pfMlyK-fuS","_links":{"self":[{"href":"https:\/\/ismaelcolosi.com.br\/index.php\/wp-json\/wp\/v2\/posts\/59574","targetHints":{"allow":["GET"]}}],"collection":[{"href":"https:\/\/ismaelcolosi.com.br\/index.php\/wp-json\/wp\/v2\/posts"}],"about":[{"href":"https:\/\/ismaelcolosi.com.br\/index.php\/wp-json\/wp\/v2\/types\/post"}],"author":[{"embeddable":true,"href":"https:\/\/ismaelcolosi.com.br\/index.php\/wp-json\/wp\/v2\/users\/1"}],"replies":[{"embeddable":true,"href":"https:\/\/ismaelcolosi.com.br\/index.php\/wp-json\/wp\/v2\/comments?post=59574"}],"version-history":[{"count":0,"href":"https:\/\/ismaelcolosi.com.br\/index.php\/wp-json\/wp\/v2\/posts\/59574\/revisions"}],"wp:featuredmedia":[{"embeddable":true,"href":"https:\/\/ismaelcolosi.com.br\/index.php\/wp-json\/wp\/v2\/media\/59575"}],"wp:attachment":[{"href":"https:\/\/ismaelcolosi.com.br\/index.php\/wp-json\/wp\/v2\/media?parent=59574"}],"wp:term":[{"taxonomy":"category","embeddable":true,"href":"https:\/\/ismaelcolosi.com.br\/index.php\/wp-json\/wp\/v2\/categories?post=59574"},{"taxonomy":"post_tag","embeddable":true,"href":"https:\/\/ismaelcolosi.com.br\/index.php\/wp-json\/wp\/v2\/tags?post=59574"}],"curies":[{"name":"wp","href":"https:\/\/api.w.org\/{rel}","templated":true}]}}