{"id":59570,"date":"2024-08-09T15:03:37","date_gmt":"2024-08-09T18:03:37","guid":{"rendered":"https:\/\/ismaelcolosi.com.br\/index.php\/2024\/08\/09\/aviao-que-caiu-no-interior-de-sp-era-de-empresa-de-ribeirao-preto\/"},"modified":"2024-08-09T15:03:37","modified_gmt":"2024-08-09T18:03:37","slug":"aviao-que-caiu-no-interior-de-sp-era-de-empresa-de-ribeirao-preto","status":"publish","type":"post","link":"https:\/\/ismaelcolosi.com.br\/index.php\/2024\/08\/09\/aviao-que-caiu-no-interior-de-sp-era-de-empresa-de-ribeirao-preto\/","title":{"rendered":"Avi\u00e3o que caiu no interior de SP era de empresa de Ribeir\u00e3o Preto"},"content":{"rendered":"<p> <br \/>\n<\/p>\n<div data-td-block-uid=\"tdi_106\">\n<div class=\"tdb-block-inner td-fix-index\">\n<p>O avi\u00e3o que caiu em <strong>Vinhedo<\/strong>, no<strong> interior de S\u00e3o Paulo<\/strong>, no in\u00edcio da tarde desta sexta-feira (9), era operado pela <strong>Voepass<\/strong>, com sede em <strong>Ribeir\u00e3o Preto<\/strong>. Segundo a companhia, <mark style=\"background-color:#fcb900\" class=\"has-inline-color has-black-color\">58 passageiros estavam a bordo da aeronave, al\u00e9m de quatro tripulantes.<\/mark><\/p>\n<p>O voo 2283 havia decolado de <strong>Cascavel<\/strong>, no Paran\u00e1, com destino ao<strong> aeroporto Internacional de Guarulhos<\/strong>.<\/p>\n<h4 class=\"wp-block-heading\"><strong>Veja a nota publicada pela empresa:<\/strong><\/h4>\n<p>A VOEPASS Linhas A\u00e9reas informa a ocorr\u00eancia de um acidente envolvendo o voo 2283- avi\u00e3o PS \u2013 VPB, nesta ter\u00e7a-feira, dia 09 de agosto, na regi\u00e3o de Vinhedo\/SP. A aeronave decolou de Cascavel\/PR com destino ao Aeroporto de Guarulhos, com 58 passageiros e 4 tripulantes a bordo.<\/p>\n<p>A VOEPASS acionou todos os meios para apoiar os envolvidos. N\u00e3o h\u00e1 ainda confirma\u00e7\u00e3o de como ocorreu o acidente e nem da situa\u00e7\u00e3o atual das pessoas que estavam a bordo.<\/p>\n<p>A Companhia est\u00e1 prestando, pelo telefone 0800 9419712, dispon\u00edvel 24h, informa\u00e7\u00f5es a todos os seus passageiros, familiares e colaboradores.<\/p>\n<blockquote class=\"instagram-media\" data-instgrm-permalink=\"https:\/\/www.instagram.com\/reel\/C-dSYAxue-s\/?utm_source=ig_embed&amp;utm_campaign=loading\" data-instgrm-version=\"14\" style=\" background:#FFF; border:0; border-radius:3px; box-shadow:0 0 1px 0 rgba(0,0,0,0.5),0 1px 10px 0 rgba(0,0,0,0.15); margin: 1px; max-width:540px; min-width:326px; padding:0; width:99.375%; width:-webkit-calc(100% - 2px); width:calc(100% - 2px);\"\/>\n<p>SAIBA MAIS<br \/>USP Ribeir\u00e3o Preto tem concurso p\u00fablico com sal\u00e1rios de R$ 15 mil<\/p>\n<p>FIQUE ON<\/p>\n<p>Fique ligado em tudo que acontece em Ribeir\u00e3o Preto e regi\u00e3o. Siga os perfis do <strong>acidade on<\/strong> no <a href=\"https:\/\/www.instagram.com\/acidadeonribeirao\/\" target=\"_blank\" rel=\"noreferrer noopener nofollow\">Instagram<\/a> e no <a href=\"https:\/\/www.facebook.com\/acidadeonribeirao\/\" target=\"_blank\" rel=\"noreferrer noopener nofollow\">Facebook<\/a>.<\/p>\n<p>Receba not\u00edcias do <strong>acidade on <\/strong>no WhatsApp. <a href=\"https:\/\/chat.whatsapp.com\/Dtv9mxhy6V5BJBotM2OQ5k\" target=\"_blank\" rel=\"noreferrer noopener nofollow\">Para entrar no grupo, basta clicar aqui.<\/a><\/p>\n<p>Fa\u00e7a uma den\u00fancia ou sugira uma reportagem sobre Ribeir\u00e3o Preto e regi\u00e3o pelo WhatsApp: 16 99117 7802.<\/p>\n<p>VEJA TAMB\u00c9M<br \/>Elei\u00e7\u00f5es 2024: como denunciar fake news ao TSE?<\/p>\n<p><!-- CONTENT END 1 -->\n<\/div>\n<\/div>\n<p><script async src=\"\/\/www.instagram.com\/embed.js\"><\/script><br \/>\n<br \/><br \/>\n<br \/><a href=\"https:\/\/www.acidadeon.com\/ribeiraopreto\/cotidiano\/aviao-que-caiu-no-interior-de-sp-era-de-empresa-de-ribeirao-preto\/\">Source link <\/a><\/p>\n","protected":false},"excerpt":{"rendered":"<p>O avi\u00e3o que caiu em Vinhedo, no interior de S\u00e3o Paulo, no in\u00edcio da tarde desta sexta-feira (9), era operado pela Voepass, com sede em&#8230;<\/p>\n","protected":false},"author":1,"featured_media":59571,"comment_status":"open","ping_status":"open","sticky":false,"template":"","format":"standard","meta":{"_uag_custom_page_level_css":"","advanced_seo_description":"","jetpack_seo_html_title":"","jetpack_seo_noindex":false,"jetpack_post_was_ever_published":false,"_jetpack_newsletter_access":"","_jetpack_dont_email_post_to_subs":false,"_jetpack_newsletter_tier_id":0,"_jetpack_memberships_contains_paywalled_content":false,"_jetpack_memberships_contains_paid_content":false,"footnotes":"","jetpack_publicize_message":"","jetpack_publicize_feature_enabled":true,"jetpack_social_post_already_shared":true,"jetpack_social_options":{"image_generator_settings":{"template":"highway","default_image_id":0,"font":"","enabled":false},"version":2}},"categories":[11],"tags":[],"class_list":["post-59570","post","type-post","status-publish","format-standard","has-post-thumbnail","hentry","category-noticias-de-ribeirao-preto-sp-e-regiao-ismael-colosi"],"jetpack_publicize_connections":[],"jetpack_featured_media_url":"https:\/\/i0.wp.com\/ismaelcolosi.com.br\/wp-content\/uploads\/2024\/08\/acidadeon_logos_Prancheta-1-copia-12_edited.jpg?fit=2250%2C2251&ssl=1","uagb_featured_image_src":{"full":["https:\/\/i0.wp.com\/ismaelcolosi.com.br\/wp-content\/uploads\/2024\/08\/acidadeon_logos_Prancheta-1-copia-12_edited.jpg?fit=2250%2C2251&ssl=1",2250,2251,false],"thumbnail":["https:\/\/i0.wp.com\/ismaelcolosi.com.br\/wp-content\/uploads\/2024\/08\/acidadeon_logos_Prancheta-1-copia-12_edited.jpg?resize=150%2C150&ssl=1",150,150,true],"medium":["https:\/\/i0.wp.com\/ismaelcolosi.com.br\/wp-content\/uploads\/2024\/08\/acidadeon_logos_Prancheta-1-copia-12_edited.jpg?fit=300%2C300&ssl=1",300,300,true],"medium_large":["https:\/\/i0.wp.com\/ismaelcolosi.com.br\/wp-content\/uploads\/2024\/08\/acidadeon_logos_Prancheta-1-copia-12_edited.jpg?fit=768%2C768&ssl=1",768,768,true],"large":["https:\/\/i0.wp.com\/ismaelcolosi.com.br\/wp-content\/uploads\/2024\/08\/acidadeon_logos_Prancheta-1-copia-12_edited.jpg?fit=1024%2C1024&ssl=1",1024,1024,true],"1536x1536":["https:\/\/i0.wp.com\/ismaelcolosi.com.br\/wp-content\/uploads\/2024\/08\/acidadeon_logos_Prancheta-1-copia-12_edited.jpg?fit=1536%2C1536&ssl=1",1536,1536,true],"2048x2048":["https:\/\/i0.wp.com\/ismaelcolosi.com.br\/wp-content\/uploads\/2024\/08\/acidadeon_logos_Prancheta-1-copia-12_edited.jpg?fit=2048%2C2048&ssl=1",2048,2048,true],"really-simple-thumb":["https:\/\/i0.wp.com\/ismaelcolosi.com.br\/wp-content\/uploads\/2024\/08\/acidadeon_logos_Prancheta-1-copia-12_edited.jpg?resize=370%2C247&ssl=1",370,247,true]},"uagb_author_info":{"display_name":"ismaelcolosi.com.br","author_link":"https:\/\/ismaelcolosi.com.br\/index.php\/author\/vidareal-online\/"},"uagb_comment_info":0,"uagb_excerpt":"O avi\u00e3o que caiu em Vinhedo, no interior de S\u00e3o Paulo, no in\u00edcio da tarde desta sexta-feira (9), era operado pela Voepass, com sede em...","jetpack-related-posts":[{"id":59574,"url":"https:\/\/ismaelcolosi.com.br\/index.php\/2024\/08\/09\/o-que-se-sabe-sobre-a-queda-de-aviao-no-interior-de-sao-paulo\/","url_meta":{"origin":59570,"position":0},"title":"O que se sabe sobre a queda de avi\u00e3o no interior de S\u00e3o Paulo","author":"ismaelcolosi.com.br","date":"9 de August de 2024","format":false,"excerpt":"O avi\u00e3o que caiu em Vinhedo, no interior de S\u00e3o Paulo, saiu de Cascavel-PR, \u00e0s 11h40, e tinha como destino o aeroporto Internacional de Guarulhos. O avi\u00e3o era da Voepass, empresa que tem sede em Ribeir\u00e3o Preto. Segundo a empresa, estavam no avi\u00e3o 58 passageiros, al\u00e9m de quatro tripulantes. O\u2026","rel":"","context":"In &quot;Not\u00edcias de Ribeir\u00e3o Preto-SP e Regi\u00e3o&quot;","block_context":{"text":"Not\u00edcias de Ribeir\u00e3o Preto-SP e Regi\u00e3o","link":"https:\/\/ismaelcolosi.com.br\/index.php\/category\/noticias-de-ribeirao-preto-sp-e-regiao-ismael-colosi\/"},"img":{"alt_text":"","src":"https:\/\/i0.wp.com\/ismaelcolosi.com.br\/wp-content\/uploads\/2024\/08\/queda-de-aviao_2024-08-09_18-21-00_jpeg_2024-08-09_18-21-00.webp.webp?fit=1200%2C675&ssl=1&resize=350%2C200","width":350,"height":200,"srcset":"https:\/\/i0.wp.com\/ismaelcolosi.com.br\/wp-content\/uploads\/2024\/08\/queda-de-aviao_2024-08-09_18-21-00_jpeg_2024-08-09_18-21-00.webp.webp?fit=1200%2C675&ssl=1&resize=350%2C200 1x, https:\/\/i0.wp.com\/ismaelcolosi.com.br\/wp-content\/uploads\/2024\/08\/queda-de-aviao_2024-08-09_18-21-00_jpeg_2024-08-09_18-21-00.webp.webp?fit=1200%2C675&ssl=1&resize=525%2C300 1.5x, https:\/\/i0.wp.com\/ismaelcolosi.com.br\/wp-content\/uploads\/2024\/08\/queda-de-aviao_2024-08-09_18-21-00_jpeg_2024-08-09_18-21-00.webp.webp?fit=1200%2C675&ssl=1&resize=700%2C400 2x, https:\/\/i0.wp.com\/ismaelcolosi.com.br\/wp-content\/uploads\/2024\/08\/queda-de-aviao_2024-08-09_18-21-00_jpeg_2024-08-09_18-21-00.webp.webp?fit=1200%2C675&ssl=1&resize=1050%2C600 3x"},"classes":[]},{"id":59609,"url":"https:\/\/ismaelcolosi.com.br\/index.php\/2024\/08\/09\/estava-perfeitamente-navegavel-diz-voepass-sobre-aviao-que-caiu-em-vinhedo\/","url_meta":{"origin":59570,"position":1},"title":"&#8216;Estava perfeitamente naveg\u00e1vel&#8217;, diz Voepass sobre avi\u00e3o que caiu em Vinhedo","author":"ismaelcolosi.com.br","date":"9 de August de 2024","format":false,"excerpt":"A Voespass informou que o avi\u00e3o que caiu em Vinhedo, na tarde desta sexta-feira (9), \u201cestava perfeitamente naveg\u00e1vel\u201d. Contudo, informou que os avi\u00f5es modelo ATR-72, o mesmo que sofreu o acidente, \u00e9 mais sens\u00edvel \u00e0 situa\u00e7\u00e3o de gelo, uma das hip\u00f3teses para causa da queda. \u201cO ATR [modelo do avi\u00e3o]\u2026","rel":"","context":"In &quot;Not\u00edcias de Ribeir\u00e3o Preto-SP e Regi\u00e3o&quot;","block_context":{"text":"Not\u00edcias de Ribeir\u00e3o Preto-SP e Regi\u00e3o","link":"https:\/\/ismaelcolosi.com.br\/index.php\/category\/noticias-de-ribeirao-preto-sp-e-regiao-ismael-colosi\/"},"img":{"alt_text":"","src":"https:\/\/i0.wp.com\/ismaelcolosi.com.br\/wp-content\/uploads\/2024\/08\/voepass_2024-08-09_23-43-39_jpg_2024-08-09_23-43-39.webp.webp?fit=1200%2C503&ssl=1&resize=350%2C200","width":350,"height":200,"srcset":"https:\/\/i0.wp.com\/ismaelcolosi.com.br\/wp-content\/uploads\/2024\/08\/voepass_2024-08-09_23-43-39_jpg_2024-08-09_23-43-39.webp.webp?fit=1200%2C503&ssl=1&resize=350%2C200 1x, https:\/\/i0.wp.com\/ismaelcolosi.com.br\/wp-content\/uploads\/2024\/08\/voepass_2024-08-09_23-43-39_jpg_2024-08-09_23-43-39.webp.webp?fit=1200%2C503&ssl=1&resize=525%2C300 1.5x, https:\/\/i0.wp.com\/ismaelcolosi.com.br\/wp-content\/uploads\/2024\/08\/voepass_2024-08-09_23-43-39_jpg_2024-08-09_23-43-39.webp.webp?fit=1200%2C503&ssl=1&resize=700%2C400 2x, https:\/\/i0.wp.com\/ismaelcolosi.com.br\/wp-content\/uploads\/2024\/08\/voepass_2024-08-09_23-43-39_jpg_2024-08-09_23-43-39.webp.webp?fit=1200%2C503&ssl=1&resize=1050%2C600 3x"},"classes":[]},{"id":59594,"url":"https:\/\/ismaelcolosi.com.br\/index.php\/2024\/08\/09\/especialista-diz-que-aviao-da-voepass-entrou-em-parafuso-chato-entenda\/","url_meta":{"origin":59570,"position":2},"title":"Especialista diz que avi\u00e3o da Voepass entrou em \u2018parafuso chato\u2019; Entenda","author":"ismaelcolosi.com.br","date":"9 de August de 2024","format":false,"excerpt":"O youtuber e especialista em avia\u00e7\u00e3o Lito Sousa, do canal Avi\u00f5es e M\u00fasicas, disse que o avi\u00e3o da Voepass que caiu em Vinhedo, no interior de S\u00e3o Paulo, entrou em uma situa\u00e7\u00e3o de voo chamada \u201cflat spin\u201d ou \u201cparafuso chato\u201d. Ao todo, 61 pessoas estavam no avi\u00e3o, sendo 57 passageiros\u2026","rel":"","context":"In &quot;Not\u00edcias de Ribeir\u00e3o Preto-SP e Regi\u00e3o&quot;","block_context":{"text":"Not\u00edcias de Ribeir\u00e3o Preto-SP e Regi\u00e3o","link":"https:\/\/ismaelcolosi.com.br\/index.php\/category\/noticias-de-ribeirao-preto-sp-e-regiao-ismael-colosi\/"},"img":{"alt_text":"","src":"https:\/\/i0.wp.com\/ismaelcolosi.com.br\/wp-content\/uploads\/2024\/08\/parafuso-chato_2024-08-09_20-04-25_jpg_2024-08-09_20-04-25.webp.webp?fit=1200%2C757&ssl=1&resize=350%2C200","width":350,"height":200,"srcset":"https:\/\/i0.wp.com\/ismaelcolosi.com.br\/wp-content\/uploads\/2024\/08\/parafuso-chato_2024-08-09_20-04-25_jpg_2024-08-09_20-04-25.webp.webp?fit=1200%2C757&ssl=1&resize=350%2C200 1x, https:\/\/i0.wp.com\/ismaelcolosi.com.br\/wp-content\/uploads\/2024\/08\/parafuso-chato_2024-08-09_20-04-25_jpg_2024-08-09_20-04-25.webp.webp?fit=1200%2C757&ssl=1&resize=525%2C300 1.5x, https:\/\/i0.wp.com\/ismaelcolosi.com.br\/wp-content\/uploads\/2024\/08\/parafuso-chato_2024-08-09_20-04-25_jpg_2024-08-09_20-04-25.webp.webp?fit=1200%2C757&ssl=1&resize=700%2C400 2x, https:\/\/i0.wp.com\/ismaelcolosi.com.br\/wp-content\/uploads\/2024\/08\/parafuso-chato_2024-08-09_20-04-25_jpg_2024-08-09_20-04-25.webp.webp?fit=1200%2C757&ssl=1&resize=1050%2C600 3x"},"classes":[]},{"id":60017,"url":"https:\/\/ismaelcolosi.com.br\/index.php\/2024\/08\/13\/presidente-da-voepass-se-pronuncia-pela-1a-vez-apos-queda-de-aviao-em-vinhedo\/","url_meta":{"origin":59570,"position":3},"title":"Presidente da Voepass se pronuncia pela 1\u00aa vez ap\u00f3s queda de avi\u00e3o em Vinhedo","author":"ismaelcolosi.com.br","date":"13 de August de 2024","format":false,"excerpt":"O presidente e co-fundador da Voepass, comandante Jos\u00e9 Luiz Fel\u00edcio Filho, se manifestou pela primeira vez na noite desta ter\u00e7a-feira (13), ap\u00f3s a queda de um avi\u00e3o da empresa que deixou 62 mortos em Vinhedo, no interior de SP. No pronunciamento, Jos\u00e9 Luiz lamentou o ocorrido e informou que a\u2026","rel":"","context":"In &quot;Not\u00edcias de Ribeir\u00e3o Preto-SP e Regi\u00e3o&quot;","block_context":{"text":"Not\u00edcias de Ribeir\u00e3o Preto-SP e Regi\u00e3o","link":"https:\/\/ismaelcolosi.com.br\/index.php\/category\/noticias-de-ribeirao-preto-sp-e-regiao-ismael-colosi\/"},"img":{"alt_text":"","src":"https:\/\/i0.wp.com\/ismaelcolosi.com.br\/wp-content\/uploads\/2024\/08\/Copia-de-Copia-de-Copia-de-TAMANHO-EXATO-PARA-FOTOS-NO-SISTEMA-NOVO-1_2024-08-14_00-10-41_png_2024-08-14_00-10-41.webp.webp?fit=1200%2C675&ssl=1&resize=350%2C200","width":350,"height":200,"srcset":"https:\/\/i0.wp.com\/ismaelcolosi.com.br\/wp-content\/uploads\/2024\/08\/Copia-de-Copia-de-Copia-de-TAMANHO-EXATO-PARA-FOTOS-NO-SISTEMA-NOVO-1_2024-08-14_00-10-41_png_2024-08-14_00-10-41.webp.webp?fit=1200%2C675&ssl=1&resize=350%2C200 1x, https:\/\/i0.wp.com\/ismaelcolosi.com.br\/wp-content\/uploads\/2024\/08\/Copia-de-Copia-de-Copia-de-TAMANHO-EXATO-PARA-FOTOS-NO-SISTEMA-NOVO-1_2024-08-14_00-10-41_png_2024-08-14_00-10-41.webp.webp?fit=1200%2C675&ssl=1&resize=525%2C300 1.5x, https:\/\/i0.wp.com\/ismaelcolosi.com.br\/wp-content\/uploads\/2024\/08\/Copia-de-Copia-de-Copia-de-TAMANHO-EXATO-PARA-FOTOS-NO-SISTEMA-NOVO-1_2024-08-14_00-10-41_png_2024-08-14_00-10-41.webp.webp?fit=1200%2C675&ssl=1&resize=700%2C400 2x, https:\/\/i0.wp.com\/ismaelcolosi.com.br\/wp-content\/uploads\/2024\/08\/Copia-de-Copia-de-Copia-de-TAMANHO-EXATO-PARA-FOTOS-NO-SISTEMA-NOVO-1_2024-08-14_00-10-41_png_2024-08-14_00-10-41.webp.webp?fit=1200%2C675&ssl=1&resize=1050%2C600 3x"},"classes":[]},{"id":60176,"url":"https:\/\/ismaelcolosi.com.br\/index.php\/2024\/08\/14\/destrocos-do-aviao-que-caiu-em-vinhedo-serao-encaminhados-para-ribeirao-preto\/","url_meta":{"origin":59570,"position":4},"title":"Destro\u00e7os do avi\u00e3o que caiu em Vinhedo ser\u00e3o encaminhados para Ribeir\u00e3o Preto","author":"ismaelcolosi.com.br","date":"14 de August de 2024","format":false,"excerpt":"Os objetos pessoais das v\u00edtimas e parte dos destro\u00e7os do avi\u00e3o que caiu em Vinhedo, na \u00faltima sexta-feira (9), ser\u00e3o encaminhados para Ribeir\u00e3o Preto, cidade sede da Voepass, companhia a\u00e9rea respons\u00e1vel pela aeronave ATR-72. De acordo com a empresa, ap\u00f3s o processo de limpeza espec\u00edfico, o material ficar\u00e1 armazenado na\u2026","rel":"","context":"In &quot;Not\u00edcias de Ribeir\u00e3o Preto-SP e Regi\u00e3o&quot;","block_context":{"text":"Not\u00edcias de Ribeir\u00e3o Preto-SP e Regi\u00e3o","link":"https:\/\/ismaelcolosi.com.br\/index.php\/category\/noticias-de-ribeirao-preto-sp-e-regiao-ismael-colosi\/"},"img":{"alt_text":"","src":"https:\/\/i0.wp.com\/ismaelcolosi.com.br\/wp-content\/uploads\/2024\/08\/aviaoqueda_2024-08-10_13-32-48_jpeg_2024-08-10_13-32-48-1068x601-1_2024-08-14_19-27-26.webp.webp?fit=1068%2C601&ssl=1&resize=350%2C200","width":350,"height":200,"srcset":"https:\/\/i0.wp.com\/ismaelcolosi.com.br\/wp-content\/uploads\/2024\/08\/aviaoqueda_2024-08-10_13-32-48_jpeg_2024-08-10_13-32-48-1068x601-1_2024-08-14_19-27-26.webp.webp?fit=1068%2C601&ssl=1&resize=350%2C200 1x, https:\/\/i0.wp.com\/ismaelcolosi.com.br\/wp-content\/uploads\/2024\/08\/aviaoqueda_2024-08-10_13-32-48_jpeg_2024-08-10_13-32-48-1068x601-1_2024-08-14_19-27-26.webp.webp?fit=1068%2C601&ssl=1&resize=525%2C300 1.5x, https:\/\/i0.wp.com\/ismaelcolosi.com.br\/wp-content\/uploads\/2024\/08\/aviaoqueda_2024-08-10_13-32-48_jpeg_2024-08-10_13-32-48-1068x601-1_2024-08-14_19-27-26.webp.webp?fit=1068%2C601&ssl=1&resize=700%2C400 2x, https:\/\/i0.wp.com\/ismaelcolosi.com.br\/wp-content\/uploads\/2024\/08\/aviaoqueda_2024-08-10_13-32-48_jpeg_2024-08-10_13-32-48-1068x601-1_2024-08-14_19-27-26.webp.webp?fit=1068%2C601&ssl=1&resize=1050%2C600 3x"},"classes":[]},{"id":59607,"url":"https:\/\/ismaelcolosi.com.br\/index.php\/2024\/08\/09\/quem-era-a-vitima-de-ribeirao-preto-que-morreu-em-acidente-de-aviao-no-interior-de-sp\/","url_meta":{"origin":59570,"position":5},"title":"Quem era a v\u00edtima de Ribeir\u00e3o Preto que morreu em acidente de avi\u00e3o no interior de SP","author":"ismaelcolosi.com.br","date":"9 de August de 2024","format":false,"excerpt":"A comiss\u00e1ria de bordo Rubia Silva de Lima, de Ribeir\u00e3o Preto, \u00e9 uma das v\u00edtimas da queda de um avi\u00e3o da Voepass, antiga Passaredo, que aconteceu em Vinhedo, interior de SP, nesta sexta-feira (9). Nas redes sociais, a mulher de 41 anos publicava diversas fotos de viagens que realizou. Em\u2026","rel":"","context":"In &quot;Not\u00edcias de Ribeir\u00e3o Preto-SP e Regi\u00e3o&quot;","block_context":{"text":"Not\u00edcias de Ribeir\u00e3o Preto-SP e Regi\u00e3o","link":"https:\/\/ismaelcolosi.com.br\/index.php\/category\/noticias-de-ribeirao-preto-sp-e-regiao-ismael-colosi\/"},"img":{"alt_text":"","src":"https:\/\/i0.wp.com\/ismaelcolosi.com.br\/wp-content\/uploads\/2024\/08\/Copia-de-Copia-de-TAMANHO-EXATO-PARA-FOTOS-NO-SISTEMA-NOVO-2024-08-09T195802.137_2024-08-09_23-10-34_png_2024-08-09_23-10-34.webp.webp?fit=1200%2C675&ssl=1&resize=350%2C200","width":350,"height":200,"srcset":"https:\/\/i0.wp.com\/ismaelcolosi.com.br\/wp-content\/uploads\/2024\/08\/Copia-de-Copia-de-TAMANHO-EXATO-PARA-FOTOS-NO-SISTEMA-NOVO-2024-08-09T195802.137_2024-08-09_23-10-34_png_2024-08-09_23-10-34.webp.webp?fit=1200%2C675&ssl=1&resize=350%2C200 1x, https:\/\/i0.wp.com\/ismaelcolosi.com.br\/wp-content\/uploads\/2024\/08\/Copia-de-Copia-de-TAMANHO-EXATO-PARA-FOTOS-NO-SISTEMA-NOVO-2024-08-09T195802.137_2024-08-09_23-10-34_png_2024-08-09_23-10-34.webp.webp?fit=1200%2C675&ssl=1&resize=525%2C300 1.5x, https:\/\/i0.wp.com\/ismaelcolosi.com.br\/wp-content\/uploads\/2024\/08\/Copia-de-Copia-de-TAMANHO-EXATO-PARA-FOTOS-NO-SISTEMA-NOVO-2024-08-09T195802.137_2024-08-09_23-10-34_png_2024-08-09_23-10-34.webp.webp?fit=1200%2C675&ssl=1&resize=700%2C400 2x, https:\/\/i0.wp.com\/ismaelcolosi.com.br\/wp-content\/uploads\/2024\/08\/Copia-de-Copia-de-TAMANHO-EXATO-PARA-FOTOS-NO-SISTEMA-NOVO-2024-08-09T195802.137_2024-08-09_23-10-34_png_2024-08-09_23-10-34.webp.webp?fit=1200%2C675&ssl=1&resize=1050%2C600 3x"},"classes":[]}],"jetpack_sharing_enabled":true,"jetpack_shortlink":"https:\/\/wp.me\/pfMlyK-fuO","_links":{"self":[{"href":"https:\/\/ismaelcolosi.com.br\/index.php\/wp-json\/wp\/v2\/posts\/59570","targetHints":{"allow":["GET"]}}],"collection":[{"href":"https:\/\/ismaelcolosi.com.br\/index.php\/wp-json\/wp\/v2\/posts"}],"about":[{"href":"https:\/\/ismaelcolosi.com.br\/index.php\/wp-json\/wp\/v2\/types\/post"}],"author":[{"embeddable":true,"href":"https:\/\/ismaelcolosi.com.br\/index.php\/wp-json\/wp\/v2\/users\/1"}],"replies":[{"embeddable":true,"href":"https:\/\/ismaelcolosi.com.br\/index.php\/wp-json\/wp\/v2\/comments?post=59570"}],"version-history":[{"count":0,"href":"https:\/\/ismaelcolosi.com.br\/index.php\/wp-json\/wp\/v2\/posts\/59570\/revisions"}],"wp:featuredmedia":[{"embeddable":true,"href":"https:\/\/ismaelcolosi.com.br\/index.php\/wp-json\/wp\/v2\/media\/59571"}],"wp:attachment":[{"href":"https:\/\/ismaelcolosi.com.br\/index.php\/wp-json\/wp\/v2\/media?parent=59570"}],"wp:term":[{"taxonomy":"category","embeddable":true,"href":"https:\/\/ismaelcolosi.com.br\/index.php\/wp-json\/wp\/v2\/categories?post=59570"},{"taxonomy":"post_tag","embeddable":true,"href":"https:\/\/ismaelcolosi.com.br\/index.php\/wp-json\/wp\/v2\/tags?post=59570"}],"curies":[{"name":"wp","href":"https:\/\/api.w.org\/{rel}","templated":true}]}}