{"id":59352,"date":"2024-08-07T22:02:30","date_gmt":"2024-08-08T01:02:30","guid":{"rendered":"https:\/\/ismaelcolosi.com.br\/index.php\/2024\/08\/07\/entenda-por-que-audiencias-em-forum-de-ribeirao-preto-foram-adiadas\/"},"modified":"2024-08-07T22:02:30","modified_gmt":"2024-08-08T01:02:30","slug":"entenda-por-que-audiencias-em-forum-de-ribeirao-preto-foram-adiadas","status":"publish","type":"post","link":"https:\/\/ismaelcolosi.com.br\/index.php\/2024\/08\/07\/entenda-por-que-audiencias-em-forum-de-ribeirao-preto-foram-adiadas\/","title":{"rendered":"Entenda por que audi\u00eancias em F\u00f3rum de Ribeir\u00e3o Preto foram adiadas"},"content":{"rendered":"<p> <br \/>\n<\/p>\n<div>\n<p>Todas as <strong>audi\u00eancias agendadas<\/strong> para a \u00faltima ter\u00e7a-feira (6), na<strong> 3\u00aa Vara do Trabalho de Ribeir\u00e3o Preto<\/strong>, <strong>foram adiadas<\/strong> de acordo com <strong>despacho da ju\u00edza do Trabalho<\/strong> <strong>Roberta Jacopetti Bonemer<\/strong>.<\/p>\n<p>Conforme a magistrada, o adiamento foi necess\u00e1rio <strong>devido \u00e0 falta de servidores, jornadas de trabalho exaustivas e problemas de sa\u00fade.<\/strong><\/p>\n<p>No documento emitido \u00e0 comunidade, especialmente aos que militam na Justi\u00e7a do Trabalho, a ju\u00edza informa que a unifica\u00e7\u00e3o de secretarias do F\u00f3rum Trabalhista <strong>n\u00e3o resolveu o d\u00e9ficit cr\u00f4nico de servidores<\/strong>.<\/p>\n<figure class=\"wp-block-pullquote\">\n<blockquote>\n<p>A unifica\u00e7\u00e3o de secretarias deste F\u00f3rum n\u00e3o resolveu o d\u00e9ficit cr\u00f4nico de servidores que aqui atuam, e ainda n\u00e3o atingiu seu maior objetivo, simplesmente porque o maior de todos os problemas era, ainda \u00e9 e continuar\u00e1 sendo a falta de servidores suficientes e necess\u00e1rios \u00e0 presta\u00e7\u00e3o jurisdicional<\/p>\n<p><cite>diz um trecho do documento<\/cite><\/p><\/blockquote>\n<\/figure>\n<p>Ainda de acordo com <strong>Bonemer<\/strong>, a situa\u00e7\u00e3o se agrava em rela\u00e7\u00e3o aos <strong>secret\u00e1rios de audi\u00eancia<\/strong>, j\u00e1 que para cumprir as metas estipuladas, alguns tenham que cumprir uma <strong>carga hor\u00e1ria exaustiva de 10 ou 12 horas por dia<\/strong> \u2013 sendo que o limite deveria ser de 7 horas.<\/p>\n<p><mark style=\"background-color:#fcb900\" class=\"has-inline-color\">No despacho ela ainda cita um secret\u00e1rio que foi afastado \u201c<strong>por grave problema de sa\u00fade<\/strong>\u201d e outro que se afastou devido a <strong>S\u00edndrome de Burnout<\/strong><\/mark>, um dist\u00farbio emocional com sintomas de exaust\u00e3o extrema, estresse e esgotamento f\u00edsico resultante de situa\u00e7\u00f5es de trabalho desgastante, conforme o Minist\u00e9rio da Sa\u00fade.<\/p>\n<p>\u201cOs demais secret\u00e1rios de audi\u00eancias est\u00e3o \u00e0 beira da exaust\u00e3o, n\u00e3o somente pelas longas jornadas de trabalho, mas tamb\u00e9m pela absurda sobrecarga de tarefas que a unifica\u00e7\u00e3o das secretarias a eles imp\u00f4s\u201d, disse a ju\u00edza.<\/p>\n<p>Vale ressaltar que <strong>a decis\u00e3o teve efeito apenas no F\u00f3rum do Trabalho de Ribeir\u00e3o Preto.<\/strong><\/p>\n<h4 class=\"wp-block-heading\"><strong>Como fica a situa\u00e7\u00e3o?<\/strong><\/h4>\n<p>Diante do exposto, a ju\u00edza informou que se a situa\u00e7\u00e3o n\u00e3o for resolvida de forma imediata, apenas restar\u00e3o duas op\u00e7\u00f5es:<\/p>\n<ul>\n<li><strong>O fim das pautas duplas de audi\u00eancias<\/strong>, \u201co que acarretar\u00e1 distanciamento consider\u00e1vel das datas de audi\u00eancias, que j\u00e1 est\u00e3o em situa\u00e7\u00e3o cr\u00f4nica\u201d;<\/li>\n<\/ul>\n<ul>\n<li>Ou <strong>o adiamento de todas as audi\u00eancias remanescentes de cada dia<\/strong>, \u201cassim que o secret\u00e1rio de audi\u00eancias da Vara cumprir sua jornada de 7 horas, para preservar a sa\u00fade desses servidores, que, antes de tudo, s\u00e3o seres humanos\u201d.<\/li>\n<\/ul>\n<p>No documento, ela ainda faz um apelo a <strong>Administra\u00e7\u00e3o do Tribunal Regional do Trabalho (TRT-15)<\/strong> \u201cpara que esse grave problema, que se arrasta h\u00e1 um ano, possa ser resolvido com a maior urg\u00eancia poss\u00edvel\u201d.<\/p>\n<hr class=\"wp-block-separator has-alpha-channel-opacity\"\/>\n<p>SAIBA MAIS<\/p>\n<p>Professor da USP \u00e9 afastado do HC de Ribeir\u00e3o ap\u00f3s den\u00fancia de transfobia<\/p>\n<h4 class=\"wp-block-heading\"><strong>FIQUE ON<\/strong><\/h4>\n<p>Fique ligado em tudo que acontece em Ribeir\u00e3o Preto e regi\u00e3o. Siga os perfis do<strong>\u00a0acidade on<\/strong>\u00a0no\u00a0<a href=\"https:\/\/www.instagram.com\/acidadeonribeirao\/\" target=\"_blank\" rel=\"noreferrer noopener\">Instagram\u00a0<\/a>e no\u00a0<a href=\"https:\/\/www.facebook.com\/acidadeonribeirao\/\" target=\"_blank\" rel=\"noreferrer noopener\">Facebook<\/a>.<\/p>\n<p>Receba not\u00edcias do\u00a0<strong>acidade on<\/strong>\u00a0no WhatsApp.\u00a0<a href=\"https:\/\/chat.whatsapp.com\/Dtv9mxhy6V5BJBotM2OQ5k\" target=\"_blank\" rel=\"noreferrer noopener\">Para entrar no grupo, basta clicar aqui.<\/a><\/p>\n<p>Fa\u00e7a uma den\u00fancia ou sugira uma reportagem sobre Ribeir\u00e3o Preto e regi\u00e3o pelo WhatsApp: 16 99117 7802.<\/p>\n<p>VEJA TAMB\u00c9M<\/p>\n<p>\u2018Figura\u00e7a\u2019 das Olimp\u00edadas: Quem \u00e9 Snoop Dogg?<\/p>\n<p><!-- CONTENT END 1 -->\n<\/div>\n<p><script async src=\"\/\/www.instagram.com\/embed.js\"><\/script><br \/>\n<br \/><br \/>\n<br \/><a href=\"https:\/\/www.acidadeon.com\/ribeiraopreto\/cotidiano\/entenda-por-que-audiencias-em-forum-de-ribeirao-preto-foram-adiadas\/\">Source link <\/a><\/p>\n","protected":false},"excerpt":{"rendered":"<p>Todas as audi\u00eancias agendadas para a \u00faltima ter\u00e7a-feira (6), na 3\u00aa Vara do Trabalho de Ribeir\u00e3o Preto, foram adiadas de acordo com despacho da ju\u00edza&#8230;<\/p>\n","protected":false},"author":1,"featured_media":59353,"comment_status":"open","ping_status":"open","sticky":false,"template":"","format":"standard","meta":{"_uag_custom_page_level_css":"","advanced_seo_description":"","jetpack_seo_html_title":"","jetpack_seo_noindex":false,"jetpack_post_was_ever_published":false,"_jetpack_newsletter_access":"","_jetpack_dont_email_post_to_subs":false,"_jetpack_newsletter_tier_id":0,"_jetpack_memberships_contains_paywalled_content":false,"_jetpack_memberships_contains_paid_content":false,"footnotes":"","jetpack_publicize_message":"","jetpack_publicize_feature_enabled":true,"jetpack_social_post_already_shared":true,"jetpack_social_options":{"image_generator_settings":{"template":"highway","default_image_id":0,"font":"","enabled":false},"version":2}},"categories":[11],"tags":[],"class_list":["post-59352","post","type-post","status-publish","format-standard","has-post-thumbnail","hentry","category-noticias-de-ribeirao-preto-sp-e-regiao-ismael-colosi"],"jetpack_publicize_connections":[],"jetpack_featured_media_url":"https:\/\/i0.wp.com\/ismaelcolosi.com.br\/wp-content\/uploads\/2024\/08\/20220618_110343163_justica_martelo_1200x675_10052022152843.jpg?fit=1200%2C675&ssl=1","uagb_featured_image_src":{"full":["https:\/\/i0.wp.com\/ismaelcolosi.com.br\/wp-content\/uploads\/2024\/08\/20220618_110343163_justica_martelo_1200x675_10052022152843.jpg?fit=1200%2C675&ssl=1",1200,675,false],"thumbnail":["https:\/\/i0.wp.com\/ismaelcolosi.com.br\/wp-content\/uploads\/2024\/08\/20220618_110343163_justica_martelo_1200x675_10052022152843.jpg?resize=150%2C150&ssl=1",150,150,true],"medium":["https:\/\/i0.wp.com\/ismaelcolosi.com.br\/wp-content\/uploads\/2024\/08\/20220618_110343163_justica_martelo_1200x675_10052022152843.jpg?fit=300%2C169&ssl=1",300,169,true],"medium_large":["https:\/\/i0.wp.com\/ismaelcolosi.com.br\/wp-content\/uploads\/2024\/08\/20220618_110343163_justica_martelo_1200x675_10052022152843.jpg?fit=768%2C432&ssl=1",768,432,true],"large":["https:\/\/i0.wp.com\/ismaelcolosi.com.br\/wp-content\/uploads\/2024\/08\/20220618_110343163_justica_martelo_1200x675_10052022152843.jpg?fit=1024%2C576&ssl=1",1024,576,true],"1536x1536":["https:\/\/i0.wp.com\/ismaelcolosi.com.br\/wp-content\/uploads\/2024\/08\/20220618_110343163_justica_martelo_1200x675_10052022152843.jpg?fit=1200%2C675&ssl=1",1200,675,true],"2048x2048":["https:\/\/i0.wp.com\/ismaelcolosi.com.br\/wp-content\/uploads\/2024\/08\/20220618_110343163_justica_martelo_1200x675_10052022152843.jpg?fit=1200%2C675&ssl=1",1200,675,true],"really-simple-thumb":["https:\/\/i0.wp.com\/ismaelcolosi.com.br\/wp-content\/uploads\/2024\/08\/20220618_110343163_justica_martelo_1200x675_10052022152843.jpg?resize=370%2C247&ssl=1",370,247,true]},"uagb_author_info":{"display_name":"ismaelcolosi.com.br","author_link":"https:\/\/ismaelcolosi.com.br\/index.php\/author\/vidareal-online\/"},"uagb_comment_info":0,"uagb_excerpt":"Todas as audi\u00eancias agendadas para a \u00faltima ter\u00e7a-feira (6), na 3\u00aa Vara do Trabalho de Ribeir\u00e3o Preto, foram adiadas de acordo com despacho da ju\u00edza...","jetpack-related-posts":[{"id":59372,"url":"https:\/\/ismaelcolosi.com.br\/index.php\/2024\/08\/08\/entenda-por-que-audiencias-em-forum-de-ribeirao-preto-foram-adiadas-2\/","url_meta":{"origin":59352,"position":0},"title":"Entenda por que audi\u00eancias em F\u00f3rum de Ribeir\u00e3o Preto foram adiadas","author":"ismaelcolosi.com.br","date":"8 de August de 2024","format":false,"excerpt":"Todas as audi\u00eancias agendadas para a \u00faltima ter\u00e7a-feira (6), na 3\u00aa Vara do Trabalho de Ribeir\u00e3o Preto, foram adiadas de acordo com despacho da ju\u00edza do Trabalho Roberta Jacopetti Bonemer. Conforme a magistrada, o adiamento foi necess\u00e1rio devido \u00e0 falta de servidores, jornadas de trabalho exaustivas e problemas de sa\u00fade.\u2026","rel":"","context":"In &quot;Not\u00edcias de Ribeir\u00e3o Preto-SP e Regi\u00e3o&quot;","block_context":{"text":"Not\u00edcias de Ribeir\u00e3o Preto-SP e Regi\u00e3o","link":"https:\/\/ismaelcolosi.com.br\/index.php\/category\/noticias-de-ribeirao-preto-sp-e-regiao-ismael-colosi\/"},"img":{"alt_text":"","src":"https:\/\/i0.wp.com\/ismaelcolosi.com.br\/wp-content\/uploads\/2024\/08\/1723120334_20220618_110343163_justica_martelo_1200x675_10052022152843.jpg?fit=1200%2C675&ssl=1&resize=350%2C200","width":350,"height":200,"srcset":"https:\/\/i0.wp.com\/ismaelcolosi.com.br\/wp-content\/uploads\/2024\/08\/1723120334_20220618_110343163_justica_martelo_1200x675_10052022152843.jpg?fit=1200%2C675&ssl=1&resize=350%2C200 1x, https:\/\/i0.wp.com\/ismaelcolosi.com.br\/wp-content\/uploads\/2024\/08\/1723120334_20220618_110343163_justica_martelo_1200x675_10052022152843.jpg?fit=1200%2C675&ssl=1&resize=525%2C300 1.5x, https:\/\/i0.wp.com\/ismaelcolosi.com.br\/wp-content\/uploads\/2024\/08\/1723120334_20220618_110343163_justica_martelo_1200x675_10052022152843.jpg?fit=1200%2C675&ssl=1&resize=700%2C400 2x, https:\/\/i0.wp.com\/ismaelcolosi.com.br\/wp-content\/uploads\/2024\/08\/1723120334_20220618_110343163_justica_martelo_1200x675_10052022152843.jpg?fit=1200%2C675&ssl=1&resize=1050%2C600 3x"},"classes":[]},{"id":42703,"url":"https:\/\/ismaelcolosi.com.br\/index.php\/2024\/03\/16\/educacao-supera-10-de-absenteismo\/","url_meta":{"origin":59352,"position":1},"title":"Educa\u00e7\u00e3o supera 10% de absente\u00edsmo \u00a0","author":"ismaelcolosi.com.br","date":"16 de March de 2024","format":false,"excerpt":"16 de mar\u00e7o de 2024 | 10:0015 de mar\u00e7o de 2024 | 22:13 0Dados da Divis\u00e3o de Medicina e Seguran\u00e7a do Trabalho da prefeitura de Ribeir\u00e3o Preto revelam que, no ano passado, a Secretaria Municipal da Educa\u00e7\u00e3o registrou m\u00e9dia de 10,26% de absente\u00edsmo \u2013 aus\u00eancia de servidores ao trabalho. O\u2026","rel":"","context":"In &quot;Not\u00edcias de Ribeir\u00e3o Preto-SP e Regi\u00e3o&quot;","block_context":{"text":"Not\u00edcias de Ribeir\u00e3o Preto-SP e Regi\u00e3o","link":"https:\/\/ismaelcolosi.com.br\/index.php\/category\/noticias-de-ribeirao-preto-sp-e-regiao-ismael-colosi\/"},"img":{"alt_text":"","src":"https:\/\/i0.wp.com\/ismaelcolosi.com.br\/wp-content\/uploads\/2024\/03\/Servidor-Alexandre-de-Azevedo-Arquivo-foto-ilustrativa-scaled.jpg?fit=967%2C645&ssl=1&resize=350%2C200","width":350,"height":200,"srcset":"https:\/\/i0.wp.com\/ismaelcolosi.com.br\/wp-content\/uploads\/2024\/03\/Servidor-Alexandre-de-Azevedo-Arquivo-foto-ilustrativa-scaled.jpg?fit=967%2C645&ssl=1&resize=350%2C200 1x, https:\/\/i0.wp.com\/ismaelcolosi.com.br\/wp-content\/uploads\/2024\/03\/Servidor-Alexandre-de-Azevedo-Arquivo-foto-ilustrativa-scaled.jpg?fit=967%2C645&ssl=1&resize=525%2C300 1.5x, https:\/\/i0.wp.com\/ismaelcolosi.com.br\/wp-content\/uploads\/2024\/03\/Servidor-Alexandre-de-Azevedo-Arquivo-foto-ilustrativa-scaled.jpg?fit=967%2C645&ssl=1&resize=700%2C400 2x"},"classes":[]},{"id":54564,"url":"https:\/\/ismaelcolosi.com.br\/index.php\/2024\/06\/26\/entenda-a-situacao-do-projeto-do-centro-administrativo-de-ribeirao-preto\/","url_meta":{"origin":59352,"position":2},"title":"Entenda a situa\u00e7\u00e3o do projeto do Centro Administrativo de Ribeir\u00e3o Preto","author":"ismaelcolosi.com.br","date":"26 de June de 2024","format":false,"excerpt":"Foi publicado no Di\u00e1rio Oficial do Munic\u00edpio da \u00faltima ter\u00e7a-feira (25) o aviso de julgamento de proposta da licita\u00e7\u00e3o para constru\u00e7\u00e3o do Centro Administrativo de Ribeir\u00e3o Preto na zona Norte da cidade. A empresa vencedora da licita\u00e7\u00e3o, que ainda n\u00e3o est\u00e1 homologada, \u00e9 a H2Obras Constru\u00e7\u00f5es Ltda., com sede em\u2026","rel":"","context":"In &quot;Not\u00edcias de Ribeir\u00e3o Preto-SP e Regi\u00e3o&quot;","block_context":{"text":"Not\u00edcias de Ribeir\u00e3o Preto-SP e Regi\u00e3o","link":"https:\/\/ismaelcolosi.com.br\/index.php\/category\/noticias-de-ribeirao-preto-sp-e-regiao-ismael-colosi\/"},"img":{"alt_text":"","src":"https:\/\/i0.wp.com\/ismaelcolosi.com.br\/wp-content\/uploads\/2024\/06\/AnyConv.com__centro-administrativo-projeto_2024-06-26_13-44-03.webp.webp?fit=753%2C378&ssl=1&resize=350%2C200","width":350,"height":200,"srcset":"https:\/\/i0.wp.com\/ismaelcolosi.com.br\/wp-content\/uploads\/2024\/06\/AnyConv.com__centro-administrativo-projeto_2024-06-26_13-44-03.webp.webp?fit=753%2C378&ssl=1&resize=350%2C200 1x, https:\/\/i0.wp.com\/ismaelcolosi.com.br\/wp-content\/uploads\/2024\/06\/AnyConv.com__centro-administrativo-projeto_2024-06-26_13-44-03.webp.webp?fit=753%2C378&ssl=1&resize=525%2C300 1.5x, https:\/\/i0.wp.com\/ismaelcolosi.com.br\/wp-content\/uploads\/2024\/06\/AnyConv.com__centro-administrativo-projeto_2024-06-26_13-44-03.webp.webp?fit=753%2C378&ssl=1&resize=700%2C400 2x"},"classes":[]},{"id":18317,"url":"https:\/\/ismaelcolosi.com.br\/index.php\/2023\/12\/20\/a-inadiavel-necessidade-de-valorizacao-efetiva-dos-servidores-municipais\/","url_meta":{"origin":59352,"position":3},"title":"A inadi\u00e1vel necessidade de valoriza\u00e7\u00e3o efetiva dos servidores municipais\u00a0","author":"ismaelcolosi.com.br","date":"20 de December de 2023","format":false,"excerpt":"20 de dezembro de 2023 | 8:1019 de dezembro de 2023 | 16:50 0Valdir Avelino \u2013 presidente do Sindicato dos Servidores Municipais de Ribeir\u00e3o Preto, Guatapar\u00e1 e Prad\u00f3polis\u00a0[email\u00a0protected]\u00a0De forma bastante objetiva, espero que o pr\u00f3ximo ano inaugure a chegada de um tempo diretamente associado ao reconhecimento, por parte dos administradores,\u2026","rel":"","context":"In &quot;Not\u00edcias de Ribeir\u00e3o Preto-SP e Regi\u00e3o&quot;","block_context":{"text":"Not\u00edcias de Ribeir\u00e3o Preto-SP e Regi\u00e3o","link":"https:\/\/ismaelcolosi.com.br\/index.php\/category\/noticias-de-ribeirao-preto-sp-e-regiao-ismael-colosi\/"},"img":{"alt_text":"","src":"https:\/\/i0.wp.com\/ismaelcolosi.com.br\/wp-content\/uploads\/2023\/12\/valdiravelino.jpg?fit=700%2C450&ssl=1&resize=350%2C200","width":350,"height":200,"srcset":"https:\/\/i0.wp.com\/ismaelcolosi.com.br\/wp-content\/uploads\/2023\/12\/valdiravelino.jpg?fit=700%2C450&ssl=1&resize=350%2C200 1x, https:\/\/i0.wp.com\/ismaelcolosi.com.br\/wp-content\/uploads\/2023\/12\/valdiravelino.jpg?fit=700%2C450&ssl=1&resize=525%2C300 1.5x, https:\/\/i0.wp.com\/ismaelcolosi.com.br\/wp-content\/uploads\/2023\/12\/valdiravelino.jpg?fit=700%2C450&ssl=1&resize=700%2C400 2x"},"classes":[]},{"id":73883,"url":"https:\/\/ismaelcolosi.com.br\/index.php\/2024\/10\/29\/servidores-publicos\/","url_meta":{"origin":59352,"position":4},"title":"Servidores P\u00fablicos Intensificam Mobiliza\u00e7\u00e3o por Melhores Sal\u00e1rios e Condi\u00e7\u00f5es de Trabalho","author":"ismaelcolosi.com.br","date":"29 de October de 2024","format":false,"excerpt":"Os servidores p\u00fablicos em v\u00e1rias regi\u00f5es do pa\u00eds est\u00e3o intensificando suas mobiliza\u00e7\u00f5es em busca de reajustes salariais e melhores condi\u00e7\u00f5es de trabalho. Desde outubro, paralisa\u00e7\u00f5es e protestos t\u00eam ocorrido, revelando o descontentamento de diversas categorias frente ao congelamento salarial e \u00e0 falta de investimento nas condi\u00e7\u00f5es de trabalho. Para esses\u2026","rel":"","context":"In &quot;Not\u00edcias de Ribeir\u00e3o Preto-SP e Regi\u00e3o&quot;","block_context":{"text":"Not\u00edcias de Ribeir\u00e3o Preto-SP e Regi\u00e3o","link":"https:\/\/ismaelcolosi.com.br\/index.php\/category\/noticias-de-ribeirao-preto-sp-e-regiao-ismael-colosi\/"},"img":{"alt_text":"","src":"https:\/\/i0.wp.com\/ismaelcolosi.com.br\/wp-content\/uploads\/2024\/10\/0d9a2529.webp.webp?fit=1170%2C700&ssl=1&resize=350%2C200","width":350,"height":200,"srcset":"https:\/\/i0.wp.com\/ismaelcolosi.com.br\/wp-content\/uploads\/2024\/10\/0d9a2529.webp.webp?fit=1170%2C700&ssl=1&resize=350%2C200 1x, https:\/\/i0.wp.com\/ismaelcolosi.com.br\/wp-content\/uploads\/2024\/10\/0d9a2529.webp.webp?fit=1170%2C700&ssl=1&resize=525%2C300 1.5x, https:\/\/i0.wp.com\/ismaelcolosi.com.br\/wp-content\/uploads\/2024\/10\/0d9a2529.webp.webp?fit=1170%2C700&ssl=1&resize=700%2C400 2x, https:\/\/i0.wp.com\/ismaelcolosi.com.br\/wp-content\/uploads\/2024\/10\/0d9a2529.webp.webp?fit=1170%2C700&ssl=1&resize=1050%2C600 3x"},"classes":[]},{"id":74132,"url":"https:\/\/ismaelcolosi.com.br\/index.php\/2024\/10\/30\/utm_sourcerssutm_mediumrssutm_campaigncamara-de-ribeirao-preto-aprova-programa-para-prevencao-e-seguranca-na-saude-dos-servidores-municipais\/","url_meta":{"origin":59352,"position":5},"title":"C\u00e2mara de Ribeir\u00e3o Preto Aprova Programa para Preven\u00e7\u00e3o e Seguran\u00e7a na Sa\u00fade dos Servidores Municipais","author":"ismaelcolosi.com.br","date":"30 de October de 2024","format":false,"excerpt":"A C\u00e2mara Municipal de Ribeir\u00e3o Preto aprovou, em sess\u00e3o recente, um projeto de lei que institui o Programa de Preven\u00e7\u00e3o e Seguran\u00e7a da Sa\u00fade do Servidor. Esse programa visa promover a sa\u00fade e o bem-estar dos servidores municipais, al\u00e9m de garantir melhores condi\u00e7\u00f5es de trabalho e prote\u00e7\u00e3o contra riscos ocupacionais.\u2026","rel":"","context":"In &quot;Not\u00edcias de Ribeir\u00e3o Preto-SP e Regi\u00e3o&quot;","block_context":{"text":"Not\u00edcias de Ribeir\u00e3o Preto-SP e Regi\u00e3o","link":"https:\/\/ismaelcolosi.com.br\/index.php\/category\/noticias-de-ribeirao-preto-sp-e-regiao-ismael-colosi\/"},"img":{"alt_text":"","src":"https:\/\/i0.wp.com\/ismaelcolosi.com.br\/wp-content\/uploads\/2024\/10\/DSC7400-scaled.jpg?fit=1200%2C800&ssl=1&resize=350%2C200","width":350,"height":200,"srcset":"https:\/\/i0.wp.com\/ismaelcolosi.com.br\/wp-content\/uploads\/2024\/10\/DSC7400-scaled.jpg?fit=1200%2C800&ssl=1&resize=350%2C200 1x, https:\/\/i0.wp.com\/ismaelcolosi.com.br\/wp-content\/uploads\/2024\/10\/DSC7400-scaled.jpg?fit=1200%2C800&ssl=1&resize=525%2C300 1.5x, https:\/\/i0.wp.com\/ismaelcolosi.com.br\/wp-content\/uploads\/2024\/10\/DSC7400-scaled.jpg?fit=1200%2C800&ssl=1&resize=700%2C400 2x, https:\/\/i0.wp.com\/ismaelcolosi.com.br\/wp-content\/uploads\/2024\/10\/DSC7400-scaled.jpg?fit=1200%2C800&ssl=1&resize=1050%2C600 3x"},"classes":[]}],"jetpack_sharing_enabled":true,"jetpack_shortlink":"https:\/\/wp.me\/pfMlyK-fri","_links":{"self":[{"href":"https:\/\/ismaelcolosi.com.br\/index.php\/wp-json\/wp\/v2\/posts\/59352","targetHints":{"allow":["GET"]}}],"collection":[{"href":"https:\/\/ismaelcolosi.com.br\/index.php\/wp-json\/wp\/v2\/posts"}],"about":[{"href":"https:\/\/ismaelcolosi.com.br\/index.php\/wp-json\/wp\/v2\/types\/post"}],"author":[{"embeddable":true,"href":"https:\/\/ismaelcolosi.com.br\/index.php\/wp-json\/wp\/v2\/users\/1"}],"replies":[{"embeddable":true,"href":"https:\/\/ismaelcolosi.com.br\/index.php\/wp-json\/wp\/v2\/comments?post=59352"}],"version-history":[{"count":0,"href":"https:\/\/ismaelcolosi.com.br\/index.php\/wp-json\/wp\/v2\/posts\/59352\/revisions"}],"wp:featuredmedia":[{"embeddable":true,"href":"https:\/\/ismaelcolosi.com.br\/index.php\/wp-json\/wp\/v2\/media\/59353"}],"wp:attachment":[{"href":"https:\/\/ismaelcolosi.com.br\/index.php\/wp-json\/wp\/v2\/media?parent=59352"}],"wp:term":[{"taxonomy":"category","embeddable":true,"href":"https:\/\/ismaelcolosi.com.br\/index.php\/wp-json\/wp\/v2\/categories?post=59352"},{"taxonomy":"post_tag","embeddable":true,"href":"https:\/\/ismaelcolosi.com.br\/index.php\/wp-json\/wp\/v2\/tags?post=59352"}],"curies":[{"name":"wp","href":"https:\/\/api.w.org\/{rel}","templated":true}]}}